{"id":172232,"date":"2012-02-07T11:30:00","date_gmt":"2012-02-07T11:30:00","guid":{"rendered":"https:\/\/www.webdo.tn\/fr\/blog\/expulsion-de-lambassadeur-syrien-une-diversion-qui-nous-eloigne-de-nos-preoccupations\/172232\/"},"modified":"2025-06-04T19:00:56","modified_gmt":"2025-06-04T19:00:56","slug":"expulsion-de-lambassadeur-syrien-une-diversion-qui-nous-eloigne-de-nos-preoccupations","status":"publish","type":"post","link":"https:\/\/www.webdo.tn\/fr\/actualite\/national\/expulsion-de-lambassadeur-syrien-une-diversion-qui-nous-eloigne-de-nos-preoccupations\/172232\/","title":{"rendered":"Expulsion de l\u2019ambassadeur syrien : une diversion qui nous \u00e9loigne de nos pr\u00e9occupations !"},"content":{"rendered":"<p>L\u2019actualit\u00e9 nationale est actuellement \u00ab pr\u00e9occup\u00e9e \u00bb par deux questions : le froid quasi polaire qui s\u2019est abattu sur notre pays et qui a accentu\u00e9 les souffrances de nos populations un peu partout dans les pays, et notamment dans les r\u00e9gions au climat traditionnellement glacial en cette p\u00e9riode de l\u2019ann\u00e9e \u00e0 l\u2019instar du nord ouest ou du centre, et puis cette \u00ab fameuse \u00bb trouvaille de notre diplomatie qui a consist\u00e9 en cette d\u00e9cision d\u2019expulser l\u2019ambassadeur syrien du pays, sans avoir consult\u00e9 auparavant ni l\u2019institution supr\u00eame du pays en l\u2019occurrence l\u2019Assembl\u00e9e Constituante, ni encore nos voisins les plus proches dont nous devons, par correction et dans un esprit de concertation et d\u2019int\u00e9r\u00eats mutuels, consulter pour adopter, si possible, une position commune.<\/p>\n<p>Certes, l\u2019organisation provisoire des pouvoirs publics n\u2019instaure pas une proc\u00e9dure de concertation avec l\u2019Assembl\u00e9e Constituante et place la d\u00e9termination de la politique \u00e9trang\u00e8re du pays entre les mains du pr\u00e9sident de la R\u00e9publique et du Premier ministre, mais un consensus national sur la question n\u2019aurait fait de mal \u00e0 personne. Au contraire, cette consultation, si elle avait eu lieu, aurait certainement permis d\u2019\u00e9clairer le gouvernement pour qu\u2019il prenne la d\u00e9cision la plus adapt\u00e9e.<\/p>\n<p>Ind\u00e9pendamment des \u00e9v\u00e9nements en Syrie, et de tout ce qui peut s\u2019y passer, la priorit\u00e9 pour nous autres tunisiens, \u00e0 l\u2019heure actuelle, nous semble de se mettre au travail, sans plus tarder \u00e0 la r\u00e9daction du texte de la Constitution, \u00e0 la r\u00e9solution de quelques probl\u00e8mes sociaux urgents et de combattre toute esp\u00e8ce d\u2019extr\u00e9misme qui semble menacer s\u00e9rieusement la soci\u00e9t\u00e9 avec tout ce qu\u2019elle comporte d\u2019intelligence contemporaine.<\/p>\n<p>L\u2019affaire \u00ab syrienne \u00bb ne doit pas constituer une diversion susceptible de nous \u00e9loigner de nos principaux soucis qui sont tout aussi importants, sinon davantage\u2026<\/p>\n","protected":false},"excerpt":{"rendered":"<p>Expulsion de l\u2019ambassadeur syrien : une diversion qui nous \u00e9loigne de nos pr\u00e9occupations ! <\/p>\n","protected":false},"author":3222,"featured_media":333781,"comment_status":"open","ping_status":"closed","sticky":false,"template":"","format":"standard","meta":{"footnotes":""},"categories":[44],"tags":[],"class_list":["post-172232","post","type-post","status-publish","format-standard","has-post-thumbnail","hentry","category-national"],"yoast_head":"<!-- This site is optimized with the Yoast SEO Premium plugin v27.5 (Yoast SEO v27.5) - https:\/\/yoast.com\/product\/yoast-seo-premium-wordpress\/ -->\n<title>Expulsion de l\u2019ambassadeur syrien : une diversion qui nous \u00e9loigne de nos pr\u00e9occupations !<\/title>\n<meta name=\"description\" content=\"Expulsion de l\u2019ambassadeur syrien : une diversion qui nous \u00e9loigne de nos pr\u00e9occupations !\" \/>\n<link rel=\"canonical\" href=\"https:\/\/www.webdo.tn\/fr\/actualite\/national\/expulsion-de-lambassadeur-syrien-une-diversion-qui-nous-eloigne-de-nos-preoccupations\/172232\/\" \/>\n<meta property=\"og:locale\" content=\"fr_FR\" \/>\n<meta property=\"og:type\" content=\"article\" \/>\n<meta property=\"og:title\" content=\"Expulsion de l\u2019ambassadeur syrien : une diversion qui nous \u00e9loigne de nos pr\u00e9occupations !\" \/>\n<meta property=\"og:description\" content=\"Expulsion de l\u2019ambassadeur syrien : une diversion qui nous \u00e9loigne de nos pr\u00e9occupations !\" \/>\n<meta property=\"og:url\" content=\"https:\/\/www.webdo.tn\/fr\/actualite\/national\/expulsion-de-lambassadeur-syrien-une-diversion-qui-nous-eloigne-de-nos-preoccupations\/172232\/\" \/>\n<meta property=\"og:site_name\" content=\"webdo\" \/>\n<meta property=\"article:publisher\" content=\"https:\/\/www.facebook.com\/webdotn\" \/>\n<meta property=\"article:published_time\" content=\"2012-02-07T11:30:00+00:00\" \/>\n<meta property=\"article:modified_time\" content=\"2025-06-04T19:00:56+00:00\" \/>\n<meta property=\"og:image\" content=\"https:\/\/www.webdo.tn\/fr\/wp-content\/uploads\/2012\/02\/Drapeau-Tunisie.jpg\" \/>\n\t<meta property=\"og:image:width\" content=\"262\" \/>\n\t<meta property=\"og:image:height\" content=\"182\" \/>\n\t<meta property=\"og:image:type\" content=\"image\/jpeg\" \/>\n<meta name=\"author\" content=\"webdo.tn\" \/>\n<meta name=\"twitter:card\" content=\"summary_large_image\" \/>\n<meta name=\"twitter:creator\" content=\"@webdo_tn\" \/>\n<meta name=\"twitter:site\" content=\"@webdo_tn\" \/>\n<meta name=\"twitter:label1\" content=\"\u00c9crit par\" \/>\n\t<meta name=\"twitter:data1\" content=\"webdo.tn\" \/>\n\t<meta name=\"twitter:label2\" content=\"Dur\u00e9e de lecture estim\u00e9e\" \/>\n\t<meta name=\"twitter:data2\" content=\"2 minutes\" \/>\n<script type=\"application\/ld+json\" class=\"yoast-schema-graph\">{\"@context\":\"https:\\\/\\\/schema.org\",\"@graph\":[{\"@type\":\"NewsArticle\",\"@id\":\"https:\\\/\\\/www.webdo.tn\\\/fr\\\/actualite\\\/national\\\/expulsion-de-lambassadeur-syrien-une-diversion-qui-nous-eloigne-de-nos-preoccupations\\\/172232\\\/#article\",\"isPartOf\":{\"@id\":\"https:\\\/\\\/www.webdo.tn\\\/fr\\\/actualite\\\/national\\\/expulsion-de-lambassadeur-syrien-une-diversion-qui-nous-eloigne-de-nos-preoccupations\\\/172232\\\/\"},\"author\":{\"name\":\"webdo.tn\",\"@id\":\"https:\\\/\\\/www.webdo.tn\\\/fr\\\/#\\\/schema\\\/person\\\/9a9c6118d687c117df8ef3cc36a4d175\"},\"headline\":\"Expulsion de l\u2019ambassadeur syrien : une diversion qui nous \u00e9loigne de nos pr\u00e9occupations !\",\"datePublished\":\"2012-02-07T11:30:00+00:00\",\"dateModified\":\"2025-06-04T19:00:56+00:00\",\"mainEntityOfPage\":{\"@id\":\"https:\\\/\\\/www.webdo.tn\\\/fr\\\/actualite\\\/national\\\/expulsion-de-lambassadeur-syrien-une-diversion-qui-nous-eloigne-de-nos-preoccupations\\\/172232\\\/\"},\"wordCount\":337,\"commentCount\":0,\"publisher\":{\"@id\":\"https:\\\/\\\/www.webdo.tn\\\/fr\\\/#organization\"},\"image\":{\"@id\":\"https:\\\/\\\/www.webdo.tn\\\/fr\\\/actualite\\\/national\\\/expulsion-de-lambassadeur-syrien-une-diversion-qui-nous-eloigne-de-nos-preoccupations\\\/172232\\\/#primaryimage\"},\"thumbnailUrl\":\"https:\\\/\\\/www.webdo.tn\\\/fr\\\/wp-content\\\/uploads\\\/2012\\\/02\\\/Drapeau-Tunisie.jpg\",\"articleSection\":[\"National\"],\"inLanguage\":\"fr-FR\"},{\"@type\":\"WebPage\",\"@id\":\"https:\\\/\\\/www.webdo.tn\\\/fr\\\/actualite\\\/national\\\/expulsion-de-lambassadeur-syrien-une-diversion-qui-nous-eloigne-de-nos-preoccupations\\\/172232\\\/\",\"url\":\"https:\\\/\\\/www.webdo.tn\\\/fr\\\/actualite\\\/national\\\/expulsion-de-lambassadeur-syrien-une-diversion-qui-nous-eloigne-de-nos-preoccupations\\\/172232\\\/\",\"name\":\"Expulsion de l\u2019ambassadeur syrien : une diversion qui nous \u00e9loigne de nos pr\u00e9occupations !\",\"isPartOf\":{\"@id\":\"https:\\\/\\\/www.webdo.tn\\\/fr\\\/#website\"},\"primaryImageOfPage\":{\"@id\":\"https:\\\/\\\/www.webdo.tn\\\/fr\\\/actualite\\\/national\\\/expulsion-de-lambassadeur-syrien-une-diversion-qui-nous-eloigne-de-nos-preoccupations\\\/172232\\\/#primaryimage\"},\"image\":{\"@id\":\"https:\\\/\\\/www.webdo.tn\\\/fr\\\/actualite\\\/national\\\/expulsion-de-lambassadeur-syrien-une-diversion-qui-nous-eloigne-de-nos-preoccupations\\\/172232\\\/#primaryimage\"},\"thumbnailUrl\":\"https:\\\/\\\/www.webdo.tn\\\/fr\\\/wp-content\\\/uploads\\\/2012\\\/02\\\/Drapeau-Tunisie.jpg\",\"datePublished\":\"2012-02-07T11:30:00+00:00\",\"dateModified\":\"2025-06-04T19:00:56+00:00\",\"description\":\"Expulsion de l\u2019ambassadeur syrien : une diversion qui nous \u00e9loigne de nos pr\u00e9occupations !\",\"breadcrumb\":{\"@id\":\"https:\\\/\\\/www.webdo.tn\\\/fr\\\/actualite\\\/national\\\/expulsion-de-lambassadeur-syrien-une-diversion-qui-nous-eloigne-de-nos-preoccupations\\\/172232\\\/#breadcrumb\"},\"inLanguage\":\"fr-FR\",\"potentialAction\":[{\"@type\":\"ReadAction\",\"target\":[\"https:\\\/\\\/www.webdo.tn\\\/fr\\\/actualite\\\/national\\\/expulsion-de-lambassadeur-syrien-une-diversion-qui-nous-eloigne-de-nos-preoccupations\\\/172232\\\/\"]}]},{\"@type\":\"ImageObject\",\"inLanguage\":\"fr-FR\",\"@id\":\"https:\\\/\\\/www.webdo.tn\\\/fr\\\/actualite\\\/national\\\/expulsion-de-lambassadeur-syrien-une-diversion-qui-nous-eloigne-de-nos-preoccupations\\\/172232\\\/#primaryimage\",\"url\":\"https:\\\/\\\/www.webdo.tn\\\/fr\\\/wp-content\\\/uploads\\\/2012\\\/02\\\/Drapeau-Tunisie.jpg\",\"contentUrl\":\"https:\\\/\\\/www.webdo.tn\\\/fr\\\/wp-content\\\/uploads\\\/2012\\\/02\\\/Drapeau-Tunisie.jpg\",\"width\":262,\"height\":182,\"caption\":\"Expulsion de l\u2019ambassadeur syrien : une diversion qui nous \u00e9loigne de nos pr\u00e9occupations !\"},{\"@type\":\"BreadcrumbList\",\"@id\":\"https:\\\/\\\/www.webdo.tn\\\/fr\\\/actualite\\\/national\\\/expulsion-de-lambassadeur-syrien-une-diversion-qui-nous-eloigne-de-nos-preoccupations\\\/172232\\\/#breadcrumb\",\"itemListElement\":[{\"@type\":\"ListItem\",\"position\":1,\"name\":\"Accueil\",\"item\":\"https:\\\/\\\/www.webdo.tn\\\/fr\\\/\"},{\"@type\":\"ListItem\",\"position\":2,\"name\":\"Expulsion de l\u2019ambassadeur syrien : une diversion qui nous \u00e9loigne de nos pr\u00e9occupations !\"}]},{\"@type\":\"WebSite\",\"@id\":\"https:\\\/\\\/www.webdo.tn\\\/fr\\\/#website\",\"url\":\"https:\\\/\\\/www.webdo.tn\\\/fr\\\/\",\"name\":\"webdo\",\"description\":\"Tunisie - News en Tunisie et \u00e0 l&#039;international sur Webdo.tn\",\"publisher\":{\"@id\":\"https:\\\/\\\/www.webdo.tn\\\/fr\\\/#organization\"},\"potentialAction\":[{\"@type\":\"SearchAction\",\"target\":{\"@type\":\"EntryPoint\",\"urlTemplate\":\"https:\\\/\\\/www.webdo.tn\\\/fr\\\/?s={search_term_string}\"},\"query-input\":{\"@type\":\"PropertyValueSpecification\",\"valueRequired\":true,\"valueName\":\"search_term_string\"}}],\"inLanguage\":\"fr-FR\"},{\"@type\":\"Organization\",\"@id\":\"https:\\\/\\\/www.webdo.tn\\\/fr\\\/#organization\",\"name\":\"Webdo\",\"alternateName\":\"Webdo.tn\",\"url\":\"https:\\\/\\\/www.webdo.tn\\\/fr\\\/\",\"logo\":{\"@type\":\"ImageObject\",\"inLanguage\":\"fr-FR\",\"@id\":\"https:\\\/\\\/www.webdo.tn\\\/fr\\\/#\\\/schema\\\/logo\\\/image\\\/\",\"url\":\"https:\\\/\\\/www.webdo.tn\\\/fr\\\/wp-content\\\/uploads\\\/2025\\\/06\\\/Webdo-Tunisie_168377.jpg\",\"contentUrl\":\"https:\\\/\\\/www.webdo.tn\\\/fr\\\/wp-content\\\/uploads\\\/2025\\\/06\\\/Webdo-Tunisie_168377.jpg\",\"width\":301,\"height\":301,\"caption\":\"Webdo\"},\"image\":{\"@id\":\"https:\\\/\\\/www.webdo.tn\\\/fr\\\/#\\\/schema\\\/logo\\\/image\\\/\"},\"sameAs\":[\"https:\\\/\\\/www.facebook.com\\\/webdotn\",\"https:\\\/\\\/x.com\\\/webdo_tn\"],\"description\":\"Webdo est un m\u00e9dia num\u00e9rique tunisien fond\u00e9 en 2010, sp\u00e9cialis\u00e9 dans l\u2019actualit\u00e9 nationale et internationale, l\u2019\u00e9conomie, la soci\u00e9t\u00e9 et les analyses politiques. Le site s\u2019adresse \u00e0 un large public francophone et couvre l\u2019information tunisienne en temps r\u00e9el.\",\"email\":\"redac@webdo.tn\",\"legalName\":\"YNJ SARL\",\"foundingDate\":\"2010-09-06\",\"numberOfEmployees\":{\"@type\":\"QuantitativeValue\",\"minValue\":\"11\",\"maxValue\":\"50\"}},{\"@type\":\"Person\",\"@id\":\"https:\\\/\\\/www.webdo.tn\\\/fr\\\/#\\\/schema\\\/person\\\/9a9c6118d687c117df8ef3cc36a4d175\",\"name\":\"webdo.tn\",\"image\":{\"@type\":\"ImageObject\",\"inLanguage\":\"fr-FR\",\"@id\":\"https:\\\/\\\/secure.gravatar.com\\\/avatar\\\/7ce1f28c0c3bbac99ff550b85ef8e44a6950c6ee24514fb6a5489e51d06f0298?s=96&d=mm&r=g\",\"url\":\"https:\\\/\\\/secure.gravatar.com\\\/avatar\\\/7ce1f28c0c3bbac99ff550b85ef8e44a6950c6ee24514fb6a5489e51d06f0298?s=96&d=mm&r=g\",\"contentUrl\":\"https:\\\/\\\/secure.gravatar.com\\\/avatar\\\/7ce1f28c0c3bbac99ff550b85ef8e44a6950c6ee24514fb6a5489e51d06f0298?s=96&d=mm&r=g\",\"caption\":\"webdo.tn\"},\"url\":\"https:\\\/\\\/www.webdo.tn\\\/fr\\\/actualite\\\/author\\\/webdotn\\\/\"}]}<\/script>\n<!-- \/ Yoast SEO Premium plugin. -->","yoast_head_json":{"title":"Expulsion de l\u2019ambassadeur syrien : une diversion qui nous \u00e9loigne de nos pr\u00e9occupations !","description":"Expulsion de l\u2019ambassadeur syrien : une diversion qui nous \u00e9loigne de nos pr\u00e9occupations !","canonical":"https:\/\/www.webdo.tn\/fr\/actualite\/national\/expulsion-de-lambassadeur-syrien-une-diversion-qui-nous-eloigne-de-nos-preoccupations\/172232\/","og_locale":"fr_FR","og_type":"article","og_title":"Expulsion de l\u2019ambassadeur syrien : une diversion qui nous \u00e9loigne de nos pr\u00e9occupations !","og_description":"Expulsion de l\u2019ambassadeur syrien : une diversion qui nous \u00e9loigne de nos pr\u00e9occupations !","og_url":"https:\/\/www.webdo.tn\/fr\/actualite\/national\/expulsion-de-lambassadeur-syrien-une-diversion-qui-nous-eloigne-de-nos-preoccupations\/172232\/","og_site_name":"webdo","article_publisher":"https:\/\/www.facebook.com\/webdotn","article_published_time":"2012-02-07T11:30:00+00:00","article_modified_time":"2025-06-04T19:00:56+00:00","og_image":[{"width":262,"height":182,"url":"https:\/\/www.webdo.tn\/fr\/wp-content\/uploads\/2012\/02\/Drapeau-Tunisie.jpg","type":"image\/jpeg"}],"author":"webdo.tn","twitter_card":"summary_large_image","twitter_creator":"@webdo_tn","twitter_site":"@webdo_tn","twitter_misc":{"\u00c9crit par":"webdo.tn","Dur\u00e9e de lecture estim\u00e9e":"2 minutes"},"schema":{"@context":"https:\/\/schema.org","@graph":[{"@type":"NewsArticle","@id":"https:\/\/www.webdo.tn\/fr\/actualite\/national\/expulsion-de-lambassadeur-syrien-une-diversion-qui-nous-eloigne-de-nos-preoccupations\/172232\/#article","isPartOf":{"@id":"https:\/\/www.webdo.tn\/fr\/actualite\/national\/expulsion-de-lambassadeur-syrien-une-diversion-qui-nous-eloigne-de-nos-preoccupations\/172232\/"},"author":{"name":"webdo.tn","@id":"https:\/\/www.webdo.tn\/fr\/#\/schema\/person\/9a9c6118d687c117df8ef3cc36a4d175"},"headline":"Expulsion de l\u2019ambassadeur syrien : une diversion qui nous \u00e9loigne de nos pr\u00e9occupations !","datePublished":"2012-02-07T11:30:00+00:00","dateModified":"2025-06-04T19:00:56+00:00","mainEntityOfPage":{"@id":"https:\/\/www.webdo.tn\/fr\/actualite\/national\/expulsion-de-lambassadeur-syrien-une-diversion-qui-nous-eloigne-de-nos-preoccupations\/172232\/"},"wordCount":337,"commentCount":0,"publisher":{"@id":"https:\/\/www.webdo.tn\/fr\/#organization"},"image":{"@id":"https:\/\/www.webdo.tn\/fr\/actualite\/national\/expulsion-de-lambassadeur-syrien-une-diversion-qui-nous-eloigne-de-nos-preoccupations\/172232\/#primaryimage"},"thumbnailUrl":"https:\/\/www.webdo.tn\/fr\/wp-content\/uploads\/2012\/02\/Drapeau-Tunisie.jpg","articleSection":["National"],"inLanguage":"fr-FR"},{"@type":"WebPage","@id":"https:\/\/www.webdo.tn\/fr\/actualite\/national\/expulsion-de-lambassadeur-syrien-une-diversion-qui-nous-eloigne-de-nos-preoccupations\/172232\/","url":"https:\/\/www.webdo.tn\/fr\/actualite\/national\/expulsion-de-lambassadeur-syrien-une-diversion-qui-nous-eloigne-de-nos-preoccupations\/172232\/","name":"Expulsion de l\u2019ambassadeur syrien : une diversion qui nous \u00e9loigne de nos pr\u00e9occupations !","isPartOf":{"@id":"https:\/\/www.webdo.tn\/fr\/#website"},"primaryImageOfPage":{"@id":"https:\/\/www.webdo.tn\/fr\/actualite\/national\/expulsion-de-lambassadeur-syrien-une-diversion-qui-nous-eloigne-de-nos-preoccupations\/172232\/#primaryimage"},"image":{"@id":"https:\/\/www.webdo.tn\/fr\/actualite\/national\/expulsion-de-lambassadeur-syrien-une-diversion-qui-nous-eloigne-de-nos-preoccupations\/172232\/#primaryimage"},"thumbnailUrl":"https:\/\/www.webdo.tn\/fr\/wp-content\/uploads\/2012\/02\/Drapeau-Tunisie.jpg","datePublished":"2012-02-07T11:30:00+00:00","dateModified":"2025-06-04T19:00:56+00:00","description":"Expulsion de l\u2019ambassadeur syrien : une diversion qui nous \u00e9loigne de nos pr\u00e9occupations !","breadcrumb":{"@id":"https:\/\/www.webdo.tn\/fr\/actualite\/national\/expulsion-de-lambassadeur-syrien-une-diversion-qui-nous-eloigne-de-nos-preoccupations\/172232\/#breadcrumb"},"inLanguage":"fr-FR","potentialAction":[{"@type":"ReadAction","target":["https:\/\/www.webdo.tn\/fr\/actualite\/national\/expulsion-de-lambassadeur-syrien-une-diversion-qui-nous-eloigne-de-nos-preoccupations\/172232\/"]}]},{"@type":"ImageObject","inLanguage":"fr-FR","@id":"https:\/\/www.webdo.tn\/fr\/actualite\/national\/expulsion-de-lambassadeur-syrien-une-diversion-qui-nous-eloigne-de-nos-preoccupations\/172232\/#primaryimage","url":"https:\/\/www.webdo.tn\/fr\/wp-content\/uploads\/2012\/02\/Drapeau-Tunisie.jpg","contentUrl":"https:\/\/www.webdo.tn\/fr\/wp-content\/uploads\/2012\/02\/Drapeau-Tunisie.jpg","width":262,"height":182,"caption":"Expulsion de l\u2019ambassadeur syrien : une diversion qui nous \u00e9loigne de nos pr\u00e9occupations !"},{"@type":"BreadcrumbList","@id":"https:\/\/www.webdo.tn\/fr\/actualite\/national\/expulsion-de-lambassadeur-syrien-une-diversion-qui-nous-eloigne-de-nos-preoccupations\/172232\/#breadcrumb","itemListElement":[{"@type":"ListItem","position":1,"name":"Accueil","item":"https:\/\/www.webdo.tn\/fr\/"},{"@type":"ListItem","position":2,"name":"Expulsion de l\u2019ambassadeur syrien : une diversion qui nous \u00e9loigne de nos pr\u00e9occupations !"}]},{"@type":"WebSite","@id":"https:\/\/www.webdo.tn\/fr\/#website","url":"https:\/\/www.webdo.tn\/fr\/","name":"webdo","description":"Tunisie - News en Tunisie et \u00e0 l&#039;international sur Webdo.tn","publisher":{"@id":"https:\/\/www.webdo.tn\/fr\/#organization"},"potentialAction":[{"@type":"SearchAction","target":{"@type":"EntryPoint","urlTemplate":"https:\/\/www.webdo.tn\/fr\/?s={search_term_string}"},"query-input":{"@type":"PropertyValueSpecification","valueRequired":true,"valueName":"search_term_string"}}],"inLanguage":"fr-FR"},{"@type":"Organization","@id":"https:\/\/www.webdo.tn\/fr\/#organization","name":"Webdo","alternateName":"Webdo.tn","url":"https:\/\/www.webdo.tn\/fr\/","logo":{"@type":"ImageObject","inLanguage":"fr-FR","@id":"https:\/\/www.webdo.tn\/fr\/#\/schema\/logo\/image\/","url":"https:\/\/www.webdo.tn\/fr\/wp-content\/uploads\/2025\/06\/Webdo-Tunisie_168377.jpg","contentUrl":"https:\/\/www.webdo.tn\/fr\/wp-content\/uploads\/2025\/06\/Webdo-Tunisie_168377.jpg","width":301,"height":301,"caption":"Webdo"},"image":{"@id":"https:\/\/www.webdo.tn\/fr\/#\/schema\/logo\/image\/"},"sameAs":["https:\/\/www.facebook.com\/webdotn","https:\/\/x.com\/webdo_tn"],"description":"Webdo est un m\u00e9dia num\u00e9rique tunisien fond\u00e9 en 2010, sp\u00e9cialis\u00e9 dans l\u2019actualit\u00e9 nationale et internationale, l\u2019\u00e9conomie, la soci\u00e9t\u00e9 et les analyses politiques. Le site s\u2019adresse \u00e0 un large public francophone et couvre l\u2019information tunisienne en temps r\u00e9el.","email":"redac@webdo.tn","legalName":"YNJ SARL","foundingDate":"2010-09-06","numberOfEmployees":{"@type":"QuantitativeValue","minValue":"11","maxValue":"50"}},{"@type":"Person","@id":"https:\/\/www.webdo.tn\/fr\/#\/schema\/person\/9a9c6118d687c117df8ef3cc36a4d175","name":"webdo.tn","image":{"@type":"ImageObject","inLanguage":"fr-FR","@id":"https:\/\/secure.gravatar.com\/avatar\/7ce1f28c0c3bbac99ff550b85ef8e44a6950c6ee24514fb6a5489e51d06f0298?s=96&d=mm&r=g","url":"https:\/\/secure.gravatar.com\/avatar\/7ce1f28c0c3bbac99ff550b85ef8e44a6950c6ee24514fb6a5489e51d06f0298?s=96&d=mm&r=g","contentUrl":"https:\/\/secure.gravatar.com\/avatar\/7ce1f28c0c3bbac99ff550b85ef8e44a6950c6ee24514fb6a5489e51d06f0298?s=96&d=mm&r=g","caption":"webdo.tn"},"url":"https:\/\/www.webdo.tn\/fr\/actualite\/author\/webdotn\/"}]}},"_links":{"self":[{"href":"https:\/\/www.webdo.tn\/fr\/wp-json\/wp\/v2\/posts\/172232","targetHints":{"allow":["GET"]}}],"collection":[{"href":"https:\/\/www.webdo.tn\/fr\/wp-json\/wp\/v2\/posts"}],"about":[{"href":"https:\/\/www.webdo.tn\/fr\/wp-json\/wp\/v2\/types\/post"}],"author":[{"embeddable":true,"href":"https:\/\/www.webdo.tn\/fr\/wp-json\/wp\/v2\/users\/3222"}],"replies":[{"embeddable":true,"href":"https:\/\/www.webdo.tn\/fr\/wp-json\/wp\/v2\/comments?post=172232"}],"version-history":[{"count":0,"href":"https:\/\/www.webdo.tn\/fr\/wp-json\/wp\/v2\/posts\/172232\/revisions"}],"wp:featuredmedia":[{"embeddable":true,"href":"https:\/\/www.webdo.tn\/fr\/wp-json\/wp\/v2\/media\/333781"}],"wp:attachment":[{"href":"https:\/\/www.webdo.tn\/fr\/wp-json\/wp\/v2\/media?parent=172232"}],"wp:term":[{"taxonomy":"category","embeddable":true,"href":"https:\/\/www.webdo.tn\/fr\/wp-json\/wp\/v2\/categories?post=172232"},{"taxonomy":"post_tag","embeddable":true,"href":"https:\/\/www.webdo.tn\/fr\/wp-json\/wp\/v2\/tags?post=172232"}],"curies":[{"name":"wp","href":"https:\/\/api.w.org\/{rel}","templated":true}]}}