{"id":172231,"date":"2012-02-07T13:54:00","date_gmt":"2012-02-07T13:54:00","guid":{"rendered":"https:\/\/www.webdo.tn\/fr\/blog\/93-ce-nest-pas-negligeable\/172231\/"},"modified":"2025-06-04T19:00:57","modified_gmt":"2025-06-04T19:00:57","slug":"93-ce-nest-pas-negligeable","status":"publish","type":"post","link":"https:\/\/www.webdo.tn\/fr\/actualite\/national\/93-ce-nest-pas-negligeable\/172231\/","title":{"rendered":"93 %, ce n&rsquo;est pas n\u00e9gligeable !"},"content":{"rendered":"<p>Avec une r\u00e9cession de -1,8 %, si la situation est comptablement n\u00e9gative, du moins au dire des d\u00e9tenteurs des donn\u00e9es, il n&rsquo;est pas dit que toute l&rsquo;\u00e9conomie, qui vit depuis toujours avec une moiti\u00e9 de son potentiel dans un noir imp\u00e9n\u00e9trable par les lois de l&rsquo;\u00e9conom\u00e9trie, soit arriv\u00e9e \u00e0 son dernier souffle comme tendent \u00e0 le faire croire les faiseurs de chiffres. D&rsquo;ailleurs \u00e0 un mois \u00e0 peine de la cl\u00f4ture de l&rsquo;exercice 2011, qui pourrait pr\u00e9tendre nous \u00e9difier sur les performances ou les contreperformances de la configuration \u00e9conomique r\u00e9sultante en cette premi\u00e8re ann\u00e9e de r\u00e9volution ?<\/p>\n<p>Beaucoup de penseurs en doutent autant que le professeur Ch Ayari qui consid\u00e8re, avec r\u00e9serves, la cr\u00e9dibilit\u00e9 des indicateurs-cl\u00e9s annonc\u00e9s. Pour cet \u00e9minent \u00e9conomiste, le taux de croissance \u00e9conomique effectif, le taux de ch\u00f4mage, les emplois cr\u00e9es, ceux d\u00e9truis, le taux d&rsquo;inflation, l&rsquo;ampleur des d\u00e9gradations et autres dommages collat\u00e9raux subis par le syst\u00e8me productif public et priv\u00e9 national, les chiffres les plus proches de la r\u00e9alit\u00e9 n&rsquo;apparaitront selon lui, au mieux, qu&rsquo;\u00e0 partir de la fin du premier trimestre 2012.<\/p>\n<p>Aussi, c&rsquo;est sous cette approche de pr\u00e9caution que nous voulons ici aborder l&rsquo;analyse des statistiques annonc\u00e9es r\u00e9cemment par l&rsquo;agence des promotions des investissements \u00e9trangers. Il en ressort en effet qu&rsquo;avec 1259 entreprises de cat\u00e9gorie PME (petites et moyennes entreprises) le partenariat fran\u00e7ais en faveur de notre pays est au plus haut du podium de l&rsquo;investissement \u00e9tranger. Cet investissement fran\u00e7ais devance de loin celui de l&rsquo;Italie, laquelle intervient avec 745 entreprises alors que celui de l&rsquo;Allemagne prend la troisi\u00e8me place moyennant 266 unit\u00e9s de production.<\/p>\n<p>Pas loin du podium, la Belgique contribue avec 208 entreprises tandis que \u00ab\u00a0les\u00a0\u00bb pays arabes ont globalement pris part avec 220 entreprises.<\/p>\n<p>Au total du d\u00e9compte, avec pr\u00e8s de 93 %, les Europ\u00e9ens confirmeraient leur position de premiers partenaires traditionnels, ne laissant que 7 % des investissements aux pays du Golfe. Est-ce par manque de comp\u00e9titivit\u00e9 ou du peu d&rsquo;int\u00e9r\u00eat que les pays du Golfe nous accordent ? La question m\u00e9rite d\u2019\u00eatre pos\u00e9e surtout \u00e0 une p\u00e9riode o\u00f9 plus que jamais les conditions sont propices \u00e0 un d\u00e9veloppement en direction du Sud-Est, mais dont la r\u00e9activit\u00e9 para\u00eet bien molle.<\/p>\n<p>Ceci dit, il faut, en tout cas, savoir que la forte majorit\u00e9 de ces entreprises est install\u00e9e autour des grands centres urbains, plut\u00f4t c\u00f4t\u00e9 littoral, choisissant les zones \u00e0 polarit\u00e9 industrielle op\u00e9rationnelle o\u00f9 l&rsquo;infrastructure est d\u00e9j\u00e0 d\u00e9velopp\u00e9e. En effet, avec seulement 402 entreprises (mais qui emploient tout de m\u00eame quelques 57.000 personnes) les r\u00e9gions de l&rsquo;int\u00e9rieur, parents pauvres de la distribution vers les zones d\u00e9munies, n&rsquo;auront profit\u00e9 que d&rsquo;un faible pourcentage d&rsquo;implantation, \u00e0 peine 13 % sur les 3102 entreprises qui ont choisi de travailler chez nous.<\/p>\n<p>Ce chiffre global, arr\u00eat\u00e9 au 31 d\u00e9cembre 2011, emploie pas moins de 321.000 personnes, mais ne repr\u00e9sente plus que 1711 MD investis en 2011 contre 2417 Md \u00e0 la m\u00eame \u00e9poque \u00e0 fin 2010. Il faut prendre conscience, aux dires de l&rsquo;agence des investissements \u00e9trangers, que les instabilit\u00e9s diverses, et notamment l&rsquo;arr\u00eat de la privatisation et\/ou les grands projets pr\u00e9vus, auraient fait chuter les investissements de pas moins de 29,2 % en 2011 et que les emplois ont chut\u00e9 de 15.329 \u00e0 10.839 (soit une destruction de 29,6 %) pendant la m\u00eame ann\u00e9e. Au d\u00e9compte, seulement 9464 emplois demeurent actifs dans le secteur industriel. Les pertes d&#8217;emplois sont, quant \u00e0 elles, cons\u00e9quentes \u00e0 la fermeture d\u00e9finitive de quelques 182 entreprises de cat\u00e9gorie petites et moyennes, pour l&rsquo;essentiel.<\/p>\n<p>Cette distribution des op\u00e9rateurs \u00e9trangers fortement europ\u00e9ens semble orienter les responsables \u00e0 accentuer la promotion du site tunisien en creusant un peu plus en Occident, voulant lancer, courant 2012, une large campagne \u00e0 destination des \u00c9tats-Unis, de la Grande-Bretagne, voire des pays scandinaves, et ce, sans oublier aussi les pays du Golfe.<\/p>\n<p>Dans ce contexte, les r\u00e9unions de travail qu&rsquo;a eu le chef du gouvernement J\u00e9bali dans et en marge de Davos semblent confirmer la continuit\u00e9 du partenariat euro-tunisien comme \u00e9tant la source la plus fiable \u00e0 promouvoir les v\u00e9hicules traditionnels propices tant financiers que pour les transferts technologiques, ayant montr\u00e9 leurs efficacit\u00e9 et fiabilit\u00e9 par le pass\u00e9&#8230; La \u00ab\u00a0r\u00e9al\u00a0\u00bb politique, \u00e7a vous dit ?<\/p>\n","protected":false},"excerpt":{"rendered":"<p>93 %, ce n&rsquo;est pas n\u00e9gligeable ! <\/p>\n","protected":false},"author":3222,"featured_media":333784,"comment_status":"open","ping_status":"closed","sticky":false,"template":"","format":"standard","meta":{"footnotes":""},"categories":[44],"tags":[],"class_list":["post-172231","post","type-post","status-publish","format-standard","has-post-thumbnail","hentry","category-national"],"yoast_head":"<!-- This site is optimized with the Yoast SEO Premium plugin v27.5 (Yoast SEO v27.5) - https:\/\/yoast.com\/product\/yoast-seo-premium-wordpress\/ -->\n<title>93 %, ce n&#039;est pas n\u00e9gligeable !<\/title>\n<meta name=\"description\" content=\"93 %, ce n&#039;est pas n\u00e9gligeable !\" \/>\n<link rel=\"canonical\" href=\"https:\/\/www.webdo.tn\/fr\/actualite\/national\/93-ce-nest-pas-negligeable\/172231\/\" \/>\n<meta property=\"og:locale\" content=\"fr_FR\" \/>\n<meta property=\"og:type\" content=\"article\" \/>\n<meta property=\"og:title\" content=\"93 %, ce n&#039;est pas n\u00e9gligeable !\" \/>\n<meta property=\"og:description\" content=\"93 %, ce n&#039;est pas n\u00e9gligeable !\" \/>\n<meta property=\"og:url\" content=\"https:\/\/www.webdo.tn\/fr\/actualite\/national\/93-ce-nest-pas-negligeable\/172231\/\" \/>\n<meta property=\"og:site_name\" content=\"webdo\" \/>\n<meta property=\"article:publisher\" content=\"https:\/\/www.facebook.com\/webdotn\" \/>\n<meta property=\"article:published_time\" content=\"2012-02-07T13:54:00+00:00\" \/>\n<meta property=\"article:modified_time\" content=\"2025-06-04T19:00:57+00:00\" \/>\n<meta property=\"og:image\" content=\"https:\/\/www.webdo.tn\/fr\/wp-content\/uploads\/2012\/02\/Tunisie-Europe-photo-CTN.jpg\" \/>\n\t<meta property=\"og:image:width\" content=\"270\" \/>\n\t<meta property=\"og:image:height\" content=\"216\" \/>\n\t<meta property=\"og:image:type\" content=\"image\/jpeg\" \/>\n<meta name=\"author\" content=\"webdo.tn\" \/>\n<meta name=\"twitter:card\" content=\"summary_large_image\" \/>\n<meta name=\"twitter:creator\" content=\"@webdo_tn\" \/>\n<meta name=\"twitter:site\" content=\"@webdo_tn\" \/>\n<meta name=\"twitter:label1\" content=\"\u00c9crit par\" \/>\n\t<meta name=\"twitter:data1\" content=\"webdo.tn\" \/>\n\t<meta name=\"twitter:label2\" content=\"Dur\u00e9e de lecture estim\u00e9e\" \/>\n\t<meta name=\"twitter:data2\" content=\"4 minutes\" \/>\n<script type=\"application\/ld+json\" class=\"yoast-schema-graph\">{\"@context\":\"https:\\\/\\\/schema.org\",\"@graph\":[{\"@type\":\"NewsArticle\",\"@id\":\"https:\\\/\\\/www.webdo.tn\\\/fr\\\/actualite\\\/national\\\/93-ce-nest-pas-negligeable\\\/172231\\\/#article\",\"isPartOf\":{\"@id\":\"https:\\\/\\\/www.webdo.tn\\\/fr\\\/actualite\\\/national\\\/93-ce-nest-pas-negligeable\\\/172231\\\/\"},\"author\":{\"name\":\"webdo.tn\",\"@id\":\"https:\\\/\\\/www.webdo.tn\\\/fr\\\/#\\\/schema\\\/person\\\/9a9c6118d687c117df8ef3cc36a4d175\"},\"headline\":\"93 %, ce n&rsquo;est pas n\u00e9gligeable !\",\"datePublished\":\"2012-02-07T13:54:00+00:00\",\"dateModified\":\"2025-06-04T19:00:57+00:00\",\"mainEntityOfPage\":{\"@id\":\"https:\\\/\\\/www.webdo.tn\\\/fr\\\/actualite\\\/national\\\/93-ce-nest-pas-negligeable\\\/172231\\\/\"},\"wordCount\":746,\"commentCount\":0,\"publisher\":{\"@id\":\"https:\\\/\\\/www.webdo.tn\\\/fr\\\/#organization\"},\"image\":{\"@id\":\"https:\\\/\\\/www.webdo.tn\\\/fr\\\/actualite\\\/national\\\/93-ce-nest-pas-negligeable\\\/172231\\\/#primaryimage\"},\"thumbnailUrl\":\"https:\\\/\\\/www.webdo.tn\\\/fr\\\/wp-content\\\/uploads\\\/2012\\\/02\\\/Tunisie-Europe-photo-CTN.jpg\",\"articleSection\":[\"National\"],\"inLanguage\":\"fr-FR\"},{\"@type\":\"WebPage\",\"@id\":\"https:\\\/\\\/www.webdo.tn\\\/fr\\\/actualite\\\/national\\\/93-ce-nest-pas-negligeable\\\/172231\\\/\",\"url\":\"https:\\\/\\\/www.webdo.tn\\\/fr\\\/actualite\\\/national\\\/93-ce-nest-pas-negligeable\\\/172231\\\/\",\"name\":\"93 %, ce n'est pas n\u00e9gligeable !\",\"isPartOf\":{\"@id\":\"https:\\\/\\\/www.webdo.tn\\\/fr\\\/#website\"},\"primaryImageOfPage\":{\"@id\":\"https:\\\/\\\/www.webdo.tn\\\/fr\\\/actualite\\\/national\\\/93-ce-nest-pas-negligeable\\\/172231\\\/#primaryimage\"},\"image\":{\"@id\":\"https:\\\/\\\/www.webdo.tn\\\/fr\\\/actualite\\\/national\\\/93-ce-nest-pas-negligeable\\\/172231\\\/#primaryimage\"},\"thumbnailUrl\":\"https:\\\/\\\/www.webdo.tn\\\/fr\\\/wp-content\\\/uploads\\\/2012\\\/02\\\/Tunisie-Europe-photo-CTN.jpg\",\"datePublished\":\"2012-02-07T13:54:00+00:00\",\"dateModified\":\"2025-06-04T19:00:57+00:00\",\"description\":\"93 %, ce n'est pas n\u00e9gligeable !\",\"breadcrumb\":{\"@id\":\"https:\\\/\\\/www.webdo.tn\\\/fr\\\/actualite\\\/national\\\/93-ce-nest-pas-negligeable\\\/172231\\\/#breadcrumb\"},\"inLanguage\":\"fr-FR\",\"potentialAction\":[{\"@type\":\"ReadAction\",\"target\":[\"https:\\\/\\\/www.webdo.tn\\\/fr\\\/actualite\\\/national\\\/93-ce-nest-pas-negligeable\\\/172231\\\/\"]}]},{\"@type\":\"ImageObject\",\"inLanguage\":\"fr-FR\",\"@id\":\"https:\\\/\\\/www.webdo.tn\\\/fr\\\/actualite\\\/national\\\/93-ce-nest-pas-negligeable\\\/172231\\\/#primaryimage\",\"url\":\"https:\\\/\\\/www.webdo.tn\\\/fr\\\/wp-content\\\/uploads\\\/2012\\\/02\\\/Tunisie-Europe-photo-CTN.jpg\",\"contentUrl\":\"https:\\\/\\\/www.webdo.tn\\\/fr\\\/wp-content\\\/uploads\\\/2012\\\/02\\\/Tunisie-Europe-photo-CTN.jpg\",\"width\":270,\"height\":216,\"caption\":\"93 %, ce n'est pas n\u00e9gligeable !\"},{\"@type\":\"BreadcrumbList\",\"@id\":\"https:\\\/\\\/www.webdo.tn\\\/fr\\\/actualite\\\/national\\\/93-ce-nest-pas-negligeable\\\/172231\\\/#breadcrumb\",\"itemListElement\":[{\"@type\":\"ListItem\",\"position\":1,\"name\":\"Accueil\",\"item\":\"https:\\\/\\\/www.webdo.tn\\\/fr\\\/\"},{\"@type\":\"ListItem\",\"position\":2,\"name\":\"93 %, ce n&rsquo;est pas n\u00e9gligeable !\"}]},{\"@type\":\"WebSite\",\"@id\":\"https:\\\/\\\/www.webdo.tn\\\/fr\\\/#website\",\"url\":\"https:\\\/\\\/www.webdo.tn\\\/fr\\\/\",\"name\":\"webdo\",\"description\":\"Tunisie - News en Tunisie et \u00e0 l&#039;international sur Webdo.tn\",\"publisher\":{\"@id\":\"https:\\\/\\\/www.webdo.tn\\\/fr\\\/#organization\"},\"potentialAction\":[{\"@type\":\"SearchAction\",\"target\":{\"@type\":\"EntryPoint\",\"urlTemplate\":\"https:\\\/\\\/www.webdo.tn\\\/fr\\\/?s={search_term_string}\"},\"query-input\":{\"@type\":\"PropertyValueSpecification\",\"valueRequired\":true,\"valueName\":\"search_term_string\"}}],\"inLanguage\":\"fr-FR\"},{\"@type\":\"Organization\",\"@id\":\"https:\\\/\\\/www.webdo.tn\\\/fr\\\/#organization\",\"name\":\"Webdo\",\"alternateName\":\"Webdo.tn\",\"url\":\"https:\\\/\\\/www.webdo.tn\\\/fr\\\/\",\"logo\":{\"@type\":\"ImageObject\",\"inLanguage\":\"fr-FR\",\"@id\":\"https:\\\/\\\/www.webdo.tn\\\/fr\\\/#\\\/schema\\\/logo\\\/image\\\/\",\"url\":\"https:\\\/\\\/www.webdo.tn\\\/fr\\\/wp-content\\\/uploads\\\/2025\\\/06\\\/Webdo-Tunisie_168377.jpg\",\"contentUrl\":\"https:\\\/\\\/www.webdo.tn\\\/fr\\\/wp-content\\\/uploads\\\/2025\\\/06\\\/Webdo-Tunisie_168377.jpg\",\"width\":301,\"height\":301,\"caption\":\"Webdo\"},\"image\":{\"@id\":\"https:\\\/\\\/www.webdo.tn\\\/fr\\\/#\\\/schema\\\/logo\\\/image\\\/\"},\"sameAs\":[\"https:\\\/\\\/www.facebook.com\\\/webdotn\",\"https:\\\/\\\/x.com\\\/webdo_tn\"],\"description\":\"Webdo est un m\u00e9dia num\u00e9rique tunisien fond\u00e9 en 2010, sp\u00e9cialis\u00e9 dans l\u2019actualit\u00e9 nationale et internationale, l\u2019\u00e9conomie, la soci\u00e9t\u00e9 et les analyses politiques. Le site s\u2019adresse \u00e0 un large public francophone et couvre l\u2019information tunisienne en temps r\u00e9el.\",\"email\":\"redac@webdo.tn\",\"legalName\":\"YNJ SARL\",\"foundingDate\":\"2010-09-06\",\"numberOfEmployees\":{\"@type\":\"QuantitativeValue\",\"minValue\":\"11\",\"maxValue\":\"50\"}},{\"@type\":\"Person\",\"@id\":\"https:\\\/\\\/www.webdo.tn\\\/fr\\\/#\\\/schema\\\/person\\\/9a9c6118d687c117df8ef3cc36a4d175\",\"name\":\"webdo.tn\",\"image\":{\"@type\":\"ImageObject\",\"inLanguage\":\"fr-FR\",\"@id\":\"https:\\\/\\\/secure.gravatar.com\\\/avatar\\\/7ce1f28c0c3bbac99ff550b85ef8e44a6950c6ee24514fb6a5489e51d06f0298?s=96&d=mm&r=g\",\"url\":\"https:\\\/\\\/secure.gravatar.com\\\/avatar\\\/7ce1f28c0c3bbac99ff550b85ef8e44a6950c6ee24514fb6a5489e51d06f0298?s=96&d=mm&r=g\",\"contentUrl\":\"https:\\\/\\\/secure.gravatar.com\\\/avatar\\\/7ce1f28c0c3bbac99ff550b85ef8e44a6950c6ee24514fb6a5489e51d06f0298?s=96&d=mm&r=g\",\"caption\":\"webdo.tn\"},\"url\":\"https:\\\/\\\/www.webdo.tn\\\/fr\\\/actualite\\\/author\\\/webdotn\\\/\"}]}<\/script>\n<!-- \/ Yoast SEO Premium plugin. -->","yoast_head_json":{"title":"93 %, ce n'est pas n\u00e9gligeable !","description":"93 %, ce n'est pas n\u00e9gligeable !","canonical":"https:\/\/www.webdo.tn\/fr\/actualite\/national\/93-ce-nest-pas-negligeable\/172231\/","og_locale":"fr_FR","og_type":"article","og_title":"93 %, ce n'est pas n\u00e9gligeable !","og_description":"93 %, ce n'est pas n\u00e9gligeable !","og_url":"https:\/\/www.webdo.tn\/fr\/actualite\/national\/93-ce-nest-pas-negligeable\/172231\/","og_site_name":"webdo","article_publisher":"https:\/\/www.facebook.com\/webdotn","article_published_time":"2012-02-07T13:54:00+00:00","article_modified_time":"2025-06-04T19:00:57+00:00","og_image":[{"width":270,"height":216,"url":"https:\/\/www.webdo.tn\/fr\/wp-content\/uploads\/2012\/02\/Tunisie-Europe-photo-CTN.jpg","type":"image\/jpeg"}],"author":"webdo.tn","twitter_card":"summary_large_image","twitter_creator":"@webdo_tn","twitter_site":"@webdo_tn","twitter_misc":{"\u00c9crit par":"webdo.tn","Dur\u00e9e de lecture estim\u00e9e":"4 minutes"},"schema":{"@context":"https:\/\/schema.org","@graph":[{"@type":"NewsArticle","@id":"https:\/\/www.webdo.tn\/fr\/actualite\/national\/93-ce-nest-pas-negligeable\/172231\/#article","isPartOf":{"@id":"https:\/\/www.webdo.tn\/fr\/actualite\/national\/93-ce-nest-pas-negligeable\/172231\/"},"author":{"name":"webdo.tn","@id":"https:\/\/www.webdo.tn\/fr\/#\/schema\/person\/9a9c6118d687c117df8ef3cc36a4d175"},"headline":"93 %, ce n&rsquo;est pas n\u00e9gligeable !","datePublished":"2012-02-07T13:54:00+00:00","dateModified":"2025-06-04T19:00:57+00:00","mainEntityOfPage":{"@id":"https:\/\/www.webdo.tn\/fr\/actualite\/national\/93-ce-nest-pas-negligeable\/172231\/"},"wordCount":746,"commentCount":0,"publisher":{"@id":"https:\/\/www.webdo.tn\/fr\/#organization"},"image":{"@id":"https:\/\/www.webdo.tn\/fr\/actualite\/national\/93-ce-nest-pas-negligeable\/172231\/#primaryimage"},"thumbnailUrl":"https:\/\/www.webdo.tn\/fr\/wp-content\/uploads\/2012\/02\/Tunisie-Europe-photo-CTN.jpg","articleSection":["National"],"inLanguage":"fr-FR"},{"@type":"WebPage","@id":"https:\/\/www.webdo.tn\/fr\/actualite\/national\/93-ce-nest-pas-negligeable\/172231\/","url":"https:\/\/www.webdo.tn\/fr\/actualite\/national\/93-ce-nest-pas-negligeable\/172231\/","name":"93 %, ce n'est pas n\u00e9gligeable !","isPartOf":{"@id":"https:\/\/www.webdo.tn\/fr\/#website"},"primaryImageOfPage":{"@id":"https:\/\/www.webdo.tn\/fr\/actualite\/national\/93-ce-nest-pas-negligeable\/172231\/#primaryimage"},"image":{"@id":"https:\/\/www.webdo.tn\/fr\/actualite\/national\/93-ce-nest-pas-negligeable\/172231\/#primaryimage"},"thumbnailUrl":"https:\/\/www.webdo.tn\/fr\/wp-content\/uploads\/2012\/02\/Tunisie-Europe-photo-CTN.jpg","datePublished":"2012-02-07T13:54:00+00:00","dateModified":"2025-06-04T19:00:57+00:00","description":"93 %, ce n'est pas n\u00e9gligeable !","breadcrumb":{"@id":"https:\/\/www.webdo.tn\/fr\/actualite\/national\/93-ce-nest-pas-negligeable\/172231\/#breadcrumb"},"inLanguage":"fr-FR","potentialAction":[{"@type":"ReadAction","target":["https:\/\/www.webdo.tn\/fr\/actualite\/national\/93-ce-nest-pas-negligeable\/172231\/"]}]},{"@type":"ImageObject","inLanguage":"fr-FR","@id":"https:\/\/www.webdo.tn\/fr\/actualite\/national\/93-ce-nest-pas-negligeable\/172231\/#primaryimage","url":"https:\/\/www.webdo.tn\/fr\/wp-content\/uploads\/2012\/02\/Tunisie-Europe-photo-CTN.jpg","contentUrl":"https:\/\/www.webdo.tn\/fr\/wp-content\/uploads\/2012\/02\/Tunisie-Europe-photo-CTN.jpg","width":270,"height":216,"caption":"93 %, ce n'est pas n\u00e9gligeable !"},{"@type":"BreadcrumbList","@id":"https:\/\/www.webdo.tn\/fr\/actualite\/national\/93-ce-nest-pas-negligeable\/172231\/#breadcrumb","itemListElement":[{"@type":"ListItem","position":1,"name":"Accueil","item":"https:\/\/www.webdo.tn\/fr\/"},{"@type":"ListItem","position":2,"name":"93 %, ce n&rsquo;est pas n\u00e9gligeable !"}]},{"@type":"WebSite","@id":"https:\/\/www.webdo.tn\/fr\/#website","url":"https:\/\/www.webdo.tn\/fr\/","name":"webdo","description":"Tunisie - News en Tunisie et \u00e0 l&#039;international sur Webdo.tn","publisher":{"@id":"https:\/\/www.webdo.tn\/fr\/#organization"},"potentialAction":[{"@type":"SearchAction","target":{"@type":"EntryPoint","urlTemplate":"https:\/\/www.webdo.tn\/fr\/?s={search_term_string}"},"query-input":{"@type":"PropertyValueSpecification","valueRequired":true,"valueName":"search_term_string"}}],"inLanguage":"fr-FR"},{"@type":"Organization","@id":"https:\/\/www.webdo.tn\/fr\/#organization","name":"Webdo","alternateName":"Webdo.tn","url":"https:\/\/www.webdo.tn\/fr\/","logo":{"@type":"ImageObject","inLanguage":"fr-FR","@id":"https:\/\/www.webdo.tn\/fr\/#\/schema\/logo\/image\/","url":"https:\/\/www.webdo.tn\/fr\/wp-content\/uploads\/2025\/06\/Webdo-Tunisie_168377.jpg","contentUrl":"https:\/\/www.webdo.tn\/fr\/wp-content\/uploads\/2025\/06\/Webdo-Tunisie_168377.jpg","width":301,"height":301,"caption":"Webdo"},"image":{"@id":"https:\/\/www.webdo.tn\/fr\/#\/schema\/logo\/image\/"},"sameAs":["https:\/\/www.facebook.com\/webdotn","https:\/\/x.com\/webdo_tn"],"description":"Webdo est un m\u00e9dia num\u00e9rique tunisien fond\u00e9 en 2010, sp\u00e9cialis\u00e9 dans l\u2019actualit\u00e9 nationale et internationale, l\u2019\u00e9conomie, la soci\u00e9t\u00e9 et les analyses politiques. Le site s\u2019adresse \u00e0 un large public francophone et couvre l\u2019information tunisienne en temps r\u00e9el.","email":"redac@webdo.tn","legalName":"YNJ SARL","foundingDate":"2010-09-06","numberOfEmployees":{"@type":"QuantitativeValue","minValue":"11","maxValue":"50"}},{"@type":"Person","@id":"https:\/\/www.webdo.tn\/fr\/#\/schema\/person\/9a9c6118d687c117df8ef3cc36a4d175","name":"webdo.tn","image":{"@type":"ImageObject","inLanguage":"fr-FR","@id":"https:\/\/secure.gravatar.com\/avatar\/7ce1f28c0c3bbac99ff550b85ef8e44a6950c6ee24514fb6a5489e51d06f0298?s=96&d=mm&r=g","url":"https:\/\/secure.gravatar.com\/avatar\/7ce1f28c0c3bbac99ff550b85ef8e44a6950c6ee24514fb6a5489e51d06f0298?s=96&d=mm&r=g","contentUrl":"https:\/\/secure.gravatar.com\/avatar\/7ce1f28c0c3bbac99ff550b85ef8e44a6950c6ee24514fb6a5489e51d06f0298?s=96&d=mm&r=g","caption":"webdo.tn"},"url":"https:\/\/www.webdo.tn\/fr\/actualite\/author\/webdotn\/"}]}},"_links":{"self":[{"href":"https:\/\/www.webdo.tn\/fr\/wp-json\/wp\/v2\/posts\/172231","targetHints":{"allow":["GET"]}}],"collection":[{"href":"https:\/\/www.webdo.tn\/fr\/wp-json\/wp\/v2\/posts"}],"about":[{"href":"https:\/\/www.webdo.tn\/fr\/wp-json\/wp\/v2\/types\/post"}],"author":[{"embeddable":true,"href":"https:\/\/www.webdo.tn\/fr\/wp-json\/wp\/v2\/users\/3222"}],"replies":[{"embeddable":true,"href":"https:\/\/www.webdo.tn\/fr\/wp-json\/wp\/v2\/comments?post=172231"}],"version-history":[{"count":0,"href":"https:\/\/www.webdo.tn\/fr\/wp-json\/wp\/v2\/posts\/172231\/revisions"}],"wp:featuredmedia":[{"embeddable":true,"href":"https:\/\/www.webdo.tn\/fr\/wp-json\/wp\/v2\/media\/333784"}],"wp:attachment":[{"href":"https:\/\/www.webdo.tn\/fr\/wp-json\/wp\/v2\/media?parent=172231"}],"wp:term":[{"taxonomy":"category","embeddable":true,"href":"https:\/\/www.webdo.tn\/fr\/wp-json\/wp\/v2\/categories?post=172231"},{"taxonomy":"post_tag","embeddable":true,"href":"https:\/\/www.webdo.tn\/fr\/wp-json\/wp\/v2\/tags?post=172231"}],"curies":[{"name":"wp","href":"https:\/\/api.w.org\/{rel}","templated":true}]}}