{"id":172230,"date":"2012-02-07T17:45:00","date_gmt":"2012-02-07T17:45:00","guid":{"rendered":"https:\/\/www.webdo.tn\/fr\/blog\/syrie-l-occident-emboite-le-pas-a-la-tunisie-suivi-des-pays-du-golfe\/172230\/"},"modified":"2012-02-07T17:45:00","modified_gmt":"2012-02-07T17:45:00","slug":"syrie-l-occident-emboite-le-pas-a-la-tunisie-suivi-des-pays-du-golfe","status":"publish","type":"post","link":"https:\/\/www.webdo.tn\/fr\/actualite\/national\/syrie-l-occident-emboite-le-pas-a-la-tunisie-suivi-des-pays-du-golfe\/172230\/","title":{"rendered":"Syrie : l\u2019occident emboite le pas \u00e0 la&#8230;Tunisie suivi des pays du golfe !"},"content":{"rendered":"<p>Si notre r\u00e9volution s\u2019exporte plut\u00f4t bien vers l\u2019Est, c\u2019est du c\u00f4t\u00e9 de l\u2019occident que notre diplomatie prend toute son \u00ab\u00a0ampleur\u00a0\u00bb et ses effets.<\/p>\n<p>Apr\u00e8s la d\u00e9cision de la Tunisie, dimanche dernier, d\u2019expulser l\u2019ambassadeur syrien de nos contr\u00e9es, les \u00c9tats-Unis ont \u00ab\u00a0suivi\u00a0\u00bb (sic !) la voie de la tro\u00efka et ont ferm\u00e9 hier leur ambassade \u00e0 Damas alors que la France et les Pays-Bas ont embo\u00eet\u00e9 le pas \u00e0 la Grande-Bretagne et ont rappel\u00e9 aujourd\u2019hui leurs ambassadeurs pour consultations. Idem pour l\u2019Italie.<\/p>\n<p>Dans le but de faire monter la pression sur Bachar Al-Assad et serrer davantage l\u2019\u00e9tau autour se son pouvoir, les monarchies arabes du Golfe ont d\u00e9cid\u00e9 \u00e9galement aujourd\u2019hui d&rsquo;expulser les ambassadeurs de Syrie de leurs pays et de retirer les leurs en poste \u00e0 Damas, d\u00e9non\u00e7ant le massacre collectif commis par le r\u00e9gime sur la ville de Homs ces derniers temps et sur tout le peuple syrien qui a perdu quelques 6.000 personnes depuis le soul\u00e8vement contre Bachar.<\/p>\n<p>Dans un communiqu\u00e9 au ton extr\u00eamement virulent, les six pays du Conseil de Coop\u00e9ration du Golfe (CCG), dont l&rsquo;Arabie saoudite est le chef de file, ont appel\u00e9 les pays arabes \u00e0 prendre des mesures d\u00e9cisives pour arr\u00eater la r\u00e9pression en Syrie&#8230;Et \u00e7a devrait plus tarder !<\/p>\n<p>Soutien aux peuples et \u00e0 la cause juste du peuple syrien ou \u00ab agenda am\u00e9ricain \u00bb ?<\/p>\n<p>Dans les deux cas, la Tunisie a \u00ab\u00a0r\u00e9ussi\u00a0\u00bb \u00e0 frapper d\u2019une pierre deux coups : gagner la sympathie d\u2019une grande frange du peuple syrien, mais aussi att\u00e9nuer les craintes (et l\u2019hostilit\u00e9) d\u2019un Occident de plus en plus prudent \u00e0 l\u2019\u00e9gard de la Tunisie post r\u00e9volutionnaire et de la mont\u00e9e au pouvoir du parti islamiste, Ennahdha&#8230;<\/p>\n","protected":false},"excerpt":{"rendered":"<p>Syrie : l\u2019occident emboite le pas \u00e0 la&#8230;Tunisie suivi des pays du golfe !<\/p>\n","protected":false},"author":3222,"featured_media":333786,"comment_status":"open","ping_status":"closed","sticky":false,"template":"","format":"standard","meta":{"footnotes":""},"categories":[44],"tags":[2600],"class_list":["post-172230","post","type-post","status-publish","format-standard","has-post-thumbnail","hentry","category-national","tag-guerre"],"yoast_head":"<!-- This site is optimized with the Yoast SEO Premium plugin v27.5 (Yoast SEO v27.5) - https:\/\/yoast.com\/product\/yoast-seo-premium-wordpress\/ -->\n<title>Syrie : l\u2019occident emboite le pas \u00e0 la...Tunisie suivi des pays du golfe !<\/title>\n<meta name=\"description\" content=\"Syrie : l\u2019occident emboite le pas \u00e0 la...Tunisie suivi des pays du golfe !\" \/>\n<link rel=\"canonical\" href=\"https:\/\/www.webdo.tn\/fr\/actualite\/national-45\/syrie-l-occident-emboite-le-pas-a-la-tunisie-suivi-des-pays-du-golfe\/172230\/\" \/>\n<meta property=\"og:locale\" content=\"fr_FR\" \/>\n<meta property=\"og:type\" content=\"article\" \/>\n<meta property=\"og:title\" content=\"Syrie : l\u2019occident emboite le pas \u00e0 la...Tunisie suivi des pays du golfe !\" \/>\n<meta property=\"og:description\" content=\"Syrie : l\u2019occident emboite le pas \u00e0 la...Tunisie suivi des pays du golfe !\" \/>\n<meta property=\"og:url\" content=\"https:\/\/www.webdo.tn\/fr\/actualite\/national-45\/syrie-l-occident-emboite-le-pas-a-la-tunisie-suivi-des-pays-du-golfe\/172230\/\" \/>\n<meta property=\"og:site_name\" content=\"webdo\" \/>\n<meta property=\"article:publisher\" content=\"https:\/\/www.facebook.com\/webdotn\" \/>\n<meta property=\"article:published_time\" content=\"2012-02-07T17:45:00+00:00\" \/>\n<meta property=\"og:image\" content=\"https:\/\/www.webdo.tn\/fr\/wp-content\/uploads\/2012\/02\/Ambassade-de-syrie-Londre-photo-teejayuk.blogspot.com_.jpg\" \/>\n\t<meta property=\"og:image:width\" content=\"227\" \/>\n\t<meta property=\"og:image:height\" content=\"303\" \/>\n\t<meta property=\"og:image:type\" content=\"image\/jpeg\" \/>\n<meta name=\"author\" content=\"webdo.tn\" \/>\n<meta name=\"twitter:card\" content=\"summary_large_image\" \/>\n<meta name=\"twitter:creator\" content=\"@webdo_tn\" \/>\n<meta name=\"twitter:site\" content=\"@webdo_tn\" \/>\n<meta name=\"twitter:label1\" content=\"\u00c9crit par\" \/>\n\t<meta name=\"twitter:data1\" content=\"webdo.tn\" \/>\n\t<meta name=\"twitter:label2\" content=\"Dur\u00e9e de lecture estim\u00e9e\" \/>\n\t<meta name=\"twitter:data2\" content=\"2 minutes\" \/>\n<script type=\"application\/ld+json\" class=\"yoast-schema-graph\">{\"@context\":\"https:\\\/\\\/schema.org\",\"@graph\":[{\"@type\":\"NewsArticle\",\"@id\":\"https:\\\/\\\/www.webdo.tn\\\/fr\\\/actualite\\\/national-45\\\/syrie-l-occident-emboite-le-pas-a-la-tunisie-suivi-des-pays-du-golfe\\\/172230\\\/#article\",\"isPartOf\":{\"@id\":\"https:\\\/\\\/www.webdo.tn\\\/fr\\\/actualite\\\/national-45\\\/syrie-l-occident-emboite-le-pas-a-la-tunisie-suivi-des-pays-du-golfe\\\/172230\\\/\"},\"author\":{\"name\":\"webdo.tn\",\"@id\":\"https:\\\/\\\/www.webdo.tn\\\/fr\\\/#\\\/schema\\\/person\\\/9a9c6118d687c117df8ef3cc36a4d175\"},\"headline\":\"Syrie : l\u2019occident emboite le pas \u00e0 la&#8230;Tunisie suivi des pays du golfe !\",\"datePublished\":\"2012-02-07T17:45:00+00:00\",\"mainEntityOfPage\":{\"@id\":\"https:\\\/\\\/www.webdo.tn\\\/fr\\\/actualite\\\/national-45\\\/syrie-l-occident-emboite-le-pas-a-la-tunisie-suivi-des-pays-du-golfe\\\/172230\\\/\"},\"wordCount\":317,\"commentCount\":0,\"publisher\":{\"@id\":\"https:\\\/\\\/www.webdo.tn\\\/fr\\\/#organization\"},\"image\":{\"@id\":\"https:\\\/\\\/www.webdo.tn\\\/fr\\\/actualite\\\/national-45\\\/syrie-l-occident-emboite-le-pas-a-la-tunisie-suivi-des-pays-du-golfe\\\/172230\\\/#primaryimage\"},\"thumbnailUrl\":\"https:\\\/\\\/www.webdo.tn\\\/fr\\\/wp-content\\\/uploads\\\/2012\\\/02\\\/Ambassade-de-syrie-Londre-photo-teejayuk.blogspot.com_.jpg\",\"keywords\":[\"guerre\"],\"articleSection\":[\"National\"],\"inLanguage\":\"fr-FR\"},{\"@type\":\"WebPage\",\"@id\":\"https:\\\/\\\/www.webdo.tn\\\/fr\\\/actualite\\\/national-45\\\/syrie-l-occident-emboite-le-pas-a-la-tunisie-suivi-des-pays-du-golfe\\\/172230\\\/\",\"url\":\"https:\\\/\\\/www.webdo.tn\\\/fr\\\/actualite\\\/national-45\\\/syrie-l-occident-emboite-le-pas-a-la-tunisie-suivi-des-pays-du-golfe\\\/172230\\\/\",\"name\":\"Syrie : l\u2019occident emboite le pas \u00e0 la...Tunisie suivi des pays du golfe !\",\"isPartOf\":{\"@id\":\"https:\\\/\\\/www.webdo.tn\\\/fr\\\/#website\"},\"primaryImageOfPage\":{\"@id\":\"https:\\\/\\\/www.webdo.tn\\\/fr\\\/actualite\\\/national-45\\\/syrie-l-occident-emboite-le-pas-a-la-tunisie-suivi-des-pays-du-golfe\\\/172230\\\/#primaryimage\"},\"image\":{\"@id\":\"https:\\\/\\\/www.webdo.tn\\\/fr\\\/actualite\\\/national-45\\\/syrie-l-occident-emboite-le-pas-a-la-tunisie-suivi-des-pays-du-golfe\\\/172230\\\/#primaryimage\"},\"thumbnailUrl\":\"https:\\\/\\\/www.webdo.tn\\\/fr\\\/wp-content\\\/uploads\\\/2012\\\/02\\\/Ambassade-de-syrie-Londre-photo-teejayuk.blogspot.com_.jpg\",\"datePublished\":\"2012-02-07T17:45:00+00:00\",\"description\":\"Syrie : l\u2019occident emboite le pas \u00e0 la...Tunisie suivi des pays du golfe !\",\"breadcrumb\":{\"@id\":\"https:\\\/\\\/www.webdo.tn\\\/fr\\\/actualite\\\/national-45\\\/syrie-l-occident-emboite-le-pas-a-la-tunisie-suivi-des-pays-du-golfe\\\/172230\\\/#breadcrumb\"},\"inLanguage\":\"fr-FR\",\"potentialAction\":[{\"@type\":\"ReadAction\",\"target\":[\"https:\\\/\\\/www.webdo.tn\\\/fr\\\/actualite\\\/national-45\\\/syrie-l-occident-emboite-le-pas-a-la-tunisie-suivi-des-pays-du-golfe\\\/172230\\\/\"]}]},{\"@type\":\"ImageObject\",\"inLanguage\":\"fr-FR\",\"@id\":\"https:\\\/\\\/www.webdo.tn\\\/fr\\\/actualite\\\/national-45\\\/syrie-l-occident-emboite-le-pas-a-la-tunisie-suivi-des-pays-du-golfe\\\/172230\\\/#primaryimage\",\"url\":\"https:\\\/\\\/www.webdo.tn\\\/fr\\\/wp-content\\\/uploads\\\/2012\\\/02\\\/Ambassade-de-syrie-Londre-photo-teejayuk.blogspot.com_.jpg\",\"contentUrl\":\"https:\\\/\\\/www.webdo.tn\\\/fr\\\/wp-content\\\/uploads\\\/2012\\\/02\\\/Ambassade-de-syrie-Londre-photo-teejayuk.blogspot.com_.jpg\",\"width\":227,\"height\":303,\"caption\":\"Syrie : l\u2019occident emboite le pas \u00e0 la...Tunisie suivi des pays du golfe !\"},{\"@type\":\"BreadcrumbList\",\"@id\":\"https:\\\/\\\/www.webdo.tn\\\/fr\\\/actualite\\\/national-45\\\/syrie-l-occident-emboite-le-pas-a-la-tunisie-suivi-des-pays-du-golfe\\\/172230\\\/#breadcrumb\",\"itemListElement\":[{\"@type\":\"ListItem\",\"position\":1,\"name\":\"Accueil\",\"item\":\"https:\\\/\\\/www.webdo.tn\\\/fr\\\/\"},{\"@type\":\"ListItem\",\"position\":2,\"name\":\"Syrie : l\u2019occident emboite le pas \u00e0 la&#8230;Tunisie suivi des pays du golfe !\"}]},{\"@type\":\"WebSite\",\"@id\":\"https:\\\/\\\/www.webdo.tn\\\/fr\\\/#website\",\"url\":\"https:\\\/\\\/www.webdo.tn\\\/fr\\\/\",\"name\":\"webdo\",\"description\":\"Tunisie - News en Tunisie et \u00e0 l&#039;international sur Webdo.tn\",\"publisher\":{\"@id\":\"https:\\\/\\\/www.webdo.tn\\\/fr\\\/#organization\"},\"potentialAction\":[{\"@type\":\"SearchAction\",\"target\":{\"@type\":\"EntryPoint\",\"urlTemplate\":\"https:\\\/\\\/www.webdo.tn\\\/fr\\\/?s={search_term_string}\"},\"query-input\":{\"@type\":\"PropertyValueSpecification\",\"valueRequired\":true,\"valueName\":\"search_term_string\"}}],\"inLanguage\":\"fr-FR\"},{\"@type\":\"Organization\",\"@id\":\"https:\\\/\\\/www.webdo.tn\\\/fr\\\/#organization\",\"name\":\"Webdo\",\"alternateName\":\"Webdo.tn\",\"url\":\"https:\\\/\\\/www.webdo.tn\\\/fr\\\/\",\"logo\":{\"@type\":\"ImageObject\",\"inLanguage\":\"fr-FR\",\"@id\":\"https:\\\/\\\/www.webdo.tn\\\/fr\\\/#\\\/schema\\\/logo\\\/image\\\/\",\"url\":\"https:\\\/\\\/www.webdo.tn\\\/fr\\\/wp-content\\\/uploads\\\/2025\\\/06\\\/Webdo-Tunisie_168377.jpg\",\"contentUrl\":\"https:\\\/\\\/www.webdo.tn\\\/fr\\\/wp-content\\\/uploads\\\/2025\\\/06\\\/Webdo-Tunisie_168377.jpg\",\"width\":301,\"height\":301,\"caption\":\"Webdo\"},\"image\":{\"@id\":\"https:\\\/\\\/www.webdo.tn\\\/fr\\\/#\\\/schema\\\/logo\\\/image\\\/\"},\"sameAs\":[\"https:\\\/\\\/www.facebook.com\\\/webdotn\",\"https:\\\/\\\/x.com\\\/webdo_tn\"],\"description\":\"Webdo est un m\u00e9dia num\u00e9rique tunisien fond\u00e9 en 2010, sp\u00e9cialis\u00e9 dans l\u2019actualit\u00e9 nationale et internationale, l\u2019\u00e9conomie, la soci\u00e9t\u00e9 et les analyses politiques. Le site s\u2019adresse \u00e0 un large public francophone et couvre l\u2019information tunisienne en temps r\u00e9el.\",\"email\":\"redac@webdo.tn\",\"legalName\":\"YNJ SARL\",\"foundingDate\":\"2010-09-06\",\"numberOfEmployees\":{\"@type\":\"QuantitativeValue\",\"minValue\":\"11\",\"maxValue\":\"50\"}},{\"@type\":\"Person\",\"@id\":\"https:\\\/\\\/www.webdo.tn\\\/fr\\\/#\\\/schema\\\/person\\\/9a9c6118d687c117df8ef3cc36a4d175\",\"name\":\"webdo.tn\",\"image\":{\"@type\":\"ImageObject\",\"inLanguage\":\"fr-FR\",\"@id\":\"https:\\\/\\\/secure.gravatar.com\\\/avatar\\\/7ce1f28c0c3bbac99ff550b85ef8e44a6950c6ee24514fb6a5489e51d06f0298?s=96&d=mm&r=g\",\"url\":\"https:\\\/\\\/secure.gravatar.com\\\/avatar\\\/7ce1f28c0c3bbac99ff550b85ef8e44a6950c6ee24514fb6a5489e51d06f0298?s=96&d=mm&r=g\",\"contentUrl\":\"https:\\\/\\\/secure.gravatar.com\\\/avatar\\\/7ce1f28c0c3bbac99ff550b85ef8e44a6950c6ee24514fb6a5489e51d06f0298?s=96&d=mm&r=g\",\"caption\":\"webdo.tn\"},\"url\":\"https:\\\/\\\/www.webdo.tn\\\/fr\\\/actualite\\\/author\\\/webdotn\\\/\"}]}<\/script>\n<!-- \/ Yoast SEO Premium plugin. -->","yoast_head_json":{"title":"Syrie : l\u2019occident emboite le pas \u00e0 la...Tunisie suivi des pays du golfe !","description":"Syrie : l\u2019occident emboite le pas \u00e0 la...Tunisie suivi des pays du golfe !","canonical":"https:\/\/www.webdo.tn\/fr\/actualite\/national-45\/syrie-l-occident-emboite-le-pas-a-la-tunisie-suivi-des-pays-du-golfe\/172230\/","og_locale":"fr_FR","og_type":"article","og_title":"Syrie : l\u2019occident emboite le pas \u00e0 la...Tunisie suivi des pays du golfe !","og_description":"Syrie : l\u2019occident emboite le pas \u00e0 la...Tunisie suivi des pays du golfe !","og_url":"https:\/\/www.webdo.tn\/fr\/actualite\/national-45\/syrie-l-occident-emboite-le-pas-a-la-tunisie-suivi-des-pays-du-golfe\/172230\/","og_site_name":"webdo","article_publisher":"https:\/\/www.facebook.com\/webdotn","article_published_time":"2012-02-07T17:45:00+00:00","og_image":[{"width":227,"height":303,"url":"https:\/\/www.webdo.tn\/fr\/wp-content\/uploads\/2012\/02\/Ambassade-de-syrie-Londre-photo-teejayuk.blogspot.com_.jpg","type":"image\/jpeg"}],"author":"webdo.tn","twitter_card":"summary_large_image","twitter_creator":"@webdo_tn","twitter_site":"@webdo_tn","twitter_misc":{"\u00c9crit par":"webdo.tn","Dur\u00e9e de lecture estim\u00e9e":"2 minutes"},"schema":{"@context":"https:\/\/schema.org","@graph":[{"@type":"NewsArticle","@id":"https:\/\/www.webdo.tn\/fr\/actualite\/national-45\/syrie-l-occident-emboite-le-pas-a-la-tunisie-suivi-des-pays-du-golfe\/172230\/#article","isPartOf":{"@id":"https:\/\/www.webdo.tn\/fr\/actualite\/national-45\/syrie-l-occident-emboite-le-pas-a-la-tunisie-suivi-des-pays-du-golfe\/172230\/"},"author":{"name":"webdo.tn","@id":"https:\/\/www.webdo.tn\/fr\/#\/schema\/person\/9a9c6118d687c117df8ef3cc36a4d175"},"headline":"Syrie : l\u2019occident emboite le pas \u00e0 la&#8230;Tunisie suivi des pays du golfe !","datePublished":"2012-02-07T17:45:00+00:00","mainEntityOfPage":{"@id":"https:\/\/www.webdo.tn\/fr\/actualite\/national-45\/syrie-l-occident-emboite-le-pas-a-la-tunisie-suivi-des-pays-du-golfe\/172230\/"},"wordCount":317,"commentCount":0,"publisher":{"@id":"https:\/\/www.webdo.tn\/fr\/#organization"},"image":{"@id":"https:\/\/www.webdo.tn\/fr\/actualite\/national-45\/syrie-l-occident-emboite-le-pas-a-la-tunisie-suivi-des-pays-du-golfe\/172230\/#primaryimage"},"thumbnailUrl":"https:\/\/www.webdo.tn\/fr\/wp-content\/uploads\/2012\/02\/Ambassade-de-syrie-Londre-photo-teejayuk.blogspot.com_.jpg","keywords":["guerre"],"articleSection":["National"],"inLanguage":"fr-FR"},{"@type":"WebPage","@id":"https:\/\/www.webdo.tn\/fr\/actualite\/national-45\/syrie-l-occident-emboite-le-pas-a-la-tunisie-suivi-des-pays-du-golfe\/172230\/","url":"https:\/\/www.webdo.tn\/fr\/actualite\/national-45\/syrie-l-occident-emboite-le-pas-a-la-tunisie-suivi-des-pays-du-golfe\/172230\/","name":"Syrie : l\u2019occident emboite le pas \u00e0 la...Tunisie suivi des pays du golfe !","isPartOf":{"@id":"https:\/\/www.webdo.tn\/fr\/#website"},"primaryImageOfPage":{"@id":"https:\/\/www.webdo.tn\/fr\/actualite\/national-45\/syrie-l-occident-emboite-le-pas-a-la-tunisie-suivi-des-pays-du-golfe\/172230\/#primaryimage"},"image":{"@id":"https:\/\/www.webdo.tn\/fr\/actualite\/national-45\/syrie-l-occident-emboite-le-pas-a-la-tunisie-suivi-des-pays-du-golfe\/172230\/#primaryimage"},"thumbnailUrl":"https:\/\/www.webdo.tn\/fr\/wp-content\/uploads\/2012\/02\/Ambassade-de-syrie-Londre-photo-teejayuk.blogspot.com_.jpg","datePublished":"2012-02-07T17:45:00+00:00","description":"Syrie : l\u2019occident emboite le pas \u00e0 la...Tunisie suivi des pays du golfe !","breadcrumb":{"@id":"https:\/\/www.webdo.tn\/fr\/actualite\/national-45\/syrie-l-occident-emboite-le-pas-a-la-tunisie-suivi-des-pays-du-golfe\/172230\/#breadcrumb"},"inLanguage":"fr-FR","potentialAction":[{"@type":"ReadAction","target":["https:\/\/www.webdo.tn\/fr\/actualite\/national-45\/syrie-l-occident-emboite-le-pas-a-la-tunisie-suivi-des-pays-du-golfe\/172230\/"]}]},{"@type":"ImageObject","inLanguage":"fr-FR","@id":"https:\/\/www.webdo.tn\/fr\/actualite\/national-45\/syrie-l-occident-emboite-le-pas-a-la-tunisie-suivi-des-pays-du-golfe\/172230\/#primaryimage","url":"https:\/\/www.webdo.tn\/fr\/wp-content\/uploads\/2012\/02\/Ambassade-de-syrie-Londre-photo-teejayuk.blogspot.com_.jpg","contentUrl":"https:\/\/www.webdo.tn\/fr\/wp-content\/uploads\/2012\/02\/Ambassade-de-syrie-Londre-photo-teejayuk.blogspot.com_.jpg","width":227,"height":303,"caption":"Syrie : l\u2019occident emboite le pas \u00e0 la...Tunisie suivi des pays du golfe !"},{"@type":"BreadcrumbList","@id":"https:\/\/www.webdo.tn\/fr\/actualite\/national-45\/syrie-l-occident-emboite-le-pas-a-la-tunisie-suivi-des-pays-du-golfe\/172230\/#breadcrumb","itemListElement":[{"@type":"ListItem","position":1,"name":"Accueil","item":"https:\/\/www.webdo.tn\/fr\/"},{"@type":"ListItem","position":2,"name":"Syrie : l\u2019occident emboite le pas \u00e0 la&#8230;Tunisie suivi des pays du golfe !"}]},{"@type":"WebSite","@id":"https:\/\/www.webdo.tn\/fr\/#website","url":"https:\/\/www.webdo.tn\/fr\/","name":"webdo","description":"Tunisie - News en Tunisie et \u00e0 l&#039;international sur Webdo.tn","publisher":{"@id":"https:\/\/www.webdo.tn\/fr\/#organization"},"potentialAction":[{"@type":"SearchAction","target":{"@type":"EntryPoint","urlTemplate":"https:\/\/www.webdo.tn\/fr\/?s={search_term_string}"},"query-input":{"@type":"PropertyValueSpecification","valueRequired":true,"valueName":"search_term_string"}}],"inLanguage":"fr-FR"},{"@type":"Organization","@id":"https:\/\/www.webdo.tn\/fr\/#organization","name":"Webdo","alternateName":"Webdo.tn","url":"https:\/\/www.webdo.tn\/fr\/","logo":{"@type":"ImageObject","inLanguage":"fr-FR","@id":"https:\/\/www.webdo.tn\/fr\/#\/schema\/logo\/image\/","url":"https:\/\/www.webdo.tn\/fr\/wp-content\/uploads\/2025\/06\/Webdo-Tunisie_168377.jpg","contentUrl":"https:\/\/www.webdo.tn\/fr\/wp-content\/uploads\/2025\/06\/Webdo-Tunisie_168377.jpg","width":301,"height":301,"caption":"Webdo"},"image":{"@id":"https:\/\/www.webdo.tn\/fr\/#\/schema\/logo\/image\/"},"sameAs":["https:\/\/www.facebook.com\/webdotn","https:\/\/x.com\/webdo_tn"],"description":"Webdo est un m\u00e9dia num\u00e9rique tunisien fond\u00e9 en 2010, sp\u00e9cialis\u00e9 dans l\u2019actualit\u00e9 nationale et internationale, l\u2019\u00e9conomie, la soci\u00e9t\u00e9 et les analyses politiques. Le site s\u2019adresse \u00e0 un large public francophone et couvre l\u2019information tunisienne en temps r\u00e9el.","email":"redac@webdo.tn","legalName":"YNJ SARL","foundingDate":"2010-09-06","numberOfEmployees":{"@type":"QuantitativeValue","minValue":"11","maxValue":"50"}},{"@type":"Person","@id":"https:\/\/www.webdo.tn\/fr\/#\/schema\/person\/9a9c6118d687c117df8ef3cc36a4d175","name":"webdo.tn","image":{"@type":"ImageObject","inLanguage":"fr-FR","@id":"https:\/\/secure.gravatar.com\/avatar\/7ce1f28c0c3bbac99ff550b85ef8e44a6950c6ee24514fb6a5489e51d06f0298?s=96&d=mm&r=g","url":"https:\/\/secure.gravatar.com\/avatar\/7ce1f28c0c3bbac99ff550b85ef8e44a6950c6ee24514fb6a5489e51d06f0298?s=96&d=mm&r=g","contentUrl":"https:\/\/secure.gravatar.com\/avatar\/7ce1f28c0c3bbac99ff550b85ef8e44a6950c6ee24514fb6a5489e51d06f0298?s=96&d=mm&r=g","caption":"webdo.tn"},"url":"https:\/\/www.webdo.tn\/fr\/actualite\/author\/webdotn\/"}]}},"_links":{"self":[{"href":"https:\/\/www.webdo.tn\/fr\/wp-json\/wp\/v2\/posts\/172230","targetHints":{"allow":["GET"]}}],"collection":[{"href":"https:\/\/www.webdo.tn\/fr\/wp-json\/wp\/v2\/posts"}],"about":[{"href":"https:\/\/www.webdo.tn\/fr\/wp-json\/wp\/v2\/types\/post"}],"author":[{"embeddable":true,"href":"https:\/\/www.webdo.tn\/fr\/wp-json\/wp\/v2\/users\/3222"}],"replies":[{"embeddable":true,"href":"https:\/\/www.webdo.tn\/fr\/wp-json\/wp\/v2\/comments?post=172230"}],"version-history":[{"count":0,"href":"https:\/\/www.webdo.tn\/fr\/wp-json\/wp\/v2\/posts\/172230\/revisions"}],"wp:featuredmedia":[{"embeddable":true,"href":"https:\/\/www.webdo.tn\/fr\/wp-json\/wp\/v2\/media\/333786"}],"wp:attachment":[{"href":"https:\/\/www.webdo.tn\/fr\/wp-json\/wp\/v2\/media?parent=172230"}],"wp:term":[{"taxonomy":"category","embeddable":true,"href":"https:\/\/www.webdo.tn\/fr\/wp-json\/wp\/v2\/categories?post=172230"},{"taxonomy":"post_tag","embeddable":true,"href":"https:\/\/www.webdo.tn\/fr\/wp-json\/wp\/v2\/tags?post=172230"}],"curies":[{"name":"wp","href":"https:\/\/api.w.org\/{rel}","templated":true}]}}