{"id":172229,"date":"2012-02-07T20:24:00","date_gmt":"2012-02-07T20:24:00","guid":{"rendered":"https:\/\/www.webdo.tn\/fr\/blog\/le-13-fevrier-lertt-pourra-utiliser-ou-non-le-mot-provisoire\/172229\/"},"modified":"2012-02-07T20:24:00","modified_gmt":"2012-02-07T20:24:00","slug":"le-13-fevrier-lertt-pourra-utiliser-ou-non-le-mot-provisoire","status":"publish","type":"post","link":"https:\/\/www.webdo.tn\/fr\/actualite\/national\/le-13-fevrier-lertt-pourra-utiliser-ou-non-le-mot-provisoire\/172229\/","title":{"rendered":"Le 13 f\u00e9vrier, l&rsquo;ETT pourra utiliser ou non le mot \u00ab\u00a0provisoire\u00a0\u00bb !"},"content":{"rendered":"<p>Le tribunal de Premi\u00e8re instance vient de fixer au 13 f\u00e9vrier le verdict du proc\u00e8s contre l&rsquo;\u00c9tablissement de la t\u00e9l\u00e9vision tunisienne (ETT), intent\u00e9 par un avocat pour l&rsquo;utilisation du mot \u00ab\u00a0provisoire\u00a0\u00bb \u00e0 propos du pr\u00e9sident Marzouki et du gouvernement, selon le quotidien Assabah.<\/p>\n<p>D&rsquo;apr\u00e8s l\u2019avocat plaignant, cette qualification de \u00ab\u00a0provisoire\u00a0\u00bb est ill\u00e9gale, car seule la loi organisatrice des pouvoirs publics l&rsquo;est (comprenez provisoire).<\/p>\n<p>Selon cette m\u00eame loi, le mot \u00ab\u00a0provisoire\u00a0\u00bb n\u2019existe pas pour qualifier la nomination du Pr\u00e9sident de la R\u00e9publique. L&rsquo;avocat en question va m\u00eame jusqu&rsquo;\u00e0 juger que l&rsquo;utilisation de cette appellation \u00ab\u00a0provisoire\u00a0\u00bb peut nuire \u00e0 la s\u00e9curit\u00e9.<\/p>\n<p>\u00c0 l&rsquo;heure o\u00f9 notre \u00e9conomie a du mal \u00e0 d\u00e9coller, o\u00f9 des milliers de nos concitoyens souffrent le martyr suite \u00e0 la vague de froid qui s&rsquo;est abattue sur le pays, et que notre pays conna\u00eet plusieurs situations difficiles, il faut vraiment \u00eatre \u00e0 c\u00f4t\u00e9 de la plaque (de verglas) pour faire un proc\u00e8s \u00e0 cause d\u2019un mot sans grande utilit\u00e9&#8230;<\/p>\n","protected":false},"excerpt":{"rendered":"<p>Le 13 f\u00e9vrier, l&rsquo;ETT pourra utiliser ou non le mot  provisoire  !<\/p>\n","protected":false},"author":3222,"featured_media":333787,"comment_status":"open","ping_status":"closed","sticky":false,"template":"","format":"standard","meta":{"footnotes":""},"categories":[44],"tags":[2600],"class_list":["post-172229","post","type-post","status-publish","format-standard","has-post-thumbnail","hentry","category-national","tag-guerre"],"yoast_head":"<!-- This site is optimized with the Yoast SEO Premium plugin v27.5 (Yoast SEO v27.5) - https:\/\/yoast.com\/product\/yoast-seo-premium-wordpress\/ -->\n<title>Le 13 f\u00e9vrier, l&#039;ETT pourra utiliser ou non le mot provisoire !<\/title>\n<meta name=\"description\" content=\"Le 13 f\u00e9vrier, l&#039;ETT pourra utiliser ou non le mot provisoire !\" \/>\n<link rel=\"canonical\" href=\"https:\/\/www.webdo.tn\/fr\/actualite\/national-45\/le-13-fevrier-lertt-pourra-utiliser-ou-non-le-mot-provisoire\/172229\/\" \/>\n<meta property=\"og:locale\" content=\"fr_FR\" \/>\n<meta property=\"og:type\" content=\"article\" \/>\n<meta property=\"og:title\" content=\"Le 13 f\u00e9vrier, l&#039;ETT pourra utiliser ou non le mot &quot;provisoire&quot; !\" \/>\n<meta property=\"og:description\" content=\"Le 13 f\u00e9vrier, l&#039;ETT pourra utiliser ou non le mot provisoire !\" \/>\n<meta property=\"og:url\" content=\"https:\/\/www.webdo.tn\/fr\/actualite\/national-45\/le-13-fevrier-lertt-pourra-utiliser-ou-non-le-mot-provisoire\/172229\/\" \/>\n<meta property=\"og:site_name\" content=\"webdo\" \/>\n<meta property=\"article:publisher\" content=\"https:\/\/www.facebook.com\/webdotn\" \/>\n<meta property=\"article:published_time\" content=\"2012-02-07T20:24:00+00:00\" \/>\n<meta property=\"og:image\" content=\"https:\/\/www.webdo.tn\/fr\/wp-content\/uploads\/2012\/02\/marzouki-150x150-1.jpg\" \/>\n\t<meta property=\"og:image:width\" content=\"150\" \/>\n\t<meta property=\"og:image:height\" content=\"150\" \/>\n\t<meta property=\"og:image:type\" content=\"image\/jpeg\" \/>\n<meta name=\"author\" content=\"webdo.tn\" \/>\n<meta name=\"twitter:card\" content=\"summary_large_image\" \/>\n<meta name=\"twitter:creator\" content=\"@webdo_tn\" \/>\n<meta name=\"twitter:site\" content=\"@webdo_tn\" \/>\n<meta name=\"twitter:label1\" content=\"\u00c9crit par\" \/>\n\t<meta name=\"twitter:data1\" content=\"webdo.tn\" \/>\n\t<meta name=\"twitter:label2\" content=\"Dur\u00e9e de lecture estim\u00e9e\" \/>\n\t<meta name=\"twitter:data2\" content=\"1 minute\" \/>\n<script type=\"application\/ld+json\" class=\"yoast-schema-graph\">{\"@context\":\"https:\\\/\\\/schema.org\",\"@graph\":[{\"@type\":\"NewsArticle\",\"@id\":\"https:\\\/\\\/www.webdo.tn\\\/fr\\\/actualite\\\/national-45\\\/le-13-fevrier-lertt-pourra-utiliser-ou-non-le-mot-provisoire\\\/172229\\\/#article\",\"isPartOf\":{\"@id\":\"https:\\\/\\\/www.webdo.tn\\\/fr\\\/actualite\\\/national-45\\\/le-13-fevrier-lertt-pourra-utiliser-ou-non-le-mot-provisoire\\\/172229\\\/\"},\"author\":{\"name\":\"webdo.tn\",\"@id\":\"https:\\\/\\\/www.webdo.tn\\\/fr\\\/#\\\/schema\\\/person\\\/9a9c6118d687c117df8ef3cc36a4d175\"},\"headline\":\"Le 13 f\u00e9vrier, l&rsquo;ETT pourra utiliser ou non le mot \u00ab\u00a0provisoire\u00a0\u00bb !\",\"datePublished\":\"2012-02-07T20:24:00+00:00\",\"mainEntityOfPage\":{\"@id\":\"https:\\\/\\\/www.webdo.tn\\\/fr\\\/actualite\\\/national-45\\\/le-13-fevrier-lertt-pourra-utiliser-ou-non-le-mot-provisoire\\\/172229\\\/\"},\"wordCount\":192,\"commentCount\":0,\"publisher\":{\"@id\":\"https:\\\/\\\/www.webdo.tn\\\/fr\\\/#organization\"},\"image\":{\"@id\":\"https:\\\/\\\/www.webdo.tn\\\/fr\\\/actualite\\\/national-45\\\/le-13-fevrier-lertt-pourra-utiliser-ou-non-le-mot-provisoire\\\/172229\\\/#primaryimage\"},\"thumbnailUrl\":\"https:\\\/\\\/www.webdo.tn\\\/fr\\\/wp-content\\\/uploads\\\/2012\\\/02\\\/marzouki-150x150-1.jpg\",\"keywords\":[\"guerre\"],\"articleSection\":[\"National\"],\"inLanguage\":\"fr-FR\"},{\"@type\":\"WebPage\",\"@id\":\"https:\\\/\\\/www.webdo.tn\\\/fr\\\/actualite\\\/national-45\\\/le-13-fevrier-lertt-pourra-utiliser-ou-non-le-mot-provisoire\\\/172229\\\/\",\"url\":\"https:\\\/\\\/www.webdo.tn\\\/fr\\\/actualite\\\/national-45\\\/le-13-fevrier-lertt-pourra-utiliser-ou-non-le-mot-provisoire\\\/172229\\\/\",\"name\":\"Le 13 f\u00e9vrier, l'ETT pourra utiliser ou non le mot provisoire !\",\"isPartOf\":{\"@id\":\"https:\\\/\\\/www.webdo.tn\\\/fr\\\/#website\"},\"primaryImageOfPage\":{\"@id\":\"https:\\\/\\\/www.webdo.tn\\\/fr\\\/actualite\\\/national-45\\\/le-13-fevrier-lertt-pourra-utiliser-ou-non-le-mot-provisoire\\\/172229\\\/#primaryimage\"},\"image\":{\"@id\":\"https:\\\/\\\/www.webdo.tn\\\/fr\\\/actualite\\\/national-45\\\/le-13-fevrier-lertt-pourra-utiliser-ou-non-le-mot-provisoire\\\/172229\\\/#primaryimage\"},\"thumbnailUrl\":\"https:\\\/\\\/www.webdo.tn\\\/fr\\\/wp-content\\\/uploads\\\/2012\\\/02\\\/marzouki-150x150-1.jpg\",\"datePublished\":\"2012-02-07T20:24:00+00:00\",\"description\":\"Le 13 f\u00e9vrier, l'ETT pourra utiliser ou non le mot provisoire !\",\"breadcrumb\":{\"@id\":\"https:\\\/\\\/www.webdo.tn\\\/fr\\\/actualite\\\/national-45\\\/le-13-fevrier-lertt-pourra-utiliser-ou-non-le-mot-provisoire\\\/172229\\\/#breadcrumb\"},\"inLanguage\":\"fr-FR\",\"potentialAction\":[{\"@type\":\"ReadAction\",\"target\":[\"https:\\\/\\\/www.webdo.tn\\\/fr\\\/actualite\\\/national-45\\\/le-13-fevrier-lertt-pourra-utiliser-ou-non-le-mot-provisoire\\\/172229\\\/\"]}]},{\"@type\":\"ImageObject\",\"inLanguage\":\"fr-FR\",\"@id\":\"https:\\\/\\\/www.webdo.tn\\\/fr\\\/actualite\\\/national-45\\\/le-13-fevrier-lertt-pourra-utiliser-ou-non-le-mot-provisoire\\\/172229\\\/#primaryimage\",\"url\":\"https:\\\/\\\/www.webdo.tn\\\/fr\\\/wp-content\\\/uploads\\\/2012\\\/02\\\/marzouki-150x150-1.jpg\",\"contentUrl\":\"https:\\\/\\\/www.webdo.tn\\\/fr\\\/wp-content\\\/uploads\\\/2012\\\/02\\\/marzouki-150x150-1.jpg\",\"width\":150,\"height\":150,\"caption\":\"Le 13 f\u00e9vrier, l'ETT pourra utiliser ou non le mot \\\"provisoire\\\" !\"},{\"@type\":\"BreadcrumbList\",\"@id\":\"https:\\\/\\\/www.webdo.tn\\\/fr\\\/actualite\\\/national-45\\\/le-13-fevrier-lertt-pourra-utiliser-ou-non-le-mot-provisoire\\\/172229\\\/#breadcrumb\",\"itemListElement\":[{\"@type\":\"ListItem\",\"position\":1,\"name\":\"Accueil\",\"item\":\"https:\\\/\\\/www.webdo.tn\\\/fr\\\/\"},{\"@type\":\"ListItem\",\"position\":2,\"name\":\"Le 13 f\u00e9vrier, l&rsquo;ETT pourra utiliser ou non le mot \u00ab\u00a0provisoire\u00a0\u00bb !\"}]},{\"@type\":\"WebSite\",\"@id\":\"https:\\\/\\\/www.webdo.tn\\\/fr\\\/#website\",\"url\":\"https:\\\/\\\/www.webdo.tn\\\/fr\\\/\",\"name\":\"webdo\",\"description\":\"Tunisie - News en Tunisie et \u00e0 l&#039;international sur Webdo.tn\",\"publisher\":{\"@id\":\"https:\\\/\\\/www.webdo.tn\\\/fr\\\/#organization\"},\"potentialAction\":[{\"@type\":\"SearchAction\",\"target\":{\"@type\":\"EntryPoint\",\"urlTemplate\":\"https:\\\/\\\/www.webdo.tn\\\/fr\\\/?s={search_term_string}\"},\"query-input\":{\"@type\":\"PropertyValueSpecification\",\"valueRequired\":true,\"valueName\":\"search_term_string\"}}],\"inLanguage\":\"fr-FR\"},{\"@type\":\"Organization\",\"@id\":\"https:\\\/\\\/www.webdo.tn\\\/fr\\\/#organization\",\"name\":\"Webdo\",\"alternateName\":\"Webdo.tn\",\"url\":\"https:\\\/\\\/www.webdo.tn\\\/fr\\\/\",\"logo\":{\"@type\":\"ImageObject\",\"inLanguage\":\"fr-FR\",\"@id\":\"https:\\\/\\\/www.webdo.tn\\\/fr\\\/#\\\/schema\\\/logo\\\/image\\\/\",\"url\":\"https:\\\/\\\/www.webdo.tn\\\/fr\\\/wp-content\\\/uploads\\\/2025\\\/06\\\/Webdo-Tunisie_168377.jpg\",\"contentUrl\":\"https:\\\/\\\/www.webdo.tn\\\/fr\\\/wp-content\\\/uploads\\\/2025\\\/06\\\/Webdo-Tunisie_168377.jpg\",\"width\":301,\"height\":301,\"caption\":\"Webdo\"},\"image\":{\"@id\":\"https:\\\/\\\/www.webdo.tn\\\/fr\\\/#\\\/schema\\\/logo\\\/image\\\/\"},\"sameAs\":[\"https:\\\/\\\/www.facebook.com\\\/webdotn\",\"https:\\\/\\\/x.com\\\/webdo_tn\"],\"description\":\"Webdo est un m\u00e9dia num\u00e9rique tunisien fond\u00e9 en 2010, sp\u00e9cialis\u00e9 dans l\u2019actualit\u00e9 nationale et internationale, l\u2019\u00e9conomie, la soci\u00e9t\u00e9 et les analyses politiques. Le site s\u2019adresse \u00e0 un large public francophone et couvre l\u2019information tunisienne en temps r\u00e9el.\",\"email\":\"redac@webdo.tn\",\"legalName\":\"YNJ SARL\",\"foundingDate\":\"2010-09-06\",\"numberOfEmployees\":{\"@type\":\"QuantitativeValue\",\"minValue\":\"11\",\"maxValue\":\"50\"}},{\"@type\":\"Person\",\"@id\":\"https:\\\/\\\/www.webdo.tn\\\/fr\\\/#\\\/schema\\\/person\\\/9a9c6118d687c117df8ef3cc36a4d175\",\"name\":\"webdo.tn\",\"image\":{\"@type\":\"ImageObject\",\"inLanguage\":\"fr-FR\",\"@id\":\"https:\\\/\\\/secure.gravatar.com\\\/avatar\\\/7ce1f28c0c3bbac99ff550b85ef8e44a6950c6ee24514fb6a5489e51d06f0298?s=96&d=mm&r=g\",\"url\":\"https:\\\/\\\/secure.gravatar.com\\\/avatar\\\/7ce1f28c0c3bbac99ff550b85ef8e44a6950c6ee24514fb6a5489e51d06f0298?s=96&d=mm&r=g\",\"contentUrl\":\"https:\\\/\\\/secure.gravatar.com\\\/avatar\\\/7ce1f28c0c3bbac99ff550b85ef8e44a6950c6ee24514fb6a5489e51d06f0298?s=96&d=mm&r=g\",\"caption\":\"webdo.tn\"},\"url\":\"https:\\\/\\\/www.webdo.tn\\\/fr\\\/actualite\\\/author\\\/webdotn\\\/\"}]}<\/script>\n<!-- \/ Yoast SEO Premium plugin. -->","yoast_head_json":{"title":"Le 13 f\u00e9vrier, l'ETT pourra utiliser ou non le mot provisoire !","description":"Le 13 f\u00e9vrier, l'ETT pourra utiliser ou non le mot provisoire !","canonical":"https:\/\/www.webdo.tn\/fr\/actualite\/national-45\/le-13-fevrier-lertt-pourra-utiliser-ou-non-le-mot-provisoire\/172229\/","og_locale":"fr_FR","og_type":"article","og_title":"Le 13 f\u00e9vrier, l'ETT pourra utiliser ou non le mot \"provisoire\" !","og_description":"Le 13 f\u00e9vrier, l'ETT pourra utiliser ou non le mot provisoire !","og_url":"https:\/\/www.webdo.tn\/fr\/actualite\/national-45\/le-13-fevrier-lertt-pourra-utiliser-ou-non-le-mot-provisoire\/172229\/","og_site_name":"webdo","article_publisher":"https:\/\/www.facebook.com\/webdotn","article_published_time":"2012-02-07T20:24:00+00:00","og_image":[{"width":150,"height":150,"url":"https:\/\/www.webdo.tn\/fr\/wp-content\/uploads\/2012\/02\/marzouki-150x150-1.jpg","type":"image\/jpeg"}],"author":"webdo.tn","twitter_card":"summary_large_image","twitter_creator":"@webdo_tn","twitter_site":"@webdo_tn","twitter_misc":{"\u00c9crit par":"webdo.tn","Dur\u00e9e de lecture estim\u00e9e":"1 minute"},"schema":{"@context":"https:\/\/schema.org","@graph":[{"@type":"NewsArticle","@id":"https:\/\/www.webdo.tn\/fr\/actualite\/national-45\/le-13-fevrier-lertt-pourra-utiliser-ou-non-le-mot-provisoire\/172229\/#article","isPartOf":{"@id":"https:\/\/www.webdo.tn\/fr\/actualite\/national-45\/le-13-fevrier-lertt-pourra-utiliser-ou-non-le-mot-provisoire\/172229\/"},"author":{"name":"webdo.tn","@id":"https:\/\/www.webdo.tn\/fr\/#\/schema\/person\/9a9c6118d687c117df8ef3cc36a4d175"},"headline":"Le 13 f\u00e9vrier, l&rsquo;ETT pourra utiliser ou non le mot \u00ab\u00a0provisoire\u00a0\u00bb !","datePublished":"2012-02-07T20:24:00+00:00","mainEntityOfPage":{"@id":"https:\/\/www.webdo.tn\/fr\/actualite\/national-45\/le-13-fevrier-lertt-pourra-utiliser-ou-non-le-mot-provisoire\/172229\/"},"wordCount":192,"commentCount":0,"publisher":{"@id":"https:\/\/www.webdo.tn\/fr\/#organization"},"image":{"@id":"https:\/\/www.webdo.tn\/fr\/actualite\/national-45\/le-13-fevrier-lertt-pourra-utiliser-ou-non-le-mot-provisoire\/172229\/#primaryimage"},"thumbnailUrl":"https:\/\/www.webdo.tn\/fr\/wp-content\/uploads\/2012\/02\/marzouki-150x150-1.jpg","keywords":["guerre"],"articleSection":["National"],"inLanguage":"fr-FR"},{"@type":"WebPage","@id":"https:\/\/www.webdo.tn\/fr\/actualite\/national-45\/le-13-fevrier-lertt-pourra-utiliser-ou-non-le-mot-provisoire\/172229\/","url":"https:\/\/www.webdo.tn\/fr\/actualite\/national-45\/le-13-fevrier-lertt-pourra-utiliser-ou-non-le-mot-provisoire\/172229\/","name":"Le 13 f\u00e9vrier, l'ETT pourra utiliser ou non le mot provisoire !","isPartOf":{"@id":"https:\/\/www.webdo.tn\/fr\/#website"},"primaryImageOfPage":{"@id":"https:\/\/www.webdo.tn\/fr\/actualite\/national-45\/le-13-fevrier-lertt-pourra-utiliser-ou-non-le-mot-provisoire\/172229\/#primaryimage"},"image":{"@id":"https:\/\/www.webdo.tn\/fr\/actualite\/national-45\/le-13-fevrier-lertt-pourra-utiliser-ou-non-le-mot-provisoire\/172229\/#primaryimage"},"thumbnailUrl":"https:\/\/www.webdo.tn\/fr\/wp-content\/uploads\/2012\/02\/marzouki-150x150-1.jpg","datePublished":"2012-02-07T20:24:00+00:00","description":"Le 13 f\u00e9vrier, l'ETT pourra utiliser ou non le mot provisoire !","breadcrumb":{"@id":"https:\/\/www.webdo.tn\/fr\/actualite\/national-45\/le-13-fevrier-lertt-pourra-utiliser-ou-non-le-mot-provisoire\/172229\/#breadcrumb"},"inLanguage":"fr-FR","potentialAction":[{"@type":"ReadAction","target":["https:\/\/www.webdo.tn\/fr\/actualite\/national-45\/le-13-fevrier-lertt-pourra-utiliser-ou-non-le-mot-provisoire\/172229\/"]}]},{"@type":"ImageObject","inLanguage":"fr-FR","@id":"https:\/\/www.webdo.tn\/fr\/actualite\/national-45\/le-13-fevrier-lertt-pourra-utiliser-ou-non-le-mot-provisoire\/172229\/#primaryimage","url":"https:\/\/www.webdo.tn\/fr\/wp-content\/uploads\/2012\/02\/marzouki-150x150-1.jpg","contentUrl":"https:\/\/www.webdo.tn\/fr\/wp-content\/uploads\/2012\/02\/marzouki-150x150-1.jpg","width":150,"height":150,"caption":"Le 13 f\u00e9vrier, l'ETT pourra utiliser ou non le mot \"provisoire\" !"},{"@type":"BreadcrumbList","@id":"https:\/\/www.webdo.tn\/fr\/actualite\/national-45\/le-13-fevrier-lertt-pourra-utiliser-ou-non-le-mot-provisoire\/172229\/#breadcrumb","itemListElement":[{"@type":"ListItem","position":1,"name":"Accueil","item":"https:\/\/www.webdo.tn\/fr\/"},{"@type":"ListItem","position":2,"name":"Le 13 f\u00e9vrier, l&rsquo;ETT pourra utiliser ou non le mot \u00ab\u00a0provisoire\u00a0\u00bb !"}]},{"@type":"WebSite","@id":"https:\/\/www.webdo.tn\/fr\/#website","url":"https:\/\/www.webdo.tn\/fr\/","name":"webdo","description":"Tunisie - News en Tunisie et \u00e0 l&#039;international sur Webdo.tn","publisher":{"@id":"https:\/\/www.webdo.tn\/fr\/#organization"},"potentialAction":[{"@type":"SearchAction","target":{"@type":"EntryPoint","urlTemplate":"https:\/\/www.webdo.tn\/fr\/?s={search_term_string}"},"query-input":{"@type":"PropertyValueSpecification","valueRequired":true,"valueName":"search_term_string"}}],"inLanguage":"fr-FR"},{"@type":"Organization","@id":"https:\/\/www.webdo.tn\/fr\/#organization","name":"Webdo","alternateName":"Webdo.tn","url":"https:\/\/www.webdo.tn\/fr\/","logo":{"@type":"ImageObject","inLanguage":"fr-FR","@id":"https:\/\/www.webdo.tn\/fr\/#\/schema\/logo\/image\/","url":"https:\/\/www.webdo.tn\/fr\/wp-content\/uploads\/2025\/06\/Webdo-Tunisie_168377.jpg","contentUrl":"https:\/\/www.webdo.tn\/fr\/wp-content\/uploads\/2025\/06\/Webdo-Tunisie_168377.jpg","width":301,"height":301,"caption":"Webdo"},"image":{"@id":"https:\/\/www.webdo.tn\/fr\/#\/schema\/logo\/image\/"},"sameAs":["https:\/\/www.facebook.com\/webdotn","https:\/\/x.com\/webdo_tn"],"description":"Webdo est un m\u00e9dia num\u00e9rique tunisien fond\u00e9 en 2010, sp\u00e9cialis\u00e9 dans l\u2019actualit\u00e9 nationale et internationale, l\u2019\u00e9conomie, la soci\u00e9t\u00e9 et les analyses politiques. Le site s\u2019adresse \u00e0 un large public francophone et couvre l\u2019information tunisienne en temps r\u00e9el.","email":"redac@webdo.tn","legalName":"YNJ SARL","foundingDate":"2010-09-06","numberOfEmployees":{"@type":"QuantitativeValue","minValue":"11","maxValue":"50"}},{"@type":"Person","@id":"https:\/\/www.webdo.tn\/fr\/#\/schema\/person\/9a9c6118d687c117df8ef3cc36a4d175","name":"webdo.tn","image":{"@type":"ImageObject","inLanguage":"fr-FR","@id":"https:\/\/secure.gravatar.com\/avatar\/7ce1f28c0c3bbac99ff550b85ef8e44a6950c6ee24514fb6a5489e51d06f0298?s=96&d=mm&r=g","url":"https:\/\/secure.gravatar.com\/avatar\/7ce1f28c0c3bbac99ff550b85ef8e44a6950c6ee24514fb6a5489e51d06f0298?s=96&d=mm&r=g","contentUrl":"https:\/\/secure.gravatar.com\/avatar\/7ce1f28c0c3bbac99ff550b85ef8e44a6950c6ee24514fb6a5489e51d06f0298?s=96&d=mm&r=g","caption":"webdo.tn"},"url":"https:\/\/www.webdo.tn\/fr\/actualite\/author\/webdotn\/"}]}},"_links":{"self":[{"href":"https:\/\/www.webdo.tn\/fr\/wp-json\/wp\/v2\/posts\/172229","targetHints":{"allow":["GET"]}}],"collection":[{"href":"https:\/\/www.webdo.tn\/fr\/wp-json\/wp\/v2\/posts"}],"about":[{"href":"https:\/\/www.webdo.tn\/fr\/wp-json\/wp\/v2\/types\/post"}],"author":[{"embeddable":true,"href":"https:\/\/www.webdo.tn\/fr\/wp-json\/wp\/v2\/users\/3222"}],"replies":[{"embeddable":true,"href":"https:\/\/www.webdo.tn\/fr\/wp-json\/wp\/v2\/comments?post=172229"}],"version-history":[{"count":0,"href":"https:\/\/www.webdo.tn\/fr\/wp-json\/wp\/v2\/posts\/172229\/revisions"}],"wp:featuredmedia":[{"embeddable":true,"href":"https:\/\/www.webdo.tn\/fr\/wp-json\/wp\/v2\/media\/333787"}],"wp:attachment":[{"href":"https:\/\/www.webdo.tn\/fr\/wp-json\/wp\/v2\/media?parent=172229"}],"wp:term":[{"taxonomy":"category","embeddable":true,"href":"https:\/\/www.webdo.tn\/fr\/wp-json\/wp\/v2\/categories?post=172229"},{"taxonomy":"post_tag","embeddable":true,"href":"https:\/\/www.webdo.tn\/fr\/wp-json\/wp\/v2\/tags?post=172229"}],"curies":[{"name":"wp","href":"https:\/\/api.w.org\/{rel}","templated":true}]}}