{"id":172228,"date":"2012-02-07T20:28:00","date_gmt":"2012-02-07T20:28:00","guid":{"rendered":"https:\/\/www.webdo.tn\/fr\/blog\/situation-catastrophique-a-ain-draham-jebali-aurait-pu-dire-dieu-est-avec-eux\/172228\/"},"modified":"2012-02-07T20:28:00","modified_gmt":"2012-02-07T20:28:00","slug":"situation-catastrophique-a-ain-draham-jebali-aurait-pu-dire-dieu-est-avec-eux","status":"publish","type":"post","link":"https:\/\/www.webdo.tn\/fr\/actualite\/national\/situation-catastrophique-a-ain-draham-jebali-aurait-pu-dire-dieu-est-avec-eux\/172228\/","title":{"rendered":"Situation catastrophique \u00e0 A\u00efn Draham, Jebali aurait pu dire \u00ab Dieu est avec eux\u00bb !"},"content":{"rendered":"<p>La vague de froid qui s&rsquo;abat sur le pays, depuis la fin de la semaine derni\u00e8re, avec notamment des chutes importantes de neiges, a cr\u00e9e une v\u00e9ritable catastrophe dans des r\u00e9gions telles que A\u00efn Draham, Le Kef ou encore Thala.<\/p>\n<p>\u00c0 A\u00efn Draham, les habitants sont priv\u00e9s d&rsquo;eau et d&rsquo;\u00e9lectricit\u00e9, les emp\u00eachant de se r\u00e9chauffer \u00e0 l\u2019aide d\u2019une r\u00e9sistance \u00e0 ce froid in\u00e9dit. La neige qui s&rsquo;accumule a m\u00eame atteint un niveau d&rsquo;\u00e9paisseur d&rsquo;un 1m50 dans certains endroits. <\/p>\n<p>Contact\u00e9 par Mosa\u00efque FM, le directeur g\u00e9n\u00e9ral de la protection civile, Fradj Louati, a indiqu\u00e9 que des mesures sont en cours pour r\u00e9tablir l&rsquo;\u00e9lectricit\u00e9 dans la r\u00e9gion et d\u00e9neiger les routes pour que les aides arrivent aux habitants.<\/p>\n<p>La situation au Kef n&rsquo;est gu\u00e8re mieux. La ville est paralys\u00e9e provoquant la fermeture des \u00e9tablissements scolaires, publics et priv\u00e9s. Les routes sont bloqu\u00e9es, ce qui emp\u00eache l&rsquo;arriv\u00e9e des couvertures et des produits alimentaires. Tous les efforts sont r\u00e9unis pour rouvrir ces routes, mais la non-interruption de la neige complique la situation. Des milliers de nos concitoyens vivent donc des moments tr\u00e8s difficiles dans ces r\u00e9gions.<\/p>\n<p>La r\u00e9action du gouvernement s&rsquo;est fait longuement attendre. La situation commen\u00e7ait d\u00e9j\u00e0 \u00e0 \u00eatre critique depuis le week-end dernier et pourtant nos autorit\u00e9s faisaient la sourde oreille. Rappelons que concernant nos ressortissants en Syrie, Hamadi Jebali s&rsquo;est content\u00e9 d&rsquo;un \u00ab\u00a0Dieu les prot\u00e9gera\u00a0\u00bb. Alors\u2026<\/p>\n","protected":false},"excerpt":{"rendered":"<p>Situation catastrophique \u00e0 A\u00efn Draham, Jebali aurait pu dire \u00ab Dieu est avec eux\u00bb !<\/p>\n","protected":false},"author":3222,"featured_media":333788,"comment_status":"open","ping_status":"closed","sticky":false,"template":"","format":"standard","meta":{"footnotes":""},"categories":[44],"tags":[2600],"class_list":["post-172228","post","type-post","status-publish","format-standard","has-post-thumbnail","hentry","category-national","tag-guerre"],"yoast_head":"<!-- This site is optimized with the Yoast SEO Premium plugin v27.5 (Yoast SEO v27.5) - https:\/\/yoast.com\/product\/yoast-seo-premium-wordpress\/ -->\n<title>Situation catastrophique \u00e0 A\u00efn Draham, Jebali aurait pu dire \u00ab Dieu est avec eux\u00bb !<\/title>\n<meta name=\"description\" content=\"Situation catastrophique \u00e0 A\u00efn Draham, Jebali aurait pu dire \u00ab Dieu est avec eux\u00bb !\" \/>\n<link rel=\"canonical\" href=\"https:\/\/www.webdo.tn\/fr\/actualite\/national-45\/situation-catastrophique-a-ain-draham-jebali-aurait-pu-dire-dieu-est-avec-eux\/172228\/\" \/>\n<meta property=\"og:locale\" content=\"fr_FR\" \/>\n<meta property=\"og:type\" content=\"article\" \/>\n<meta property=\"og:title\" content=\"Situation catastrophique \u00e0 A\u00efn Draham, Jebali aurait pu dire \u00ab Dieu est avec eux\u00bb !\" \/>\n<meta property=\"og:description\" content=\"Situation catastrophique \u00e0 A\u00efn Draham, Jebali aurait pu dire \u00ab Dieu est avec eux\u00bb !\" \/>\n<meta property=\"og:url\" content=\"https:\/\/www.webdo.tn\/fr\/actualite\/national-45\/situation-catastrophique-a-ain-draham-jebali-aurait-pu-dire-dieu-est-avec-eux\/172228\/\" \/>\n<meta property=\"og:site_name\" content=\"webdo\" \/>\n<meta property=\"article:publisher\" content=\"https:\/\/www.facebook.com\/webdotn\" \/>\n<meta property=\"article:published_time\" content=\"2012-02-07T20:28:00+00:00\" \/>\n<meta property=\"og:image\" content=\"https:\/\/www.webdo.tn\/fr\/wp-content\/uploads\/2012\/02\/ain2-150x150-1.jpg\" \/>\n\t<meta property=\"og:image:width\" content=\"150\" \/>\n\t<meta property=\"og:image:height\" content=\"150\" \/>\n\t<meta property=\"og:image:type\" content=\"image\/jpeg\" \/>\n<meta name=\"author\" content=\"webdo.tn\" \/>\n<meta name=\"twitter:card\" content=\"summary_large_image\" \/>\n<meta name=\"twitter:creator\" content=\"@webdo_tn\" \/>\n<meta name=\"twitter:site\" content=\"@webdo_tn\" \/>\n<meta name=\"twitter:label1\" content=\"\u00c9crit par\" \/>\n\t<meta name=\"twitter:data1\" content=\"webdo.tn\" \/>\n\t<meta name=\"twitter:label2\" content=\"Dur\u00e9e de lecture estim\u00e9e\" \/>\n\t<meta name=\"twitter:data2\" content=\"1 minute\" \/>\n<script type=\"application\/ld+json\" class=\"yoast-schema-graph\">{\"@context\":\"https:\\\/\\\/schema.org\",\"@graph\":[{\"@type\":\"NewsArticle\",\"@id\":\"https:\\\/\\\/www.webdo.tn\\\/fr\\\/actualite\\\/national-45\\\/situation-catastrophique-a-ain-draham-jebali-aurait-pu-dire-dieu-est-avec-eux\\\/172228\\\/#article\",\"isPartOf\":{\"@id\":\"https:\\\/\\\/www.webdo.tn\\\/fr\\\/actualite\\\/national-45\\\/situation-catastrophique-a-ain-draham-jebali-aurait-pu-dire-dieu-est-avec-eux\\\/172228\\\/\"},\"author\":{\"name\":\"webdo.tn\",\"@id\":\"https:\\\/\\\/www.webdo.tn\\\/fr\\\/#\\\/schema\\\/person\\\/9a9c6118d687c117df8ef3cc36a4d175\"},\"headline\":\"Situation catastrophique \u00e0 A\u00efn Draham, Jebali aurait pu dire \u00ab Dieu est avec eux\u00bb !\",\"datePublished\":\"2012-02-07T20:28:00+00:00\",\"mainEntityOfPage\":{\"@id\":\"https:\\\/\\\/www.webdo.tn\\\/fr\\\/actualite\\\/national-45\\\/situation-catastrophique-a-ain-draham-jebali-aurait-pu-dire-dieu-est-avec-eux\\\/172228\\\/\"},\"wordCount\":280,\"commentCount\":0,\"publisher\":{\"@id\":\"https:\\\/\\\/www.webdo.tn\\\/fr\\\/#organization\"},\"image\":{\"@id\":\"https:\\\/\\\/www.webdo.tn\\\/fr\\\/actualite\\\/national-45\\\/situation-catastrophique-a-ain-draham-jebali-aurait-pu-dire-dieu-est-avec-eux\\\/172228\\\/#primaryimage\"},\"thumbnailUrl\":\"https:\\\/\\\/www.webdo.tn\\\/fr\\\/wp-content\\\/uploads\\\/2012\\\/02\\\/ain2-150x150-1.jpg\",\"keywords\":[\"guerre\"],\"articleSection\":[\"National\"],\"inLanguage\":\"fr-FR\"},{\"@type\":\"WebPage\",\"@id\":\"https:\\\/\\\/www.webdo.tn\\\/fr\\\/actualite\\\/national-45\\\/situation-catastrophique-a-ain-draham-jebali-aurait-pu-dire-dieu-est-avec-eux\\\/172228\\\/\",\"url\":\"https:\\\/\\\/www.webdo.tn\\\/fr\\\/actualite\\\/national-45\\\/situation-catastrophique-a-ain-draham-jebali-aurait-pu-dire-dieu-est-avec-eux\\\/172228\\\/\",\"name\":\"Situation catastrophique \u00e0 A\u00efn Draham, Jebali aurait pu dire \u00ab Dieu est avec eux\u00bb !\",\"isPartOf\":{\"@id\":\"https:\\\/\\\/www.webdo.tn\\\/fr\\\/#website\"},\"primaryImageOfPage\":{\"@id\":\"https:\\\/\\\/www.webdo.tn\\\/fr\\\/actualite\\\/national-45\\\/situation-catastrophique-a-ain-draham-jebali-aurait-pu-dire-dieu-est-avec-eux\\\/172228\\\/#primaryimage\"},\"image\":{\"@id\":\"https:\\\/\\\/www.webdo.tn\\\/fr\\\/actualite\\\/national-45\\\/situation-catastrophique-a-ain-draham-jebali-aurait-pu-dire-dieu-est-avec-eux\\\/172228\\\/#primaryimage\"},\"thumbnailUrl\":\"https:\\\/\\\/www.webdo.tn\\\/fr\\\/wp-content\\\/uploads\\\/2012\\\/02\\\/ain2-150x150-1.jpg\",\"datePublished\":\"2012-02-07T20:28:00+00:00\",\"description\":\"Situation catastrophique \u00e0 A\u00efn Draham, Jebali aurait pu dire \u00ab Dieu est avec eux\u00bb !\",\"breadcrumb\":{\"@id\":\"https:\\\/\\\/www.webdo.tn\\\/fr\\\/actualite\\\/national-45\\\/situation-catastrophique-a-ain-draham-jebali-aurait-pu-dire-dieu-est-avec-eux\\\/172228\\\/#breadcrumb\"},\"inLanguage\":\"fr-FR\",\"potentialAction\":[{\"@type\":\"ReadAction\",\"target\":[\"https:\\\/\\\/www.webdo.tn\\\/fr\\\/actualite\\\/national-45\\\/situation-catastrophique-a-ain-draham-jebali-aurait-pu-dire-dieu-est-avec-eux\\\/172228\\\/\"]}]},{\"@type\":\"ImageObject\",\"inLanguage\":\"fr-FR\",\"@id\":\"https:\\\/\\\/www.webdo.tn\\\/fr\\\/actualite\\\/national-45\\\/situation-catastrophique-a-ain-draham-jebali-aurait-pu-dire-dieu-est-avec-eux\\\/172228\\\/#primaryimage\",\"url\":\"https:\\\/\\\/www.webdo.tn\\\/fr\\\/wp-content\\\/uploads\\\/2012\\\/02\\\/ain2-150x150-1.jpg\",\"contentUrl\":\"https:\\\/\\\/www.webdo.tn\\\/fr\\\/wp-content\\\/uploads\\\/2012\\\/02\\\/ain2-150x150-1.jpg\",\"width\":150,\"height\":150,\"caption\":\"Situation catastrophique \u00e0 A\u00efn Draham, Jebali aurait pu dire \u00ab Dieu est avec eux\u00bb !\"},{\"@type\":\"BreadcrumbList\",\"@id\":\"https:\\\/\\\/www.webdo.tn\\\/fr\\\/actualite\\\/national-45\\\/situation-catastrophique-a-ain-draham-jebali-aurait-pu-dire-dieu-est-avec-eux\\\/172228\\\/#breadcrumb\",\"itemListElement\":[{\"@type\":\"ListItem\",\"position\":1,\"name\":\"Accueil\",\"item\":\"https:\\\/\\\/www.webdo.tn\\\/fr\\\/\"},{\"@type\":\"ListItem\",\"position\":2,\"name\":\"Situation catastrophique \u00e0 A\u00efn Draham, Jebali aurait pu dire \u00ab Dieu est avec eux\u00bb !\"}]},{\"@type\":\"WebSite\",\"@id\":\"https:\\\/\\\/www.webdo.tn\\\/fr\\\/#website\",\"url\":\"https:\\\/\\\/www.webdo.tn\\\/fr\\\/\",\"name\":\"webdo\",\"description\":\"Tunisie - News en Tunisie et \u00e0 l&#039;international sur Webdo.tn\",\"publisher\":{\"@id\":\"https:\\\/\\\/www.webdo.tn\\\/fr\\\/#organization\"},\"potentialAction\":[{\"@type\":\"SearchAction\",\"target\":{\"@type\":\"EntryPoint\",\"urlTemplate\":\"https:\\\/\\\/www.webdo.tn\\\/fr\\\/?s={search_term_string}\"},\"query-input\":{\"@type\":\"PropertyValueSpecification\",\"valueRequired\":true,\"valueName\":\"search_term_string\"}}],\"inLanguage\":\"fr-FR\"},{\"@type\":\"Organization\",\"@id\":\"https:\\\/\\\/www.webdo.tn\\\/fr\\\/#organization\",\"name\":\"Webdo\",\"alternateName\":\"Webdo.tn\",\"url\":\"https:\\\/\\\/www.webdo.tn\\\/fr\\\/\",\"logo\":{\"@type\":\"ImageObject\",\"inLanguage\":\"fr-FR\",\"@id\":\"https:\\\/\\\/www.webdo.tn\\\/fr\\\/#\\\/schema\\\/logo\\\/image\\\/\",\"url\":\"https:\\\/\\\/www.webdo.tn\\\/fr\\\/wp-content\\\/uploads\\\/2025\\\/06\\\/Webdo-Tunisie_168377.jpg\",\"contentUrl\":\"https:\\\/\\\/www.webdo.tn\\\/fr\\\/wp-content\\\/uploads\\\/2025\\\/06\\\/Webdo-Tunisie_168377.jpg\",\"width\":301,\"height\":301,\"caption\":\"Webdo\"},\"image\":{\"@id\":\"https:\\\/\\\/www.webdo.tn\\\/fr\\\/#\\\/schema\\\/logo\\\/image\\\/\"},\"sameAs\":[\"https:\\\/\\\/www.facebook.com\\\/webdotn\",\"https:\\\/\\\/x.com\\\/webdo_tn\"],\"description\":\"Webdo est un m\u00e9dia num\u00e9rique tunisien fond\u00e9 en 2010, sp\u00e9cialis\u00e9 dans l\u2019actualit\u00e9 nationale et internationale, l\u2019\u00e9conomie, la soci\u00e9t\u00e9 et les analyses politiques. Le site s\u2019adresse \u00e0 un large public francophone et couvre l\u2019information tunisienne en temps r\u00e9el.\",\"email\":\"redac@webdo.tn\",\"legalName\":\"YNJ SARL\",\"foundingDate\":\"2010-09-06\",\"numberOfEmployees\":{\"@type\":\"QuantitativeValue\",\"minValue\":\"11\",\"maxValue\":\"50\"}},{\"@type\":\"Person\",\"@id\":\"https:\\\/\\\/www.webdo.tn\\\/fr\\\/#\\\/schema\\\/person\\\/9a9c6118d687c117df8ef3cc36a4d175\",\"name\":\"webdo.tn\",\"image\":{\"@type\":\"ImageObject\",\"inLanguage\":\"fr-FR\",\"@id\":\"https:\\\/\\\/secure.gravatar.com\\\/avatar\\\/7ce1f28c0c3bbac99ff550b85ef8e44a6950c6ee24514fb6a5489e51d06f0298?s=96&d=mm&r=g\",\"url\":\"https:\\\/\\\/secure.gravatar.com\\\/avatar\\\/7ce1f28c0c3bbac99ff550b85ef8e44a6950c6ee24514fb6a5489e51d06f0298?s=96&d=mm&r=g\",\"contentUrl\":\"https:\\\/\\\/secure.gravatar.com\\\/avatar\\\/7ce1f28c0c3bbac99ff550b85ef8e44a6950c6ee24514fb6a5489e51d06f0298?s=96&d=mm&r=g\",\"caption\":\"webdo.tn\"},\"url\":\"https:\\\/\\\/www.webdo.tn\\\/fr\\\/actualite\\\/author\\\/webdotn\\\/\"}]}<\/script>\n<!-- \/ Yoast SEO Premium plugin. -->","yoast_head_json":{"title":"Situation catastrophique \u00e0 A\u00efn Draham, Jebali aurait pu dire \u00ab Dieu est avec eux\u00bb !","description":"Situation catastrophique \u00e0 A\u00efn Draham, Jebali aurait pu dire \u00ab Dieu est avec eux\u00bb !","canonical":"https:\/\/www.webdo.tn\/fr\/actualite\/national-45\/situation-catastrophique-a-ain-draham-jebali-aurait-pu-dire-dieu-est-avec-eux\/172228\/","og_locale":"fr_FR","og_type":"article","og_title":"Situation catastrophique \u00e0 A\u00efn Draham, Jebali aurait pu dire \u00ab Dieu est avec eux\u00bb !","og_description":"Situation catastrophique \u00e0 A\u00efn Draham, Jebali aurait pu dire \u00ab Dieu est avec eux\u00bb !","og_url":"https:\/\/www.webdo.tn\/fr\/actualite\/national-45\/situation-catastrophique-a-ain-draham-jebali-aurait-pu-dire-dieu-est-avec-eux\/172228\/","og_site_name":"webdo","article_publisher":"https:\/\/www.facebook.com\/webdotn","article_published_time":"2012-02-07T20:28:00+00:00","og_image":[{"width":150,"height":150,"url":"https:\/\/www.webdo.tn\/fr\/wp-content\/uploads\/2012\/02\/ain2-150x150-1.jpg","type":"image\/jpeg"}],"author":"webdo.tn","twitter_card":"summary_large_image","twitter_creator":"@webdo_tn","twitter_site":"@webdo_tn","twitter_misc":{"\u00c9crit par":"webdo.tn","Dur\u00e9e de lecture estim\u00e9e":"1 minute"},"schema":{"@context":"https:\/\/schema.org","@graph":[{"@type":"NewsArticle","@id":"https:\/\/www.webdo.tn\/fr\/actualite\/national-45\/situation-catastrophique-a-ain-draham-jebali-aurait-pu-dire-dieu-est-avec-eux\/172228\/#article","isPartOf":{"@id":"https:\/\/www.webdo.tn\/fr\/actualite\/national-45\/situation-catastrophique-a-ain-draham-jebali-aurait-pu-dire-dieu-est-avec-eux\/172228\/"},"author":{"name":"webdo.tn","@id":"https:\/\/www.webdo.tn\/fr\/#\/schema\/person\/9a9c6118d687c117df8ef3cc36a4d175"},"headline":"Situation catastrophique \u00e0 A\u00efn Draham, Jebali aurait pu dire \u00ab Dieu est avec eux\u00bb !","datePublished":"2012-02-07T20:28:00+00:00","mainEntityOfPage":{"@id":"https:\/\/www.webdo.tn\/fr\/actualite\/national-45\/situation-catastrophique-a-ain-draham-jebali-aurait-pu-dire-dieu-est-avec-eux\/172228\/"},"wordCount":280,"commentCount":0,"publisher":{"@id":"https:\/\/www.webdo.tn\/fr\/#organization"},"image":{"@id":"https:\/\/www.webdo.tn\/fr\/actualite\/national-45\/situation-catastrophique-a-ain-draham-jebali-aurait-pu-dire-dieu-est-avec-eux\/172228\/#primaryimage"},"thumbnailUrl":"https:\/\/www.webdo.tn\/fr\/wp-content\/uploads\/2012\/02\/ain2-150x150-1.jpg","keywords":["guerre"],"articleSection":["National"],"inLanguage":"fr-FR"},{"@type":"WebPage","@id":"https:\/\/www.webdo.tn\/fr\/actualite\/national-45\/situation-catastrophique-a-ain-draham-jebali-aurait-pu-dire-dieu-est-avec-eux\/172228\/","url":"https:\/\/www.webdo.tn\/fr\/actualite\/national-45\/situation-catastrophique-a-ain-draham-jebali-aurait-pu-dire-dieu-est-avec-eux\/172228\/","name":"Situation catastrophique \u00e0 A\u00efn Draham, Jebali aurait pu dire \u00ab Dieu est avec eux\u00bb !","isPartOf":{"@id":"https:\/\/www.webdo.tn\/fr\/#website"},"primaryImageOfPage":{"@id":"https:\/\/www.webdo.tn\/fr\/actualite\/national-45\/situation-catastrophique-a-ain-draham-jebali-aurait-pu-dire-dieu-est-avec-eux\/172228\/#primaryimage"},"image":{"@id":"https:\/\/www.webdo.tn\/fr\/actualite\/national-45\/situation-catastrophique-a-ain-draham-jebali-aurait-pu-dire-dieu-est-avec-eux\/172228\/#primaryimage"},"thumbnailUrl":"https:\/\/www.webdo.tn\/fr\/wp-content\/uploads\/2012\/02\/ain2-150x150-1.jpg","datePublished":"2012-02-07T20:28:00+00:00","description":"Situation catastrophique \u00e0 A\u00efn Draham, Jebali aurait pu dire \u00ab Dieu est avec eux\u00bb !","breadcrumb":{"@id":"https:\/\/www.webdo.tn\/fr\/actualite\/national-45\/situation-catastrophique-a-ain-draham-jebali-aurait-pu-dire-dieu-est-avec-eux\/172228\/#breadcrumb"},"inLanguage":"fr-FR","potentialAction":[{"@type":"ReadAction","target":["https:\/\/www.webdo.tn\/fr\/actualite\/national-45\/situation-catastrophique-a-ain-draham-jebali-aurait-pu-dire-dieu-est-avec-eux\/172228\/"]}]},{"@type":"ImageObject","inLanguage":"fr-FR","@id":"https:\/\/www.webdo.tn\/fr\/actualite\/national-45\/situation-catastrophique-a-ain-draham-jebali-aurait-pu-dire-dieu-est-avec-eux\/172228\/#primaryimage","url":"https:\/\/www.webdo.tn\/fr\/wp-content\/uploads\/2012\/02\/ain2-150x150-1.jpg","contentUrl":"https:\/\/www.webdo.tn\/fr\/wp-content\/uploads\/2012\/02\/ain2-150x150-1.jpg","width":150,"height":150,"caption":"Situation catastrophique \u00e0 A\u00efn Draham, Jebali aurait pu dire \u00ab Dieu est avec eux\u00bb !"},{"@type":"BreadcrumbList","@id":"https:\/\/www.webdo.tn\/fr\/actualite\/national-45\/situation-catastrophique-a-ain-draham-jebali-aurait-pu-dire-dieu-est-avec-eux\/172228\/#breadcrumb","itemListElement":[{"@type":"ListItem","position":1,"name":"Accueil","item":"https:\/\/www.webdo.tn\/fr\/"},{"@type":"ListItem","position":2,"name":"Situation catastrophique \u00e0 A\u00efn Draham, Jebali aurait pu dire \u00ab Dieu est avec eux\u00bb !"}]},{"@type":"WebSite","@id":"https:\/\/www.webdo.tn\/fr\/#website","url":"https:\/\/www.webdo.tn\/fr\/","name":"webdo","description":"Tunisie - News en Tunisie et \u00e0 l&#039;international sur Webdo.tn","publisher":{"@id":"https:\/\/www.webdo.tn\/fr\/#organization"},"potentialAction":[{"@type":"SearchAction","target":{"@type":"EntryPoint","urlTemplate":"https:\/\/www.webdo.tn\/fr\/?s={search_term_string}"},"query-input":{"@type":"PropertyValueSpecification","valueRequired":true,"valueName":"search_term_string"}}],"inLanguage":"fr-FR"},{"@type":"Organization","@id":"https:\/\/www.webdo.tn\/fr\/#organization","name":"Webdo","alternateName":"Webdo.tn","url":"https:\/\/www.webdo.tn\/fr\/","logo":{"@type":"ImageObject","inLanguage":"fr-FR","@id":"https:\/\/www.webdo.tn\/fr\/#\/schema\/logo\/image\/","url":"https:\/\/www.webdo.tn\/fr\/wp-content\/uploads\/2025\/06\/Webdo-Tunisie_168377.jpg","contentUrl":"https:\/\/www.webdo.tn\/fr\/wp-content\/uploads\/2025\/06\/Webdo-Tunisie_168377.jpg","width":301,"height":301,"caption":"Webdo"},"image":{"@id":"https:\/\/www.webdo.tn\/fr\/#\/schema\/logo\/image\/"},"sameAs":["https:\/\/www.facebook.com\/webdotn","https:\/\/x.com\/webdo_tn"],"description":"Webdo est un m\u00e9dia num\u00e9rique tunisien fond\u00e9 en 2010, sp\u00e9cialis\u00e9 dans l\u2019actualit\u00e9 nationale et internationale, l\u2019\u00e9conomie, la soci\u00e9t\u00e9 et les analyses politiques. Le site s\u2019adresse \u00e0 un large public francophone et couvre l\u2019information tunisienne en temps r\u00e9el.","email":"redac@webdo.tn","legalName":"YNJ SARL","foundingDate":"2010-09-06","numberOfEmployees":{"@type":"QuantitativeValue","minValue":"11","maxValue":"50"}},{"@type":"Person","@id":"https:\/\/www.webdo.tn\/fr\/#\/schema\/person\/9a9c6118d687c117df8ef3cc36a4d175","name":"webdo.tn","image":{"@type":"ImageObject","inLanguage":"fr-FR","@id":"https:\/\/secure.gravatar.com\/avatar\/7ce1f28c0c3bbac99ff550b85ef8e44a6950c6ee24514fb6a5489e51d06f0298?s=96&d=mm&r=g","url":"https:\/\/secure.gravatar.com\/avatar\/7ce1f28c0c3bbac99ff550b85ef8e44a6950c6ee24514fb6a5489e51d06f0298?s=96&d=mm&r=g","contentUrl":"https:\/\/secure.gravatar.com\/avatar\/7ce1f28c0c3bbac99ff550b85ef8e44a6950c6ee24514fb6a5489e51d06f0298?s=96&d=mm&r=g","caption":"webdo.tn"},"url":"https:\/\/www.webdo.tn\/fr\/actualite\/author\/webdotn\/"}]}},"_links":{"self":[{"href":"https:\/\/www.webdo.tn\/fr\/wp-json\/wp\/v2\/posts\/172228","targetHints":{"allow":["GET"]}}],"collection":[{"href":"https:\/\/www.webdo.tn\/fr\/wp-json\/wp\/v2\/posts"}],"about":[{"href":"https:\/\/www.webdo.tn\/fr\/wp-json\/wp\/v2\/types\/post"}],"author":[{"embeddable":true,"href":"https:\/\/www.webdo.tn\/fr\/wp-json\/wp\/v2\/users\/3222"}],"replies":[{"embeddable":true,"href":"https:\/\/www.webdo.tn\/fr\/wp-json\/wp\/v2\/comments?post=172228"}],"version-history":[{"count":0,"href":"https:\/\/www.webdo.tn\/fr\/wp-json\/wp\/v2\/posts\/172228\/revisions"}],"wp:featuredmedia":[{"embeddable":true,"href":"https:\/\/www.webdo.tn\/fr\/wp-json\/wp\/v2\/media\/333788"}],"wp:attachment":[{"href":"https:\/\/www.webdo.tn\/fr\/wp-json\/wp\/v2\/media?parent=172228"}],"wp:term":[{"taxonomy":"category","embeddable":true,"href":"https:\/\/www.webdo.tn\/fr\/wp-json\/wp\/v2\/categories?post=172228"},{"taxonomy":"post_tag","embeddable":true,"href":"https:\/\/www.webdo.tn\/fr\/wp-json\/wp\/v2\/tags?post=172228"}],"curies":[{"name":"wp","href":"https:\/\/api.w.org\/{rel}","templated":true}]}}