{"id":172227,"date":"2012-02-07T22:04:00","date_gmt":"2012-02-07T21:04:00","guid":{"rendered":"https:\/\/www.webdo.tn\/fr\/actualite\/national\/censure-dinternet-15-fevrier-jugement-de-la-cour-de-cassation\/172227"},"modified":"2012-02-07T22:04:00","modified_gmt":"2012-02-07T21:04:00","slug":"censure-dinternet-15-fevrier-jugement-de-la-cour-de-cassation","status":"publish","type":"post","link":"https:\/\/www.webdo.tn\/fr\/actualite\/national\/censure-dinternet-15-fevrier-jugement-de-la-cour-de-cassation\/172227\/","title":{"rendered":"Censure d&rsquo;Internet : 15 f\u00e9vrier, jugement de la cour de cassation"},"content":{"rendered":"<p>Reporters sans fronti\u00e8res vient d&rsquo;annoncer, citant Me Kais Berjab, sur Twitter, que le jugement en cassation de l&rsquo;affaire du filtrage d&rsquo;Internet, sera prononc\u00e9 le 15 f\u00e9vrier.<\/p>\n<p>Rappelons que le 15 ao\u00fbt dernier, la cour d&rsquo;appel de Tunis a confirm\u00e9 la d\u00e9cision du tribunal de Premi\u00e8re instance condamnant l&rsquo;ATI \u00e0 fermer les sites \u00e0 caract\u00e8re pornographique. L&rsquo;ATI avait d\u00e9j\u00e0, \u00e0 l&rsquo;\u00e9poque, annonc\u00e9 qu&rsquo;elle ferait recours devant la cour de cassation.<\/p>\n<p>Vendredi dernier, RSF a publi\u00e9 un communiqu\u00e9 sur la question du filtrage d&rsquo;Internet en Tunisie. RSF rappelle l&rsquo;importance du jugement prononc\u00e9 par la cour de cassation en l&rsquo;analysant sur trois plans : technique, juridique et financier. Des facteurs qui doivent permettre de beaucoup r\u00e9fl\u00e9chir.<\/p>\n<p>RSF craint donc un retour de Ammar 404, ce qui repr\u00e9sentera le d\u00e9but d\u2019une renaissance des m\u00e9thodes du r\u00e9gime de Ben Ali. Aux autorit\u00e9s tunisiennes de montrer que la libert\u00e9 d&rsquo;expression est d\u00e9sormais sacr\u00e9e en Tunisie.<\/p>\n","protected":false},"excerpt":{"rendered":"<p>Reporters sans fronti\u00e8res vient d&rsquo;annoncer, citant Me Kais Berjab, sur Twitter, que le jugement en cassation de l&rsquo;affaire du filtrage d&rsquo;Internet, sera pro<\/p>\n","protected":false},"author":3222,"featured_media":374518,"comment_status":"open","ping_status":"open","sticky":false,"template":"","format":"standard","meta":{"footnotes":""},"categories":[44],"tags":[],"class_list":["post-172227","post","type-post","status-publish","format-standard","has-post-thumbnail","hentry","category-national"],"yoast_head":"<!-- This site is optimized with the Yoast SEO Premium plugin v27.5 (Yoast SEO v27.5) - https:\/\/yoast.com\/product\/yoast-seo-premium-wordpress\/ -->\n<title>Censure d&#039;Internet : 15 f\u00e9vrier, jugement de la cour de cassation<\/title>\n<meta name=\"description\" content=\"Censure d&#039;Internet : 15 f\u00e9vrier, jugement de la cour de cassation\" \/>\n<link rel=\"canonical\" href=\"https:\/\/www.webdo.tn\/fr\/actualite\/national-45\/censure-dinternet-15-fevrier-jugement-de-la-cour-de-cassation\/172227\/\" \/>\n<meta property=\"og:locale\" content=\"fr_FR\" \/>\n<meta property=\"og:type\" content=\"article\" \/>\n<meta property=\"og:title\" content=\"Censure d&#039;Internet : 15 f\u00e9vrier, jugement de la cour de cassation\" \/>\n<meta property=\"og:description\" content=\"Censure d&#039;Internet : 15 f\u00e9vrier, jugement de la cour de cassation\" \/>\n<meta property=\"og:url\" content=\"https:\/\/www.webdo.tn\/fr\/actualite\/national-45\/censure-dinternet-15-fevrier-jugement-de-la-cour-de-cassation\/172227\/\" \/>\n<meta property=\"og:site_name\" content=\"webdo\" \/>\n<meta property=\"article:publisher\" content=\"https:\/\/www.facebook.com\/webdotn\" \/>\n<meta property=\"article:published_time\" content=\"2012-02-07T21:04:00+00:00\" \/>\n<meta name=\"author\" content=\"webdo.tn\" \/>\n<meta name=\"twitter:card\" content=\"summary_large_image\" \/>\n<meta name=\"twitter:creator\" content=\"@webdo_tn\" \/>\n<meta name=\"twitter:site\" content=\"@webdo_tn\" \/>\n<meta name=\"twitter:label1\" content=\"\u00c9crit par\" \/>\n\t<meta name=\"twitter:data1\" content=\"webdo.tn\" \/>\n\t<meta name=\"twitter:label2\" content=\"Dur\u00e9e de lecture estim\u00e9e\" \/>\n\t<meta name=\"twitter:data2\" content=\"1 minute\" \/>\n<script type=\"application\/ld+json\" class=\"yoast-schema-graph\">{\"@context\":\"https:\\\/\\\/schema.org\",\"@graph\":[{\"@type\":\"NewsArticle\",\"@id\":\"https:\\\/\\\/www.webdo.tn\\\/fr\\\/actualite\\\/national-45\\\/censure-dinternet-15-fevrier-jugement-de-la-cour-de-cassation\\\/172227\\\/#article\",\"isPartOf\":{\"@id\":\"https:\\\/\\\/www.webdo.tn\\\/fr\\\/actualite\\\/national-45\\\/censure-dinternet-15-fevrier-jugement-de-la-cour-de-cassation\\\/172227\\\/\"},\"author\":{\"name\":\"webdo.tn\",\"@id\":\"https:\\\/\\\/www.webdo.tn\\\/fr\\\/#\\\/schema\\\/person\\\/9a9c6118d687c117df8ef3cc36a4d175\"},\"headline\":\"Censure d&rsquo;Internet : 15 f\u00e9vrier, jugement de la cour de cassation\",\"datePublished\":\"2012-02-07T21:04:00+00:00\",\"mainEntityOfPage\":{\"@id\":\"https:\\\/\\\/www.webdo.tn\\\/fr\\\/actualite\\\/national-45\\\/censure-dinternet-15-fevrier-jugement-de-la-cour-de-cassation\\\/172227\\\/\"},\"wordCount\":182,\"commentCount\":0,\"publisher\":{\"@id\":\"https:\\\/\\\/www.webdo.tn\\\/fr\\\/#organization\"},\"image\":{\"@id\":\"https:\\\/\\\/www.webdo.tn\\\/fr\\\/actualite\\\/national-45\\\/censure-dinternet-15-fevrier-jugement-de-la-cour-de-cassation\\\/172227\\\/#primaryimage\"},\"thumbnailUrl\":\"https:\\\/\\\/www.webdo.tn\\\/fr\\\/wp-content\\\/uploads\\\/2025\\\/06\\\/Internet-Libre-photo-ghettoparisien.com__172227.jpg\",\"articleSection\":[\"National\"],\"inLanguage\":\"fr-FR\"},{\"@type\":\"WebPage\",\"@id\":\"https:\\\/\\\/www.webdo.tn\\\/fr\\\/actualite\\\/national-45\\\/censure-dinternet-15-fevrier-jugement-de-la-cour-de-cassation\\\/172227\\\/\",\"url\":\"https:\\\/\\\/www.webdo.tn\\\/fr\\\/actualite\\\/national-45\\\/censure-dinternet-15-fevrier-jugement-de-la-cour-de-cassation\\\/172227\\\/\",\"name\":\"Censure d'Internet : 15 f\u00e9vrier, jugement de la cour de cassation\",\"isPartOf\":{\"@id\":\"https:\\\/\\\/www.webdo.tn\\\/fr\\\/#website\"},\"primaryImageOfPage\":{\"@id\":\"https:\\\/\\\/www.webdo.tn\\\/fr\\\/actualite\\\/national-45\\\/censure-dinternet-15-fevrier-jugement-de-la-cour-de-cassation\\\/172227\\\/#primaryimage\"},\"image\":{\"@id\":\"https:\\\/\\\/www.webdo.tn\\\/fr\\\/actualite\\\/national-45\\\/censure-dinternet-15-fevrier-jugement-de-la-cour-de-cassation\\\/172227\\\/#primaryimage\"},\"thumbnailUrl\":\"https:\\\/\\\/www.webdo.tn\\\/fr\\\/wp-content\\\/uploads\\\/2025\\\/06\\\/Internet-Libre-photo-ghettoparisien.com__172227.jpg\",\"datePublished\":\"2012-02-07T21:04:00+00:00\",\"description\":\"Censure d'Internet : 15 f\u00e9vrier, jugement de la cour de cassation\",\"breadcrumb\":{\"@id\":\"https:\\\/\\\/www.webdo.tn\\\/fr\\\/actualite\\\/national-45\\\/censure-dinternet-15-fevrier-jugement-de-la-cour-de-cassation\\\/172227\\\/#breadcrumb\"},\"inLanguage\":\"fr-FR\",\"potentialAction\":[{\"@type\":\"ReadAction\",\"target\":[\"https:\\\/\\\/www.webdo.tn\\\/fr\\\/actualite\\\/national-45\\\/censure-dinternet-15-fevrier-jugement-de-la-cour-de-cassation\\\/172227\\\/\"]}]},{\"@type\":\"ImageObject\",\"inLanguage\":\"fr-FR\",\"@id\":\"https:\\\/\\\/www.webdo.tn\\\/fr\\\/actualite\\\/national-45\\\/censure-dinternet-15-fevrier-jugement-de-la-cour-de-cassation\\\/172227\\\/#primaryimage\",\"url\":\"https:\\\/\\\/www.webdo.tn\\\/fr\\\/wp-content\\\/uploads\\\/2025\\\/06\\\/Internet-Libre-photo-ghettoparisien.com__172227.jpg\",\"contentUrl\":\"https:\\\/\\\/www.webdo.tn\\\/fr\\\/wp-content\\\/uploads\\\/2025\\\/06\\\/Internet-Libre-photo-ghettoparisien.com__172227.jpg\",\"width\":288,\"height\":312,\"caption\":\"Censure d'Internet : 15 f\u00e9vrier, jugement de la cour de cassation\"},{\"@type\":\"BreadcrumbList\",\"@id\":\"https:\\\/\\\/www.webdo.tn\\\/fr\\\/actualite\\\/national-45\\\/censure-dinternet-15-fevrier-jugement-de-la-cour-de-cassation\\\/172227\\\/#breadcrumb\",\"itemListElement\":[{\"@type\":\"ListItem\",\"position\":1,\"name\":\"Accueil\",\"item\":\"https:\\\/\\\/www.webdo.tn\\\/fr\\\/\"},{\"@type\":\"ListItem\",\"position\":2,\"name\":\"Censure d&rsquo;Internet : 15 f\u00e9vrier, jugement de la cour de cassation\"}]},{\"@type\":\"WebSite\",\"@id\":\"https:\\\/\\\/www.webdo.tn\\\/fr\\\/#website\",\"url\":\"https:\\\/\\\/www.webdo.tn\\\/fr\\\/\",\"name\":\"webdo\",\"description\":\"Tunisie - News en Tunisie et \u00e0 l&#039;international sur Webdo.tn\",\"publisher\":{\"@id\":\"https:\\\/\\\/www.webdo.tn\\\/fr\\\/#organization\"},\"potentialAction\":[{\"@type\":\"SearchAction\",\"target\":{\"@type\":\"EntryPoint\",\"urlTemplate\":\"https:\\\/\\\/www.webdo.tn\\\/fr\\\/?s={search_term_string}\"},\"query-input\":{\"@type\":\"PropertyValueSpecification\",\"valueRequired\":true,\"valueName\":\"search_term_string\"}}],\"inLanguage\":\"fr-FR\"},{\"@type\":\"Organization\",\"@id\":\"https:\\\/\\\/www.webdo.tn\\\/fr\\\/#organization\",\"name\":\"Webdo\",\"alternateName\":\"Webdo.tn\",\"url\":\"https:\\\/\\\/www.webdo.tn\\\/fr\\\/\",\"logo\":{\"@type\":\"ImageObject\",\"inLanguage\":\"fr-FR\",\"@id\":\"https:\\\/\\\/www.webdo.tn\\\/fr\\\/#\\\/schema\\\/logo\\\/image\\\/\",\"url\":\"https:\\\/\\\/www.webdo.tn\\\/fr\\\/wp-content\\\/uploads\\\/2025\\\/06\\\/Webdo-Tunisie_168377.jpg\",\"contentUrl\":\"https:\\\/\\\/www.webdo.tn\\\/fr\\\/wp-content\\\/uploads\\\/2025\\\/06\\\/Webdo-Tunisie_168377.jpg\",\"width\":301,\"height\":301,\"caption\":\"Webdo\"},\"image\":{\"@id\":\"https:\\\/\\\/www.webdo.tn\\\/fr\\\/#\\\/schema\\\/logo\\\/image\\\/\"},\"sameAs\":[\"https:\\\/\\\/www.facebook.com\\\/webdotn\",\"https:\\\/\\\/x.com\\\/webdo_tn\"],\"description\":\"Webdo est un m\u00e9dia num\u00e9rique tunisien fond\u00e9 en 2010, sp\u00e9cialis\u00e9 dans l\u2019actualit\u00e9 nationale et internationale, l\u2019\u00e9conomie, la soci\u00e9t\u00e9 et les analyses politiques. Le site s\u2019adresse \u00e0 un large public francophone et couvre l\u2019information tunisienne en temps r\u00e9el.\",\"email\":\"redac@webdo.tn\",\"legalName\":\"YNJ SARL\",\"foundingDate\":\"2010-09-06\",\"numberOfEmployees\":{\"@type\":\"QuantitativeValue\",\"minValue\":\"11\",\"maxValue\":\"50\"}},{\"@type\":\"Person\",\"@id\":\"https:\\\/\\\/www.webdo.tn\\\/fr\\\/#\\\/schema\\\/person\\\/9a9c6118d687c117df8ef3cc36a4d175\",\"name\":\"webdo.tn\",\"image\":{\"@type\":\"ImageObject\",\"inLanguage\":\"fr-FR\",\"@id\":\"https:\\\/\\\/secure.gravatar.com\\\/avatar\\\/7ce1f28c0c3bbac99ff550b85ef8e44a6950c6ee24514fb6a5489e51d06f0298?s=96&d=mm&r=g\",\"url\":\"https:\\\/\\\/secure.gravatar.com\\\/avatar\\\/7ce1f28c0c3bbac99ff550b85ef8e44a6950c6ee24514fb6a5489e51d06f0298?s=96&d=mm&r=g\",\"contentUrl\":\"https:\\\/\\\/secure.gravatar.com\\\/avatar\\\/7ce1f28c0c3bbac99ff550b85ef8e44a6950c6ee24514fb6a5489e51d06f0298?s=96&d=mm&r=g\",\"caption\":\"webdo.tn\"},\"url\":\"https:\\\/\\\/www.webdo.tn\\\/fr\\\/actualite\\\/author\\\/webdotn\\\/\"}]}<\/script>\n<!-- \/ Yoast SEO Premium plugin. -->","yoast_head_json":{"title":"Censure d'Internet : 15 f\u00e9vrier, jugement de la cour de cassation","description":"Censure d'Internet : 15 f\u00e9vrier, jugement de la cour de cassation","canonical":"https:\/\/www.webdo.tn\/fr\/actualite\/national-45\/censure-dinternet-15-fevrier-jugement-de-la-cour-de-cassation\/172227\/","og_locale":"fr_FR","og_type":"article","og_title":"Censure d'Internet : 15 f\u00e9vrier, jugement de la cour de cassation","og_description":"Censure d'Internet : 15 f\u00e9vrier, jugement de la cour de cassation","og_url":"https:\/\/www.webdo.tn\/fr\/actualite\/national-45\/censure-dinternet-15-fevrier-jugement-de-la-cour-de-cassation\/172227\/","og_site_name":"webdo","article_publisher":"https:\/\/www.facebook.com\/webdotn","article_published_time":"2012-02-07T21:04:00+00:00","author":"webdo.tn","twitter_card":"summary_large_image","twitter_creator":"@webdo_tn","twitter_site":"@webdo_tn","twitter_misc":{"\u00c9crit par":"webdo.tn","Dur\u00e9e de lecture estim\u00e9e":"1 minute"},"schema":{"@context":"https:\/\/schema.org","@graph":[{"@type":"NewsArticle","@id":"https:\/\/www.webdo.tn\/fr\/actualite\/national-45\/censure-dinternet-15-fevrier-jugement-de-la-cour-de-cassation\/172227\/#article","isPartOf":{"@id":"https:\/\/www.webdo.tn\/fr\/actualite\/national-45\/censure-dinternet-15-fevrier-jugement-de-la-cour-de-cassation\/172227\/"},"author":{"name":"webdo.tn","@id":"https:\/\/www.webdo.tn\/fr\/#\/schema\/person\/9a9c6118d687c117df8ef3cc36a4d175"},"headline":"Censure d&rsquo;Internet : 15 f\u00e9vrier, jugement de la cour de cassation","datePublished":"2012-02-07T21:04:00+00:00","mainEntityOfPage":{"@id":"https:\/\/www.webdo.tn\/fr\/actualite\/national-45\/censure-dinternet-15-fevrier-jugement-de-la-cour-de-cassation\/172227\/"},"wordCount":182,"commentCount":0,"publisher":{"@id":"https:\/\/www.webdo.tn\/fr\/#organization"},"image":{"@id":"https:\/\/www.webdo.tn\/fr\/actualite\/national-45\/censure-dinternet-15-fevrier-jugement-de-la-cour-de-cassation\/172227\/#primaryimage"},"thumbnailUrl":"https:\/\/www.webdo.tn\/fr\/wp-content\/uploads\/2025\/06\/Internet-Libre-photo-ghettoparisien.com__172227.jpg","articleSection":["National"],"inLanguage":"fr-FR"},{"@type":"WebPage","@id":"https:\/\/www.webdo.tn\/fr\/actualite\/national-45\/censure-dinternet-15-fevrier-jugement-de-la-cour-de-cassation\/172227\/","url":"https:\/\/www.webdo.tn\/fr\/actualite\/national-45\/censure-dinternet-15-fevrier-jugement-de-la-cour-de-cassation\/172227\/","name":"Censure d'Internet : 15 f\u00e9vrier, jugement de la cour de cassation","isPartOf":{"@id":"https:\/\/www.webdo.tn\/fr\/#website"},"primaryImageOfPage":{"@id":"https:\/\/www.webdo.tn\/fr\/actualite\/national-45\/censure-dinternet-15-fevrier-jugement-de-la-cour-de-cassation\/172227\/#primaryimage"},"image":{"@id":"https:\/\/www.webdo.tn\/fr\/actualite\/national-45\/censure-dinternet-15-fevrier-jugement-de-la-cour-de-cassation\/172227\/#primaryimage"},"thumbnailUrl":"https:\/\/www.webdo.tn\/fr\/wp-content\/uploads\/2025\/06\/Internet-Libre-photo-ghettoparisien.com__172227.jpg","datePublished":"2012-02-07T21:04:00+00:00","description":"Censure d'Internet : 15 f\u00e9vrier, jugement de la cour de cassation","breadcrumb":{"@id":"https:\/\/www.webdo.tn\/fr\/actualite\/national-45\/censure-dinternet-15-fevrier-jugement-de-la-cour-de-cassation\/172227\/#breadcrumb"},"inLanguage":"fr-FR","potentialAction":[{"@type":"ReadAction","target":["https:\/\/www.webdo.tn\/fr\/actualite\/national-45\/censure-dinternet-15-fevrier-jugement-de-la-cour-de-cassation\/172227\/"]}]},{"@type":"ImageObject","inLanguage":"fr-FR","@id":"https:\/\/www.webdo.tn\/fr\/actualite\/national-45\/censure-dinternet-15-fevrier-jugement-de-la-cour-de-cassation\/172227\/#primaryimage","url":"https:\/\/www.webdo.tn\/fr\/wp-content\/uploads\/2025\/06\/Internet-Libre-photo-ghettoparisien.com__172227.jpg","contentUrl":"https:\/\/www.webdo.tn\/fr\/wp-content\/uploads\/2025\/06\/Internet-Libre-photo-ghettoparisien.com__172227.jpg","width":288,"height":312,"caption":"Censure d'Internet : 15 f\u00e9vrier, jugement de la cour de cassation"},{"@type":"BreadcrumbList","@id":"https:\/\/www.webdo.tn\/fr\/actualite\/national-45\/censure-dinternet-15-fevrier-jugement-de-la-cour-de-cassation\/172227\/#breadcrumb","itemListElement":[{"@type":"ListItem","position":1,"name":"Accueil","item":"https:\/\/www.webdo.tn\/fr\/"},{"@type":"ListItem","position":2,"name":"Censure d&rsquo;Internet : 15 f\u00e9vrier, jugement de la cour de cassation"}]},{"@type":"WebSite","@id":"https:\/\/www.webdo.tn\/fr\/#website","url":"https:\/\/www.webdo.tn\/fr\/","name":"webdo","description":"Tunisie - News en Tunisie et \u00e0 l&#039;international sur Webdo.tn","publisher":{"@id":"https:\/\/www.webdo.tn\/fr\/#organization"},"potentialAction":[{"@type":"SearchAction","target":{"@type":"EntryPoint","urlTemplate":"https:\/\/www.webdo.tn\/fr\/?s={search_term_string}"},"query-input":{"@type":"PropertyValueSpecification","valueRequired":true,"valueName":"search_term_string"}}],"inLanguage":"fr-FR"},{"@type":"Organization","@id":"https:\/\/www.webdo.tn\/fr\/#organization","name":"Webdo","alternateName":"Webdo.tn","url":"https:\/\/www.webdo.tn\/fr\/","logo":{"@type":"ImageObject","inLanguage":"fr-FR","@id":"https:\/\/www.webdo.tn\/fr\/#\/schema\/logo\/image\/","url":"https:\/\/www.webdo.tn\/fr\/wp-content\/uploads\/2025\/06\/Webdo-Tunisie_168377.jpg","contentUrl":"https:\/\/www.webdo.tn\/fr\/wp-content\/uploads\/2025\/06\/Webdo-Tunisie_168377.jpg","width":301,"height":301,"caption":"Webdo"},"image":{"@id":"https:\/\/www.webdo.tn\/fr\/#\/schema\/logo\/image\/"},"sameAs":["https:\/\/www.facebook.com\/webdotn","https:\/\/x.com\/webdo_tn"],"description":"Webdo est un m\u00e9dia num\u00e9rique tunisien fond\u00e9 en 2010, sp\u00e9cialis\u00e9 dans l\u2019actualit\u00e9 nationale et internationale, l\u2019\u00e9conomie, la soci\u00e9t\u00e9 et les analyses politiques. Le site s\u2019adresse \u00e0 un large public francophone et couvre l\u2019information tunisienne en temps r\u00e9el.","email":"redac@webdo.tn","legalName":"YNJ SARL","foundingDate":"2010-09-06","numberOfEmployees":{"@type":"QuantitativeValue","minValue":"11","maxValue":"50"}},{"@type":"Person","@id":"https:\/\/www.webdo.tn\/fr\/#\/schema\/person\/9a9c6118d687c117df8ef3cc36a4d175","name":"webdo.tn","image":{"@type":"ImageObject","inLanguage":"fr-FR","@id":"https:\/\/secure.gravatar.com\/avatar\/7ce1f28c0c3bbac99ff550b85ef8e44a6950c6ee24514fb6a5489e51d06f0298?s=96&d=mm&r=g","url":"https:\/\/secure.gravatar.com\/avatar\/7ce1f28c0c3bbac99ff550b85ef8e44a6950c6ee24514fb6a5489e51d06f0298?s=96&d=mm&r=g","contentUrl":"https:\/\/secure.gravatar.com\/avatar\/7ce1f28c0c3bbac99ff550b85ef8e44a6950c6ee24514fb6a5489e51d06f0298?s=96&d=mm&r=g","caption":"webdo.tn"},"url":"https:\/\/www.webdo.tn\/fr\/actualite\/author\/webdotn\/"}]}},"_links":{"self":[{"href":"https:\/\/www.webdo.tn\/fr\/wp-json\/wp\/v2\/posts\/172227","targetHints":{"allow":["GET"]}}],"collection":[{"href":"https:\/\/www.webdo.tn\/fr\/wp-json\/wp\/v2\/posts"}],"about":[{"href":"https:\/\/www.webdo.tn\/fr\/wp-json\/wp\/v2\/types\/post"}],"author":[{"embeddable":true,"href":"https:\/\/www.webdo.tn\/fr\/wp-json\/wp\/v2\/users\/3222"}],"replies":[{"embeddable":true,"href":"https:\/\/www.webdo.tn\/fr\/wp-json\/wp\/v2\/comments?post=172227"}],"version-history":[{"count":0,"href":"https:\/\/www.webdo.tn\/fr\/wp-json\/wp\/v2\/posts\/172227\/revisions"}],"wp:featuredmedia":[{"embeddable":true,"href":"https:\/\/www.webdo.tn\/fr\/wp-json\/wp\/v2\/media\/374518"}],"wp:attachment":[{"href":"https:\/\/www.webdo.tn\/fr\/wp-json\/wp\/v2\/media?parent=172227"}],"wp:term":[{"taxonomy":"category","embeddable":true,"href":"https:\/\/www.webdo.tn\/fr\/wp-json\/wp\/v2\/categories?post=172227"},{"taxonomy":"post_tag","embeddable":true,"href":"https:\/\/www.webdo.tn\/fr\/wp-json\/wp\/v2\/tags?post=172227"}],"curies":[{"name":"wp","href":"https:\/\/api.w.org\/{rel}","templated":true}]}}