{"id":172226,"date":"2012-02-07T23:20:00","date_gmt":"2012-02-07T23:20:00","guid":{"rendered":"https:\/\/www.webdo.tn\/fr\/blog\/meteo-temps-plus-doux-jeudi-et-vendredi-retour-du-froid-le-weekend\/172226\/"},"modified":"2012-02-07T23:20:00","modified_gmt":"2012-02-07T23:20:00","slug":"meteo-temps-plus-doux-jeudi-et-vendredi-retour-du-froid-le-weekend","status":"publish","type":"post","link":"https:\/\/www.webdo.tn\/fr\/actualite\/national\/meteo-temps-plus-doux-jeudi-et-vendredi-retour-du-froid-le-weekend\/172226\/","title":{"rendered":"M\u00e9t\u00e9o: temps plus doux, jeudi et vendredi, retour du froid le weekend"},"content":{"rendered":"<p>D\u2019apr\u00e8s l\u2019Institut national de m\u00e9t\u00e9orologie, \u00e7a fait 31 ans que notre pays n\u2019a pas connu une baisse aussi importante du thermom\u00e8tre. En f\u00e9vrier 1981 plus exactement, et \u00e0 Tala, les minimales ont atteint les -8\u00b0 alors que cette ann\u00e9e le mercure a atteint -4\u00b0, dans la m\u00eame ville.<\/p>\n<p>Pourtant, l\u2019Institut avait pr\u00e9venu depuis le 26 janvier dernier toutes les autorit\u00e9s concern\u00e9es dont la protection civile, qu&rsquo;une vague de froid toucherait tout le pays et notamment les r\u00e9gions du nord-est et les zones montagnardes. L\u2019intervention tardive des autorit\u00e9s comp\u00e9tentes explique en grande partie la situation alarmante que connaissent plusieurs villes du nord et du centre du pays.<\/p>\n<p>Aujourd\u2019hui, en d\u00e9but de soir\u00e9e, d\u2019importantes quantit\u00e9s de neiges ont \u00e9t\u00e9 enregistr\u00e9es dans la ville de Bizerte (60 km au nord de Tunis). Certaines sources non officielles annoncent \u00e9galement que la vague de froid (encore plus froid!) touchera bient\u00f4t le grand Tunis et les villes c\u00f4ti\u00e8res.<\/p>\n<p>Jeudi et vendredi, le climat sera plus doux avec une l\u00e9g\u00e8re augmentation de la temp\u00e9rature, environ de deux \u00e0 trois degr\u00e9s. Ceci n\u2019emp\u00eachera pas le retour de la neige et l\u2019arriv\u00e9e d\u2019une nouvelle vague de froid ce weekend (samedi et dimanche). C&rsquo;\u00e9tait notre petite parenth\u00e8se m\u00e9t\u00e9o&#8230;<\/p>\n","protected":false},"excerpt":{"rendered":"<p>M\u00e9t\u00e9o: temps plus doux, jeudi et vendredi, retour du froid le weekend<\/p>\n","protected":false},"author":3222,"featured_media":333789,"comment_status":"open","ping_status":"closed","sticky":false,"template":"","format":"standard","meta":{"footnotes":""},"categories":[44],"tags":[2600],"class_list":["post-172226","post","type-post","status-publish","format-standard","has-post-thumbnail","hentry","category-national","tag-guerre"],"yoast_head":"<!-- This site is optimized with the Yoast SEO Premium plugin v27.5 (Yoast SEO v27.5) - https:\/\/yoast.com\/product\/yoast-seo-premium-wordpress\/ -->\n<title>M\u00e9t\u00e9o: temps plus doux, jeudi et vendredi, retour du froid le weekend<\/title>\n<meta name=\"description\" content=\"M\u00e9t\u00e9o: temps plus doux, jeudi et vendredi, retour du froid le weekend\" \/>\n<link rel=\"canonical\" href=\"https:\/\/www.webdo.tn\/fr\/actualite\/national-45\/meteo-temps-plus-doux-jeudi-et-vendredi-retour-du-froid-le-weekend\/172226\/\" \/>\n<meta property=\"og:locale\" content=\"fr_FR\" \/>\n<meta property=\"og:type\" content=\"article\" \/>\n<meta property=\"og:title\" content=\"M\u00e9t\u00e9o: temps plus doux, jeudi et vendredi, retour du froid le weekend\" \/>\n<meta property=\"og:description\" content=\"M\u00e9t\u00e9o: temps plus doux, jeudi et vendredi, retour du froid le weekend\" \/>\n<meta property=\"og:url\" content=\"https:\/\/www.webdo.tn\/fr\/actualite\/national-45\/meteo-temps-plus-doux-jeudi-et-vendredi-retour-du-froid-le-weekend\/172226\/\" \/>\n<meta property=\"og:site_name\" content=\"webdo\" \/>\n<meta property=\"article:publisher\" content=\"https:\/\/www.facebook.com\/webdotn\" \/>\n<meta property=\"article:published_time\" content=\"2012-02-07T23:20:00+00:00\" \/>\n<meta property=\"og:image\" content=\"https:\/\/www.webdo.tn\/fr\/wp-content\/uploads\/2012\/02\/Thermometre-en-baisse-photo-kiwimage.com_.jpg\" \/>\n\t<meta property=\"og:image:width\" content=\"143\" \/>\n\t<meta property=\"og:image:height\" content=\"294\" \/>\n\t<meta property=\"og:image:type\" content=\"image\/jpeg\" \/>\n<meta name=\"author\" content=\"webdo.tn\" \/>\n<meta name=\"twitter:card\" content=\"summary_large_image\" \/>\n<meta name=\"twitter:creator\" content=\"@webdo_tn\" \/>\n<meta name=\"twitter:site\" content=\"@webdo_tn\" \/>\n<meta name=\"twitter:label1\" content=\"\u00c9crit par\" \/>\n\t<meta name=\"twitter:data1\" content=\"webdo.tn\" \/>\n\t<meta name=\"twitter:label2\" content=\"Dur\u00e9e de lecture estim\u00e9e\" \/>\n\t<meta name=\"twitter:data2\" content=\"1 minute\" \/>\n<script type=\"application\/ld+json\" class=\"yoast-schema-graph\">{\"@context\":\"https:\\\/\\\/schema.org\",\"@graph\":[{\"@type\":\"NewsArticle\",\"@id\":\"https:\\\/\\\/www.webdo.tn\\\/fr\\\/actualite\\\/national-45\\\/meteo-temps-plus-doux-jeudi-et-vendredi-retour-du-froid-le-weekend\\\/172226\\\/#article\",\"isPartOf\":{\"@id\":\"https:\\\/\\\/www.webdo.tn\\\/fr\\\/actualite\\\/national-45\\\/meteo-temps-plus-doux-jeudi-et-vendredi-retour-du-froid-le-weekend\\\/172226\\\/\"},\"author\":{\"name\":\"webdo.tn\",\"@id\":\"https:\\\/\\\/www.webdo.tn\\\/fr\\\/#\\\/schema\\\/person\\\/9a9c6118d687c117df8ef3cc36a4d175\"},\"headline\":\"M\u00e9t\u00e9o: temps plus doux, jeudi et vendredi, retour du froid le weekend\",\"datePublished\":\"2012-02-07T23:20:00+00:00\",\"mainEntityOfPage\":{\"@id\":\"https:\\\/\\\/www.webdo.tn\\\/fr\\\/actualite\\\/national-45\\\/meteo-temps-plus-doux-jeudi-et-vendredi-retour-du-froid-le-weekend\\\/172226\\\/\"},\"wordCount\":247,\"commentCount\":0,\"publisher\":{\"@id\":\"https:\\\/\\\/www.webdo.tn\\\/fr\\\/#organization\"},\"image\":{\"@id\":\"https:\\\/\\\/www.webdo.tn\\\/fr\\\/actualite\\\/national-45\\\/meteo-temps-plus-doux-jeudi-et-vendredi-retour-du-froid-le-weekend\\\/172226\\\/#primaryimage\"},\"thumbnailUrl\":\"https:\\\/\\\/www.webdo.tn\\\/fr\\\/wp-content\\\/uploads\\\/2012\\\/02\\\/Thermometre-en-baisse-photo-kiwimage.com_.jpg\",\"keywords\":[\"guerre\"],\"articleSection\":[\"National\"],\"inLanguage\":\"fr-FR\"},{\"@type\":\"WebPage\",\"@id\":\"https:\\\/\\\/www.webdo.tn\\\/fr\\\/actualite\\\/national-45\\\/meteo-temps-plus-doux-jeudi-et-vendredi-retour-du-froid-le-weekend\\\/172226\\\/\",\"url\":\"https:\\\/\\\/www.webdo.tn\\\/fr\\\/actualite\\\/national-45\\\/meteo-temps-plus-doux-jeudi-et-vendredi-retour-du-froid-le-weekend\\\/172226\\\/\",\"name\":\"M\u00e9t\u00e9o: temps plus doux, jeudi et vendredi, retour du froid le weekend\",\"isPartOf\":{\"@id\":\"https:\\\/\\\/www.webdo.tn\\\/fr\\\/#website\"},\"primaryImageOfPage\":{\"@id\":\"https:\\\/\\\/www.webdo.tn\\\/fr\\\/actualite\\\/national-45\\\/meteo-temps-plus-doux-jeudi-et-vendredi-retour-du-froid-le-weekend\\\/172226\\\/#primaryimage\"},\"image\":{\"@id\":\"https:\\\/\\\/www.webdo.tn\\\/fr\\\/actualite\\\/national-45\\\/meteo-temps-plus-doux-jeudi-et-vendredi-retour-du-froid-le-weekend\\\/172226\\\/#primaryimage\"},\"thumbnailUrl\":\"https:\\\/\\\/www.webdo.tn\\\/fr\\\/wp-content\\\/uploads\\\/2012\\\/02\\\/Thermometre-en-baisse-photo-kiwimage.com_.jpg\",\"datePublished\":\"2012-02-07T23:20:00+00:00\",\"description\":\"M\u00e9t\u00e9o: temps plus doux, jeudi et vendredi, retour du froid le weekend\",\"breadcrumb\":{\"@id\":\"https:\\\/\\\/www.webdo.tn\\\/fr\\\/actualite\\\/national-45\\\/meteo-temps-plus-doux-jeudi-et-vendredi-retour-du-froid-le-weekend\\\/172226\\\/#breadcrumb\"},\"inLanguage\":\"fr-FR\",\"potentialAction\":[{\"@type\":\"ReadAction\",\"target\":[\"https:\\\/\\\/www.webdo.tn\\\/fr\\\/actualite\\\/national-45\\\/meteo-temps-plus-doux-jeudi-et-vendredi-retour-du-froid-le-weekend\\\/172226\\\/\"]}]},{\"@type\":\"ImageObject\",\"inLanguage\":\"fr-FR\",\"@id\":\"https:\\\/\\\/www.webdo.tn\\\/fr\\\/actualite\\\/national-45\\\/meteo-temps-plus-doux-jeudi-et-vendredi-retour-du-froid-le-weekend\\\/172226\\\/#primaryimage\",\"url\":\"https:\\\/\\\/www.webdo.tn\\\/fr\\\/wp-content\\\/uploads\\\/2012\\\/02\\\/Thermometre-en-baisse-photo-kiwimage.com_.jpg\",\"contentUrl\":\"https:\\\/\\\/www.webdo.tn\\\/fr\\\/wp-content\\\/uploads\\\/2012\\\/02\\\/Thermometre-en-baisse-photo-kiwimage.com_.jpg\",\"width\":143,\"height\":294,\"caption\":\"M\u00e9t\u00e9o: temps plus doux, jeudi et vendredi, retour du froid le weekend\"},{\"@type\":\"BreadcrumbList\",\"@id\":\"https:\\\/\\\/www.webdo.tn\\\/fr\\\/actualite\\\/national-45\\\/meteo-temps-plus-doux-jeudi-et-vendredi-retour-du-froid-le-weekend\\\/172226\\\/#breadcrumb\",\"itemListElement\":[{\"@type\":\"ListItem\",\"position\":1,\"name\":\"Accueil\",\"item\":\"https:\\\/\\\/www.webdo.tn\\\/fr\\\/\"},{\"@type\":\"ListItem\",\"position\":2,\"name\":\"M\u00e9t\u00e9o: temps plus doux, jeudi et vendredi, retour du froid le weekend\"}]},{\"@type\":\"WebSite\",\"@id\":\"https:\\\/\\\/www.webdo.tn\\\/fr\\\/#website\",\"url\":\"https:\\\/\\\/www.webdo.tn\\\/fr\\\/\",\"name\":\"webdo\",\"description\":\"Tunisie - News en Tunisie et \u00e0 l&#039;international sur Webdo.tn\",\"publisher\":{\"@id\":\"https:\\\/\\\/www.webdo.tn\\\/fr\\\/#organization\"},\"potentialAction\":[{\"@type\":\"SearchAction\",\"target\":{\"@type\":\"EntryPoint\",\"urlTemplate\":\"https:\\\/\\\/www.webdo.tn\\\/fr\\\/?s={search_term_string}\"},\"query-input\":{\"@type\":\"PropertyValueSpecification\",\"valueRequired\":true,\"valueName\":\"search_term_string\"}}],\"inLanguage\":\"fr-FR\"},{\"@type\":\"Organization\",\"@id\":\"https:\\\/\\\/www.webdo.tn\\\/fr\\\/#organization\",\"name\":\"Webdo\",\"alternateName\":\"Webdo.tn\",\"url\":\"https:\\\/\\\/www.webdo.tn\\\/fr\\\/\",\"logo\":{\"@type\":\"ImageObject\",\"inLanguage\":\"fr-FR\",\"@id\":\"https:\\\/\\\/www.webdo.tn\\\/fr\\\/#\\\/schema\\\/logo\\\/image\\\/\",\"url\":\"https:\\\/\\\/www.webdo.tn\\\/fr\\\/wp-content\\\/uploads\\\/2025\\\/06\\\/Webdo-Tunisie_168377.jpg\",\"contentUrl\":\"https:\\\/\\\/www.webdo.tn\\\/fr\\\/wp-content\\\/uploads\\\/2025\\\/06\\\/Webdo-Tunisie_168377.jpg\",\"width\":301,\"height\":301,\"caption\":\"Webdo\"},\"image\":{\"@id\":\"https:\\\/\\\/www.webdo.tn\\\/fr\\\/#\\\/schema\\\/logo\\\/image\\\/\"},\"sameAs\":[\"https:\\\/\\\/www.facebook.com\\\/webdotn\",\"https:\\\/\\\/x.com\\\/webdo_tn\"],\"description\":\"Webdo est un m\u00e9dia num\u00e9rique tunisien fond\u00e9 en 2010, sp\u00e9cialis\u00e9 dans l\u2019actualit\u00e9 nationale et internationale, l\u2019\u00e9conomie, la soci\u00e9t\u00e9 et les analyses politiques. Le site s\u2019adresse \u00e0 un large public francophone et couvre l\u2019information tunisienne en temps r\u00e9el.\",\"email\":\"redac@webdo.tn\",\"legalName\":\"YNJ SARL\",\"foundingDate\":\"2010-09-06\",\"numberOfEmployees\":{\"@type\":\"QuantitativeValue\",\"minValue\":\"11\",\"maxValue\":\"50\"}},{\"@type\":\"Person\",\"@id\":\"https:\\\/\\\/www.webdo.tn\\\/fr\\\/#\\\/schema\\\/person\\\/9a9c6118d687c117df8ef3cc36a4d175\",\"name\":\"webdo.tn\",\"image\":{\"@type\":\"ImageObject\",\"inLanguage\":\"fr-FR\",\"@id\":\"https:\\\/\\\/secure.gravatar.com\\\/avatar\\\/7ce1f28c0c3bbac99ff550b85ef8e44a6950c6ee24514fb6a5489e51d06f0298?s=96&d=mm&r=g\",\"url\":\"https:\\\/\\\/secure.gravatar.com\\\/avatar\\\/7ce1f28c0c3bbac99ff550b85ef8e44a6950c6ee24514fb6a5489e51d06f0298?s=96&d=mm&r=g\",\"contentUrl\":\"https:\\\/\\\/secure.gravatar.com\\\/avatar\\\/7ce1f28c0c3bbac99ff550b85ef8e44a6950c6ee24514fb6a5489e51d06f0298?s=96&d=mm&r=g\",\"caption\":\"webdo.tn\"},\"url\":\"https:\\\/\\\/www.webdo.tn\\\/fr\\\/actualite\\\/author\\\/webdotn\\\/\"}]}<\/script>\n<!-- \/ Yoast SEO Premium plugin. -->","yoast_head_json":{"title":"M\u00e9t\u00e9o: temps plus doux, jeudi et vendredi, retour du froid le weekend","description":"M\u00e9t\u00e9o: temps plus doux, jeudi et vendredi, retour du froid le weekend","canonical":"https:\/\/www.webdo.tn\/fr\/actualite\/national-45\/meteo-temps-plus-doux-jeudi-et-vendredi-retour-du-froid-le-weekend\/172226\/","og_locale":"fr_FR","og_type":"article","og_title":"M\u00e9t\u00e9o: temps plus doux, jeudi et vendredi, retour du froid le weekend","og_description":"M\u00e9t\u00e9o: temps plus doux, jeudi et vendredi, retour du froid le weekend","og_url":"https:\/\/www.webdo.tn\/fr\/actualite\/national-45\/meteo-temps-plus-doux-jeudi-et-vendredi-retour-du-froid-le-weekend\/172226\/","og_site_name":"webdo","article_publisher":"https:\/\/www.facebook.com\/webdotn","article_published_time":"2012-02-07T23:20:00+00:00","og_image":[{"width":143,"height":294,"url":"https:\/\/www.webdo.tn\/fr\/wp-content\/uploads\/2012\/02\/Thermometre-en-baisse-photo-kiwimage.com_.jpg","type":"image\/jpeg"}],"author":"webdo.tn","twitter_card":"summary_large_image","twitter_creator":"@webdo_tn","twitter_site":"@webdo_tn","twitter_misc":{"\u00c9crit par":"webdo.tn","Dur\u00e9e de lecture estim\u00e9e":"1 minute"},"schema":{"@context":"https:\/\/schema.org","@graph":[{"@type":"NewsArticle","@id":"https:\/\/www.webdo.tn\/fr\/actualite\/national-45\/meteo-temps-plus-doux-jeudi-et-vendredi-retour-du-froid-le-weekend\/172226\/#article","isPartOf":{"@id":"https:\/\/www.webdo.tn\/fr\/actualite\/national-45\/meteo-temps-plus-doux-jeudi-et-vendredi-retour-du-froid-le-weekend\/172226\/"},"author":{"name":"webdo.tn","@id":"https:\/\/www.webdo.tn\/fr\/#\/schema\/person\/9a9c6118d687c117df8ef3cc36a4d175"},"headline":"M\u00e9t\u00e9o: temps plus doux, jeudi et vendredi, retour du froid le weekend","datePublished":"2012-02-07T23:20:00+00:00","mainEntityOfPage":{"@id":"https:\/\/www.webdo.tn\/fr\/actualite\/national-45\/meteo-temps-plus-doux-jeudi-et-vendredi-retour-du-froid-le-weekend\/172226\/"},"wordCount":247,"commentCount":0,"publisher":{"@id":"https:\/\/www.webdo.tn\/fr\/#organization"},"image":{"@id":"https:\/\/www.webdo.tn\/fr\/actualite\/national-45\/meteo-temps-plus-doux-jeudi-et-vendredi-retour-du-froid-le-weekend\/172226\/#primaryimage"},"thumbnailUrl":"https:\/\/www.webdo.tn\/fr\/wp-content\/uploads\/2012\/02\/Thermometre-en-baisse-photo-kiwimage.com_.jpg","keywords":["guerre"],"articleSection":["National"],"inLanguage":"fr-FR"},{"@type":"WebPage","@id":"https:\/\/www.webdo.tn\/fr\/actualite\/national-45\/meteo-temps-plus-doux-jeudi-et-vendredi-retour-du-froid-le-weekend\/172226\/","url":"https:\/\/www.webdo.tn\/fr\/actualite\/national-45\/meteo-temps-plus-doux-jeudi-et-vendredi-retour-du-froid-le-weekend\/172226\/","name":"M\u00e9t\u00e9o: temps plus doux, jeudi et vendredi, retour du froid le weekend","isPartOf":{"@id":"https:\/\/www.webdo.tn\/fr\/#website"},"primaryImageOfPage":{"@id":"https:\/\/www.webdo.tn\/fr\/actualite\/national-45\/meteo-temps-plus-doux-jeudi-et-vendredi-retour-du-froid-le-weekend\/172226\/#primaryimage"},"image":{"@id":"https:\/\/www.webdo.tn\/fr\/actualite\/national-45\/meteo-temps-plus-doux-jeudi-et-vendredi-retour-du-froid-le-weekend\/172226\/#primaryimage"},"thumbnailUrl":"https:\/\/www.webdo.tn\/fr\/wp-content\/uploads\/2012\/02\/Thermometre-en-baisse-photo-kiwimage.com_.jpg","datePublished":"2012-02-07T23:20:00+00:00","description":"M\u00e9t\u00e9o: temps plus doux, jeudi et vendredi, retour du froid le weekend","breadcrumb":{"@id":"https:\/\/www.webdo.tn\/fr\/actualite\/national-45\/meteo-temps-plus-doux-jeudi-et-vendredi-retour-du-froid-le-weekend\/172226\/#breadcrumb"},"inLanguage":"fr-FR","potentialAction":[{"@type":"ReadAction","target":["https:\/\/www.webdo.tn\/fr\/actualite\/national-45\/meteo-temps-plus-doux-jeudi-et-vendredi-retour-du-froid-le-weekend\/172226\/"]}]},{"@type":"ImageObject","inLanguage":"fr-FR","@id":"https:\/\/www.webdo.tn\/fr\/actualite\/national-45\/meteo-temps-plus-doux-jeudi-et-vendredi-retour-du-froid-le-weekend\/172226\/#primaryimage","url":"https:\/\/www.webdo.tn\/fr\/wp-content\/uploads\/2012\/02\/Thermometre-en-baisse-photo-kiwimage.com_.jpg","contentUrl":"https:\/\/www.webdo.tn\/fr\/wp-content\/uploads\/2012\/02\/Thermometre-en-baisse-photo-kiwimage.com_.jpg","width":143,"height":294,"caption":"M\u00e9t\u00e9o: temps plus doux, jeudi et vendredi, retour du froid le weekend"},{"@type":"BreadcrumbList","@id":"https:\/\/www.webdo.tn\/fr\/actualite\/national-45\/meteo-temps-plus-doux-jeudi-et-vendredi-retour-du-froid-le-weekend\/172226\/#breadcrumb","itemListElement":[{"@type":"ListItem","position":1,"name":"Accueil","item":"https:\/\/www.webdo.tn\/fr\/"},{"@type":"ListItem","position":2,"name":"M\u00e9t\u00e9o: temps plus doux, jeudi et vendredi, retour du froid le weekend"}]},{"@type":"WebSite","@id":"https:\/\/www.webdo.tn\/fr\/#website","url":"https:\/\/www.webdo.tn\/fr\/","name":"webdo","description":"Tunisie - News en Tunisie et \u00e0 l&#039;international sur Webdo.tn","publisher":{"@id":"https:\/\/www.webdo.tn\/fr\/#organization"},"potentialAction":[{"@type":"SearchAction","target":{"@type":"EntryPoint","urlTemplate":"https:\/\/www.webdo.tn\/fr\/?s={search_term_string}"},"query-input":{"@type":"PropertyValueSpecification","valueRequired":true,"valueName":"search_term_string"}}],"inLanguage":"fr-FR"},{"@type":"Organization","@id":"https:\/\/www.webdo.tn\/fr\/#organization","name":"Webdo","alternateName":"Webdo.tn","url":"https:\/\/www.webdo.tn\/fr\/","logo":{"@type":"ImageObject","inLanguage":"fr-FR","@id":"https:\/\/www.webdo.tn\/fr\/#\/schema\/logo\/image\/","url":"https:\/\/www.webdo.tn\/fr\/wp-content\/uploads\/2025\/06\/Webdo-Tunisie_168377.jpg","contentUrl":"https:\/\/www.webdo.tn\/fr\/wp-content\/uploads\/2025\/06\/Webdo-Tunisie_168377.jpg","width":301,"height":301,"caption":"Webdo"},"image":{"@id":"https:\/\/www.webdo.tn\/fr\/#\/schema\/logo\/image\/"},"sameAs":["https:\/\/www.facebook.com\/webdotn","https:\/\/x.com\/webdo_tn"],"description":"Webdo est un m\u00e9dia num\u00e9rique tunisien fond\u00e9 en 2010, sp\u00e9cialis\u00e9 dans l\u2019actualit\u00e9 nationale et internationale, l\u2019\u00e9conomie, la soci\u00e9t\u00e9 et les analyses politiques. Le site s\u2019adresse \u00e0 un large public francophone et couvre l\u2019information tunisienne en temps r\u00e9el.","email":"redac@webdo.tn","legalName":"YNJ SARL","foundingDate":"2010-09-06","numberOfEmployees":{"@type":"QuantitativeValue","minValue":"11","maxValue":"50"}},{"@type":"Person","@id":"https:\/\/www.webdo.tn\/fr\/#\/schema\/person\/9a9c6118d687c117df8ef3cc36a4d175","name":"webdo.tn","image":{"@type":"ImageObject","inLanguage":"fr-FR","@id":"https:\/\/secure.gravatar.com\/avatar\/7ce1f28c0c3bbac99ff550b85ef8e44a6950c6ee24514fb6a5489e51d06f0298?s=96&d=mm&r=g","url":"https:\/\/secure.gravatar.com\/avatar\/7ce1f28c0c3bbac99ff550b85ef8e44a6950c6ee24514fb6a5489e51d06f0298?s=96&d=mm&r=g","contentUrl":"https:\/\/secure.gravatar.com\/avatar\/7ce1f28c0c3bbac99ff550b85ef8e44a6950c6ee24514fb6a5489e51d06f0298?s=96&d=mm&r=g","caption":"webdo.tn"},"url":"https:\/\/www.webdo.tn\/fr\/actualite\/author\/webdotn\/"}]}},"_links":{"self":[{"href":"https:\/\/www.webdo.tn\/fr\/wp-json\/wp\/v2\/posts\/172226","targetHints":{"allow":["GET"]}}],"collection":[{"href":"https:\/\/www.webdo.tn\/fr\/wp-json\/wp\/v2\/posts"}],"about":[{"href":"https:\/\/www.webdo.tn\/fr\/wp-json\/wp\/v2\/types\/post"}],"author":[{"embeddable":true,"href":"https:\/\/www.webdo.tn\/fr\/wp-json\/wp\/v2\/users\/3222"}],"replies":[{"embeddable":true,"href":"https:\/\/www.webdo.tn\/fr\/wp-json\/wp\/v2\/comments?post=172226"}],"version-history":[{"count":0,"href":"https:\/\/www.webdo.tn\/fr\/wp-json\/wp\/v2\/posts\/172226\/revisions"}],"wp:featuredmedia":[{"embeddable":true,"href":"https:\/\/www.webdo.tn\/fr\/wp-json\/wp\/v2\/media\/333789"}],"wp:attachment":[{"href":"https:\/\/www.webdo.tn\/fr\/wp-json\/wp\/v2\/media?parent=172226"}],"wp:term":[{"taxonomy":"category","embeddable":true,"href":"https:\/\/www.webdo.tn\/fr\/wp-json\/wp\/v2\/categories?post=172226"},{"taxonomy":"post_tag","embeddable":true,"href":"https:\/\/www.webdo.tn\/fr\/wp-json\/wp\/v2\/tags?post=172226"}],"curies":[{"name":"wp","href":"https:\/\/api.w.org\/{rel}","templated":true}]}}