{"id":172224,"date":"2012-02-08T17:02:00","date_gmt":"2012-02-08T17:02:00","guid":{"rendered":"https:\/\/www.webdo.tn\/fr\/blog\/sondage-marzouki-inspire-plus-confiance-aux-tunisiens-que-b-c-essebsi\/172224\/"},"modified":"2012-02-08T17:02:00","modified_gmt":"2012-02-08T17:02:00","slug":"sondage-marzouki-inspire-plus-confiance-aux-tunisiens-que-b-c-essebsi","status":"publish","type":"post","link":"https:\/\/www.webdo.tn\/fr\/actualite\/national\/sondage-marzouki-inspire-plus-confiance-aux-tunisiens-que-b-c-essebsi\/172224\/","title":{"rendered":"Sondage : Marzouki inspire plus confiance aux Tunisiens que B.C. Essebsi"},"content":{"rendered":"<p>Selon un sondage, de \u00ab 3C \u00c9tudes \u00bb en partenariat avec Mosa\u00efque Fm, Nessma Tv et le journal Le Maghreb, dont les r\u00e9sultats ont \u00e9t\u00e9 annonc\u00e9s aujourd&rsquo;hui, le pr\u00e9sident provisoire Moncef Marzouki se place en t\u00eate des personnalit\u00e9s auxquelles les Tunisiens accordent plus leur confiance. Il obtient ainsi 59 %. Suivent B\u00e9ji Ca\u00efd Essebsi avec 53 %, Jebali 45 %, Ben Jaafer avec 38 %, et Rached Ghannouchi avec 37 %.<\/p>\n<p>Le 17 janvier 2012, un autre sondage du m\u00eame cabinet d&rsquo;\u00e9tude donnait B\u00e9ji Caied Essebsi (63 %) favori de cette m\u00eame liste suivi de tr\u00e8s pr\u00e8s par Marzouki (61 %). Viennent apr\u00e8s Ben Jaafer, Jebali et Rached Ghannouchi, respectivement avec 42 %, 41 % et 39 %.<\/p>\n<p>M\u00eame si B\u00e9ji Ca\u00efd Essebsi ne fait plus partie du gouvernement, ni, officiellement, d&rsquo;un parti, son intervention, \u00f4 combien m\u00e9diatis\u00e9e sur la g\u00e9rance du gouvernement, lui a permis de se maintenir dans les sondages. <\/p>\n<p>Quant \u00e0 Marzouki, ses multiples visites dans les diff\u00e9rentes r\u00e9gions du pays peuvent expliquer sa mont\u00e9e dans les sondages, et ce, malgr\u00e9 les critiques qu&rsquo;il re\u00e7oit tous les jours, en commen\u00e7ant par sa fa\u00e7on de g\u00e9rer ce qu&rsquo;il peut jusqu&rsquo;\u00e0 son choix vestimentaire. Et m\u00eame s&rsquo;il est trait\u00e9 plus comme un guignol que comme un pr\u00e9sident provisoire.<\/p>\n<p>D&rsquo;autres d\u00e9cisions, jug\u00e9es catastrophiques par certains, comme celle de l\u2019expulsion de \u00ab l&rsquo;ambassadeur \u00bb de Syrie en Tunisie, auraient plomb\u00e9 Marzouki dans les sondages, mais la r\u00e9colte des donn\u00e9es du cabinet d\u2019\u00e9tude a \u00e9t\u00e9 r\u00e9alis\u00e9e bien avant la rupture des relations diplomatiques entre les deux pays.<\/p>\n","protected":false},"excerpt":{"rendered":"<p>Sondage : Marzouki inspire plus confiance aux Tunisiens que B.C. Essebsi<\/p>\n","protected":false},"author":3222,"featured_media":374519,"comment_status":"open","ping_status":"closed","sticky":false,"template":"","format":"standard","meta":{"footnotes":""},"categories":[44],"tags":[2600],"class_list":["post-172224","post","type-post","status-publish","format-standard","has-post-thumbnail","hentry","category-national","tag-guerre"],"yoast_head":"<!-- This site is optimized with the Yoast SEO Premium plugin v27.5 (Yoast SEO v27.5) - https:\/\/yoast.com\/product\/yoast-seo-premium-wordpress\/ -->\n<title>Sondage : Marzouki inspire plus confiance aux Tunisiens que B.C. Essebsi<\/title>\n<meta name=\"description\" content=\"Sondage : Marzouki inspire plus confiance aux Tunisiens que B.C. Essebsi\" \/>\n<link rel=\"canonical\" href=\"https:\/\/www.webdo.tn\/fr\/actualite\/national-45\/sondage-marzouki-inspire-plus-confiance-aux-tunisiens-que-b-c-essebsi\/172224\/\" \/>\n<meta property=\"og:locale\" content=\"fr_FR\" \/>\n<meta property=\"og:type\" content=\"article\" \/>\n<meta property=\"og:title\" content=\"Sondage : Marzouki inspire plus confiance aux Tunisiens que B.C. Essebsi\" \/>\n<meta property=\"og:description\" content=\"Sondage : Marzouki inspire plus confiance aux Tunisiens que B.C. Essebsi\" \/>\n<meta property=\"og:url\" content=\"https:\/\/www.webdo.tn\/fr\/actualite\/national-45\/sondage-marzouki-inspire-plus-confiance-aux-tunisiens-que-b-c-essebsi\/172224\/\" \/>\n<meta property=\"og:site_name\" content=\"webdo\" \/>\n<meta property=\"article:publisher\" content=\"https:\/\/www.facebook.com\/webdotn\" \/>\n<meta property=\"article:published_time\" content=\"2012-02-08T17:02:00+00:00\" \/>\n<meta name=\"author\" content=\"webdo.tn\" \/>\n<meta name=\"twitter:card\" content=\"summary_large_image\" \/>\n<meta name=\"twitter:creator\" content=\"@webdo_tn\" \/>\n<meta name=\"twitter:site\" content=\"@webdo_tn\" \/>\n<meta name=\"twitter:label1\" content=\"\u00c9crit par\" \/>\n\t<meta name=\"twitter:data1\" content=\"webdo.tn\" \/>\n\t<meta name=\"twitter:label2\" content=\"Dur\u00e9e de lecture estim\u00e9e\" \/>\n\t<meta name=\"twitter:data2\" content=\"1 minute\" \/>\n<script type=\"application\/ld+json\" class=\"yoast-schema-graph\">{\"@context\":\"https:\\\/\\\/schema.org\",\"@graph\":[{\"@type\":\"NewsArticle\",\"@id\":\"https:\\\/\\\/www.webdo.tn\\\/fr\\\/actualite\\\/national-45\\\/sondage-marzouki-inspire-plus-confiance-aux-tunisiens-que-b-c-essebsi\\\/172224\\\/#article\",\"isPartOf\":{\"@id\":\"https:\\\/\\\/www.webdo.tn\\\/fr\\\/actualite\\\/national-45\\\/sondage-marzouki-inspire-plus-confiance-aux-tunisiens-que-b-c-essebsi\\\/172224\\\/\"},\"author\":{\"name\":\"webdo.tn\",\"@id\":\"https:\\\/\\\/www.webdo.tn\\\/fr\\\/#\\\/schema\\\/person\\\/9a9c6118d687c117df8ef3cc36a4d175\"},\"headline\":\"Sondage : Marzouki inspire plus confiance aux Tunisiens que B.C. Essebsi\",\"datePublished\":\"2012-02-08T17:02:00+00:00\",\"mainEntityOfPage\":{\"@id\":\"https:\\\/\\\/www.webdo.tn\\\/fr\\\/actualite\\\/national-45\\\/sondage-marzouki-inspire-plus-confiance-aux-tunisiens-que-b-c-essebsi\\\/172224\\\/\"},\"wordCount\":283,\"commentCount\":0,\"publisher\":{\"@id\":\"https:\\\/\\\/www.webdo.tn\\\/fr\\\/#organization\"},\"image\":{\"@id\":\"https:\\\/\\\/www.webdo.tn\\\/fr\\\/actualite\\\/national-45\\\/sondage-marzouki-inspire-plus-confiance-aux-tunisiens-que-b-c-essebsi\\\/172224\\\/#primaryimage\"},\"thumbnailUrl\":\"https:\\\/\\\/www.webdo.tn\\\/fr\\\/wp-content\\\/uploads\\\/2025\\\/06\\\/Moncef-Marzouki-et-Beji-Caid-Essebsi_172224.jpg\",\"keywords\":[\"guerre\"],\"articleSection\":[\"National\"],\"inLanguage\":\"fr-FR\"},{\"@type\":\"WebPage\",\"@id\":\"https:\\\/\\\/www.webdo.tn\\\/fr\\\/actualite\\\/national-45\\\/sondage-marzouki-inspire-plus-confiance-aux-tunisiens-que-b-c-essebsi\\\/172224\\\/\",\"url\":\"https:\\\/\\\/www.webdo.tn\\\/fr\\\/actualite\\\/national-45\\\/sondage-marzouki-inspire-plus-confiance-aux-tunisiens-que-b-c-essebsi\\\/172224\\\/\",\"name\":\"Sondage : Marzouki inspire plus confiance aux Tunisiens que B.C. Essebsi\",\"isPartOf\":{\"@id\":\"https:\\\/\\\/www.webdo.tn\\\/fr\\\/#website\"},\"primaryImageOfPage\":{\"@id\":\"https:\\\/\\\/www.webdo.tn\\\/fr\\\/actualite\\\/national-45\\\/sondage-marzouki-inspire-plus-confiance-aux-tunisiens-que-b-c-essebsi\\\/172224\\\/#primaryimage\"},\"image\":{\"@id\":\"https:\\\/\\\/www.webdo.tn\\\/fr\\\/actualite\\\/national-45\\\/sondage-marzouki-inspire-plus-confiance-aux-tunisiens-que-b-c-essebsi\\\/172224\\\/#primaryimage\"},\"thumbnailUrl\":\"https:\\\/\\\/www.webdo.tn\\\/fr\\\/wp-content\\\/uploads\\\/2025\\\/06\\\/Moncef-Marzouki-et-Beji-Caid-Essebsi_172224.jpg\",\"datePublished\":\"2012-02-08T17:02:00+00:00\",\"description\":\"Sondage : Marzouki inspire plus confiance aux Tunisiens que B.C. Essebsi\",\"breadcrumb\":{\"@id\":\"https:\\\/\\\/www.webdo.tn\\\/fr\\\/actualite\\\/national-45\\\/sondage-marzouki-inspire-plus-confiance-aux-tunisiens-que-b-c-essebsi\\\/172224\\\/#breadcrumb\"},\"inLanguage\":\"fr-FR\",\"potentialAction\":[{\"@type\":\"ReadAction\",\"target\":[\"https:\\\/\\\/www.webdo.tn\\\/fr\\\/actualite\\\/national-45\\\/sondage-marzouki-inspire-plus-confiance-aux-tunisiens-que-b-c-essebsi\\\/172224\\\/\"]}]},{\"@type\":\"ImageObject\",\"inLanguage\":\"fr-FR\",\"@id\":\"https:\\\/\\\/www.webdo.tn\\\/fr\\\/actualite\\\/national-45\\\/sondage-marzouki-inspire-plus-confiance-aux-tunisiens-que-b-c-essebsi\\\/172224\\\/#primaryimage\",\"url\":\"https:\\\/\\\/www.webdo.tn\\\/fr\\\/wp-content\\\/uploads\\\/2025\\\/06\\\/Moncef-Marzouki-et-Beji-Caid-Essebsi_172224.jpg\",\"contentUrl\":\"https:\\\/\\\/www.webdo.tn\\\/fr\\\/wp-content\\\/uploads\\\/2025\\\/06\\\/Moncef-Marzouki-et-Beji-Caid-Essebsi_172224.jpg\",\"width\":330,\"height\":164,\"caption\":\"Sondage : Marzouki inspire plus confiance aux Tunisiens que B.C. Essebsi\"},{\"@type\":\"BreadcrumbList\",\"@id\":\"https:\\\/\\\/www.webdo.tn\\\/fr\\\/actualite\\\/national-45\\\/sondage-marzouki-inspire-plus-confiance-aux-tunisiens-que-b-c-essebsi\\\/172224\\\/#breadcrumb\",\"itemListElement\":[{\"@type\":\"ListItem\",\"position\":1,\"name\":\"Accueil\",\"item\":\"https:\\\/\\\/www.webdo.tn\\\/fr\\\/\"},{\"@type\":\"ListItem\",\"position\":2,\"name\":\"Sondage : Marzouki inspire plus confiance aux Tunisiens que B.C. Essebsi\"}]},{\"@type\":\"WebSite\",\"@id\":\"https:\\\/\\\/www.webdo.tn\\\/fr\\\/#website\",\"url\":\"https:\\\/\\\/www.webdo.tn\\\/fr\\\/\",\"name\":\"webdo\",\"description\":\"Tunisie - News en Tunisie et \u00e0 l&#039;international sur Webdo.tn\",\"publisher\":{\"@id\":\"https:\\\/\\\/www.webdo.tn\\\/fr\\\/#organization\"},\"potentialAction\":[{\"@type\":\"SearchAction\",\"target\":{\"@type\":\"EntryPoint\",\"urlTemplate\":\"https:\\\/\\\/www.webdo.tn\\\/fr\\\/?s={search_term_string}\"},\"query-input\":{\"@type\":\"PropertyValueSpecification\",\"valueRequired\":true,\"valueName\":\"search_term_string\"}}],\"inLanguage\":\"fr-FR\"},{\"@type\":\"Organization\",\"@id\":\"https:\\\/\\\/www.webdo.tn\\\/fr\\\/#organization\",\"name\":\"Webdo\",\"alternateName\":\"Webdo.tn\",\"url\":\"https:\\\/\\\/www.webdo.tn\\\/fr\\\/\",\"logo\":{\"@type\":\"ImageObject\",\"inLanguage\":\"fr-FR\",\"@id\":\"https:\\\/\\\/www.webdo.tn\\\/fr\\\/#\\\/schema\\\/logo\\\/image\\\/\",\"url\":\"https:\\\/\\\/www.webdo.tn\\\/fr\\\/wp-content\\\/uploads\\\/2025\\\/06\\\/Webdo-Tunisie_168377.jpg\",\"contentUrl\":\"https:\\\/\\\/www.webdo.tn\\\/fr\\\/wp-content\\\/uploads\\\/2025\\\/06\\\/Webdo-Tunisie_168377.jpg\",\"width\":301,\"height\":301,\"caption\":\"Webdo\"},\"image\":{\"@id\":\"https:\\\/\\\/www.webdo.tn\\\/fr\\\/#\\\/schema\\\/logo\\\/image\\\/\"},\"sameAs\":[\"https:\\\/\\\/www.facebook.com\\\/webdotn\",\"https:\\\/\\\/x.com\\\/webdo_tn\"],\"description\":\"Webdo est un m\u00e9dia num\u00e9rique tunisien fond\u00e9 en 2010, sp\u00e9cialis\u00e9 dans l\u2019actualit\u00e9 nationale et internationale, l\u2019\u00e9conomie, la soci\u00e9t\u00e9 et les analyses politiques. Le site s\u2019adresse \u00e0 un large public francophone et couvre l\u2019information tunisienne en temps r\u00e9el.\",\"email\":\"redac@webdo.tn\",\"legalName\":\"YNJ SARL\",\"foundingDate\":\"2010-09-06\",\"numberOfEmployees\":{\"@type\":\"QuantitativeValue\",\"minValue\":\"11\",\"maxValue\":\"50\"}},{\"@type\":\"Person\",\"@id\":\"https:\\\/\\\/www.webdo.tn\\\/fr\\\/#\\\/schema\\\/person\\\/9a9c6118d687c117df8ef3cc36a4d175\",\"name\":\"webdo.tn\",\"image\":{\"@type\":\"ImageObject\",\"inLanguage\":\"fr-FR\",\"@id\":\"https:\\\/\\\/secure.gravatar.com\\\/avatar\\\/7ce1f28c0c3bbac99ff550b85ef8e44a6950c6ee24514fb6a5489e51d06f0298?s=96&d=mm&r=g\",\"url\":\"https:\\\/\\\/secure.gravatar.com\\\/avatar\\\/7ce1f28c0c3bbac99ff550b85ef8e44a6950c6ee24514fb6a5489e51d06f0298?s=96&d=mm&r=g\",\"contentUrl\":\"https:\\\/\\\/secure.gravatar.com\\\/avatar\\\/7ce1f28c0c3bbac99ff550b85ef8e44a6950c6ee24514fb6a5489e51d06f0298?s=96&d=mm&r=g\",\"caption\":\"webdo.tn\"},\"url\":\"https:\\\/\\\/www.webdo.tn\\\/fr\\\/actualite\\\/author\\\/webdotn\\\/\"}]}<\/script>\n<!-- \/ Yoast SEO Premium plugin. -->","yoast_head_json":{"title":"Sondage : Marzouki inspire plus confiance aux Tunisiens que B.C. Essebsi","description":"Sondage : Marzouki inspire plus confiance aux Tunisiens que B.C. Essebsi","canonical":"https:\/\/www.webdo.tn\/fr\/actualite\/national-45\/sondage-marzouki-inspire-plus-confiance-aux-tunisiens-que-b-c-essebsi\/172224\/","og_locale":"fr_FR","og_type":"article","og_title":"Sondage : Marzouki inspire plus confiance aux Tunisiens que B.C. Essebsi","og_description":"Sondage : Marzouki inspire plus confiance aux Tunisiens que B.C. Essebsi","og_url":"https:\/\/www.webdo.tn\/fr\/actualite\/national-45\/sondage-marzouki-inspire-plus-confiance-aux-tunisiens-que-b-c-essebsi\/172224\/","og_site_name":"webdo","article_publisher":"https:\/\/www.facebook.com\/webdotn","article_published_time":"2012-02-08T17:02:00+00:00","author":"webdo.tn","twitter_card":"summary_large_image","twitter_creator":"@webdo_tn","twitter_site":"@webdo_tn","twitter_misc":{"\u00c9crit par":"webdo.tn","Dur\u00e9e de lecture estim\u00e9e":"1 minute"},"schema":{"@context":"https:\/\/schema.org","@graph":[{"@type":"NewsArticle","@id":"https:\/\/www.webdo.tn\/fr\/actualite\/national-45\/sondage-marzouki-inspire-plus-confiance-aux-tunisiens-que-b-c-essebsi\/172224\/#article","isPartOf":{"@id":"https:\/\/www.webdo.tn\/fr\/actualite\/national-45\/sondage-marzouki-inspire-plus-confiance-aux-tunisiens-que-b-c-essebsi\/172224\/"},"author":{"name":"webdo.tn","@id":"https:\/\/www.webdo.tn\/fr\/#\/schema\/person\/9a9c6118d687c117df8ef3cc36a4d175"},"headline":"Sondage : Marzouki inspire plus confiance aux Tunisiens que B.C. Essebsi","datePublished":"2012-02-08T17:02:00+00:00","mainEntityOfPage":{"@id":"https:\/\/www.webdo.tn\/fr\/actualite\/national-45\/sondage-marzouki-inspire-plus-confiance-aux-tunisiens-que-b-c-essebsi\/172224\/"},"wordCount":283,"commentCount":0,"publisher":{"@id":"https:\/\/www.webdo.tn\/fr\/#organization"},"image":{"@id":"https:\/\/www.webdo.tn\/fr\/actualite\/national-45\/sondage-marzouki-inspire-plus-confiance-aux-tunisiens-que-b-c-essebsi\/172224\/#primaryimage"},"thumbnailUrl":"https:\/\/www.webdo.tn\/fr\/wp-content\/uploads\/2025\/06\/Moncef-Marzouki-et-Beji-Caid-Essebsi_172224.jpg","keywords":["guerre"],"articleSection":["National"],"inLanguage":"fr-FR"},{"@type":"WebPage","@id":"https:\/\/www.webdo.tn\/fr\/actualite\/national-45\/sondage-marzouki-inspire-plus-confiance-aux-tunisiens-que-b-c-essebsi\/172224\/","url":"https:\/\/www.webdo.tn\/fr\/actualite\/national-45\/sondage-marzouki-inspire-plus-confiance-aux-tunisiens-que-b-c-essebsi\/172224\/","name":"Sondage : Marzouki inspire plus confiance aux Tunisiens que B.C. Essebsi","isPartOf":{"@id":"https:\/\/www.webdo.tn\/fr\/#website"},"primaryImageOfPage":{"@id":"https:\/\/www.webdo.tn\/fr\/actualite\/national-45\/sondage-marzouki-inspire-plus-confiance-aux-tunisiens-que-b-c-essebsi\/172224\/#primaryimage"},"image":{"@id":"https:\/\/www.webdo.tn\/fr\/actualite\/national-45\/sondage-marzouki-inspire-plus-confiance-aux-tunisiens-que-b-c-essebsi\/172224\/#primaryimage"},"thumbnailUrl":"https:\/\/www.webdo.tn\/fr\/wp-content\/uploads\/2025\/06\/Moncef-Marzouki-et-Beji-Caid-Essebsi_172224.jpg","datePublished":"2012-02-08T17:02:00+00:00","description":"Sondage : Marzouki inspire plus confiance aux Tunisiens que B.C. Essebsi","breadcrumb":{"@id":"https:\/\/www.webdo.tn\/fr\/actualite\/national-45\/sondage-marzouki-inspire-plus-confiance-aux-tunisiens-que-b-c-essebsi\/172224\/#breadcrumb"},"inLanguage":"fr-FR","potentialAction":[{"@type":"ReadAction","target":["https:\/\/www.webdo.tn\/fr\/actualite\/national-45\/sondage-marzouki-inspire-plus-confiance-aux-tunisiens-que-b-c-essebsi\/172224\/"]}]},{"@type":"ImageObject","inLanguage":"fr-FR","@id":"https:\/\/www.webdo.tn\/fr\/actualite\/national-45\/sondage-marzouki-inspire-plus-confiance-aux-tunisiens-que-b-c-essebsi\/172224\/#primaryimage","url":"https:\/\/www.webdo.tn\/fr\/wp-content\/uploads\/2025\/06\/Moncef-Marzouki-et-Beji-Caid-Essebsi_172224.jpg","contentUrl":"https:\/\/www.webdo.tn\/fr\/wp-content\/uploads\/2025\/06\/Moncef-Marzouki-et-Beji-Caid-Essebsi_172224.jpg","width":330,"height":164,"caption":"Sondage : Marzouki inspire plus confiance aux Tunisiens que B.C. Essebsi"},{"@type":"BreadcrumbList","@id":"https:\/\/www.webdo.tn\/fr\/actualite\/national-45\/sondage-marzouki-inspire-plus-confiance-aux-tunisiens-que-b-c-essebsi\/172224\/#breadcrumb","itemListElement":[{"@type":"ListItem","position":1,"name":"Accueil","item":"https:\/\/www.webdo.tn\/fr\/"},{"@type":"ListItem","position":2,"name":"Sondage : Marzouki inspire plus confiance aux Tunisiens que B.C. Essebsi"}]},{"@type":"WebSite","@id":"https:\/\/www.webdo.tn\/fr\/#website","url":"https:\/\/www.webdo.tn\/fr\/","name":"webdo","description":"Tunisie - News en Tunisie et \u00e0 l&#039;international sur Webdo.tn","publisher":{"@id":"https:\/\/www.webdo.tn\/fr\/#organization"},"potentialAction":[{"@type":"SearchAction","target":{"@type":"EntryPoint","urlTemplate":"https:\/\/www.webdo.tn\/fr\/?s={search_term_string}"},"query-input":{"@type":"PropertyValueSpecification","valueRequired":true,"valueName":"search_term_string"}}],"inLanguage":"fr-FR"},{"@type":"Organization","@id":"https:\/\/www.webdo.tn\/fr\/#organization","name":"Webdo","alternateName":"Webdo.tn","url":"https:\/\/www.webdo.tn\/fr\/","logo":{"@type":"ImageObject","inLanguage":"fr-FR","@id":"https:\/\/www.webdo.tn\/fr\/#\/schema\/logo\/image\/","url":"https:\/\/www.webdo.tn\/fr\/wp-content\/uploads\/2025\/06\/Webdo-Tunisie_168377.jpg","contentUrl":"https:\/\/www.webdo.tn\/fr\/wp-content\/uploads\/2025\/06\/Webdo-Tunisie_168377.jpg","width":301,"height":301,"caption":"Webdo"},"image":{"@id":"https:\/\/www.webdo.tn\/fr\/#\/schema\/logo\/image\/"},"sameAs":["https:\/\/www.facebook.com\/webdotn","https:\/\/x.com\/webdo_tn"],"description":"Webdo est un m\u00e9dia num\u00e9rique tunisien fond\u00e9 en 2010, sp\u00e9cialis\u00e9 dans l\u2019actualit\u00e9 nationale et internationale, l\u2019\u00e9conomie, la soci\u00e9t\u00e9 et les analyses politiques. Le site s\u2019adresse \u00e0 un large public francophone et couvre l\u2019information tunisienne en temps r\u00e9el.","email":"redac@webdo.tn","legalName":"YNJ SARL","foundingDate":"2010-09-06","numberOfEmployees":{"@type":"QuantitativeValue","minValue":"11","maxValue":"50"}},{"@type":"Person","@id":"https:\/\/www.webdo.tn\/fr\/#\/schema\/person\/9a9c6118d687c117df8ef3cc36a4d175","name":"webdo.tn","image":{"@type":"ImageObject","inLanguage":"fr-FR","@id":"https:\/\/secure.gravatar.com\/avatar\/7ce1f28c0c3bbac99ff550b85ef8e44a6950c6ee24514fb6a5489e51d06f0298?s=96&d=mm&r=g","url":"https:\/\/secure.gravatar.com\/avatar\/7ce1f28c0c3bbac99ff550b85ef8e44a6950c6ee24514fb6a5489e51d06f0298?s=96&d=mm&r=g","contentUrl":"https:\/\/secure.gravatar.com\/avatar\/7ce1f28c0c3bbac99ff550b85ef8e44a6950c6ee24514fb6a5489e51d06f0298?s=96&d=mm&r=g","caption":"webdo.tn"},"url":"https:\/\/www.webdo.tn\/fr\/actualite\/author\/webdotn\/"}]}},"_links":{"self":[{"href":"https:\/\/www.webdo.tn\/fr\/wp-json\/wp\/v2\/posts\/172224","targetHints":{"allow":["GET"]}}],"collection":[{"href":"https:\/\/www.webdo.tn\/fr\/wp-json\/wp\/v2\/posts"}],"about":[{"href":"https:\/\/www.webdo.tn\/fr\/wp-json\/wp\/v2\/types\/post"}],"author":[{"embeddable":true,"href":"https:\/\/www.webdo.tn\/fr\/wp-json\/wp\/v2\/users\/3222"}],"replies":[{"embeddable":true,"href":"https:\/\/www.webdo.tn\/fr\/wp-json\/wp\/v2\/comments?post=172224"}],"version-history":[{"count":0,"href":"https:\/\/www.webdo.tn\/fr\/wp-json\/wp\/v2\/posts\/172224\/revisions"}],"wp:featuredmedia":[{"embeddable":true,"href":"https:\/\/www.webdo.tn\/fr\/wp-json\/wp\/v2\/media\/374519"}],"wp:attachment":[{"href":"https:\/\/www.webdo.tn\/fr\/wp-json\/wp\/v2\/media?parent=172224"}],"wp:term":[{"taxonomy":"category","embeddable":true,"href":"https:\/\/www.webdo.tn\/fr\/wp-json\/wp\/v2\/categories?post=172224"},{"taxonomy":"post_tag","embeddable":true,"href":"https:\/\/www.webdo.tn\/fr\/wp-json\/wp\/v2\/tags?post=172224"}],"curies":[{"name":"wp","href":"https:\/\/api.w.org\/{rel}","templated":true}]}}