{"id":172223,"date":"2012-02-09T13:49:00","date_gmt":"2012-02-09T13:49:00","guid":{"rendered":"https:\/\/www.webdo.tn\/fr\/blog\/haute-instance-de-la-verite-et-de-la-justice-transitionnelle-enqueter-pardonner-et-compenser-et-non-se-venger\/172223\/"},"modified":"2012-02-09T13:49:00","modified_gmt":"2012-02-09T13:49:00","slug":"haute-instance-de-la-verite-et-de-la-justice-transitionnelle-enqueter-pardonner-et-compenser-et-non-se-venger","status":"publish","type":"post","link":"https:\/\/www.webdo.tn\/fr\/actualite\/national\/haute-instance-de-la-verite-et-de-la-justice-transitionnelle-enqueter-pardonner-et-compenser-et-non-se-venger\/172223\/","title":{"rendered":"Haute Instance de la V\u00e9rit\u00e9 et de la Justice Transitionnelle : enqu\u00eater, pardonner et compenser, et non se venger !"},"content":{"rendered":"<p>Le besoin d\u2019\u00e9laborer un cadre pour assurer une transition d\u00e9mocratique passe n\u00e9cessairement par une \u00e9tape, celle d\u2019exorciser le pass\u00e9 douloureux v\u00e9cu dans notre pays pour le d\u00e9passer et instaurer de nouvelles r\u00e8gles qui puissent nous amener vers une soci\u00e9t\u00e9 d\u00e9mocratique et des pratiques politiques fond\u00e9es sur le respect de la personne humaine, des droits universels et l\u2019absence de toute forme d\u2019autoritarisme et de monolithisme.<\/p>\n<p>Depuis la r\u00e9volution du 14 janvier, cette tentative de d\u00e9passement de notre lourd pass\u00e9 \u00e0 travers la cr\u00e9ation des deux commissions charg\u00e9es des investigations contre la corruption et contre les crimes \u00e0 l\u2019encontre du peuple tunisien (pr\u00e9sid\u00e9es par le d\u00e9funt Abdelfattah Amor et par Maitre Bouderbala) n\u2019a pas abouti \u00e0 des r\u00e9sultats tangibles ou satisfaisants, malgr\u00e9 leurs efforts somme toute m\u00e9ritoires, et ne nous a pas permis d\u2019oublier et de faire le deuil du pass\u00e9. Car, elles ne furent pas int\u00e9gr\u00e9es dans une approche globale, ni dans une vision claire.<\/p>\n<p>Aujourd\u2019hui, l\u2019orientation va vers la cr\u00e9ation d\u2019une Haute Instance de la V\u00e9rit\u00e9 et de la Justice Transitionnelle. Son but serait d\u2019identifier les atteintes aux droits de l\u2019homme, dans leur plus large acception, qui se sont produits dans le pass\u00e9.<\/p>\n<p>Maintenant, il s\u2019agit de bien r\u00e9fl\u00e9chir \u00e0 ce que nous souhaitons faire.<\/p>\n<p>En premier lieu, cette Instance doit \u00eatre structurellement autonome du pouvoir politique qui ne doit pas lui dicter son mode de fonctionnement ni sa conduite. Cela se traduit concr\u00e8tement par son ind\u00e9pendance structurelle et fonctionnelle, et par la d\u00e9signation de membres au dessus de tout soup\u00e7on.<\/p>\n<p>En second lieu, elle doit \u00eatre multidisciplinaire et se composer de plusieurs sp\u00e9cialistes appartenant \u00e0 plusieurs branches: droit, histoire, sociologie, psychologie et autres.<\/p>\n<p>Enfin, elle doit savoir que son action consiste \u00e0 enqu\u00eater, c\u2019est-\u00e0-dire \u00e0 mettre \u00e0 nu la v\u00e9rit\u00e9 et non \u00e0 la transgresser ou \u00e0 chercher \u00e0 salir des \u00ab gens \u00bb rien qu\u2019en raison des v\u0153ux des politiques. Elle doit donc pr\u00e9parer le terrain au pardon, \u00e0 la compensation des familles des victimes, les vraies, et \u00e0 r\u00e9instaurer un nouveau climat de confiance, et non \u00e0 instaurer les lois de la vengeance primaire.<\/p>\n<p>Une t\u00e2che ingrate qui ne sera gu\u00e8re de tout repos, qui requiert recul, honn\u00eatet\u00e9 et probit\u00e9 intellectuelle, et qui prend surtout en consid\u00e9ration l\u2019histoire du pays, et surtout son avenir\u2026<\/p>\n","protected":false},"excerpt":{"rendered":"<p>Haute Instance de la V\u00e9rit\u00e9 et de la Justice Transitionnelle : enqu\u00eater, pardonner et compenser, et non se venger !<\/p>\n","protected":false},"author":3222,"featured_media":334041,"comment_status":"open","ping_status":"closed","sticky":false,"template":"","format":"standard","meta":{"footnotes":""},"categories":[44],"tags":[2600],"class_list":["post-172223","post","type-post","status-publish","format-standard","has-post-thumbnail","hentry","category-national","tag-guerre"],"yoast_head":"<!-- This site is optimized with the Yoast SEO Premium plugin v27.5 (Yoast SEO v27.5) - https:\/\/yoast.com\/product\/yoast-seo-premium-wordpress\/ -->\n<title>Haute Instance de la V\u00e9rit\u00e9 et de la Justice Transitionnelle : enqu\u00eater, pardonner et compenser, et non se venger !<\/title>\n<meta name=\"description\" content=\"Haute Instance de la V\u00e9rit\u00e9 et de la Justice Transitionnelle : enqu\u00eater, pardonner et compenser, et non se venger !\" \/>\n<link rel=\"canonical\" href=\"https:\/\/www.webdo.tn\/fr\/actualite\/national-45\/haute-instance-de-la-verite-et-de-la-justice-transitionnelle-enqueter-pardonner-et-compenser-et-non-se-venger\/172223\/\" \/>\n<meta property=\"og:locale\" content=\"fr_FR\" \/>\n<meta property=\"og:type\" content=\"article\" \/>\n<meta property=\"og:title\" content=\"Haute Instance de la V\u00e9rit\u00e9 et de la Justice Transitionnelle : enqu\u00eater, pardonner et compenser, et non se venger !\" \/>\n<meta property=\"og:description\" content=\"Haute Instance de la V\u00e9rit\u00e9 et de la Justice Transitionnelle : enqu\u00eater, pardonner et compenser, et non se venger !\" \/>\n<meta property=\"og:url\" content=\"https:\/\/www.webdo.tn\/fr\/actualite\/national-45\/haute-instance-de-la-verite-et-de-la-justice-transitionnelle-enqueter-pardonner-et-compenser-et-non-se-venger\/172223\/\" \/>\n<meta property=\"og:site_name\" content=\"webdo\" \/>\n<meta property=\"article:publisher\" content=\"https:\/\/www.facebook.com\/webdotn\" \/>\n<meta property=\"article:published_time\" content=\"2012-02-09T13:49:00+00:00\" \/>\n<meta property=\"og:image\" content=\"https:\/\/www.webdo.tn\/fr\/wp-content\/uploads\/2012\/02\/Justice.jpg\" \/>\n\t<meta property=\"og:image:width\" content=\"254\" \/>\n\t<meta property=\"og:image:height\" content=\"266\" \/>\n\t<meta property=\"og:image:type\" content=\"image\/jpeg\" \/>\n<meta name=\"author\" content=\"webdo.tn\" \/>\n<meta name=\"twitter:card\" content=\"summary_large_image\" \/>\n<meta name=\"twitter:creator\" content=\"@webdo_tn\" \/>\n<meta name=\"twitter:site\" content=\"@webdo_tn\" \/>\n<meta name=\"twitter:label1\" content=\"\u00c9crit par\" \/>\n\t<meta name=\"twitter:data1\" content=\"webdo.tn\" \/>\n\t<meta name=\"twitter:label2\" content=\"Dur\u00e9e de lecture estim\u00e9e\" \/>\n\t<meta name=\"twitter:data2\" content=\"2 minutes\" \/>\n<script type=\"application\/ld+json\" class=\"yoast-schema-graph\">{\"@context\":\"https:\\\/\\\/schema.org\",\"@graph\":[{\"@type\":\"NewsArticle\",\"@id\":\"https:\\\/\\\/www.webdo.tn\\\/fr\\\/actualite\\\/national-45\\\/haute-instance-de-la-verite-et-de-la-justice-transitionnelle-enqueter-pardonner-et-compenser-et-non-se-venger\\\/172223\\\/#article\",\"isPartOf\":{\"@id\":\"https:\\\/\\\/www.webdo.tn\\\/fr\\\/actualite\\\/national-45\\\/haute-instance-de-la-verite-et-de-la-justice-transitionnelle-enqueter-pardonner-et-compenser-et-non-se-venger\\\/172223\\\/\"},\"author\":{\"name\":\"webdo.tn\",\"@id\":\"https:\\\/\\\/www.webdo.tn\\\/fr\\\/#\\\/schema\\\/person\\\/9a9c6118d687c117df8ef3cc36a4d175\"},\"headline\":\"Haute Instance de la V\u00e9rit\u00e9 et de la Justice Transitionnelle : enqu\u00eater, pardonner et compenser, et non se venger !\",\"datePublished\":\"2012-02-09T13:49:00+00:00\",\"mainEntityOfPage\":{\"@id\":\"https:\\\/\\\/www.webdo.tn\\\/fr\\\/actualite\\\/national-45\\\/haute-instance-de-la-verite-et-de-la-justice-transitionnelle-enqueter-pardonner-et-compenser-et-non-se-venger\\\/172223\\\/\"},\"wordCount\":434,\"commentCount\":0,\"publisher\":{\"@id\":\"https:\\\/\\\/www.webdo.tn\\\/fr\\\/#organization\"},\"image\":{\"@id\":\"https:\\\/\\\/www.webdo.tn\\\/fr\\\/actualite\\\/national-45\\\/haute-instance-de-la-verite-et-de-la-justice-transitionnelle-enqueter-pardonner-et-compenser-et-non-se-venger\\\/172223\\\/#primaryimage\"},\"thumbnailUrl\":\"https:\\\/\\\/www.webdo.tn\\\/fr\\\/wp-content\\\/uploads\\\/2012\\\/02\\\/Justice.jpg\",\"keywords\":[\"guerre\"],\"articleSection\":[\"National\"],\"inLanguage\":\"fr-FR\"},{\"@type\":\"WebPage\",\"@id\":\"https:\\\/\\\/www.webdo.tn\\\/fr\\\/actualite\\\/national-45\\\/haute-instance-de-la-verite-et-de-la-justice-transitionnelle-enqueter-pardonner-et-compenser-et-non-se-venger\\\/172223\\\/\",\"url\":\"https:\\\/\\\/www.webdo.tn\\\/fr\\\/actualite\\\/national-45\\\/haute-instance-de-la-verite-et-de-la-justice-transitionnelle-enqueter-pardonner-et-compenser-et-non-se-venger\\\/172223\\\/\",\"name\":\"Haute Instance de la V\u00e9rit\u00e9 et de la Justice Transitionnelle : enqu\u00eater, pardonner et compenser, et non se venger !\",\"isPartOf\":{\"@id\":\"https:\\\/\\\/www.webdo.tn\\\/fr\\\/#website\"},\"primaryImageOfPage\":{\"@id\":\"https:\\\/\\\/www.webdo.tn\\\/fr\\\/actualite\\\/national-45\\\/haute-instance-de-la-verite-et-de-la-justice-transitionnelle-enqueter-pardonner-et-compenser-et-non-se-venger\\\/172223\\\/#primaryimage\"},\"image\":{\"@id\":\"https:\\\/\\\/www.webdo.tn\\\/fr\\\/actualite\\\/national-45\\\/haute-instance-de-la-verite-et-de-la-justice-transitionnelle-enqueter-pardonner-et-compenser-et-non-se-venger\\\/172223\\\/#primaryimage\"},\"thumbnailUrl\":\"https:\\\/\\\/www.webdo.tn\\\/fr\\\/wp-content\\\/uploads\\\/2012\\\/02\\\/Justice.jpg\",\"datePublished\":\"2012-02-09T13:49:00+00:00\",\"description\":\"Haute Instance de la V\u00e9rit\u00e9 et de la Justice Transitionnelle : enqu\u00eater, pardonner et compenser, et non se venger !\",\"breadcrumb\":{\"@id\":\"https:\\\/\\\/www.webdo.tn\\\/fr\\\/actualite\\\/national-45\\\/haute-instance-de-la-verite-et-de-la-justice-transitionnelle-enqueter-pardonner-et-compenser-et-non-se-venger\\\/172223\\\/#breadcrumb\"},\"inLanguage\":\"fr-FR\",\"potentialAction\":[{\"@type\":\"ReadAction\",\"target\":[\"https:\\\/\\\/www.webdo.tn\\\/fr\\\/actualite\\\/national-45\\\/haute-instance-de-la-verite-et-de-la-justice-transitionnelle-enqueter-pardonner-et-compenser-et-non-se-venger\\\/172223\\\/\"]}]},{\"@type\":\"ImageObject\",\"inLanguage\":\"fr-FR\",\"@id\":\"https:\\\/\\\/www.webdo.tn\\\/fr\\\/actualite\\\/national-45\\\/haute-instance-de-la-verite-et-de-la-justice-transitionnelle-enqueter-pardonner-et-compenser-et-non-se-venger\\\/172223\\\/#primaryimage\",\"url\":\"https:\\\/\\\/www.webdo.tn\\\/fr\\\/wp-content\\\/uploads\\\/2012\\\/02\\\/Justice.jpg\",\"contentUrl\":\"https:\\\/\\\/www.webdo.tn\\\/fr\\\/wp-content\\\/uploads\\\/2012\\\/02\\\/Justice.jpg\",\"width\":254,\"height\":266,\"caption\":\"Haute Instance de la V\u00e9rit\u00e9 et de la Justice Transitionnelle : enqu\u00eater, pardonner et compenser, et non se venger !\"},{\"@type\":\"BreadcrumbList\",\"@id\":\"https:\\\/\\\/www.webdo.tn\\\/fr\\\/actualite\\\/national-45\\\/haute-instance-de-la-verite-et-de-la-justice-transitionnelle-enqueter-pardonner-et-compenser-et-non-se-venger\\\/172223\\\/#breadcrumb\",\"itemListElement\":[{\"@type\":\"ListItem\",\"position\":1,\"name\":\"Accueil\",\"item\":\"https:\\\/\\\/www.webdo.tn\\\/fr\\\/\"},{\"@type\":\"ListItem\",\"position\":2,\"name\":\"Haute Instance de la V\u00e9rit\u00e9 et de la Justice Transitionnelle : enqu\u00eater, pardonner et compenser, et non se venger !\"}]},{\"@type\":\"WebSite\",\"@id\":\"https:\\\/\\\/www.webdo.tn\\\/fr\\\/#website\",\"url\":\"https:\\\/\\\/www.webdo.tn\\\/fr\\\/\",\"name\":\"webdo\",\"description\":\"Tunisie - News en Tunisie et \u00e0 l&#039;international sur Webdo.tn\",\"publisher\":{\"@id\":\"https:\\\/\\\/www.webdo.tn\\\/fr\\\/#organization\"},\"potentialAction\":[{\"@type\":\"SearchAction\",\"target\":{\"@type\":\"EntryPoint\",\"urlTemplate\":\"https:\\\/\\\/www.webdo.tn\\\/fr\\\/?s={search_term_string}\"},\"query-input\":{\"@type\":\"PropertyValueSpecification\",\"valueRequired\":true,\"valueName\":\"search_term_string\"}}],\"inLanguage\":\"fr-FR\"},{\"@type\":\"Organization\",\"@id\":\"https:\\\/\\\/www.webdo.tn\\\/fr\\\/#organization\",\"name\":\"Webdo\",\"alternateName\":\"Webdo.tn\",\"url\":\"https:\\\/\\\/www.webdo.tn\\\/fr\\\/\",\"logo\":{\"@type\":\"ImageObject\",\"inLanguage\":\"fr-FR\",\"@id\":\"https:\\\/\\\/www.webdo.tn\\\/fr\\\/#\\\/schema\\\/logo\\\/image\\\/\",\"url\":\"https:\\\/\\\/www.webdo.tn\\\/fr\\\/wp-content\\\/uploads\\\/2025\\\/06\\\/Webdo-Tunisie_168377.jpg\",\"contentUrl\":\"https:\\\/\\\/www.webdo.tn\\\/fr\\\/wp-content\\\/uploads\\\/2025\\\/06\\\/Webdo-Tunisie_168377.jpg\",\"width\":301,\"height\":301,\"caption\":\"Webdo\"},\"image\":{\"@id\":\"https:\\\/\\\/www.webdo.tn\\\/fr\\\/#\\\/schema\\\/logo\\\/image\\\/\"},\"sameAs\":[\"https:\\\/\\\/www.facebook.com\\\/webdotn\",\"https:\\\/\\\/x.com\\\/webdo_tn\"],\"description\":\"Webdo est un m\u00e9dia num\u00e9rique tunisien fond\u00e9 en 2010, sp\u00e9cialis\u00e9 dans l\u2019actualit\u00e9 nationale et internationale, l\u2019\u00e9conomie, la soci\u00e9t\u00e9 et les analyses politiques. Le site s\u2019adresse \u00e0 un large public francophone et couvre l\u2019information tunisienne en temps r\u00e9el.\",\"email\":\"redac@webdo.tn\",\"legalName\":\"YNJ SARL\",\"foundingDate\":\"2010-09-06\",\"numberOfEmployees\":{\"@type\":\"QuantitativeValue\",\"minValue\":\"11\",\"maxValue\":\"50\"}},{\"@type\":\"Person\",\"@id\":\"https:\\\/\\\/www.webdo.tn\\\/fr\\\/#\\\/schema\\\/person\\\/9a9c6118d687c117df8ef3cc36a4d175\",\"name\":\"webdo.tn\",\"image\":{\"@type\":\"ImageObject\",\"inLanguage\":\"fr-FR\",\"@id\":\"https:\\\/\\\/secure.gravatar.com\\\/avatar\\\/7ce1f28c0c3bbac99ff550b85ef8e44a6950c6ee24514fb6a5489e51d06f0298?s=96&d=mm&r=g\",\"url\":\"https:\\\/\\\/secure.gravatar.com\\\/avatar\\\/7ce1f28c0c3bbac99ff550b85ef8e44a6950c6ee24514fb6a5489e51d06f0298?s=96&d=mm&r=g\",\"contentUrl\":\"https:\\\/\\\/secure.gravatar.com\\\/avatar\\\/7ce1f28c0c3bbac99ff550b85ef8e44a6950c6ee24514fb6a5489e51d06f0298?s=96&d=mm&r=g\",\"caption\":\"webdo.tn\"},\"url\":\"https:\\\/\\\/www.webdo.tn\\\/fr\\\/actualite\\\/author\\\/webdotn\\\/\"}]}<\/script>\n<!-- \/ Yoast SEO Premium plugin. -->","yoast_head_json":{"title":"Haute Instance de la V\u00e9rit\u00e9 et de la Justice Transitionnelle : enqu\u00eater, pardonner et compenser, et non se venger !","description":"Haute Instance de la V\u00e9rit\u00e9 et de la Justice Transitionnelle : enqu\u00eater, pardonner et compenser, et non se venger !","canonical":"https:\/\/www.webdo.tn\/fr\/actualite\/national-45\/haute-instance-de-la-verite-et-de-la-justice-transitionnelle-enqueter-pardonner-et-compenser-et-non-se-venger\/172223\/","og_locale":"fr_FR","og_type":"article","og_title":"Haute Instance de la V\u00e9rit\u00e9 et de la Justice Transitionnelle : enqu\u00eater, pardonner et compenser, et non se venger !","og_description":"Haute Instance de la V\u00e9rit\u00e9 et de la Justice Transitionnelle : enqu\u00eater, pardonner et compenser, et non se venger !","og_url":"https:\/\/www.webdo.tn\/fr\/actualite\/national-45\/haute-instance-de-la-verite-et-de-la-justice-transitionnelle-enqueter-pardonner-et-compenser-et-non-se-venger\/172223\/","og_site_name":"webdo","article_publisher":"https:\/\/www.facebook.com\/webdotn","article_published_time":"2012-02-09T13:49:00+00:00","og_image":[{"width":254,"height":266,"url":"https:\/\/www.webdo.tn\/fr\/wp-content\/uploads\/2012\/02\/Justice.jpg","type":"image\/jpeg"}],"author":"webdo.tn","twitter_card":"summary_large_image","twitter_creator":"@webdo_tn","twitter_site":"@webdo_tn","twitter_misc":{"\u00c9crit par":"webdo.tn","Dur\u00e9e de lecture estim\u00e9e":"2 minutes"},"schema":{"@context":"https:\/\/schema.org","@graph":[{"@type":"NewsArticle","@id":"https:\/\/www.webdo.tn\/fr\/actualite\/national-45\/haute-instance-de-la-verite-et-de-la-justice-transitionnelle-enqueter-pardonner-et-compenser-et-non-se-venger\/172223\/#article","isPartOf":{"@id":"https:\/\/www.webdo.tn\/fr\/actualite\/national-45\/haute-instance-de-la-verite-et-de-la-justice-transitionnelle-enqueter-pardonner-et-compenser-et-non-se-venger\/172223\/"},"author":{"name":"webdo.tn","@id":"https:\/\/www.webdo.tn\/fr\/#\/schema\/person\/9a9c6118d687c117df8ef3cc36a4d175"},"headline":"Haute Instance de la V\u00e9rit\u00e9 et de la Justice Transitionnelle : enqu\u00eater, pardonner et compenser, et non se venger !","datePublished":"2012-02-09T13:49:00+00:00","mainEntityOfPage":{"@id":"https:\/\/www.webdo.tn\/fr\/actualite\/national-45\/haute-instance-de-la-verite-et-de-la-justice-transitionnelle-enqueter-pardonner-et-compenser-et-non-se-venger\/172223\/"},"wordCount":434,"commentCount":0,"publisher":{"@id":"https:\/\/www.webdo.tn\/fr\/#organization"},"image":{"@id":"https:\/\/www.webdo.tn\/fr\/actualite\/national-45\/haute-instance-de-la-verite-et-de-la-justice-transitionnelle-enqueter-pardonner-et-compenser-et-non-se-venger\/172223\/#primaryimage"},"thumbnailUrl":"https:\/\/www.webdo.tn\/fr\/wp-content\/uploads\/2012\/02\/Justice.jpg","keywords":["guerre"],"articleSection":["National"],"inLanguage":"fr-FR"},{"@type":"WebPage","@id":"https:\/\/www.webdo.tn\/fr\/actualite\/national-45\/haute-instance-de-la-verite-et-de-la-justice-transitionnelle-enqueter-pardonner-et-compenser-et-non-se-venger\/172223\/","url":"https:\/\/www.webdo.tn\/fr\/actualite\/national-45\/haute-instance-de-la-verite-et-de-la-justice-transitionnelle-enqueter-pardonner-et-compenser-et-non-se-venger\/172223\/","name":"Haute Instance de la V\u00e9rit\u00e9 et de la Justice Transitionnelle : enqu\u00eater, pardonner et compenser, et non se venger !","isPartOf":{"@id":"https:\/\/www.webdo.tn\/fr\/#website"},"primaryImageOfPage":{"@id":"https:\/\/www.webdo.tn\/fr\/actualite\/national-45\/haute-instance-de-la-verite-et-de-la-justice-transitionnelle-enqueter-pardonner-et-compenser-et-non-se-venger\/172223\/#primaryimage"},"image":{"@id":"https:\/\/www.webdo.tn\/fr\/actualite\/national-45\/haute-instance-de-la-verite-et-de-la-justice-transitionnelle-enqueter-pardonner-et-compenser-et-non-se-venger\/172223\/#primaryimage"},"thumbnailUrl":"https:\/\/www.webdo.tn\/fr\/wp-content\/uploads\/2012\/02\/Justice.jpg","datePublished":"2012-02-09T13:49:00+00:00","description":"Haute Instance de la V\u00e9rit\u00e9 et de la Justice Transitionnelle : enqu\u00eater, pardonner et compenser, et non se venger !","breadcrumb":{"@id":"https:\/\/www.webdo.tn\/fr\/actualite\/national-45\/haute-instance-de-la-verite-et-de-la-justice-transitionnelle-enqueter-pardonner-et-compenser-et-non-se-venger\/172223\/#breadcrumb"},"inLanguage":"fr-FR","potentialAction":[{"@type":"ReadAction","target":["https:\/\/www.webdo.tn\/fr\/actualite\/national-45\/haute-instance-de-la-verite-et-de-la-justice-transitionnelle-enqueter-pardonner-et-compenser-et-non-se-venger\/172223\/"]}]},{"@type":"ImageObject","inLanguage":"fr-FR","@id":"https:\/\/www.webdo.tn\/fr\/actualite\/national-45\/haute-instance-de-la-verite-et-de-la-justice-transitionnelle-enqueter-pardonner-et-compenser-et-non-se-venger\/172223\/#primaryimage","url":"https:\/\/www.webdo.tn\/fr\/wp-content\/uploads\/2012\/02\/Justice.jpg","contentUrl":"https:\/\/www.webdo.tn\/fr\/wp-content\/uploads\/2012\/02\/Justice.jpg","width":254,"height":266,"caption":"Haute Instance de la V\u00e9rit\u00e9 et de la Justice Transitionnelle : enqu\u00eater, pardonner et compenser, et non se venger !"},{"@type":"BreadcrumbList","@id":"https:\/\/www.webdo.tn\/fr\/actualite\/national-45\/haute-instance-de-la-verite-et-de-la-justice-transitionnelle-enqueter-pardonner-et-compenser-et-non-se-venger\/172223\/#breadcrumb","itemListElement":[{"@type":"ListItem","position":1,"name":"Accueil","item":"https:\/\/www.webdo.tn\/fr\/"},{"@type":"ListItem","position":2,"name":"Haute Instance de la V\u00e9rit\u00e9 et de la Justice Transitionnelle : enqu\u00eater, pardonner et compenser, et non se venger !"}]},{"@type":"WebSite","@id":"https:\/\/www.webdo.tn\/fr\/#website","url":"https:\/\/www.webdo.tn\/fr\/","name":"webdo","description":"Tunisie - News en Tunisie et \u00e0 l&#039;international sur Webdo.tn","publisher":{"@id":"https:\/\/www.webdo.tn\/fr\/#organization"},"potentialAction":[{"@type":"SearchAction","target":{"@type":"EntryPoint","urlTemplate":"https:\/\/www.webdo.tn\/fr\/?s={search_term_string}"},"query-input":{"@type":"PropertyValueSpecification","valueRequired":true,"valueName":"search_term_string"}}],"inLanguage":"fr-FR"},{"@type":"Organization","@id":"https:\/\/www.webdo.tn\/fr\/#organization","name":"Webdo","alternateName":"Webdo.tn","url":"https:\/\/www.webdo.tn\/fr\/","logo":{"@type":"ImageObject","inLanguage":"fr-FR","@id":"https:\/\/www.webdo.tn\/fr\/#\/schema\/logo\/image\/","url":"https:\/\/www.webdo.tn\/fr\/wp-content\/uploads\/2025\/06\/Webdo-Tunisie_168377.jpg","contentUrl":"https:\/\/www.webdo.tn\/fr\/wp-content\/uploads\/2025\/06\/Webdo-Tunisie_168377.jpg","width":301,"height":301,"caption":"Webdo"},"image":{"@id":"https:\/\/www.webdo.tn\/fr\/#\/schema\/logo\/image\/"},"sameAs":["https:\/\/www.facebook.com\/webdotn","https:\/\/x.com\/webdo_tn"],"description":"Webdo est un m\u00e9dia num\u00e9rique tunisien fond\u00e9 en 2010, sp\u00e9cialis\u00e9 dans l\u2019actualit\u00e9 nationale et internationale, l\u2019\u00e9conomie, la soci\u00e9t\u00e9 et les analyses politiques. Le site s\u2019adresse \u00e0 un large public francophone et couvre l\u2019information tunisienne en temps r\u00e9el.","email":"redac@webdo.tn","legalName":"YNJ SARL","foundingDate":"2010-09-06","numberOfEmployees":{"@type":"QuantitativeValue","minValue":"11","maxValue":"50"}},{"@type":"Person","@id":"https:\/\/www.webdo.tn\/fr\/#\/schema\/person\/9a9c6118d687c117df8ef3cc36a4d175","name":"webdo.tn","image":{"@type":"ImageObject","inLanguage":"fr-FR","@id":"https:\/\/secure.gravatar.com\/avatar\/7ce1f28c0c3bbac99ff550b85ef8e44a6950c6ee24514fb6a5489e51d06f0298?s=96&d=mm&r=g","url":"https:\/\/secure.gravatar.com\/avatar\/7ce1f28c0c3bbac99ff550b85ef8e44a6950c6ee24514fb6a5489e51d06f0298?s=96&d=mm&r=g","contentUrl":"https:\/\/secure.gravatar.com\/avatar\/7ce1f28c0c3bbac99ff550b85ef8e44a6950c6ee24514fb6a5489e51d06f0298?s=96&d=mm&r=g","caption":"webdo.tn"},"url":"https:\/\/www.webdo.tn\/fr\/actualite\/author\/webdotn\/"}]}},"_links":{"self":[{"href":"https:\/\/www.webdo.tn\/fr\/wp-json\/wp\/v2\/posts\/172223","targetHints":{"allow":["GET"]}}],"collection":[{"href":"https:\/\/www.webdo.tn\/fr\/wp-json\/wp\/v2\/posts"}],"about":[{"href":"https:\/\/www.webdo.tn\/fr\/wp-json\/wp\/v2\/types\/post"}],"author":[{"embeddable":true,"href":"https:\/\/www.webdo.tn\/fr\/wp-json\/wp\/v2\/users\/3222"}],"replies":[{"embeddable":true,"href":"https:\/\/www.webdo.tn\/fr\/wp-json\/wp\/v2\/comments?post=172223"}],"version-history":[{"count":0,"href":"https:\/\/www.webdo.tn\/fr\/wp-json\/wp\/v2\/posts\/172223\/revisions"}],"wp:featuredmedia":[{"embeddable":true,"href":"https:\/\/www.webdo.tn\/fr\/wp-json\/wp\/v2\/media\/334041"}],"wp:attachment":[{"href":"https:\/\/www.webdo.tn\/fr\/wp-json\/wp\/v2\/media?parent=172223"}],"wp:term":[{"taxonomy":"category","embeddable":true,"href":"https:\/\/www.webdo.tn\/fr\/wp-json\/wp\/v2\/categories?post=172223"},{"taxonomy":"post_tag","embeddable":true,"href":"https:\/\/www.webdo.tn\/fr\/wp-json\/wp\/v2\/tags?post=172223"}],"curies":[{"name":"wp","href":"https:\/\/api.w.org\/{rel}","templated":true}]}}