{"id":172222,"date":"2012-02-09T16:26:00","date_gmt":"2012-02-09T16:26:00","guid":{"rendered":"https:\/\/www.webdo.tn\/fr\/blog\/allons-nous-vers-une-iranisation-de-la-tunisie\/172222\/"},"modified":"2012-02-09T16:26:00","modified_gmt":"2012-02-09T16:26:00","slug":"allons-nous-vers-une-iranisation-de-la-tunisie","status":"publish","type":"post","link":"https:\/\/www.webdo.tn\/fr\/actualite\/national\/allons-nous-vers-une-iranisation-de-la-tunisie\/172222\/","title":{"rendered":"Allons-nous vers une iranisation de la Tunisie ?"},"content":{"rendered":"<p>Sur une vid\u00e9o mise en ligne par Nawaat, monsieur Mohamed Pournik, chef du groupe de lutte contre la pauvret\u00e9 aux Nations Unies d\u00e9clare que lors de sa visite en Tunisie en f\u00e9vrier 2011, il s&rsquo;\u00e9tait senti comme \u00e0 T\u00e9h\u00e9ran en 1980. \u00c0 la question \u00ab\u00a0pensez-vous que la Tunisie deviendrait une R\u00e9publique islamique, Mr Pournik r\u00e9pondit par la n\u00e9gative, en argumentant que la Tunisie de nos jours est au m\u00eame stade de d\u00e9veloppement que l&rsquo;Iran d&rsquo;aujourd&rsquo;hui et non de l&rsquo;Iran d&rsquo;il y a trente ans, que le niveau d&rsquo;\u00e9ducation est tr\u00e8s \u00e9lev\u00e9 en Tunisie, et que les acquis sociaux sont d\u00e9j\u00e0 consid\u00e9rables.<\/p>\n<p>Et monsieur Pournik d&rsquo;ajouter que les membres du parti Ennahdha sont plus \u00ab\u00a0ouverts\u00a0\u00bb et plus \u00ab\u00a0impliqu\u00e9s\u00a0\u00bb. Mr Pournik prend l&rsquo;exemple de l&rsquo;obligation de porter le voile pour les Iraniennes qui n&rsquo;a \u00e9t\u00e9 impos\u00e9e qu&rsquo;apr\u00e8s le d\u00e9part des mod\u00e9r\u00e9s.<\/p>\n<p>Tout parall\u00e8le entre la r\u00e9volution iranienne et celle de la Tunisie rel\u00e8ve de l&rsquo;aberrance, cependant, il existe certaines similitudes non n\u00e9gligeables et ce n&rsquo;est pas pour rien que les Am\u00e9ricains et en particulier les r\u00e9publicains ont compar\u00e9 l&rsquo;intervention d&rsquo;Obama en ce qui concerne le printemps arabe \u00e0 celle de Jimmy Carter pour la r\u00e9volution iranienne.<\/p>\n<p>Ces similitudes, nous pouvons les voir dans les comportements \u00e9trangers \u00e0 la soci\u00e9t\u00e9 tunisienne, et qui prolif\u00e8rent \u00e0 une vitesse vertigineuse. Ces m\u00eames similitudes qui ont \u00e9t\u00e9 d\u00e9cel\u00e9es dans le film franco-Iranien de Marjane Satrapi, Pers\u00e9polis, qui lui aussi, et ind\u00e9pendamment de l&rsquo;atteinte au sacr\u00e9 pour laquelle la cha\u00eene qui l&rsquo;avait diffus\u00e9 a \u00e9t\u00e9 attaqu\u00e9e, a beaucoup d\u00e9rang\u00e9 !<\/p>\n<p>On peut alors se poser un tas de questions: Sommes-nous face \u00e0 une \u00ab\u00a0iranisation\u00a0\u00bb de la soci\u00e9t\u00e9 tunisienne ?<\/p>\n<p>Les \u00ab\u00a0mod\u00e9r\u00e9s\u00a0\u00bb d&rsquo;Ennahdha seront-ils r\u00e9ellement capables de traverser ce cap vers une vraie d\u00e9mocratie qui garantit les droits, tous les droits, ou vont-ils c\u00e9der aux pressions des plus radicaux ?<\/p>\n<p>Sauront-ils ma\u00eetriser ces appels de plus en plus insistants d&rsquo;une partie de leur base \u00e9lectorale qui exige l&rsquo;application de la Charia, et tente de l&rsquo;appliquer manu militari ?<\/p>\n<p>Le religieux prend, de jour en jour, une grande place dans la soci\u00e9t\u00e9 tunisienne ; tenues vestimentaires, barbes qui poussent, pri\u00e8res dans la rue, \u00e9missions t\u00e9l\u00e9vis\u00e9es, pr\u00eaches dans les mosqu\u00e9es, mais aussi dans les caf\u00e9s et les transports en commun, conf\u00e9rences de cheikhs salafistes, mariages coutumiers contract\u00e9s en toute ill\u00e9galit\u00e9, mais aussi en toute impunit\u00e9 et j&rsquo;en passe\u2026<\/p>\n<p>Cette tentative de \u00ab\u00a0r\u00e9-islamisation\u00a0\u00bb des m\u0153urs, de remodelage d&rsquo;une soci\u00e9t\u00e9 ancr\u00e9e dans le modernisme depuis plus d&rsquo;un demi-si\u00e8cle d\u00e9range plus d&rsquo;un, mais ne repr\u00e9sente vraiment pas un r\u00e9el danger tant qu&rsquo;elle n&rsquo;est pas institutionnalis\u00e9e. Le jour o\u00f9 elle le sera, il en sera tout \u00e0 fait autre !<\/p>\n","protected":false},"excerpt":{"rendered":"<p>Allons-nous vers une iranisation de la Tunisie ?<\/p>\n","protected":false},"author":3222,"featured_media":334043,"comment_status":"open","ping_status":"closed","sticky":false,"template":"","format":"standard","meta":{"footnotes":""},"categories":[44],"tags":[2600],"class_list":["post-172222","post","type-post","status-publish","format-standard","has-post-thumbnail","hentry","category-national","tag-guerre"],"yoast_head":"<!-- This site is optimized with the Yoast SEO Premium plugin v27.5 (Yoast SEO v27.5) - https:\/\/yoast.com\/product\/yoast-seo-premium-wordpress\/ -->\n<title>Allons-nous vers une iranisation de la Tunisie ?<\/title>\n<meta name=\"description\" content=\"Allons-nous vers une iranisation de la Tunisie ?\" \/>\n<link rel=\"canonical\" href=\"https:\/\/www.webdo.tn\/fr\/actualite\/national-45\/allons-nous-vers-une-iranisation-de-la-tunisie\/172222\/\" \/>\n<meta property=\"og:locale\" content=\"fr_FR\" \/>\n<meta property=\"og:type\" content=\"article\" \/>\n<meta property=\"og:title\" content=\"Allons-nous vers une iranisation de la Tunisie ?\" \/>\n<meta property=\"og:description\" content=\"Allons-nous vers une iranisation de la Tunisie ?\" \/>\n<meta property=\"og:url\" content=\"https:\/\/www.webdo.tn\/fr\/actualite\/national-45\/allons-nous-vers-une-iranisation-de-la-tunisie\/172222\/\" \/>\n<meta property=\"og:site_name\" content=\"webdo\" \/>\n<meta property=\"article:publisher\" content=\"https:\/\/www.facebook.com\/webdotn\" \/>\n<meta property=\"article:published_time\" content=\"2012-02-09T16:26:00+00:00\" \/>\n<meta property=\"og:image\" content=\"https:\/\/www.webdo.tn\/fr\/wp-content\/uploads\/2012\/02\/Tunisie-Iran-photo-crossed-flag-pins.com_.jpg\" \/>\n\t<meta property=\"og:image:width\" content=\"240\" \/>\n\t<meta property=\"og:image:height\" content=\"192\" \/>\n\t<meta property=\"og:image:type\" content=\"image\/jpeg\" \/>\n<meta name=\"author\" content=\"webdo.tn\" \/>\n<meta name=\"twitter:card\" content=\"summary_large_image\" \/>\n<meta name=\"twitter:creator\" content=\"@webdo_tn\" \/>\n<meta name=\"twitter:site\" content=\"@webdo_tn\" \/>\n<meta name=\"twitter:label1\" content=\"\u00c9crit par\" \/>\n\t<meta name=\"twitter:data1\" content=\"webdo.tn\" \/>\n\t<meta name=\"twitter:label2\" content=\"Dur\u00e9e de lecture estim\u00e9e\" \/>\n\t<meta name=\"twitter:data2\" content=\"2 minutes\" \/>\n<script type=\"application\/ld+json\" class=\"yoast-schema-graph\">{\"@context\":\"https:\\\/\\\/schema.org\",\"@graph\":[{\"@type\":\"NewsArticle\",\"@id\":\"https:\\\/\\\/www.webdo.tn\\\/fr\\\/actualite\\\/national-45\\\/allons-nous-vers-une-iranisation-de-la-tunisie\\\/172222\\\/#article\",\"isPartOf\":{\"@id\":\"https:\\\/\\\/www.webdo.tn\\\/fr\\\/actualite\\\/national-45\\\/allons-nous-vers-une-iranisation-de-la-tunisie\\\/172222\\\/\"},\"author\":{\"name\":\"webdo.tn\",\"@id\":\"https:\\\/\\\/www.webdo.tn\\\/fr\\\/#\\\/schema\\\/person\\\/9a9c6118d687c117df8ef3cc36a4d175\"},\"headline\":\"Allons-nous vers une iranisation de la Tunisie ?\",\"datePublished\":\"2012-02-09T16:26:00+00:00\",\"mainEntityOfPage\":{\"@id\":\"https:\\\/\\\/www.webdo.tn\\\/fr\\\/actualite\\\/national-45\\\/allons-nous-vers-une-iranisation-de-la-tunisie\\\/172222\\\/\"},\"wordCount\":519,\"commentCount\":0,\"publisher\":{\"@id\":\"https:\\\/\\\/www.webdo.tn\\\/fr\\\/#organization\"},\"image\":{\"@id\":\"https:\\\/\\\/www.webdo.tn\\\/fr\\\/actualite\\\/national-45\\\/allons-nous-vers-une-iranisation-de-la-tunisie\\\/172222\\\/#primaryimage\"},\"thumbnailUrl\":\"https:\\\/\\\/www.webdo.tn\\\/fr\\\/wp-content\\\/uploads\\\/2012\\\/02\\\/Tunisie-Iran-photo-crossed-flag-pins.com_.jpg\",\"keywords\":[\"guerre\"],\"articleSection\":[\"National\"],\"inLanguage\":\"fr-FR\"},{\"@type\":\"WebPage\",\"@id\":\"https:\\\/\\\/www.webdo.tn\\\/fr\\\/actualite\\\/national-45\\\/allons-nous-vers-une-iranisation-de-la-tunisie\\\/172222\\\/\",\"url\":\"https:\\\/\\\/www.webdo.tn\\\/fr\\\/actualite\\\/national-45\\\/allons-nous-vers-une-iranisation-de-la-tunisie\\\/172222\\\/\",\"name\":\"Allons-nous vers une iranisation de la Tunisie ?\",\"isPartOf\":{\"@id\":\"https:\\\/\\\/www.webdo.tn\\\/fr\\\/#website\"},\"primaryImageOfPage\":{\"@id\":\"https:\\\/\\\/www.webdo.tn\\\/fr\\\/actualite\\\/national-45\\\/allons-nous-vers-une-iranisation-de-la-tunisie\\\/172222\\\/#primaryimage\"},\"image\":{\"@id\":\"https:\\\/\\\/www.webdo.tn\\\/fr\\\/actualite\\\/national-45\\\/allons-nous-vers-une-iranisation-de-la-tunisie\\\/172222\\\/#primaryimage\"},\"thumbnailUrl\":\"https:\\\/\\\/www.webdo.tn\\\/fr\\\/wp-content\\\/uploads\\\/2012\\\/02\\\/Tunisie-Iran-photo-crossed-flag-pins.com_.jpg\",\"datePublished\":\"2012-02-09T16:26:00+00:00\",\"description\":\"Allons-nous vers une iranisation de la Tunisie ?\",\"breadcrumb\":{\"@id\":\"https:\\\/\\\/www.webdo.tn\\\/fr\\\/actualite\\\/national-45\\\/allons-nous-vers-une-iranisation-de-la-tunisie\\\/172222\\\/#breadcrumb\"},\"inLanguage\":\"fr-FR\",\"potentialAction\":[{\"@type\":\"ReadAction\",\"target\":[\"https:\\\/\\\/www.webdo.tn\\\/fr\\\/actualite\\\/national-45\\\/allons-nous-vers-une-iranisation-de-la-tunisie\\\/172222\\\/\"]}]},{\"@type\":\"ImageObject\",\"inLanguage\":\"fr-FR\",\"@id\":\"https:\\\/\\\/www.webdo.tn\\\/fr\\\/actualite\\\/national-45\\\/allons-nous-vers-une-iranisation-de-la-tunisie\\\/172222\\\/#primaryimage\",\"url\":\"https:\\\/\\\/www.webdo.tn\\\/fr\\\/wp-content\\\/uploads\\\/2012\\\/02\\\/Tunisie-Iran-photo-crossed-flag-pins.com_.jpg\",\"contentUrl\":\"https:\\\/\\\/www.webdo.tn\\\/fr\\\/wp-content\\\/uploads\\\/2012\\\/02\\\/Tunisie-Iran-photo-crossed-flag-pins.com_.jpg\",\"width\":240,\"height\":192,\"caption\":\"Allons-nous vers une iranisation de la Tunisie ?\"},{\"@type\":\"BreadcrumbList\",\"@id\":\"https:\\\/\\\/www.webdo.tn\\\/fr\\\/actualite\\\/national-45\\\/allons-nous-vers-une-iranisation-de-la-tunisie\\\/172222\\\/#breadcrumb\",\"itemListElement\":[{\"@type\":\"ListItem\",\"position\":1,\"name\":\"Accueil\",\"item\":\"https:\\\/\\\/www.webdo.tn\\\/fr\\\/\"},{\"@type\":\"ListItem\",\"position\":2,\"name\":\"Allons-nous vers une iranisation de la Tunisie ?\"}]},{\"@type\":\"WebSite\",\"@id\":\"https:\\\/\\\/www.webdo.tn\\\/fr\\\/#website\",\"url\":\"https:\\\/\\\/www.webdo.tn\\\/fr\\\/\",\"name\":\"webdo\",\"description\":\"Tunisie - News en Tunisie et \u00e0 l&#039;international sur Webdo.tn\",\"publisher\":{\"@id\":\"https:\\\/\\\/www.webdo.tn\\\/fr\\\/#organization\"},\"potentialAction\":[{\"@type\":\"SearchAction\",\"target\":{\"@type\":\"EntryPoint\",\"urlTemplate\":\"https:\\\/\\\/www.webdo.tn\\\/fr\\\/?s={search_term_string}\"},\"query-input\":{\"@type\":\"PropertyValueSpecification\",\"valueRequired\":true,\"valueName\":\"search_term_string\"}}],\"inLanguage\":\"fr-FR\"},{\"@type\":\"Organization\",\"@id\":\"https:\\\/\\\/www.webdo.tn\\\/fr\\\/#organization\",\"name\":\"Webdo\",\"alternateName\":\"Webdo.tn\",\"url\":\"https:\\\/\\\/www.webdo.tn\\\/fr\\\/\",\"logo\":{\"@type\":\"ImageObject\",\"inLanguage\":\"fr-FR\",\"@id\":\"https:\\\/\\\/www.webdo.tn\\\/fr\\\/#\\\/schema\\\/logo\\\/image\\\/\",\"url\":\"https:\\\/\\\/www.webdo.tn\\\/fr\\\/wp-content\\\/uploads\\\/2025\\\/06\\\/Webdo-Tunisie_168377.jpg\",\"contentUrl\":\"https:\\\/\\\/www.webdo.tn\\\/fr\\\/wp-content\\\/uploads\\\/2025\\\/06\\\/Webdo-Tunisie_168377.jpg\",\"width\":301,\"height\":301,\"caption\":\"Webdo\"},\"image\":{\"@id\":\"https:\\\/\\\/www.webdo.tn\\\/fr\\\/#\\\/schema\\\/logo\\\/image\\\/\"},\"sameAs\":[\"https:\\\/\\\/www.facebook.com\\\/webdotn\",\"https:\\\/\\\/x.com\\\/webdo_tn\"],\"description\":\"Webdo est un m\u00e9dia num\u00e9rique tunisien fond\u00e9 en 2010, sp\u00e9cialis\u00e9 dans l\u2019actualit\u00e9 nationale et internationale, l\u2019\u00e9conomie, la soci\u00e9t\u00e9 et les analyses politiques. Le site s\u2019adresse \u00e0 un large public francophone et couvre l\u2019information tunisienne en temps r\u00e9el.\",\"email\":\"redac@webdo.tn\",\"legalName\":\"YNJ SARL\",\"foundingDate\":\"2010-09-06\",\"numberOfEmployees\":{\"@type\":\"QuantitativeValue\",\"minValue\":\"11\",\"maxValue\":\"50\"}},{\"@type\":\"Person\",\"@id\":\"https:\\\/\\\/www.webdo.tn\\\/fr\\\/#\\\/schema\\\/person\\\/9a9c6118d687c117df8ef3cc36a4d175\",\"name\":\"webdo.tn\",\"image\":{\"@type\":\"ImageObject\",\"inLanguage\":\"fr-FR\",\"@id\":\"https:\\\/\\\/secure.gravatar.com\\\/avatar\\\/7ce1f28c0c3bbac99ff550b85ef8e44a6950c6ee24514fb6a5489e51d06f0298?s=96&d=mm&r=g\",\"url\":\"https:\\\/\\\/secure.gravatar.com\\\/avatar\\\/7ce1f28c0c3bbac99ff550b85ef8e44a6950c6ee24514fb6a5489e51d06f0298?s=96&d=mm&r=g\",\"contentUrl\":\"https:\\\/\\\/secure.gravatar.com\\\/avatar\\\/7ce1f28c0c3bbac99ff550b85ef8e44a6950c6ee24514fb6a5489e51d06f0298?s=96&d=mm&r=g\",\"caption\":\"webdo.tn\"},\"url\":\"https:\\\/\\\/www.webdo.tn\\\/fr\\\/actualite\\\/author\\\/webdotn\\\/\"}]}<\/script>\n<!-- \/ Yoast SEO Premium plugin. -->","yoast_head_json":{"title":"Allons-nous vers une iranisation de la Tunisie ?","description":"Allons-nous vers une iranisation de la Tunisie ?","canonical":"https:\/\/www.webdo.tn\/fr\/actualite\/national-45\/allons-nous-vers-une-iranisation-de-la-tunisie\/172222\/","og_locale":"fr_FR","og_type":"article","og_title":"Allons-nous vers une iranisation de la Tunisie ?","og_description":"Allons-nous vers une iranisation de la Tunisie ?","og_url":"https:\/\/www.webdo.tn\/fr\/actualite\/national-45\/allons-nous-vers-une-iranisation-de-la-tunisie\/172222\/","og_site_name":"webdo","article_publisher":"https:\/\/www.facebook.com\/webdotn","article_published_time":"2012-02-09T16:26:00+00:00","og_image":[{"width":240,"height":192,"url":"https:\/\/www.webdo.tn\/fr\/wp-content\/uploads\/2012\/02\/Tunisie-Iran-photo-crossed-flag-pins.com_.jpg","type":"image\/jpeg"}],"author":"webdo.tn","twitter_card":"summary_large_image","twitter_creator":"@webdo_tn","twitter_site":"@webdo_tn","twitter_misc":{"\u00c9crit par":"webdo.tn","Dur\u00e9e de lecture estim\u00e9e":"2 minutes"},"schema":{"@context":"https:\/\/schema.org","@graph":[{"@type":"NewsArticle","@id":"https:\/\/www.webdo.tn\/fr\/actualite\/national-45\/allons-nous-vers-une-iranisation-de-la-tunisie\/172222\/#article","isPartOf":{"@id":"https:\/\/www.webdo.tn\/fr\/actualite\/national-45\/allons-nous-vers-une-iranisation-de-la-tunisie\/172222\/"},"author":{"name":"webdo.tn","@id":"https:\/\/www.webdo.tn\/fr\/#\/schema\/person\/9a9c6118d687c117df8ef3cc36a4d175"},"headline":"Allons-nous vers une iranisation de la Tunisie ?","datePublished":"2012-02-09T16:26:00+00:00","mainEntityOfPage":{"@id":"https:\/\/www.webdo.tn\/fr\/actualite\/national-45\/allons-nous-vers-une-iranisation-de-la-tunisie\/172222\/"},"wordCount":519,"commentCount":0,"publisher":{"@id":"https:\/\/www.webdo.tn\/fr\/#organization"},"image":{"@id":"https:\/\/www.webdo.tn\/fr\/actualite\/national-45\/allons-nous-vers-une-iranisation-de-la-tunisie\/172222\/#primaryimage"},"thumbnailUrl":"https:\/\/www.webdo.tn\/fr\/wp-content\/uploads\/2012\/02\/Tunisie-Iran-photo-crossed-flag-pins.com_.jpg","keywords":["guerre"],"articleSection":["National"],"inLanguage":"fr-FR"},{"@type":"WebPage","@id":"https:\/\/www.webdo.tn\/fr\/actualite\/national-45\/allons-nous-vers-une-iranisation-de-la-tunisie\/172222\/","url":"https:\/\/www.webdo.tn\/fr\/actualite\/national-45\/allons-nous-vers-une-iranisation-de-la-tunisie\/172222\/","name":"Allons-nous vers une iranisation de la Tunisie ?","isPartOf":{"@id":"https:\/\/www.webdo.tn\/fr\/#website"},"primaryImageOfPage":{"@id":"https:\/\/www.webdo.tn\/fr\/actualite\/national-45\/allons-nous-vers-une-iranisation-de-la-tunisie\/172222\/#primaryimage"},"image":{"@id":"https:\/\/www.webdo.tn\/fr\/actualite\/national-45\/allons-nous-vers-une-iranisation-de-la-tunisie\/172222\/#primaryimage"},"thumbnailUrl":"https:\/\/www.webdo.tn\/fr\/wp-content\/uploads\/2012\/02\/Tunisie-Iran-photo-crossed-flag-pins.com_.jpg","datePublished":"2012-02-09T16:26:00+00:00","description":"Allons-nous vers une iranisation de la Tunisie ?","breadcrumb":{"@id":"https:\/\/www.webdo.tn\/fr\/actualite\/national-45\/allons-nous-vers-une-iranisation-de-la-tunisie\/172222\/#breadcrumb"},"inLanguage":"fr-FR","potentialAction":[{"@type":"ReadAction","target":["https:\/\/www.webdo.tn\/fr\/actualite\/national-45\/allons-nous-vers-une-iranisation-de-la-tunisie\/172222\/"]}]},{"@type":"ImageObject","inLanguage":"fr-FR","@id":"https:\/\/www.webdo.tn\/fr\/actualite\/national-45\/allons-nous-vers-une-iranisation-de-la-tunisie\/172222\/#primaryimage","url":"https:\/\/www.webdo.tn\/fr\/wp-content\/uploads\/2012\/02\/Tunisie-Iran-photo-crossed-flag-pins.com_.jpg","contentUrl":"https:\/\/www.webdo.tn\/fr\/wp-content\/uploads\/2012\/02\/Tunisie-Iran-photo-crossed-flag-pins.com_.jpg","width":240,"height":192,"caption":"Allons-nous vers une iranisation de la Tunisie ?"},{"@type":"BreadcrumbList","@id":"https:\/\/www.webdo.tn\/fr\/actualite\/national-45\/allons-nous-vers-une-iranisation-de-la-tunisie\/172222\/#breadcrumb","itemListElement":[{"@type":"ListItem","position":1,"name":"Accueil","item":"https:\/\/www.webdo.tn\/fr\/"},{"@type":"ListItem","position":2,"name":"Allons-nous vers une iranisation de la Tunisie ?"}]},{"@type":"WebSite","@id":"https:\/\/www.webdo.tn\/fr\/#website","url":"https:\/\/www.webdo.tn\/fr\/","name":"webdo","description":"Tunisie - News en Tunisie et \u00e0 l&#039;international sur Webdo.tn","publisher":{"@id":"https:\/\/www.webdo.tn\/fr\/#organization"},"potentialAction":[{"@type":"SearchAction","target":{"@type":"EntryPoint","urlTemplate":"https:\/\/www.webdo.tn\/fr\/?s={search_term_string}"},"query-input":{"@type":"PropertyValueSpecification","valueRequired":true,"valueName":"search_term_string"}}],"inLanguage":"fr-FR"},{"@type":"Organization","@id":"https:\/\/www.webdo.tn\/fr\/#organization","name":"Webdo","alternateName":"Webdo.tn","url":"https:\/\/www.webdo.tn\/fr\/","logo":{"@type":"ImageObject","inLanguage":"fr-FR","@id":"https:\/\/www.webdo.tn\/fr\/#\/schema\/logo\/image\/","url":"https:\/\/www.webdo.tn\/fr\/wp-content\/uploads\/2025\/06\/Webdo-Tunisie_168377.jpg","contentUrl":"https:\/\/www.webdo.tn\/fr\/wp-content\/uploads\/2025\/06\/Webdo-Tunisie_168377.jpg","width":301,"height":301,"caption":"Webdo"},"image":{"@id":"https:\/\/www.webdo.tn\/fr\/#\/schema\/logo\/image\/"},"sameAs":["https:\/\/www.facebook.com\/webdotn","https:\/\/x.com\/webdo_tn"],"description":"Webdo est un m\u00e9dia num\u00e9rique tunisien fond\u00e9 en 2010, sp\u00e9cialis\u00e9 dans l\u2019actualit\u00e9 nationale et internationale, l\u2019\u00e9conomie, la soci\u00e9t\u00e9 et les analyses politiques. Le site s\u2019adresse \u00e0 un large public francophone et couvre l\u2019information tunisienne en temps r\u00e9el.","email":"redac@webdo.tn","legalName":"YNJ SARL","foundingDate":"2010-09-06","numberOfEmployees":{"@type":"QuantitativeValue","minValue":"11","maxValue":"50"}},{"@type":"Person","@id":"https:\/\/www.webdo.tn\/fr\/#\/schema\/person\/9a9c6118d687c117df8ef3cc36a4d175","name":"webdo.tn","image":{"@type":"ImageObject","inLanguage":"fr-FR","@id":"https:\/\/secure.gravatar.com\/avatar\/7ce1f28c0c3bbac99ff550b85ef8e44a6950c6ee24514fb6a5489e51d06f0298?s=96&d=mm&r=g","url":"https:\/\/secure.gravatar.com\/avatar\/7ce1f28c0c3bbac99ff550b85ef8e44a6950c6ee24514fb6a5489e51d06f0298?s=96&d=mm&r=g","contentUrl":"https:\/\/secure.gravatar.com\/avatar\/7ce1f28c0c3bbac99ff550b85ef8e44a6950c6ee24514fb6a5489e51d06f0298?s=96&d=mm&r=g","caption":"webdo.tn"},"url":"https:\/\/www.webdo.tn\/fr\/actualite\/author\/webdotn\/"}]}},"_links":{"self":[{"href":"https:\/\/www.webdo.tn\/fr\/wp-json\/wp\/v2\/posts\/172222","targetHints":{"allow":["GET"]}}],"collection":[{"href":"https:\/\/www.webdo.tn\/fr\/wp-json\/wp\/v2\/posts"}],"about":[{"href":"https:\/\/www.webdo.tn\/fr\/wp-json\/wp\/v2\/types\/post"}],"author":[{"embeddable":true,"href":"https:\/\/www.webdo.tn\/fr\/wp-json\/wp\/v2\/users\/3222"}],"replies":[{"embeddable":true,"href":"https:\/\/www.webdo.tn\/fr\/wp-json\/wp\/v2\/comments?post=172222"}],"version-history":[{"count":0,"href":"https:\/\/www.webdo.tn\/fr\/wp-json\/wp\/v2\/posts\/172222\/revisions"}],"wp:featuredmedia":[{"embeddable":true,"href":"https:\/\/www.webdo.tn\/fr\/wp-json\/wp\/v2\/media\/334043"}],"wp:attachment":[{"href":"https:\/\/www.webdo.tn\/fr\/wp-json\/wp\/v2\/media?parent=172222"}],"wp:term":[{"taxonomy":"category","embeddable":true,"href":"https:\/\/www.webdo.tn\/fr\/wp-json\/wp\/v2\/categories?post=172222"},{"taxonomy":"post_tag","embeddable":true,"href":"https:\/\/www.webdo.tn\/fr\/wp-json\/wp\/v2\/tags?post=172222"}],"curies":[{"name":"wp","href":"https:\/\/api.w.org\/{rel}","templated":true}]}}