{"id":172221,"date":"2012-02-10T10:56:00","date_gmt":"2012-02-10T10:56:00","guid":{"rendered":"https:\/\/www.webdo.tn\/fr\/blog\/penurie-de-medicaments-la-tunisie-sous-perfusion\/172221\/"},"modified":"2012-02-10T10:56:00","modified_gmt":"2012-02-10T10:56:00","slug":"penurie-de-medicaments-la-tunisie-sous-perfusion","status":"publish","type":"post","link":"https:\/\/www.webdo.tn\/fr\/actualite\/national\/penurie-de-medicaments-la-tunisie-sous-perfusion\/172221\/","title":{"rendered":"P\u00e9nurie de m\u00e9dicaments : la Tunisie sous perfusion!"},"content":{"rendered":"<p>Entre perturbations au niveau de l\u2019approvisionnement, sit-in, laboratoires \u00e0 l\u2019arr\u00eat et incendies, le secteur du m\u00e9dicament semble avoir des maux de t\u00eate qui ne sont pas pr\u00e8s de passer\u2026<\/p>\n<p>Depuis des semaines, le secteur du m\u00e9dicament traverse des perturbations \u00e9videntes, dues principalement \u00e0 l\u2019approvisionnement en produits locaux. Certains m\u00e9dicaments de saison comme les traitements contre la grippe ou les rhumes, sont devenus, en effet difficiles \u00e0 trouver. La faute \u00e0 qui, \u00e0 quoi ? En premier lieu, la faute revient \u00e0 la situation que traverse le pays o\u00f9 les conflits sociaux et les sit-in n\u2019ont pas baiss\u00e9 de rythme, bloquant m\u00eame certains laboratoires durant des mois.<\/p>\n<p>Ces gr\u00e8ves \u00e0 r\u00e9p\u00e9tition qui entravent la production et la marche du secteur commencent justement \u00e0 faire fl\u00e9chir ce secteur r\u00e9put\u00e9 pour \u00eatre sensible, ayant trait \u00e0 la sant\u00e9 des Tunisiens.<\/p>\n<p>Et l\u2019incendie qui s\u2019est d\u00e9clar\u00e9, jeudi dernier dans un entrep\u00f4t de la Pharmacie Centrale \u00e0 Ben Arous ne vient pas arranger les choses bien que les produits qui ont pris feu ne soient des produits directement \u00ab\u00a0consommables\u00a0\u00bb par le citoyen.<\/p>\n<p>L\u2019enqu\u00eate n\u2019a pas encore d\u00e9termin\u00e9 les raisons de cette catastrophe bien que l\u2019on s\u2019achemine vers une cause \u00e9lectrique ! Un court-circuit, par les temps qui courent, peut para\u00eetre logique. Dans le contexte actuel, on ne peut emp\u00eacher certains de pencher vers la th\u00e8se du complot !!!<\/p>\n<p>Apr\u00e8s les sit-in, qui ont largement contribu\u00e9 \u00e0 cette p\u00e9nurie, \u00e9tant donn\u00e9 que les laboratoires ont \u00e9t\u00e9 immobilis\u00e9s durant des mois ; le monopole exerc\u00e9 par certains fournisseurs ; l\u2019exportation en contrebande vers la Libye ou l\u2019Alg\u00e9rie, seraient derri\u00e8re cette p\u00e9nurie g\u00e9n\u00e9rale selon l\u2019Observatoire national du m\u00e9dicament. Mais il ne pr\u00e9cise qui est derri\u00e8re cet incendie !!!<\/p>\n<p>Une co\u00efncidence de trop pourrait-on dire ?! Mais ne cherchons pas la main du diable alors que les investigations n\u2019ont pas encore livr\u00e9 leurs secrets.<\/p>\n<p>Pour l\u2019heure, esp\u00e9rons que le secteur ne va glisser vers un \u00e9tat comateux sans quoi il sera difficile de le mettre sous perfusion vu la p\u00e9nurie actuelle de m\u00e9dicaments !<\/p>\n","protected":false},"excerpt":{"rendered":"<p>P\u00e9nurie de m\u00e9dicaments : la Tunisie sous perfusion!<\/p>\n","protected":false},"author":3222,"featured_media":374666,"comment_status":"open","ping_status":"closed","sticky":false,"template":"","format":"standard","meta":{"footnotes":""},"categories":[44],"tags":[2600],"class_list":["post-172221","post","type-post","status-publish","format-standard","has-post-thumbnail","hentry","category-national","tag-guerre"],"yoast_head":"<!-- This site is optimized with the Yoast SEO Premium plugin v27.5 (Yoast SEO v27.5) - https:\/\/yoast.com\/product\/yoast-seo-premium-wordpress\/ -->\n<title>P\u00e9nurie de m\u00e9dicaments : la Tunisie sous perfusion!<\/title>\n<meta name=\"description\" content=\"P\u00e9nurie de m\u00e9dicaments : la Tunisie sous perfusion!\" \/>\n<link rel=\"canonical\" href=\"https:\/\/www.webdo.tn\/fr\/actualite\/national-45\/penurie-de-medicaments-la-tunisie-sous-perfusion\/172221\/\" \/>\n<meta property=\"og:locale\" content=\"fr_FR\" \/>\n<meta property=\"og:type\" content=\"article\" \/>\n<meta property=\"og:title\" content=\"P\u00e9nurie de m\u00e9dicaments : la Tunisie sous perfusion!\" \/>\n<meta property=\"og:description\" content=\"P\u00e9nurie de m\u00e9dicaments : la Tunisie sous perfusion!\" \/>\n<meta property=\"og:url\" content=\"https:\/\/www.webdo.tn\/fr\/actualite\/national-45\/penurie-de-medicaments-la-tunisie-sous-perfusion\/172221\/\" \/>\n<meta property=\"og:site_name\" content=\"webdo\" \/>\n<meta property=\"article:publisher\" content=\"https:\/\/www.facebook.com\/webdotn\" \/>\n<meta property=\"article:published_time\" content=\"2012-02-10T10:56:00+00:00\" \/>\n<meta name=\"author\" content=\"webdo.tn\" \/>\n<meta name=\"twitter:card\" content=\"summary_large_image\" \/>\n<meta name=\"twitter:creator\" content=\"@webdo_tn\" \/>\n<meta name=\"twitter:site\" content=\"@webdo_tn\" \/>\n<meta name=\"twitter:label1\" content=\"\u00c9crit par\" \/>\n\t<meta name=\"twitter:data1\" content=\"webdo.tn\" \/>\n\t<meta name=\"twitter:label2\" content=\"Dur\u00e9e de lecture estim\u00e9e\" \/>\n\t<meta name=\"twitter:data2\" content=\"2 minutes\" \/>\n<script type=\"application\/ld+json\" class=\"yoast-schema-graph\">{\"@context\":\"https:\\\/\\\/schema.org\",\"@graph\":[{\"@type\":\"NewsArticle\",\"@id\":\"https:\\\/\\\/www.webdo.tn\\\/fr\\\/actualite\\\/national-45\\\/penurie-de-medicaments-la-tunisie-sous-perfusion\\\/172221\\\/#article\",\"isPartOf\":{\"@id\":\"https:\\\/\\\/www.webdo.tn\\\/fr\\\/actualite\\\/national-45\\\/penurie-de-medicaments-la-tunisie-sous-perfusion\\\/172221\\\/\"},\"author\":{\"name\":\"webdo.tn\",\"@id\":\"https:\\\/\\\/www.webdo.tn\\\/fr\\\/#\\\/schema\\\/person\\\/9a9c6118d687c117df8ef3cc36a4d175\"},\"headline\":\"P\u00e9nurie de m\u00e9dicaments : la Tunisie sous perfusion!\",\"datePublished\":\"2012-02-10T10:56:00+00:00\",\"mainEntityOfPage\":{\"@id\":\"https:\\\/\\\/www.webdo.tn\\\/fr\\\/actualite\\\/national-45\\\/penurie-de-medicaments-la-tunisie-sous-perfusion\\\/172221\\\/\"},\"wordCount\":374,\"commentCount\":0,\"publisher\":{\"@id\":\"https:\\\/\\\/www.webdo.tn\\\/fr\\\/#organization\"},\"image\":{\"@id\":\"https:\\\/\\\/www.webdo.tn\\\/fr\\\/actualite\\\/national-45\\\/penurie-de-medicaments-la-tunisie-sous-perfusion\\\/172221\\\/#primaryimage\"},\"thumbnailUrl\":\"https:\\\/\\\/www.webdo.tn\\\/fr\\\/wp-content\\\/uploads\\\/2025\\\/06\\\/Le-caducee-symbole-de-la-pharmacie-wikipedia-Vallat-David_172221.jpg\",\"keywords\":[\"guerre\"],\"articleSection\":[\"National\"],\"inLanguage\":\"fr-FR\"},{\"@type\":\"WebPage\",\"@id\":\"https:\\\/\\\/www.webdo.tn\\\/fr\\\/actualite\\\/national-45\\\/penurie-de-medicaments-la-tunisie-sous-perfusion\\\/172221\\\/\",\"url\":\"https:\\\/\\\/www.webdo.tn\\\/fr\\\/actualite\\\/national-45\\\/penurie-de-medicaments-la-tunisie-sous-perfusion\\\/172221\\\/\",\"name\":\"P\u00e9nurie de m\u00e9dicaments : la Tunisie sous perfusion!\",\"isPartOf\":{\"@id\":\"https:\\\/\\\/www.webdo.tn\\\/fr\\\/#website\"},\"primaryImageOfPage\":{\"@id\":\"https:\\\/\\\/www.webdo.tn\\\/fr\\\/actualite\\\/national-45\\\/penurie-de-medicaments-la-tunisie-sous-perfusion\\\/172221\\\/#primaryimage\"},\"image\":{\"@id\":\"https:\\\/\\\/www.webdo.tn\\\/fr\\\/actualite\\\/national-45\\\/penurie-de-medicaments-la-tunisie-sous-perfusion\\\/172221\\\/#primaryimage\"},\"thumbnailUrl\":\"https:\\\/\\\/www.webdo.tn\\\/fr\\\/wp-content\\\/uploads\\\/2025\\\/06\\\/Le-caducee-symbole-de-la-pharmacie-wikipedia-Vallat-David_172221.jpg\",\"datePublished\":\"2012-02-10T10:56:00+00:00\",\"description\":\"P\u00e9nurie de m\u00e9dicaments : la Tunisie sous perfusion!\",\"breadcrumb\":{\"@id\":\"https:\\\/\\\/www.webdo.tn\\\/fr\\\/actualite\\\/national-45\\\/penurie-de-medicaments-la-tunisie-sous-perfusion\\\/172221\\\/#breadcrumb\"},\"inLanguage\":\"fr-FR\",\"potentialAction\":[{\"@type\":\"ReadAction\",\"target\":[\"https:\\\/\\\/www.webdo.tn\\\/fr\\\/actualite\\\/national-45\\\/penurie-de-medicaments-la-tunisie-sous-perfusion\\\/172221\\\/\"]}]},{\"@type\":\"ImageObject\",\"inLanguage\":\"fr-FR\",\"@id\":\"https:\\\/\\\/www.webdo.tn\\\/fr\\\/actualite\\\/national-45\\\/penurie-de-medicaments-la-tunisie-sous-perfusion\\\/172221\\\/#primaryimage\",\"url\":\"https:\\\/\\\/www.webdo.tn\\\/fr\\\/wp-content\\\/uploads\\\/2025\\\/06\\\/Le-caducee-symbole-de-la-pharmacie-wikipedia-Vallat-David_172221.jpg\",\"contentUrl\":\"https:\\\/\\\/www.webdo.tn\\\/fr\\\/wp-content\\\/uploads\\\/2025\\\/06\\\/Le-caducee-symbole-de-la-pharmacie-wikipedia-Vallat-David_172221.jpg\",\"width\":177,\"height\":214,\"caption\":\"P\u00e9nurie de m\u00e9dicaments : la Tunisie sous perfusion!\"},{\"@type\":\"BreadcrumbList\",\"@id\":\"https:\\\/\\\/www.webdo.tn\\\/fr\\\/actualite\\\/national-45\\\/penurie-de-medicaments-la-tunisie-sous-perfusion\\\/172221\\\/#breadcrumb\",\"itemListElement\":[{\"@type\":\"ListItem\",\"position\":1,\"name\":\"Accueil\",\"item\":\"https:\\\/\\\/www.webdo.tn\\\/fr\\\/\"},{\"@type\":\"ListItem\",\"position\":2,\"name\":\"P\u00e9nurie de m\u00e9dicaments : la Tunisie sous perfusion!\"}]},{\"@type\":\"WebSite\",\"@id\":\"https:\\\/\\\/www.webdo.tn\\\/fr\\\/#website\",\"url\":\"https:\\\/\\\/www.webdo.tn\\\/fr\\\/\",\"name\":\"webdo\",\"description\":\"Tunisie - News en Tunisie et \u00e0 l&#039;international sur Webdo.tn\",\"publisher\":{\"@id\":\"https:\\\/\\\/www.webdo.tn\\\/fr\\\/#organization\"},\"potentialAction\":[{\"@type\":\"SearchAction\",\"target\":{\"@type\":\"EntryPoint\",\"urlTemplate\":\"https:\\\/\\\/www.webdo.tn\\\/fr\\\/?s={search_term_string}\"},\"query-input\":{\"@type\":\"PropertyValueSpecification\",\"valueRequired\":true,\"valueName\":\"search_term_string\"}}],\"inLanguage\":\"fr-FR\"},{\"@type\":\"Organization\",\"@id\":\"https:\\\/\\\/www.webdo.tn\\\/fr\\\/#organization\",\"name\":\"Webdo\",\"alternateName\":\"Webdo.tn\",\"url\":\"https:\\\/\\\/www.webdo.tn\\\/fr\\\/\",\"logo\":{\"@type\":\"ImageObject\",\"inLanguage\":\"fr-FR\",\"@id\":\"https:\\\/\\\/www.webdo.tn\\\/fr\\\/#\\\/schema\\\/logo\\\/image\\\/\",\"url\":\"https:\\\/\\\/www.webdo.tn\\\/fr\\\/wp-content\\\/uploads\\\/2025\\\/06\\\/Webdo-Tunisie_168377.jpg\",\"contentUrl\":\"https:\\\/\\\/www.webdo.tn\\\/fr\\\/wp-content\\\/uploads\\\/2025\\\/06\\\/Webdo-Tunisie_168377.jpg\",\"width\":301,\"height\":301,\"caption\":\"Webdo\"},\"image\":{\"@id\":\"https:\\\/\\\/www.webdo.tn\\\/fr\\\/#\\\/schema\\\/logo\\\/image\\\/\"},\"sameAs\":[\"https:\\\/\\\/www.facebook.com\\\/webdotn\",\"https:\\\/\\\/x.com\\\/webdo_tn\"],\"description\":\"Webdo est un m\u00e9dia num\u00e9rique tunisien fond\u00e9 en 2010, sp\u00e9cialis\u00e9 dans l\u2019actualit\u00e9 nationale et internationale, l\u2019\u00e9conomie, la soci\u00e9t\u00e9 et les analyses politiques. Le site s\u2019adresse \u00e0 un large public francophone et couvre l\u2019information tunisienne en temps r\u00e9el.\",\"email\":\"redac@webdo.tn\",\"legalName\":\"YNJ SARL\",\"foundingDate\":\"2010-09-06\",\"numberOfEmployees\":{\"@type\":\"QuantitativeValue\",\"minValue\":\"11\",\"maxValue\":\"50\"}},{\"@type\":\"Person\",\"@id\":\"https:\\\/\\\/www.webdo.tn\\\/fr\\\/#\\\/schema\\\/person\\\/9a9c6118d687c117df8ef3cc36a4d175\",\"name\":\"webdo.tn\",\"image\":{\"@type\":\"ImageObject\",\"inLanguage\":\"fr-FR\",\"@id\":\"https:\\\/\\\/secure.gravatar.com\\\/avatar\\\/7ce1f28c0c3bbac99ff550b85ef8e44a6950c6ee24514fb6a5489e51d06f0298?s=96&d=mm&r=g\",\"url\":\"https:\\\/\\\/secure.gravatar.com\\\/avatar\\\/7ce1f28c0c3bbac99ff550b85ef8e44a6950c6ee24514fb6a5489e51d06f0298?s=96&d=mm&r=g\",\"contentUrl\":\"https:\\\/\\\/secure.gravatar.com\\\/avatar\\\/7ce1f28c0c3bbac99ff550b85ef8e44a6950c6ee24514fb6a5489e51d06f0298?s=96&d=mm&r=g\",\"caption\":\"webdo.tn\"},\"url\":\"https:\\\/\\\/www.webdo.tn\\\/fr\\\/actualite\\\/author\\\/webdotn\\\/\"}]}<\/script>\n<!-- \/ Yoast SEO Premium plugin. -->","yoast_head_json":{"title":"P\u00e9nurie de m\u00e9dicaments : la Tunisie sous perfusion!","description":"P\u00e9nurie de m\u00e9dicaments : la Tunisie sous perfusion!","canonical":"https:\/\/www.webdo.tn\/fr\/actualite\/national-45\/penurie-de-medicaments-la-tunisie-sous-perfusion\/172221\/","og_locale":"fr_FR","og_type":"article","og_title":"P\u00e9nurie de m\u00e9dicaments : la Tunisie sous perfusion!","og_description":"P\u00e9nurie de m\u00e9dicaments : la Tunisie sous perfusion!","og_url":"https:\/\/www.webdo.tn\/fr\/actualite\/national-45\/penurie-de-medicaments-la-tunisie-sous-perfusion\/172221\/","og_site_name":"webdo","article_publisher":"https:\/\/www.facebook.com\/webdotn","article_published_time":"2012-02-10T10:56:00+00:00","author":"webdo.tn","twitter_card":"summary_large_image","twitter_creator":"@webdo_tn","twitter_site":"@webdo_tn","twitter_misc":{"\u00c9crit par":"webdo.tn","Dur\u00e9e de lecture estim\u00e9e":"2 minutes"},"schema":{"@context":"https:\/\/schema.org","@graph":[{"@type":"NewsArticle","@id":"https:\/\/www.webdo.tn\/fr\/actualite\/national-45\/penurie-de-medicaments-la-tunisie-sous-perfusion\/172221\/#article","isPartOf":{"@id":"https:\/\/www.webdo.tn\/fr\/actualite\/national-45\/penurie-de-medicaments-la-tunisie-sous-perfusion\/172221\/"},"author":{"name":"webdo.tn","@id":"https:\/\/www.webdo.tn\/fr\/#\/schema\/person\/9a9c6118d687c117df8ef3cc36a4d175"},"headline":"P\u00e9nurie de m\u00e9dicaments : la Tunisie sous perfusion!","datePublished":"2012-02-10T10:56:00+00:00","mainEntityOfPage":{"@id":"https:\/\/www.webdo.tn\/fr\/actualite\/national-45\/penurie-de-medicaments-la-tunisie-sous-perfusion\/172221\/"},"wordCount":374,"commentCount":0,"publisher":{"@id":"https:\/\/www.webdo.tn\/fr\/#organization"},"image":{"@id":"https:\/\/www.webdo.tn\/fr\/actualite\/national-45\/penurie-de-medicaments-la-tunisie-sous-perfusion\/172221\/#primaryimage"},"thumbnailUrl":"https:\/\/www.webdo.tn\/fr\/wp-content\/uploads\/2025\/06\/Le-caducee-symbole-de-la-pharmacie-wikipedia-Vallat-David_172221.jpg","keywords":["guerre"],"articleSection":["National"],"inLanguage":"fr-FR"},{"@type":"WebPage","@id":"https:\/\/www.webdo.tn\/fr\/actualite\/national-45\/penurie-de-medicaments-la-tunisie-sous-perfusion\/172221\/","url":"https:\/\/www.webdo.tn\/fr\/actualite\/national-45\/penurie-de-medicaments-la-tunisie-sous-perfusion\/172221\/","name":"P\u00e9nurie de m\u00e9dicaments : la Tunisie sous perfusion!","isPartOf":{"@id":"https:\/\/www.webdo.tn\/fr\/#website"},"primaryImageOfPage":{"@id":"https:\/\/www.webdo.tn\/fr\/actualite\/national-45\/penurie-de-medicaments-la-tunisie-sous-perfusion\/172221\/#primaryimage"},"image":{"@id":"https:\/\/www.webdo.tn\/fr\/actualite\/national-45\/penurie-de-medicaments-la-tunisie-sous-perfusion\/172221\/#primaryimage"},"thumbnailUrl":"https:\/\/www.webdo.tn\/fr\/wp-content\/uploads\/2025\/06\/Le-caducee-symbole-de-la-pharmacie-wikipedia-Vallat-David_172221.jpg","datePublished":"2012-02-10T10:56:00+00:00","description":"P\u00e9nurie de m\u00e9dicaments : la Tunisie sous perfusion!","breadcrumb":{"@id":"https:\/\/www.webdo.tn\/fr\/actualite\/national-45\/penurie-de-medicaments-la-tunisie-sous-perfusion\/172221\/#breadcrumb"},"inLanguage":"fr-FR","potentialAction":[{"@type":"ReadAction","target":["https:\/\/www.webdo.tn\/fr\/actualite\/national-45\/penurie-de-medicaments-la-tunisie-sous-perfusion\/172221\/"]}]},{"@type":"ImageObject","inLanguage":"fr-FR","@id":"https:\/\/www.webdo.tn\/fr\/actualite\/national-45\/penurie-de-medicaments-la-tunisie-sous-perfusion\/172221\/#primaryimage","url":"https:\/\/www.webdo.tn\/fr\/wp-content\/uploads\/2025\/06\/Le-caducee-symbole-de-la-pharmacie-wikipedia-Vallat-David_172221.jpg","contentUrl":"https:\/\/www.webdo.tn\/fr\/wp-content\/uploads\/2025\/06\/Le-caducee-symbole-de-la-pharmacie-wikipedia-Vallat-David_172221.jpg","width":177,"height":214,"caption":"P\u00e9nurie de m\u00e9dicaments : la Tunisie sous perfusion!"},{"@type":"BreadcrumbList","@id":"https:\/\/www.webdo.tn\/fr\/actualite\/national-45\/penurie-de-medicaments-la-tunisie-sous-perfusion\/172221\/#breadcrumb","itemListElement":[{"@type":"ListItem","position":1,"name":"Accueil","item":"https:\/\/www.webdo.tn\/fr\/"},{"@type":"ListItem","position":2,"name":"P\u00e9nurie de m\u00e9dicaments : la Tunisie sous perfusion!"}]},{"@type":"WebSite","@id":"https:\/\/www.webdo.tn\/fr\/#website","url":"https:\/\/www.webdo.tn\/fr\/","name":"webdo","description":"Tunisie - News en Tunisie et \u00e0 l&#039;international sur Webdo.tn","publisher":{"@id":"https:\/\/www.webdo.tn\/fr\/#organization"},"potentialAction":[{"@type":"SearchAction","target":{"@type":"EntryPoint","urlTemplate":"https:\/\/www.webdo.tn\/fr\/?s={search_term_string}"},"query-input":{"@type":"PropertyValueSpecification","valueRequired":true,"valueName":"search_term_string"}}],"inLanguage":"fr-FR"},{"@type":"Organization","@id":"https:\/\/www.webdo.tn\/fr\/#organization","name":"Webdo","alternateName":"Webdo.tn","url":"https:\/\/www.webdo.tn\/fr\/","logo":{"@type":"ImageObject","inLanguage":"fr-FR","@id":"https:\/\/www.webdo.tn\/fr\/#\/schema\/logo\/image\/","url":"https:\/\/www.webdo.tn\/fr\/wp-content\/uploads\/2025\/06\/Webdo-Tunisie_168377.jpg","contentUrl":"https:\/\/www.webdo.tn\/fr\/wp-content\/uploads\/2025\/06\/Webdo-Tunisie_168377.jpg","width":301,"height":301,"caption":"Webdo"},"image":{"@id":"https:\/\/www.webdo.tn\/fr\/#\/schema\/logo\/image\/"},"sameAs":["https:\/\/www.facebook.com\/webdotn","https:\/\/x.com\/webdo_tn"],"description":"Webdo est un m\u00e9dia num\u00e9rique tunisien fond\u00e9 en 2010, sp\u00e9cialis\u00e9 dans l\u2019actualit\u00e9 nationale et internationale, l\u2019\u00e9conomie, la soci\u00e9t\u00e9 et les analyses politiques. Le site s\u2019adresse \u00e0 un large public francophone et couvre l\u2019information tunisienne en temps r\u00e9el.","email":"redac@webdo.tn","legalName":"YNJ SARL","foundingDate":"2010-09-06","numberOfEmployees":{"@type":"QuantitativeValue","minValue":"11","maxValue":"50"}},{"@type":"Person","@id":"https:\/\/www.webdo.tn\/fr\/#\/schema\/person\/9a9c6118d687c117df8ef3cc36a4d175","name":"webdo.tn","image":{"@type":"ImageObject","inLanguage":"fr-FR","@id":"https:\/\/secure.gravatar.com\/avatar\/7ce1f28c0c3bbac99ff550b85ef8e44a6950c6ee24514fb6a5489e51d06f0298?s=96&d=mm&r=g","url":"https:\/\/secure.gravatar.com\/avatar\/7ce1f28c0c3bbac99ff550b85ef8e44a6950c6ee24514fb6a5489e51d06f0298?s=96&d=mm&r=g","contentUrl":"https:\/\/secure.gravatar.com\/avatar\/7ce1f28c0c3bbac99ff550b85ef8e44a6950c6ee24514fb6a5489e51d06f0298?s=96&d=mm&r=g","caption":"webdo.tn"},"url":"https:\/\/www.webdo.tn\/fr\/actualite\/author\/webdotn\/"}]}},"_links":{"self":[{"href":"https:\/\/www.webdo.tn\/fr\/wp-json\/wp\/v2\/posts\/172221","targetHints":{"allow":["GET"]}}],"collection":[{"href":"https:\/\/www.webdo.tn\/fr\/wp-json\/wp\/v2\/posts"}],"about":[{"href":"https:\/\/www.webdo.tn\/fr\/wp-json\/wp\/v2\/types\/post"}],"author":[{"embeddable":true,"href":"https:\/\/www.webdo.tn\/fr\/wp-json\/wp\/v2\/users\/3222"}],"replies":[{"embeddable":true,"href":"https:\/\/www.webdo.tn\/fr\/wp-json\/wp\/v2\/comments?post=172221"}],"version-history":[{"count":0,"href":"https:\/\/www.webdo.tn\/fr\/wp-json\/wp\/v2\/posts\/172221\/revisions"}],"wp:featuredmedia":[{"embeddable":true,"href":"https:\/\/www.webdo.tn\/fr\/wp-json\/wp\/v2\/media\/374666"}],"wp:attachment":[{"href":"https:\/\/www.webdo.tn\/fr\/wp-json\/wp\/v2\/media?parent=172221"}],"wp:term":[{"taxonomy":"category","embeddable":true,"href":"https:\/\/www.webdo.tn\/fr\/wp-json\/wp\/v2\/categories?post=172221"},{"taxonomy":"post_tag","embeddable":true,"href":"https:\/\/www.webdo.tn\/fr\/wp-json\/wp\/v2\/tags?post=172221"}],"curies":[{"name":"wp","href":"https:\/\/api.w.org\/{rel}","templated":true}]}}