{"id":172217,"date":"2012-02-11T19:57:00","date_gmt":"2012-02-11T19:57:00","guid":{"rendered":"https:\/\/www.webdo.tn\/fr\/blog\/rebonds-vers-une-legalisation-du-parti-ettahrir\/172217\/"},"modified":"2012-02-11T19:57:00","modified_gmt":"2012-02-11T19:57:00","slug":"rebonds-vers-une-legalisation-du-parti-ettahrir","status":"publish","type":"post","link":"https:\/\/www.webdo.tn\/fr\/actualite\/national\/rebonds-vers-une-legalisation-du-parti-ettahrir\/172217\/","title":{"rendered":"Rebonds &#8211; Vers une l\u00e9galisation du parti Ettahrir ?"},"content":{"rendered":"<p>L\u2019\u00e9chiquier politique tunisien, apr\u00e8s avoir connu une grande effervescence post-r\u00e9volutionnaire, est actuellement dans une phase de recomposition.<\/p>\n<p>Si tous les regards sont actuellement tourn\u00e9s vers les tentatives de construction d\u2019un p\u00f4le centriste que nous qualifierons de post-destourien, une inconnue demeure : celle relative \u00e0 la l\u00e9galisation du parti Ettahrir.<\/p>\n<p>Lors de la c\u00e9l\u00e9bration du premier anniversaire de la r\u00e9volution, le 14 janvier 2012, les partisans et sympathisants de cette mouvance ont soulign\u00e9 leur dynamisme en participant aux divers d\u00e9fil\u00e9s et manifestations. Ce jour l\u00e0, ils comptaient parmi les \u00e9l\u00e9ments les plus visibles.<\/p>\n<p>Quelques semaines plus tard, les \u00e9lections \u00e9gyptiennes r\u00e9v\u00e9laient la mont\u00e9e en puissance du parti El Nour, d\u2019ob\u00e9dience salafiste. En effet, les int\u00e9gristes \u00e9gyptiens sont d\u00e9sormais au coude \u00e0 coude avec la mouvance des Fr\u00e8res musulmans.<\/p>\n<p>Cette nouvelle situation pourrait inspirer Ettahrir et pousser ses militants \u00e0 envisager une participation sous leurs propres couleurs aux prochaines \u00e9lections. Cette hypoth\u00e8se pourrait s\u2019av\u00e9rer et devrait impliquer une nouvelle tentative de l\u00e9galisation officielle d\u2019Ettahrir.<\/p>\n<p>De fait, les \u00e9lections du 23 octobre se sont d\u00e9roul\u00e9es sans la pr\u00e9sence d\u2019Ettahrir, m\u00eame si le report des voix de ses nombreux partisans a sans doute b\u00e9n\u00e9fici\u00e9 \u00e0 Ennahdha. Notons aussi que ces \u00e9lections avaient eu lieu sans les candidatures des membres du gouvernement sortant et, surtout, sans participation destourienne.<\/p>\n<p>D\u00e8s lors, allons-nous vers une prochaine l\u00e9galisation du parti Ettahrir ? Irons-nous plut\u00f4t vers une accentuation au sein d\u2019Ennahdha des d\u00e9bats entre les diff\u00e9rentes composantes de ce mouvement ? Quelle sera l\u2019attitude du minist\u00e8re de l\u2019int\u00e9rieur en cas de d\u00e9marches nouvelles d\u2019Ettahrir en vue de sa reconnaissance ?<\/p>\n<p>Autant de questions auxquelles il est difficile de r\u00e9pondre \u00e0 l&rsquo;heure actuelle, mais qui conditionnent la stabilisation politique en Tunisie.<\/p>\n<p>Pour m\u00e9moire, rappelons que Ennahdha avait, sous le nom Mouvement de la Tendance islamique,demande sa l\u00e9galisation en juin 1981 alors que l\u2019activisme d\u2019Ettahrir en Tunisie date du d\u00e9but de l\u2019ann\u00e9e 1983.<\/p>\n","protected":false},"excerpt":{"rendered":"<p>Rebonds &#8211; Vers une l\u00e9galisation du parti Ettahrir ?<\/p>\n","protected":false},"author":3222,"featured_media":333773,"comment_status":"open","ping_status":"closed","sticky":false,"template":"","format":"standard","meta":{"footnotes":""},"categories":[44],"tags":[2600],"class_list":["post-172217","post","type-post","status-publish","format-standard","has-post-thumbnail","hentry","category-national","tag-guerre"],"yoast_head":"<!-- This site is optimized with the Yoast SEO Premium plugin v27.5 (Yoast SEO v27.5) - https:\/\/yoast.com\/product\/yoast-seo-premium-wordpress\/ -->\n<title>Rebonds - Vers une l\u00e9galisation du parti Ettahrir ?<\/title>\n<meta name=\"description\" content=\"Rebonds - Vers une l\u00e9galisation du parti Ettahrir ?\" \/>\n<link rel=\"canonical\" href=\"https:\/\/www.webdo.tn\/fr\/actualite\/national-45\/rebonds-vers-une-legalisation-du-parti-ettahrir\/172217\/\" \/>\n<meta property=\"og:locale\" content=\"fr_FR\" \/>\n<meta property=\"og:type\" content=\"article\" \/>\n<meta property=\"og:title\" content=\"Rebonds - Vers une l\u00e9galisation du parti Ettahrir ?\" \/>\n<meta property=\"og:description\" content=\"Rebonds - Vers une l\u00e9galisation du parti Ettahrir ?\" \/>\n<meta property=\"og:url\" content=\"https:\/\/www.webdo.tn\/fr\/actualite\/national-45\/rebonds-vers-une-legalisation-du-parti-ettahrir\/172217\/\" \/>\n<meta property=\"og:site_name\" content=\"webdo\" \/>\n<meta property=\"article:publisher\" content=\"https:\/\/www.facebook.com\/webdotn\" \/>\n<meta property=\"article:published_time\" content=\"2012-02-11T19:57:00+00:00\" \/>\n<meta property=\"og:image\" content=\"https:\/\/www.webdo.tn\/fr\/wp-content\/uploads\/2012\/02\/Manifestation-des-salafistes-photo-Afp.jpg\" \/>\n\t<meta property=\"og:image:width\" content=\"235\" \/>\n\t<meta property=\"og:image:height\" content=\"166\" \/>\n\t<meta property=\"og:image:type\" content=\"image\/jpeg\" \/>\n<meta name=\"author\" content=\"webdo.tn\" \/>\n<meta name=\"twitter:card\" content=\"summary_large_image\" \/>\n<meta name=\"twitter:creator\" content=\"@webdo_tn\" \/>\n<meta name=\"twitter:site\" content=\"@webdo_tn\" \/>\n<meta name=\"twitter:label1\" content=\"\u00c9crit par\" \/>\n\t<meta name=\"twitter:data1\" content=\"webdo.tn\" \/>\n\t<meta name=\"twitter:label2\" content=\"Dur\u00e9e de lecture estim\u00e9e\" \/>\n\t<meta name=\"twitter:data2\" content=\"2 minutes\" \/>\n<script type=\"application\/ld+json\" class=\"yoast-schema-graph\">{\"@context\":\"https:\\\/\\\/schema.org\",\"@graph\":[{\"@type\":\"NewsArticle\",\"@id\":\"https:\\\/\\\/www.webdo.tn\\\/fr\\\/actualite\\\/national-45\\\/rebonds-vers-une-legalisation-du-parti-ettahrir\\\/172217\\\/#article\",\"isPartOf\":{\"@id\":\"https:\\\/\\\/www.webdo.tn\\\/fr\\\/actualite\\\/national-45\\\/rebonds-vers-une-legalisation-du-parti-ettahrir\\\/172217\\\/\"},\"author\":{\"name\":\"webdo.tn\",\"@id\":\"https:\\\/\\\/www.webdo.tn\\\/fr\\\/#\\\/schema\\\/person\\\/9a9c6118d687c117df8ef3cc36a4d175\"},\"headline\":\"Rebonds &#8211; Vers une l\u00e9galisation du parti Ettahrir ?\",\"datePublished\":\"2012-02-11T19:57:00+00:00\",\"mainEntityOfPage\":{\"@id\":\"https:\\\/\\\/www.webdo.tn\\\/fr\\\/actualite\\\/national-45\\\/rebonds-vers-une-legalisation-du-parti-ettahrir\\\/172217\\\/\"},\"wordCount\":362,\"commentCount\":0,\"publisher\":{\"@id\":\"https:\\\/\\\/www.webdo.tn\\\/fr\\\/#organization\"},\"image\":{\"@id\":\"https:\\\/\\\/www.webdo.tn\\\/fr\\\/actualite\\\/national-45\\\/rebonds-vers-une-legalisation-du-parti-ettahrir\\\/172217\\\/#primaryimage\"},\"thumbnailUrl\":\"https:\\\/\\\/www.webdo.tn\\\/fr\\\/wp-content\\\/uploads\\\/2012\\\/02\\\/Manifestation-des-salafistes-photo-Afp.jpg\",\"keywords\":[\"guerre\"],\"articleSection\":[\"National\"],\"inLanguage\":\"fr-FR\"},{\"@type\":\"WebPage\",\"@id\":\"https:\\\/\\\/www.webdo.tn\\\/fr\\\/actualite\\\/national-45\\\/rebonds-vers-une-legalisation-du-parti-ettahrir\\\/172217\\\/\",\"url\":\"https:\\\/\\\/www.webdo.tn\\\/fr\\\/actualite\\\/national-45\\\/rebonds-vers-une-legalisation-du-parti-ettahrir\\\/172217\\\/\",\"name\":\"Rebonds - Vers une l\u00e9galisation du parti Ettahrir ?\",\"isPartOf\":{\"@id\":\"https:\\\/\\\/www.webdo.tn\\\/fr\\\/#website\"},\"primaryImageOfPage\":{\"@id\":\"https:\\\/\\\/www.webdo.tn\\\/fr\\\/actualite\\\/national-45\\\/rebonds-vers-une-legalisation-du-parti-ettahrir\\\/172217\\\/#primaryimage\"},\"image\":{\"@id\":\"https:\\\/\\\/www.webdo.tn\\\/fr\\\/actualite\\\/national-45\\\/rebonds-vers-une-legalisation-du-parti-ettahrir\\\/172217\\\/#primaryimage\"},\"thumbnailUrl\":\"https:\\\/\\\/www.webdo.tn\\\/fr\\\/wp-content\\\/uploads\\\/2012\\\/02\\\/Manifestation-des-salafistes-photo-Afp.jpg\",\"datePublished\":\"2012-02-11T19:57:00+00:00\",\"description\":\"Rebonds - Vers une l\u00e9galisation du parti Ettahrir ?\",\"breadcrumb\":{\"@id\":\"https:\\\/\\\/www.webdo.tn\\\/fr\\\/actualite\\\/national-45\\\/rebonds-vers-une-legalisation-du-parti-ettahrir\\\/172217\\\/#breadcrumb\"},\"inLanguage\":\"fr-FR\",\"potentialAction\":[{\"@type\":\"ReadAction\",\"target\":[\"https:\\\/\\\/www.webdo.tn\\\/fr\\\/actualite\\\/national-45\\\/rebonds-vers-une-legalisation-du-parti-ettahrir\\\/172217\\\/\"]}]},{\"@type\":\"ImageObject\",\"inLanguage\":\"fr-FR\",\"@id\":\"https:\\\/\\\/www.webdo.tn\\\/fr\\\/actualite\\\/national-45\\\/rebonds-vers-une-legalisation-du-parti-ettahrir\\\/172217\\\/#primaryimage\",\"url\":\"https:\\\/\\\/www.webdo.tn\\\/fr\\\/wp-content\\\/uploads\\\/2012\\\/02\\\/Manifestation-des-salafistes-photo-Afp.jpg\",\"contentUrl\":\"https:\\\/\\\/www.webdo.tn\\\/fr\\\/wp-content\\\/uploads\\\/2012\\\/02\\\/Manifestation-des-salafistes-photo-Afp.jpg\",\"width\":235,\"height\":166,\"caption\":\"Rebonds - Vers une l\u00e9galisation du parti Ettahrir ?\"},{\"@type\":\"BreadcrumbList\",\"@id\":\"https:\\\/\\\/www.webdo.tn\\\/fr\\\/actualite\\\/national-45\\\/rebonds-vers-une-legalisation-du-parti-ettahrir\\\/172217\\\/#breadcrumb\",\"itemListElement\":[{\"@type\":\"ListItem\",\"position\":1,\"name\":\"Accueil\",\"item\":\"https:\\\/\\\/www.webdo.tn\\\/fr\\\/\"},{\"@type\":\"ListItem\",\"position\":2,\"name\":\"Rebonds &#8211; Vers une l\u00e9galisation du parti Ettahrir ?\"}]},{\"@type\":\"WebSite\",\"@id\":\"https:\\\/\\\/www.webdo.tn\\\/fr\\\/#website\",\"url\":\"https:\\\/\\\/www.webdo.tn\\\/fr\\\/\",\"name\":\"webdo\",\"description\":\"Tunisie - News en Tunisie et \u00e0 l&#039;international sur Webdo.tn\",\"publisher\":{\"@id\":\"https:\\\/\\\/www.webdo.tn\\\/fr\\\/#organization\"},\"potentialAction\":[{\"@type\":\"SearchAction\",\"target\":{\"@type\":\"EntryPoint\",\"urlTemplate\":\"https:\\\/\\\/www.webdo.tn\\\/fr\\\/?s={search_term_string}\"},\"query-input\":{\"@type\":\"PropertyValueSpecification\",\"valueRequired\":true,\"valueName\":\"search_term_string\"}}],\"inLanguage\":\"fr-FR\"},{\"@type\":\"Organization\",\"@id\":\"https:\\\/\\\/www.webdo.tn\\\/fr\\\/#organization\",\"name\":\"Webdo\",\"alternateName\":\"Webdo.tn\",\"url\":\"https:\\\/\\\/www.webdo.tn\\\/fr\\\/\",\"logo\":{\"@type\":\"ImageObject\",\"inLanguage\":\"fr-FR\",\"@id\":\"https:\\\/\\\/www.webdo.tn\\\/fr\\\/#\\\/schema\\\/logo\\\/image\\\/\",\"url\":\"https:\\\/\\\/www.webdo.tn\\\/fr\\\/wp-content\\\/uploads\\\/2025\\\/06\\\/Webdo-Tunisie_168377.jpg\",\"contentUrl\":\"https:\\\/\\\/www.webdo.tn\\\/fr\\\/wp-content\\\/uploads\\\/2025\\\/06\\\/Webdo-Tunisie_168377.jpg\",\"width\":301,\"height\":301,\"caption\":\"Webdo\"},\"image\":{\"@id\":\"https:\\\/\\\/www.webdo.tn\\\/fr\\\/#\\\/schema\\\/logo\\\/image\\\/\"},\"sameAs\":[\"https:\\\/\\\/www.facebook.com\\\/webdotn\",\"https:\\\/\\\/x.com\\\/webdo_tn\"],\"description\":\"Webdo est un m\u00e9dia num\u00e9rique tunisien fond\u00e9 en 2010, sp\u00e9cialis\u00e9 dans l\u2019actualit\u00e9 nationale et internationale, l\u2019\u00e9conomie, la soci\u00e9t\u00e9 et les analyses politiques. Le site s\u2019adresse \u00e0 un large public francophone et couvre l\u2019information tunisienne en temps r\u00e9el.\",\"email\":\"redac@webdo.tn\",\"legalName\":\"YNJ SARL\",\"foundingDate\":\"2010-09-06\",\"numberOfEmployees\":{\"@type\":\"QuantitativeValue\",\"minValue\":\"11\",\"maxValue\":\"50\"}},{\"@type\":\"Person\",\"@id\":\"https:\\\/\\\/www.webdo.tn\\\/fr\\\/#\\\/schema\\\/person\\\/9a9c6118d687c117df8ef3cc36a4d175\",\"name\":\"webdo.tn\",\"image\":{\"@type\":\"ImageObject\",\"inLanguage\":\"fr-FR\",\"@id\":\"https:\\\/\\\/secure.gravatar.com\\\/avatar\\\/7ce1f28c0c3bbac99ff550b85ef8e44a6950c6ee24514fb6a5489e51d06f0298?s=96&d=mm&r=g\",\"url\":\"https:\\\/\\\/secure.gravatar.com\\\/avatar\\\/7ce1f28c0c3bbac99ff550b85ef8e44a6950c6ee24514fb6a5489e51d06f0298?s=96&d=mm&r=g\",\"contentUrl\":\"https:\\\/\\\/secure.gravatar.com\\\/avatar\\\/7ce1f28c0c3bbac99ff550b85ef8e44a6950c6ee24514fb6a5489e51d06f0298?s=96&d=mm&r=g\",\"caption\":\"webdo.tn\"},\"url\":\"https:\\\/\\\/www.webdo.tn\\\/fr\\\/actualite\\\/author\\\/webdotn\\\/\"}]}<\/script>\n<!-- \/ Yoast SEO Premium plugin. -->","yoast_head_json":{"title":"Rebonds - Vers une l\u00e9galisation du parti Ettahrir ?","description":"Rebonds - Vers une l\u00e9galisation du parti Ettahrir ?","canonical":"https:\/\/www.webdo.tn\/fr\/actualite\/national-45\/rebonds-vers-une-legalisation-du-parti-ettahrir\/172217\/","og_locale":"fr_FR","og_type":"article","og_title":"Rebonds - Vers une l\u00e9galisation du parti Ettahrir ?","og_description":"Rebonds - Vers une l\u00e9galisation du parti Ettahrir ?","og_url":"https:\/\/www.webdo.tn\/fr\/actualite\/national-45\/rebonds-vers-une-legalisation-du-parti-ettahrir\/172217\/","og_site_name":"webdo","article_publisher":"https:\/\/www.facebook.com\/webdotn","article_published_time":"2012-02-11T19:57:00+00:00","og_image":[{"width":235,"height":166,"url":"https:\/\/www.webdo.tn\/fr\/wp-content\/uploads\/2012\/02\/Manifestation-des-salafistes-photo-Afp.jpg","type":"image\/jpeg"}],"author":"webdo.tn","twitter_card":"summary_large_image","twitter_creator":"@webdo_tn","twitter_site":"@webdo_tn","twitter_misc":{"\u00c9crit par":"webdo.tn","Dur\u00e9e de lecture estim\u00e9e":"2 minutes"},"schema":{"@context":"https:\/\/schema.org","@graph":[{"@type":"NewsArticle","@id":"https:\/\/www.webdo.tn\/fr\/actualite\/national-45\/rebonds-vers-une-legalisation-du-parti-ettahrir\/172217\/#article","isPartOf":{"@id":"https:\/\/www.webdo.tn\/fr\/actualite\/national-45\/rebonds-vers-une-legalisation-du-parti-ettahrir\/172217\/"},"author":{"name":"webdo.tn","@id":"https:\/\/www.webdo.tn\/fr\/#\/schema\/person\/9a9c6118d687c117df8ef3cc36a4d175"},"headline":"Rebonds &#8211; Vers une l\u00e9galisation du parti Ettahrir ?","datePublished":"2012-02-11T19:57:00+00:00","mainEntityOfPage":{"@id":"https:\/\/www.webdo.tn\/fr\/actualite\/national-45\/rebonds-vers-une-legalisation-du-parti-ettahrir\/172217\/"},"wordCount":362,"commentCount":0,"publisher":{"@id":"https:\/\/www.webdo.tn\/fr\/#organization"},"image":{"@id":"https:\/\/www.webdo.tn\/fr\/actualite\/national-45\/rebonds-vers-une-legalisation-du-parti-ettahrir\/172217\/#primaryimage"},"thumbnailUrl":"https:\/\/www.webdo.tn\/fr\/wp-content\/uploads\/2012\/02\/Manifestation-des-salafistes-photo-Afp.jpg","keywords":["guerre"],"articleSection":["National"],"inLanguage":"fr-FR"},{"@type":"WebPage","@id":"https:\/\/www.webdo.tn\/fr\/actualite\/national-45\/rebonds-vers-une-legalisation-du-parti-ettahrir\/172217\/","url":"https:\/\/www.webdo.tn\/fr\/actualite\/national-45\/rebonds-vers-une-legalisation-du-parti-ettahrir\/172217\/","name":"Rebonds - Vers une l\u00e9galisation du parti Ettahrir ?","isPartOf":{"@id":"https:\/\/www.webdo.tn\/fr\/#website"},"primaryImageOfPage":{"@id":"https:\/\/www.webdo.tn\/fr\/actualite\/national-45\/rebonds-vers-une-legalisation-du-parti-ettahrir\/172217\/#primaryimage"},"image":{"@id":"https:\/\/www.webdo.tn\/fr\/actualite\/national-45\/rebonds-vers-une-legalisation-du-parti-ettahrir\/172217\/#primaryimage"},"thumbnailUrl":"https:\/\/www.webdo.tn\/fr\/wp-content\/uploads\/2012\/02\/Manifestation-des-salafistes-photo-Afp.jpg","datePublished":"2012-02-11T19:57:00+00:00","description":"Rebonds - Vers une l\u00e9galisation du parti Ettahrir ?","breadcrumb":{"@id":"https:\/\/www.webdo.tn\/fr\/actualite\/national-45\/rebonds-vers-une-legalisation-du-parti-ettahrir\/172217\/#breadcrumb"},"inLanguage":"fr-FR","potentialAction":[{"@type":"ReadAction","target":["https:\/\/www.webdo.tn\/fr\/actualite\/national-45\/rebonds-vers-une-legalisation-du-parti-ettahrir\/172217\/"]}]},{"@type":"ImageObject","inLanguage":"fr-FR","@id":"https:\/\/www.webdo.tn\/fr\/actualite\/national-45\/rebonds-vers-une-legalisation-du-parti-ettahrir\/172217\/#primaryimage","url":"https:\/\/www.webdo.tn\/fr\/wp-content\/uploads\/2012\/02\/Manifestation-des-salafistes-photo-Afp.jpg","contentUrl":"https:\/\/www.webdo.tn\/fr\/wp-content\/uploads\/2012\/02\/Manifestation-des-salafistes-photo-Afp.jpg","width":235,"height":166,"caption":"Rebonds - Vers une l\u00e9galisation du parti Ettahrir ?"},{"@type":"BreadcrumbList","@id":"https:\/\/www.webdo.tn\/fr\/actualite\/national-45\/rebonds-vers-une-legalisation-du-parti-ettahrir\/172217\/#breadcrumb","itemListElement":[{"@type":"ListItem","position":1,"name":"Accueil","item":"https:\/\/www.webdo.tn\/fr\/"},{"@type":"ListItem","position":2,"name":"Rebonds &#8211; Vers une l\u00e9galisation du parti Ettahrir ?"}]},{"@type":"WebSite","@id":"https:\/\/www.webdo.tn\/fr\/#website","url":"https:\/\/www.webdo.tn\/fr\/","name":"webdo","description":"Tunisie - News en Tunisie et \u00e0 l&#039;international sur Webdo.tn","publisher":{"@id":"https:\/\/www.webdo.tn\/fr\/#organization"},"potentialAction":[{"@type":"SearchAction","target":{"@type":"EntryPoint","urlTemplate":"https:\/\/www.webdo.tn\/fr\/?s={search_term_string}"},"query-input":{"@type":"PropertyValueSpecification","valueRequired":true,"valueName":"search_term_string"}}],"inLanguage":"fr-FR"},{"@type":"Organization","@id":"https:\/\/www.webdo.tn\/fr\/#organization","name":"Webdo","alternateName":"Webdo.tn","url":"https:\/\/www.webdo.tn\/fr\/","logo":{"@type":"ImageObject","inLanguage":"fr-FR","@id":"https:\/\/www.webdo.tn\/fr\/#\/schema\/logo\/image\/","url":"https:\/\/www.webdo.tn\/fr\/wp-content\/uploads\/2025\/06\/Webdo-Tunisie_168377.jpg","contentUrl":"https:\/\/www.webdo.tn\/fr\/wp-content\/uploads\/2025\/06\/Webdo-Tunisie_168377.jpg","width":301,"height":301,"caption":"Webdo"},"image":{"@id":"https:\/\/www.webdo.tn\/fr\/#\/schema\/logo\/image\/"},"sameAs":["https:\/\/www.facebook.com\/webdotn","https:\/\/x.com\/webdo_tn"],"description":"Webdo est un m\u00e9dia num\u00e9rique tunisien fond\u00e9 en 2010, sp\u00e9cialis\u00e9 dans l\u2019actualit\u00e9 nationale et internationale, l\u2019\u00e9conomie, la soci\u00e9t\u00e9 et les analyses politiques. Le site s\u2019adresse \u00e0 un large public francophone et couvre l\u2019information tunisienne en temps r\u00e9el.","email":"redac@webdo.tn","legalName":"YNJ SARL","foundingDate":"2010-09-06","numberOfEmployees":{"@type":"QuantitativeValue","minValue":"11","maxValue":"50"}},{"@type":"Person","@id":"https:\/\/www.webdo.tn\/fr\/#\/schema\/person\/9a9c6118d687c117df8ef3cc36a4d175","name":"webdo.tn","image":{"@type":"ImageObject","inLanguage":"fr-FR","@id":"https:\/\/secure.gravatar.com\/avatar\/7ce1f28c0c3bbac99ff550b85ef8e44a6950c6ee24514fb6a5489e51d06f0298?s=96&d=mm&r=g","url":"https:\/\/secure.gravatar.com\/avatar\/7ce1f28c0c3bbac99ff550b85ef8e44a6950c6ee24514fb6a5489e51d06f0298?s=96&d=mm&r=g","contentUrl":"https:\/\/secure.gravatar.com\/avatar\/7ce1f28c0c3bbac99ff550b85ef8e44a6950c6ee24514fb6a5489e51d06f0298?s=96&d=mm&r=g","caption":"webdo.tn"},"url":"https:\/\/www.webdo.tn\/fr\/actualite\/author\/webdotn\/"}]}},"_links":{"self":[{"href":"https:\/\/www.webdo.tn\/fr\/wp-json\/wp\/v2\/posts\/172217","targetHints":{"allow":["GET"]}}],"collection":[{"href":"https:\/\/www.webdo.tn\/fr\/wp-json\/wp\/v2\/posts"}],"about":[{"href":"https:\/\/www.webdo.tn\/fr\/wp-json\/wp\/v2\/types\/post"}],"author":[{"embeddable":true,"href":"https:\/\/www.webdo.tn\/fr\/wp-json\/wp\/v2\/users\/3222"}],"replies":[{"embeddable":true,"href":"https:\/\/www.webdo.tn\/fr\/wp-json\/wp\/v2\/comments?post=172217"}],"version-history":[{"count":0,"href":"https:\/\/www.webdo.tn\/fr\/wp-json\/wp\/v2\/posts\/172217\/revisions"}],"wp:featuredmedia":[{"embeddable":true,"href":"https:\/\/www.webdo.tn\/fr\/wp-json\/wp\/v2\/media\/333773"}],"wp:attachment":[{"href":"https:\/\/www.webdo.tn\/fr\/wp-json\/wp\/v2\/media?parent=172217"}],"wp:term":[{"taxonomy":"category","embeddable":true,"href":"https:\/\/www.webdo.tn\/fr\/wp-json\/wp\/v2\/categories?post=172217"},{"taxonomy":"post_tag","embeddable":true,"href":"https:\/\/www.webdo.tn\/fr\/wp-json\/wp\/v2\/tags?post=172217"}],"curies":[{"name":"wp","href":"https:\/\/api.w.org\/{rel}","templated":true}]}}