{"id":172215,"date":"2012-02-11T22:12:00","date_gmt":"2012-02-11T22:12:00","guid":{"rendered":"https:\/\/www.webdo.tn\/fr\/blog\/nos-diplomates-quittent-la-syrie-rappeles-ou-ejectes\/172215\/"},"modified":"2012-02-11T22:12:00","modified_gmt":"2012-02-11T22:12:00","slug":"nos-diplomates-quittent-la-syrie-rappeles-ou-ejectes","status":"publish","type":"post","link":"https:\/\/www.webdo.tn\/fr\/actualite\/national\/nos-diplomates-quittent-la-syrie-rappeles-ou-ejectes\/172215\/","title":{"rendered":"Nos diplomates quittent la Syrie : rappel\u00e9s ou \u00e9ject\u00e9s ?"},"content":{"rendered":"<p>Aujourd&rsquo;hui, les agences Reuters et AFP ont relay\u00e9 les propos d&rsquo;un porte-parole officiel syrien selon lequel les autorit\u00e9s syriennes auraient demand\u00e9 \u00e0 la Libye et \u00e0 la Tunisie de fermer leurs ambassades \u00e0 Damas, et ce, dans un d\u00e9lai de 72 heures.<\/p>\n<p>La r\u00e9action tunisienne ne s&rsquo;est pas fait attendre puisque une source du minist\u00e8re des Affaires \u00e9trang\u00e8res a d\u00e9menti \u00e0 la TAP cette information, d\u00e9clarant que tous nos diplomates en Syrie ont d\u00e9j\u00e0 quitt\u00e9 Damas et se trouvent en Tunisie depuis lundi dernier.<\/p>\n<p>Rappelons que le 4 f\u00e9vrier pass\u00e9, le pr\u00e9sident Marzouki a annonc\u00e9 la d\u00e9cision du gouvernement d&rsquo;expulser l&rsquo;ambassadeur syrien et l&rsquo;abrogation de toute reconnaissance du r\u00e9gime de Bachar Al-Assad. De plus, l&rsquo;ambassadeur ainsi que tous les diplomates tunisiens en Syrie ont \u00e9t\u00e9 rappel\u00e9s dans la foul\u00e9e.<\/p>\n<p>Pour r\u00e9capituler, \u00e0 en croire la TAP, les diplomates tunisiens sont rentr\u00e9s depuis lundi. Or, l&rsquo;ambassadeur tunisien est intervenu, lundi soir, sur Shems FM, pour annoncer le retour de la d\u00e9l\u00e9gation diplomatique pour le jeudi 9 f\u00e9vrier !<br \/>\nC&rsquo;est \u00e0 ne plus rien y comprendre&#8230;<\/p>\n","protected":false},"excerpt":{"rendered":"<p>Nos diplomates quittent la Syrie : rappel\u00e9s ou \u00e9ject\u00e9s ?<\/p>\n","protected":false},"author":3222,"featured_media":333775,"comment_status":"open","ping_status":"closed","sticky":false,"template":"","format":"standard","meta":{"footnotes":""},"categories":[44],"tags":[2600],"class_list":["post-172215","post","type-post","status-publish","format-standard","has-post-thumbnail","hentry","category-national","tag-guerre"],"yoast_head":"<!-- This site is optimized with the Yoast SEO Premium plugin v27.5 (Yoast SEO v27.5) - https:\/\/yoast.com\/product\/yoast-seo-premium-wordpress\/ -->\n<title>Nos diplomates quittent la Syrie : rappel\u00e9s ou \u00e9ject\u00e9s ?<\/title>\n<meta name=\"description\" content=\"Nos diplomates quittent la Syrie : rappel\u00e9s ou \u00e9ject\u00e9s ?\" \/>\n<link rel=\"canonical\" href=\"https:\/\/www.webdo.tn\/fr\/actualite\/national-45\/nos-diplomates-quittent-la-syrie-rappeles-ou-ejectes\/172215\/\" \/>\n<meta property=\"og:locale\" content=\"fr_FR\" \/>\n<meta property=\"og:type\" content=\"article\" \/>\n<meta property=\"og:title\" content=\"Nos diplomates quittent la Syrie : rappel\u00e9s ou \u00e9ject\u00e9s ?\" \/>\n<meta property=\"og:description\" content=\"Nos diplomates quittent la Syrie : rappel\u00e9s ou \u00e9ject\u00e9s ?\" \/>\n<meta property=\"og:url\" content=\"https:\/\/www.webdo.tn\/fr\/actualite\/national-45\/nos-diplomates-quittent-la-syrie-rappeles-ou-ejectes\/172215\/\" \/>\n<meta property=\"og:site_name\" content=\"webdo\" \/>\n<meta property=\"article:publisher\" content=\"https:\/\/www.facebook.com\/webdotn\" \/>\n<meta property=\"article:published_time\" content=\"2012-02-11T22:12:00+00:00\" \/>\n<meta property=\"og:image\" content=\"https:\/\/www.webdo.tn\/fr\/wp-content\/uploads\/2012\/02\/Tunisia-Syria-photo-crossed-flag-pins.com_-150x150-1.jpg\" \/>\n\t<meta property=\"og:image:width\" content=\"150\" \/>\n\t<meta property=\"og:image:height\" content=\"150\" \/>\n\t<meta property=\"og:image:type\" content=\"image\/jpeg\" \/>\n<meta name=\"author\" content=\"webdo.tn\" \/>\n<meta name=\"twitter:card\" content=\"summary_large_image\" \/>\n<meta name=\"twitter:creator\" content=\"@webdo_tn\" \/>\n<meta name=\"twitter:site\" content=\"@webdo_tn\" \/>\n<meta name=\"twitter:label1\" content=\"\u00c9crit par\" \/>\n\t<meta name=\"twitter:data1\" content=\"webdo.tn\" \/>\n\t<meta name=\"twitter:label2\" content=\"Dur\u00e9e de lecture estim\u00e9e\" \/>\n\t<meta name=\"twitter:data2\" content=\"1 minute\" \/>\n<script type=\"application\/ld+json\" class=\"yoast-schema-graph\">{\"@context\":\"https:\\\/\\\/schema.org\",\"@graph\":[{\"@type\":\"NewsArticle\",\"@id\":\"https:\\\/\\\/www.webdo.tn\\\/fr\\\/actualite\\\/national-45\\\/nos-diplomates-quittent-la-syrie-rappeles-ou-ejectes\\\/172215\\\/#article\",\"isPartOf\":{\"@id\":\"https:\\\/\\\/www.webdo.tn\\\/fr\\\/actualite\\\/national-45\\\/nos-diplomates-quittent-la-syrie-rappeles-ou-ejectes\\\/172215\\\/\"},\"author\":{\"name\":\"webdo.tn\",\"@id\":\"https:\\\/\\\/www.webdo.tn\\\/fr\\\/#\\\/schema\\\/person\\\/9a9c6118d687c117df8ef3cc36a4d175\"},\"headline\":\"Nos diplomates quittent la Syrie : rappel\u00e9s ou \u00e9ject\u00e9s ?\",\"datePublished\":\"2012-02-11T22:12:00+00:00\",\"mainEntityOfPage\":{\"@id\":\"https:\\\/\\\/www.webdo.tn\\\/fr\\\/actualite\\\/national-45\\\/nos-diplomates-quittent-la-syrie-rappeles-ou-ejectes\\\/172215\\\/\"},\"wordCount\":202,\"commentCount\":0,\"publisher\":{\"@id\":\"https:\\\/\\\/www.webdo.tn\\\/fr\\\/#organization\"},\"image\":{\"@id\":\"https:\\\/\\\/www.webdo.tn\\\/fr\\\/actualite\\\/national-45\\\/nos-diplomates-quittent-la-syrie-rappeles-ou-ejectes\\\/172215\\\/#primaryimage\"},\"thumbnailUrl\":\"https:\\\/\\\/www.webdo.tn\\\/fr\\\/wp-content\\\/uploads\\\/2012\\\/02\\\/Tunisia-Syria-photo-crossed-flag-pins.com_-150x150-1.jpg\",\"keywords\":[\"guerre\"],\"articleSection\":[\"National\"],\"inLanguage\":\"fr-FR\"},{\"@type\":\"WebPage\",\"@id\":\"https:\\\/\\\/www.webdo.tn\\\/fr\\\/actualite\\\/national-45\\\/nos-diplomates-quittent-la-syrie-rappeles-ou-ejectes\\\/172215\\\/\",\"url\":\"https:\\\/\\\/www.webdo.tn\\\/fr\\\/actualite\\\/national-45\\\/nos-diplomates-quittent-la-syrie-rappeles-ou-ejectes\\\/172215\\\/\",\"name\":\"Nos diplomates quittent la Syrie : rappel\u00e9s ou \u00e9ject\u00e9s ?\",\"isPartOf\":{\"@id\":\"https:\\\/\\\/www.webdo.tn\\\/fr\\\/#website\"},\"primaryImageOfPage\":{\"@id\":\"https:\\\/\\\/www.webdo.tn\\\/fr\\\/actualite\\\/national-45\\\/nos-diplomates-quittent-la-syrie-rappeles-ou-ejectes\\\/172215\\\/#primaryimage\"},\"image\":{\"@id\":\"https:\\\/\\\/www.webdo.tn\\\/fr\\\/actualite\\\/national-45\\\/nos-diplomates-quittent-la-syrie-rappeles-ou-ejectes\\\/172215\\\/#primaryimage\"},\"thumbnailUrl\":\"https:\\\/\\\/www.webdo.tn\\\/fr\\\/wp-content\\\/uploads\\\/2012\\\/02\\\/Tunisia-Syria-photo-crossed-flag-pins.com_-150x150-1.jpg\",\"datePublished\":\"2012-02-11T22:12:00+00:00\",\"description\":\"Nos diplomates quittent la Syrie : rappel\u00e9s ou \u00e9ject\u00e9s ?\",\"breadcrumb\":{\"@id\":\"https:\\\/\\\/www.webdo.tn\\\/fr\\\/actualite\\\/national-45\\\/nos-diplomates-quittent-la-syrie-rappeles-ou-ejectes\\\/172215\\\/#breadcrumb\"},\"inLanguage\":\"fr-FR\",\"potentialAction\":[{\"@type\":\"ReadAction\",\"target\":[\"https:\\\/\\\/www.webdo.tn\\\/fr\\\/actualite\\\/national-45\\\/nos-diplomates-quittent-la-syrie-rappeles-ou-ejectes\\\/172215\\\/\"]}]},{\"@type\":\"ImageObject\",\"inLanguage\":\"fr-FR\",\"@id\":\"https:\\\/\\\/www.webdo.tn\\\/fr\\\/actualite\\\/national-45\\\/nos-diplomates-quittent-la-syrie-rappeles-ou-ejectes\\\/172215\\\/#primaryimage\",\"url\":\"https:\\\/\\\/www.webdo.tn\\\/fr\\\/wp-content\\\/uploads\\\/2012\\\/02\\\/Tunisia-Syria-photo-crossed-flag-pins.com_-150x150-1.jpg\",\"contentUrl\":\"https:\\\/\\\/www.webdo.tn\\\/fr\\\/wp-content\\\/uploads\\\/2012\\\/02\\\/Tunisia-Syria-photo-crossed-flag-pins.com_-150x150-1.jpg\",\"width\":150,\"height\":150,\"caption\":\"Nos diplomates quittent la Syrie : rappel\u00e9s ou \u00e9ject\u00e9s ?\"},{\"@type\":\"BreadcrumbList\",\"@id\":\"https:\\\/\\\/www.webdo.tn\\\/fr\\\/actualite\\\/national-45\\\/nos-diplomates-quittent-la-syrie-rappeles-ou-ejectes\\\/172215\\\/#breadcrumb\",\"itemListElement\":[{\"@type\":\"ListItem\",\"position\":1,\"name\":\"Accueil\",\"item\":\"https:\\\/\\\/www.webdo.tn\\\/fr\\\/\"},{\"@type\":\"ListItem\",\"position\":2,\"name\":\"Nos diplomates quittent la Syrie : rappel\u00e9s ou \u00e9ject\u00e9s ?\"}]},{\"@type\":\"WebSite\",\"@id\":\"https:\\\/\\\/www.webdo.tn\\\/fr\\\/#website\",\"url\":\"https:\\\/\\\/www.webdo.tn\\\/fr\\\/\",\"name\":\"webdo\",\"description\":\"Tunisie - News en Tunisie et \u00e0 l&#039;international sur Webdo.tn\",\"publisher\":{\"@id\":\"https:\\\/\\\/www.webdo.tn\\\/fr\\\/#organization\"},\"potentialAction\":[{\"@type\":\"SearchAction\",\"target\":{\"@type\":\"EntryPoint\",\"urlTemplate\":\"https:\\\/\\\/www.webdo.tn\\\/fr\\\/?s={search_term_string}\"},\"query-input\":{\"@type\":\"PropertyValueSpecification\",\"valueRequired\":true,\"valueName\":\"search_term_string\"}}],\"inLanguage\":\"fr-FR\"},{\"@type\":\"Organization\",\"@id\":\"https:\\\/\\\/www.webdo.tn\\\/fr\\\/#organization\",\"name\":\"Webdo\",\"alternateName\":\"Webdo.tn\",\"url\":\"https:\\\/\\\/www.webdo.tn\\\/fr\\\/\",\"logo\":{\"@type\":\"ImageObject\",\"inLanguage\":\"fr-FR\",\"@id\":\"https:\\\/\\\/www.webdo.tn\\\/fr\\\/#\\\/schema\\\/logo\\\/image\\\/\",\"url\":\"https:\\\/\\\/www.webdo.tn\\\/fr\\\/wp-content\\\/uploads\\\/2025\\\/06\\\/Webdo-Tunisie_168377.jpg\",\"contentUrl\":\"https:\\\/\\\/www.webdo.tn\\\/fr\\\/wp-content\\\/uploads\\\/2025\\\/06\\\/Webdo-Tunisie_168377.jpg\",\"width\":301,\"height\":301,\"caption\":\"Webdo\"},\"image\":{\"@id\":\"https:\\\/\\\/www.webdo.tn\\\/fr\\\/#\\\/schema\\\/logo\\\/image\\\/\"},\"sameAs\":[\"https:\\\/\\\/www.facebook.com\\\/webdotn\",\"https:\\\/\\\/x.com\\\/webdo_tn\"],\"description\":\"Webdo est un m\u00e9dia num\u00e9rique tunisien fond\u00e9 en 2010, sp\u00e9cialis\u00e9 dans l\u2019actualit\u00e9 nationale et internationale, l\u2019\u00e9conomie, la soci\u00e9t\u00e9 et les analyses politiques. Le site s\u2019adresse \u00e0 un large public francophone et couvre l\u2019information tunisienne en temps r\u00e9el.\",\"email\":\"redac@webdo.tn\",\"legalName\":\"YNJ SARL\",\"foundingDate\":\"2010-09-06\",\"numberOfEmployees\":{\"@type\":\"QuantitativeValue\",\"minValue\":\"11\",\"maxValue\":\"50\"}},{\"@type\":\"Person\",\"@id\":\"https:\\\/\\\/www.webdo.tn\\\/fr\\\/#\\\/schema\\\/person\\\/9a9c6118d687c117df8ef3cc36a4d175\",\"name\":\"webdo.tn\",\"image\":{\"@type\":\"ImageObject\",\"inLanguage\":\"fr-FR\",\"@id\":\"https:\\\/\\\/secure.gravatar.com\\\/avatar\\\/7ce1f28c0c3bbac99ff550b85ef8e44a6950c6ee24514fb6a5489e51d06f0298?s=96&d=mm&r=g\",\"url\":\"https:\\\/\\\/secure.gravatar.com\\\/avatar\\\/7ce1f28c0c3bbac99ff550b85ef8e44a6950c6ee24514fb6a5489e51d06f0298?s=96&d=mm&r=g\",\"contentUrl\":\"https:\\\/\\\/secure.gravatar.com\\\/avatar\\\/7ce1f28c0c3bbac99ff550b85ef8e44a6950c6ee24514fb6a5489e51d06f0298?s=96&d=mm&r=g\",\"caption\":\"webdo.tn\"},\"url\":\"https:\\\/\\\/www.webdo.tn\\\/fr\\\/actualite\\\/author\\\/webdotn\\\/\"}]}<\/script>\n<!-- \/ Yoast SEO Premium plugin. -->","yoast_head_json":{"title":"Nos diplomates quittent la Syrie : rappel\u00e9s ou \u00e9ject\u00e9s ?","description":"Nos diplomates quittent la Syrie : rappel\u00e9s ou \u00e9ject\u00e9s ?","canonical":"https:\/\/www.webdo.tn\/fr\/actualite\/national-45\/nos-diplomates-quittent-la-syrie-rappeles-ou-ejectes\/172215\/","og_locale":"fr_FR","og_type":"article","og_title":"Nos diplomates quittent la Syrie : rappel\u00e9s ou \u00e9ject\u00e9s ?","og_description":"Nos diplomates quittent la Syrie : rappel\u00e9s ou \u00e9ject\u00e9s ?","og_url":"https:\/\/www.webdo.tn\/fr\/actualite\/national-45\/nos-diplomates-quittent-la-syrie-rappeles-ou-ejectes\/172215\/","og_site_name":"webdo","article_publisher":"https:\/\/www.facebook.com\/webdotn","article_published_time":"2012-02-11T22:12:00+00:00","og_image":[{"width":150,"height":150,"url":"https:\/\/www.webdo.tn\/fr\/wp-content\/uploads\/2012\/02\/Tunisia-Syria-photo-crossed-flag-pins.com_-150x150-1.jpg","type":"image\/jpeg"}],"author":"webdo.tn","twitter_card":"summary_large_image","twitter_creator":"@webdo_tn","twitter_site":"@webdo_tn","twitter_misc":{"\u00c9crit par":"webdo.tn","Dur\u00e9e de lecture estim\u00e9e":"1 minute"},"schema":{"@context":"https:\/\/schema.org","@graph":[{"@type":"NewsArticle","@id":"https:\/\/www.webdo.tn\/fr\/actualite\/national-45\/nos-diplomates-quittent-la-syrie-rappeles-ou-ejectes\/172215\/#article","isPartOf":{"@id":"https:\/\/www.webdo.tn\/fr\/actualite\/national-45\/nos-diplomates-quittent-la-syrie-rappeles-ou-ejectes\/172215\/"},"author":{"name":"webdo.tn","@id":"https:\/\/www.webdo.tn\/fr\/#\/schema\/person\/9a9c6118d687c117df8ef3cc36a4d175"},"headline":"Nos diplomates quittent la Syrie : rappel\u00e9s ou \u00e9ject\u00e9s ?","datePublished":"2012-02-11T22:12:00+00:00","mainEntityOfPage":{"@id":"https:\/\/www.webdo.tn\/fr\/actualite\/national-45\/nos-diplomates-quittent-la-syrie-rappeles-ou-ejectes\/172215\/"},"wordCount":202,"commentCount":0,"publisher":{"@id":"https:\/\/www.webdo.tn\/fr\/#organization"},"image":{"@id":"https:\/\/www.webdo.tn\/fr\/actualite\/national-45\/nos-diplomates-quittent-la-syrie-rappeles-ou-ejectes\/172215\/#primaryimage"},"thumbnailUrl":"https:\/\/www.webdo.tn\/fr\/wp-content\/uploads\/2012\/02\/Tunisia-Syria-photo-crossed-flag-pins.com_-150x150-1.jpg","keywords":["guerre"],"articleSection":["National"],"inLanguage":"fr-FR"},{"@type":"WebPage","@id":"https:\/\/www.webdo.tn\/fr\/actualite\/national-45\/nos-diplomates-quittent-la-syrie-rappeles-ou-ejectes\/172215\/","url":"https:\/\/www.webdo.tn\/fr\/actualite\/national-45\/nos-diplomates-quittent-la-syrie-rappeles-ou-ejectes\/172215\/","name":"Nos diplomates quittent la Syrie : rappel\u00e9s ou \u00e9ject\u00e9s ?","isPartOf":{"@id":"https:\/\/www.webdo.tn\/fr\/#website"},"primaryImageOfPage":{"@id":"https:\/\/www.webdo.tn\/fr\/actualite\/national-45\/nos-diplomates-quittent-la-syrie-rappeles-ou-ejectes\/172215\/#primaryimage"},"image":{"@id":"https:\/\/www.webdo.tn\/fr\/actualite\/national-45\/nos-diplomates-quittent-la-syrie-rappeles-ou-ejectes\/172215\/#primaryimage"},"thumbnailUrl":"https:\/\/www.webdo.tn\/fr\/wp-content\/uploads\/2012\/02\/Tunisia-Syria-photo-crossed-flag-pins.com_-150x150-1.jpg","datePublished":"2012-02-11T22:12:00+00:00","description":"Nos diplomates quittent la Syrie : rappel\u00e9s ou \u00e9ject\u00e9s ?","breadcrumb":{"@id":"https:\/\/www.webdo.tn\/fr\/actualite\/national-45\/nos-diplomates-quittent-la-syrie-rappeles-ou-ejectes\/172215\/#breadcrumb"},"inLanguage":"fr-FR","potentialAction":[{"@type":"ReadAction","target":["https:\/\/www.webdo.tn\/fr\/actualite\/national-45\/nos-diplomates-quittent-la-syrie-rappeles-ou-ejectes\/172215\/"]}]},{"@type":"ImageObject","inLanguage":"fr-FR","@id":"https:\/\/www.webdo.tn\/fr\/actualite\/national-45\/nos-diplomates-quittent-la-syrie-rappeles-ou-ejectes\/172215\/#primaryimage","url":"https:\/\/www.webdo.tn\/fr\/wp-content\/uploads\/2012\/02\/Tunisia-Syria-photo-crossed-flag-pins.com_-150x150-1.jpg","contentUrl":"https:\/\/www.webdo.tn\/fr\/wp-content\/uploads\/2012\/02\/Tunisia-Syria-photo-crossed-flag-pins.com_-150x150-1.jpg","width":150,"height":150,"caption":"Nos diplomates quittent la Syrie : rappel\u00e9s ou \u00e9ject\u00e9s ?"},{"@type":"BreadcrumbList","@id":"https:\/\/www.webdo.tn\/fr\/actualite\/national-45\/nos-diplomates-quittent-la-syrie-rappeles-ou-ejectes\/172215\/#breadcrumb","itemListElement":[{"@type":"ListItem","position":1,"name":"Accueil","item":"https:\/\/www.webdo.tn\/fr\/"},{"@type":"ListItem","position":2,"name":"Nos diplomates quittent la Syrie : rappel\u00e9s ou \u00e9ject\u00e9s ?"}]},{"@type":"WebSite","@id":"https:\/\/www.webdo.tn\/fr\/#website","url":"https:\/\/www.webdo.tn\/fr\/","name":"webdo","description":"Tunisie - News en Tunisie et \u00e0 l&#039;international sur Webdo.tn","publisher":{"@id":"https:\/\/www.webdo.tn\/fr\/#organization"},"potentialAction":[{"@type":"SearchAction","target":{"@type":"EntryPoint","urlTemplate":"https:\/\/www.webdo.tn\/fr\/?s={search_term_string}"},"query-input":{"@type":"PropertyValueSpecification","valueRequired":true,"valueName":"search_term_string"}}],"inLanguage":"fr-FR"},{"@type":"Organization","@id":"https:\/\/www.webdo.tn\/fr\/#organization","name":"Webdo","alternateName":"Webdo.tn","url":"https:\/\/www.webdo.tn\/fr\/","logo":{"@type":"ImageObject","inLanguage":"fr-FR","@id":"https:\/\/www.webdo.tn\/fr\/#\/schema\/logo\/image\/","url":"https:\/\/www.webdo.tn\/fr\/wp-content\/uploads\/2025\/06\/Webdo-Tunisie_168377.jpg","contentUrl":"https:\/\/www.webdo.tn\/fr\/wp-content\/uploads\/2025\/06\/Webdo-Tunisie_168377.jpg","width":301,"height":301,"caption":"Webdo"},"image":{"@id":"https:\/\/www.webdo.tn\/fr\/#\/schema\/logo\/image\/"},"sameAs":["https:\/\/www.facebook.com\/webdotn","https:\/\/x.com\/webdo_tn"],"description":"Webdo est un m\u00e9dia num\u00e9rique tunisien fond\u00e9 en 2010, sp\u00e9cialis\u00e9 dans l\u2019actualit\u00e9 nationale et internationale, l\u2019\u00e9conomie, la soci\u00e9t\u00e9 et les analyses politiques. Le site s\u2019adresse \u00e0 un large public francophone et couvre l\u2019information tunisienne en temps r\u00e9el.","email":"redac@webdo.tn","legalName":"YNJ SARL","foundingDate":"2010-09-06","numberOfEmployees":{"@type":"QuantitativeValue","minValue":"11","maxValue":"50"}},{"@type":"Person","@id":"https:\/\/www.webdo.tn\/fr\/#\/schema\/person\/9a9c6118d687c117df8ef3cc36a4d175","name":"webdo.tn","image":{"@type":"ImageObject","inLanguage":"fr-FR","@id":"https:\/\/secure.gravatar.com\/avatar\/7ce1f28c0c3bbac99ff550b85ef8e44a6950c6ee24514fb6a5489e51d06f0298?s=96&d=mm&r=g","url":"https:\/\/secure.gravatar.com\/avatar\/7ce1f28c0c3bbac99ff550b85ef8e44a6950c6ee24514fb6a5489e51d06f0298?s=96&d=mm&r=g","contentUrl":"https:\/\/secure.gravatar.com\/avatar\/7ce1f28c0c3bbac99ff550b85ef8e44a6950c6ee24514fb6a5489e51d06f0298?s=96&d=mm&r=g","caption":"webdo.tn"},"url":"https:\/\/www.webdo.tn\/fr\/actualite\/author\/webdotn\/"}]}},"_links":{"self":[{"href":"https:\/\/www.webdo.tn\/fr\/wp-json\/wp\/v2\/posts\/172215","targetHints":{"allow":["GET"]}}],"collection":[{"href":"https:\/\/www.webdo.tn\/fr\/wp-json\/wp\/v2\/posts"}],"about":[{"href":"https:\/\/www.webdo.tn\/fr\/wp-json\/wp\/v2\/types\/post"}],"author":[{"embeddable":true,"href":"https:\/\/www.webdo.tn\/fr\/wp-json\/wp\/v2\/users\/3222"}],"replies":[{"embeddable":true,"href":"https:\/\/www.webdo.tn\/fr\/wp-json\/wp\/v2\/comments?post=172215"}],"version-history":[{"count":0,"href":"https:\/\/www.webdo.tn\/fr\/wp-json\/wp\/v2\/posts\/172215\/revisions"}],"wp:featuredmedia":[{"embeddable":true,"href":"https:\/\/www.webdo.tn\/fr\/wp-json\/wp\/v2\/media\/333775"}],"wp:attachment":[{"href":"https:\/\/www.webdo.tn\/fr\/wp-json\/wp\/v2\/media?parent=172215"}],"wp:term":[{"taxonomy":"category","embeddable":true,"href":"https:\/\/www.webdo.tn\/fr\/wp-json\/wp\/v2\/categories?post=172215"},{"taxonomy":"post_tag","embeddable":true,"href":"https:\/\/www.webdo.tn\/fr\/wp-json\/wp\/v2\/tags?post=172215"}],"curies":[{"name":"wp","href":"https:\/\/api.w.org\/{rel}","templated":true}]}}