{"id":172214,"date":"2012-02-12T16:12:00","date_gmt":"2012-02-12T16:12:00","guid":{"rendered":"https:\/\/www.webdo.tn\/fr\/blog\/rencontre-de-la-vice-presidente-de-la-banque-mondiale-avec-des-blogueurs-et-des-membres-de-la-societe-civile\/172214\/"},"modified":"2012-02-12T16:12:00","modified_gmt":"2012-02-12T16:12:00","slug":"rencontre-de-la-vice-presidente-de-la-banque-mondiale-avec-des-blogueurs-et-des-membres-de-la-societe-civile","status":"publish","type":"post","link":"https:\/\/www.webdo.tn\/fr\/actualite\/national\/rencontre-de-la-vice-presidente-de-la-banque-mondiale-avec-des-blogueurs-et-des-membres-de-la-societe-civile\/172214\/","title":{"rendered":"Rencontre de la vice-pr\u00e9sidente de la Banque mondiale avec des blogueurs et des membres de la soci\u00e9t\u00e9 civile"},"content":{"rendered":"<p>Au terme de sa visite en Tunisie, Mme Inger Andersen vice-pr\u00e9sidente de la banque mondiale responsable de la r\u00e9gion Afrique du nord et Moyen-Orient a tenu \u00e0 rencontrer des blogueurs et des membres de la soci\u00e9t\u00e9 civile, hier soir lors d&rsquo;un diner \u00e0 Dar jeld.<\/p>\n<p>Apr\u00e8s avoir rencontr\u00e9 les responsables officiels, comme Mr Mustapaha Ben Jaafar, Mr Jebali et Mr Zaouia, ainsi que Mme Badi, la vice-pr\u00e9sidente, tr\u00e8s port\u00e9e sur les nouvelles formes de communication et des r\u00e9seaux sociaux, a cherch\u00e9 \u00e0 avoir une vision informelle de la situation en Tunisie et des attentes des Tunisiens, et cela, en s&rsquo;adressant aux blogueurs et aux membres des associations civiles.<\/p>\n<p>Mme Andersen, comme elle l&rsquo;avait d\u00e9j\u00e0 fait savoir lors de la conf\u00e9rence de presse donn\u00e9e le jour m\u00eame pour les m\u00e9dias tunisiens, a commenc\u00e9 par exposer le contenu de ses rencontres avec les responsables. Elle a indiqu\u00e9 qu&rsquo;elle avait eu toutes les assurances de leur part quant aux orientations politiques, \u00e0 l&rsquo;instauration de la d\u00e9mocratie et \u00e0 la transition du pouvoir. Mme Andersen a indiqu\u00e9 que le r\u00f4le de la Banque mondiale \u00e9tait d&rsquo;accompagner cette transition avec une aide \u00e9conomique qui peut aller jusqu&rsquo;\u00e0 500 millions de dollars et qui s&rsquo;\u00e9talera sur deux ans.<\/p>\n<p>Cette aide aura pour but de d\u00e9velopper trois secteurs essentiels auxquels la Banque mondiale attache beaucoup d&rsquo;importance, \u00e0 savoir la transparence et gouvernance, la croissance et le d\u00e9veloppement des r\u00e9gions d\u00e9favoris\u00e9es.<\/p>\n<p>Mme Andersen a ensuite permis \u00e0 ses invit\u00e9s de s&rsquo;exprimer dans un d\u00e9bat tr\u00e8s enrichissant et en toute franchise. Ainsi, les blogueurs et membres des associations pr\u00e9sents ont expos\u00e9 leur point de vue et pos\u00e9 des questions pertinentes.<\/p>\n<p>\u00c0 la question \u00ab\u00a0est-ce que votre aide est conditionn\u00e9e ; argent contre d\u00e9mocratie \u00bb, Mme Andersen a soulign\u00e9 que la Banque mondiale \u00e9tait une organisation de plusieurs pays et que tous les pays membres n&rsquo;\u00e9taient pas forc\u00e9ment des pays d\u00e9mocrates, mais que dans les n\u00e9gociations, la Banque mondiale essaie toujours d&rsquo;imposer des \u00ab\u00a0mesures \u00a0\u00bb \u00e0 suivre et que l&rsquo;aide sera \u00e9chelonn\u00e9e suivant la mise en application de ces mesures. Et Mme Andersen d&rsquo;ajouter que la Banque mondiale ne se posait en aucun cas en donneuse de le\u00e7on, mais qu\u2019implicitement, ses responsables v\u00e9hiculent le message que la d\u00e9mocratie et la transparence sont les conditions sine qua non de la croissance et du d\u00e9veloppement.<\/p>\n<p>Un blogueur a soulev\u00e9 le probl\u00e8me de la dette odieuse et Mme Anderen a r\u00e9pondu que la Tunisie n&rsquo;avait aucun int\u00e9r\u00eat \u00e0 demander l&rsquo;abolition de sa dette, et qu&rsquo;elle devait y r\u00e9fl\u00e9chir \u00e0 deux fois \u00e0 ce sujet, car les emprunteurs n&rsquo;accorderont plus de pr\u00eats et que la Tunisie y perdrait plus qu&rsquo;elle ne gagnerait. La vice-pr\u00e9sidente a toutefois assur\u00e9 que la dette de la Tunisie n&rsquo;\u00e9tait pas \u00e9norme et qu&rsquo;un bon d\u00e9veloppement de l&rsquo;\u00e9conomie pourrait vite venir \u00e0 bout de cette dette.<\/p>\n<p>Les blogueurs ont aussi soulev\u00e9 le probl\u00e8me de la s\u00e9curit\u00e9 et ont indiqu\u00e9 qu&rsquo;un climat d&rsquo;ins\u00e9curit\u00e9 n&rsquo;\u00e9tait pas favorable \u00e0 l&rsquo;investissement, \u00e0 cela, Mme Andersen \u00e9tait totalement d&rsquo;accord et a pr\u00e9cis\u00e9 qu&rsquo;elle a eu toutes les assurances de la part du gouvernement sur ce volet.<\/p>\n<p>Les blogueurs et les membres des associations ont, aussi, exprim\u00e9 leurs inqui\u00e9tudes quant \u00e0 la tournure que la constitution pouvait prendre avec la pr\u00e9pond\u00e9rance des islamistes. La vice-pr\u00e9sidente leur a expliqu\u00e9 que c&rsquo;\u00e9tait leur r\u00f4le \u00e0 eux de faire la pression pour garantir une constitution qui respecte les valeurs des droits de l&rsquo;homme et qui garantit les libert\u00e9s.<\/p>\n","protected":false},"excerpt":{"rendered":"<p>Rencontre de la vice-pr\u00e9sidente de la Banque mondiale avec des blogueurs et des membres de la soci\u00e9t\u00e9 civile<\/p>\n","protected":false},"author":3222,"featured_media":374514,"comment_status":"open","ping_status":"closed","sticky":false,"template":"","format":"standard","meta":{"footnotes":""},"categories":[44],"tags":[2600],"class_list":["post-172214","post","type-post","status-publish","format-standard","has-post-thumbnail","hentry","category-national","tag-guerre"],"yoast_head":"<!-- This site is optimized with the Yoast SEO Premium plugin v27.5 (Yoast SEO v27.5) - https:\/\/yoast.com\/product\/yoast-seo-premium-wordpress\/ -->\n<title>Rencontre de la vice-pr\u00e9sidente de la Banque mondiale avec des blogueurs et des membres de la soci\u00e9t\u00e9 civile<\/title>\n<meta name=\"description\" content=\"Rencontre de la vice-pr\u00e9sidente de la Banque mondiale avec des blogueurs et des membres de la soci\u00e9t\u00e9 civile\" \/>\n<link rel=\"canonical\" href=\"https:\/\/www.webdo.tn\/fr\/actualite\/national-45\/rencontre-de-la-vice-presidente-de-la-banque-mondiale-avec-des-blogueurs-et-des-membres-de-la-societe-civile\/172214\/\" \/>\n<meta property=\"og:locale\" content=\"fr_FR\" \/>\n<meta property=\"og:type\" content=\"article\" \/>\n<meta property=\"og:title\" content=\"Rencontre de la vice-pr\u00e9sidente de la Banque mondiale avec des blogueurs et des membres de la soci\u00e9t\u00e9 civile\" \/>\n<meta property=\"og:description\" content=\"Rencontre de la vice-pr\u00e9sidente de la Banque mondiale avec des blogueurs et des membres de la soci\u00e9t\u00e9 civile\" \/>\n<meta property=\"og:url\" content=\"https:\/\/www.webdo.tn\/fr\/actualite\/national-45\/rencontre-de-la-vice-presidente-de-la-banque-mondiale-avec-des-blogueurs-et-des-membres-de-la-societe-civile\/172214\/\" \/>\n<meta property=\"og:site_name\" content=\"webdo\" \/>\n<meta property=\"article:publisher\" content=\"https:\/\/www.facebook.com\/webdotn\" \/>\n<meta property=\"article:published_time\" content=\"2012-02-12T16:12:00+00:00\" \/>\n<meta name=\"author\" content=\"webdo.tn\" \/>\n<meta name=\"twitter:card\" content=\"summary_large_image\" \/>\n<meta name=\"twitter:creator\" content=\"@webdo_tn\" \/>\n<meta name=\"twitter:site\" content=\"@webdo_tn\" \/>\n<meta name=\"twitter:label1\" content=\"\u00c9crit par\" \/>\n\t<meta name=\"twitter:data1\" content=\"webdo.tn\" \/>\n\t<meta name=\"twitter:label2\" content=\"Dur\u00e9e de lecture estim\u00e9e\" \/>\n\t<meta name=\"twitter:data2\" content=\"3 minutes\" \/>\n<script type=\"application\/ld+json\" class=\"yoast-schema-graph\">{\"@context\":\"https:\\\/\\\/schema.org\",\"@graph\":[{\"@type\":\"NewsArticle\",\"@id\":\"https:\\\/\\\/www.webdo.tn\\\/fr\\\/actualite\\\/national-45\\\/rencontre-de-la-vice-presidente-de-la-banque-mondiale-avec-des-blogueurs-et-des-membres-de-la-societe-civile\\\/172214\\\/#article\",\"isPartOf\":{\"@id\":\"https:\\\/\\\/www.webdo.tn\\\/fr\\\/actualite\\\/national-45\\\/rencontre-de-la-vice-presidente-de-la-banque-mondiale-avec-des-blogueurs-et-des-membres-de-la-societe-civile\\\/172214\\\/\"},\"author\":{\"name\":\"webdo.tn\",\"@id\":\"https:\\\/\\\/www.webdo.tn\\\/fr\\\/#\\\/schema\\\/person\\\/9a9c6118d687c117df8ef3cc36a4d175\"},\"headline\":\"Rencontre de la vice-pr\u00e9sidente de la Banque mondiale avec des blogueurs et des membres de la soci\u00e9t\u00e9 civile\",\"datePublished\":\"2012-02-12T16:12:00+00:00\",\"mainEntityOfPage\":{\"@id\":\"https:\\\/\\\/www.webdo.tn\\\/fr\\\/actualite\\\/national-45\\\/rencontre-de-la-vice-presidente-de-la-banque-mondiale-avec-des-blogueurs-et-des-membres-de-la-societe-civile\\\/172214\\\/\"},\"wordCount\":651,\"commentCount\":0,\"publisher\":{\"@id\":\"https:\\\/\\\/www.webdo.tn\\\/fr\\\/#organization\"},\"image\":{\"@id\":\"https:\\\/\\\/www.webdo.tn\\\/fr\\\/actualite\\\/national-45\\\/rencontre-de-la-vice-presidente-de-la-banque-mondiale-avec-des-blogueurs-et-des-membres-de-la-societe-civile\\\/172214\\\/#primaryimage\"},\"thumbnailUrl\":\"https:\\\/\\\/www.webdo.tn\\\/fr\\\/wp-content\\\/uploads\\\/2025\\\/06\\\/Inger-Andersen-vice-presidente-de-la-banque-mondiale-photo-Jasmin1_172214.jpg\",\"keywords\":[\"guerre\"],\"articleSection\":[\"National\"],\"inLanguage\":\"fr-FR\"},{\"@type\":\"WebPage\",\"@id\":\"https:\\\/\\\/www.webdo.tn\\\/fr\\\/actualite\\\/national-45\\\/rencontre-de-la-vice-presidente-de-la-banque-mondiale-avec-des-blogueurs-et-des-membres-de-la-societe-civile\\\/172214\\\/\",\"url\":\"https:\\\/\\\/www.webdo.tn\\\/fr\\\/actualite\\\/national-45\\\/rencontre-de-la-vice-presidente-de-la-banque-mondiale-avec-des-blogueurs-et-des-membres-de-la-societe-civile\\\/172214\\\/\",\"name\":\"Rencontre de la vice-pr\u00e9sidente de la Banque mondiale avec des blogueurs et des membres de la soci\u00e9t\u00e9 civile\",\"isPartOf\":{\"@id\":\"https:\\\/\\\/www.webdo.tn\\\/fr\\\/#website\"},\"primaryImageOfPage\":{\"@id\":\"https:\\\/\\\/www.webdo.tn\\\/fr\\\/actualite\\\/national-45\\\/rencontre-de-la-vice-presidente-de-la-banque-mondiale-avec-des-blogueurs-et-des-membres-de-la-societe-civile\\\/172214\\\/#primaryimage\"},\"image\":{\"@id\":\"https:\\\/\\\/www.webdo.tn\\\/fr\\\/actualite\\\/national-45\\\/rencontre-de-la-vice-presidente-de-la-banque-mondiale-avec-des-blogueurs-et-des-membres-de-la-societe-civile\\\/172214\\\/#primaryimage\"},\"thumbnailUrl\":\"https:\\\/\\\/www.webdo.tn\\\/fr\\\/wp-content\\\/uploads\\\/2025\\\/06\\\/Inger-Andersen-vice-presidente-de-la-banque-mondiale-photo-Jasmin1_172214.jpg\",\"datePublished\":\"2012-02-12T16:12:00+00:00\",\"description\":\"Rencontre de la vice-pr\u00e9sidente de la Banque mondiale avec des blogueurs et des membres de la soci\u00e9t\u00e9 civile\",\"breadcrumb\":{\"@id\":\"https:\\\/\\\/www.webdo.tn\\\/fr\\\/actualite\\\/national-45\\\/rencontre-de-la-vice-presidente-de-la-banque-mondiale-avec-des-blogueurs-et-des-membres-de-la-societe-civile\\\/172214\\\/#breadcrumb\"},\"inLanguage\":\"fr-FR\",\"potentialAction\":[{\"@type\":\"ReadAction\",\"target\":[\"https:\\\/\\\/www.webdo.tn\\\/fr\\\/actualite\\\/national-45\\\/rencontre-de-la-vice-presidente-de-la-banque-mondiale-avec-des-blogueurs-et-des-membres-de-la-societe-civile\\\/172214\\\/\"]}]},{\"@type\":\"ImageObject\",\"inLanguage\":\"fr-FR\",\"@id\":\"https:\\\/\\\/www.webdo.tn\\\/fr\\\/actualite\\\/national-45\\\/rencontre-de-la-vice-presidente-de-la-banque-mondiale-avec-des-blogueurs-et-des-membres-de-la-societe-civile\\\/172214\\\/#primaryimage\",\"url\":\"https:\\\/\\\/www.webdo.tn\\\/fr\\\/wp-content\\\/uploads\\\/2025\\\/06\\\/Inger-Andersen-vice-presidente-de-la-banque-mondiale-photo-Jasmin1_172214.jpg\",\"contentUrl\":\"https:\\\/\\\/www.webdo.tn\\\/fr\\\/wp-content\\\/uploads\\\/2025\\\/06\\\/Inger-Andersen-vice-presidente-de-la-banque-mondiale-photo-Jasmin1_172214.jpg\",\"width\":314,\"height\":258,\"caption\":\"Rencontre de la vice-pr\u00e9sidente de la Banque mondiale avec des blogueurs et des membres de la soci\u00e9t\u00e9 civile\"},{\"@type\":\"BreadcrumbList\",\"@id\":\"https:\\\/\\\/www.webdo.tn\\\/fr\\\/actualite\\\/national-45\\\/rencontre-de-la-vice-presidente-de-la-banque-mondiale-avec-des-blogueurs-et-des-membres-de-la-societe-civile\\\/172214\\\/#breadcrumb\",\"itemListElement\":[{\"@type\":\"ListItem\",\"position\":1,\"name\":\"Accueil\",\"item\":\"https:\\\/\\\/www.webdo.tn\\\/fr\\\/\"},{\"@type\":\"ListItem\",\"position\":2,\"name\":\"Rencontre de la vice-pr\u00e9sidente de la Banque mondiale avec des blogueurs et des membres de la soci\u00e9t\u00e9 civile\"}]},{\"@type\":\"WebSite\",\"@id\":\"https:\\\/\\\/www.webdo.tn\\\/fr\\\/#website\",\"url\":\"https:\\\/\\\/www.webdo.tn\\\/fr\\\/\",\"name\":\"webdo\",\"description\":\"Tunisie - News en Tunisie et \u00e0 l&#039;international sur Webdo.tn\",\"publisher\":{\"@id\":\"https:\\\/\\\/www.webdo.tn\\\/fr\\\/#organization\"},\"potentialAction\":[{\"@type\":\"SearchAction\",\"target\":{\"@type\":\"EntryPoint\",\"urlTemplate\":\"https:\\\/\\\/www.webdo.tn\\\/fr\\\/?s={search_term_string}\"},\"query-input\":{\"@type\":\"PropertyValueSpecification\",\"valueRequired\":true,\"valueName\":\"search_term_string\"}}],\"inLanguage\":\"fr-FR\"},{\"@type\":\"Organization\",\"@id\":\"https:\\\/\\\/www.webdo.tn\\\/fr\\\/#organization\",\"name\":\"Webdo\",\"alternateName\":\"Webdo.tn\",\"url\":\"https:\\\/\\\/www.webdo.tn\\\/fr\\\/\",\"logo\":{\"@type\":\"ImageObject\",\"inLanguage\":\"fr-FR\",\"@id\":\"https:\\\/\\\/www.webdo.tn\\\/fr\\\/#\\\/schema\\\/logo\\\/image\\\/\",\"url\":\"https:\\\/\\\/www.webdo.tn\\\/fr\\\/wp-content\\\/uploads\\\/2025\\\/06\\\/Webdo-Tunisie_168377.jpg\",\"contentUrl\":\"https:\\\/\\\/www.webdo.tn\\\/fr\\\/wp-content\\\/uploads\\\/2025\\\/06\\\/Webdo-Tunisie_168377.jpg\",\"width\":301,\"height\":301,\"caption\":\"Webdo\"},\"image\":{\"@id\":\"https:\\\/\\\/www.webdo.tn\\\/fr\\\/#\\\/schema\\\/logo\\\/image\\\/\"},\"sameAs\":[\"https:\\\/\\\/www.facebook.com\\\/webdotn\",\"https:\\\/\\\/x.com\\\/webdo_tn\"],\"description\":\"Webdo est un m\u00e9dia num\u00e9rique tunisien fond\u00e9 en 2010, sp\u00e9cialis\u00e9 dans l\u2019actualit\u00e9 nationale et internationale, l\u2019\u00e9conomie, la soci\u00e9t\u00e9 et les analyses politiques. Le site s\u2019adresse \u00e0 un large public francophone et couvre l\u2019information tunisienne en temps r\u00e9el.\",\"email\":\"redac@webdo.tn\",\"legalName\":\"YNJ SARL\",\"foundingDate\":\"2010-09-06\",\"numberOfEmployees\":{\"@type\":\"QuantitativeValue\",\"minValue\":\"11\",\"maxValue\":\"50\"}},{\"@type\":\"Person\",\"@id\":\"https:\\\/\\\/www.webdo.tn\\\/fr\\\/#\\\/schema\\\/person\\\/9a9c6118d687c117df8ef3cc36a4d175\",\"name\":\"webdo.tn\",\"image\":{\"@type\":\"ImageObject\",\"inLanguage\":\"fr-FR\",\"@id\":\"https:\\\/\\\/secure.gravatar.com\\\/avatar\\\/7ce1f28c0c3bbac99ff550b85ef8e44a6950c6ee24514fb6a5489e51d06f0298?s=96&d=mm&r=g\",\"url\":\"https:\\\/\\\/secure.gravatar.com\\\/avatar\\\/7ce1f28c0c3bbac99ff550b85ef8e44a6950c6ee24514fb6a5489e51d06f0298?s=96&d=mm&r=g\",\"contentUrl\":\"https:\\\/\\\/secure.gravatar.com\\\/avatar\\\/7ce1f28c0c3bbac99ff550b85ef8e44a6950c6ee24514fb6a5489e51d06f0298?s=96&d=mm&r=g\",\"caption\":\"webdo.tn\"},\"url\":\"https:\\\/\\\/www.webdo.tn\\\/fr\\\/actualite\\\/author\\\/webdotn\\\/\"}]}<\/script>\n<!-- \/ Yoast SEO Premium plugin. -->","yoast_head_json":{"title":"Rencontre de la vice-pr\u00e9sidente de la Banque mondiale avec des blogueurs et des membres de la soci\u00e9t\u00e9 civile","description":"Rencontre de la vice-pr\u00e9sidente de la Banque mondiale avec des blogueurs et des membres de la soci\u00e9t\u00e9 civile","canonical":"https:\/\/www.webdo.tn\/fr\/actualite\/national-45\/rencontre-de-la-vice-presidente-de-la-banque-mondiale-avec-des-blogueurs-et-des-membres-de-la-societe-civile\/172214\/","og_locale":"fr_FR","og_type":"article","og_title":"Rencontre de la vice-pr\u00e9sidente de la Banque mondiale avec des blogueurs et des membres de la soci\u00e9t\u00e9 civile","og_description":"Rencontre de la vice-pr\u00e9sidente de la Banque mondiale avec des blogueurs et des membres de la soci\u00e9t\u00e9 civile","og_url":"https:\/\/www.webdo.tn\/fr\/actualite\/national-45\/rencontre-de-la-vice-presidente-de-la-banque-mondiale-avec-des-blogueurs-et-des-membres-de-la-societe-civile\/172214\/","og_site_name":"webdo","article_publisher":"https:\/\/www.facebook.com\/webdotn","article_published_time":"2012-02-12T16:12:00+00:00","author":"webdo.tn","twitter_card":"summary_large_image","twitter_creator":"@webdo_tn","twitter_site":"@webdo_tn","twitter_misc":{"\u00c9crit par":"webdo.tn","Dur\u00e9e de lecture estim\u00e9e":"3 minutes"},"schema":{"@context":"https:\/\/schema.org","@graph":[{"@type":"NewsArticle","@id":"https:\/\/www.webdo.tn\/fr\/actualite\/national-45\/rencontre-de-la-vice-presidente-de-la-banque-mondiale-avec-des-blogueurs-et-des-membres-de-la-societe-civile\/172214\/#article","isPartOf":{"@id":"https:\/\/www.webdo.tn\/fr\/actualite\/national-45\/rencontre-de-la-vice-presidente-de-la-banque-mondiale-avec-des-blogueurs-et-des-membres-de-la-societe-civile\/172214\/"},"author":{"name":"webdo.tn","@id":"https:\/\/www.webdo.tn\/fr\/#\/schema\/person\/9a9c6118d687c117df8ef3cc36a4d175"},"headline":"Rencontre de la vice-pr\u00e9sidente de la Banque mondiale avec des blogueurs et des membres de la soci\u00e9t\u00e9 civile","datePublished":"2012-02-12T16:12:00+00:00","mainEntityOfPage":{"@id":"https:\/\/www.webdo.tn\/fr\/actualite\/national-45\/rencontre-de-la-vice-presidente-de-la-banque-mondiale-avec-des-blogueurs-et-des-membres-de-la-societe-civile\/172214\/"},"wordCount":651,"commentCount":0,"publisher":{"@id":"https:\/\/www.webdo.tn\/fr\/#organization"},"image":{"@id":"https:\/\/www.webdo.tn\/fr\/actualite\/national-45\/rencontre-de-la-vice-presidente-de-la-banque-mondiale-avec-des-blogueurs-et-des-membres-de-la-societe-civile\/172214\/#primaryimage"},"thumbnailUrl":"https:\/\/www.webdo.tn\/fr\/wp-content\/uploads\/2025\/06\/Inger-Andersen-vice-presidente-de-la-banque-mondiale-photo-Jasmin1_172214.jpg","keywords":["guerre"],"articleSection":["National"],"inLanguage":"fr-FR"},{"@type":"WebPage","@id":"https:\/\/www.webdo.tn\/fr\/actualite\/national-45\/rencontre-de-la-vice-presidente-de-la-banque-mondiale-avec-des-blogueurs-et-des-membres-de-la-societe-civile\/172214\/","url":"https:\/\/www.webdo.tn\/fr\/actualite\/national-45\/rencontre-de-la-vice-presidente-de-la-banque-mondiale-avec-des-blogueurs-et-des-membres-de-la-societe-civile\/172214\/","name":"Rencontre de la vice-pr\u00e9sidente de la Banque mondiale avec des blogueurs et des membres de la soci\u00e9t\u00e9 civile","isPartOf":{"@id":"https:\/\/www.webdo.tn\/fr\/#website"},"primaryImageOfPage":{"@id":"https:\/\/www.webdo.tn\/fr\/actualite\/national-45\/rencontre-de-la-vice-presidente-de-la-banque-mondiale-avec-des-blogueurs-et-des-membres-de-la-societe-civile\/172214\/#primaryimage"},"image":{"@id":"https:\/\/www.webdo.tn\/fr\/actualite\/national-45\/rencontre-de-la-vice-presidente-de-la-banque-mondiale-avec-des-blogueurs-et-des-membres-de-la-societe-civile\/172214\/#primaryimage"},"thumbnailUrl":"https:\/\/www.webdo.tn\/fr\/wp-content\/uploads\/2025\/06\/Inger-Andersen-vice-presidente-de-la-banque-mondiale-photo-Jasmin1_172214.jpg","datePublished":"2012-02-12T16:12:00+00:00","description":"Rencontre de la vice-pr\u00e9sidente de la Banque mondiale avec des blogueurs et des membres de la soci\u00e9t\u00e9 civile","breadcrumb":{"@id":"https:\/\/www.webdo.tn\/fr\/actualite\/national-45\/rencontre-de-la-vice-presidente-de-la-banque-mondiale-avec-des-blogueurs-et-des-membres-de-la-societe-civile\/172214\/#breadcrumb"},"inLanguage":"fr-FR","potentialAction":[{"@type":"ReadAction","target":["https:\/\/www.webdo.tn\/fr\/actualite\/national-45\/rencontre-de-la-vice-presidente-de-la-banque-mondiale-avec-des-blogueurs-et-des-membres-de-la-societe-civile\/172214\/"]}]},{"@type":"ImageObject","inLanguage":"fr-FR","@id":"https:\/\/www.webdo.tn\/fr\/actualite\/national-45\/rencontre-de-la-vice-presidente-de-la-banque-mondiale-avec-des-blogueurs-et-des-membres-de-la-societe-civile\/172214\/#primaryimage","url":"https:\/\/www.webdo.tn\/fr\/wp-content\/uploads\/2025\/06\/Inger-Andersen-vice-presidente-de-la-banque-mondiale-photo-Jasmin1_172214.jpg","contentUrl":"https:\/\/www.webdo.tn\/fr\/wp-content\/uploads\/2025\/06\/Inger-Andersen-vice-presidente-de-la-banque-mondiale-photo-Jasmin1_172214.jpg","width":314,"height":258,"caption":"Rencontre de la vice-pr\u00e9sidente de la Banque mondiale avec des blogueurs et des membres de la soci\u00e9t\u00e9 civile"},{"@type":"BreadcrumbList","@id":"https:\/\/www.webdo.tn\/fr\/actualite\/national-45\/rencontre-de-la-vice-presidente-de-la-banque-mondiale-avec-des-blogueurs-et-des-membres-de-la-societe-civile\/172214\/#breadcrumb","itemListElement":[{"@type":"ListItem","position":1,"name":"Accueil","item":"https:\/\/www.webdo.tn\/fr\/"},{"@type":"ListItem","position":2,"name":"Rencontre de la vice-pr\u00e9sidente de la Banque mondiale avec des blogueurs et des membres de la soci\u00e9t\u00e9 civile"}]},{"@type":"WebSite","@id":"https:\/\/www.webdo.tn\/fr\/#website","url":"https:\/\/www.webdo.tn\/fr\/","name":"webdo","description":"Tunisie - News en Tunisie et \u00e0 l&#039;international sur Webdo.tn","publisher":{"@id":"https:\/\/www.webdo.tn\/fr\/#organization"},"potentialAction":[{"@type":"SearchAction","target":{"@type":"EntryPoint","urlTemplate":"https:\/\/www.webdo.tn\/fr\/?s={search_term_string}"},"query-input":{"@type":"PropertyValueSpecification","valueRequired":true,"valueName":"search_term_string"}}],"inLanguage":"fr-FR"},{"@type":"Organization","@id":"https:\/\/www.webdo.tn\/fr\/#organization","name":"Webdo","alternateName":"Webdo.tn","url":"https:\/\/www.webdo.tn\/fr\/","logo":{"@type":"ImageObject","inLanguage":"fr-FR","@id":"https:\/\/www.webdo.tn\/fr\/#\/schema\/logo\/image\/","url":"https:\/\/www.webdo.tn\/fr\/wp-content\/uploads\/2025\/06\/Webdo-Tunisie_168377.jpg","contentUrl":"https:\/\/www.webdo.tn\/fr\/wp-content\/uploads\/2025\/06\/Webdo-Tunisie_168377.jpg","width":301,"height":301,"caption":"Webdo"},"image":{"@id":"https:\/\/www.webdo.tn\/fr\/#\/schema\/logo\/image\/"},"sameAs":["https:\/\/www.facebook.com\/webdotn","https:\/\/x.com\/webdo_tn"],"description":"Webdo est un m\u00e9dia num\u00e9rique tunisien fond\u00e9 en 2010, sp\u00e9cialis\u00e9 dans l\u2019actualit\u00e9 nationale et internationale, l\u2019\u00e9conomie, la soci\u00e9t\u00e9 et les analyses politiques. Le site s\u2019adresse \u00e0 un large public francophone et couvre l\u2019information tunisienne en temps r\u00e9el.","email":"redac@webdo.tn","legalName":"YNJ SARL","foundingDate":"2010-09-06","numberOfEmployees":{"@type":"QuantitativeValue","minValue":"11","maxValue":"50"}},{"@type":"Person","@id":"https:\/\/www.webdo.tn\/fr\/#\/schema\/person\/9a9c6118d687c117df8ef3cc36a4d175","name":"webdo.tn","image":{"@type":"ImageObject","inLanguage":"fr-FR","@id":"https:\/\/secure.gravatar.com\/avatar\/7ce1f28c0c3bbac99ff550b85ef8e44a6950c6ee24514fb6a5489e51d06f0298?s=96&d=mm&r=g","url":"https:\/\/secure.gravatar.com\/avatar\/7ce1f28c0c3bbac99ff550b85ef8e44a6950c6ee24514fb6a5489e51d06f0298?s=96&d=mm&r=g","contentUrl":"https:\/\/secure.gravatar.com\/avatar\/7ce1f28c0c3bbac99ff550b85ef8e44a6950c6ee24514fb6a5489e51d06f0298?s=96&d=mm&r=g","caption":"webdo.tn"},"url":"https:\/\/www.webdo.tn\/fr\/actualite\/author\/webdotn\/"}]}},"_links":{"self":[{"href":"https:\/\/www.webdo.tn\/fr\/wp-json\/wp\/v2\/posts\/172214","targetHints":{"allow":["GET"]}}],"collection":[{"href":"https:\/\/www.webdo.tn\/fr\/wp-json\/wp\/v2\/posts"}],"about":[{"href":"https:\/\/www.webdo.tn\/fr\/wp-json\/wp\/v2\/types\/post"}],"author":[{"embeddable":true,"href":"https:\/\/www.webdo.tn\/fr\/wp-json\/wp\/v2\/users\/3222"}],"replies":[{"embeddable":true,"href":"https:\/\/www.webdo.tn\/fr\/wp-json\/wp\/v2\/comments?post=172214"}],"version-history":[{"count":0,"href":"https:\/\/www.webdo.tn\/fr\/wp-json\/wp\/v2\/posts\/172214\/revisions"}],"wp:featuredmedia":[{"embeddable":true,"href":"https:\/\/www.webdo.tn\/fr\/wp-json\/wp\/v2\/media\/374514"}],"wp:attachment":[{"href":"https:\/\/www.webdo.tn\/fr\/wp-json\/wp\/v2\/media?parent=172214"}],"wp:term":[{"taxonomy":"category","embeddable":true,"href":"https:\/\/www.webdo.tn\/fr\/wp-json\/wp\/v2\/categories?post=172214"},{"taxonomy":"post_tag","embeddable":true,"href":"https:\/\/www.webdo.tn\/fr\/wp-json\/wp\/v2\/tags?post=172214"}],"curies":[{"name":"wp","href":"https:\/\/api.w.org\/{rel}","templated":true}]}}