{"id":172212,"date":"2012-02-13T18:08:00","date_gmt":"2012-02-13T18:08:00","guid":{"rendered":"https:\/\/www.webdo.tn\/fr\/blog\/la-tele-nat-1-annonce-non-sans-fierte-quelle-pourra-desormais-continuer-a-appeler-marzouki-le-president-provisoire\/172212\/"},"modified":"2012-02-13T18:08:00","modified_gmt":"2012-02-13T18:08:00","slug":"la-tele-nat-1-annonce-non-sans-fierte-quelle-pourra-desormais-continuer-a-appeler-marzouki-le-president-provisoire","status":"publish","type":"post","link":"https:\/\/www.webdo.tn\/fr\/actualite\/national\/la-tele-nat-1-annonce-non-sans-fierte-quelle-pourra-desormais-continuer-a-appeler-marzouki-le-president-provisoire\/172212\/","title":{"rendered":"La T\u00e9l\u00e9 Nat 1 annonce, non sans fiert\u00e9, qu&rsquo;elle pourra d\u00e9sormais continuer \u00e0 appeler Marzouki le \u00ab\u00a0pr\u00e9sident provisoire\u00a0\u00bb"},"content":{"rendered":"<p>Le tribunal de premi\u00e8re instance a rejet\u00e9, aujourd&rsquo;hui, la plainte d\u00e9pos\u00e9e par un avocat voulant interdire \u00e0  l&rsquo;\u00c9tablissement de la t\u00e9l\u00e9vision tunisienne (ETT) l&rsquo;utilisation de l\u2019appellation \u00ab\u00a0provisoire\u00a0\u00bb pour qualifier le gouvernement et le Pr\u00e9sident de la R\u00e9publique, nous apprend la T\u00e9l\u00e9 Nationale 1.<\/p>\n<p>Le 7 f\u00e9vrier dernier, le tribunal de Premi\u00e8re instance a fix\u00e9 pour aujourd&rsquo;hui, Lundi 13 F\u00e9vrier, l&rsquo;annonce du verdict du proc\u00e8s qu&rsquo;a intent\u00e9 un avocat contre l&rsquo;ETT, afin d&rsquo;interdire l&rsquo;utilisation du mot \u00ab\u00a0provisoire\u00a0\u00bb. L&rsquo;avocat plaignant est m\u00eame all\u00e9 jusqu&rsquo;\u00e0 \u00e9voquer d\u2019\u00e9ventuels probl\u00e8mes de s\u00e9curit\u00e9 que peut engendrer l&rsquo;utilisation de \u00ab\u00a0provisoire\u00a0\u00bb.<\/p>\n<p>Rappelons que contrairement \u00e0 ce qu&rsquo;ont publi\u00e9 certains m\u00e9dias, ce n&rsquo;est pas le Pr\u00e9sident provisoire Marzouki qui a intent\u00e9 ce proc\u00e8s contre l&rsquo;ETT. Un communiqu\u00e9 a m\u00eame \u00e9t\u00e9 publi\u00e9 sur la page Facebook officielle de Moncef Marzouki pour d\u00e9mentir ces rumeurs.<\/p>\n","protected":false},"excerpt":{"rendered":"<p>La T\u00e9l\u00e9 Nat 1 annonce, non sans fiert\u00e9, qu&rsquo;elle pourra d\u00e9sormais continuer \u00e0 appeler Marzouki le  pr\u00e9sident provisoire<\/p>\n","protected":false},"author":3222,"featured_media":334045,"comment_status":"open","ping_status":"closed","sticky":false,"template":"","format":"standard","meta":{"footnotes":""},"categories":[44],"tags":[2600],"class_list":["post-172212","post","type-post","status-publish","format-standard","has-post-thumbnail","hentry","category-national","tag-guerre"],"yoast_head":"<!-- This site is optimized with the Yoast SEO Premium plugin v27.5 (Yoast SEO v27.5) - https:\/\/yoast.com\/product\/yoast-seo-premium-wordpress\/ -->\n<title>La T\u00e9l\u00e9 Nat 1 annonce, non sans fiert\u00e9, qu&#039;elle pourra d\u00e9sormais continuer \u00e0 appeler Marzouki le pr\u00e9sident provisoire<\/title>\n<meta name=\"description\" content=\"La T\u00e9l\u00e9 Nat 1 annonce, non sans fiert\u00e9, qu&#039;elle pourra d\u00e9sormais continuer \u00e0 appeler Marzouki le pr\u00e9sident provisoire\" \/>\n<link rel=\"canonical\" href=\"https:\/\/www.webdo.tn\/fr\/actualite\/national-45\/la-tele-nat-1-annonce-non-sans-fierte-quelle-pourra-desormais-continuer-a-appeler-marzouki-le-president-provisoire\/172212\/\" \/>\n<meta property=\"og:locale\" content=\"fr_FR\" \/>\n<meta property=\"og:type\" content=\"article\" \/>\n<meta property=\"og:title\" content=\"La T\u00e9l\u00e9 Nat 1 annonce, non sans fiert\u00e9, qu&#039;elle pourra d\u00e9sormais continuer \u00e0 appeler Marzouki le &quot;pr\u00e9sident provisoire&quot;\" \/>\n<meta property=\"og:description\" content=\"La T\u00e9l\u00e9 Nat 1 annonce, non sans fiert\u00e9, qu&#039;elle pourra d\u00e9sormais continuer \u00e0 appeler Marzouki le pr\u00e9sident provisoire\" \/>\n<meta property=\"og:url\" content=\"https:\/\/www.webdo.tn\/fr\/actualite\/national-45\/la-tele-nat-1-annonce-non-sans-fierte-quelle-pourra-desormais-continuer-a-appeler-marzouki-le-president-provisoire\/172212\/\" \/>\n<meta property=\"og:site_name\" content=\"webdo\" \/>\n<meta property=\"article:publisher\" content=\"https:\/\/www.facebook.com\/webdotn\" \/>\n<meta property=\"article:published_time\" content=\"2012-02-13T18:08:00+00:00\" \/>\n<meta property=\"og:image\" content=\"https:\/\/www.webdo.tn\/fr\/wp-content\/uploads\/2012\/02\/Moncef-Marzouki-photo-bbc.co_.uk_-2.jpg\" \/>\n\t<meta property=\"og:image:width\" content=\"283\" \/>\n\t<meta property=\"og:image:height\" content=\"195\" \/>\n\t<meta property=\"og:image:type\" content=\"image\/jpeg\" \/>\n<meta name=\"author\" content=\"webdo.tn\" \/>\n<meta name=\"twitter:card\" content=\"summary_large_image\" \/>\n<meta name=\"twitter:creator\" content=\"@webdo_tn\" \/>\n<meta name=\"twitter:site\" content=\"@webdo_tn\" \/>\n<meta name=\"twitter:label1\" content=\"\u00c9crit par\" \/>\n\t<meta name=\"twitter:data1\" content=\"webdo.tn\" \/>\n\t<meta name=\"twitter:label2\" content=\"Dur\u00e9e de lecture estim\u00e9e\" \/>\n\t<meta name=\"twitter:data2\" content=\"1 minute\" \/>\n<script type=\"application\/ld+json\" class=\"yoast-schema-graph\">{\"@context\":\"https:\\\/\\\/schema.org\",\"@graph\":[{\"@type\":\"NewsArticle\",\"@id\":\"https:\\\/\\\/www.webdo.tn\\\/fr\\\/actualite\\\/national-45\\\/la-tele-nat-1-annonce-non-sans-fierte-quelle-pourra-desormais-continuer-a-appeler-marzouki-le-president-provisoire\\\/172212\\\/#article\",\"isPartOf\":{\"@id\":\"https:\\\/\\\/www.webdo.tn\\\/fr\\\/actualite\\\/national-45\\\/la-tele-nat-1-annonce-non-sans-fierte-quelle-pourra-desormais-continuer-a-appeler-marzouki-le-president-provisoire\\\/172212\\\/\"},\"author\":{\"name\":\"webdo.tn\",\"@id\":\"https:\\\/\\\/www.webdo.tn\\\/fr\\\/#\\\/schema\\\/person\\\/9a9c6118d687c117df8ef3cc36a4d175\"},\"headline\":\"La T\u00e9l\u00e9 Nat 1 annonce, non sans fiert\u00e9, qu&rsquo;elle pourra d\u00e9sormais continuer \u00e0 appeler Marzouki le \u00ab\u00a0pr\u00e9sident provisoire\u00a0\u00bb\",\"datePublished\":\"2012-02-13T18:08:00+00:00\",\"mainEntityOfPage\":{\"@id\":\"https:\\\/\\\/www.webdo.tn\\\/fr\\\/actualite\\\/national-45\\\/la-tele-nat-1-annonce-non-sans-fierte-quelle-pourra-desormais-continuer-a-appeler-marzouki-le-president-provisoire\\\/172212\\\/\"},\"wordCount\":185,\"commentCount\":0,\"publisher\":{\"@id\":\"https:\\\/\\\/www.webdo.tn\\\/fr\\\/#organization\"},\"image\":{\"@id\":\"https:\\\/\\\/www.webdo.tn\\\/fr\\\/actualite\\\/national-45\\\/la-tele-nat-1-annonce-non-sans-fierte-quelle-pourra-desormais-continuer-a-appeler-marzouki-le-president-provisoire\\\/172212\\\/#primaryimage\"},\"thumbnailUrl\":\"https:\\\/\\\/www.webdo.tn\\\/fr\\\/wp-content\\\/uploads\\\/2012\\\/02\\\/Moncef-Marzouki-photo-bbc.co_.uk_-2.jpg\",\"keywords\":[\"guerre\"],\"articleSection\":[\"National\"],\"inLanguage\":\"fr-FR\"},{\"@type\":\"WebPage\",\"@id\":\"https:\\\/\\\/www.webdo.tn\\\/fr\\\/actualite\\\/national-45\\\/la-tele-nat-1-annonce-non-sans-fierte-quelle-pourra-desormais-continuer-a-appeler-marzouki-le-president-provisoire\\\/172212\\\/\",\"url\":\"https:\\\/\\\/www.webdo.tn\\\/fr\\\/actualite\\\/national-45\\\/la-tele-nat-1-annonce-non-sans-fierte-quelle-pourra-desormais-continuer-a-appeler-marzouki-le-president-provisoire\\\/172212\\\/\",\"name\":\"La T\u00e9l\u00e9 Nat 1 annonce, non sans fiert\u00e9, qu'elle pourra d\u00e9sormais continuer \u00e0 appeler Marzouki le pr\u00e9sident provisoire\",\"isPartOf\":{\"@id\":\"https:\\\/\\\/www.webdo.tn\\\/fr\\\/#website\"},\"primaryImageOfPage\":{\"@id\":\"https:\\\/\\\/www.webdo.tn\\\/fr\\\/actualite\\\/national-45\\\/la-tele-nat-1-annonce-non-sans-fierte-quelle-pourra-desormais-continuer-a-appeler-marzouki-le-president-provisoire\\\/172212\\\/#primaryimage\"},\"image\":{\"@id\":\"https:\\\/\\\/www.webdo.tn\\\/fr\\\/actualite\\\/national-45\\\/la-tele-nat-1-annonce-non-sans-fierte-quelle-pourra-desormais-continuer-a-appeler-marzouki-le-president-provisoire\\\/172212\\\/#primaryimage\"},\"thumbnailUrl\":\"https:\\\/\\\/www.webdo.tn\\\/fr\\\/wp-content\\\/uploads\\\/2012\\\/02\\\/Moncef-Marzouki-photo-bbc.co_.uk_-2.jpg\",\"datePublished\":\"2012-02-13T18:08:00+00:00\",\"description\":\"La T\u00e9l\u00e9 Nat 1 annonce, non sans fiert\u00e9, qu'elle pourra d\u00e9sormais continuer \u00e0 appeler Marzouki le pr\u00e9sident provisoire\",\"breadcrumb\":{\"@id\":\"https:\\\/\\\/www.webdo.tn\\\/fr\\\/actualite\\\/national-45\\\/la-tele-nat-1-annonce-non-sans-fierte-quelle-pourra-desormais-continuer-a-appeler-marzouki-le-president-provisoire\\\/172212\\\/#breadcrumb\"},\"inLanguage\":\"fr-FR\",\"potentialAction\":[{\"@type\":\"ReadAction\",\"target\":[\"https:\\\/\\\/www.webdo.tn\\\/fr\\\/actualite\\\/national-45\\\/la-tele-nat-1-annonce-non-sans-fierte-quelle-pourra-desormais-continuer-a-appeler-marzouki-le-president-provisoire\\\/172212\\\/\"]}]},{\"@type\":\"ImageObject\",\"inLanguage\":\"fr-FR\",\"@id\":\"https:\\\/\\\/www.webdo.tn\\\/fr\\\/actualite\\\/national-45\\\/la-tele-nat-1-annonce-non-sans-fierte-quelle-pourra-desormais-continuer-a-appeler-marzouki-le-president-provisoire\\\/172212\\\/#primaryimage\",\"url\":\"https:\\\/\\\/www.webdo.tn\\\/fr\\\/wp-content\\\/uploads\\\/2012\\\/02\\\/Moncef-Marzouki-photo-bbc.co_.uk_-2.jpg\",\"contentUrl\":\"https:\\\/\\\/www.webdo.tn\\\/fr\\\/wp-content\\\/uploads\\\/2012\\\/02\\\/Moncef-Marzouki-photo-bbc.co_.uk_-2.jpg\",\"width\":283,\"height\":195,\"caption\":\"La T\u00e9l\u00e9 Nat 1 annonce, non sans fiert\u00e9, qu'elle pourra d\u00e9sormais continuer \u00e0 appeler Marzouki le \\\"pr\u00e9sident provisoire\\\"\"},{\"@type\":\"BreadcrumbList\",\"@id\":\"https:\\\/\\\/www.webdo.tn\\\/fr\\\/actualite\\\/national-45\\\/la-tele-nat-1-annonce-non-sans-fierte-quelle-pourra-desormais-continuer-a-appeler-marzouki-le-president-provisoire\\\/172212\\\/#breadcrumb\",\"itemListElement\":[{\"@type\":\"ListItem\",\"position\":1,\"name\":\"Accueil\",\"item\":\"https:\\\/\\\/www.webdo.tn\\\/fr\\\/\"},{\"@type\":\"ListItem\",\"position\":2,\"name\":\"La T\u00e9l\u00e9 Nat 1 annonce, non sans fiert\u00e9, qu&rsquo;elle pourra d\u00e9sormais continuer \u00e0 appeler Marzouki le \u00ab\u00a0pr\u00e9sident provisoire\u00a0\u00bb\"}]},{\"@type\":\"WebSite\",\"@id\":\"https:\\\/\\\/www.webdo.tn\\\/fr\\\/#website\",\"url\":\"https:\\\/\\\/www.webdo.tn\\\/fr\\\/\",\"name\":\"webdo\",\"description\":\"Tunisie - News en Tunisie et \u00e0 l&#039;international sur Webdo.tn\",\"publisher\":{\"@id\":\"https:\\\/\\\/www.webdo.tn\\\/fr\\\/#organization\"},\"potentialAction\":[{\"@type\":\"SearchAction\",\"target\":{\"@type\":\"EntryPoint\",\"urlTemplate\":\"https:\\\/\\\/www.webdo.tn\\\/fr\\\/?s={search_term_string}\"},\"query-input\":{\"@type\":\"PropertyValueSpecification\",\"valueRequired\":true,\"valueName\":\"search_term_string\"}}],\"inLanguage\":\"fr-FR\"},{\"@type\":\"Organization\",\"@id\":\"https:\\\/\\\/www.webdo.tn\\\/fr\\\/#organization\",\"name\":\"Webdo\",\"alternateName\":\"Webdo.tn\",\"url\":\"https:\\\/\\\/www.webdo.tn\\\/fr\\\/\",\"logo\":{\"@type\":\"ImageObject\",\"inLanguage\":\"fr-FR\",\"@id\":\"https:\\\/\\\/www.webdo.tn\\\/fr\\\/#\\\/schema\\\/logo\\\/image\\\/\",\"url\":\"https:\\\/\\\/www.webdo.tn\\\/fr\\\/wp-content\\\/uploads\\\/2025\\\/06\\\/Webdo-Tunisie_168377.jpg\",\"contentUrl\":\"https:\\\/\\\/www.webdo.tn\\\/fr\\\/wp-content\\\/uploads\\\/2025\\\/06\\\/Webdo-Tunisie_168377.jpg\",\"width\":301,\"height\":301,\"caption\":\"Webdo\"},\"image\":{\"@id\":\"https:\\\/\\\/www.webdo.tn\\\/fr\\\/#\\\/schema\\\/logo\\\/image\\\/\"},\"sameAs\":[\"https:\\\/\\\/www.facebook.com\\\/webdotn\",\"https:\\\/\\\/x.com\\\/webdo_tn\"],\"description\":\"Webdo est un m\u00e9dia num\u00e9rique tunisien fond\u00e9 en 2010, sp\u00e9cialis\u00e9 dans l\u2019actualit\u00e9 nationale et internationale, l\u2019\u00e9conomie, la soci\u00e9t\u00e9 et les analyses politiques. Le site s\u2019adresse \u00e0 un large public francophone et couvre l\u2019information tunisienne en temps r\u00e9el.\",\"email\":\"redac@webdo.tn\",\"legalName\":\"YNJ SARL\",\"foundingDate\":\"2010-09-06\",\"numberOfEmployees\":{\"@type\":\"QuantitativeValue\",\"minValue\":\"11\",\"maxValue\":\"50\"}},{\"@type\":\"Person\",\"@id\":\"https:\\\/\\\/www.webdo.tn\\\/fr\\\/#\\\/schema\\\/person\\\/9a9c6118d687c117df8ef3cc36a4d175\",\"name\":\"webdo.tn\",\"image\":{\"@type\":\"ImageObject\",\"inLanguage\":\"fr-FR\",\"@id\":\"https:\\\/\\\/secure.gravatar.com\\\/avatar\\\/7ce1f28c0c3bbac99ff550b85ef8e44a6950c6ee24514fb6a5489e51d06f0298?s=96&d=mm&r=g\",\"url\":\"https:\\\/\\\/secure.gravatar.com\\\/avatar\\\/7ce1f28c0c3bbac99ff550b85ef8e44a6950c6ee24514fb6a5489e51d06f0298?s=96&d=mm&r=g\",\"contentUrl\":\"https:\\\/\\\/secure.gravatar.com\\\/avatar\\\/7ce1f28c0c3bbac99ff550b85ef8e44a6950c6ee24514fb6a5489e51d06f0298?s=96&d=mm&r=g\",\"caption\":\"webdo.tn\"},\"url\":\"https:\\\/\\\/www.webdo.tn\\\/fr\\\/actualite\\\/author\\\/webdotn\\\/\"}]}<\/script>\n<!-- \/ Yoast SEO Premium plugin. -->","yoast_head_json":{"title":"La T\u00e9l\u00e9 Nat 1 annonce, non sans fiert\u00e9, qu'elle pourra d\u00e9sormais continuer \u00e0 appeler Marzouki le pr\u00e9sident provisoire","description":"La T\u00e9l\u00e9 Nat 1 annonce, non sans fiert\u00e9, qu'elle pourra d\u00e9sormais continuer \u00e0 appeler Marzouki le pr\u00e9sident provisoire","canonical":"https:\/\/www.webdo.tn\/fr\/actualite\/national-45\/la-tele-nat-1-annonce-non-sans-fierte-quelle-pourra-desormais-continuer-a-appeler-marzouki-le-president-provisoire\/172212\/","og_locale":"fr_FR","og_type":"article","og_title":"La T\u00e9l\u00e9 Nat 1 annonce, non sans fiert\u00e9, qu'elle pourra d\u00e9sormais continuer \u00e0 appeler Marzouki le \"pr\u00e9sident provisoire\"","og_description":"La T\u00e9l\u00e9 Nat 1 annonce, non sans fiert\u00e9, qu'elle pourra d\u00e9sormais continuer \u00e0 appeler Marzouki le pr\u00e9sident provisoire","og_url":"https:\/\/www.webdo.tn\/fr\/actualite\/national-45\/la-tele-nat-1-annonce-non-sans-fierte-quelle-pourra-desormais-continuer-a-appeler-marzouki-le-president-provisoire\/172212\/","og_site_name":"webdo","article_publisher":"https:\/\/www.facebook.com\/webdotn","article_published_time":"2012-02-13T18:08:00+00:00","og_image":[{"width":283,"height":195,"url":"https:\/\/www.webdo.tn\/fr\/wp-content\/uploads\/2012\/02\/Moncef-Marzouki-photo-bbc.co_.uk_-2.jpg","type":"image\/jpeg"}],"author":"webdo.tn","twitter_card":"summary_large_image","twitter_creator":"@webdo_tn","twitter_site":"@webdo_tn","twitter_misc":{"\u00c9crit par":"webdo.tn","Dur\u00e9e de lecture estim\u00e9e":"1 minute"},"schema":{"@context":"https:\/\/schema.org","@graph":[{"@type":"NewsArticle","@id":"https:\/\/www.webdo.tn\/fr\/actualite\/national-45\/la-tele-nat-1-annonce-non-sans-fierte-quelle-pourra-desormais-continuer-a-appeler-marzouki-le-president-provisoire\/172212\/#article","isPartOf":{"@id":"https:\/\/www.webdo.tn\/fr\/actualite\/national-45\/la-tele-nat-1-annonce-non-sans-fierte-quelle-pourra-desormais-continuer-a-appeler-marzouki-le-president-provisoire\/172212\/"},"author":{"name":"webdo.tn","@id":"https:\/\/www.webdo.tn\/fr\/#\/schema\/person\/9a9c6118d687c117df8ef3cc36a4d175"},"headline":"La T\u00e9l\u00e9 Nat 1 annonce, non sans fiert\u00e9, qu&rsquo;elle pourra d\u00e9sormais continuer \u00e0 appeler Marzouki le \u00ab\u00a0pr\u00e9sident provisoire\u00a0\u00bb","datePublished":"2012-02-13T18:08:00+00:00","mainEntityOfPage":{"@id":"https:\/\/www.webdo.tn\/fr\/actualite\/national-45\/la-tele-nat-1-annonce-non-sans-fierte-quelle-pourra-desormais-continuer-a-appeler-marzouki-le-president-provisoire\/172212\/"},"wordCount":185,"commentCount":0,"publisher":{"@id":"https:\/\/www.webdo.tn\/fr\/#organization"},"image":{"@id":"https:\/\/www.webdo.tn\/fr\/actualite\/national-45\/la-tele-nat-1-annonce-non-sans-fierte-quelle-pourra-desormais-continuer-a-appeler-marzouki-le-president-provisoire\/172212\/#primaryimage"},"thumbnailUrl":"https:\/\/www.webdo.tn\/fr\/wp-content\/uploads\/2012\/02\/Moncef-Marzouki-photo-bbc.co_.uk_-2.jpg","keywords":["guerre"],"articleSection":["National"],"inLanguage":"fr-FR"},{"@type":"WebPage","@id":"https:\/\/www.webdo.tn\/fr\/actualite\/national-45\/la-tele-nat-1-annonce-non-sans-fierte-quelle-pourra-desormais-continuer-a-appeler-marzouki-le-president-provisoire\/172212\/","url":"https:\/\/www.webdo.tn\/fr\/actualite\/national-45\/la-tele-nat-1-annonce-non-sans-fierte-quelle-pourra-desormais-continuer-a-appeler-marzouki-le-president-provisoire\/172212\/","name":"La T\u00e9l\u00e9 Nat 1 annonce, non sans fiert\u00e9, qu'elle pourra d\u00e9sormais continuer \u00e0 appeler Marzouki le pr\u00e9sident provisoire","isPartOf":{"@id":"https:\/\/www.webdo.tn\/fr\/#website"},"primaryImageOfPage":{"@id":"https:\/\/www.webdo.tn\/fr\/actualite\/national-45\/la-tele-nat-1-annonce-non-sans-fierte-quelle-pourra-desormais-continuer-a-appeler-marzouki-le-president-provisoire\/172212\/#primaryimage"},"image":{"@id":"https:\/\/www.webdo.tn\/fr\/actualite\/national-45\/la-tele-nat-1-annonce-non-sans-fierte-quelle-pourra-desormais-continuer-a-appeler-marzouki-le-president-provisoire\/172212\/#primaryimage"},"thumbnailUrl":"https:\/\/www.webdo.tn\/fr\/wp-content\/uploads\/2012\/02\/Moncef-Marzouki-photo-bbc.co_.uk_-2.jpg","datePublished":"2012-02-13T18:08:00+00:00","description":"La T\u00e9l\u00e9 Nat 1 annonce, non sans fiert\u00e9, qu'elle pourra d\u00e9sormais continuer \u00e0 appeler Marzouki le pr\u00e9sident provisoire","breadcrumb":{"@id":"https:\/\/www.webdo.tn\/fr\/actualite\/national-45\/la-tele-nat-1-annonce-non-sans-fierte-quelle-pourra-desormais-continuer-a-appeler-marzouki-le-president-provisoire\/172212\/#breadcrumb"},"inLanguage":"fr-FR","potentialAction":[{"@type":"ReadAction","target":["https:\/\/www.webdo.tn\/fr\/actualite\/national-45\/la-tele-nat-1-annonce-non-sans-fierte-quelle-pourra-desormais-continuer-a-appeler-marzouki-le-president-provisoire\/172212\/"]}]},{"@type":"ImageObject","inLanguage":"fr-FR","@id":"https:\/\/www.webdo.tn\/fr\/actualite\/national-45\/la-tele-nat-1-annonce-non-sans-fierte-quelle-pourra-desormais-continuer-a-appeler-marzouki-le-president-provisoire\/172212\/#primaryimage","url":"https:\/\/www.webdo.tn\/fr\/wp-content\/uploads\/2012\/02\/Moncef-Marzouki-photo-bbc.co_.uk_-2.jpg","contentUrl":"https:\/\/www.webdo.tn\/fr\/wp-content\/uploads\/2012\/02\/Moncef-Marzouki-photo-bbc.co_.uk_-2.jpg","width":283,"height":195,"caption":"La T\u00e9l\u00e9 Nat 1 annonce, non sans fiert\u00e9, qu'elle pourra d\u00e9sormais continuer \u00e0 appeler Marzouki le \"pr\u00e9sident provisoire\""},{"@type":"BreadcrumbList","@id":"https:\/\/www.webdo.tn\/fr\/actualite\/national-45\/la-tele-nat-1-annonce-non-sans-fierte-quelle-pourra-desormais-continuer-a-appeler-marzouki-le-president-provisoire\/172212\/#breadcrumb","itemListElement":[{"@type":"ListItem","position":1,"name":"Accueil","item":"https:\/\/www.webdo.tn\/fr\/"},{"@type":"ListItem","position":2,"name":"La T\u00e9l\u00e9 Nat 1 annonce, non sans fiert\u00e9, qu&rsquo;elle pourra d\u00e9sormais continuer \u00e0 appeler Marzouki le \u00ab\u00a0pr\u00e9sident provisoire\u00a0\u00bb"}]},{"@type":"WebSite","@id":"https:\/\/www.webdo.tn\/fr\/#website","url":"https:\/\/www.webdo.tn\/fr\/","name":"webdo","description":"Tunisie - News en Tunisie et \u00e0 l&#039;international sur Webdo.tn","publisher":{"@id":"https:\/\/www.webdo.tn\/fr\/#organization"},"potentialAction":[{"@type":"SearchAction","target":{"@type":"EntryPoint","urlTemplate":"https:\/\/www.webdo.tn\/fr\/?s={search_term_string}"},"query-input":{"@type":"PropertyValueSpecification","valueRequired":true,"valueName":"search_term_string"}}],"inLanguage":"fr-FR"},{"@type":"Organization","@id":"https:\/\/www.webdo.tn\/fr\/#organization","name":"Webdo","alternateName":"Webdo.tn","url":"https:\/\/www.webdo.tn\/fr\/","logo":{"@type":"ImageObject","inLanguage":"fr-FR","@id":"https:\/\/www.webdo.tn\/fr\/#\/schema\/logo\/image\/","url":"https:\/\/www.webdo.tn\/fr\/wp-content\/uploads\/2025\/06\/Webdo-Tunisie_168377.jpg","contentUrl":"https:\/\/www.webdo.tn\/fr\/wp-content\/uploads\/2025\/06\/Webdo-Tunisie_168377.jpg","width":301,"height":301,"caption":"Webdo"},"image":{"@id":"https:\/\/www.webdo.tn\/fr\/#\/schema\/logo\/image\/"},"sameAs":["https:\/\/www.facebook.com\/webdotn","https:\/\/x.com\/webdo_tn"],"description":"Webdo est un m\u00e9dia num\u00e9rique tunisien fond\u00e9 en 2010, sp\u00e9cialis\u00e9 dans l\u2019actualit\u00e9 nationale et internationale, l\u2019\u00e9conomie, la soci\u00e9t\u00e9 et les analyses politiques. Le site s\u2019adresse \u00e0 un large public francophone et couvre l\u2019information tunisienne en temps r\u00e9el.","email":"redac@webdo.tn","legalName":"YNJ SARL","foundingDate":"2010-09-06","numberOfEmployees":{"@type":"QuantitativeValue","minValue":"11","maxValue":"50"}},{"@type":"Person","@id":"https:\/\/www.webdo.tn\/fr\/#\/schema\/person\/9a9c6118d687c117df8ef3cc36a4d175","name":"webdo.tn","image":{"@type":"ImageObject","inLanguage":"fr-FR","@id":"https:\/\/secure.gravatar.com\/avatar\/7ce1f28c0c3bbac99ff550b85ef8e44a6950c6ee24514fb6a5489e51d06f0298?s=96&d=mm&r=g","url":"https:\/\/secure.gravatar.com\/avatar\/7ce1f28c0c3bbac99ff550b85ef8e44a6950c6ee24514fb6a5489e51d06f0298?s=96&d=mm&r=g","contentUrl":"https:\/\/secure.gravatar.com\/avatar\/7ce1f28c0c3bbac99ff550b85ef8e44a6950c6ee24514fb6a5489e51d06f0298?s=96&d=mm&r=g","caption":"webdo.tn"},"url":"https:\/\/www.webdo.tn\/fr\/actualite\/author\/webdotn\/"}]}},"_links":{"self":[{"href":"https:\/\/www.webdo.tn\/fr\/wp-json\/wp\/v2\/posts\/172212","targetHints":{"allow":["GET"]}}],"collection":[{"href":"https:\/\/www.webdo.tn\/fr\/wp-json\/wp\/v2\/posts"}],"about":[{"href":"https:\/\/www.webdo.tn\/fr\/wp-json\/wp\/v2\/types\/post"}],"author":[{"embeddable":true,"href":"https:\/\/www.webdo.tn\/fr\/wp-json\/wp\/v2\/users\/3222"}],"replies":[{"embeddable":true,"href":"https:\/\/www.webdo.tn\/fr\/wp-json\/wp\/v2\/comments?post=172212"}],"version-history":[{"count":0,"href":"https:\/\/www.webdo.tn\/fr\/wp-json\/wp\/v2\/posts\/172212\/revisions"}],"wp:featuredmedia":[{"embeddable":true,"href":"https:\/\/www.webdo.tn\/fr\/wp-json\/wp\/v2\/media\/334045"}],"wp:attachment":[{"href":"https:\/\/www.webdo.tn\/fr\/wp-json\/wp\/v2\/media?parent=172212"}],"wp:term":[{"taxonomy":"category","embeddable":true,"href":"https:\/\/www.webdo.tn\/fr\/wp-json\/wp\/v2\/categories?post=172212"},{"taxonomy":"post_tag","embeddable":true,"href":"https:\/\/www.webdo.tn\/fr\/wp-json\/wp\/v2\/tags?post=172212"}],"curies":[{"name":"wp","href":"https:\/\/api.w.org\/{rel}","templated":true}]}}