{"id":172211,"date":"2012-02-13T20:03:00","date_gmt":"2012-02-13T20:03:00","guid":{"rendered":"https:\/\/www.webdo.tn\/fr\/blog\/marzouki-face-a-la-violence-on-connait-ceux-qui-sont-derriere-mais-c-est-la-democratie\/172211\/"},"modified":"2012-02-13T20:03:00","modified_gmt":"2012-02-13T20:03:00","slug":"marzouki-face-a-la-violence-on-connait-ceux-qui-sont-derriere-mais-c-est-la-democratie","status":"publish","type":"post","link":"https:\/\/www.webdo.tn\/fr\/actualite\/national\/marzouki-face-a-la-violence-on-connait-ceux-qui-sont-derriere-mais-c-est-la-democratie\/172211\/","title":{"rendered":"Marzouki face \u00e0 la violence : \u00ab\u00a0on conna\u00eet ceux qui sont derri\u00e8re, mais c\u2019est la d\u00e9mocratie\u00a0\u00bb !"},"content":{"rendered":"<p>Pratiquement \u00e0 chaque rencontre avec la presse locale et \u00e9trang\u00e8re, Moncef Marzouki devait r\u00e9pondre dans le m\u00eame style et dans le m\u00eame esprit \u00e0 la question sur le ph\u00e9nom\u00e8ne des sit-in, des barrages routiers et les troubles. L\u2019interview qu\u2019il a livr\u00e9e le 12 courant \u00e0 la BBC reproduite par Shems FM n\u2019a pas d\u00e9rog\u00e9 \u00e0 la r\u00e8gle (\u00e9couter l&rsquo;enregistrement en bas de page).<\/p>\n<p>Dans sa r\u00e9ponse \u00e0 cette question, le Pr\u00e9sident a d\u00e9clar\u00e9 que derri\u00e8re ces manifestations de violence, des hommes de main ayant appartenu \u00e0 l\u2019ancien r\u00e9gime agissent et profitent. Selon Marzouki, l\u2019\u00c9tat d\u00e9tient des informations pr\u00e9cises sur ces personnes et leur fa\u00e7on de proc\u00e9der. Ils distribuent de l\u2019argent aux jeunes ch\u00f4meurs et aux pauvres et les incitent \u00e0 s\u2019adonner \u00e0 ces actes pour emp\u00eacher le retour \u00e0 la normale.<\/p>\n<p>Et Marzouki ajoute :\u00ab on les conna\u00eet par leur nom un \u00e0 un, on a les preuves, la loi sera appliqu\u00e9e, la justice leur fera assumer leur responsabilit\u00e9 \u2026. mais au nom de la d\u00e9mocratie on doit accepter ces agissement\u00bb, comprendre par cela qu&rsquo;on ne doit pas les d\u00e9noncer et qu&rsquo;on ne doit rien faire de palpable pour les stopper.<\/p>\n<p>Au fait, ce n\u2019est pas la premi\u00e8re fois qu\u2019un responsable politique de premier ordre avance des affirmations dans ce sens. Mais au niveau des solutions  et des mesures \u00e0 prendre, rien n\u2019est annonc\u00e9 sauf \u00e0 rappeler que nul n\u2019est au dessus de la loi et que personne n\u2019est \u00e0 l\u2019abri des poursuites. C\u2019est d\u2019ailleurs dans ces m\u00eames termes que s\u2019est exprim\u00e9 le premier ministre, Hammadi Jebali dans une interview accord\u00e9e \u00e0 3 cha\u00eenes de t\u00e9l\u00e9vision tunisienne le 21 janvier 2012, accusant, sans les citer des partis et des personnes de mettre de l\u2019huile sur le feu.<\/p>\n<p>Le nouveau dans les r\u00e9centes d\u00e9clarations de Moncef Marzouki est de faire valoir la maturit\u00e9 et le degr\u00e9 de conscience du peuple tunisien pour d\u00e9jouer les manoeuvres contre-r\u00e9volutionnaires .<\/p>\n<p>Facile \u00e0 dire quand on est bien au chaud et quand on n\u2019a pas de soucis pour subvenir \u00e0 des besoins vitaux. Malheureusement , les reportages journalistiques et t\u00e9l\u00e9vis\u00e9s dans plusieurs r\u00e9gions de l\u2019int\u00e9rieur ont mis \u00e0 nu une v\u00e9rit\u00e9 ahurissante que l\u2019ancien r\u00e9gime a r\u00e9ussi \u00e0 masquer. En effet, personne ne s\u2019imaginait que la paup\u00e9risation et l\u2019indigence pouvaient atteindre des niveaux aussi alarmants et toucher de larges fractions de la population.<\/p>\n<p>Pour ces milliers de laiss\u00e9s pour compte , condamn\u00e9s \u00e0 rester dans la mis\u00e8re noire malgr\u00e9 le bien-\u00eatre promis, le peu d\u2019argent qu\u2019on leur propose n\u2019est que le bienvenu pour les aider \u00e0 vivoter, ind\u00e9pendamment des mobiles et des intentions. Il faut se mettre \u00e0 leur place pour comprendre leur attitude, car chaque usage \u00e0 ses raisons que la raison ne conna\u00eet pas.<\/p>\n<p>En attendant de voir le bout du tunnel, que doit \u2013on faire pour mettre un terme \u00e0 cette situation o\u00f9 d\u2019une part, des personnes vivant bien en de\u00e7\u00e0 du seuil de la pauvret\u00e9 n\u2019ont plus confiance aux discours, et o\u00f9 d\u2019autre part, des miliciens du RCD et d\u2019anciens responsables dans l\u2019administration r\u00e9gionale, parmi les d\u00e9l\u00e9gu\u00e9s et chefs de secteurs, dont malheureusement certains sont encore en activit\u00e9, s\u2019en servent dans le cadre de leur projet.<\/p>\n","protected":false},"excerpt":{"rendered":"<p>Marzouki face \u00e0 la violence :  on conna\u00eet ceux qui sont derri\u00e8re, mais c\u2019est la d\u00e9mocratie  !<\/p>\n","protected":false},"author":3222,"featured_media":374505,"comment_status":"open","ping_status":"closed","sticky":false,"template":"","format":"standard","meta":{"footnotes":""},"categories":[44],"tags":[2600],"class_list":["post-172211","post","type-post","status-publish","format-standard","has-post-thumbnail","hentry","category-national","tag-guerre"],"yoast_head":"<!-- This site is optimized with the Yoast SEO Premium plugin v27.5 (Yoast SEO v27.5) - https:\/\/yoast.com\/product\/yoast-seo-premium-wordpress\/ -->\n<title>Marzouki face \u00e0 la violence : on conna\u00eet ceux qui sont derri\u00e8re, mais c\u2019est la d\u00e9mocratie !<\/title>\n<meta name=\"description\" content=\"Marzouki face \u00e0 la violence : on conna\u00eet ceux qui sont derri\u00e8re, mais c\u2019est la d\u00e9mocratie !\" \/>\n<link rel=\"canonical\" href=\"https:\/\/www.webdo.tn\/fr\/actualite\/national-45\/marzouki-face-a-la-violence-on-connait-ceux-qui-sont-derriere-mais-c-est-la-democratie\/172211\/\" \/>\n<meta property=\"og:locale\" content=\"fr_FR\" \/>\n<meta property=\"og:type\" content=\"article\" \/>\n<meta property=\"og:title\" content=\"Marzouki face \u00e0 la violence : &quot;on conna\u00eet ceux qui sont derri\u00e8re, mais c\u2019est la d\u00e9mocratie&quot; !\" \/>\n<meta property=\"og:description\" content=\"Marzouki face \u00e0 la violence : on conna\u00eet ceux qui sont derri\u00e8re, mais c\u2019est la d\u00e9mocratie !\" \/>\n<meta property=\"og:url\" content=\"https:\/\/www.webdo.tn\/fr\/actualite\/national-45\/marzouki-face-a-la-violence-on-connait-ceux-qui-sont-derriere-mais-c-est-la-democratie\/172211\/\" \/>\n<meta property=\"og:site_name\" content=\"webdo\" \/>\n<meta property=\"article:publisher\" content=\"https:\/\/www.facebook.com\/webdotn\" \/>\n<meta property=\"article:published_time\" content=\"2012-02-13T20:03:00+00:00\" \/>\n<meta name=\"author\" content=\"webdo.tn\" \/>\n<meta name=\"twitter:card\" content=\"summary_large_image\" \/>\n<meta name=\"twitter:creator\" content=\"@webdo_tn\" \/>\n<meta name=\"twitter:site\" content=\"@webdo_tn\" \/>\n<meta name=\"twitter:label1\" content=\"\u00c9crit par\" \/>\n\t<meta name=\"twitter:data1\" content=\"webdo.tn\" \/>\n\t<meta name=\"twitter:label2\" content=\"Dur\u00e9e de lecture estim\u00e9e\" \/>\n\t<meta name=\"twitter:data2\" content=\"3 minutes\" \/>\n<script type=\"application\/ld+json\" class=\"yoast-schema-graph\">{\"@context\":\"https:\\\/\\\/schema.org\",\"@graph\":[{\"@type\":\"NewsArticle\",\"@id\":\"https:\\\/\\\/www.webdo.tn\\\/fr\\\/actualite\\\/national-45\\\/marzouki-face-a-la-violence-on-connait-ceux-qui-sont-derriere-mais-c-est-la-democratie\\\/172211\\\/#article\",\"isPartOf\":{\"@id\":\"https:\\\/\\\/www.webdo.tn\\\/fr\\\/actualite\\\/national-45\\\/marzouki-face-a-la-violence-on-connait-ceux-qui-sont-derriere-mais-c-est-la-democratie\\\/172211\\\/\"},\"author\":{\"name\":\"webdo.tn\",\"@id\":\"https:\\\/\\\/www.webdo.tn\\\/fr\\\/#\\\/schema\\\/person\\\/9a9c6118d687c117df8ef3cc36a4d175\"},\"headline\":\"Marzouki face \u00e0 la violence : \u00ab\u00a0on conna\u00eet ceux qui sont derri\u00e8re, mais c\u2019est la d\u00e9mocratie\u00a0\u00bb !\",\"datePublished\":\"2012-02-13T20:03:00+00:00\",\"mainEntityOfPage\":{\"@id\":\"https:\\\/\\\/www.webdo.tn\\\/fr\\\/actualite\\\/national-45\\\/marzouki-face-a-la-violence-on-connait-ceux-qui-sont-derriere-mais-c-est-la-democratie\\\/172211\\\/\"},\"wordCount\":598,\"commentCount\":0,\"publisher\":{\"@id\":\"https:\\\/\\\/www.webdo.tn\\\/fr\\\/#organization\"},\"image\":{\"@id\":\"https:\\\/\\\/www.webdo.tn\\\/fr\\\/actualite\\\/national-45\\\/marzouki-face-a-la-violence-on-connait-ceux-qui-sont-derriere-mais-c-est-la-democratie\\\/172211\\\/#primaryimage\"},\"thumbnailUrl\":\"https:\\\/\\\/www.webdo.tn\\\/fr\\\/wp-content\\\/uploads\\\/2025\\\/06\\\/Interview-de-Moncef-Marzouki-a-BBC-12-fevrier-2012_172211.jpg\",\"keywords\":[\"guerre\"],\"articleSection\":[\"National\"],\"inLanguage\":\"fr-FR\"},{\"@type\":\"WebPage\",\"@id\":\"https:\\\/\\\/www.webdo.tn\\\/fr\\\/actualite\\\/national-45\\\/marzouki-face-a-la-violence-on-connait-ceux-qui-sont-derriere-mais-c-est-la-democratie\\\/172211\\\/\",\"url\":\"https:\\\/\\\/www.webdo.tn\\\/fr\\\/actualite\\\/national-45\\\/marzouki-face-a-la-violence-on-connait-ceux-qui-sont-derriere-mais-c-est-la-democratie\\\/172211\\\/\",\"name\":\"Marzouki face \u00e0 la violence : on conna\u00eet ceux qui sont derri\u00e8re, mais c\u2019est la d\u00e9mocratie !\",\"isPartOf\":{\"@id\":\"https:\\\/\\\/www.webdo.tn\\\/fr\\\/#website\"},\"primaryImageOfPage\":{\"@id\":\"https:\\\/\\\/www.webdo.tn\\\/fr\\\/actualite\\\/national-45\\\/marzouki-face-a-la-violence-on-connait-ceux-qui-sont-derriere-mais-c-est-la-democratie\\\/172211\\\/#primaryimage\"},\"image\":{\"@id\":\"https:\\\/\\\/www.webdo.tn\\\/fr\\\/actualite\\\/national-45\\\/marzouki-face-a-la-violence-on-connait-ceux-qui-sont-derriere-mais-c-est-la-democratie\\\/172211\\\/#primaryimage\"},\"thumbnailUrl\":\"https:\\\/\\\/www.webdo.tn\\\/fr\\\/wp-content\\\/uploads\\\/2025\\\/06\\\/Interview-de-Moncef-Marzouki-a-BBC-12-fevrier-2012_172211.jpg\",\"datePublished\":\"2012-02-13T20:03:00+00:00\",\"description\":\"Marzouki face \u00e0 la violence : on conna\u00eet ceux qui sont derri\u00e8re, mais c\u2019est la d\u00e9mocratie !\",\"breadcrumb\":{\"@id\":\"https:\\\/\\\/www.webdo.tn\\\/fr\\\/actualite\\\/national-45\\\/marzouki-face-a-la-violence-on-connait-ceux-qui-sont-derriere-mais-c-est-la-democratie\\\/172211\\\/#breadcrumb\"},\"inLanguage\":\"fr-FR\",\"potentialAction\":[{\"@type\":\"ReadAction\",\"target\":[\"https:\\\/\\\/www.webdo.tn\\\/fr\\\/actualite\\\/national-45\\\/marzouki-face-a-la-violence-on-connait-ceux-qui-sont-derriere-mais-c-est-la-democratie\\\/172211\\\/\"]}]},{\"@type\":\"ImageObject\",\"inLanguage\":\"fr-FR\",\"@id\":\"https:\\\/\\\/www.webdo.tn\\\/fr\\\/actualite\\\/national-45\\\/marzouki-face-a-la-violence-on-connait-ceux-qui-sont-derriere-mais-c-est-la-democratie\\\/172211\\\/#primaryimage\",\"url\":\"https:\\\/\\\/www.webdo.tn\\\/fr\\\/wp-content\\\/uploads\\\/2025\\\/06\\\/Interview-de-Moncef-Marzouki-a-BBC-12-fevrier-2012_172211.jpg\",\"contentUrl\":\"https:\\\/\\\/www.webdo.tn\\\/fr\\\/wp-content\\\/uploads\\\/2025\\\/06\\\/Interview-de-Moncef-Marzouki-a-BBC-12-fevrier-2012_172211.jpg\",\"width\":301,\"height\":208,\"caption\":\"Marzouki face \u00e0 la violence : \\\"on conna\u00eet ceux qui sont derri\u00e8re, mais c\u2019est la d\u00e9mocratie\\\" !\"},{\"@type\":\"BreadcrumbList\",\"@id\":\"https:\\\/\\\/www.webdo.tn\\\/fr\\\/actualite\\\/national-45\\\/marzouki-face-a-la-violence-on-connait-ceux-qui-sont-derriere-mais-c-est-la-democratie\\\/172211\\\/#breadcrumb\",\"itemListElement\":[{\"@type\":\"ListItem\",\"position\":1,\"name\":\"Accueil\",\"item\":\"https:\\\/\\\/www.webdo.tn\\\/fr\\\/\"},{\"@type\":\"ListItem\",\"position\":2,\"name\":\"Marzouki face \u00e0 la violence : \u00ab\u00a0on conna\u00eet ceux qui sont derri\u00e8re, mais c\u2019est la d\u00e9mocratie\u00a0\u00bb !\"}]},{\"@type\":\"WebSite\",\"@id\":\"https:\\\/\\\/www.webdo.tn\\\/fr\\\/#website\",\"url\":\"https:\\\/\\\/www.webdo.tn\\\/fr\\\/\",\"name\":\"webdo\",\"description\":\"Tunisie - News en Tunisie et \u00e0 l&#039;international sur Webdo.tn\",\"publisher\":{\"@id\":\"https:\\\/\\\/www.webdo.tn\\\/fr\\\/#organization\"},\"potentialAction\":[{\"@type\":\"SearchAction\",\"target\":{\"@type\":\"EntryPoint\",\"urlTemplate\":\"https:\\\/\\\/www.webdo.tn\\\/fr\\\/?s={search_term_string}\"},\"query-input\":{\"@type\":\"PropertyValueSpecification\",\"valueRequired\":true,\"valueName\":\"search_term_string\"}}],\"inLanguage\":\"fr-FR\"},{\"@type\":\"Organization\",\"@id\":\"https:\\\/\\\/www.webdo.tn\\\/fr\\\/#organization\",\"name\":\"Webdo\",\"alternateName\":\"Webdo.tn\",\"url\":\"https:\\\/\\\/www.webdo.tn\\\/fr\\\/\",\"logo\":{\"@type\":\"ImageObject\",\"inLanguage\":\"fr-FR\",\"@id\":\"https:\\\/\\\/www.webdo.tn\\\/fr\\\/#\\\/schema\\\/logo\\\/image\\\/\",\"url\":\"https:\\\/\\\/www.webdo.tn\\\/fr\\\/wp-content\\\/uploads\\\/2025\\\/06\\\/Webdo-Tunisie_168377.jpg\",\"contentUrl\":\"https:\\\/\\\/www.webdo.tn\\\/fr\\\/wp-content\\\/uploads\\\/2025\\\/06\\\/Webdo-Tunisie_168377.jpg\",\"width\":301,\"height\":301,\"caption\":\"Webdo\"},\"image\":{\"@id\":\"https:\\\/\\\/www.webdo.tn\\\/fr\\\/#\\\/schema\\\/logo\\\/image\\\/\"},\"sameAs\":[\"https:\\\/\\\/www.facebook.com\\\/webdotn\",\"https:\\\/\\\/x.com\\\/webdo_tn\"],\"description\":\"Webdo est un m\u00e9dia num\u00e9rique tunisien fond\u00e9 en 2010, sp\u00e9cialis\u00e9 dans l\u2019actualit\u00e9 nationale et internationale, l\u2019\u00e9conomie, la soci\u00e9t\u00e9 et les analyses politiques. Le site s\u2019adresse \u00e0 un large public francophone et couvre l\u2019information tunisienne en temps r\u00e9el.\",\"email\":\"redac@webdo.tn\",\"legalName\":\"YNJ SARL\",\"foundingDate\":\"2010-09-06\",\"numberOfEmployees\":{\"@type\":\"QuantitativeValue\",\"minValue\":\"11\",\"maxValue\":\"50\"}},{\"@type\":\"Person\",\"@id\":\"https:\\\/\\\/www.webdo.tn\\\/fr\\\/#\\\/schema\\\/person\\\/9a9c6118d687c117df8ef3cc36a4d175\",\"name\":\"webdo.tn\",\"image\":{\"@type\":\"ImageObject\",\"inLanguage\":\"fr-FR\",\"@id\":\"https:\\\/\\\/secure.gravatar.com\\\/avatar\\\/7ce1f28c0c3bbac99ff550b85ef8e44a6950c6ee24514fb6a5489e51d06f0298?s=96&d=mm&r=g\",\"url\":\"https:\\\/\\\/secure.gravatar.com\\\/avatar\\\/7ce1f28c0c3bbac99ff550b85ef8e44a6950c6ee24514fb6a5489e51d06f0298?s=96&d=mm&r=g\",\"contentUrl\":\"https:\\\/\\\/secure.gravatar.com\\\/avatar\\\/7ce1f28c0c3bbac99ff550b85ef8e44a6950c6ee24514fb6a5489e51d06f0298?s=96&d=mm&r=g\",\"caption\":\"webdo.tn\"},\"url\":\"https:\\\/\\\/www.webdo.tn\\\/fr\\\/actualite\\\/author\\\/webdotn\\\/\"}]}<\/script>\n<!-- \/ Yoast SEO Premium plugin. -->","yoast_head_json":{"title":"Marzouki face \u00e0 la violence : on conna\u00eet ceux qui sont derri\u00e8re, mais c\u2019est la d\u00e9mocratie !","description":"Marzouki face \u00e0 la violence : on conna\u00eet ceux qui sont derri\u00e8re, mais c\u2019est la d\u00e9mocratie !","canonical":"https:\/\/www.webdo.tn\/fr\/actualite\/national-45\/marzouki-face-a-la-violence-on-connait-ceux-qui-sont-derriere-mais-c-est-la-democratie\/172211\/","og_locale":"fr_FR","og_type":"article","og_title":"Marzouki face \u00e0 la violence : \"on conna\u00eet ceux qui sont derri\u00e8re, mais c\u2019est la d\u00e9mocratie\" !","og_description":"Marzouki face \u00e0 la violence : on conna\u00eet ceux qui sont derri\u00e8re, mais c\u2019est la d\u00e9mocratie !","og_url":"https:\/\/www.webdo.tn\/fr\/actualite\/national-45\/marzouki-face-a-la-violence-on-connait-ceux-qui-sont-derriere-mais-c-est-la-democratie\/172211\/","og_site_name":"webdo","article_publisher":"https:\/\/www.facebook.com\/webdotn","article_published_time":"2012-02-13T20:03:00+00:00","author":"webdo.tn","twitter_card":"summary_large_image","twitter_creator":"@webdo_tn","twitter_site":"@webdo_tn","twitter_misc":{"\u00c9crit par":"webdo.tn","Dur\u00e9e de lecture estim\u00e9e":"3 minutes"},"schema":{"@context":"https:\/\/schema.org","@graph":[{"@type":"NewsArticle","@id":"https:\/\/www.webdo.tn\/fr\/actualite\/national-45\/marzouki-face-a-la-violence-on-connait-ceux-qui-sont-derriere-mais-c-est-la-democratie\/172211\/#article","isPartOf":{"@id":"https:\/\/www.webdo.tn\/fr\/actualite\/national-45\/marzouki-face-a-la-violence-on-connait-ceux-qui-sont-derriere-mais-c-est-la-democratie\/172211\/"},"author":{"name":"webdo.tn","@id":"https:\/\/www.webdo.tn\/fr\/#\/schema\/person\/9a9c6118d687c117df8ef3cc36a4d175"},"headline":"Marzouki face \u00e0 la violence : \u00ab\u00a0on conna\u00eet ceux qui sont derri\u00e8re, mais c\u2019est la d\u00e9mocratie\u00a0\u00bb !","datePublished":"2012-02-13T20:03:00+00:00","mainEntityOfPage":{"@id":"https:\/\/www.webdo.tn\/fr\/actualite\/national-45\/marzouki-face-a-la-violence-on-connait-ceux-qui-sont-derriere-mais-c-est-la-democratie\/172211\/"},"wordCount":598,"commentCount":0,"publisher":{"@id":"https:\/\/www.webdo.tn\/fr\/#organization"},"image":{"@id":"https:\/\/www.webdo.tn\/fr\/actualite\/national-45\/marzouki-face-a-la-violence-on-connait-ceux-qui-sont-derriere-mais-c-est-la-democratie\/172211\/#primaryimage"},"thumbnailUrl":"https:\/\/www.webdo.tn\/fr\/wp-content\/uploads\/2025\/06\/Interview-de-Moncef-Marzouki-a-BBC-12-fevrier-2012_172211.jpg","keywords":["guerre"],"articleSection":["National"],"inLanguage":"fr-FR"},{"@type":"WebPage","@id":"https:\/\/www.webdo.tn\/fr\/actualite\/national-45\/marzouki-face-a-la-violence-on-connait-ceux-qui-sont-derriere-mais-c-est-la-democratie\/172211\/","url":"https:\/\/www.webdo.tn\/fr\/actualite\/national-45\/marzouki-face-a-la-violence-on-connait-ceux-qui-sont-derriere-mais-c-est-la-democratie\/172211\/","name":"Marzouki face \u00e0 la violence : on conna\u00eet ceux qui sont derri\u00e8re, mais c\u2019est la d\u00e9mocratie !","isPartOf":{"@id":"https:\/\/www.webdo.tn\/fr\/#website"},"primaryImageOfPage":{"@id":"https:\/\/www.webdo.tn\/fr\/actualite\/national-45\/marzouki-face-a-la-violence-on-connait-ceux-qui-sont-derriere-mais-c-est-la-democratie\/172211\/#primaryimage"},"image":{"@id":"https:\/\/www.webdo.tn\/fr\/actualite\/national-45\/marzouki-face-a-la-violence-on-connait-ceux-qui-sont-derriere-mais-c-est-la-democratie\/172211\/#primaryimage"},"thumbnailUrl":"https:\/\/www.webdo.tn\/fr\/wp-content\/uploads\/2025\/06\/Interview-de-Moncef-Marzouki-a-BBC-12-fevrier-2012_172211.jpg","datePublished":"2012-02-13T20:03:00+00:00","description":"Marzouki face \u00e0 la violence : on conna\u00eet ceux qui sont derri\u00e8re, mais c\u2019est la d\u00e9mocratie !","breadcrumb":{"@id":"https:\/\/www.webdo.tn\/fr\/actualite\/national-45\/marzouki-face-a-la-violence-on-connait-ceux-qui-sont-derriere-mais-c-est-la-democratie\/172211\/#breadcrumb"},"inLanguage":"fr-FR","potentialAction":[{"@type":"ReadAction","target":["https:\/\/www.webdo.tn\/fr\/actualite\/national-45\/marzouki-face-a-la-violence-on-connait-ceux-qui-sont-derriere-mais-c-est-la-democratie\/172211\/"]}]},{"@type":"ImageObject","inLanguage":"fr-FR","@id":"https:\/\/www.webdo.tn\/fr\/actualite\/national-45\/marzouki-face-a-la-violence-on-connait-ceux-qui-sont-derriere-mais-c-est-la-democratie\/172211\/#primaryimage","url":"https:\/\/www.webdo.tn\/fr\/wp-content\/uploads\/2025\/06\/Interview-de-Moncef-Marzouki-a-BBC-12-fevrier-2012_172211.jpg","contentUrl":"https:\/\/www.webdo.tn\/fr\/wp-content\/uploads\/2025\/06\/Interview-de-Moncef-Marzouki-a-BBC-12-fevrier-2012_172211.jpg","width":301,"height":208,"caption":"Marzouki face \u00e0 la violence : \"on conna\u00eet ceux qui sont derri\u00e8re, mais c\u2019est la d\u00e9mocratie\" !"},{"@type":"BreadcrumbList","@id":"https:\/\/www.webdo.tn\/fr\/actualite\/national-45\/marzouki-face-a-la-violence-on-connait-ceux-qui-sont-derriere-mais-c-est-la-democratie\/172211\/#breadcrumb","itemListElement":[{"@type":"ListItem","position":1,"name":"Accueil","item":"https:\/\/www.webdo.tn\/fr\/"},{"@type":"ListItem","position":2,"name":"Marzouki face \u00e0 la violence : \u00ab\u00a0on conna\u00eet ceux qui sont derri\u00e8re, mais c\u2019est la d\u00e9mocratie\u00a0\u00bb !"}]},{"@type":"WebSite","@id":"https:\/\/www.webdo.tn\/fr\/#website","url":"https:\/\/www.webdo.tn\/fr\/","name":"webdo","description":"Tunisie - News en Tunisie et \u00e0 l&#039;international sur Webdo.tn","publisher":{"@id":"https:\/\/www.webdo.tn\/fr\/#organization"},"potentialAction":[{"@type":"SearchAction","target":{"@type":"EntryPoint","urlTemplate":"https:\/\/www.webdo.tn\/fr\/?s={search_term_string}"},"query-input":{"@type":"PropertyValueSpecification","valueRequired":true,"valueName":"search_term_string"}}],"inLanguage":"fr-FR"},{"@type":"Organization","@id":"https:\/\/www.webdo.tn\/fr\/#organization","name":"Webdo","alternateName":"Webdo.tn","url":"https:\/\/www.webdo.tn\/fr\/","logo":{"@type":"ImageObject","inLanguage":"fr-FR","@id":"https:\/\/www.webdo.tn\/fr\/#\/schema\/logo\/image\/","url":"https:\/\/www.webdo.tn\/fr\/wp-content\/uploads\/2025\/06\/Webdo-Tunisie_168377.jpg","contentUrl":"https:\/\/www.webdo.tn\/fr\/wp-content\/uploads\/2025\/06\/Webdo-Tunisie_168377.jpg","width":301,"height":301,"caption":"Webdo"},"image":{"@id":"https:\/\/www.webdo.tn\/fr\/#\/schema\/logo\/image\/"},"sameAs":["https:\/\/www.facebook.com\/webdotn","https:\/\/x.com\/webdo_tn"],"description":"Webdo est un m\u00e9dia num\u00e9rique tunisien fond\u00e9 en 2010, sp\u00e9cialis\u00e9 dans l\u2019actualit\u00e9 nationale et internationale, l\u2019\u00e9conomie, la soci\u00e9t\u00e9 et les analyses politiques. Le site s\u2019adresse \u00e0 un large public francophone et couvre l\u2019information tunisienne en temps r\u00e9el.","email":"redac@webdo.tn","legalName":"YNJ SARL","foundingDate":"2010-09-06","numberOfEmployees":{"@type":"QuantitativeValue","minValue":"11","maxValue":"50"}},{"@type":"Person","@id":"https:\/\/www.webdo.tn\/fr\/#\/schema\/person\/9a9c6118d687c117df8ef3cc36a4d175","name":"webdo.tn","image":{"@type":"ImageObject","inLanguage":"fr-FR","@id":"https:\/\/secure.gravatar.com\/avatar\/7ce1f28c0c3bbac99ff550b85ef8e44a6950c6ee24514fb6a5489e51d06f0298?s=96&d=mm&r=g","url":"https:\/\/secure.gravatar.com\/avatar\/7ce1f28c0c3bbac99ff550b85ef8e44a6950c6ee24514fb6a5489e51d06f0298?s=96&d=mm&r=g","contentUrl":"https:\/\/secure.gravatar.com\/avatar\/7ce1f28c0c3bbac99ff550b85ef8e44a6950c6ee24514fb6a5489e51d06f0298?s=96&d=mm&r=g","caption":"webdo.tn"},"url":"https:\/\/www.webdo.tn\/fr\/actualite\/author\/webdotn\/"}]}},"_links":{"self":[{"href":"https:\/\/www.webdo.tn\/fr\/wp-json\/wp\/v2\/posts\/172211","targetHints":{"allow":["GET"]}}],"collection":[{"href":"https:\/\/www.webdo.tn\/fr\/wp-json\/wp\/v2\/posts"}],"about":[{"href":"https:\/\/www.webdo.tn\/fr\/wp-json\/wp\/v2\/types\/post"}],"author":[{"embeddable":true,"href":"https:\/\/www.webdo.tn\/fr\/wp-json\/wp\/v2\/users\/3222"}],"replies":[{"embeddable":true,"href":"https:\/\/www.webdo.tn\/fr\/wp-json\/wp\/v2\/comments?post=172211"}],"version-history":[{"count":0,"href":"https:\/\/www.webdo.tn\/fr\/wp-json\/wp\/v2\/posts\/172211\/revisions"}],"wp:featuredmedia":[{"embeddable":true,"href":"https:\/\/www.webdo.tn\/fr\/wp-json\/wp\/v2\/media\/374505"}],"wp:attachment":[{"href":"https:\/\/www.webdo.tn\/fr\/wp-json\/wp\/v2\/media?parent=172211"}],"wp:term":[{"taxonomy":"category","embeddable":true,"href":"https:\/\/www.webdo.tn\/fr\/wp-json\/wp\/v2\/categories?post=172211"},{"taxonomy":"post_tag","embeddable":true,"href":"https:\/\/www.webdo.tn\/fr\/wp-json\/wp\/v2\/tags?post=172211"}],"curies":[{"name":"wp","href":"https:\/\/api.w.org\/{rel}","templated":true}]}}