{"id":172209,"date":"2012-02-14T16:29:00","date_gmt":"2012-02-14T16:29:00","guid":{"rendered":"https:\/\/www.webdo.tn\/fr\/blog\/des-associations-et-des-avocats-comptent-porter-plainte-contre-wajdi-ghonim\/172209\/"},"modified":"2012-02-14T16:29:00","modified_gmt":"2012-02-14T16:29:00","slug":"des-associations-et-des-avocats-comptent-porter-plainte-contre-wajdi-ghonim","status":"publish","type":"post","link":"https:\/\/www.webdo.tn\/fr\/actualite\/national\/des-associations-et-des-avocats-comptent-porter-plainte-contre-wajdi-ghonim\/172209\/","title":{"rendered":"Des associations et des avocats comptent porter plainte contre Wajdi Ghonim"},"content":{"rendered":"<p>Suite \u00e0 la tournure tr\u00e8s grave que prennent actuellement les conf\u00e9rences du pr\u00e9dicateur Wajdi Ghonim en Tunisie et face \u00e0 ses appels \u00e0 la violence francs et clairs et son incitation \u00e0 la haine entre les citoyens d&rsquo;un m\u00eame pays, auxquels il faut ajouter un silence douteux des autorit\u00e9s, des avocats et des associations de la soci\u00e9t\u00e9 civile ont d\u00e9cid\u00e9 d\u2019intenter une action en justice contre les organisateurs de ces tourn\u00e9es.<\/p>\n<p>Me Bochra Belhadj Hmida a en effet annonc\u00e9 via le Courrier international qu&rsquo;elle comptait porter plainte contre ledit pr\u00e9dicateur et les associations qui l&rsquo;ont invit\u00e9. Par ailleurs, l&rsquo;association Parit\u00e9 et \u00c9galit\u00e9 a annonc\u00e9 qu&rsquo;elle a charg\u00e9 un groupe d&rsquo;avocats de porter plainte contre Wajdi Ghonim. <\/p>\n<p>Dans son c\u00f4t\u00e9, Kolna Tounes a adress\u00e9 aujourd\u2019hui, mardi 14 f\u00e9vrier 2012, \u00ab un courrier par voix d\u2019huissier notaire dans lequel il appelle le pr\u00e9sident de l\u2019Assembl\u00e9e Constituante, Mustapha Ben Jaafar, le chef du gouvernement provisoire, Hamadi Jebali, le ministre des Affaires religieuses, Noureddine El Khadmi, le ministre des Droits de l\u2019Homme et de la Justice, Samir Dilou, le Mufti de la R\u00e9publique tunisienne, Othman Batikh, \u00e0 interdire Wajdi Ghenim de poursuivre son cycle de conf\u00e9rences et toute intervention du m\u00eame genre ainsi qu\u2019\u00e0 mettre en \u0153uvre et assurer l\u2019ind\u00e9pendance des mosqu\u00e9es de la R\u00e9publique de tout discours politique et principalement ceux qui incitent \u00e0 la s\u00e9dition et les met devant leurs responsabilit\u00e9s si cet appel est rest\u00e9 lettre morte \u00bb.<\/p>\n<p>\u00c0 noter que le pr\u00e9dicateur est un fervent d\u00e9fenseur de l&rsquo;excision des filles et que, lors de ses pr\u00eaches \u00e0 Sousse et \u00e0 Mahdia, il a insult\u00e9 l&rsquo;hymne national tunisien, a d\u00e9nigr\u00e9 l&rsquo;opposition et les forces la\u00efques du pays, a appel\u00e9 \u00e0 l&rsquo;instauration de la Chariaa et \u00e0 l&rsquo;\u00e9tablissement d&rsquo;un Etat islamique en Tunisie. \u00c0 noter aussi que le premier pr\u00eache du cheikh Ghonim a eu lieu au palais des sports d&rsquo;El Menzah, lieu public sous la tutelle du minist\u00e8re de la Jeunesse et du Sport !<\/p>\n","protected":false},"excerpt":{"rendered":"<p>Des associations et des avocats comptent porter plainte contre Wajdi Ghonim<\/p>\n","protected":false},"author":3222,"featured_media":333766,"comment_status":"open","ping_status":"closed","sticky":false,"template":"","format":"standard","meta":{"footnotes":""},"categories":[44],"tags":[2600],"class_list":["post-172209","post","type-post","status-publish","format-standard","has-post-thumbnail","hentry","category-national","tag-guerre"],"yoast_head":"<!-- This site is optimized with the Yoast SEO Premium plugin v27.5 (Yoast SEO v27.5) - https:\/\/yoast.com\/product\/yoast-seo-premium-wordpress\/ -->\n<title>Des associations et des avocats comptent porter plainte contre Wajdi Ghonim<\/title>\n<meta name=\"description\" content=\"Des associations et des avocats comptent porter plainte contre Wajdi Ghonim\" \/>\n<link rel=\"canonical\" href=\"https:\/\/www.webdo.tn\/fr\/actualite\/national-45\/des-associations-et-des-avocats-comptent-porter-plainte-contre-wajdi-ghonim\/172209\/\" \/>\n<meta property=\"og:locale\" content=\"fr_FR\" \/>\n<meta property=\"og:type\" content=\"article\" \/>\n<meta property=\"og:title\" content=\"Des associations et des avocats comptent porter plainte contre Wajdi Ghonim\" \/>\n<meta property=\"og:description\" content=\"Des associations et des avocats comptent porter plainte contre Wajdi Ghonim\" \/>\n<meta property=\"og:url\" content=\"https:\/\/www.webdo.tn\/fr\/actualite\/national-45\/des-associations-et-des-avocats-comptent-porter-plainte-contre-wajdi-ghonim\/172209\/\" \/>\n<meta property=\"og:site_name\" content=\"webdo\" \/>\n<meta property=\"article:publisher\" content=\"https:\/\/www.facebook.com\/webdotn\" \/>\n<meta property=\"article:published_time\" content=\"2012-02-14T16:29:00+00:00\" \/>\n<meta property=\"og:image\" content=\"https:\/\/www.webdo.tn\/fr\/wp-content\/uploads\/2012\/02\/Wajdi-Ghanim.jpg\" \/>\n\t<meta property=\"og:image:width\" content=\"180\" \/>\n\t<meta property=\"og:image:height\" content=\"160\" \/>\n\t<meta property=\"og:image:type\" content=\"image\/jpeg\" \/>\n<meta name=\"author\" content=\"webdo.tn\" \/>\n<meta name=\"twitter:card\" content=\"summary_large_image\" \/>\n<meta name=\"twitter:creator\" content=\"@webdo_tn\" \/>\n<meta name=\"twitter:site\" content=\"@webdo_tn\" \/>\n<meta name=\"twitter:label1\" content=\"\u00c9crit par\" \/>\n\t<meta name=\"twitter:data1\" content=\"webdo.tn\" \/>\n\t<meta name=\"twitter:label2\" content=\"Dur\u00e9e de lecture estim\u00e9e\" \/>\n\t<meta name=\"twitter:data2\" content=\"2 minutes\" \/>\n<script type=\"application\/ld+json\" class=\"yoast-schema-graph\">{\"@context\":\"https:\\\/\\\/schema.org\",\"@graph\":[{\"@type\":\"NewsArticle\",\"@id\":\"https:\\\/\\\/www.webdo.tn\\\/fr\\\/actualite\\\/national-45\\\/des-associations-et-des-avocats-comptent-porter-plainte-contre-wajdi-ghonim\\\/172209\\\/#article\",\"isPartOf\":{\"@id\":\"https:\\\/\\\/www.webdo.tn\\\/fr\\\/actualite\\\/national-45\\\/des-associations-et-des-avocats-comptent-porter-plainte-contre-wajdi-ghonim\\\/172209\\\/\"},\"author\":{\"name\":\"webdo.tn\",\"@id\":\"https:\\\/\\\/www.webdo.tn\\\/fr\\\/#\\\/schema\\\/person\\\/9a9c6118d687c117df8ef3cc36a4d175\"},\"headline\":\"Des associations et des avocats comptent porter plainte contre Wajdi Ghonim\",\"datePublished\":\"2012-02-14T16:29:00+00:00\",\"mainEntityOfPage\":{\"@id\":\"https:\\\/\\\/www.webdo.tn\\\/fr\\\/actualite\\\/national-45\\\/des-associations-et-des-avocats-comptent-porter-plainte-contre-wajdi-ghonim\\\/172209\\\/\"},\"wordCount\":365,\"commentCount\":0,\"publisher\":{\"@id\":\"https:\\\/\\\/www.webdo.tn\\\/fr\\\/#organization\"},\"image\":{\"@id\":\"https:\\\/\\\/www.webdo.tn\\\/fr\\\/actualite\\\/national-45\\\/des-associations-et-des-avocats-comptent-porter-plainte-contre-wajdi-ghonim\\\/172209\\\/#primaryimage\"},\"thumbnailUrl\":\"https:\\\/\\\/www.webdo.tn\\\/fr\\\/wp-content\\\/uploads\\\/2012\\\/02\\\/Wajdi-Ghanim.jpg\",\"keywords\":[\"guerre\"],\"articleSection\":[\"National\"],\"inLanguage\":\"fr-FR\"},{\"@type\":\"WebPage\",\"@id\":\"https:\\\/\\\/www.webdo.tn\\\/fr\\\/actualite\\\/national-45\\\/des-associations-et-des-avocats-comptent-porter-plainte-contre-wajdi-ghonim\\\/172209\\\/\",\"url\":\"https:\\\/\\\/www.webdo.tn\\\/fr\\\/actualite\\\/national-45\\\/des-associations-et-des-avocats-comptent-porter-plainte-contre-wajdi-ghonim\\\/172209\\\/\",\"name\":\"Des associations et des avocats comptent porter plainte contre Wajdi Ghonim\",\"isPartOf\":{\"@id\":\"https:\\\/\\\/www.webdo.tn\\\/fr\\\/#website\"},\"primaryImageOfPage\":{\"@id\":\"https:\\\/\\\/www.webdo.tn\\\/fr\\\/actualite\\\/national-45\\\/des-associations-et-des-avocats-comptent-porter-plainte-contre-wajdi-ghonim\\\/172209\\\/#primaryimage\"},\"image\":{\"@id\":\"https:\\\/\\\/www.webdo.tn\\\/fr\\\/actualite\\\/national-45\\\/des-associations-et-des-avocats-comptent-porter-plainte-contre-wajdi-ghonim\\\/172209\\\/#primaryimage\"},\"thumbnailUrl\":\"https:\\\/\\\/www.webdo.tn\\\/fr\\\/wp-content\\\/uploads\\\/2012\\\/02\\\/Wajdi-Ghanim.jpg\",\"datePublished\":\"2012-02-14T16:29:00+00:00\",\"description\":\"Des associations et des avocats comptent porter plainte contre Wajdi Ghonim\",\"breadcrumb\":{\"@id\":\"https:\\\/\\\/www.webdo.tn\\\/fr\\\/actualite\\\/national-45\\\/des-associations-et-des-avocats-comptent-porter-plainte-contre-wajdi-ghonim\\\/172209\\\/#breadcrumb\"},\"inLanguage\":\"fr-FR\",\"potentialAction\":[{\"@type\":\"ReadAction\",\"target\":[\"https:\\\/\\\/www.webdo.tn\\\/fr\\\/actualite\\\/national-45\\\/des-associations-et-des-avocats-comptent-porter-plainte-contre-wajdi-ghonim\\\/172209\\\/\"]}]},{\"@type\":\"ImageObject\",\"inLanguage\":\"fr-FR\",\"@id\":\"https:\\\/\\\/www.webdo.tn\\\/fr\\\/actualite\\\/national-45\\\/des-associations-et-des-avocats-comptent-porter-plainte-contre-wajdi-ghonim\\\/172209\\\/#primaryimage\",\"url\":\"https:\\\/\\\/www.webdo.tn\\\/fr\\\/wp-content\\\/uploads\\\/2012\\\/02\\\/Wajdi-Ghanim.jpg\",\"contentUrl\":\"https:\\\/\\\/www.webdo.tn\\\/fr\\\/wp-content\\\/uploads\\\/2012\\\/02\\\/Wajdi-Ghanim.jpg\",\"width\":180,\"height\":160,\"caption\":\"Des associations et des avocats comptent porter plainte contre Wajdi Ghonim\"},{\"@type\":\"BreadcrumbList\",\"@id\":\"https:\\\/\\\/www.webdo.tn\\\/fr\\\/actualite\\\/national-45\\\/des-associations-et-des-avocats-comptent-porter-plainte-contre-wajdi-ghonim\\\/172209\\\/#breadcrumb\",\"itemListElement\":[{\"@type\":\"ListItem\",\"position\":1,\"name\":\"Accueil\",\"item\":\"https:\\\/\\\/www.webdo.tn\\\/fr\\\/\"},{\"@type\":\"ListItem\",\"position\":2,\"name\":\"Des associations et des avocats comptent porter plainte contre Wajdi Ghonim\"}]},{\"@type\":\"WebSite\",\"@id\":\"https:\\\/\\\/www.webdo.tn\\\/fr\\\/#website\",\"url\":\"https:\\\/\\\/www.webdo.tn\\\/fr\\\/\",\"name\":\"webdo\",\"description\":\"Tunisie - News en Tunisie et \u00e0 l&#039;international sur Webdo.tn\",\"publisher\":{\"@id\":\"https:\\\/\\\/www.webdo.tn\\\/fr\\\/#organization\"},\"potentialAction\":[{\"@type\":\"SearchAction\",\"target\":{\"@type\":\"EntryPoint\",\"urlTemplate\":\"https:\\\/\\\/www.webdo.tn\\\/fr\\\/?s={search_term_string}\"},\"query-input\":{\"@type\":\"PropertyValueSpecification\",\"valueRequired\":true,\"valueName\":\"search_term_string\"}}],\"inLanguage\":\"fr-FR\"},{\"@type\":\"Organization\",\"@id\":\"https:\\\/\\\/www.webdo.tn\\\/fr\\\/#organization\",\"name\":\"Webdo\",\"alternateName\":\"Webdo.tn\",\"url\":\"https:\\\/\\\/www.webdo.tn\\\/fr\\\/\",\"logo\":{\"@type\":\"ImageObject\",\"inLanguage\":\"fr-FR\",\"@id\":\"https:\\\/\\\/www.webdo.tn\\\/fr\\\/#\\\/schema\\\/logo\\\/image\\\/\",\"url\":\"https:\\\/\\\/www.webdo.tn\\\/fr\\\/wp-content\\\/uploads\\\/2025\\\/06\\\/Webdo-Tunisie_168377.jpg\",\"contentUrl\":\"https:\\\/\\\/www.webdo.tn\\\/fr\\\/wp-content\\\/uploads\\\/2025\\\/06\\\/Webdo-Tunisie_168377.jpg\",\"width\":301,\"height\":301,\"caption\":\"Webdo\"},\"image\":{\"@id\":\"https:\\\/\\\/www.webdo.tn\\\/fr\\\/#\\\/schema\\\/logo\\\/image\\\/\"},\"sameAs\":[\"https:\\\/\\\/www.facebook.com\\\/webdotn\",\"https:\\\/\\\/x.com\\\/webdo_tn\"],\"description\":\"Webdo est un m\u00e9dia num\u00e9rique tunisien fond\u00e9 en 2010, sp\u00e9cialis\u00e9 dans l\u2019actualit\u00e9 nationale et internationale, l\u2019\u00e9conomie, la soci\u00e9t\u00e9 et les analyses politiques. Le site s\u2019adresse \u00e0 un large public francophone et couvre l\u2019information tunisienne en temps r\u00e9el.\",\"email\":\"redac@webdo.tn\",\"legalName\":\"YNJ SARL\",\"foundingDate\":\"2010-09-06\",\"numberOfEmployees\":{\"@type\":\"QuantitativeValue\",\"minValue\":\"11\",\"maxValue\":\"50\"}},{\"@type\":\"Person\",\"@id\":\"https:\\\/\\\/www.webdo.tn\\\/fr\\\/#\\\/schema\\\/person\\\/9a9c6118d687c117df8ef3cc36a4d175\",\"name\":\"webdo.tn\",\"image\":{\"@type\":\"ImageObject\",\"inLanguage\":\"fr-FR\",\"@id\":\"https:\\\/\\\/secure.gravatar.com\\\/avatar\\\/7ce1f28c0c3bbac99ff550b85ef8e44a6950c6ee24514fb6a5489e51d06f0298?s=96&d=mm&r=g\",\"url\":\"https:\\\/\\\/secure.gravatar.com\\\/avatar\\\/7ce1f28c0c3bbac99ff550b85ef8e44a6950c6ee24514fb6a5489e51d06f0298?s=96&d=mm&r=g\",\"contentUrl\":\"https:\\\/\\\/secure.gravatar.com\\\/avatar\\\/7ce1f28c0c3bbac99ff550b85ef8e44a6950c6ee24514fb6a5489e51d06f0298?s=96&d=mm&r=g\",\"caption\":\"webdo.tn\"},\"url\":\"https:\\\/\\\/www.webdo.tn\\\/fr\\\/actualite\\\/author\\\/webdotn\\\/\"}]}<\/script>\n<!-- \/ Yoast SEO Premium plugin. -->","yoast_head_json":{"title":"Des associations et des avocats comptent porter plainte contre Wajdi Ghonim","description":"Des associations et des avocats comptent porter plainte contre Wajdi Ghonim","canonical":"https:\/\/www.webdo.tn\/fr\/actualite\/national-45\/des-associations-et-des-avocats-comptent-porter-plainte-contre-wajdi-ghonim\/172209\/","og_locale":"fr_FR","og_type":"article","og_title":"Des associations et des avocats comptent porter plainte contre Wajdi Ghonim","og_description":"Des associations et des avocats comptent porter plainte contre Wajdi Ghonim","og_url":"https:\/\/www.webdo.tn\/fr\/actualite\/national-45\/des-associations-et-des-avocats-comptent-porter-plainte-contre-wajdi-ghonim\/172209\/","og_site_name":"webdo","article_publisher":"https:\/\/www.facebook.com\/webdotn","article_published_time":"2012-02-14T16:29:00+00:00","og_image":[{"width":180,"height":160,"url":"https:\/\/www.webdo.tn\/fr\/wp-content\/uploads\/2012\/02\/Wajdi-Ghanim.jpg","type":"image\/jpeg"}],"author":"webdo.tn","twitter_card":"summary_large_image","twitter_creator":"@webdo_tn","twitter_site":"@webdo_tn","twitter_misc":{"\u00c9crit par":"webdo.tn","Dur\u00e9e de lecture estim\u00e9e":"2 minutes"},"schema":{"@context":"https:\/\/schema.org","@graph":[{"@type":"NewsArticle","@id":"https:\/\/www.webdo.tn\/fr\/actualite\/national-45\/des-associations-et-des-avocats-comptent-porter-plainte-contre-wajdi-ghonim\/172209\/#article","isPartOf":{"@id":"https:\/\/www.webdo.tn\/fr\/actualite\/national-45\/des-associations-et-des-avocats-comptent-porter-plainte-contre-wajdi-ghonim\/172209\/"},"author":{"name":"webdo.tn","@id":"https:\/\/www.webdo.tn\/fr\/#\/schema\/person\/9a9c6118d687c117df8ef3cc36a4d175"},"headline":"Des associations et des avocats comptent porter plainte contre Wajdi Ghonim","datePublished":"2012-02-14T16:29:00+00:00","mainEntityOfPage":{"@id":"https:\/\/www.webdo.tn\/fr\/actualite\/national-45\/des-associations-et-des-avocats-comptent-porter-plainte-contre-wajdi-ghonim\/172209\/"},"wordCount":365,"commentCount":0,"publisher":{"@id":"https:\/\/www.webdo.tn\/fr\/#organization"},"image":{"@id":"https:\/\/www.webdo.tn\/fr\/actualite\/national-45\/des-associations-et-des-avocats-comptent-porter-plainte-contre-wajdi-ghonim\/172209\/#primaryimage"},"thumbnailUrl":"https:\/\/www.webdo.tn\/fr\/wp-content\/uploads\/2012\/02\/Wajdi-Ghanim.jpg","keywords":["guerre"],"articleSection":["National"],"inLanguage":"fr-FR"},{"@type":"WebPage","@id":"https:\/\/www.webdo.tn\/fr\/actualite\/national-45\/des-associations-et-des-avocats-comptent-porter-plainte-contre-wajdi-ghonim\/172209\/","url":"https:\/\/www.webdo.tn\/fr\/actualite\/national-45\/des-associations-et-des-avocats-comptent-porter-plainte-contre-wajdi-ghonim\/172209\/","name":"Des associations et des avocats comptent porter plainte contre Wajdi Ghonim","isPartOf":{"@id":"https:\/\/www.webdo.tn\/fr\/#website"},"primaryImageOfPage":{"@id":"https:\/\/www.webdo.tn\/fr\/actualite\/national-45\/des-associations-et-des-avocats-comptent-porter-plainte-contre-wajdi-ghonim\/172209\/#primaryimage"},"image":{"@id":"https:\/\/www.webdo.tn\/fr\/actualite\/national-45\/des-associations-et-des-avocats-comptent-porter-plainte-contre-wajdi-ghonim\/172209\/#primaryimage"},"thumbnailUrl":"https:\/\/www.webdo.tn\/fr\/wp-content\/uploads\/2012\/02\/Wajdi-Ghanim.jpg","datePublished":"2012-02-14T16:29:00+00:00","description":"Des associations et des avocats comptent porter plainte contre Wajdi Ghonim","breadcrumb":{"@id":"https:\/\/www.webdo.tn\/fr\/actualite\/national-45\/des-associations-et-des-avocats-comptent-porter-plainte-contre-wajdi-ghonim\/172209\/#breadcrumb"},"inLanguage":"fr-FR","potentialAction":[{"@type":"ReadAction","target":["https:\/\/www.webdo.tn\/fr\/actualite\/national-45\/des-associations-et-des-avocats-comptent-porter-plainte-contre-wajdi-ghonim\/172209\/"]}]},{"@type":"ImageObject","inLanguage":"fr-FR","@id":"https:\/\/www.webdo.tn\/fr\/actualite\/national-45\/des-associations-et-des-avocats-comptent-porter-plainte-contre-wajdi-ghonim\/172209\/#primaryimage","url":"https:\/\/www.webdo.tn\/fr\/wp-content\/uploads\/2012\/02\/Wajdi-Ghanim.jpg","contentUrl":"https:\/\/www.webdo.tn\/fr\/wp-content\/uploads\/2012\/02\/Wajdi-Ghanim.jpg","width":180,"height":160,"caption":"Des associations et des avocats comptent porter plainte contre Wajdi Ghonim"},{"@type":"BreadcrumbList","@id":"https:\/\/www.webdo.tn\/fr\/actualite\/national-45\/des-associations-et-des-avocats-comptent-porter-plainte-contre-wajdi-ghonim\/172209\/#breadcrumb","itemListElement":[{"@type":"ListItem","position":1,"name":"Accueil","item":"https:\/\/www.webdo.tn\/fr\/"},{"@type":"ListItem","position":2,"name":"Des associations et des avocats comptent porter plainte contre Wajdi Ghonim"}]},{"@type":"WebSite","@id":"https:\/\/www.webdo.tn\/fr\/#website","url":"https:\/\/www.webdo.tn\/fr\/","name":"webdo","description":"Tunisie - News en Tunisie et \u00e0 l&#039;international sur Webdo.tn","publisher":{"@id":"https:\/\/www.webdo.tn\/fr\/#organization"},"potentialAction":[{"@type":"SearchAction","target":{"@type":"EntryPoint","urlTemplate":"https:\/\/www.webdo.tn\/fr\/?s={search_term_string}"},"query-input":{"@type":"PropertyValueSpecification","valueRequired":true,"valueName":"search_term_string"}}],"inLanguage":"fr-FR"},{"@type":"Organization","@id":"https:\/\/www.webdo.tn\/fr\/#organization","name":"Webdo","alternateName":"Webdo.tn","url":"https:\/\/www.webdo.tn\/fr\/","logo":{"@type":"ImageObject","inLanguage":"fr-FR","@id":"https:\/\/www.webdo.tn\/fr\/#\/schema\/logo\/image\/","url":"https:\/\/www.webdo.tn\/fr\/wp-content\/uploads\/2025\/06\/Webdo-Tunisie_168377.jpg","contentUrl":"https:\/\/www.webdo.tn\/fr\/wp-content\/uploads\/2025\/06\/Webdo-Tunisie_168377.jpg","width":301,"height":301,"caption":"Webdo"},"image":{"@id":"https:\/\/www.webdo.tn\/fr\/#\/schema\/logo\/image\/"},"sameAs":["https:\/\/www.facebook.com\/webdotn","https:\/\/x.com\/webdo_tn"],"description":"Webdo est un m\u00e9dia num\u00e9rique tunisien fond\u00e9 en 2010, sp\u00e9cialis\u00e9 dans l\u2019actualit\u00e9 nationale et internationale, l\u2019\u00e9conomie, la soci\u00e9t\u00e9 et les analyses politiques. Le site s\u2019adresse \u00e0 un large public francophone et couvre l\u2019information tunisienne en temps r\u00e9el.","email":"redac@webdo.tn","legalName":"YNJ SARL","foundingDate":"2010-09-06","numberOfEmployees":{"@type":"QuantitativeValue","minValue":"11","maxValue":"50"}},{"@type":"Person","@id":"https:\/\/www.webdo.tn\/fr\/#\/schema\/person\/9a9c6118d687c117df8ef3cc36a4d175","name":"webdo.tn","image":{"@type":"ImageObject","inLanguage":"fr-FR","@id":"https:\/\/secure.gravatar.com\/avatar\/7ce1f28c0c3bbac99ff550b85ef8e44a6950c6ee24514fb6a5489e51d06f0298?s=96&d=mm&r=g","url":"https:\/\/secure.gravatar.com\/avatar\/7ce1f28c0c3bbac99ff550b85ef8e44a6950c6ee24514fb6a5489e51d06f0298?s=96&d=mm&r=g","contentUrl":"https:\/\/secure.gravatar.com\/avatar\/7ce1f28c0c3bbac99ff550b85ef8e44a6950c6ee24514fb6a5489e51d06f0298?s=96&d=mm&r=g","caption":"webdo.tn"},"url":"https:\/\/www.webdo.tn\/fr\/actualite\/author\/webdotn\/"}]}},"_links":{"self":[{"href":"https:\/\/www.webdo.tn\/fr\/wp-json\/wp\/v2\/posts\/172209","targetHints":{"allow":["GET"]}}],"collection":[{"href":"https:\/\/www.webdo.tn\/fr\/wp-json\/wp\/v2\/posts"}],"about":[{"href":"https:\/\/www.webdo.tn\/fr\/wp-json\/wp\/v2\/types\/post"}],"author":[{"embeddable":true,"href":"https:\/\/www.webdo.tn\/fr\/wp-json\/wp\/v2\/users\/3222"}],"replies":[{"embeddable":true,"href":"https:\/\/www.webdo.tn\/fr\/wp-json\/wp\/v2\/comments?post=172209"}],"version-history":[{"count":0,"href":"https:\/\/www.webdo.tn\/fr\/wp-json\/wp\/v2\/posts\/172209\/revisions"}],"wp:featuredmedia":[{"embeddable":true,"href":"https:\/\/www.webdo.tn\/fr\/wp-json\/wp\/v2\/media\/333766"}],"wp:attachment":[{"href":"https:\/\/www.webdo.tn\/fr\/wp-json\/wp\/v2\/media?parent=172209"}],"wp:term":[{"taxonomy":"category","embeddable":true,"href":"https:\/\/www.webdo.tn\/fr\/wp-json\/wp\/v2\/categories?post=172209"},{"taxonomy":"post_tag","embeddable":true,"href":"https:\/\/www.webdo.tn\/fr\/wp-json\/wp\/v2\/tags?post=172209"}],"curies":[{"name":"wp","href":"https:\/\/api.w.org\/{rel}","templated":true}]}}