{"id":172207,"date":"2012-02-14T20:08:00","date_gmt":"2012-02-14T20:08:00","guid":{"rendered":"https:\/\/www.webdo.tn\/fr\/blog\/21109\/172207\/"},"modified":"2012-02-14T20:08:00","modified_gmt":"2012-02-14T20:08:00","slug":"21109","status":"publish","type":"post","link":"https:\/\/www.webdo.tn\/fr\/actualite\/national\/21109\/172207\/","title":{"rendered":"D\u00e9couverte du \u00ab complot \u00bb arm\u00e9 contre l\u2019Etat : Des h\u00e9sitations d\u2019Ennahdha \u00e0 la n\u00e9cessit\u00e9 de prot\u00e9ger l\u2019Etat et la soci\u00e9t\u00e9"},"content":{"rendered":"<p>L\u2019annonce par le ministre de l\u2019int\u00e9rieur, M.Ali Laaraidh, d\u2019une tentative de complot arm\u00e9 contre la s\u00e9curit\u00e9 de l\u2019Etat par un certain nombre de personnes, des salafistes Jihadistes, qui auraient utilis\u00e9 les armes pour instaurer un Imamat Islamique dans notre pays, constitue un v\u00e9ritable tournant politique dans notre pays apr\u00e8s la r\u00e9volution du 14 janvier.<\/p>\n<p>Jusqu\u2019ici le mouvement islamiste d\u2019Ennahdha a eu un comportement bienveillant \u00e0 l\u2019\u00e9gard des tendances salafistes les laissant faire \u00e0 leur guise, et le traitement des affaires de Sejnane ou de la facult\u00e9 des lettres de La Manouba le d\u00e9montrent amplement.<\/p>\n<p>Lors de ces \u00e9v\u00e9nements, les Nahdhaouis, tous dirigeants confondus, ont essay\u00e9 de les minimiser et r\u00e9duire sa port\u00e9e ou sa dimension, allant m\u00eame jusqu\u2019\u00e0 accuser les m\u00e9dias d\u2019avoir amplifi\u00e9 le ph\u00e9nom\u00e8ne.<\/p>\n<p>Aujourd\u2019hui, les choses peuvent, et doivent, changer sachant que les Salafistes sont les pires ennemis de la R\u00e9publique, ne reconnaissant ni la d\u00e9mocratie, ni l\u2019alternance, ni les droits de l\u2019homme, ni la libert\u00e9. Le fait de s\u2019opposer \u00e0 leur d\u00e9rive guerri\u00e8re menace tant l\u2019Etat et la soci\u00e9t\u00e9 tunisienne que la mouvance Nahdhaouie qui veut se pr\u00e9senter comme \u00e9tant une mouvance mod\u00e9r\u00e9e au sein du mouvement islamiste.<\/p>\n<p>Cependant, il est clair aussi que le mouvement Ennahdha continue \u00e0 h\u00e9siter sur la mani\u00e8re de proc\u00e9der avec sa droite dans la mesure o\u00f9 nombre de ses adeptes peuvent facilement basculer du c\u00f4t\u00e9 salafiste.<\/p>\n<p>Sinon comment peut-on expliquer sa position \u00e0 l\u2019\u00e9gard de ces nombreux pr\u00e9dicateurs qui trouvent aujourd\u2019hui dans notre pays un terrain de pr\u00e9dilection pour diffuser leurs discours moyen\u00e2geux parmi une jeunesse d\u00e9soeuvr\u00e9e et \u00e0 la limite de l\u2019inculte, ou du moins \u00e0 la culture, y compris religieuse, tr\u00e8s insuffisante.<\/p>\n<p>La libert\u00e9 et la d\u00e9mocratie ne sont pas aussi permissives que cela !<\/p>\n<p>La d\u00e9mocratie est aussi, et surtout, un r\u00e9gime fond\u00e9 sur le respect d\u2019un certain mod\u00e8le de soci\u00e9t\u00e9 et sur la n\u00e9cessit\u00e9 de le sauvegarder. On ne peut permettre \u00e0 des \u00ab illumin\u00e9s \u00bb de venir remettre en cause les fondements de cette soci\u00e9t\u00e9 et de ce mod\u00e8le en lui-m\u00eame, de le condamner et d\u2019accuser, y compris, les nahdhaouis d\u2019\u00eatre des apostats.<\/p>\n<p>Aujourd\u2019hui, l\u2019Etat doit se d\u00e9fendre et prot\u00e9ger contre ces dangereuses d\u00e9rives qui peuvent devenir incontr\u00f4lables si jamais les institutions laissent faire\u2026<\/p>\n","protected":false},"excerpt":{"rendered":"<p>D\u00e9couverte du \u00ab complot \u00bb arm\u00e9 contre l\u2019Etat : Des h\u00e9sitations d\u2019Ennahdha \u00e0 la n\u00e9cessit\u00e9 de prot\u00e9ger l\u2019Etat et la soci\u00e9t\u00e9<\/p>\n","protected":false},"author":3222,"featured_media":374673,"comment_status":"open","ping_status":"closed","sticky":false,"template":"","format":"standard","meta":{"footnotes":""},"categories":[44],"tags":[2600],"class_list":["post-172207","post","type-post","status-publish","format-standard","has-post-thumbnail","hentry","category-national","tag-guerre"],"yoast_head":"<!-- This site is optimized with the Yoast SEO Premium plugin v27.5 (Yoast SEO v27.5) - https:\/\/yoast.com\/product\/yoast-seo-premium-wordpress\/ -->\n<title>D\u00e9couverte du \u00ab complot \u00bb arm\u00e9 contre l\u2019Etat : Des h\u00e9sitations d\u2019Ennahdha \u00e0 la n\u00e9cessit\u00e9 de prot\u00e9ger l\u2019Etat et la soci\u00e9t\u00e9<\/title>\n<meta name=\"description\" content=\"D\u00e9couverte du \u00ab complot \u00bb arm\u00e9 contre l\u2019Etat : Des h\u00e9sitations d\u2019Ennahdha \u00e0 la n\u00e9cessit\u00e9 de prot\u00e9ger l\u2019Etat et la soci\u00e9t\u00e9\" \/>\n<link rel=\"canonical\" href=\"https:\/\/www.webdo.tn\/fr\/actualite\/national-45\/21109\/172207\/\" \/>\n<meta property=\"og:locale\" content=\"fr_FR\" \/>\n<meta property=\"og:type\" content=\"article\" \/>\n<meta property=\"og:title\" content=\"D\u00e9couverte du \u00ab complot \u00bb arm\u00e9 contre l\u2019Etat : Des h\u00e9sitations d\u2019Ennahdha \u00e0 la n\u00e9cessit\u00e9 de prot\u00e9ger l\u2019Etat et la soci\u00e9t\u00e9\" \/>\n<meta property=\"og:description\" content=\"D\u00e9couverte du \u00ab complot \u00bb arm\u00e9 contre l\u2019Etat : Des h\u00e9sitations d\u2019Ennahdha \u00e0 la n\u00e9cessit\u00e9 de prot\u00e9ger l\u2019Etat et la soci\u00e9t\u00e9\" \/>\n<meta property=\"og:url\" content=\"https:\/\/www.webdo.tn\/fr\/actualite\/national-45\/21109\/172207\/\" \/>\n<meta property=\"og:site_name\" content=\"webdo\" \/>\n<meta property=\"article:publisher\" content=\"https:\/\/www.facebook.com\/webdotn\" \/>\n<meta property=\"article:published_time\" content=\"2012-02-14T20:08:00+00:00\" \/>\n<meta name=\"author\" content=\"webdo.tn\" \/>\n<meta name=\"twitter:card\" content=\"summary_large_image\" \/>\n<meta name=\"twitter:creator\" content=\"@webdo_tn\" \/>\n<meta name=\"twitter:site\" content=\"@webdo_tn\" \/>\n<meta name=\"twitter:label1\" content=\"\u00c9crit par\" \/>\n\t<meta name=\"twitter:data1\" content=\"webdo.tn\" \/>\n\t<meta name=\"twitter:label2\" content=\"Dur\u00e9e de lecture estim\u00e9e\" \/>\n\t<meta name=\"twitter:data2\" content=\"2 minutes\" \/>\n<script type=\"application\/ld+json\" class=\"yoast-schema-graph\">{\"@context\":\"https:\\\/\\\/schema.org\",\"@graph\":[{\"@type\":\"NewsArticle\",\"@id\":\"https:\\\/\\\/www.webdo.tn\\\/fr\\\/actualite\\\/national-45\\\/21109\\\/172207\\\/#article\",\"isPartOf\":{\"@id\":\"https:\\\/\\\/www.webdo.tn\\\/fr\\\/actualite\\\/national-45\\\/21109\\\/172207\\\/\"},\"author\":{\"name\":\"webdo.tn\",\"@id\":\"https:\\\/\\\/www.webdo.tn\\\/fr\\\/#\\\/schema\\\/person\\\/9a9c6118d687c117df8ef3cc36a4d175\"},\"headline\":\"D\u00e9couverte du \u00ab complot \u00bb arm\u00e9 contre l\u2019Etat : Des h\u00e9sitations d\u2019Ennahdha \u00e0 la n\u00e9cessit\u00e9 de prot\u00e9ger l\u2019Etat et la soci\u00e9t\u00e9\",\"datePublished\":\"2012-02-14T20:08:00+00:00\",\"mainEntityOfPage\":{\"@id\":\"https:\\\/\\\/www.webdo.tn\\\/fr\\\/actualite\\\/national-45\\\/21109\\\/172207\\\/\"},\"wordCount\":448,\"commentCount\":0,\"publisher\":{\"@id\":\"https:\\\/\\\/www.webdo.tn\\\/fr\\\/#organization\"},\"image\":{\"@id\":\"https:\\\/\\\/www.webdo.tn\\\/fr\\\/actualite\\\/national-45\\\/21109\\\/172207\\\/#primaryimage\"},\"thumbnailUrl\":\"https:\\\/\\\/www.webdo.tn\\\/fr\\\/wp-content\\\/uploads\\\/2025\\\/06\\\/Ennahdha-continue-a-hesiter-sur-la-maniere-de-proceder-avec-sa-droite-dans-la-mesure-ou-nombre-de-ses-adeptes-peuvent-facilement-basculer-du-cote-salafiste-Photo-SlateAfrique_172207.jpg\",\"keywords\":[\"guerre\"],\"articleSection\":[\"National\"],\"inLanguage\":\"fr-FR\"},{\"@type\":\"WebPage\",\"@id\":\"https:\\\/\\\/www.webdo.tn\\\/fr\\\/actualite\\\/national-45\\\/21109\\\/172207\\\/\",\"url\":\"https:\\\/\\\/www.webdo.tn\\\/fr\\\/actualite\\\/national-45\\\/21109\\\/172207\\\/\",\"name\":\"D\u00e9couverte du \u00ab complot \u00bb arm\u00e9 contre l\u2019Etat : Des h\u00e9sitations d\u2019Ennahdha \u00e0 la n\u00e9cessit\u00e9 de prot\u00e9ger l\u2019Etat et la soci\u00e9t\u00e9\",\"isPartOf\":{\"@id\":\"https:\\\/\\\/www.webdo.tn\\\/fr\\\/#website\"},\"primaryImageOfPage\":{\"@id\":\"https:\\\/\\\/www.webdo.tn\\\/fr\\\/actualite\\\/national-45\\\/21109\\\/172207\\\/#primaryimage\"},\"image\":{\"@id\":\"https:\\\/\\\/www.webdo.tn\\\/fr\\\/actualite\\\/national-45\\\/21109\\\/172207\\\/#primaryimage\"},\"thumbnailUrl\":\"https:\\\/\\\/www.webdo.tn\\\/fr\\\/wp-content\\\/uploads\\\/2025\\\/06\\\/Ennahdha-continue-a-hesiter-sur-la-maniere-de-proceder-avec-sa-droite-dans-la-mesure-ou-nombre-de-ses-adeptes-peuvent-facilement-basculer-du-cote-salafiste-Photo-SlateAfrique_172207.jpg\",\"datePublished\":\"2012-02-14T20:08:00+00:00\",\"description\":\"D\u00e9couverte du \u00ab complot \u00bb arm\u00e9 contre l\u2019Etat : Des h\u00e9sitations d\u2019Ennahdha \u00e0 la n\u00e9cessit\u00e9 de prot\u00e9ger l\u2019Etat et la soci\u00e9t\u00e9\",\"breadcrumb\":{\"@id\":\"https:\\\/\\\/www.webdo.tn\\\/fr\\\/actualite\\\/national-45\\\/21109\\\/172207\\\/#breadcrumb\"},\"inLanguage\":\"fr-FR\",\"potentialAction\":[{\"@type\":\"ReadAction\",\"target\":[\"https:\\\/\\\/www.webdo.tn\\\/fr\\\/actualite\\\/national-45\\\/21109\\\/172207\\\/\"]}]},{\"@type\":\"ImageObject\",\"inLanguage\":\"fr-FR\",\"@id\":\"https:\\\/\\\/www.webdo.tn\\\/fr\\\/actualite\\\/national-45\\\/21109\\\/172207\\\/#primaryimage\",\"url\":\"https:\\\/\\\/www.webdo.tn\\\/fr\\\/wp-content\\\/uploads\\\/2025\\\/06\\\/Ennahdha-continue-a-hesiter-sur-la-maniere-de-proceder-avec-sa-droite-dans-la-mesure-ou-nombre-de-ses-adeptes-peuvent-facilement-basculer-du-cote-salafiste-Photo-SlateAfrique_172207.jpg\",\"contentUrl\":\"https:\\\/\\\/www.webdo.tn\\\/fr\\\/wp-content\\\/uploads\\\/2025\\\/06\\\/Ennahdha-continue-a-hesiter-sur-la-maniere-de-proceder-avec-sa-droite-dans-la-mesure-ou-nombre-de-ses-adeptes-peuvent-facilement-basculer-du-cote-salafiste-Photo-SlateAfrique_172207.jpg\",\"width\":210,\"height\":230,\"caption\":\"D\u00e9couverte du \u00ab complot \u00bb arm\u00e9 contre l\u2019Etat : Des h\u00e9sitations d\u2019Ennahdha \u00e0 la n\u00e9cessit\u00e9 de prot\u00e9ger l\u2019Etat et la soci\u00e9t\u00e9\"},{\"@type\":\"BreadcrumbList\",\"@id\":\"https:\\\/\\\/www.webdo.tn\\\/fr\\\/actualite\\\/national-45\\\/21109\\\/172207\\\/#breadcrumb\",\"itemListElement\":[{\"@type\":\"ListItem\",\"position\":1,\"name\":\"Accueil\",\"item\":\"https:\\\/\\\/www.webdo.tn\\\/fr\\\/\"},{\"@type\":\"ListItem\",\"position\":2,\"name\":\"D\u00e9couverte du \u00ab complot \u00bb arm\u00e9 contre l\u2019Etat : Des h\u00e9sitations d\u2019Ennahdha \u00e0 la n\u00e9cessit\u00e9 de prot\u00e9ger l\u2019Etat et la soci\u00e9t\u00e9\"}]},{\"@type\":\"WebSite\",\"@id\":\"https:\\\/\\\/www.webdo.tn\\\/fr\\\/#website\",\"url\":\"https:\\\/\\\/www.webdo.tn\\\/fr\\\/\",\"name\":\"webdo\",\"description\":\"Tunisie - News en Tunisie et \u00e0 l&#039;international sur Webdo.tn\",\"publisher\":{\"@id\":\"https:\\\/\\\/www.webdo.tn\\\/fr\\\/#organization\"},\"potentialAction\":[{\"@type\":\"SearchAction\",\"target\":{\"@type\":\"EntryPoint\",\"urlTemplate\":\"https:\\\/\\\/www.webdo.tn\\\/fr\\\/?s={search_term_string}\"},\"query-input\":{\"@type\":\"PropertyValueSpecification\",\"valueRequired\":true,\"valueName\":\"search_term_string\"}}],\"inLanguage\":\"fr-FR\"},{\"@type\":\"Organization\",\"@id\":\"https:\\\/\\\/www.webdo.tn\\\/fr\\\/#organization\",\"name\":\"Webdo\",\"alternateName\":\"Webdo.tn\",\"url\":\"https:\\\/\\\/www.webdo.tn\\\/fr\\\/\",\"logo\":{\"@type\":\"ImageObject\",\"inLanguage\":\"fr-FR\",\"@id\":\"https:\\\/\\\/www.webdo.tn\\\/fr\\\/#\\\/schema\\\/logo\\\/image\\\/\",\"url\":\"https:\\\/\\\/www.webdo.tn\\\/fr\\\/wp-content\\\/uploads\\\/2025\\\/06\\\/Webdo-Tunisie_168377.jpg\",\"contentUrl\":\"https:\\\/\\\/www.webdo.tn\\\/fr\\\/wp-content\\\/uploads\\\/2025\\\/06\\\/Webdo-Tunisie_168377.jpg\",\"width\":301,\"height\":301,\"caption\":\"Webdo\"},\"image\":{\"@id\":\"https:\\\/\\\/www.webdo.tn\\\/fr\\\/#\\\/schema\\\/logo\\\/image\\\/\"},\"sameAs\":[\"https:\\\/\\\/www.facebook.com\\\/webdotn\",\"https:\\\/\\\/x.com\\\/webdo_tn\"],\"description\":\"Webdo est un m\u00e9dia num\u00e9rique tunisien fond\u00e9 en 2010, sp\u00e9cialis\u00e9 dans l\u2019actualit\u00e9 nationale et internationale, l\u2019\u00e9conomie, la soci\u00e9t\u00e9 et les analyses politiques. Le site s\u2019adresse \u00e0 un large public francophone et couvre l\u2019information tunisienne en temps r\u00e9el.\",\"email\":\"redac@webdo.tn\",\"legalName\":\"YNJ SARL\",\"foundingDate\":\"2010-09-06\",\"numberOfEmployees\":{\"@type\":\"QuantitativeValue\",\"minValue\":\"11\",\"maxValue\":\"50\"}},{\"@type\":\"Person\",\"@id\":\"https:\\\/\\\/www.webdo.tn\\\/fr\\\/#\\\/schema\\\/person\\\/9a9c6118d687c117df8ef3cc36a4d175\",\"name\":\"webdo.tn\",\"image\":{\"@type\":\"ImageObject\",\"inLanguage\":\"fr-FR\",\"@id\":\"https:\\\/\\\/secure.gravatar.com\\\/avatar\\\/7ce1f28c0c3bbac99ff550b85ef8e44a6950c6ee24514fb6a5489e51d06f0298?s=96&d=mm&r=g\",\"url\":\"https:\\\/\\\/secure.gravatar.com\\\/avatar\\\/7ce1f28c0c3bbac99ff550b85ef8e44a6950c6ee24514fb6a5489e51d06f0298?s=96&d=mm&r=g\",\"contentUrl\":\"https:\\\/\\\/secure.gravatar.com\\\/avatar\\\/7ce1f28c0c3bbac99ff550b85ef8e44a6950c6ee24514fb6a5489e51d06f0298?s=96&d=mm&r=g\",\"caption\":\"webdo.tn\"},\"url\":\"https:\\\/\\\/www.webdo.tn\\\/fr\\\/actualite\\\/author\\\/webdotn\\\/\"}]}<\/script>\n<!-- \/ Yoast SEO Premium plugin. -->","yoast_head_json":{"title":"D\u00e9couverte du \u00ab complot \u00bb arm\u00e9 contre l\u2019Etat : Des h\u00e9sitations d\u2019Ennahdha \u00e0 la n\u00e9cessit\u00e9 de prot\u00e9ger l\u2019Etat et la soci\u00e9t\u00e9","description":"D\u00e9couverte du \u00ab complot \u00bb arm\u00e9 contre l\u2019Etat : Des h\u00e9sitations d\u2019Ennahdha \u00e0 la n\u00e9cessit\u00e9 de prot\u00e9ger l\u2019Etat et la soci\u00e9t\u00e9","canonical":"https:\/\/www.webdo.tn\/fr\/actualite\/national-45\/21109\/172207\/","og_locale":"fr_FR","og_type":"article","og_title":"D\u00e9couverte du \u00ab complot \u00bb arm\u00e9 contre l\u2019Etat : Des h\u00e9sitations d\u2019Ennahdha \u00e0 la n\u00e9cessit\u00e9 de prot\u00e9ger l\u2019Etat et la soci\u00e9t\u00e9","og_description":"D\u00e9couverte du \u00ab complot \u00bb arm\u00e9 contre l\u2019Etat : Des h\u00e9sitations d\u2019Ennahdha \u00e0 la n\u00e9cessit\u00e9 de prot\u00e9ger l\u2019Etat et la soci\u00e9t\u00e9","og_url":"https:\/\/www.webdo.tn\/fr\/actualite\/national-45\/21109\/172207\/","og_site_name":"webdo","article_publisher":"https:\/\/www.facebook.com\/webdotn","article_published_time":"2012-02-14T20:08:00+00:00","author":"webdo.tn","twitter_card":"summary_large_image","twitter_creator":"@webdo_tn","twitter_site":"@webdo_tn","twitter_misc":{"\u00c9crit par":"webdo.tn","Dur\u00e9e de lecture estim\u00e9e":"2 minutes"},"schema":{"@context":"https:\/\/schema.org","@graph":[{"@type":"NewsArticle","@id":"https:\/\/www.webdo.tn\/fr\/actualite\/national-45\/21109\/172207\/#article","isPartOf":{"@id":"https:\/\/www.webdo.tn\/fr\/actualite\/national-45\/21109\/172207\/"},"author":{"name":"webdo.tn","@id":"https:\/\/www.webdo.tn\/fr\/#\/schema\/person\/9a9c6118d687c117df8ef3cc36a4d175"},"headline":"D\u00e9couverte du \u00ab complot \u00bb arm\u00e9 contre l\u2019Etat : Des h\u00e9sitations d\u2019Ennahdha \u00e0 la n\u00e9cessit\u00e9 de prot\u00e9ger l\u2019Etat et la soci\u00e9t\u00e9","datePublished":"2012-02-14T20:08:00+00:00","mainEntityOfPage":{"@id":"https:\/\/www.webdo.tn\/fr\/actualite\/national-45\/21109\/172207\/"},"wordCount":448,"commentCount":0,"publisher":{"@id":"https:\/\/www.webdo.tn\/fr\/#organization"},"image":{"@id":"https:\/\/www.webdo.tn\/fr\/actualite\/national-45\/21109\/172207\/#primaryimage"},"thumbnailUrl":"https:\/\/www.webdo.tn\/fr\/wp-content\/uploads\/2025\/06\/Ennahdha-continue-a-hesiter-sur-la-maniere-de-proceder-avec-sa-droite-dans-la-mesure-ou-nombre-de-ses-adeptes-peuvent-facilement-basculer-du-cote-salafiste-Photo-SlateAfrique_172207.jpg","keywords":["guerre"],"articleSection":["National"],"inLanguage":"fr-FR"},{"@type":"WebPage","@id":"https:\/\/www.webdo.tn\/fr\/actualite\/national-45\/21109\/172207\/","url":"https:\/\/www.webdo.tn\/fr\/actualite\/national-45\/21109\/172207\/","name":"D\u00e9couverte du \u00ab complot \u00bb arm\u00e9 contre l\u2019Etat : Des h\u00e9sitations d\u2019Ennahdha \u00e0 la n\u00e9cessit\u00e9 de prot\u00e9ger l\u2019Etat et la soci\u00e9t\u00e9","isPartOf":{"@id":"https:\/\/www.webdo.tn\/fr\/#website"},"primaryImageOfPage":{"@id":"https:\/\/www.webdo.tn\/fr\/actualite\/national-45\/21109\/172207\/#primaryimage"},"image":{"@id":"https:\/\/www.webdo.tn\/fr\/actualite\/national-45\/21109\/172207\/#primaryimage"},"thumbnailUrl":"https:\/\/www.webdo.tn\/fr\/wp-content\/uploads\/2025\/06\/Ennahdha-continue-a-hesiter-sur-la-maniere-de-proceder-avec-sa-droite-dans-la-mesure-ou-nombre-de-ses-adeptes-peuvent-facilement-basculer-du-cote-salafiste-Photo-SlateAfrique_172207.jpg","datePublished":"2012-02-14T20:08:00+00:00","description":"D\u00e9couverte du \u00ab complot \u00bb arm\u00e9 contre l\u2019Etat : Des h\u00e9sitations d\u2019Ennahdha \u00e0 la n\u00e9cessit\u00e9 de prot\u00e9ger l\u2019Etat et la soci\u00e9t\u00e9","breadcrumb":{"@id":"https:\/\/www.webdo.tn\/fr\/actualite\/national-45\/21109\/172207\/#breadcrumb"},"inLanguage":"fr-FR","potentialAction":[{"@type":"ReadAction","target":["https:\/\/www.webdo.tn\/fr\/actualite\/national-45\/21109\/172207\/"]}]},{"@type":"ImageObject","inLanguage":"fr-FR","@id":"https:\/\/www.webdo.tn\/fr\/actualite\/national-45\/21109\/172207\/#primaryimage","url":"https:\/\/www.webdo.tn\/fr\/wp-content\/uploads\/2025\/06\/Ennahdha-continue-a-hesiter-sur-la-maniere-de-proceder-avec-sa-droite-dans-la-mesure-ou-nombre-de-ses-adeptes-peuvent-facilement-basculer-du-cote-salafiste-Photo-SlateAfrique_172207.jpg","contentUrl":"https:\/\/www.webdo.tn\/fr\/wp-content\/uploads\/2025\/06\/Ennahdha-continue-a-hesiter-sur-la-maniere-de-proceder-avec-sa-droite-dans-la-mesure-ou-nombre-de-ses-adeptes-peuvent-facilement-basculer-du-cote-salafiste-Photo-SlateAfrique_172207.jpg","width":210,"height":230,"caption":"D\u00e9couverte du \u00ab complot \u00bb arm\u00e9 contre l\u2019Etat : Des h\u00e9sitations d\u2019Ennahdha \u00e0 la n\u00e9cessit\u00e9 de prot\u00e9ger l\u2019Etat et la soci\u00e9t\u00e9"},{"@type":"BreadcrumbList","@id":"https:\/\/www.webdo.tn\/fr\/actualite\/national-45\/21109\/172207\/#breadcrumb","itemListElement":[{"@type":"ListItem","position":1,"name":"Accueil","item":"https:\/\/www.webdo.tn\/fr\/"},{"@type":"ListItem","position":2,"name":"D\u00e9couverte du \u00ab complot \u00bb arm\u00e9 contre l\u2019Etat : Des h\u00e9sitations d\u2019Ennahdha \u00e0 la n\u00e9cessit\u00e9 de prot\u00e9ger l\u2019Etat et la soci\u00e9t\u00e9"}]},{"@type":"WebSite","@id":"https:\/\/www.webdo.tn\/fr\/#website","url":"https:\/\/www.webdo.tn\/fr\/","name":"webdo","description":"Tunisie - News en Tunisie et \u00e0 l&#039;international sur Webdo.tn","publisher":{"@id":"https:\/\/www.webdo.tn\/fr\/#organization"},"potentialAction":[{"@type":"SearchAction","target":{"@type":"EntryPoint","urlTemplate":"https:\/\/www.webdo.tn\/fr\/?s={search_term_string}"},"query-input":{"@type":"PropertyValueSpecification","valueRequired":true,"valueName":"search_term_string"}}],"inLanguage":"fr-FR"},{"@type":"Organization","@id":"https:\/\/www.webdo.tn\/fr\/#organization","name":"Webdo","alternateName":"Webdo.tn","url":"https:\/\/www.webdo.tn\/fr\/","logo":{"@type":"ImageObject","inLanguage":"fr-FR","@id":"https:\/\/www.webdo.tn\/fr\/#\/schema\/logo\/image\/","url":"https:\/\/www.webdo.tn\/fr\/wp-content\/uploads\/2025\/06\/Webdo-Tunisie_168377.jpg","contentUrl":"https:\/\/www.webdo.tn\/fr\/wp-content\/uploads\/2025\/06\/Webdo-Tunisie_168377.jpg","width":301,"height":301,"caption":"Webdo"},"image":{"@id":"https:\/\/www.webdo.tn\/fr\/#\/schema\/logo\/image\/"},"sameAs":["https:\/\/www.facebook.com\/webdotn","https:\/\/x.com\/webdo_tn"],"description":"Webdo est un m\u00e9dia num\u00e9rique tunisien fond\u00e9 en 2010, sp\u00e9cialis\u00e9 dans l\u2019actualit\u00e9 nationale et internationale, l\u2019\u00e9conomie, la soci\u00e9t\u00e9 et les analyses politiques. Le site s\u2019adresse \u00e0 un large public francophone et couvre l\u2019information tunisienne en temps r\u00e9el.","email":"redac@webdo.tn","legalName":"YNJ SARL","foundingDate":"2010-09-06","numberOfEmployees":{"@type":"QuantitativeValue","minValue":"11","maxValue":"50"}},{"@type":"Person","@id":"https:\/\/www.webdo.tn\/fr\/#\/schema\/person\/9a9c6118d687c117df8ef3cc36a4d175","name":"webdo.tn","image":{"@type":"ImageObject","inLanguage":"fr-FR","@id":"https:\/\/secure.gravatar.com\/avatar\/7ce1f28c0c3bbac99ff550b85ef8e44a6950c6ee24514fb6a5489e51d06f0298?s=96&d=mm&r=g","url":"https:\/\/secure.gravatar.com\/avatar\/7ce1f28c0c3bbac99ff550b85ef8e44a6950c6ee24514fb6a5489e51d06f0298?s=96&d=mm&r=g","contentUrl":"https:\/\/secure.gravatar.com\/avatar\/7ce1f28c0c3bbac99ff550b85ef8e44a6950c6ee24514fb6a5489e51d06f0298?s=96&d=mm&r=g","caption":"webdo.tn"},"url":"https:\/\/www.webdo.tn\/fr\/actualite\/author\/webdotn\/"}]}},"_links":{"self":[{"href":"https:\/\/www.webdo.tn\/fr\/wp-json\/wp\/v2\/posts\/172207","targetHints":{"allow":["GET"]}}],"collection":[{"href":"https:\/\/www.webdo.tn\/fr\/wp-json\/wp\/v2\/posts"}],"about":[{"href":"https:\/\/www.webdo.tn\/fr\/wp-json\/wp\/v2\/types\/post"}],"author":[{"embeddable":true,"href":"https:\/\/www.webdo.tn\/fr\/wp-json\/wp\/v2\/users\/3222"}],"replies":[{"embeddable":true,"href":"https:\/\/www.webdo.tn\/fr\/wp-json\/wp\/v2\/comments?post=172207"}],"version-history":[{"count":0,"href":"https:\/\/www.webdo.tn\/fr\/wp-json\/wp\/v2\/posts\/172207\/revisions"}],"wp:featuredmedia":[{"embeddable":true,"href":"https:\/\/www.webdo.tn\/fr\/wp-json\/wp\/v2\/media\/374673"}],"wp:attachment":[{"href":"https:\/\/www.webdo.tn\/fr\/wp-json\/wp\/v2\/media?parent=172207"}],"wp:term":[{"taxonomy":"category","embeddable":true,"href":"https:\/\/www.webdo.tn\/fr\/wp-json\/wp\/v2\/categories?post=172207"},{"taxonomy":"post_tag","embeddable":true,"href":"https:\/\/www.webdo.tn\/fr\/wp-json\/wp\/v2\/tags?post=172207"}],"curies":[{"name":"wp","href":"https:\/\/api.w.org\/{rel}","templated":true}]}}