{"id":172206,"date":"2012-02-15T11:22:00","date_gmt":"2012-02-15T11:22:00","guid":{"rendered":"https:\/\/www.webdo.tn\/fr\/blog\/quel-est-le-veritable-nombre-d-investisseurs-ayant-deguerpi-depuis-le-14-janvier\/172206\/"},"modified":"2012-02-15T11:22:00","modified_gmt":"2012-02-15T11:22:00","slug":"quel-est-le-veritable-nombre-d-investisseurs-ayant-deguerpi-depuis-le-14-janvier","status":"publish","type":"post","link":"https:\/\/www.webdo.tn\/fr\/actualite\/national\/quel-est-le-veritable-nombre-d-investisseurs-ayant-deguerpi-depuis-le-14-janvier\/172206\/","title":{"rendered":"Quel est le v\u00e9ritable nombre d\u2019investisseurs ayant d\u00e9guerpi depuis le 14 janvier ?"},"content":{"rendered":"<p>24 heures apr\u00e8s la reprise du travail de la filiale de Leoni Tunisie \u00e0 Mateur, la filiale du groupe allemand de c\u00e2bles automobiles, annonce aujourd&rsquo;hui qu&rsquo;elle a suspendu de nouveau son unit\u00e9 de production.<br \/>\nLa fermeture d\u00e9finitive de l\u2019usine de Leoni est plus que probable et va, ainsi, provoquer la perte de quelque 2.700 emplois.<\/p>\n<p>La question des statistiques r\u00e9elles, quant au d\u00e9part d\u2019investisseurs \u00e9trangers et aux effectifs des ch\u00f4meurs, demeure encore en suspens. Le chiffre de 182 entreprises \u00e9trang\u00e8res parties et les pr\u00e8s de 10 mille personnes pouss\u00e9es dans les rangs des sans-revenus commencent \u00e0 \u00eatre d\u00e9pass\u00e9s.<\/p>\n<p>Devant l\u2019impuissance \u00e0 redresser une situation aggrav\u00e9e par tant d\u2019ann\u00e9es de laisser-aller et d\u2019abus de pouvoir, le gouvernement choisira-t-il de s\u2019investir davantage dans une fuite en avant faite de \u201clustrage\u201d m\u00e9diatique qui d\u00e9robe aux regards le v\u00e9ritable aspect des choses?<\/p>\n<p>L&rsquo;incommensurable difficult\u00e9 quant \u00e0 sauver l\u2019\u00e9conomie du gouffre (faute de la faire bouger) aura-t-elle raison de toute la bonne volont\u00e9 des gouvernements jusqu\u2019\u00e0 les ramener \u00e0 de simples calculs \u00e9lectoraux?<\/p>\n<p>Une chose est s\u00fbre, c\u2019est que les investissements ne sont pr\u00eats de reprendre du service aussi bien \u00e0 l\u2019int\u00e9rieur qu\u2019\u00e0 l\u2019ext\u00e9rieur.<\/p>\n<p>Le gros des d\u00e9tenteurs de capitaux du pays fait actuellement l\u2019objet de poursuites judiciaires. 460 d\u2019entre eux sont encore emp\u00each\u00e9s de quitter le territoire.<\/p>\n<p>C\u00f4t\u00e9 \u00e9trangers, le cas Leoni est \u00e9difiant pour les plus avertis quant \u00e0 l\u2019atmosph\u00e8re qui pr\u00e9vaut dans le pays pour les investisseurs. Si un groupe \u00e9tabli depuis 35 ans ayant \u00e9t\u00e9 t\u00e9moin de plus d\u2019un s\u00e9isme social (janvier 78, 80, \u00e9meutes du pain), d\u00e9cide de plier bagages, c\u2019est que la situation est devenue intenable.<\/p>\n<p>Combien d\u2019investisseurs ont quitt\u00e9 le pays jusque-l\u00e0 ? Pourquoi n\u2019agit-on pas dans la transparence, en d\u00e9clarant les vrais chiffres, d\u2019autant plus que le gouvernement n\u2019assume pas un legs qui est trop lourd \u00e0 porter et qui le sera davantage si on continue \u00e0 jouer aux \u201cvitrines\u201d dans les infos de 20 heures.<\/p>\n","protected":false},"excerpt":{"rendered":"<p>Quel est le v\u00e9ritable nombre d\u2019investisseurs ayant d\u00e9guerpi depuis le 14 janvier ?<\/p>\n","protected":false},"author":3222,"featured_media":374676,"comment_status":"open","ping_status":"closed","sticky":false,"template":"","format":"standard","meta":{"footnotes":""},"categories":[44],"tags":[2600],"class_list":["post-172206","post","type-post","status-publish","format-standard","has-post-thumbnail","hentry","category-national","tag-guerre"],"yoast_head":"<!-- This site is optimized with the Yoast SEO Premium plugin v27.5 (Yoast SEO v27.5) - https:\/\/yoast.com\/product\/yoast-seo-premium-wordpress\/ -->\n<title>Quel est le v\u00e9ritable nombre d\u2019investisseurs ayant d\u00e9guerpi depuis le 14 janvier ?<\/title>\n<meta name=\"description\" content=\"Quel est le v\u00e9ritable nombre d\u2019investisseurs ayant d\u00e9guerpi depuis le 14 janvier ?\" \/>\n<link rel=\"canonical\" href=\"https:\/\/www.webdo.tn\/fr\/actualite\/national-45\/quel-est-le-veritable-nombre-d-investisseurs-ayant-deguerpi-depuis-le-14-janvier\/172206\/\" \/>\n<meta property=\"og:locale\" content=\"fr_FR\" \/>\n<meta property=\"og:type\" content=\"article\" \/>\n<meta property=\"og:title\" content=\"Quel est le v\u00e9ritable nombre d\u2019investisseurs ayant d\u00e9guerpi depuis le 14 janvier ?\" \/>\n<meta property=\"og:description\" content=\"Quel est le v\u00e9ritable nombre d\u2019investisseurs ayant d\u00e9guerpi depuis le 14 janvier ?\" \/>\n<meta property=\"og:url\" content=\"https:\/\/www.webdo.tn\/fr\/actualite\/national-45\/quel-est-le-veritable-nombre-d-investisseurs-ayant-deguerpi-depuis-le-14-janvier\/172206\/\" \/>\n<meta property=\"og:site_name\" content=\"webdo\" \/>\n<meta property=\"article:publisher\" content=\"https:\/\/www.facebook.com\/webdotn\" \/>\n<meta property=\"article:published_time\" content=\"2012-02-15T11:22:00+00:00\" \/>\n<meta name=\"author\" content=\"webdo.tn\" \/>\n<meta name=\"twitter:card\" content=\"summary_large_image\" \/>\n<meta name=\"twitter:creator\" content=\"@webdo_tn\" \/>\n<meta name=\"twitter:site\" content=\"@webdo_tn\" \/>\n<meta name=\"twitter:label1\" content=\"\u00c9crit par\" \/>\n\t<meta name=\"twitter:data1\" content=\"webdo.tn\" \/>\n\t<meta name=\"twitter:label2\" content=\"Dur\u00e9e de lecture estim\u00e9e\" \/>\n\t<meta name=\"twitter:data2\" content=\"2 minutes\" \/>\n<script type=\"application\/ld+json\" class=\"yoast-schema-graph\">{\"@context\":\"https:\\\/\\\/schema.org\",\"@graph\":[{\"@type\":\"NewsArticle\",\"@id\":\"https:\\\/\\\/www.webdo.tn\\\/fr\\\/actualite\\\/national-45\\\/quel-est-le-veritable-nombre-d-investisseurs-ayant-deguerpi-depuis-le-14-janvier\\\/172206\\\/#article\",\"isPartOf\":{\"@id\":\"https:\\\/\\\/www.webdo.tn\\\/fr\\\/actualite\\\/national-45\\\/quel-est-le-veritable-nombre-d-investisseurs-ayant-deguerpi-depuis-le-14-janvier\\\/172206\\\/\"},\"author\":{\"name\":\"webdo.tn\",\"@id\":\"https:\\\/\\\/www.webdo.tn\\\/fr\\\/#\\\/schema\\\/person\\\/9a9c6118d687c117df8ef3cc36a4d175\"},\"headline\":\"Quel est le v\u00e9ritable nombre d\u2019investisseurs ayant d\u00e9guerpi depuis le 14 janvier ?\",\"datePublished\":\"2012-02-15T11:22:00+00:00\",\"mainEntityOfPage\":{\"@id\":\"https:\\\/\\\/www.webdo.tn\\\/fr\\\/actualite\\\/national-45\\\/quel-est-le-veritable-nombre-d-investisseurs-ayant-deguerpi-depuis-le-14-janvier\\\/172206\\\/\"},\"wordCount\":366,\"commentCount\":0,\"publisher\":{\"@id\":\"https:\\\/\\\/www.webdo.tn\\\/fr\\\/#organization\"},\"image\":{\"@id\":\"https:\\\/\\\/www.webdo.tn\\\/fr\\\/actualite\\\/national-45\\\/quel-est-le-veritable-nombre-d-investisseurs-ayant-deguerpi-depuis-le-14-janvier\\\/172206\\\/#primaryimage\"},\"thumbnailUrl\":\"https:\\\/\\\/www.webdo.tn\\\/fr\\\/wp-content\\\/uploads\\\/2025\\\/06\\\/Filiale-de-Leoni-Tunisie-a-Mateur_172206.jpg\",\"keywords\":[\"guerre\"],\"articleSection\":[\"National\"],\"inLanguage\":\"fr-FR\"},{\"@type\":\"WebPage\",\"@id\":\"https:\\\/\\\/www.webdo.tn\\\/fr\\\/actualite\\\/national-45\\\/quel-est-le-veritable-nombre-d-investisseurs-ayant-deguerpi-depuis-le-14-janvier\\\/172206\\\/\",\"url\":\"https:\\\/\\\/www.webdo.tn\\\/fr\\\/actualite\\\/national-45\\\/quel-est-le-veritable-nombre-d-investisseurs-ayant-deguerpi-depuis-le-14-janvier\\\/172206\\\/\",\"name\":\"Quel est le v\u00e9ritable nombre d\u2019investisseurs ayant d\u00e9guerpi depuis le 14 janvier ?\",\"isPartOf\":{\"@id\":\"https:\\\/\\\/www.webdo.tn\\\/fr\\\/#website\"},\"primaryImageOfPage\":{\"@id\":\"https:\\\/\\\/www.webdo.tn\\\/fr\\\/actualite\\\/national-45\\\/quel-est-le-veritable-nombre-d-investisseurs-ayant-deguerpi-depuis-le-14-janvier\\\/172206\\\/#primaryimage\"},\"image\":{\"@id\":\"https:\\\/\\\/www.webdo.tn\\\/fr\\\/actualite\\\/national-45\\\/quel-est-le-veritable-nombre-d-investisseurs-ayant-deguerpi-depuis-le-14-janvier\\\/172206\\\/#primaryimage\"},\"thumbnailUrl\":\"https:\\\/\\\/www.webdo.tn\\\/fr\\\/wp-content\\\/uploads\\\/2025\\\/06\\\/Filiale-de-Leoni-Tunisie-a-Mateur_172206.jpg\",\"datePublished\":\"2012-02-15T11:22:00+00:00\",\"description\":\"Quel est le v\u00e9ritable nombre d\u2019investisseurs ayant d\u00e9guerpi depuis le 14 janvier ?\",\"breadcrumb\":{\"@id\":\"https:\\\/\\\/www.webdo.tn\\\/fr\\\/actualite\\\/national-45\\\/quel-est-le-veritable-nombre-d-investisseurs-ayant-deguerpi-depuis-le-14-janvier\\\/172206\\\/#breadcrumb\"},\"inLanguage\":\"fr-FR\",\"potentialAction\":[{\"@type\":\"ReadAction\",\"target\":[\"https:\\\/\\\/www.webdo.tn\\\/fr\\\/actualite\\\/national-45\\\/quel-est-le-veritable-nombre-d-investisseurs-ayant-deguerpi-depuis-le-14-janvier\\\/172206\\\/\"]}]},{\"@type\":\"ImageObject\",\"inLanguage\":\"fr-FR\",\"@id\":\"https:\\\/\\\/www.webdo.tn\\\/fr\\\/actualite\\\/national-45\\\/quel-est-le-veritable-nombre-d-investisseurs-ayant-deguerpi-depuis-le-14-janvier\\\/172206\\\/#primaryimage\",\"url\":\"https:\\\/\\\/www.webdo.tn\\\/fr\\\/wp-content\\\/uploads\\\/2025\\\/06\\\/Filiale-de-Leoni-Tunisie-a-Mateur_172206.jpg\",\"contentUrl\":\"https:\\\/\\\/www.webdo.tn\\\/fr\\\/wp-content\\\/uploads\\\/2025\\\/06\\\/Filiale-de-Leoni-Tunisie-a-Mateur_172206.jpg\",\"width\":236,\"height\":105,\"caption\":\"Quel est le v\u00e9ritable nombre d\u2019investisseurs ayant d\u00e9guerpi depuis le 14 janvier ?\"},{\"@type\":\"BreadcrumbList\",\"@id\":\"https:\\\/\\\/www.webdo.tn\\\/fr\\\/actualite\\\/national-45\\\/quel-est-le-veritable-nombre-d-investisseurs-ayant-deguerpi-depuis-le-14-janvier\\\/172206\\\/#breadcrumb\",\"itemListElement\":[{\"@type\":\"ListItem\",\"position\":1,\"name\":\"Accueil\",\"item\":\"https:\\\/\\\/www.webdo.tn\\\/fr\\\/\"},{\"@type\":\"ListItem\",\"position\":2,\"name\":\"Quel est le v\u00e9ritable nombre d\u2019investisseurs ayant d\u00e9guerpi depuis le 14 janvier ?\"}]},{\"@type\":\"WebSite\",\"@id\":\"https:\\\/\\\/www.webdo.tn\\\/fr\\\/#website\",\"url\":\"https:\\\/\\\/www.webdo.tn\\\/fr\\\/\",\"name\":\"webdo\",\"description\":\"Tunisie - News en Tunisie et \u00e0 l&#039;international sur Webdo.tn\",\"publisher\":{\"@id\":\"https:\\\/\\\/www.webdo.tn\\\/fr\\\/#organization\"},\"potentialAction\":[{\"@type\":\"SearchAction\",\"target\":{\"@type\":\"EntryPoint\",\"urlTemplate\":\"https:\\\/\\\/www.webdo.tn\\\/fr\\\/?s={search_term_string}\"},\"query-input\":{\"@type\":\"PropertyValueSpecification\",\"valueRequired\":true,\"valueName\":\"search_term_string\"}}],\"inLanguage\":\"fr-FR\"},{\"@type\":\"Organization\",\"@id\":\"https:\\\/\\\/www.webdo.tn\\\/fr\\\/#organization\",\"name\":\"Webdo\",\"alternateName\":\"Webdo.tn\",\"url\":\"https:\\\/\\\/www.webdo.tn\\\/fr\\\/\",\"logo\":{\"@type\":\"ImageObject\",\"inLanguage\":\"fr-FR\",\"@id\":\"https:\\\/\\\/www.webdo.tn\\\/fr\\\/#\\\/schema\\\/logo\\\/image\\\/\",\"url\":\"https:\\\/\\\/www.webdo.tn\\\/fr\\\/wp-content\\\/uploads\\\/2025\\\/06\\\/Webdo-Tunisie_168377.jpg\",\"contentUrl\":\"https:\\\/\\\/www.webdo.tn\\\/fr\\\/wp-content\\\/uploads\\\/2025\\\/06\\\/Webdo-Tunisie_168377.jpg\",\"width\":301,\"height\":301,\"caption\":\"Webdo\"},\"image\":{\"@id\":\"https:\\\/\\\/www.webdo.tn\\\/fr\\\/#\\\/schema\\\/logo\\\/image\\\/\"},\"sameAs\":[\"https:\\\/\\\/www.facebook.com\\\/webdotn\",\"https:\\\/\\\/x.com\\\/webdo_tn\"],\"description\":\"Webdo est un m\u00e9dia num\u00e9rique tunisien fond\u00e9 en 2010, sp\u00e9cialis\u00e9 dans l\u2019actualit\u00e9 nationale et internationale, l\u2019\u00e9conomie, la soci\u00e9t\u00e9 et les analyses politiques. Le site s\u2019adresse \u00e0 un large public francophone et couvre l\u2019information tunisienne en temps r\u00e9el.\",\"email\":\"redac@webdo.tn\",\"legalName\":\"YNJ SARL\",\"foundingDate\":\"2010-09-06\",\"numberOfEmployees\":{\"@type\":\"QuantitativeValue\",\"minValue\":\"11\",\"maxValue\":\"50\"}},{\"@type\":\"Person\",\"@id\":\"https:\\\/\\\/www.webdo.tn\\\/fr\\\/#\\\/schema\\\/person\\\/9a9c6118d687c117df8ef3cc36a4d175\",\"name\":\"webdo.tn\",\"image\":{\"@type\":\"ImageObject\",\"inLanguage\":\"fr-FR\",\"@id\":\"https:\\\/\\\/secure.gravatar.com\\\/avatar\\\/7ce1f28c0c3bbac99ff550b85ef8e44a6950c6ee24514fb6a5489e51d06f0298?s=96&d=mm&r=g\",\"url\":\"https:\\\/\\\/secure.gravatar.com\\\/avatar\\\/7ce1f28c0c3bbac99ff550b85ef8e44a6950c6ee24514fb6a5489e51d06f0298?s=96&d=mm&r=g\",\"contentUrl\":\"https:\\\/\\\/secure.gravatar.com\\\/avatar\\\/7ce1f28c0c3bbac99ff550b85ef8e44a6950c6ee24514fb6a5489e51d06f0298?s=96&d=mm&r=g\",\"caption\":\"webdo.tn\"},\"url\":\"https:\\\/\\\/www.webdo.tn\\\/fr\\\/actualite\\\/author\\\/webdotn\\\/\"}]}<\/script>\n<!-- \/ Yoast SEO Premium plugin. -->","yoast_head_json":{"title":"Quel est le v\u00e9ritable nombre d\u2019investisseurs ayant d\u00e9guerpi depuis le 14 janvier ?","description":"Quel est le v\u00e9ritable nombre d\u2019investisseurs ayant d\u00e9guerpi depuis le 14 janvier ?","canonical":"https:\/\/www.webdo.tn\/fr\/actualite\/national-45\/quel-est-le-veritable-nombre-d-investisseurs-ayant-deguerpi-depuis-le-14-janvier\/172206\/","og_locale":"fr_FR","og_type":"article","og_title":"Quel est le v\u00e9ritable nombre d\u2019investisseurs ayant d\u00e9guerpi depuis le 14 janvier ?","og_description":"Quel est le v\u00e9ritable nombre d\u2019investisseurs ayant d\u00e9guerpi depuis le 14 janvier ?","og_url":"https:\/\/www.webdo.tn\/fr\/actualite\/national-45\/quel-est-le-veritable-nombre-d-investisseurs-ayant-deguerpi-depuis-le-14-janvier\/172206\/","og_site_name":"webdo","article_publisher":"https:\/\/www.facebook.com\/webdotn","article_published_time":"2012-02-15T11:22:00+00:00","author":"webdo.tn","twitter_card":"summary_large_image","twitter_creator":"@webdo_tn","twitter_site":"@webdo_tn","twitter_misc":{"\u00c9crit par":"webdo.tn","Dur\u00e9e de lecture estim\u00e9e":"2 minutes"},"schema":{"@context":"https:\/\/schema.org","@graph":[{"@type":"NewsArticle","@id":"https:\/\/www.webdo.tn\/fr\/actualite\/national-45\/quel-est-le-veritable-nombre-d-investisseurs-ayant-deguerpi-depuis-le-14-janvier\/172206\/#article","isPartOf":{"@id":"https:\/\/www.webdo.tn\/fr\/actualite\/national-45\/quel-est-le-veritable-nombre-d-investisseurs-ayant-deguerpi-depuis-le-14-janvier\/172206\/"},"author":{"name":"webdo.tn","@id":"https:\/\/www.webdo.tn\/fr\/#\/schema\/person\/9a9c6118d687c117df8ef3cc36a4d175"},"headline":"Quel est le v\u00e9ritable nombre d\u2019investisseurs ayant d\u00e9guerpi depuis le 14 janvier ?","datePublished":"2012-02-15T11:22:00+00:00","mainEntityOfPage":{"@id":"https:\/\/www.webdo.tn\/fr\/actualite\/national-45\/quel-est-le-veritable-nombre-d-investisseurs-ayant-deguerpi-depuis-le-14-janvier\/172206\/"},"wordCount":366,"commentCount":0,"publisher":{"@id":"https:\/\/www.webdo.tn\/fr\/#organization"},"image":{"@id":"https:\/\/www.webdo.tn\/fr\/actualite\/national-45\/quel-est-le-veritable-nombre-d-investisseurs-ayant-deguerpi-depuis-le-14-janvier\/172206\/#primaryimage"},"thumbnailUrl":"https:\/\/www.webdo.tn\/fr\/wp-content\/uploads\/2025\/06\/Filiale-de-Leoni-Tunisie-a-Mateur_172206.jpg","keywords":["guerre"],"articleSection":["National"],"inLanguage":"fr-FR"},{"@type":"WebPage","@id":"https:\/\/www.webdo.tn\/fr\/actualite\/national-45\/quel-est-le-veritable-nombre-d-investisseurs-ayant-deguerpi-depuis-le-14-janvier\/172206\/","url":"https:\/\/www.webdo.tn\/fr\/actualite\/national-45\/quel-est-le-veritable-nombre-d-investisseurs-ayant-deguerpi-depuis-le-14-janvier\/172206\/","name":"Quel est le v\u00e9ritable nombre d\u2019investisseurs ayant d\u00e9guerpi depuis le 14 janvier ?","isPartOf":{"@id":"https:\/\/www.webdo.tn\/fr\/#website"},"primaryImageOfPage":{"@id":"https:\/\/www.webdo.tn\/fr\/actualite\/national-45\/quel-est-le-veritable-nombre-d-investisseurs-ayant-deguerpi-depuis-le-14-janvier\/172206\/#primaryimage"},"image":{"@id":"https:\/\/www.webdo.tn\/fr\/actualite\/national-45\/quel-est-le-veritable-nombre-d-investisseurs-ayant-deguerpi-depuis-le-14-janvier\/172206\/#primaryimage"},"thumbnailUrl":"https:\/\/www.webdo.tn\/fr\/wp-content\/uploads\/2025\/06\/Filiale-de-Leoni-Tunisie-a-Mateur_172206.jpg","datePublished":"2012-02-15T11:22:00+00:00","description":"Quel est le v\u00e9ritable nombre d\u2019investisseurs ayant d\u00e9guerpi depuis le 14 janvier ?","breadcrumb":{"@id":"https:\/\/www.webdo.tn\/fr\/actualite\/national-45\/quel-est-le-veritable-nombre-d-investisseurs-ayant-deguerpi-depuis-le-14-janvier\/172206\/#breadcrumb"},"inLanguage":"fr-FR","potentialAction":[{"@type":"ReadAction","target":["https:\/\/www.webdo.tn\/fr\/actualite\/national-45\/quel-est-le-veritable-nombre-d-investisseurs-ayant-deguerpi-depuis-le-14-janvier\/172206\/"]}]},{"@type":"ImageObject","inLanguage":"fr-FR","@id":"https:\/\/www.webdo.tn\/fr\/actualite\/national-45\/quel-est-le-veritable-nombre-d-investisseurs-ayant-deguerpi-depuis-le-14-janvier\/172206\/#primaryimage","url":"https:\/\/www.webdo.tn\/fr\/wp-content\/uploads\/2025\/06\/Filiale-de-Leoni-Tunisie-a-Mateur_172206.jpg","contentUrl":"https:\/\/www.webdo.tn\/fr\/wp-content\/uploads\/2025\/06\/Filiale-de-Leoni-Tunisie-a-Mateur_172206.jpg","width":236,"height":105,"caption":"Quel est le v\u00e9ritable nombre d\u2019investisseurs ayant d\u00e9guerpi depuis le 14 janvier ?"},{"@type":"BreadcrumbList","@id":"https:\/\/www.webdo.tn\/fr\/actualite\/national-45\/quel-est-le-veritable-nombre-d-investisseurs-ayant-deguerpi-depuis-le-14-janvier\/172206\/#breadcrumb","itemListElement":[{"@type":"ListItem","position":1,"name":"Accueil","item":"https:\/\/www.webdo.tn\/fr\/"},{"@type":"ListItem","position":2,"name":"Quel est le v\u00e9ritable nombre d\u2019investisseurs ayant d\u00e9guerpi depuis le 14 janvier ?"}]},{"@type":"WebSite","@id":"https:\/\/www.webdo.tn\/fr\/#website","url":"https:\/\/www.webdo.tn\/fr\/","name":"webdo","description":"Tunisie - News en Tunisie et \u00e0 l&#039;international sur Webdo.tn","publisher":{"@id":"https:\/\/www.webdo.tn\/fr\/#organization"},"potentialAction":[{"@type":"SearchAction","target":{"@type":"EntryPoint","urlTemplate":"https:\/\/www.webdo.tn\/fr\/?s={search_term_string}"},"query-input":{"@type":"PropertyValueSpecification","valueRequired":true,"valueName":"search_term_string"}}],"inLanguage":"fr-FR"},{"@type":"Organization","@id":"https:\/\/www.webdo.tn\/fr\/#organization","name":"Webdo","alternateName":"Webdo.tn","url":"https:\/\/www.webdo.tn\/fr\/","logo":{"@type":"ImageObject","inLanguage":"fr-FR","@id":"https:\/\/www.webdo.tn\/fr\/#\/schema\/logo\/image\/","url":"https:\/\/www.webdo.tn\/fr\/wp-content\/uploads\/2025\/06\/Webdo-Tunisie_168377.jpg","contentUrl":"https:\/\/www.webdo.tn\/fr\/wp-content\/uploads\/2025\/06\/Webdo-Tunisie_168377.jpg","width":301,"height":301,"caption":"Webdo"},"image":{"@id":"https:\/\/www.webdo.tn\/fr\/#\/schema\/logo\/image\/"},"sameAs":["https:\/\/www.facebook.com\/webdotn","https:\/\/x.com\/webdo_tn"],"description":"Webdo est un m\u00e9dia num\u00e9rique tunisien fond\u00e9 en 2010, sp\u00e9cialis\u00e9 dans l\u2019actualit\u00e9 nationale et internationale, l\u2019\u00e9conomie, la soci\u00e9t\u00e9 et les analyses politiques. Le site s\u2019adresse \u00e0 un large public francophone et couvre l\u2019information tunisienne en temps r\u00e9el.","email":"redac@webdo.tn","legalName":"YNJ SARL","foundingDate":"2010-09-06","numberOfEmployees":{"@type":"QuantitativeValue","minValue":"11","maxValue":"50"}},{"@type":"Person","@id":"https:\/\/www.webdo.tn\/fr\/#\/schema\/person\/9a9c6118d687c117df8ef3cc36a4d175","name":"webdo.tn","image":{"@type":"ImageObject","inLanguage":"fr-FR","@id":"https:\/\/secure.gravatar.com\/avatar\/7ce1f28c0c3bbac99ff550b85ef8e44a6950c6ee24514fb6a5489e51d06f0298?s=96&d=mm&r=g","url":"https:\/\/secure.gravatar.com\/avatar\/7ce1f28c0c3bbac99ff550b85ef8e44a6950c6ee24514fb6a5489e51d06f0298?s=96&d=mm&r=g","contentUrl":"https:\/\/secure.gravatar.com\/avatar\/7ce1f28c0c3bbac99ff550b85ef8e44a6950c6ee24514fb6a5489e51d06f0298?s=96&d=mm&r=g","caption":"webdo.tn"},"url":"https:\/\/www.webdo.tn\/fr\/actualite\/author\/webdotn\/"}]}},"_links":{"self":[{"href":"https:\/\/www.webdo.tn\/fr\/wp-json\/wp\/v2\/posts\/172206","targetHints":{"allow":["GET"]}}],"collection":[{"href":"https:\/\/www.webdo.tn\/fr\/wp-json\/wp\/v2\/posts"}],"about":[{"href":"https:\/\/www.webdo.tn\/fr\/wp-json\/wp\/v2\/types\/post"}],"author":[{"embeddable":true,"href":"https:\/\/www.webdo.tn\/fr\/wp-json\/wp\/v2\/users\/3222"}],"replies":[{"embeddable":true,"href":"https:\/\/www.webdo.tn\/fr\/wp-json\/wp\/v2\/comments?post=172206"}],"version-history":[{"count":0,"href":"https:\/\/www.webdo.tn\/fr\/wp-json\/wp\/v2\/posts\/172206\/revisions"}],"wp:featuredmedia":[{"embeddable":true,"href":"https:\/\/www.webdo.tn\/fr\/wp-json\/wp\/v2\/media\/374676"}],"wp:attachment":[{"href":"https:\/\/www.webdo.tn\/fr\/wp-json\/wp\/v2\/media?parent=172206"}],"wp:term":[{"taxonomy":"category","embeddable":true,"href":"https:\/\/www.webdo.tn\/fr\/wp-json\/wp\/v2\/categories?post=172206"},{"taxonomy":"post_tag","embeddable":true,"href":"https:\/\/www.webdo.tn\/fr\/wp-json\/wp\/v2\/tags?post=172206"}],"curies":[{"name":"wp","href":"https:\/\/api.w.org\/{rel}","templated":true}]}}