{"id":172205,"date":"2012-02-15T13:09:00","date_gmt":"2012-02-15T12:09:00","guid":{"rendered":"https:\/\/www.webdo.tn\/fr\/actualite\/national\/censure-dinternet-la-cour-de-cassation-reporte-a-la-semaine-prochaine-laffaire-de-lati\/172205"},"modified":"2012-02-15T13:09:00","modified_gmt":"2012-02-15T12:09:00","slug":"censure-dinternet-la-cour-de-cassation-reporte-a-la-semaine-prochaine-laffaire-de-lati","status":"publish","type":"post","link":"https:\/\/www.webdo.tn\/fr\/actualite\/national\/censure-dinternet-la-cour-de-cassation-reporte-a-la-semaine-prochaine-laffaire-de-lati\/172205\/","title":{"rendered":"Censure d&rsquo;Internet : la cour de cassation reporte \u00e0 la semaine prochaine l&rsquo;affaire de l&rsquo;ATI"},"content":{"rendered":"<p>Aujourd&rsquo;hui, la Cour de cassation a report\u00e9 \u00e0 la semaine prochaine, le 22 f\u00e9vrier, sa d\u00e9cision en ce qui concerne le jugement en r\u00e9f\u00e9r\u00e9 du tribunal de premi\u00e8re instance de Tunis relatif \u00e0 l\u2019affaire n\u00b02011\/99325 en date du 26 mai 2011 portant sur la censure de sites \u00e0 caract\u00e8re pornographique, apprend-on dans un\u00a0tweet de l\u2019Agence Tunisienne d\u2019Internet.<\/p>\n<p>L&rsquo;affaire a d\u00e9but\u00e9 en mai 2011, suite a la demande d&rsquo;un groupe d&rsquo;avocats qui avaient jug\u00e9 que les sites pornographiques pr\u00e9sentaient un danger \u00e9vident pour les enfants et ne convenaient pas aux valeurs musulmanes de la Tunisie.<\/p>\n<p>Les avis sont mitig\u00e9s sur la censure des sites pornos. Certains y voient un danger pour leurs enfants et d&rsquo;autres un danger pour tout le pays \u00e0 travers cette censure, dont \u00ab\u00a0Reporters sans Fronti\u00e8res\u00a0\u00bb, qui craint un retour de \u00ab\u00a0Ammar 404\u00a0\u00bb.<\/p>\n<p>Une crainte qui se r\u00e9sume par un retour en arri\u00e8re et qui repr\u00e9sente une renaissance des m\u00e9thodes de Ben Ali.<\/p>\n","protected":false},"excerpt":{"rendered":"<p>Aujourd&rsquo;hui, la Cour de cassation a report\u00e9 \u00e0 la semaine prochaine, le 22 f\u00e9vrier, sa d\u00e9cision en ce qui concerne le jugement en r\u00e9f\u00e9r\u00e9 du tribunal <\/p>\n","protected":false},"author":3222,"featured_media":374675,"comment_status":"open","ping_status":"open","sticky":false,"template":"","format":"standard","meta":{"footnotes":""},"categories":[44],"tags":[],"class_list":["post-172205","post","type-post","status-publish","format-standard","has-post-thumbnail","hentry","category-national"],"yoast_head":"<!-- This site is optimized with the Yoast SEO Premium plugin v27.5 (Yoast SEO v27.5) - https:\/\/yoast.com\/product\/yoast-seo-premium-wordpress\/ -->\n<title>Censure d&#039;Internet : la cour de cassation reporte \u00e0 la semaine prochaine l&#039;affaire de l&#039;ATI<\/title>\n<meta name=\"description\" content=\"Censure d&#039;Internet : la cour de cassation reporte \u00e0 la semaine prochaine l&#039;affaire de l&#039;ATI\" \/>\n<link rel=\"canonical\" href=\"https:\/\/www.webdo.tn\/fr\/actualite\/national-45\/censure-dinternet-la-cour-de-cassation-reporte-a-la-semaine-prochaine-laffaire-de-lati\/172205\/\" \/>\n<meta property=\"og:locale\" content=\"fr_FR\" \/>\n<meta property=\"og:type\" content=\"article\" \/>\n<meta property=\"og:title\" content=\"Censure d&#039;Internet : la cour de cassation reporte \u00e0 la semaine prochaine l&#039;affaire de l&#039;ATI\" \/>\n<meta property=\"og:description\" content=\"Censure d&#039;Internet : la cour de cassation reporte \u00e0 la semaine prochaine l&#039;affaire de l&#039;ATI\" \/>\n<meta property=\"og:url\" content=\"https:\/\/www.webdo.tn\/fr\/actualite\/national-45\/censure-dinternet-la-cour-de-cassation-reporte-a-la-semaine-prochaine-laffaire-de-lati\/172205\/\" \/>\n<meta property=\"og:site_name\" content=\"webdo\" \/>\n<meta property=\"article:publisher\" content=\"https:\/\/www.facebook.com\/webdotn\" \/>\n<meta property=\"article:published_time\" content=\"2012-02-15T12:09:00+00:00\" \/>\n<meta name=\"author\" content=\"webdo.tn\" \/>\n<meta name=\"twitter:card\" content=\"summary_large_image\" \/>\n<meta name=\"twitter:creator\" content=\"@webdo_tn\" \/>\n<meta name=\"twitter:site\" content=\"@webdo_tn\" \/>\n<meta name=\"twitter:label1\" content=\"\u00c9crit par\" \/>\n\t<meta name=\"twitter:data1\" content=\"webdo.tn\" \/>\n\t<meta name=\"twitter:label2\" content=\"Dur\u00e9e de lecture estim\u00e9e\" \/>\n\t<meta name=\"twitter:data2\" content=\"1 minute\" \/>\n<script type=\"application\/ld+json\" class=\"yoast-schema-graph\">{\"@context\":\"https:\\\/\\\/schema.org\",\"@graph\":[{\"@type\":\"NewsArticle\",\"@id\":\"https:\\\/\\\/www.webdo.tn\\\/fr\\\/actualite\\\/national-45\\\/censure-dinternet-la-cour-de-cassation-reporte-a-la-semaine-prochaine-laffaire-de-lati\\\/172205\\\/#article\",\"isPartOf\":{\"@id\":\"https:\\\/\\\/www.webdo.tn\\\/fr\\\/actualite\\\/national-45\\\/censure-dinternet-la-cour-de-cassation-reporte-a-la-semaine-prochaine-laffaire-de-lati\\\/172205\\\/\"},\"author\":{\"name\":\"webdo.tn\",\"@id\":\"https:\\\/\\\/www.webdo.tn\\\/fr\\\/#\\\/schema\\\/person\\\/9a9c6118d687c117df8ef3cc36a4d175\"},\"headline\":\"Censure d&rsquo;Internet : la cour de cassation reporte \u00e0 la semaine prochaine l&rsquo;affaire de l&rsquo;ATI\",\"datePublished\":\"2012-02-15T12:09:00+00:00\",\"mainEntityOfPage\":{\"@id\":\"https:\\\/\\\/www.webdo.tn\\\/fr\\\/actualite\\\/national-45\\\/censure-dinternet-la-cour-de-cassation-reporte-a-la-semaine-prochaine-laffaire-de-lati\\\/172205\\\/\"},\"wordCount\":185,\"commentCount\":0,\"publisher\":{\"@id\":\"https:\\\/\\\/www.webdo.tn\\\/fr\\\/#organization\"},\"image\":{\"@id\":\"https:\\\/\\\/www.webdo.tn\\\/fr\\\/actualite\\\/national-45\\\/censure-dinternet-la-cour-de-cassation-reporte-a-la-semaine-prochaine-laffaire-de-lati\\\/172205\\\/#primaryimage\"},\"thumbnailUrl\":\"https:\\\/\\\/www.webdo.tn\\\/fr\\\/wp-content\\\/uploads\\\/2025\\\/06\\\/Internet-Libre-photo-ghettoparisien.com__172205.jpg\",\"articleSection\":[\"National\"],\"inLanguage\":\"fr-FR\"},{\"@type\":\"WebPage\",\"@id\":\"https:\\\/\\\/www.webdo.tn\\\/fr\\\/actualite\\\/national-45\\\/censure-dinternet-la-cour-de-cassation-reporte-a-la-semaine-prochaine-laffaire-de-lati\\\/172205\\\/\",\"url\":\"https:\\\/\\\/www.webdo.tn\\\/fr\\\/actualite\\\/national-45\\\/censure-dinternet-la-cour-de-cassation-reporte-a-la-semaine-prochaine-laffaire-de-lati\\\/172205\\\/\",\"name\":\"Censure d'Internet : la cour de cassation reporte \u00e0 la semaine prochaine l'affaire de l'ATI\",\"isPartOf\":{\"@id\":\"https:\\\/\\\/www.webdo.tn\\\/fr\\\/#website\"},\"primaryImageOfPage\":{\"@id\":\"https:\\\/\\\/www.webdo.tn\\\/fr\\\/actualite\\\/national-45\\\/censure-dinternet-la-cour-de-cassation-reporte-a-la-semaine-prochaine-laffaire-de-lati\\\/172205\\\/#primaryimage\"},\"image\":{\"@id\":\"https:\\\/\\\/www.webdo.tn\\\/fr\\\/actualite\\\/national-45\\\/censure-dinternet-la-cour-de-cassation-reporte-a-la-semaine-prochaine-laffaire-de-lati\\\/172205\\\/#primaryimage\"},\"thumbnailUrl\":\"https:\\\/\\\/www.webdo.tn\\\/fr\\\/wp-content\\\/uploads\\\/2025\\\/06\\\/Internet-Libre-photo-ghettoparisien.com__172205.jpg\",\"datePublished\":\"2012-02-15T12:09:00+00:00\",\"description\":\"Censure d'Internet : la cour de cassation reporte \u00e0 la semaine prochaine l'affaire de l'ATI\",\"breadcrumb\":{\"@id\":\"https:\\\/\\\/www.webdo.tn\\\/fr\\\/actualite\\\/national-45\\\/censure-dinternet-la-cour-de-cassation-reporte-a-la-semaine-prochaine-laffaire-de-lati\\\/172205\\\/#breadcrumb\"},\"inLanguage\":\"fr-FR\",\"potentialAction\":[{\"@type\":\"ReadAction\",\"target\":[\"https:\\\/\\\/www.webdo.tn\\\/fr\\\/actualite\\\/national-45\\\/censure-dinternet-la-cour-de-cassation-reporte-a-la-semaine-prochaine-laffaire-de-lati\\\/172205\\\/\"]}]},{\"@type\":\"ImageObject\",\"inLanguage\":\"fr-FR\",\"@id\":\"https:\\\/\\\/www.webdo.tn\\\/fr\\\/actualite\\\/national-45\\\/censure-dinternet-la-cour-de-cassation-reporte-a-la-semaine-prochaine-laffaire-de-lati\\\/172205\\\/#primaryimage\",\"url\":\"https:\\\/\\\/www.webdo.tn\\\/fr\\\/wp-content\\\/uploads\\\/2025\\\/06\\\/Internet-Libre-photo-ghettoparisien.com__172205.jpg\",\"contentUrl\":\"https:\\\/\\\/www.webdo.tn\\\/fr\\\/wp-content\\\/uploads\\\/2025\\\/06\\\/Internet-Libre-photo-ghettoparisien.com__172205.jpg\",\"width\":288,\"height\":312,\"caption\":\"Censure d'Internet : la cour de cassation reporte \u00e0 la semaine prochaine l'affaire de l'ATI\"},{\"@type\":\"BreadcrumbList\",\"@id\":\"https:\\\/\\\/www.webdo.tn\\\/fr\\\/actualite\\\/national-45\\\/censure-dinternet-la-cour-de-cassation-reporte-a-la-semaine-prochaine-laffaire-de-lati\\\/172205\\\/#breadcrumb\",\"itemListElement\":[{\"@type\":\"ListItem\",\"position\":1,\"name\":\"Accueil\",\"item\":\"https:\\\/\\\/www.webdo.tn\\\/fr\\\/\"},{\"@type\":\"ListItem\",\"position\":2,\"name\":\"Censure d&rsquo;Internet : la cour de cassation reporte \u00e0 la semaine prochaine l&rsquo;affaire de l&rsquo;ATI\"}]},{\"@type\":\"WebSite\",\"@id\":\"https:\\\/\\\/www.webdo.tn\\\/fr\\\/#website\",\"url\":\"https:\\\/\\\/www.webdo.tn\\\/fr\\\/\",\"name\":\"webdo\",\"description\":\"Tunisie - News en Tunisie et \u00e0 l&#039;international sur Webdo.tn\",\"publisher\":{\"@id\":\"https:\\\/\\\/www.webdo.tn\\\/fr\\\/#organization\"},\"potentialAction\":[{\"@type\":\"SearchAction\",\"target\":{\"@type\":\"EntryPoint\",\"urlTemplate\":\"https:\\\/\\\/www.webdo.tn\\\/fr\\\/?s={search_term_string}\"},\"query-input\":{\"@type\":\"PropertyValueSpecification\",\"valueRequired\":true,\"valueName\":\"search_term_string\"}}],\"inLanguage\":\"fr-FR\"},{\"@type\":\"Organization\",\"@id\":\"https:\\\/\\\/www.webdo.tn\\\/fr\\\/#organization\",\"name\":\"Webdo\",\"alternateName\":\"Webdo.tn\",\"url\":\"https:\\\/\\\/www.webdo.tn\\\/fr\\\/\",\"logo\":{\"@type\":\"ImageObject\",\"inLanguage\":\"fr-FR\",\"@id\":\"https:\\\/\\\/www.webdo.tn\\\/fr\\\/#\\\/schema\\\/logo\\\/image\\\/\",\"url\":\"https:\\\/\\\/www.webdo.tn\\\/fr\\\/wp-content\\\/uploads\\\/2025\\\/06\\\/Webdo-Tunisie_168377.jpg\",\"contentUrl\":\"https:\\\/\\\/www.webdo.tn\\\/fr\\\/wp-content\\\/uploads\\\/2025\\\/06\\\/Webdo-Tunisie_168377.jpg\",\"width\":301,\"height\":301,\"caption\":\"Webdo\"},\"image\":{\"@id\":\"https:\\\/\\\/www.webdo.tn\\\/fr\\\/#\\\/schema\\\/logo\\\/image\\\/\"},\"sameAs\":[\"https:\\\/\\\/www.facebook.com\\\/webdotn\",\"https:\\\/\\\/x.com\\\/webdo_tn\"],\"description\":\"Webdo est un m\u00e9dia num\u00e9rique tunisien fond\u00e9 en 2010, sp\u00e9cialis\u00e9 dans l\u2019actualit\u00e9 nationale et internationale, l\u2019\u00e9conomie, la soci\u00e9t\u00e9 et les analyses politiques. Le site s\u2019adresse \u00e0 un large public francophone et couvre l\u2019information tunisienne en temps r\u00e9el.\",\"email\":\"redac@webdo.tn\",\"legalName\":\"YNJ SARL\",\"foundingDate\":\"2010-09-06\",\"numberOfEmployees\":{\"@type\":\"QuantitativeValue\",\"minValue\":\"11\",\"maxValue\":\"50\"}},{\"@type\":\"Person\",\"@id\":\"https:\\\/\\\/www.webdo.tn\\\/fr\\\/#\\\/schema\\\/person\\\/9a9c6118d687c117df8ef3cc36a4d175\",\"name\":\"webdo.tn\",\"image\":{\"@type\":\"ImageObject\",\"inLanguage\":\"fr-FR\",\"@id\":\"https:\\\/\\\/secure.gravatar.com\\\/avatar\\\/7ce1f28c0c3bbac99ff550b85ef8e44a6950c6ee24514fb6a5489e51d06f0298?s=96&d=mm&r=g\",\"url\":\"https:\\\/\\\/secure.gravatar.com\\\/avatar\\\/7ce1f28c0c3bbac99ff550b85ef8e44a6950c6ee24514fb6a5489e51d06f0298?s=96&d=mm&r=g\",\"contentUrl\":\"https:\\\/\\\/secure.gravatar.com\\\/avatar\\\/7ce1f28c0c3bbac99ff550b85ef8e44a6950c6ee24514fb6a5489e51d06f0298?s=96&d=mm&r=g\",\"caption\":\"webdo.tn\"},\"url\":\"https:\\\/\\\/www.webdo.tn\\\/fr\\\/actualite\\\/author\\\/webdotn\\\/\"}]}<\/script>\n<!-- \/ Yoast SEO Premium plugin. -->","yoast_head_json":{"title":"Censure d'Internet : la cour de cassation reporte \u00e0 la semaine prochaine l'affaire de l'ATI","description":"Censure d'Internet : la cour de cassation reporte \u00e0 la semaine prochaine l'affaire de l'ATI","canonical":"https:\/\/www.webdo.tn\/fr\/actualite\/national-45\/censure-dinternet-la-cour-de-cassation-reporte-a-la-semaine-prochaine-laffaire-de-lati\/172205\/","og_locale":"fr_FR","og_type":"article","og_title":"Censure d'Internet : la cour de cassation reporte \u00e0 la semaine prochaine l'affaire de l'ATI","og_description":"Censure d'Internet : la cour de cassation reporte \u00e0 la semaine prochaine l'affaire de l'ATI","og_url":"https:\/\/www.webdo.tn\/fr\/actualite\/national-45\/censure-dinternet-la-cour-de-cassation-reporte-a-la-semaine-prochaine-laffaire-de-lati\/172205\/","og_site_name":"webdo","article_publisher":"https:\/\/www.facebook.com\/webdotn","article_published_time":"2012-02-15T12:09:00+00:00","author":"webdo.tn","twitter_card":"summary_large_image","twitter_creator":"@webdo_tn","twitter_site":"@webdo_tn","twitter_misc":{"\u00c9crit par":"webdo.tn","Dur\u00e9e de lecture estim\u00e9e":"1 minute"},"schema":{"@context":"https:\/\/schema.org","@graph":[{"@type":"NewsArticle","@id":"https:\/\/www.webdo.tn\/fr\/actualite\/national-45\/censure-dinternet-la-cour-de-cassation-reporte-a-la-semaine-prochaine-laffaire-de-lati\/172205\/#article","isPartOf":{"@id":"https:\/\/www.webdo.tn\/fr\/actualite\/national-45\/censure-dinternet-la-cour-de-cassation-reporte-a-la-semaine-prochaine-laffaire-de-lati\/172205\/"},"author":{"name":"webdo.tn","@id":"https:\/\/www.webdo.tn\/fr\/#\/schema\/person\/9a9c6118d687c117df8ef3cc36a4d175"},"headline":"Censure d&rsquo;Internet : la cour de cassation reporte \u00e0 la semaine prochaine l&rsquo;affaire de l&rsquo;ATI","datePublished":"2012-02-15T12:09:00+00:00","mainEntityOfPage":{"@id":"https:\/\/www.webdo.tn\/fr\/actualite\/national-45\/censure-dinternet-la-cour-de-cassation-reporte-a-la-semaine-prochaine-laffaire-de-lati\/172205\/"},"wordCount":185,"commentCount":0,"publisher":{"@id":"https:\/\/www.webdo.tn\/fr\/#organization"},"image":{"@id":"https:\/\/www.webdo.tn\/fr\/actualite\/national-45\/censure-dinternet-la-cour-de-cassation-reporte-a-la-semaine-prochaine-laffaire-de-lati\/172205\/#primaryimage"},"thumbnailUrl":"https:\/\/www.webdo.tn\/fr\/wp-content\/uploads\/2025\/06\/Internet-Libre-photo-ghettoparisien.com__172205.jpg","articleSection":["National"],"inLanguage":"fr-FR"},{"@type":"WebPage","@id":"https:\/\/www.webdo.tn\/fr\/actualite\/national-45\/censure-dinternet-la-cour-de-cassation-reporte-a-la-semaine-prochaine-laffaire-de-lati\/172205\/","url":"https:\/\/www.webdo.tn\/fr\/actualite\/national-45\/censure-dinternet-la-cour-de-cassation-reporte-a-la-semaine-prochaine-laffaire-de-lati\/172205\/","name":"Censure d'Internet : la cour de cassation reporte \u00e0 la semaine prochaine l'affaire de l'ATI","isPartOf":{"@id":"https:\/\/www.webdo.tn\/fr\/#website"},"primaryImageOfPage":{"@id":"https:\/\/www.webdo.tn\/fr\/actualite\/national-45\/censure-dinternet-la-cour-de-cassation-reporte-a-la-semaine-prochaine-laffaire-de-lati\/172205\/#primaryimage"},"image":{"@id":"https:\/\/www.webdo.tn\/fr\/actualite\/national-45\/censure-dinternet-la-cour-de-cassation-reporte-a-la-semaine-prochaine-laffaire-de-lati\/172205\/#primaryimage"},"thumbnailUrl":"https:\/\/www.webdo.tn\/fr\/wp-content\/uploads\/2025\/06\/Internet-Libre-photo-ghettoparisien.com__172205.jpg","datePublished":"2012-02-15T12:09:00+00:00","description":"Censure d'Internet : la cour de cassation reporte \u00e0 la semaine prochaine l'affaire de l'ATI","breadcrumb":{"@id":"https:\/\/www.webdo.tn\/fr\/actualite\/national-45\/censure-dinternet-la-cour-de-cassation-reporte-a-la-semaine-prochaine-laffaire-de-lati\/172205\/#breadcrumb"},"inLanguage":"fr-FR","potentialAction":[{"@type":"ReadAction","target":["https:\/\/www.webdo.tn\/fr\/actualite\/national-45\/censure-dinternet-la-cour-de-cassation-reporte-a-la-semaine-prochaine-laffaire-de-lati\/172205\/"]}]},{"@type":"ImageObject","inLanguage":"fr-FR","@id":"https:\/\/www.webdo.tn\/fr\/actualite\/national-45\/censure-dinternet-la-cour-de-cassation-reporte-a-la-semaine-prochaine-laffaire-de-lati\/172205\/#primaryimage","url":"https:\/\/www.webdo.tn\/fr\/wp-content\/uploads\/2025\/06\/Internet-Libre-photo-ghettoparisien.com__172205.jpg","contentUrl":"https:\/\/www.webdo.tn\/fr\/wp-content\/uploads\/2025\/06\/Internet-Libre-photo-ghettoparisien.com__172205.jpg","width":288,"height":312,"caption":"Censure d'Internet : la cour de cassation reporte \u00e0 la semaine prochaine l'affaire de l'ATI"},{"@type":"BreadcrumbList","@id":"https:\/\/www.webdo.tn\/fr\/actualite\/national-45\/censure-dinternet-la-cour-de-cassation-reporte-a-la-semaine-prochaine-laffaire-de-lati\/172205\/#breadcrumb","itemListElement":[{"@type":"ListItem","position":1,"name":"Accueil","item":"https:\/\/www.webdo.tn\/fr\/"},{"@type":"ListItem","position":2,"name":"Censure d&rsquo;Internet : la cour de cassation reporte \u00e0 la semaine prochaine l&rsquo;affaire de l&rsquo;ATI"}]},{"@type":"WebSite","@id":"https:\/\/www.webdo.tn\/fr\/#website","url":"https:\/\/www.webdo.tn\/fr\/","name":"webdo","description":"Tunisie - News en Tunisie et \u00e0 l&#039;international sur Webdo.tn","publisher":{"@id":"https:\/\/www.webdo.tn\/fr\/#organization"},"potentialAction":[{"@type":"SearchAction","target":{"@type":"EntryPoint","urlTemplate":"https:\/\/www.webdo.tn\/fr\/?s={search_term_string}"},"query-input":{"@type":"PropertyValueSpecification","valueRequired":true,"valueName":"search_term_string"}}],"inLanguage":"fr-FR"},{"@type":"Organization","@id":"https:\/\/www.webdo.tn\/fr\/#organization","name":"Webdo","alternateName":"Webdo.tn","url":"https:\/\/www.webdo.tn\/fr\/","logo":{"@type":"ImageObject","inLanguage":"fr-FR","@id":"https:\/\/www.webdo.tn\/fr\/#\/schema\/logo\/image\/","url":"https:\/\/www.webdo.tn\/fr\/wp-content\/uploads\/2025\/06\/Webdo-Tunisie_168377.jpg","contentUrl":"https:\/\/www.webdo.tn\/fr\/wp-content\/uploads\/2025\/06\/Webdo-Tunisie_168377.jpg","width":301,"height":301,"caption":"Webdo"},"image":{"@id":"https:\/\/www.webdo.tn\/fr\/#\/schema\/logo\/image\/"},"sameAs":["https:\/\/www.facebook.com\/webdotn","https:\/\/x.com\/webdo_tn"],"description":"Webdo est un m\u00e9dia num\u00e9rique tunisien fond\u00e9 en 2010, sp\u00e9cialis\u00e9 dans l\u2019actualit\u00e9 nationale et internationale, l\u2019\u00e9conomie, la soci\u00e9t\u00e9 et les analyses politiques. Le site s\u2019adresse \u00e0 un large public francophone et couvre l\u2019information tunisienne en temps r\u00e9el.","email":"redac@webdo.tn","legalName":"YNJ SARL","foundingDate":"2010-09-06","numberOfEmployees":{"@type":"QuantitativeValue","minValue":"11","maxValue":"50"}},{"@type":"Person","@id":"https:\/\/www.webdo.tn\/fr\/#\/schema\/person\/9a9c6118d687c117df8ef3cc36a4d175","name":"webdo.tn","image":{"@type":"ImageObject","inLanguage":"fr-FR","@id":"https:\/\/secure.gravatar.com\/avatar\/7ce1f28c0c3bbac99ff550b85ef8e44a6950c6ee24514fb6a5489e51d06f0298?s=96&d=mm&r=g","url":"https:\/\/secure.gravatar.com\/avatar\/7ce1f28c0c3bbac99ff550b85ef8e44a6950c6ee24514fb6a5489e51d06f0298?s=96&d=mm&r=g","contentUrl":"https:\/\/secure.gravatar.com\/avatar\/7ce1f28c0c3bbac99ff550b85ef8e44a6950c6ee24514fb6a5489e51d06f0298?s=96&d=mm&r=g","caption":"webdo.tn"},"url":"https:\/\/www.webdo.tn\/fr\/actualite\/author\/webdotn\/"}]}},"_links":{"self":[{"href":"https:\/\/www.webdo.tn\/fr\/wp-json\/wp\/v2\/posts\/172205","targetHints":{"allow":["GET"]}}],"collection":[{"href":"https:\/\/www.webdo.tn\/fr\/wp-json\/wp\/v2\/posts"}],"about":[{"href":"https:\/\/www.webdo.tn\/fr\/wp-json\/wp\/v2\/types\/post"}],"author":[{"embeddable":true,"href":"https:\/\/www.webdo.tn\/fr\/wp-json\/wp\/v2\/users\/3222"}],"replies":[{"embeddable":true,"href":"https:\/\/www.webdo.tn\/fr\/wp-json\/wp\/v2\/comments?post=172205"}],"version-history":[{"count":0,"href":"https:\/\/www.webdo.tn\/fr\/wp-json\/wp\/v2\/posts\/172205\/revisions"}],"wp:featuredmedia":[{"embeddable":true,"href":"https:\/\/www.webdo.tn\/fr\/wp-json\/wp\/v2\/media\/374675"}],"wp:attachment":[{"href":"https:\/\/www.webdo.tn\/fr\/wp-json\/wp\/v2\/media?parent=172205"}],"wp:term":[{"taxonomy":"category","embeddable":true,"href":"https:\/\/www.webdo.tn\/fr\/wp-json\/wp\/v2\/categories?post=172205"},{"taxonomy":"post_tag","embeddable":true,"href":"https:\/\/www.webdo.tn\/fr\/wp-json\/wp\/v2\/tags?post=172205"}],"curies":[{"name":"wp","href":"https:\/\/api.w.org\/{rel}","templated":true}]}}