{"id":172204,"date":"2012-02-15T19:27:00","date_gmt":"2012-02-15T19:27:00","guid":{"rendered":"https:\/\/www.webdo.tn\/fr\/blog\/ce-nest-pas-trop-tot-la-sante-et-des-affaires-religieuses-critiquent-wajdi-ghonim\/172204\/"},"modified":"2012-02-15T19:27:00","modified_gmt":"2012-02-15T19:27:00","slug":"ce-nest-pas-trop-tot-la-sante-et-des-affaires-religieuses-critiquent-wajdi-ghonim","status":"publish","type":"post","link":"https:\/\/www.webdo.tn\/fr\/actualite\/national\/ce-nest-pas-trop-tot-la-sante-et-des-affaires-religieuses-critiquent-wajdi-ghonim\/172204\/","title":{"rendered":"Ce n\u2019est pas trop t\u00f4t : la Sant\u00e9 et des Affaires religieuses critiquent Wajdi Ghonim"},"content":{"rendered":"<p>La visite du pr\u00e9dicateur \u00e9gyptien, Wajdi Ghonim, fervent d\u00e9fenseur de l&rsquo;excision des femmes, a suscit\u00e9 diverses r\u00e9actions au niveau de la soci\u00e9t\u00e9 civile. Aujourd&rsquo;hui, c&rsquo;est autour du minist\u00e8re de la Sant\u00e9, du minist\u00e8re des Affaires religieuses, \u00e0 travers un conseiller, et du conseil r\u00e9gional de l&rsquo;ordre des m\u00e9decins de monter au cr\u00e9neau et de critiquer les id\u00e9es de Ghonim.<\/p>\n<p>Dans un communiqu\u00e9, relay\u00e9 par la TAP, le minist\u00e8re de la Sant\u00e9 a rappel\u00e9 que l&rsquo;excision des femmes est un acte condamnable et, de surcro\u00eet, ne fait partie ni de notre culture, ni de nos traditions. Le minist\u00e8re a mis en exergue \u00e9galement le fait que l&rsquo;excision n&rsquo;a aucun b\u00e9n\u00e9fice sur la sant\u00e9 de la femme. Bien au contraire, elle peut provoquer des r\u00e9percussions, plus ou moins graves, sur la sant\u00e9. Cet acte viole le droit des femmes, toujours d&rsquo;apr\u00e8s le communiqu\u00e9 du minist\u00e8re de la sant\u00e9.<\/p>\n<p>D&rsquo;autre part, sur Shems FM, le conseiller aupr\u00e8s du ministre des Affaires religieuses, Ali Lafi, a d\u00e9clar\u00e9 que les propos de Wajdi Ghonim \u00e9taient tout simplement dangereux et que ce pr\u00e9dicateur devait respecter notre pays et son peuple, avant tout. M. Lafi a aussi pr\u00e9cise que son minist\u00e8re a \u00e9t\u00e9 charg\u00e9 de surveiller les d\u00e9clarations de Wajdi Ghonim.<\/p>\n<p>Le conseil r\u00e9gional de Tunis de l&rsquo;ordre des m\u00e9decins n&rsquo;est pas en reste puisqu\u2019il a publi\u00e9 un communiqu\u00e9 condamnant vivement les propos faisant la promotion de l&rsquo;excision des filles et des femmes. Le conseil a rappel\u00e9 que quiconque porte atteinte \u00e0 l&rsquo;int\u00e9grit\u00e9 physique et psychique des enfants peut \u00eatre poursuivi en justice.<\/p>\n<p>D\u2019autre part, diff\u00e9rents mouvements, comme Kolna Tounes, et associations ont d\u00e9cid\u00e9 d\u2019un sit-in, et ce, le samedi 18 f\u00e9vrier 2012, \u00e0 midi, en signe de protestation contre Wajdi Ghonim, et une d\u00e9l\u00e9gation de repr\u00e9sentants de la soci\u00e9t\u00e9 civile devrait rencontrer le pr\u00e9sident de l\u2019Assembl\u00e9e constituante ce jour-l\u00e0.<\/p>\n","protected":false},"excerpt":{"rendered":"<p>Ce n\u2019est pas trop t\u00f4t : la Sant\u00e9 et des Affaires religieuses critiquent Wajdi Ghonim<\/p>\n","protected":false},"author":3222,"featured_media":334053,"comment_status":"open","ping_status":"closed","sticky":false,"template":"","format":"standard","meta":{"footnotes":""},"categories":[44],"tags":[2600],"class_list":["post-172204","post","type-post","status-publish","format-standard","has-post-thumbnail","hentry","category-national","tag-guerre"],"yoast_head":"<!-- This site is optimized with the Yoast SEO Premium plugin v27.5 (Yoast SEO v27.5) - https:\/\/yoast.com\/product\/yoast-seo-premium-wordpress\/ -->\n<title>Ce n\u2019est pas trop t\u00f4t : la Sant\u00e9 et des Affaires religieuses critiquent Wajdi Ghonim<\/title>\n<meta name=\"description\" content=\"Ce n\u2019est pas trop t\u00f4t : la Sant\u00e9 et des Affaires religieuses critiquent Wajdi Ghonim\" \/>\n<link rel=\"canonical\" href=\"https:\/\/www.webdo.tn\/fr\/actualite\/national-45\/ce-nest-pas-trop-tot-la-sante-et-des-affaires-religieuses-critiquent-wajdi-ghonim\/172204\/\" \/>\n<meta property=\"og:locale\" content=\"fr_FR\" \/>\n<meta property=\"og:type\" content=\"article\" \/>\n<meta property=\"og:title\" content=\"Ce n\u2019est pas trop t\u00f4t : la Sant\u00e9 et des Affaires religieuses critiquent Wajdi Ghonim\" \/>\n<meta property=\"og:description\" content=\"Ce n\u2019est pas trop t\u00f4t : la Sant\u00e9 et des Affaires religieuses critiquent Wajdi Ghonim\" \/>\n<meta property=\"og:url\" content=\"https:\/\/www.webdo.tn\/fr\/actualite\/national-45\/ce-nest-pas-trop-tot-la-sante-et-des-affaires-religieuses-critiquent-wajdi-ghonim\/172204\/\" \/>\n<meta property=\"og:site_name\" content=\"webdo\" \/>\n<meta property=\"article:publisher\" content=\"https:\/\/www.facebook.com\/webdotn\" \/>\n<meta property=\"article:published_time\" content=\"2012-02-15T19:27:00+00:00\" \/>\n<meta property=\"og:image\" content=\"https:\/\/www.webdo.tn\/fr\/wp-content\/uploads\/2012\/02\/wajdi-ghanim-150x150-1.jpg\" \/>\n\t<meta property=\"og:image:width\" content=\"150\" \/>\n\t<meta property=\"og:image:height\" content=\"150\" \/>\n\t<meta property=\"og:image:type\" content=\"image\/jpeg\" \/>\n<meta name=\"author\" content=\"webdo.tn\" \/>\n<meta name=\"twitter:card\" content=\"summary_large_image\" \/>\n<meta name=\"twitter:creator\" content=\"@webdo_tn\" \/>\n<meta name=\"twitter:site\" content=\"@webdo_tn\" \/>\n<meta name=\"twitter:label1\" content=\"\u00c9crit par\" \/>\n\t<meta name=\"twitter:data1\" content=\"webdo.tn\" \/>\n\t<meta name=\"twitter:label2\" content=\"Dur\u00e9e de lecture estim\u00e9e\" \/>\n\t<meta name=\"twitter:data2\" content=\"2 minutes\" \/>\n<script type=\"application\/ld+json\" class=\"yoast-schema-graph\">{\"@context\":\"https:\\\/\\\/schema.org\",\"@graph\":[{\"@type\":\"NewsArticle\",\"@id\":\"https:\\\/\\\/www.webdo.tn\\\/fr\\\/actualite\\\/national-45\\\/ce-nest-pas-trop-tot-la-sante-et-des-affaires-religieuses-critiquent-wajdi-ghonim\\\/172204\\\/#article\",\"isPartOf\":{\"@id\":\"https:\\\/\\\/www.webdo.tn\\\/fr\\\/actualite\\\/national-45\\\/ce-nest-pas-trop-tot-la-sante-et-des-affaires-religieuses-critiquent-wajdi-ghonim\\\/172204\\\/\"},\"author\":{\"name\":\"webdo.tn\",\"@id\":\"https:\\\/\\\/www.webdo.tn\\\/fr\\\/#\\\/schema\\\/person\\\/9a9c6118d687c117df8ef3cc36a4d175\"},\"headline\":\"Ce n\u2019est pas trop t\u00f4t : la Sant\u00e9 et des Affaires religieuses critiquent Wajdi Ghonim\",\"datePublished\":\"2012-02-15T19:27:00+00:00\",\"mainEntityOfPage\":{\"@id\":\"https:\\\/\\\/www.webdo.tn\\\/fr\\\/actualite\\\/national-45\\\/ce-nest-pas-trop-tot-la-sante-et-des-affaires-religieuses-critiquent-wajdi-ghonim\\\/172204\\\/\"},\"wordCount\":367,\"commentCount\":0,\"publisher\":{\"@id\":\"https:\\\/\\\/www.webdo.tn\\\/fr\\\/#organization\"},\"image\":{\"@id\":\"https:\\\/\\\/www.webdo.tn\\\/fr\\\/actualite\\\/national-45\\\/ce-nest-pas-trop-tot-la-sante-et-des-affaires-religieuses-critiquent-wajdi-ghonim\\\/172204\\\/#primaryimage\"},\"thumbnailUrl\":\"https:\\\/\\\/www.webdo.tn\\\/fr\\\/wp-content\\\/uploads\\\/2012\\\/02\\\/wajdi-ghanim-150x150-1.jpg\",\"keywords\":[\"guerre\"],\"articleSection\":[\"National\"],\"inLanguage\":\"fr-FR\"},{\"@type\":\"WebPage\",\"@id\":\"https:\\\/\\\/www.webdo.tn\\\/fr\\\/actualite\\\/national-45\\\/ce-nest-pas-trop-tot-la-sante-et-des-affaires-religieuses-critiquent-wajdi-ghonim\\\/172204\\\/\",\"url\":\"https:\\\/\\\/www.webdo.tn\\\/fr\\\/actualite\\\/national-45\\\/ce-nest-pas-trop-tot-la-sante-et-des-affaires-religieuses-critiquent-wajdi-ghonim\\\/172204\\\/\",\"name\":\"Ce n\u2019est pas trop t\u00f4t : la Sant\u00e9 et des Affaires religieuses critiquent Wajdi Ghonim\",\"isPartOf\":{\"@id\":\"https:\\\/\\\/www.webdo.tn\\\/fr\\\/#website\"},\"primaryImageOfPage\":{\"@id\":\"https:\\\/\\\/www.webdo.tn\\\/fr\\\/actualite\\\/national-45\\\/ce-nest-pas-trop-tot-la-sante-et-des-affaires-religieuses-critiquent-wajdi-ghonim\\\/172204\\\/#primaryimage\"},\"image\":{\"@id\":\"https:\\\/\\\/www.webdo.tn\\\/fr\\\/actualite\\\/national-45\\\/ce-nest-pas-trop-tot-la-sante-et-des-affaires-religieuses-critiquent-wajdi-ghonim\\\/172204\\\/#primaryimage\"},\"thumbnailUrl\":\"https:\\\/\\\/www.webdo.tn\\\/fr\\\/wp-content\\\/uploads\\\/2012\\\/02\\\/wajdi-ghanim-150x150-1.jpg\",\"datePublished\":\"2012-02-15T19:27:00+00:00\",\"description\":\"Ce n\u2019est pas trop t\u00f4t : la Sant\u00e9 et des Affaires religieuses critiquent Wajdi Ghonim\",\"breadcrumb\":{\"@id\":\"https:\\\/\\\/www.webdo.tn\\\/fr\\\/actualite\\\/national-45\\\/ce-nest-pas-trop-tot-la-sante-et-des-affaires-religieuses-critiquent-wajdi-ghonim\\\/172204\\\/#breadcrumb\"},\"inLanguage\":\"fr-FR\",\"potentialAction\":[{\"@type\":\"ReadAction\",\"target\":[\"https:\\\/\\\/www.webdo.tn\\\/fr\\\/actualite\\\/national-45\\\/ce-nest-pas-trop-tot-la-sante-et-des-affaires-religieuses-critiquent-wajdi-ghonim\\\/172204\\\/\"]}]},{\"@type\":\"ImageObject\",\"inLanguage\":\"fr-FR\",\"@id\":\"https:\\\/\\\/www.webdo.tn\\\/fr\\\/actualite\\\/national-45\\\/ce-nest-pas-trop-tot-la-sante-et-des-affaires-religieuses-critiquent-wajdi-ghonim\\\/172204\\\/#primaryimage\",\"url\":\"https:\\\/\\\/www.webdo.tn\\\/fr\\\/wp-content\\\/uploads\\\/2012\\\/02\\\/wajdi-ghanim-150x150-1.jpg\",\"contentUrl\":\"https:\\\/\\\/www.webdo.tn\\\/fr\\\/wp-content\\\/uploads\\\/2012\\\/02\\\/wajdi-ghanim-150x150-1.jpg\",\"width\":150,\"height\":150,\"caption\":\"Ce n\u2019est pas trop t\u00f4t : la Sant\u00e9 et des Affaires religieuses critiquent Wajdi Ghonim\"},{\"@type\":\"BreadcrumbList\",\"@id\":\"https:\\\/\\\/www.webdo.tn\\\/fr\\\/actualite\\\/national-45\\\/ce-nest-pas-trop-tot-la-sante-et-des-affaires-religieuses-critiquent-wajdi-ghonim\\\/172204\\\/#breadcrumb\",\"itemListElement\":[{\"@type\":\"ListItem\",\"position\":1,\"name\":\"Accueil\",\"item\":\"https:\\\/\\\/www.webdo.tn\\\/fr\\\/\"},{\"@type\":\"ListItem\",\"position\":2,\"name\":\"Ce n\u2019est pas trop t\u00f4t : la Sant\u00e9 et des Affaires religieuses critiquent Wajdi Ghonim\"}]},{\"@type\":\"WebSite\",\"@id\":\"https:\\\/\\\/www.webdo.tn\\\/fr\\\/#website\",\"url\":\"https:\\\/\\\/www.webdo.tn\\\/fr\\\/\",\"name\":\"webdo\",\"description\":\"Tunisie - News en Tunisie et \u00e0 l&#039;international sur Webdo.tn\",\"publisher\":{\"@id\":\"https:\\\/\\\/www.webdo.tn\\\/fr\\\/#organization\"},\"potentialAction\":[{\"@type\":\"SearchAction\",\"target\":{\"@type\":\"EntryPoint\",\"urlTemplate\":\"https:\\\/\\\/www.webdo.tn\\\/fr\\\/?s={search_term_string}\"},\"query-input\":{\"@type\":\"PropertyValueSpecification\",\"valueRequired\":true,\"valueName\":\"search_term_string\"}}],\"inLanguage\":\"fr-FR\"},{\"@type\":\"Organization\",\"@id\":\"https:\\\/\\\/www.webdo.tn\\\/fr\\\/#organization\",\"name\":\"Webdo\",\"alternateName\":\"Webdo.tn\",\"url\":\"https:\\\/\\\/www.webdo.tn\\\/fr\\\/\",\"logo\":{\"@type\":\"ImageObject\",\"inLanguage\":\"fr-FR\",\"@id\":\"https:\\\/\\\/www.webdo.tn\\\/fr\\\/#\\\/schema\\\/logo\\\/image\\\/\",\"url\":\"https:\\\/\\\/www.webdo.tn\\\/fr\\\/wp-content\\\/uploads\\\/2025\\\/06\\\/Webdo-Tunisie_168377.jpg\",\"contentUrl\":\"https:\\\/\\\/www.webdo.tn\\\/fr\\\/wp-content\\\/uploads\\\/2025\\\/06\\\/Webdo-Tunisie_168377.jpg\",\"width\":301,\"height\":301,\"caption\":\"Webdo\"},\"image\":{\"@id\":\"https:\\\/\\\/www.webdo.tn\\\/fr\\\/#\\\/schema\\\/logo\\\/image\\\/\"},\"sameAs\":[\"https:\\\/\\\/www.facebook.com\\\/webdotn\",\"https:\\\/\\\/x.com\\\/webdo_tn\"],\"description\":\"Webdo est un m\u00e9dia num\u00e9rique tunisien fond\u00e9 en 2010, sp\u00e9cialis\u00e9 dans l\u2019actualit\u00e9 nationale et internationale, l\u2019\u00e9conomie, la soci\u00e9t\u00e9 et les analyses politiques. Le site s\u2019adresse \u00e0 un large public francophone et couvre l\u2019information tunisienne en temps r\u00e9el.\",\"email\":\"redac@webdo.tn\",\"legalName\":\"YNJ SARL\",\"foundingDate\":\"2010-09-06\",\"numberOfEmployees\":{\"@type\":\"QuantitativeValue\",\"minValue\":\"11\",\"maxValue\":\"50\"}},{\"@type\":\"Person\",\"@id\":\"https:\\\/\\\/www.webdo.tn\\\/fr\\\/#\\\/schema\\\/person\\\/9a9c6118d687c117df8ef3cc36a4d175\",\"name\":\"webdo.tn\",\"image\":{\"@type\":\"ImageObject\",\"inLanguage\":\"fr-FR\",\"@id\":\"https:\\\/\\\/secure.gravatar.com\\\/avatar\\\/7ce1f28c0c3bbac99ff550b85ef8e44a6950c6ee24514fb6a5489e51d06f0298?s=96&d=mm&r=g\",\"url\":\"https:\\\/\\\/secure.gravatar.com\\\/avatar\\\/7ce1f28c0c3bbac99ff550b85ef8e44a6950c6ee24514fb6a5489e51d06f0298?s=96&d=mm&r=g\",\"contentUrl\":\"https:\\\/\\\/secure.gravatar.com\\\/avatar\\\/7ce1f28c0c3bbac99ff550b85ef8e44a6950c6ee24514fb6a5489e51d06f0298?s=96&d=mm&r=g\",\"caption\":\"webdo.tn\"},\"url\":\"https:\\\/\\\/www.webdo.tn\\\/fr\\\/actualite\\\/author\\\/webdotn\\\/\"}]}<\/script>\n<!-- \/ Yoast SEO Premium plugin. -->","yoast_head_json":{"title":"Ce n\u2019est pas trop t\u00f4t : la Sant\u00e9 et des Affaires religieuses critiquent Wajdi Ghonim","description":"Ce n\u2019est pas trop t\u00f4t : la Sant\u00e9 et des Affaires religieuses critiquent Wajdi Ghonim","canonical":"https:\/\/www.webdo.tn\/fr\/actualite\/national-45\/ce-nest-pas-trop-tot-la-sante-et-des-affaires-religieuses-critiquent-wajdi-ghonim\/172204\/","og_locale":"fr_FR","og_type":"article","og_title":"Ce n\u2019est pas trop t\u00f4t : la Sant\u00e9 et des Affaires religieuses critiquent Wajdi Ghonim","og_description":"Ce n\u2019est pas trop t\u00f4t : la Sant\u00e9 et des Affaires religieuses critiquent Wajdi Ghonim","og_url":"https:\/\/www.webdo.tn\/fr\/actualite\/national-45\/ce-nest-pas-trop-tot-la-sante-et-des-affaires-religieuses-critiquent-wajdi-ghonim\/172204\/","og_site_name":"webdo","article_publisher":"https:\/\/www.facebook.com\/webdotn","article_published_time":"2012-02-15T19:27:00+00:00","og_image":[{"width":150,"height":150,"url":"https:\/\/www.webdo.tn\/fr\/wp-content\/uploads\/2012\/02\/wajdi-ghanim-150x150-1.jpg","type":"image\/jpeg"}],"author":"webdo.tn","twitter_card":"summary_large_image","twitter_creator":"@webdo_tn","twitter_site":"@webdo_tn","twitter_misc":{"\u00c9crit par":"webdo.tn","Dur\u00e9e de lecture estim\u00e9e":"2 minutes"},"schema":{"@context":"https:\/\/schema.org","@graph":[{"@type":"NewsArticle","@id":"https:\/\/www.webdo.tn\/fr\/actualite\/national-45\/ce-nest-pas-trop-tot-la-sante-et-des-affaires-religieuses-critiquent-wajdi-ghonim\/172204\/#article","isPartOf":{"@id":"https:\/\/www.webdo.tn\/fr\/actualite\/national-45\/ce-nest-pas-trop-tot-la-sante-et-des-affaires-religieuses-critiquent-wajdi-ghonim\/172204\/"},"author":{"name":"webdo.tn","@id":"https:\/\/www.webdo.tn\/fr\/#\/schema\/person\/9a9c6118d687c117df8ef3cc36a4d175"},"headline":"Ce n\u2019est pas trop t\u00f4t : la Sant\u00e9 et des Affaires religieuses critiquent Wajdi Ghonim","datePublished":"2012-02-15T19:27:00+00:00","mainEntityOfPage":{"@id":"https:\/\/www.webdo.tn\/fr\/actualite\/national-45\/ce-nest-pas-trop-tot-la-sante-et-des-affaires-religieuses-critiquent-wajdi-ghonim\/172204\/"},"wordCount":367,"commentCount":0,"publisher":{"@id":"https:\/\/www.webdo.tn\/fr\/#organization"},"image":{"@id":"https:\/\/www.webdo.tn\/fr\/actualite\/national-45\/ce-nest-pas-trop-tot-la-sante-et-des-affaires-religieuses-critiquent-wajdi-ghonim\/172204\/#primaryimage"},"thumbnailUrl":"https:\/\/www.webdo.tn\/fr\/wp-content\/uploads\/2012\/02\/wajdi-ghanim-150x150-1.jpg","keywords":["guerre"],"articleSection":["National"],"inLanguage":"fr-FR"},{"@type":"WebPage","@id":"https:\/\/www.webdo.tn\/fr\/actualite\/national-45\/ce-nest-pas-trop-tot-la-sante-et-des-affaires-religieuses-critiquent-wajdi-ghonim\/172204\/","url":"https:\/\/www.webdo.tn\/fr\/actualite\/national-45\/ce-nest-pas-trop-tot-la-sante-et-des-affaires-religieuses-critiquent-wajdi-ghonim\/172204\/","name":"Ce n\u2019est pas trop t\u00f4t : la Sant\u00e9 et des Affaires religieuses critiquent Wajdi Ghonim","isPartOf":{"@id":"https:\/\/www.webdo.tn\/fr\/#website"},"primaryImageOfPage":{"@id":"https:\/\/www.webdo.tn\/fr\/actualite\/national-45\/ce-nest-pas-trop-tot-la-sante-et-des-affaires-religieuses-critiquent-wajdi-ghonim\/172204\/#primaryimage"},"image":{"@id":"https:\/\/www.webdo.tn\/fr\/actualite\/national-45\/ce-nest-pas-trop-tot-la-sante-et-des-affaires-religieuses-critiquent-wajdi-ghonim\/172204\/#primaryimage"},"thumbnailUrl":"https:\/\/www.webdo.tn\/fr\/wp-content\/uploads\/2012\/02\/wajdi-ghanim-150x150-1.jpg","datePublished":"2012-02-15T19:27:00+00:00","description":"Ce n\u2019est pas trop t\u00f4t : la Sant\u00e9 et des Affaires religieuses critiquent Wajdi Ghonim","breadcrumb":{"@id":"https:\/\/www.webdo.tn\/fr\/actualite\/national-45\/ce-nest-pas-trop-tot-la-sante-et-des-affaires-religieuses-critiquent-wajdi-ghonim\/172204\/#breadcrumb"},"inLanguage":"fr-FR","potentialAction":[{"@type":"ReadAction","target":["https:\/\/www.webdo.tn\/fr\/actualite\/national-45\/ce-nest-pas-trop-tot-la-sante-et-des-affaires-religieuses-critiquent-wajdi-ghonim\/172204\/"]}]},{"@type":"ImageObject","inLanguage":"fr-FR","@id":"https:\/\/www.webdo.tn\/fr\/actualite\/national-45\/ce-nest-pas-trop-tot-la-sante-et-des-affaires-religieuses-critiquent-wajdi-ghonim\/172204\/#primaryimage","url":"https:\/\/www.webdo.tn\/fr\/wp-content\/uploads\/2012\/02\/wajdi-ghanim-150x150-1.jpg","contentUrl":"https:\/\/www.webdo.tn\/fr\/wp-content\/uploads\/2012\/02\/wajdi-ghanim-150x150-1.jpg","width":150,"height":150,"caption":"Ce n\u2019est pas trop t\u00f4t : la Sant\u00e9 et des Affaires religieuses critiquent Wajdi Ghonim"},{"@type":"BreadcrumbList","@id":"https:\/\/www.webdo.tn\/fr\/actualite\/national-45\/ce-nest-pas-trop-tot-la-sante-et-des-affaires-religieuses-critiquent-wajdi-ghonim\/172204\/#breadcrumb","itemListElement":[{"@type":"ListItem","position":1,"name":"Accueil","item":"https:\/\/www.webdo.tn\/fr\/"},{"@type":"ListItem","position":2,"name":"Ce n\u2019est pas trop t\u00f4t : la Sant\u00e9 et des Affaires religieuses critiquent Wajdi Ghonim"}]},{"@type":"WebSite","@id":"https:\/\/www.webdo.tn\/fr\/#website","url":"https:\/\/www.webdo.tn\/fr\/","name":"webdo","description":"Tunisie - News en Tunisie et \u00e0 l&#039;international sur Webdo.tn","publisher":{"@id":"https:\/\/www.webdo.tn\/fr\/#organization"},"potentialAction":[{"@type":"SearchAction","target":{"@type":"EntryPoint","urlTemplate":"https:\/\/www.webdo.tn\/fr\/?s={search_term_string}"},"query-input":{"@type":"PropertyValueSpecification","valueRequired":true,"valueName":"search_term_string"}}],"inLanguage":"fr-FR"},{"@type":"Organization","@id":"https:\/\/www.webdo.tn\/fr\/#organization","name":"Webdo","alternateName":"Webdo.tn","url":"https:\/\/www.webdo.tn\/fr\/","logo":{"@type":"ImageObject","inLanguage":"fr-FR","@id":"https:\/\/www.webdo.tn\/fr\/#\/schema\/logo\/image\/","url":"https:\/\/www.webdo.tn\/fr\/wp-content\/uploads\/2025\/06\/Webdo-Tunisie_168377.jpg","contentUrl":"https:\/\/www.webdo.tn\/fr\/wp-content\/uploads\/2025\/06\/Webdo-Tunisie_168377.jpg","width":301,"height":301,"caption":"Webdo"},"image":{"@id":"https:\/\/www.webdo.tn\/fr\/#\/schema\/logo\/image\/"},"sameAs":["https:\/\/www.facebook.com\/webdotn","https:\/\/x.com\/webdo_tn"],"description":"Webdo est un m\u00e9dia num\u00e9rique tunisien fond\u00e9 en 2010, sp\u00e9cialis\u00e9 dans l\u2019actualit\u00e9 nationale et internationale, l\u2019\u00e9conomie, la soci\u00e9t\u00e9 et les analyses politiques. Le site s\u2019adresse \u00e0 un large public francophone et couvre l\u2019information tunisienne en temps r\u00e9el.","email":"redac@webdo.tn","legalName":"YNJ SARL","foundingDate":"2010-09-06","numberOfEmployees":{"@type":"QuantitativeValue","minValue":"11","maxValue":"50"}},{"@type":"Person","@id":"https:\/\/www.webdo.tn\/fr\/#\/schema\/person\/9a9c6118d687c117df8ef3cc36a4d175","name":"webdo.tn","image":{"@type":"ImageObject","inLanguage":"fr-FR","@id":"https:\/\/secure.gravatar.com\/avatar\/7ce1f28c0c3bbac99ff550b85ef8e44a6950c6ee24514fb6a5489e51d06f0298?s=96&d=mm&r=g","url":"https:\/\/secure.gravatar.com\/avatar\/7ce1f28c0c3bbac99ff550b85ef8e44a6950c6ee24514fb6a5489e51d06f0298?s=96&d=mm&r=g","contentUrl":"https:\/\/secure.gravatar.com\/avatar\/7ce1f28c0c3bbac99ff550b85ef8e44a6950c6ee24514fb6a5489e51d06f0298?s=96&d=mm&r=g","caption":"webdo.tn"},"url":"https:\/\/www.webdo.tn\/fr\/actualite\/author\/webdotn\/"}]}},"_links":{"self":[{"href":"https:\/\/www.webdo.tn\/fr\/wp-json\/wp\/v2\/posts\/172204","targetHints":{"allow":["GET"]}}],"collection":[{"href":"https:\/\/www.webdo.tn\/fr\/wp-json\/wp\/v2\/posts"}],"about":[{"href":"https:\/\/www.webdo.tn\/fr\/wp-json\/wp\/v2\/types\/post"}],"author":[{"embeddable":true,"href":"https:\/\/www.webdo.tn\/fr\/wp-json\/wp\/v2\/users\/3222"}],"replies":[{"embeddable":true,"href":"https:\/\/www.webdo.tn\/fr\/wp-json\/wp\/v2\/comments?post=172204"}],"version-history":[{"count":0,"href":"https:\/\/www.webdo.tn\/fr\/wp-json\/wp\/v2\/posts\/172204\/revisions"}],"wp:featuredmedia":[{"embeddable":true,"href":"https:\/\/www.webdo.tn\/fr\/wp-json\/wp\/v2\/media\/334053"}],"wp:attachment":[{"href":"https:\/\/www.webdo.tn\/fr\/wp-json\/wp\/v2\/media?parent=172204"}],"wp:term":[{"taxonomy":"category","embeddable":true,"href":"https:\/\/www.webdo.tn\/fr\/wp-json\/wp\/v2\/categories?post=172204"},{"taxonomy":"post_tag","embeddable":true,"href":"https:\/\/www.webdo.tn\/fr\/wp-json\/wp\/v2\/tags?post=172204"}],"curies":[{"name":"wp","href":"https:\/\/api.w.org\/{rel}","templated":true}]}}