{"id":172203,"date":"2012-02-15T21:02:00","date_gmt":"2012-02-15T21:02:00","guid":{"rendered":"https:\/\/www.webdo.tn\/fr\/blog\/le-directeur-le-redacteur-en-chef-et-le-journaliste-dattounissia-un-trio-derriere-les-barreaux\/172203\/"},"modified":"2012-02-15T21:02:00","modified_gmt":"2012-02-15T21:02:00","slug":"le-directeur-le-redacteur-en-chef-et-le-journaliste-dattounissia-un-trio-derriere-les-barreaux","status":"publish","type":"post","link":"https:\/\/www.webdo.tn\/fr\/actualite\/national\/le-directeur-le-redacteur-en-chef-et-le-journaliste-dattounissia-un-trio-derriere-les-barreaux\/172203\/","title":{"rendered":"Le directeur, le r\u00e9dacteur en chef et le journaliste d\u2019Attounissia : un trio derri\u00e8re les barreaux pour une photo ! ?"},"content":{"rendered":"<p>Le minist\u00e8re public vient de d\u00e9cider d\u2019ouvrir une instruction suite \u00e0 une photo parue \u00e0 la Une du quotidien \u00ab Attounissia \u00bb et dans laquelle on peut voir le joueur du Real Madrid d\u2019origine tunisienne, Sami Khedira, posant avec sa fianc\u00e9e, d\u00e9nud\u00e9e, pour le magazine allemand GQ. C\u2019est ce que rapporte le site de la radio Mosa\u00efque FM.<\/p>\n<p>Par ailleurs, Shems FM parle de l\u2019arrestation du directeur du journal, de son r\u00e9dacteur en chef ainsi que du journaliste qui a \u00e9crit l\u2019article que la photo illustre. Un trio qui n\u2019a pas ni\u00e9 les all\u00e9gations port\u00e9es contre lui et qui devrait \u00eatre entendu demain par le juge d\u2019instruction pour infraction de l\u2019article 121 du code la presse ; article qui stipule que dans le cas d\u2019atteinte \u00e0 la moralit\u00e9 le responsable d\u2019un tel acte risque entre 6 mois et 5 ans de prison. Nous avons appris \u00e9galement que le num\u00e9ro de ce quotidien a \u00e9t\u00e9 retir\u00e9 des kiosques aujourd\u2019hui.<\/p>\n<p>Dans cette accusation, il y a deux mouches. La premi\u00e8re : celle d\u2019abord qui a piqu\u00e9e la tutelle pour juger de l\u2019\u00e9tendue de l\u2019immoralit\u00e9 de cette photo, s\u2019appuyant sur un texte de loi qui, s\u2019il avait \u00e9t\u00e9 un jour appliqu\u00e9, on aurait condamn\u00e9 plus d\u2019une plume et ferm\u00e9 la quasi-totalit\u00e9 de la presse \u00e9crite et audiovisuelle sous nos cieux. La seconde mouche : celle qui aurait piqu\u00e9e le r\u00e9dacteur de cet article et le responsable de ce journal pour flanquer \u00e0 leur Une un clich\u00e9 aussi os\u00e9. A moins qu\u2019ils n\u2019aient cherch\u00e9 qu\u2019\u00e0 se gargariser devant une certaine frange \u00ab conservatrice \u00bb du peuple, voire chercher la petite b\u00eate ou des noises ? Pourtant, l\u2019heure n\u2019est pas au r\u00e8glement de comptes ni aux bombages de torses. <\/p>\n<p>Au moment o\u00f9 le joueur, originaire d&rsquo;Hammamet, s&rsquo;amuse et profite bien de sa convalescence (en d\u00e9licatesse avec une jambe qui l&rsquo;a \u00e9loign\u00e9e des terrains depuis quelques semaines), dans son pays natal on se d\u00e9chire&#8230; pour une photo.<\/p>\n","protected":false},"excerpt":{"rendered":"<p>Le directeur, le r\u00e9dacteur en chef et le journaliste d\u2019Attounissia : un trio derri\u00e8re les barreaux pour une photo ! ?<\/p>\n","protected":false},"author":3222,"featured_media":374677,"comment_status":"open","ping_status":"closed","sticky":false,"template":"","format":"standard","meta":{"footnotes":""},"categories":[44],"tags":[2600],"class_list":["post-172203","post","type-post","status-publish","format-standard","has-post-thumbnail","hentry","category-national","tag-guerre"],"yoast_head":"<!-- This site is optimized with the Yoast SEO Premium plugin v27.5 (Yoast SEO v27.5) - https:\/\/yoast.com\/product\/yoast-seo-premium-wordpress\/ -->\n<title>Le directeur, le r\u00e9dacteur en chef et le journaliste d\u2019Attounissia : un trio derri\u00e8re les barreaux pour une photo ! ?<\/title>\n<meta name=\"description\" content=\"Le directeur, le r\u00e9dacteur en chef et le journaliste d\u2019Attounissia : un trio derri\u00e8re les barreaux pour une photo ! ?\" \/>\n<link rel=\"canonical\" href=\"https:\/\/www.webdo.tn\/fr\/actualite\/national-45\/le-directeur-le-redacteur-en-chef-et-le-journaliste-dattounissia-un-trio-derriere-les-barreaux\/172203\/\" \/>\n<meta property=\"og:locale\" content=\"fr_FR\" \/>\n<meta property=\"og:type\" content=\"article\" \/>\n<meta property=\"og:title\" content=\"Le directeur, le r\u00e9dacteur en chef et le journaliste d\u2019Attounissia : un trio derri\u00e8re les barreaux pour une photo ! ?\" \/>\n<meta property=\"og:description\" content=\"Le directeur, le r\u00e9dacteur en chef et le journaliste d\u2019Attounissia : un trio derri\u00e8re les barreaux pour une photo ! ?\" \/>\n<meta property=\"og:url\" content=\"https:\/\/www.webdo.tn\/fr\/actualite\/national-45\/le-directeur-le-redacteur-en-chef-et-le-journaliste-dattounissia-un-trio-derriere-les-barreaux\/172203\/\" \/>\n<meta property=\"og:site_name\" content=\"webdo\" \/>\n<meta property=\"article:publisher\" content=\"https:\/\/www.facebook.com\/webdotn\" \/>\n<meta property=\"article:published_time\" content=\"2012-02-15T21:02:00+00:00\" \/>\n<meta name=\"author\" content=\"webdo.tn\" \/>\n<meta name=\"twitter:card\" content=\"summary_large_image\" \/>\n<meta name=\"twitter:creator\" content=\"@webdo_tn\" \/>\n<meta name=\"twitter:site\" content=\"@webdo_tn\" \/>\n<meta name=\"twitter:label1\" content=\"\u00c9crit par\" \/>\n\t<meta name=\"twitter:data1\" content=\"webdo.tn\" \/>\n\t<meta name=\"twitter:label2\" content=\"Dur\u00e9e de lecture estim\u00e9e\" \/>\n\t<meta name=\"twitter:data2\" content=\"2 minutes\" \/>\n<script type=\"application\/ld+json\" class=\"yoast-schema-graph\">{\"@context\":\"https:\\\/\\\/schema.org\",\"@graph\":[{\"@type\":\"NewsArticle\",\"@id\":\"https:\\\/\\\/www.webdo.tn\\\/fr\\\/actualite\\\/national-45\\\/le-directeur-le-redacteur-en-chef-et-le-journaliste-dattounissia-un-trio-derriere-les-barreaux\\\/172203\\\/#article\",\"isPartOf\":{\"@id\":\"https:\\\/\\\/www.webdo.tn\\\/fr\\\/actualite\\\/national-45\\\/le-directeur-le-redacteur-en-chef-et-le-journaliste-dattounissia-un-trio-derriere-les-barreaux\\\/172203\\\/\"},\"author\":{\"name\":\"webdo.tn\",\"@id\":\"https:\\\/\\\/www.webdo.tn\\\/fr\\\/#\\\/schema\\\/person\\\/9a9c6118d687c117df8ef3cc36a4d175\"},\"headline\":\"Le directeur, le r\u00e9dacteur en chef et le journaliste d\u2019Attounissia : un trio derri\u00e8re les barreaux pour une photo ! ?\",\"datePublished\":\"2012-02-15T21:02:00+00:00\",\"mainEntityOfPage\":{\"@id\":\"https:\\\/\\\/www.webdo.tn\\\/fr\\\/actualite\\\/national-45\\\/le-directeur-le-redacteur-en-chef-et-le-journaliste-dattounissia-un-trio-derriere-les-barreaux\\\/172203\\\/\"},\"wordCount\":370,\"commentCount\":0,\"publisher\":{\"@id\":\"https:\\\/\\\/www.webdo.tn\\\/fr\\\/#organization\"},\"image\":{\"@id\":\"https:\\\/\\\/www.webdo.tn\\\/fr\\\/actualite\\\/national-45\\\/le-directeur-le-redacteur-en-chef-et-le-journaliste-dattounissia-un-trio-derriere-les-barreaux\\\/172203\\\/#primaryimage\"},\"thumbnailUrl\":\"https:\\\/\\\/www.webdo.tn\\\/fr\\\/wp-content\\\/uploads\\\/2025\\\/06\\\/Une-photo-de-Sami-Khedia-posant-avec-sa-fiancee-a-la-une-dAttounissia-du-15-fevrier-2012-150x150_172203.jpg\",\"keywords\":[\"guerre\"],\"articleSection\":[\"National\"],\"inLanguage\":\"fr-FR\"},{\"@type\":\"WebPage\",\"@id\":\"https:\\\/\\\/www.webdo.tn\\\/fr\\\/actualite\\\/national-45\\\/le-directeur-le-redacteur-en-chef-et-le-journaliste-dattounissia-un-trio-derriere-les-barreaux\\\/172203\\\/\",\"url\":\"https:\\\/\\\/www.webdo.tn\\\/fr\\\/actualite\\\/national-45\\\/le-directeur-le-redacteur-en-chef-et-le-journaliste-dattounissia-un-trio-derriere-les-barreaux\\\/172203\\\/\",\"name\":\"Le directeur, le r\u00e9dacteur en chef et le journaliste d\u2019Attounissia : un trio derri\u00e8re les barreaux pour une photo ! ?\",\"isPartOf\":{\"@id\":\"https:\\\/\\\/www.webdo.tn\\\/fr\\\/#website\"},\"primaryImageOfPage\":{\"@id\":\"https:\\\/\\\/www.webdo.tn\\\/fr\\\/actualite\\\/national-45\\\/le-directeur-le-redacteur-en-chef-et-le-journaliste-dattounissia-un-trio-derriere-les-barreaux\\\/172203\\\/#primaryimage\"},\"image\":{\"@id\":\"https:\\\/\\\/www.webdo.tn\\\/fr\\\/actualite\\\/national-45\\\/le-directeur-le-redacteur-en-chef-et-le-journaliste-dattounissia-un-trio-derriere-les-barreaux\\\/172203\\\/#primaryimage\"},\"thumbnailUrl\":\"https:\\\/\\\/www.webdo.tn\\\/fr\\\/wp-content\\\/uploads\\\/2025\\\/06\\\/Une-photo-de-Sami-Khedia-posant-avec-sa-fiancee-a-la-une-dAttounissia-du-15-fevrier-2012-150x150_172203.jpg\",\"datePublished\":\"2012-02-15T21:02:00+00:00\",\"description\":\"Le directeur, le r\u00e9dacteur en chef et le journaliste d\u2019Attounissia : un trio derri\u00e8re les barreaux pour une photo ! ?\",\"breadcrumb\":{\"@id\":\"https:\\\/\\\/www.webdo.tn\\\/fr\\\/actualite\\\/national-45\\\/le-directeur-le-redacteur-en-chef-et-le-journaliste-dattounissia-un-trio-derriere-les-barreaux\\\/172203\\\/#breadcrumb\"},\"inLanguage\":\"fr-FR\",\"potentialAction\":[{\"@type\":\"ReadAction\",\"target\":[\"https:\\\/\\\/www.webdo.tn\\\/fr\\\/actualite\\\/national-45\\\/le-directeur-le-redacteur-en-chef-et-le-journaliste-dattounissia-un-trio-derriere-les-barreaux\\\/172203\\\/\"]}]},{\"@type\":\"ImageObject\",\"inLanguage\":\"fr-FR\",\"@id\":\"https:\\\/\\\/www.webdo.tn\\\/fr\\\/actualite\\\/national-45\\\/le-directeur-le-redacteur-en-chef-et-le-journaliste-dattounissia-un-trio-derriere-les-barreaux\\\/172203\\\/#primaryimage\",\"url\":\"https:\\\/\\\/www.webdo.tn\\\/fr\\\/wp-content\\\/uploads\\\/2025\\\/06\\\/Une-photo-de-Sami-Khedia-posant-avec-sa-fiancee-a-la-une-dAttounissia-du-15-fevrier-2012-150x150_172203.jpg\",\"contentUrl\":\"https:\\\/\\\/www.webdo.tn\\\/fr\\\/wp-content\\\/uploads\\\/2025\\\/06\\\/Une-photo-de-Sami-Khedia-posant-avec-sa-fiancee-a-la-une-dAttounissia-du-15-fevrier-2012-150x150_172203.jpg\",\"width\":150,\"height\":150,\"caption\":\"Le directeur, le r\u00e9dacteur en chef et le journaliste d\u2019Attounissia : un trio derri\u00e8re les barreaux pour une photo ! ?\"},{\"@type\":\"BreadcrumbList\",\"@id\":\"https:\\\/\\\/www.webdo.tn\\\/fr\\\/actualite\\\/national-45\\\/le-directeur-le-redacteur-en-chef-et-le-journaliste-dattounissia-un-trio-derriere-les-barreaux\\\/172203\\\/#breadcrumb\",\"itemListElement\":[{\"@type\":\"ListItem\",\"position\":1,\"name\":\"Accueil\",\"item\":\"https:\\\/\\\/www.webdo.tn\\\/fr\\\/\"},{\"@type\":\"ListItem\",\"position\":2,\"name\":\"Le directeur, le r\u00e9dacteur en chef et le journaliste d\u2019Attounissia : un trio derri\u00e8re les barreaux pour une photo ! ?\"}]},{\"@type\":\"WebSite\",\"@id\":\"https:\\\/\\\/www.webdo.tn\\\/fr\\\/#website\",\"url\":\"https:\\\/\\\/www.webdo.tn\\\/fr\\\/\",\"name\":\"webdo\",\"description\":\"Tunisie - News en Tunisie et \u00e0 l&#039;international sur Webdo.tn\",\"publisher\":{\"@id\":\"https:\\\/\\\/www.webdo.tn\\\/fr\\\/#organization\"},\"potentialAction\":[{\"@type\":\"SearchAction\",\"target\":{\"@type\":\"EntryPoint\",\"urlTemplate\":\"https:\\\/\\\/www.webdo.tn\\\/fr\\\/?s={search_term_string}\"},\"query-input\":{\"@type\":\"PropertyValueSpecification\",\"valueRequired\":true,\"valueName\":\"search_term_string\"}}],\"inLanguage\":\"fr-FR\"},{\"@type\":\"Organization\",\"@id\":\"https:\\\/\\\/www.webdo.tn\\\/fr\\\/#organization\",\"name\":\"Webdo\",\"alternateName\":\"Webdo.tn\",\"url\":\"https:\\\/\\\/www.webdo.tn\\\/fr\\\/\",\"logo\":{\"@type\":\"ImageObject\",\"inLanguage\":\"fr-FR\",\"@id\":\"https:\\\/\\\/www.webdo.tn\\\/fr\\\/#\\\/schema\\\/logo\\\/image\\\/\",\"url\":\"https:\\\/\\\/www.webdo.tn\\\/fr\\\/wp-content\\\/uploads\\\/2025\\\/06\\\/Webdo-Tunisie_168377.jpg\",\"contentUrl\":\"https:\\\/\\\/www.webdo.tn\\\/fr\\\/wp-content\\\/uploads\\\/2025\\\/06\\\/Webdo-Tunisie_168377.jpg\",\"width\":301,\"height\":301,\"caption\":\"Webdo\"},\"image\":{\"@id\":\"https:\\\/\\\/www.webdo.tn\\\/fr\\\/#\\\/schema\\\/logo\\\/image\\\/\"},\"sameAs\":[\"https:\\\/\\\/www.facebook.com\\\/webdotn\",\"https:\\\/\\\/x.com\\\/webdo_tn\"],\"description\":\"Webdo est un m\u00e9dia num\u00e9rique tunisien fond\u00e9 en 2010, sp\u00e9cialis\u00e9 dans l\u2019actualit\u00e9 nationale et internationale, l\u2019\u00e9conomie, la soci\u00e9t\u00e9 et les analyses politiques. Le site s\u2019adresse \u00e0 un large public francophone et couvre l\u2019information tunisienne en temps r\u00e9el.\",\"email\":\"redac@webdo.tn\",\"legalName\":\"YNJ SARL\",\"foundingDate\":\"2010-09-06\",\"numberOfEmployees\":{\"@type\":\"QuantitativeValue\",\"minValue\":\"11\",\"maxValue\":\"50\"}},{\"@type\":\"Person\",\"@id\":\"https:\\\/\\\/www.webdo.tn\\\/fr\\\/#\\\/schema\\\/person\\\/9a9c6118d687c117df8ef3cc36a4d175\",\"name\":\"webdo.tn\",\"image\":{\"@type\":\"ImageObject\",\"inLanguage\":\"fr-FR\",\"@id\":\"https:\\\/\\\/secure.gravatar.com\\\/avatar\\\/7ce1f28c0c3bbac99ff550b85ef8e44a6950c6ee24514fb6a5489e51d06f0298?s=96&d=mm&r=g\",\"url\":\"https:\\\/\\\/secure.gravatar.com\\\/avatar\\\/7ce1f28c0c3bbac99ff550b85ef8e44a6950c6ee24514fb6a5489e51d06f0298?s=96&d=mm&r=g\",\"contentUrl\":\"https:\\\/\\\/secure.gravatar.com\\\/avatar\\\/7ce1f28c0c3bbac99ff550b85ef8e44a6950c6ee24514fb6a5489e51d06f0298?s=96&d=mm&r=g\",\"caption\":\"webdo.tn\"},\"url\":\"https:\\\/\\\/www.webdo.tn\\\/fr\\\/actualite\\\/author\\\/webdotn\\\/\"}]}<\/script>\n<!-- \/ Yoast SEO Premium plugin. -->","yoast_head_json":{"title":"Le directeur, le r\u00e9dacteur en chef et le journaliste d\u2019Attounissia : un trio derri\u00e8re les barreaux pour une photo ! ?","description":"Le directeur, le r\u00e9dacteur en chef et le journaliste d\u2019Attounissia : un trio derri\u00e8re les barreaux pour une photo ! ?","canonical":"https:\/\/www.webdo.tn\/fr\/actualite\/national-45\/le-directeur-le-redacteur-en-chef-et-le-journaliste-dattounissia-un-trio-derriere-les-barreaux\/172203\/","og_locale":"fr_FR","og_type":"article","og_title":"Le directeur, le r\u00e9dacteur en chef et le journaliste d\u2019Attounissia : un trio derri\u00e8re les barreaux pour une photo ! ?","og_description":"Le directeur, le r\u00e9dacteur en chef et le journaliste d\u2019Attounissia : un trio derri\u00e8re les barreaux pour une photo ! ?","og_url":"https:\/\/www.webdo.tn\/fr\/actualite\/national-45\/le-directeur-le-redacteur-en-chef-et-le-journaliste-dattounissia-un-trio-derriere-les-barreaux\/172203\/","og_site_name":"webdo","article_publisher":"https:\/\/www.facebook.com\/webdotn","article_published_time":"2012-02-15T21:02:00+00:00","author":"webdo.tn","twitter_card":"summary_large_image","twitter_creator":"@webdo_tn","twitter_site":"@webdo_tn","twitter_misc":{"\u00c9crit par":"webdo.tn","Dur\u00e9e de lecture estim\u00e9e":"2 minutes"},"schema":{"@context":"https:\/\/schema.org","@graph":[{"@type":"NewsArticle","@id":"https:\/\/www.webdo.tn\/fr\/actualite\/national-45\/le-directeur-le-redacteur-en-chef-et-le-journaliste-dattounissia-un-trio-derriere-les-barreaux\/172203\/#article","isPartOf":{"@id":"https:\/\/www.webdo.tn\/fr\/actualite\/national-45\/le-directeur-le-redacteur-en-chef-et-le-journaliste-dattounissia-un-trio-derriere-les-barreaux\/172203\/"},"author":{"name":"webdo.tn","@id":"https:\/\/www.webdo.tn\/fr\/#\/schema\/person\/9a9c6118d687c117df8ef3cc36a4d175"},"headline":"Le directeur, le r\u00e9dacteur en chef et le journaliste d\u2019Attounissia : un trio derri\u00e8re les barreaux pour une photo ! ?","datePublished":"2012-02-15T21:02:00+00:00","mainEntityOfPage":{"@id":"https:\/\/www.webdo.tn\/fr\/actualite\/national-45\/le-directeur-le-redacteur-en-chef-et-le-journaliste-dattounissia-un-trio-derriere-les-barreaux\/172203\/"},"wordCount":370,"commentCount":0,"publisher":{"@id":"https:\/\/www.webdo.tn\/fr\/#organization"},"image":{"@id":"https:\/\/www.webdo.tn\/fr\/actualite\/national-45\/le-directeur-le-redacteur-en-chef-et-le-journaliste-dattounissia-un-trio-derriere-les-barreaux\/172203\/#primaryimage"},"thumbnailUrl":"https:\/\/www.webdo.tn\/fr\/wp-content\/uploads\/2025\/06\/Une-photo-de-Sami-Khedia-posant-avec-sa-fiancee-a-la-une-dAttounissia-du-15-fevrier-2012-150x150_172203.jpg","keywords":["guerre"],"articleSection":["National"],"inLanguage":"fr-FR"},{"@type":"WebPage","@id":"https:\/\/www.webdo.tn\/fr\/actualite\/national-45\/le-directeur-le-redacteur-en-chef-et-le-journaliste-dattounissia-un-trio-derriere-les-barreaux\/172203\/","url":"https:\/\/www.webdo.tn\/fr\/actualite\/national-45\/le-directeur-le-redacteur-en-chef-et-le-journaliste-dattounissia-un-trio-derriere-les-barreaux\/172203\/","name":"Le directeur, le r\u00e9dacteur en chef et le journaliste d\u2019Attounissia : un trio derri\u00e8re les barreaux pour une photo ! ?","isPartOf":{"@id":"https:\/\/www.webdo.tn\/fr\/#website"},"primaryImageOfPage":{"@id":"https:\/\/www.webdo.tn\/fr\/actualite\/national-45\/le-directeur-le-redacteur-en-chef-et-le-journaliste-dattounissia-un-trio-derriere-les-barreaux\/172203\/#primaryimage"},"image":{"@id":"https:\/\/www.webdo.tn\/fr\/actualite\/national-45\/le-directeur-le-redacteur-en-chef-et-le-journaliste-dattounissia-un-trio-derriere-les-barreaux\/172203\/#primaryimage"},"thumbnailUrl":"https:\/\/www.webdo.tn\/fr\/wp-content\/uploads\/2025\/06\/Une-photo-de-Sami-Khedia-posant-avec-sa-fiancee-a-la-une-dAttounissia-du-15-fevrier-2012-150x150_172203.jpg","datePublished":"2012-02-15T21:02:00+00:00","description":"Le directeur, le r\u00e9dacteur en chef et le journaliste d\u2019Attounissia : un trio derri\u00e8re les barreaux pour une photo ! ?","breadcrumb":{"@id":"https:\/\/www.webdo.tn\/fr\/actualite\/national-45\/le-directeur-le-redacteur-en-chef-et-le-journaliste-dattounissia-un-trio-derriere-les-barreaux\/172203\/#breadcrumb"},"inLanguage":"fr-FR","potentialAction":[{"@type":"ReadAction","target":["https:\/\/www.webdo.tn\/fr\/actualite\/national-45\/le-directeur-le-redacteur-en-chef-et-le-journaliste-dattounissia-un-trio-derriere-les-barreaux\/172203\/"]}]},{"@type":"ImageObject","inLanguage":"fr-FR","@id":"https:\/\/www.webdo.tn\/fr\/actualite\/national-45\/le-directeur-le-redacteur-en-chef-et-le-journaliste-dattounissia-un-trio-derriere-les-barreaux\/172203\/#primaryimage","url":"https:\/\/www.webdo.tn\/fr\/wp-content\/uploads\/2025\/06\/Une-photo-de-Sami-Khedia-posant-avec-sa-fiancee-a-la-une-dAttounissia-du-15-fevrier-2012-150x150_172203.jpg","contentUrl":"https:\/\/www.webdo.tn\/fr\/wp-content\/uploads\/2025\/06\/Une-photo-de-Sami-Khedia-posant-avec-sa-fiancee-a-la-une-dAttounissia-du-15-fevrier-2012-150x150_172203.jpg","width":150,"height":150,"caption":"Le directeur, le r\u00e9dacteur en chef et le journaliste d\u2019Attounissia : un trio derri\u00e8re les barreaux pour une photo ! ?"},{"@type":"BreadcrumbList","@id":"https:\/\/www.webdo.tn\/fr\/actualite\/national-45\/le-directeur-le-redacteur-en-chef-et-le-journaliste-dattounissia-un-trio-derriere-les-barreaux\/172203\/#breadcrumb","itemListElement":[{"@type":"ListItem","position":1,"name":"Accueil","item":"https:\/\/www.webdo.tn\/fr\/"},{"@type":"ListItem","position":2,"name":"Le directeur, le r\u00e9dacteur en chef et le journaliste d\u2019Attounissia : un trio derri\u00e8re les barreaux pour une photo ! ?"}]},{"@type":"WebSite","@id":"https:\/\/www.webdo.tn\/fr\/#website","url":"https:\/\/www.webdo.tn\/fr\/","name":"webdo","description":"Tunisie - News en Tunisie et \u00e0 l&#039;international sur Webdo.tn","publisher":{"@id":"https:\/\/www.webdo.tn\/fr\/#organization"},"potentialAction":[{"@type":"SearchAction","target":{"@type":"EntryPoint","urlTemplate":"https:\/\/www.webdo.tn\/fr\/?s={search_term_string}"},"query-input":{"@type":"PropertyValueSpecification","valueRequired":true,"valueName":"search_term_string"}}],"inLanguage":"fr-FR"},{"@type":"Organization","@id":"https:\/\/www.webdo.tn\/fr\/#organization","name":"Webdo","alternateName":"Webdo.tn","url":"https:\/\/www.webdo.tn\/fr\/","logo":{"@type":"ImageObject","inLanguage":"fr-FR","@id":"https:\/\/www.webdo.tn\/fr\/#\/schema\/logo\/image\/","url":"https:\/\/www.webdo.tn\/fr\/wp-content\/uploads\/2025\/06\/Webdo-Tunisie_168377.jpg","contentUrl":"https:\/\/www.webdo.tn\/fr\/wp-content\/uploads\/2025\/06\/Webdo-Tunisie_168377.jpg","width":301,"height":301,"caption":"Webdo"},"image":{"@id":"https:\/\/www.webdo.tn\/fr\/#\/schema\/logo\/image\/"},"sameAs":["https:\/\/www.facebook.com\/webdotn","https:\/\/x.com\/webdo_tn"],"description":"Webdo est un m\u00e9dia num\u00e9rique tunisien fond\u00e9 en 2010, sp\u00e9cialis\u00e9 dans l\u2019actualit\u00e9 nationale et internationale, l\u2019\u00e9conomie, la soci\u00e9t\u00e9 et les analyses politiques. Le site s\u2019adresse \u00e0 un large public francophone et couvre l\u2019information tunisienne en temps r\u00e9el.","email":"redac@webdo.tn","legalName":"YNJ SARL","foundingDate":"2010-09-06","numberOfEmployees":{"@type":"QuantitativeValue","minValue":"11","maxValue":"50"}},{"@type":"Person","@id":"https:\/\/www.webdo.tn\/fr\/#\/schema\/person\/9a9c6118d687c117df8ef3cc36a4d175","name":"webdo.tn","image":{"@type":"ImageObject","inLanguage":"fr-FR","@id":"https:\/\/secure.gravatar.com\/avatar\/7ce1f28c0c3bbac99ff550b85ef8e44a6950c6ee24514fb6a5489e51d06f0298?s=96&d=mm&r=g","url":"https:\/\/secure.gravatar.com\/avatar\/7ce1f28c0c3bbac99ff550b85ef8e44a6950c6ee24514fb6a5489e51d06f0298?s=96&d=mm&r=g","contentUrl":"https:\/\/secure.gravatar.com\/avatar\/7ce1f28c0c3bbac99ff550b85ef8e44a6950c6ee24514fb6a5489e51d06f0298?s=96&d=mm&r=g","caption":"webdo.tn"},"url":"https:\/\/www.webdo.tn\/fr\/actualite\/author\/webdotn\/"}]}},"_links":{"self":[{"href":"https:\/\/www.webdo.tn\/fr\/wp-json\/wp\/v2\/posts\/172203","targetHints":{"allow":["GET"]}}],"collection":[{"href":"https:\/\/www.webdo.tn\/fr\/wp-json\/wp\/v2\/posts"}],"about":[{"href":"https:\/\/www.webdo.tn\/fr\/wp-json\/wp\/v2\/types\/post"}],"author":[{"embeddable":true,"href":"https:\/\/www.webdo.tn\/fr\/wp-json\/wp\/v2\/users\/3222"}],"replies":[{"embeddable":true,"href":"https:\/\/www.webdo.tn\/fr\/wp-json\/wp\/v2\/comments?post=172203"}],"version-history":[{"count":0,"href":"https:\/\/www.webdo.tn\/fr\/wp-json\/wp\/v2\/posts\/172203\/revisions"}],"wp:featuredmedia":[{"embeddable":true,"href":"https:\/\/www.webdo.tn\/fr\/wp-json\/wp\/v2\/media\/374677"}],"wp:attachment":[{"href":"https:\/\/www.webdo.tn\/fr\/wp-json\/wp\/v2\/media?parent=172203"}],"wp:term":[{"taxonomy":"category","embeddable":true,"href":"https:\/\/www.webdo.tn\/fr\/wp-json\/wp\/v2\/categories?post=172203"},{"taxonomy":"post_tag","embeddable":true,"href":"https:\/\/www.webdo.tn\/fr\/wp-json\/wp\/v2\/tags?post=172203"}],"curies":[{"name":"wp","href":"https:\/\/api.w.org\/{rel}","templated":true}]}}