{"id":172202,"date":"2012-02-16T10:51:00","date_gmt":"2012-02-16T10:51:00","guid":{"rendered":"https:\/\/www.webdo.tn\/fr\/blog\/un-salafiste-poignarde-evenement-a-inscrire-au-bilan-de-la-visite-de-wagdi-ghonim\/172202\/"},"modified":"2012-02-16T10:51:00","modified_gmt":"2012-02-16T10:51:00","slug":"un-salafiste-poignarde-evenement-a-inscrire-au-bilan-de-la-visite-de-wagdi-ghonim","status":"publish","type":"post","link":"https:\/\/www.webdo.tn\/fr\/actualite\/national\/un-salafiste-poignarde-evenement-a-inscrire-au-bilan-de-la-visite-de-wagdi-ghonim\/172202\/","title":{"rendered":"Un salafiste poignard\u00e9 : \u00e9v\u00e9nement \u00e0 inscrire au bilan de la visite de Wagdi Ghonim"},"content":{"rendered":"<p>L\u2019agression sauvage dont a \u00e9t\u00e9 victime le lundi 13 f\u00e9vrier le jeune Moez Ibrahim, un salafiste \u00e2g\u00e9 de 22 ans, confirme les dangers s\u00e9curitaires que repr\u00e9sente la venue en Tunisie de Wagdi Ghonim et qui ont fait l\u2019objet de plusieurs mises en garde de la part de la soci\u00e9t\u00e9 civile et de la plupart des partis politiques. Commise \u00e0 la fin de la conf\u00e9rence anim\u00e9e par ce dernier \u00e0 Mahdia, cette agression est ind\u00e9niablement en relation avec l\u2019\u00e9v\u00e9nement. Rien n\u2019a \u00e9t\u00e9 filtr\u00e9 \u00e0 ce sujet et aucun t\u00e9moignage n\u2019a \u00e9t\u00e9 d\u00e9pos\u00e9 \u00e0 ce propos. Les circonstances de l\u2019affaire sont encore floues et il serait hasardeux et d\u00e9routant d\u2019accuser telle ou telle partie. La seule information dont nous disposons dans ce cadre est la d\u00e9claration du docteur Dhafrallah Chafi\u00ef, membre du conseil des libert\u00e9s, qui n\u2019exclut pas la responsabilit\u00e9 des ex-miliciens du RCD, cherchant \u00e0 enliser le pays dans un cycle de violence pour torpiller le processus transitionnel. A cet effet, l\u2019animosit\u00e9 qui ne date pas d\u2019aujourd\u2019hui entre l\u2019extr\u00eame gauche et la droite fondamentaliste en est un terrain favorable. Dans le m\u00eame esprit, docteur Chafi\u00ef a rappel\u00e9 une agression d\u2019un niveau de gravit\u00e9 aussi alarmant perp\u00e9tr\u00e9e il y a quelque temps \u00e0 la Cit\u00e9 Intilaka contre un militant du PCOT.<\/p>\n<p>Ind\u00e9pendamment de l\u2019identit\u00e9 du coupable, de ses mobiles et des personnes qui sont derri\u00e8re son forfait, l\u2019agression d\u00e9plor\u00e9e met en relief les dangers que pr\u00e9sente la visite de Wagdi Ghonim et ses conf\u00e9rences o\u00f9 il remet en cause les acquis de la r\u00e9volution en consid\u00e9rant que la d\u00e9mocratie est une \u0153uvre antireligieuse, fait l\u2019\u00e9loge des pratiques barbares m\u00e9di\u00e9vales portant atteinte aux droits de l\u2019homme telle que l\u2019excision, et s\u2019attaque \u00e0 ses d\u00e9tracteurs et \u00e0 ceux qui sont hostiles \u00e0 ses id\u00e9es, les qualifiant de m\u00e9cr\u00e9ants ayant vendu leur \u00e2me aux Occidentaux.<\/p>\n<p>Ces dangers ne sont pas seulement li\u00e9s \u00e0 la consistance de ses th\u00e8ses rejet\u00e9es par une tr\u00e8s grande partie des Tunisiens qui tiennent \u00e0 leurs acquis civilisationnels et culturels, mais r\u00e9sident \u00e9galement dans le risque d\u2019exhumation de la hache de la guerre entre les deux extr\u00eames. D\u00e9j\u00e0 entre les islamistes et les gauchistes, les relations ont commenc\u00e9 \u00e0 s\u2019envenimer depuis la diffusion sur Nessma de \u00abPersepolis\u00bb et l\u2019affaire du Niqab \u00e0 la facult\u00e9 de la Manouba. Mais \u00e0 part quelques rixes sans grands d\u00e9g\u00e2ts et des provocations sans grands effets, la d\u00e9t\u00e9rioration des relations entre les deux n\u2019a pas conduit \u00e0 des actes d\u2019un niveau aussi grave que la d\u00e9solante agression dont a \u00e9t\u00e9 victime Moez Ibrahim, poignard\u00e9 \u00e0 six reprises. Le pire \u00e0 craindre consiste dans les r\u00e9actions violentes que peuvent manifester les salafistes et les contre-r\u00e9actions qui peuvent s\u2019en suivre pour plonger ainsi la soci\u00e9t\u00e9 dans un cycle infernal.<\/p>\n<p>Connaissant les id\u00e9es de Wagdi Ghonim et les effets qu\u2019elles peuvent provoquer, les associations religieuses qui ont pris l\u2019initiative de l\u2019inviter auraient d\u00fb s\u2019abstenir de le faire pour \u00e9pargner \u00e0 la Tunisie davantage d\u2019ins\u00e9curit\u00e9. Seulement ayant d\u2019autres projets et d\u2019autres soucis qui n\u2019ont rien \u00e0 voir avec les profondes causes de la r\u00e9volution du 14 janvier, elles ont agi au m\u00e9pris de l\u2019int\u00e9r\u00eat g\u00e9n\u00e9ral.<\/p>\n<p>Les autorit\u00e9s, qui ont fait la sourde oreille aux appels de la soci\u00e9t\u00e9 civile pour stopper le danger et qui tournent le dos aux mouvements populaires manifest\u00e9s dans ce cadre, auraient d\u00fb d\u00e8s le d\u00e9part assumer leur responsabilit\u00e9 avant d\u2019en arriver l\u00e0.<\/p>\n<p>Le dernier espoir reste l\u2019autorit\u00e9 judiciaire qui a \u00e9t\u00e9 saisie par des avocats et des citoyens pour condamner l\u2019ind\u00e9sirable pr\u00e9dicateur et les associations religieuses qui sont dans le coup. Mais le plus pressant dans l\u2019imm\u00e9diat est de suspendre illico presto les conf\u00e9rences programm\u00e9es en raison des dangers qu\u2019elles peuvent avoir sur la s\u00e9curit\u00e9 publique. Pour ce faire, une action en extr\u00eame urgence conform\u00e9ment aux dispositions de la loi en vigueur ne sera pas de trop.<\/p>\n","protected":false},"excerpt":{"rendered":"<p>Un salafiste poignard\u00e9 : \u00e9v\u00e9nement \u00e0 inscrire au bilan de la visite de Wagdi Ghonim<\/p>\n","protected":false},"author":3222,"featured_media":374497,"comment_status":"open","ping_status":"closed","sticky":false,"template":"","format":"standard","meta":{"footnotes":""},"categories":[44],"tags":[2600],"class_list":["post-172202","post","type-post","status-publish","format-standard","has-post-thumbnail","hentry","category-national","tag-guerre"],"yoast_head":"<!-- This site is optimized with the Yoast SEO Premium plugin v27.5 (Yoast SEO v27.5) - https:\/\/yoast.com\/product\/yoast-seo-premium-wordpress\/ -->\n<title>Un salafiste poignard\u00e9 : \u00e9v\u00e9nement \u00e0 inscrire au bilan de la visite de Wagdi Ghonim<\/title>\n<meta name=\"description\" content=\"Un salafiste poignard\u00e9 : \u00e9v\u00e9nement \u00e0 inscrire au bilan de la visite de Wagdi Ghonim\" \/>\n<link rel=\"canonical\" href=\"https:\/\/www.webdo.tn\/fr\/actualite\/national-45\/un-salafiste-poignarde-evenement-a-inscrire-au-bilan-de-la-visite-de-wagdi-ghonim\/172202\/\" \/>\n<meta property=\"og:locale\" content=\"fr_FR\" \/>\n<meta property=\"og:type\" content=\"article\" \/>\n<meta property=\"og:title\" content=\"Un salafiste poignard\u00e9 : \u00e9v\u00e9nement \u00e0 inscrire au bilan de la visite de Wagdi Ghonim\" \/>\n<meta property=\"og:description\" content=\"Un salafiste poignard\u00e9 : \u00e9v\u00e9nement \u00e0 inscrire au bilan de la visite de Wagdi Ghonim\" \/>\n<meta property=\"og:url\" content=\"https:\/\/www.webdo.tn\/fr\/actualite\/national-45\/un-salafiste-poignarde-evenement-a-inscrire-au-bilan-de-la-visite-de-wagdi-ghonim\/172202\/\" \/>\n<meta property=\"og:site_name\" content=\"webdo\" \/>\n<meta property=\"article:publisher\" content=\"https:\/\/www.facebook.com\/webdotn\" \/>\n<meta property=\"article:published_time\" content=\"2012-02-16T10:51:00+00:00\" \/>\n<meta name=\"author\" content=\"webdo.tn\" \/>\n<meta name=\"twitter:card\" content=\"summary_large_image\" \/>\n<meta name=\"twitter:creator\" content=\"@webdo_tn\" \/>\n<meta name=\"twitter:site\" content=\"@webdo_tn\" \/>\n<meta name=\"twitter:label1\" content=\"\u00c9crit par\" \/>\n\t<meta name=\"twitter:data1\" content=\"webdo.tn\" \/>\n\t<meta name=\"twitter:label2\" content=\"Dur\u00e9e de lecture estim\u00e9e\" \/>\n\t<meta name=\"twitter:data2\" content=\"4 minutes\" \/>\n<script type=\"application\/ld+json\" class=\"yoast-schema-graph\">{\"@context\":\"https:\\\/\\\/schema.org\",\"@graph\":[{\"@type\":\"NewsArticle\",\"@id\":\"https:\\\/\\\/www.webdo.tn\\\/fr\\\/actualite\\\/national-45\\\/un-salafiste-poignarde-evenement-a-inscrire-au-bilan-de-la-visite-de-wagdi-ghonim\\\/172202\\\/#article\",\"isPartOf\":{\"@id\":\"https:\\\/\\\/www.webdo.tn\\\/fr\\\/actualite\\\/national-45\\\/un-salafiste-poignarde-evenement-a-inscrire-au-bilan-de-la-visite-de-wagdi-ghonim\\\/172202\\\/\"},\"author\":{\"name\":\"webdo.tn\",\"@id\":\"https:\\\/\\\/www.webdo.tn\\\/fr\\\/#\\\/schema\\\/person\\\/9a9c6118d687c117df8ef3cc36a4d175\"},\"headline\":\"Un salafiste poignard\u00e9 : \u00e9v\u00e9nement \u00e0 inscrire au bilan de la visite de Wagdi Ghonim\",\"datePublished\":\"2012-02-16T10:51:00+00:00\",\"mainEntityOfPage\":{\"@id\":\"https:\\\/\\\/www.webdo.tn\\\/fr\\\/actualite\\\/national-45\\\/un-salafiste-poignarde-evenement-a-inscrire-au-bilan-de-la-visite-de-wagdi-ghonim\\\/172202\\\/\"},\"wordCount\":731,\"commentCount\":0,\"publisher\":{\"@id\":\"https:\\\/\\\/www.webdo.tn\\\/fr\\\/#organization\"},\"image\":{\"@id\":\"https:\\\/\\\/www.webdo.tn\\\/fr\\\/actualite\\\/national-45\\\/un-salafiste-poignarde-evenement-a-inscrire-au-bilan-de-la-visite-de-wagdi-ghonim\\\/172202\\\/#primaryimage\"},\"thumbnailUrl\":\"https:\\\/\\\/www.webdo.tn\\\/fr\\\/wp-content\\\/uploads\\\/2025\\\/06\\\/Wajdi-Ghonim-lors-dune-conferences-a-Sousse_172202.jpg\",\"keywords\":[\"guerre\"],\"articleSection\":[\"National\"],\"inLanguage\":\"fr-FR\"},{\"@type\":\"WebPage\",\"@id\":\"https:\\\/\\\/www.webdo.tn\\\/fr\\\/actualite\\\/national-45\\\/un-salafiste-poignarde-evenement-a-inscrire-au-bilan-de-la-visite-de-wagdi-ghonim\\\/172202\\\/\",\"url\":\"https:\\\/\\\/www.webdo.tn\\\/fr\\\/actualite\\\/national-45\\\/un-salafiste-poignarde-evenement-a-inscrire-au-bilan-de-la-visite-de-wagdi-ghonim\\\/172202\\\/\",\"name\":\"Un salafiste poignard\u00e9 : \u00e9v\u00e9nement \u00e0 inscrire au bilan de la visite de Wagdi Ghonim\",\"isPartOf\":{\"@id\":\"https:\\\/\\\/www.webdo.tn\\\/fr\\\/#website\"},\"primaryImageOfPage\":{\"@id\":\"https:\\\/\\\/www.webdo.tn\\\/fr\\\/actualite\\\/national-45\\\/un-salafiste-poignarde-evenement-a-inscrire-au-bilan-de-la-visite-de-wagdi-ghonim\\\/172202\\\/#primaryimage\"},\"image\":{\"@id\":\"https:\\\/\\\/www.webdo.tn\\\/fr\\\/actualite\\\/national-45\\\/un-salafiste-poignarde-evenement-a-inscrire-au-bilan-de-la-visite-de-wagdi-ghonim\\\/172202\\\/#primaryimage\"},\"thumbnailUrl\":\"https:\\\/\\\/www.webdo.tn\\\/fr\\\/wp-content\\\/uploads\\\/2025\\\/06\\\/Wajdi-Ghonim-lors-dune-conferences-a-Sousse_172202.jpg\",\"datePublished\":\"2012-02-16T10:51:00+00:00\",\"description\":\"Un salafiste poignard\u00e9 : \u00e9v\u00e9nement \u00e0 inscrire au bilan de la visite de Wagdi Ghonim\",\"breadcrumb\":{\"@id\":\"https:\\\/\\\/www.webdo.tn\\\/fr\\\/actualite\\\/national-45\\\/un-salafiste-poignarde-evenement-a-inscrire-au-bilan-de-la-visite-de-wagdi-ghonim\\\/172202\\\/#breadcrumb\"},\"inLanguage\":\"fr-FR\",\"potentialAction\":[{\"@type\":\"ReadAction\",\"target\":[\"https:\\\/\\\/www.webdo.tn\\\/fr\\\/actualite\\\/national-45\\\/un-salafiste-poignarde-evenement-a-inscrire-au-bilan-de-la-visite-de-wagdi-ghonim\\\/172202\\\/\"]}]},{\"@type\":\"ImageObject\",\"inLanguage\":\"fr-FR\",\"@id\":\"https:\\\/\\\/www.webdo.tn\\\/fr\\\/actualite\\\/national-45\\\/un-salafiste-poignarde-evenement-a-inscrire-au-bilan-de-la-visite-de-wagdi-ghonim\\\/172202\\\/#primaryimage\",\"url\":\"https:\\\/\\\/www.webdo.tn\\\/fr\\\/wp-content\\\/uploads\\\/2025\\\/06\\\/Wajdi-Ghonim-lors-dune-conferences-a-Sousse_172202.jpg\",\"contentUrl\":\"https:\\\/\\\/www.webdo.tn\\\/fr\\\/wp-content\\\/uploads\\\/2025\\\/06\\\/Wajdi-Ghonim-lors-dune-conferences-a-Sousse_172202.jpg\",\"width\":360,\"height\":214,\"caption\":\"Un salafiste poignard\u00e9 : \u00e9v\u00e9nement \u00e0 inscrire au bilan de la visite de Wagdi Ghonim\"},{\"@type\":\"BreadcrumbList\",\"@id\":\"https:\\\/\\\/www.webdo.tn\\\/fr\\\/actualite\\\/national-45\\\/un-salafiste-poignarde-evenement-a-inscrire-au-bilan-de-la-visite-de-wagdi-ghonim\\\/172202\\\/#breadcrumb\",\"itemListElement\":[{\"@type\":\"ListItem\",\"position\":1,\"name\":\"Accueil\",\"item\":\"https:\\\/\\\/www.webdo.tn\\\/fr\\\/\"},{\"@type\":\"ListItem\",\"position\":2,\"name\":\"Un salafiste poignard\u00e9 : \u00e9v\u00e9nement \u00e0 inscrire au bilan de la visite de Wagdi Ghonim\"}]},{\"@type\":\"WebSite\",\"@id\":\"https:\\\/\\\/www.webdo.tn\\\/fr\\\/#website\",\"url\":\"https:\\\/\\\/www.webdo.tn\\\/fr\\\/\",\"name\":\"webdo\",\"description\":\"Tunisie - News en Tunisie et \u00e0 l&#039;international sur Webdo.tn\",\"publisher\":{\"@id\":\"https:\\\/\\\/www.webdo.tn\\\/fr\\\/#organization\"},\"potentialAction\":[{\"@type\":\"SearchAction\",\"target\":{\"@type\":\"EntryPoint\",\"urlTemplate\":\"https:\\\/\\\/www.webdo.tn\\\/fr\\\/?s={search_term_string}\"},\"query-input\":{\"@type\":\"PropertyValueSpecification\",\"valueRequired\":true,\"valueName\":\"search_term_string\"}}],\"inLanguage\":\"fr-FR\"},{\"@type\":\"Organization\",\"@id\":\"https:\\\/\\\/www.webdo.tn\\\/fr\\\/#organization\",\"name\":\"Webdo\",\"alternateName\":\"Webdo.tn\",\"url\":\"https:\\\/\\\/www.webdo.tn\\\/fr\\\/\",\"logo\":{\"@type\":\"ImageObject\",\"inLanguage\":\"fr-FR\",\"@id\":\"https:\\\/\\\/www.webdo.tn\\\/fr\\\/#\\\/schema\\\/logo\\\/image\\\/\",\"url\":\"https:\\\/\\\/www.webdo.tn\\\/fr\\\/wp-content\\\/uploads\\\/2025\\\/06\\\/Webdo-Tunisie_168377.jpg\",\"contentUrl\":\"https:\\\/\\\/www.webdo.tn\\\/fr\\\/wp-content\\\/uploads\\\/2025\\\/06\\\/Webdo-Tunisie_168377.jpg\",\"width\":301,\"height\":301,\"caption\":\"Webdo\"},\"image\":{\"@id\":\"https:\\\/\\\/www.webdo.tn\\\/fr\\\/#\\\/schema\\\/logo\\\/image\\\/\"},\"sameAs\":[\"https:\\\/\\\/www.facebook.com\\\/webdotn\",\"https:\\\/\\\/x.com\\\/webdo_tn\"],\"description\":\"Webdo est un m\u00e9dia num\u00e9rique tunisien fond\u00e9 en 2010, sp\u00e9cialis\u00e9 dans l\u2019actualit\u00e9 nationale et internationale, l\u2019\u00e9conomie, la soci\u00e9t\u00e9 et les analyses politiques. Le site s\u2019adresse \u00e0 un large public francophone et couvre l\u2019information tunisienne en temps r\u00e9el.\",\"email\":\"redac@webdo.tn\",\"legalName\":\"YNJ SARL\",\"foundingDate\":\"2010-09-06\",\"numberOfEmployees\":{\"@type\":\"QuantitativeValue\",\"minValue\":\"11\",\"maxValue\":\"50\"}},{\"@type\":\"Person\",\"@id\":\"https:\\\/\\\/www.webdo.tn\\\/fr\\\/#\\\/schema\\\/person\\\/9a9c6118d687c117df8ef3cc36a4d175\",\"name\":\"webdo.tn\",\"image\":{\"@type\":\"ImageObject\",\"inLanguage\":\"fr-FR\",\"@id\":\"https:\\\/\\\/secure.gravatar.com\\\/avatar\\\/7ce1f28c0c3bbac99ff550b85ef8e44a6950c6ee24514fb6a5489e51d06f0298?s=96&d=mm&r=g\",\"url\":\"https:\\\/\\\/secure.gravatar.com\\\/avatar\\\/7ce1f28c0c3bbac99ff550b85ef8e44a6950c6ee24514fb6a5489e51d06f0298?s=96&d=mm&r=g\",\"contentUrl\":\"https:\\\/\\\/secure.gravatar.com\\\/avatar\\\/7ce1f28c0c3bbac99ff550b85ef8e44a6950c6ee24514fb6a5489e51d06f0298?s=96&d=mm&r=g\",\"caption\":\"webdo.tn\"},\"url\":\"https:\\\/\\\/www.webdo.tn\\\/fr\\\/actualite\\\/author\\\/webdotn\\\/\"}]}<\/script>\n<!-- \/ Yoast SEO Premium plugin. -->","yoast_head_json":{"title":"Un salafiste poignard\u00e9 : \u00e9v\u00e9nement \u00e0 inscrire au bilan de la visite de Wagdi Ghonim","description":"Un salafiste poignard\u00e9 : \u00e9v\u00e9nement \u00e0 inscrire au bilan de la visite de Wagdi Ghonim","canonical":"https:\/\/www.webdo.tn\/fr\/actualite\/national-45\/un-salafiste-poignarde-evenement-a-inscrire-au-bilan-de-la-visite-de-wagdi-ghonim\/172202\/","og_locale":"fr_FR","og_type":"article","og_title":"Un salafiste poignard\u00e9 : \u00e9v\u00e9nement \u00e0 inscrire au bilan de la visite de Wagdi Ghonim","og_description":"Un salafiste poignard\u00e9 : \u00e9v\u00e9nement \u00e0 inscrire au bilan de la visite de Wagdi Ghonim","og_url":"https:\/\/www.webdo.tn\/fr\/actualite\/national-45\/un-salafiste-poignarde-evenement-a-inscrire-au-bilan-de-la-visite-de-wagdi-ghonim\/172202\/","og_site_name":"webdo","article_publisher":"https:\/\/www.facebook.com\/webdotn","article_published_time":"2012-02-16T10:51:00+00:00","author":"webdo.tn","twitter_card":"summary_large_image","twitter_creator":"@webdo_tn","twitter_site":"@webdo_tn","twitter_misc":{"\u00c9crit par":"webdo.tn","Dur\u00e9e de lecture estim\u00e9e":"4 minutes"},"schema":{"@context":"https:\/\/schema.org","@graph":[{"@type":"NewsArticle","@id":"https:\/\/www.webdo.tn\/fr\/actualite\/national-45\/un-salafiste-poignarde-evenement-a-inscrire-au-bilan-de-la-visite-de-wagdi-ghonim\/172202\/#article","isPartOf":{"@id":"https:\/\/www.webdo.tn\/fr\/actualite\/national-45\/un-salafiste-poignarde-evenement-a-inscrire-au-bilan-de-la-visite-de-wagdi-ghonim\/172202\/"},"author":{"name":"webdo.tn","@id":"https:\/\/www.webdo.tn\/fr\/#\/schema\/person\/9a9c6118d687c117df8ef3cc36a4d175"},"headline":"Un salafiste poignard\u00e9 : \u00e9v\u00e9nement \u00e0 inscrire au bilan de la visite de Wagdi Ghonim","datePublished":"2012-02-16T10:51:00+00:00","mainEntityOfPage":{"@id":"https:\/\/www.webdo.tn\/fr\/actualite\/national-45\/un-salafiste-poignarde-evenement-a-inscrire-au-bilan-de-la-visite-de-wagdi-ghonim\/172202\/"},"wordCount":731,"commentCount":0,"publisher":{"@id":"https:\/\/www.webdo.tn\/fr\/#organization"},"image":{"@id":"https:\/\/www.webdo.tn\/fr\/actualite\/national-45\/un-salafiste-poignarde-evenement-a-inscrire-au-bilan-de-la-visite-de-wagdi-ghonim\/172202\/#primaryimage"},"thumbnailUrl":"https:\/\/www.webdo.tn\/fr\/wp-content\/uploads\/2025\/06\/Wajdi-Ghonim-lors-dune-conferences-a-Sousse_172202.jpg","keywords":["guerre"],"articleSection":["National"],"inLanguage":"fr-FR"},{"@type":"WebPage","@id":"https:\/\/www.webdo.tn\/fr\/actualite\/national-45\/un-salafiste-poignarde-evenement-a-inscrire-au-bilan-de-la-visite-de-wagdi-ghonim\/172202\/","url":"https:\/\/www.webdo.tn\/fr\/actualite\/national-45\/un-salafiste-poignarde-evenement-a-inscrire-au-bilan-de-la-visite-de-wagdi-ghonim\/172202\/","name":"Un salafiste poignard\u00e9 : \u00e9v\u00e9nement \u00e0 inscrire au bilan de la visite de Wagdi Ghonim","isPartOf":{"@id":"https:\/\/www.webdo.tn\/fr\/#website"},"primaryImageOfPage":{"@id":"https:\/\/www.webdo.tn\/fr\/actualite\/national-45\/un-salafiste-poignarde-evenement-a-inscrire-au-bilan-de-la-visite-de-wagdi-ghonim\/172202\/#primaryimage"},"image":{"@id":"https:\/\/www.webdo.tn\/fr\/actualite\/national-45\/un-salafiste-poignarde-evenement-a-inscrire-au-bilan-de-la-visite-de-wagdi-ghonim\/172202\/#primaryimage"},"thumbnailUrl":"https:\/\/www.webdo.tn\/fr\/wp-content\/uploads\/2025\/06\/Wajdi-Ghonim-lors-dune-conferences-a-Sousse_172202.jpg","datePublished":"2012-02-16T10:51:00+00:00","description":"Un salafiste poignard\u00e9 : \u00e9v\u00e9nement \u00e0 inscrire au bilan de la visite de Wagdi Ghonim","breadcrumb":{"@id":"https:\/\/www.webdo.tn\/fr\/actualite\/national-45\/un-salafiste-poignarde-evenement-a-inscrire-au-bilan-de-la-visite-de-wagdi-ghonim\/172202\/#breadcrumb"},"inLanguage":"fr-FR","potentialAction":[{"@type":"ReadAction","target":["https:\/\/www.webdo.tn\/fr\/actualite\/national-45\/un-salafiste-poignarde-evenement-a-inscrire-au-bilan-de-la-visite-de-wagdi-ghonim\/172202\/"]}]},{"@type":"ImageObject","inLanguage":"fr-FR","@id":"https:\/\/www.webdo.tn\/fr\/actualite\/national-45\/un-salafiste-poignarde-evenement-a-inscrire-au-bilan-de-la-visite-de-wagdi-ghonim\/172202\/#primaryimage","url":"https:\/\/www.webdo.tn\/fr\/wp-content\/uploads\/2025\/06\/Wajdi-Ghonim-lors-dune-conferences-a-Sousse_172202.jpg","contentUrl":"https:\/\/www.webdo.tn\/fr\/wp-content\/uploads\/2025\/06\/Wajdi-Ghonim-lors-dune-conferences-a-Sousse_172202.jpg","width":360,"height":214,"caption":"Un salafiste poignard\u00e9 : \u00e9v\u00e9nement \u00e0 inscrire au bilan de la visite de Wagdi Ghonim"},{"@type":"BreadcrumbList","@id":"https:\/\/www.webdo.tn\/fr\/actualite\/national-45\/un-salafiste-poignarde-evenement-a-inscrire-au-bilan-de-la-visite-de-wagdi-ghonim\/172202\/#breadcrumb","itemListElement":[{"@type":"ListItem","position":1,"name":"Accueil","item":"https:\/\/www.webdo.tn\/fr\/"},{"@type":"ListItem","position":2,"name":"Un salafiste poignard\u00e9 : \u00e9v\u00e9nement \u00e0 inscrire au bilan de la visite de Wagdi Ghonim"}]},{"@type":"WebSite","@id":"https:\/\/www.webdo.tn\/fr\/#website","url":"https:\/\/www.webdo.tn\/fr\/","name":"webdo","description":"Tunisie - News en Tunisie et \u00e0 l&#039;international sur Webdo.tn","publisher":{"@id":"https:\/\/www.webdo.tn\/fr\/#organization"},"potentialAction":[{"@type":"SearchAction","target":{"@type":"EntryPoint","urlTemplate":"https:\/\/www.webdo.tn\/fr\/?s={search_term_string}"},"query-input":{"@type":"PropertyValueSpecification","valueRequired":true,"valueName":"search_term_string"}}],"inLanguage":"fr-FR"},{"@type":"Organization","@id":"https:\/\/www.webdo.tn\/fr\/#organization","name":"Webdo","alternateName":"Webdo.tn","url":"https:\/\/www.webdo.tn\/fr\/","logo":{"@type":"ImageObject","inLanguage":"fr-FR","@id":"https:\/\/www.webdo.tn\/fr\/#\/schema\/logo\/image\/","url":"https:\/\/www.webdo.tn\/fr\/wp-content\/uploads\/2025\/06\/Webdo-Tunisie_168377.jpg","contentUrl":"https:\/\/www.webdo.tn\/fr\/wp-content\/uploads\/2025\/06\/Webdo-Tunisie_168377.jpg","width":301,"height":301,"caption":"Webdo"},"image":{"@id":"https:\/\/www.webdo.tn\/fr\/#\/schema\/logo\/image\/"},"sameAs":["https:\/\/www.facebook.com\/webdotn","https:\/\/x.com\/webdo_tn"],"description":"Webdo est un m\u00e9dia num\u00e9rique tunisien fond\u00e9 en 2010, sp\u00e9cialis\u00e9 dans l\u2019actualit\u00e9 nationale et internationale, l\u2019\u00e9conomie, la soci\u00e9t\u00e9 et les analyses politiques. Le site s\u2019adresse \u00e0 un large public francophone et couvre l\u2019information tunisienne en temps r\u00e9el.","email":"redac@webdo.tn","legalName":"YNJ SARL","foundingDate":"2010-09-06","numberOfEmployees":{"@type":"QuantitativeValue","minValue":"11","maxValue":"50"}},{"@type":"Person","@id":"https:\/\/www.webdo.tn\/fr\/#\/schema\/person\/9a9c6118d687c117df8ef3cc36a4d175","name":"webdo.tn","image":{"@type":"ImageObject","inLanguage":"fr-FR","@id":"https:\/\/secure.gravatar.com\/avatar\/7ce1f28c0c3bbac99ff550b85ef8e44a6950c6ee24514fb6a5489e51d06f0298?s=96&d=mm&r=g","url":"https:\/\/secure.gravatar.com\/avatar\/7ce1f28c0c3bbac99ff550b85ef8e44a6950c6ee24514fb6a5489e51d06f0298?s=96&d=mm&r=g","contentUrl":"https:\/\/secure.gravatar.com\/avatar\/7ce1f28c0c3bbac99ff550b85ef8e44a6950c6ee24514fb6a5489e51d06f0298?s=96&d=mm&r=g","caption":"webdo.tn"},"url":"https:\/\/www.webdo.tn\/fr\/actualite\/author\/webdotn\/"}]}},"_links":{"self":[{"href":"https:\/\/www.webdo.tn\/fr\/wp-json\/wp\/v2\/posts\/172202","targetHints":{"allow":["GET"]}}],"collection":[{"href":"https:\/\/www.webdo.tn\/fr\/wp-json\/wp\/v2\/posts"}],"about":[{"href":"https:\/\/www.webdo.tn\/fr\/wp-json\/wp\/v2\/types\/post"}],"author":[{"embeddable":true,"href":"https:\/\/www.webdo.tn\/fr\/wp-json\/wp\/v2\/users\/3222"}],"replies":[{"embeddable":true,"href":"https:\/\/www.webdo.tn\/fr\/wp-json\/wp\/v2\/comments?post=172202"}],"version-history":[{"count":0,"href":"https:\/\/www.webdo.tn\/fr\/wp-json\/wp\/v2\/posts\/172202\/revisions"}],"wp:featuredmedia":[{"embeddable":true,"href":"https:\/\/www.webdo.tn\/fr\/wp-json\/wp\/v2\/media\/374497"}],"wp:attachment":[{"href":"https:\/\/www.webdo.tn\/fr\/wp-json\/wp\/v2\/media?parent=172202"}],"wp:term":[{"taxonomy":"category","embeddable":true,"href":"https:\/\/www.webdo.tn\/fr\/wp-json\/wp\/v2\/categories?post=172202"},{"taxonomy":"post_tag","embeddable":true,"href":"https:\/\/www.webdo.tn\/fr\/wp-json\/wp\/v2\/tags?post=172202"}],"curies":[{"name":"wp","href":"https:\/\/api.w.org\/{rel}","templated":true}]}}