{"id":172201,"date":"2012-02-16T14:10:00","date_gmt":"2012-02-16T14:10:00","guid":{"rendered":"https:\/\/www.webdo.tn\/fr\/blog\/affaire-d-ettounssia-serieuses-menaces-sur-la-liberte-de-la-presse\/172201\/"},"modified":"2012-02-16T14:10:00","modified_gmt":"2012-02-16T14:10:00","slug":"affaire-d-ettounssia-serieuses-menaces-sur-la-liberte-de-la-presse","status":"publish","type":"post","link":"https:\/\/www.webdo.tn\/fr\/actualite\/national\/affaire-d-ettounssia-serieuses-menaces-sur-la-liberte-de-la-presse\/172201\/","title":{"rendered":"Affaire d\u2019Attounssia : S\u00e9rieuses menaces sur la libert\u00e9 de la presse"},"content":{"rendered":"<p>L\u2019affaire \u00ab d\u2019Attounissia \u00bb est le second proc\u00e8s que l\u2019on fait aux m\u00e9dias dans la Tunisie postr\u00e9volutionnaire. Le premier est celui qui a vu la cha\u00eene \u00ab Nessma \u00bb mise sur le banc des accus\u00e9s \u00e0 la suite de la diffusion du fameux film iranien \u00ab Pers\u00e9polis \u00bb, le second, est celui qui passe aujourd\u2019hui devant le tribunal de premi\u00e8re instance de Tunis et relatif au quotidien de langue arabe \u00ab Attounissia \u00bb qui a publi\u00e9 une photo du joueur de football tuniso-allemand, Khedira, actuellement au Real Madrid, et jug\u00e9e comme contraire \u00e0 la morale.<\/p>\n<p>Le point commun entre les deux cas est que les deux proc\u00e8s sont li\u00e9s \u00e0 une question touchant la morale, la morale religieuse pour la premi\u00e8re, les \u00ab bonnes m\u0153urs \u00bb pour la seconde.<\/p>\n<p>Dans les deux cas, les professionnels des m\u00e9dias, tous syndicats r\u00e9unis, s\u2019\u00e9l\u00e8vent contre ces proc\u00e8s estimant, \u00e0 juste titre, d\u2019ailleurs qu\u2019il s\u2019agit de mesures arbitraires en l\u2019absence de textes permettant la protection des journalistes dans l\u2019exercice de leur profession.<\/p>\n<p>Les syndicats d\u00e9noncent cette \u00ab cabale \u00bb mont\u00e9e contre les journalistes et accusent les autorit\u00e9s concern\u00e9es de pr\u00e9parer de nouvelles attaques contre les m\u00e9dias afin de limiter la libert\u00e9 d\u2019expression et d\u2019information, tout en reconnaissant que des erreurs se sont produites notamment par le truchement d\u2019\u00ab Attounissia \u00bb.<\/p>\n<p>Il est vrai que de graves indices quant \u00e0 cette volont\u00e9 du gouvernement et des autorit\u00e9s actuelles d\u2019imposer un certain contr\u00f4le sur les m\u00e9dias pour ramener l\u2019information sous la tutelle du pouvoir en place et en faire un instrument de propagande au d\u00e9triment des principes de libert\u00e9 et de dignit\u00e9 exprim\u00e9s par la R\u00e9volution Tunisienne.<\/p>\n<p>Si on revient quelque peu en arri\u00e8re, les nominations d\u00e9cr\u00e9t\u00e9es par le gouvernement dans les m\u00e9dias publics ou les nominations aux postes de r\u00e9dacteurs en chef dans certains journaux y compris \u00e0 Dar Essabah constituent autant de tentatives qui vont dans ce sens de la restriction de la libert\u00e9 d\u2019expression.<\/p>\n<p>Remettre en cause ce principe et y mettre des freins y compris moraux, les journalistes devraient aussi apprendre \u00e0 \u00e9viter ce pi\u00e8ge, est un premier pas vers le b\u00e2illonnement de la presse et un dangereux pr\u00e9c\u00e9dent qui risque de nous ramener vers la p\u00e9riode noire de la presse tunisienne.<\/p>\n<p>La libert\u00e9 est un bien trop pr\u00e9cieux pour que l\u2019on restreigne, et qu\u2019il faudra savoir pr\u00e9server et d\u00e9fendre contre tous ceux qui sont tent\u00e9s aujourd\u2019hui de l\u2019enfermer dans un carcan rigide dont on ne pourra plus se d\u00e9barrasser.<\/p>\n<p>Les juges sont aujourd\u2019hui devant un v\u00e9ritable d\u00e9fi historique qu\u2019ils doivent savoir surmonter pour instaurer une v\u00e9ritable d\u00e9mocratie pluraliste dont l\u2019un des fondements de base demeure incontestablement la libert\u00e9 de la presse\u2026<\/p>\n","protected":false},"excerpt":{"rendered":"<p>Affaire d\u2019Attounssia : S\u00e9rieuses menaces sur la libert\u00e9 de la presse<\/p>\n","protected":false},"author":3222,"featured_media":374498,"comment_status":"open","ping_status":"closed","sticky":false,"template":"","format":"standard","meta":{"footnotes":""},"categories":[44],"tags":[2600],"class_list":["post-172201","post","type-post","status-publish","format-standard","has-post-thumbnail","hentry","category-national","tag-guerre"],"yoast_head":"<!-- This site is optimized with the Yoast SEO Premium plugin v27.5 (Yoast SEO v27.5) - https:\/\/yoast.com\/product\/yoast-seo-premium-wordpress\/ -->\n<title>Affaire d\u2019Attounssia : S\u00e9rieuses menaces sur la libert\u00e9 de la presse<\/title>\n<meta name=\"description\" content=\"Affaire d\u2019Attounssia : S\u00e9rieuses menaces sur la libert\u00e9 de la presse\" \/>\n<link rel=\"canonical\" href=\"https:\/\/www.webdo.tn\/fr\/actualite\/national-45\/affaire-d-ettounssia-serieuses-menaces-sur-la-liberte-de-la-presse\/172201\/\" \/>\n<meta property=\"og:locale\" content=\"fr_FR\" \/>\n<meta property=\"og:type\" content=\"article\" \/>\n<meta property=\"og:title\" content=\"Affaire d\u2019Attounssia : S\u00e9rieuses menaces sur la libert\u00e9 de la presse\" \/>\n<meta property=\"og:description\" content=\"Affaire d\u2019Attounssia : S\u00e9rieuses menaces sur la libert\u00e9 de la presse\" \/>\n<meta property=\"og:url\" content=\"https:\/\/www.webdo.tn\/fr\/actualite\/national-45\/affaire-d-ettounssia-serieuses-menaces-sur-la-liberte-de-la-presse\/172201\/\" \/>\n<meta property=\"og:site_name\" content=\"webdo\" \/>\n<meta property=\"article:publisher\" content=\"https:\/\/www.facebook.com\/webdotn\" \/>\n<meta property=\"article:published_time\" content=\"2012-02-16T14:10:00+00:00\" \/>\n<meta name=\"author\" content=\"webdo.tn\" \/>\n<meta name=\"twitter:card\" content=\"summary_large_image\" \/>\n<meta name=\"twitter:creator\" content=\"@webdo_tn\" \/>\n<meta name=\"twitter:site\" content=\"@webdo_tn\" \/>\n<meta name=\"twitter:label1\" content=\"\u00c9crit par\" \/>\n\t<meta name=\"twitter:data1\" content=\"webdo.tn\" \/>\n\t<meta name=\"twitter:label2\" content=\"Dur\u00e9e de lecture estim\u00e9e\" \/>\n\t<meta name=\"twitter:data2\" content=\"2 minutes\" \/>\n<script type=\"application\/ld+json\" class=\"yoast-schema-graph\">{\"@context\":\"https:\\\/\\\/schema.org\",\"@graph\":[{\"@type\":\"NewsArticle\",\"@id\":\"https:\\\/\\\/www.webdo.tn\\\/fr\\\/actualite\\\/national-45\\\/affaire-d-ettounssia-serieuses-menaces-sur-la-liberte-de-la-presse\\\/172201\\\/#article\",\"isPartOf\":{\"@id\":\"https:\\\/\\\/www.webdo.tn\\\/fr\\\/actualite\\\/national-45\\\/affaire-d-ettounssia-serieuses-menaces-sur-la-liberte-de-la-presse\\\/172201\\\/\"},\"author\":{\"name\":\"webdo.tn\",\"@id\":\"https:\\\/\\\/www.webdo.tn\\\/fr\\\/#\\\/schema\\\/person\\\/9a9c6118d687c117df8ef3cc36a4d175\"},\"headline\":\"Affaire d\u2019Attounssia : S\u00e9rieuses menaces sur la libert\u00e9 de la presse\",\"datePublished\":\"2012-02-16T14:10:00+00:00\",\"mainEntityOfPage\":{\"@id\":\"https:\\\/\\\/www.webdo.tn\\\/fr\\\/actualite\\\/national-45\\\/affaire-d-ettounssia-serieuses-menaces-sur-la-liberte-de-la-presse\\\/172201\\\/\"},\"wordCount\":502,\"commentCount\":0,\"publisher\":{\"@id\":\"https:\\\/\\\/www.webdo.tn\\\/fr\\\/#organization\"},\"image\":{\"@id\":\"https:\\\/\\\/www.webdo.tn\\\/fr\\\/actualite\\\/national-45\\\/affaire-d-ettounssia-serieuses-menaces-sur-la-liberte-de-la-presse\\\/172201\\\/#primaryimage\"},\"thumbnailUrl\":\"https:\\\/\\\/www.webdo.tn\\\/fr\\\/wp-content\\\/uploads\\\/2025\\\/06\\\/Liberte-de-la-presse-photo-libe.ma__172201.jpg\",\"keywords\":[\"guerre\"],\"articleSection\":[\"National\"],\"inLanguage\":\"fr-FR\"},{\"@type\":\"WebPage\",\"@id\":\"https:\\\/\\\/www.webdo.tn\\\/fr\\\/actualite\\\/national-45\\\/affaire-d-ettounssia-serieuses-menaces-sur-la-liberte-de-la-presse\\\/172201\\\/\",\"url\":\"https:\\\/\\\/www.webdo.tn\\\/fr\\\/actualite\\\/national-45\\\/affaire-d-ettounssia-serieuses-menaces-sur-la-liberte-de-la-presse\\\/172201\\\/\",\"name\":\"Affaire d\u2019Attounssia : S\u00e9rieuses menaces sur la libert\u00e9 de la presse\",\"isPartOf\":{\"@id\":\"https:\\\/\\\/www.webdo.tn\\\/fr\\\/#website\"},\"primaryImageOfPage\":{\"@id\":\"https:\\\/\\\/www.webdo.tn\\\/fr\\\/actualite\\\/national-45\\\/affaire-d-ettounssia-serieuses-menaces-sur-la-liberte-de-la-presse\\\/172201\\\/#primaryimage\"},\"image\":{\"@id\":\"https:\\\/\\\/www.webdo.tn\\\/fr\\\/actualite\\\/national-45\\\/affaire-d-ettounssia-serieuses-menaces-sur-la-liberte-de-la-presse\\\/172201\\\/#primaryimage\"},\"thumbnailUrl\":\"https:\\\/\\\/www.webdo.tn\\\/fr\\\/wp-content\\\/uploads\\\/2025\\\/06\\\/Liberte-de-la-presse-photo-libe.ma__172201.jpg\",\"datePublished\":\"2012-02-16T14:10:00+00:00\",\"description\":\"Affaire d\u2019Attounssia : S\u00e9rieuses menaces sur la libert\u00e9 de la presse\",\"breadcrumb\":{\"@id\":\"https:\\\/\\\/www.webdo.tn\\\/fr\\\/actualite\\\/national-45\\\/affaire-d-ettounssia-serieuses-menaces-sur-la-liberte-de-la-presse\\\/172201\\\/#breadcrumb\"},\"inLanguage\":\"fr-FR\",\"potentialAction\":[{\"@type\":\"ReadAction\",\"target\":[\"https:\\\/\\\/www.webdo.tn\\\/fr\\\/actualite\\\/national-45\\\/affaire-d-ettounssia-serieuses-menaces-sur-la-liberte-de-la-presse\\\/172201\\\/\"]}]},{\"@type\":\"ImageObject\",\"inLanguage\":\"fr-FR\",\"@id\":\"https:\\\/\\\/www.webdo.tn\\\/fr\\\/actualite\\\/national-45\\\/affaire-d-ettounssia-serieuses-menaces-sur-la-liberte-de-la-presse\\\/172201\\\/#primaryimage\",\"url\":\"https:\\\/\\\/www.webdo.tn\\\/fr\\\/wp-content\\\/uploads\\\/2025\\\/06\\\/Liberte-de-la-presse-photo-libe.ma__172201.jpg\",\"contentUrl\":\"https:\\\/\\\/www.webdo.tn\\\/fr\\\/wp-content\\\/uploads\\\/2025\\\/06\\\/Liberte-de-la-presse-photo-libe.ma__172201.jpg\",\"width\":215,\"height\":155,\"caption\":\"Affaire d\u2019Attounssia : S\u00e9rieuses menaces sur la libert\u00e9 de la presse\"},{\"@type\":\"BreadcrumbList\",\"@id\":\"https:\\\/\\\/www.webdo.tn\\\/fr\\\/actualite\\\/national-45\\\/affaire-d-ettounssia-serieuses-menaces-sur-la-liberte-de-la-presse\\\/172201\\\/#breadcrumb\",\"itemListElement\":[{\"@type\":\"ListItem\",\"position\":1,\"name\":\"Accueil\",\"item\":\"https:\\\/\\\/www.webdo.tn\\\/fr\\\/\"},{\"@type\":\"ListItem\",\"position\":2,\"name\":\"Affaire d\u2019Attounssia : S\u00e9rieuses menaces sur la libert\u00e9 de la presse\"}]},{\"@type\":\"WebSite\",\"@id\":\"https:\\\/\\\/www.webdo.tn\\\/fr\\\/#website\",\"url\":\"https:\\\/\\\/www.webdo.tn\\\/fr\\\/\",\"name\":\"webdo\",\"description\":\"Tunisie - News en Tunisie et \u00e0 l&#039;international sur Webdo.tn\",\"publisher\":{\"@id\":\"https:\\\/\\\/www.webdo.tn\\\/fr\\\/#organization\"},\"potentialAction\":[{\"@type\":\"SearchAction\",\"target\":{\"@type\":\"EntryPoint\",\"urlTemplate\":\"https:\\\/\\\/www.webdo.tn\\\/fr\\\/?s={search_term_string}\"},\"query-input\":{\"@type\":\"PropertyValueSpecification\",\"valueRequired\":true,\"valueName\":\"search_term_string\"}}],\"inLanguage\":\"fr-FR\"},{\"@type\":\"Organization\",\"@id\":\"https:\\\/\\\/www.webdo.tn\\\/fr\\\/#organization\",\"name\":\"Webdo\",\"alternateName\":\"Webdo.tn\",\"url\":\"https:\\\/\\\/www.webdo.tn\\\/fr\\\/\",\"logo\":{\"@type\":\"ImageObject\",\"inLanguage\":\"fr-FR\",\"@id\":\"https:\\\/\\\/www.webdo.tn\\\/fr\\\/#\\\/schema\\\/logo\\\/image\\\/\",\"url\":\"https:\\\/\\\/www.webdo.tn\\\/fr\\\/wp-content\\\/uploads\\\/2025\\\/06\\\/Webdo-Tunisie_168377.jpg\",\"contentUrl\":\"https:\\\/\\\/www.webdo.tn\\\/fr\\\/wp-content\\\/uploads\\\/2025\\\/06\\\/Webdo-Tunisie_168377.jpg\",\"width\":301,\"height\":301,\"caption\":\"Webdo\"},\"image\":{\"@id\":\"https:\\\/\\\/www.webdo.tn\\\/fr\\\/#\\\/schema\\\/logo\\\/image\\\/\"},\"sameAs\":[\"https:\\\/\\\/www.facebook.com\\\/webdotn\",\"https:\\\/\\\/x.com\\\/webdo_tn\"],\"description\":\"Webdo est un m\u00e9dia num\u00e9rique tunisien fond\u00e9 en 2010, sp\u00e9cialis\u00e9 dans l\u2019actualit\u00e9 nationale et internationale, l\u2019\u00e9conomie, la soci\u00e9t\u00e9 et les analyses politiques. Le site s\u2019adresse \u00e0 un large public francophone et couvre l\u2019information tunisienne en temps r\u00e9el.\",\"email\":\"redac@webdo.tn\",\"legalName\":\"YNJ SARL\",\"foundingDate\":\"2010-09-06\",\"numberOfEmployees\":{\"@type\":\"QuantitativeValue\",\"minValue\":\"11\",\"maxValue\":\"50\"}},{\"@type\":\"Person\",\"@id\":\"https:\\\/\\\/www.webdo.tn\\\/fr\\\/#\\\/schema\\\/person\\\/9a9c6118d687c117df8ef3cc36a4d175\",\"name\":\"webdo.tn\",\"image\":{\"@type\":\"ImageObject\",\"inLanguage\":\"fr-FR\",\"@id\":\"https:\\\/\\\/secure.gravatar.com\\\/avatar\\\/7ce1f28c0c3bbac99ff550b85ef8e44a6950c6ee24514fb6a5489e51d06f0298?s=96&d=mm&r=g\",\"url\":\"https:\\\/\\\/secure.gravatar.com\\\/avatar\\\/7ce1f28c0c3bbac99ff550b85ef8e44a6950c6ee24514fb6a5489e51d06f0298?s=96&d=mm&r=g\",\"contentUrl\":\"https:\\\/\\\/secure.gravatar.com\\\/avatar\\\/7ce1f28c0c3bbac99ff550b85ef8e44a6950c6ee24514fb6a5489e51d06f0298?s=96&d=mm&r=g\",\"caption\":\"webdo.tn\"},\"url\":\"https:\\\/\\\/www.webdo.tn\\\/fr\\\/actualite\\\/author\\\/webdotn\\\/\"}]}<\/script>\n<!-- \/ Yoast SEO Premium plugin. -->","yoast_head_json":{"title":"Affaire d\u2019Attounssia : S\u00e9rieuses menaces sur la libert\u00e9 de la presse","description":"Affaire d\u2019Attounssia : S\u00e9rieuses menaces sur la libert\u00e9 de la presse","canonical":"https:\/\/www.webdo.tn\/fr\/actualite\/national-45\/affaire-d-ettounssia-serieuses-menaces-sur-la-liberte-de-la-presse\/172201\/","og_locale":"fr_FR","og_type":"article","og_title":"Affaire d\u2019Attounssia : S\u00e9rieuses menaces sur la libert\u00e9 de la presse","og_description":"Affaire d\u2019Attounssia : S\u00e9rieuses menaces sur la libert\u00e9 de la presse","og_url":"https:\/\/www.webdo.tn\/fr\/actualite\/national-45\/affaire-d-ettounssia-serieuses-menaces-sur-la-liberte-de-la-presse\/172201\/","og_site_name":"webdo","article_publisher":"https:\/\/www.facebook.com\/webdotn","article_published_time":"2012-02-16T14:10:00+00:00","author":"webdo.tn","twitter_card":"summary_large_image","twitter_creator":"@webdo_tn","twitter_site":"@webdo_tn","twitter_misc":{"\u00c9crit par":"webdo.tn","Dur\u00e9e de lecture estim\u00e9e":"2 minutes"},"schema":{"@context":"https:\/\/schema.org","@graph":[{"@type":"NewsArticle","@id":"https:\/\/www.webdo.tn\/fr\/actualite\/national-45\/affaire-d-ettounssia-serieuses-menaces-sur-la-liberte-de-la-presse\/172201\/#article","isPartOf":{"@id":"https:\/\/www.webdo.tn\/fr\/actualite\/national-45\/affaire-d-ettounssia-serieuses-menaces-sur-la-liberte-de-la-presse\/172201\/"},"author":{"name":"webdo.tn","@id":"https:\/\/www.webdo.tn\/fr\/#\/schema\/person\/9a9c6118d687c117df8ef3cc36a4d175"},"headline":"Affaire d\u2019Attounssia : S\u00e9rieuses menaces sur la libert\u00e9 de la presse","datePublished":"2012-02-16T14:10:00+00:00","mainEntityOfPage":{"@id":"https:\/\/www.webdo.tn\/fr\/actualite\/national-45\/affaire-d-ettounssia-serieuses-menaces-sur-la-liberte-de-la-presse\/172201\/"},"wordCount":502,"commentCount":0,"publisher":{"@id":"https:\/\/www.webdo.tn\/fr\/#organization"},"image":{"@id":"https:\/\/www.webdo.tn\/fr\/actualite\/national-45\/affaire-d-ettounssia-serieuses-menaces-sur-la-liberte-de-la-presse\/172201\/#primaryimage"},"thumbnailUrl":"https:\/\/www.webdo.tn\/fr\/wp-content\/uploads\/2025\/06\/Liberte-de-la-presse-photo-libe.ma__172201.jpg","keywords":["guerre"],"articleSection":["National"],"inLanguage":"fr-FR"},{"@type":"WebPage","@id":"https:\/\/www.webdo.tn\/fr\/actualite\/national-45\/affaire-d-ettounssia-serieuses-menaces-sur-la-liberte-de-la-presse\/172201\/","url":"https:\/\/www.webdo.tn\/fr\/actualite\/national-45\/affaire-d-ettounssia-serieuses-menaces-sur-la-liberte-de-la-presse\/172201\/","name":"Affaire d\u2019Attounssia : S\u00e9rieuses menaces sur la libert\u00e9 de la presse","isPartOf":{"@id":"https:\/\/www.webdo.tn\/fr\/#website"},"primaryImageOfPage":{"@id":"https:\/\/www.webdo.tn\/fr\/actualite\/national-45\/affaire-d-ettounssia-serieuses-menaces-sur-la-liberte-de-la-presse\/172201\/#primaryimage"},"image":{"@id":"https:\/\/www.webdo.tn\/fr\/actualite\/national-45\/affaire-d-ettounssia-serieuses-menaces-sur-la-liberte-de-la-presse\/172201\/#primaryimage"},"thumbnailUrl":"https:\/\/www.webdo.tn\/fr\/wp-content\/uploads\/2025\/06\/Liberte-de-la-presse-photo-libe.ma__172201.jpg","datePublished":"2012-02-16T14:10:00+00:00","description":"Affaire d\u2019Attounssia : S\u00e9rieuses menaces sur la libert\u00e9 de la presse","breadcrumb":{"@id":"https:\/\/www.webdo.tn\/fr\/actualite\/national-45\/affaire-d-ettounssia-serieuses-menaces-sur-la-liberte-de-la-presse\/172201\/#breadcrumb"},"inLanguage":"fr-FR","potentialAction":[{"@type":"ReadAction","target":["https:\/\/www.webdo.tn\/fr\/actualite\/national-45\/affaire-d-ettounssia-serieuses-menaces-sur-la-liberte-de-la-presse\/172201\/"]}]},{"@type":"ImageObject","inLanguage":"fr-FR","@id":"https:\/\/www.webdo.tn\/fr\/actualite\/national-45\/affaire-d-ettounssia-serieuses-menaces-sur-la-liberte-de-la-presse\/172201\/#primaryimage","url":"https:\/\/www.webdo.tn\/fr\/wp-content\/uploads\/2025\/06\/Liberte-de-la-presse-photo-libe.ma__172201.jpg","contentUrl":"https:\/\/www.webdo.tn\/fr\/wp-content\/uploads\/2025\/06\/Liberte-de-la-presse-photo-libe.ma__172201.jpg","width":215,"height":155,"caption":"Affaire d\u2019Attounssia : S\u00e9rieuses menaces sur la libert\u00e9 de la presse"},{"@type":"BreadcrumbList","@id":"https:\/\/www.webdo.tn\/fr\/actualite\/national-45\/affaire-d-ettounssia-serieuses-menaces-sur-la-liberte-de-la-presse\/172201\/#breadcrumb","itemListElement":[{"@type":"ListItem","position":1,"name":"Accueil","item":"https:\/\/www.webdo.tn\/fr\/"},{"@type":"ListItem","position":2,"name":"Affaire d\u2019Attounssia : S\u00e9rieuses menaces sur la libert\u00e9 de la presse"}]},{"@type":"WebSite","@id":"https:\/\/www.webdo.tn\/fr\/#website","url":"https:\/\/www.webdo.tn\/fr\/","name":"webdo","description":"Tunisie - News en Tunisie et \u00e0 l&#039;international sur Webdo.tn","publisher":{"@id":"https:\/\/www.webdo.tn\/fr\/#organization"},"potentialAction":[{"@type":"SearchAction","target":{"@type":"EntryPoint","urlTemplate":"https:\/\/www.webdo.tn\/fr\/?s={search_term_string}"},"query-input":{"@type":"PropertyValueSpecification","valueRequired":true,"valueName":"search_term_string"}}],"inLanguage":"fr-FR"},{"@type":"Organization","@id":"https:\/\/www.webdo.tn\/fr\/#organization","name":"Webdo","alternateName":"Webdo.tn","url":"https:\/\/www.webdo.tn\/fr\/","logo":{"@type":"ImageObject","inLanguage":"fr-FR","@id":"https:\/\/www.webdo.tn\/fr\/#\/schema\/logo\/image\/","url":"https:\/\/www.webdo.tn\/fr\/wp-content\/uploads\/2025\/06\/Webdo-Tunisie_168377.jpg","contentUrl":"https:\/\/www.webdo.tn\/fr\/wp-content\/uploads\/2025\/06\/Webdo-Tunisie_168377.jpg","width":301,"height":301,"caption":"Webdo"},"image":{"@id":"https:\/\/www.webdo.tn\/fr\/#\/schema\/logo\/image\/"},"sameAs":["https:\/\/www.facebook.com\/webdotn","https:\/\/x.com\/webdo_tn"],"description":"Webdo est un m\u00e9dia num\u00e9rique tunisien fond\u00e9 en 2010, sp\u00e9cialis\u00e9 dans l\u2019actualit\u00e9 nationale et internationale, l\u2019\u00e9conomie, la soci\u00e9t\u00e9 et les analyses politiques. Le site s\u2019adresse \u00e0 un large public francophone et couvre l\u2019information tunisienne en temps r\u00e9el.","email":"redac@webdo.tn","legalName":"YNJ SARL","foundingDate":"2010-09-06","numberOfEmployees":{"@type":"QuantitativeValue","minValue":"11","maxValue":"50"}},{"@type":"Person","@id":"https:\/\/www.webdo.tn\/fr\/#\/schema\/person\/9a9c6118d687c117df8ef3cc36a4d175","name":"webdo.tn","image":{"@type":"ImageObject","inLanguage":"fr-FR","@id":"https:\/\/secure.gravatar.com\/avatar\/7ce1f28c0c3bbac99ff550b85ef8e44a6950c6ee24514fb6a5489e51d06f0298?s=96&d=mm&r=g","url":"https:\/\/secure.gravatar.com\/avatar\/7ce1f28c0c3bbac99ff550b85ef8e44a6950c6ee24514fb6a5489e51d06f0298?s=96&d=mm&r=g","contentUrl":"https:\/\/secure.gravatar.com\/avatar\/7ce1f28c0c3bbac99ff550b85ef8e44a6950c6ee24514fb6a5489e51d06f0298?s=96&d=mm&r=g","caption":"webdo.tn"},"url":"https:\/\/www.webdo.tn\/fr\/actualite\/author\/webdotn\/"}]}},"_links":{"self":[{"href":"https:\/\/www.webdo.tn\/fr\/wp-json\/wp\/v2\/posts\/172201","targetHints":{"allow":["GET"]}}],"collection":[{"href":"https:\/\/www.webdo.tn\/fr\/wp-json\/wp\/v2\/posts"}],"about":[{"href":"https:\/\/www.webdo.tn\/fr\/wp-json\/wp\/v2\/types\/post"}],"author":[{"embeddable":true,"href":"https:\/\/www.webdo.tn\/fr\/wp-json\/wp\/v2\/users\/3222"}],"replies":[{"embeddable":true,"href":"https:\/\/www.webdo.tn\/fr\/wp-json\/wp\/v2\/comments?post=172201"}],"version-history":[{"count":0,"href":"https:\/\/www.webdo.tn\/fr\/wp-json\/wp\/v2\/posts\/172201\/revisions"}],"wp:featuredmedia":[{"embeddable":true,"href":"https:\/\/www.webdo.tn\/fr\/wp-json\/wp\/v2\/media\/374498"}],"wp:attachment":[{"href":"https:\/\/www.webdo.tn\/fr\/wp-json\/wp\/v2\/media?parent=172201"}],"wp:term":[{"taxonomy":"category","embeddable":true,"href":"https:\/\/www.webdo.tn\/fr\/wp-json\/wp\/v2\/categories?post=172201"},{"taxonomy":"post_tag","embeddable":true,"href":"https:\/\/www.webdo.tn\/fr\/wp-json\/wp\/v2\/tags?post=172201"}],"curies":[{"name":"wp","href":"https:\/\/api.w.org\/{rel}","templated":true}]}}