{"id":172200,"date":"2012-02-16T15:27:00","date_gmt":"2012-02-16T15:27:00","guid":{"rendered":"https:\/\/www.webdo.tn\/fr\/blog\/marzouki-sexcuse-uniquement-davoir-utilise-le-mot-microbes\/172200\/"},"modified":"2012-02-16T15:27:00","modified_gmt":"2012-02-16T15:27:00","slug":"marzouki-sexcuse-uniquement-davoir-utilise-le-mot-microbes","status":"publish","type":"post","link":"https:\/\/www.webdo.tn\/fr\/actualite\/national\/marzouki-sexcuse-uniquement-davoir-utilise-le-mot-microbes\/172200\/","title":{"rendered":"Marzouki s&rsquo;excuse, uniquement, d&rsquo;avoir utilis\u00e9 le mot \u00ab\u00a0microbes\u00a0\u00bb&#8230;"},"content":{"rendered":"<p>Le pr\u00e9sident Marzouki vient de publier, sur sa page officielle de Facebook, des excuses pour des propos prononc\u00e9s, hier, en direct sur la T\u00e9l\u00e9 Nationale 1, lors d&rsquo;un d\u00e9bat avec trois journalistes.<\/p>\n<p>Parmi les sujets \u00e9voqu\u00e9s, se trouvaient la question de la venue du pr\u00e9dicateur \u00e9gyptien Wagdi Ghonim en Tunisie et l&rsquo;avis de Marzouki sur cette question.<\/p>\n<p>Le pr\u00e9sident a d\u00e9clar\u00e9\u00a0: \u00ab\u00a0En ma qualit\u00e9 de d\u00e9fenseur des droits de l&rsquo;homme, je ne pouvais m&rsquo;opposer \u00e0 la venue de Wagdi Ghonim, qui a \u00e9t\u00e9 invit\u00e9 par une association reconnue\u00a0\u00bb. N\u00e9anmoins, Marzouki a d\u00e9nonc\u00e9 les propos de ce pr\u00e9dicateur et est m\u00eame all\u00e9 jusqu&rsquo;\u00e0 qualifier Ghonim et ses partisans tunisiens de \u00ab\u00a0microbes\u00a0\u00bb. Le mot a \u00e9t\u00e9 l\u00e2ch\u00e9 et la pol\u00e9mique, \u00e9videmment, ne pouvait qu&rsquo;\u00e9clater.<\/p>\n<p>Sur sa page Facebook, le mouvement Attahrir s&rsquo;est montr\u00e9 scandalis\u00e9 par les propos du pr\u00e9sident de transition, l&rsquo;accusant d&rsquo;\u00eatre un ennemi de l&rsquo;Islam et des Musulmans.<\/p>\n<p>Estimant, sans doute, qu&rsquo;il est all\u00e9 un peu loin, Marzouki s&rsquo;est excus\u00e9 d&rsquo;avoir utilis\u00e9 le mot \u00ab\u00a0microbes\u00a0\u00bb et rappelle qu&rsquo;il est fier de toutes les composantes de notre peuple. Toutefois, il ne s&rsquo;est pas excus\u00e9 aupr\u00e8s de ceux qu&rsquo;il les a trait\u00e9s de microbes\u00a0! Devrait-il le faire\u00a0?!<\/p>\n","protected":false},"excerpt":{"rendered":"<p>Marzouki s&rsquo;excuse, uniquement, d&rsquo;avoir utilis\u00e9 le mot  microbes &#8230;<\/p>\n","protected":false},"author":3222,"featured_media":333752,"comment_status":"open","ping_status":"closed","sticky":false,"template":"","format":"standard","meta":{"footnotes":""},"categories":[44],"tags":[2600],"class_list":["post-172200","post","type-post","status-publish","format-standard","has-post-thumbnail","hentry","category-national","tag-guerre"],"yoast_head":"<!-- This site is optimized with the Yoast SEO Premium plugin v27.5 (Yoast SEO v27.5) - https:\/\/yoast.com\/product\/yoast-seo-premium-wordpress\/ -->\n<title>Marzouki s&#039;excuse, uniquement, d&#039;avoir utilis\u00e9 le mot microbes ...<\/title>\n<meta name=\"description\" content=\"Marzouki s&#039;excuse, uniquement, d&#039;avoir utilis\u00e9 le mot microbes ...\" \/>\n<link rel=\"canonical\" href=\"https:\/\/www.webdo.tn\/fr\/actualite\/national-45\/marzouki-sexcuse-uniquement-davoir-utilise-le-mot-microbes\/172200\/\" \/>\n<meta property=\"og:locale\" content=\"fr_FR\" \/>\n<meta property=\"og:type\" content=\"article\" \/>\n<meta property=\"og:title\" content=\"Marzouki s&#039;excuse, uniquement, d&#039;avoir utilis\u00e9 le mot &quot;microbes&quot;...\" \/>\n<meta property=\"og:description\" content=\"Marzouki s&#039;excuse, uniquement, d&#039;avoir utilis\u00e9 le mot microbes ...\" \/>\n<meta property=\"og:url\" content=\"https:\/\/www.webdo.tn\/fr\/actualite\/national-45\/marzouki-sexcuse-uniquement-davoir-utilise-le-mot-microbes\/172200\/\" \/>\n<meta property=\"og:site_name\" content=\"webdo\" \/>\n<meta property=\"article:publisher\" content=\"https:\/\/www.facebook.com\/webdotn\" \/>\n<meta property=\"article:published_time\" content=\"2012-02-16T15:27:00+00:00\" \/>\n<meta property=\"og:image\" content=\"https:\/\/www.webdo.tn\/fr\/wp-content\/uploads\/2012\/02\/Moncef-Marzouki-photo-bbc.co_.uk_-1.jpg\" \/>\n\t<meta property=\"og:image:width\" content=\"283\" \/>\n\t<meta property=\"og:image:height\" content=\"195\" \/>\n\t<meta property=\"og:image:type\" content=\"image\/jpeg\" \/>\n<meta name=\"author\" content=\"webdo.tn\" \/>\n<meta name=\"twitter:card\" content=\"summary_large_image\" \/>\n<meta name=\"twitter:creator\" content=\"@webdo_tn\" \/>\n<meta name=\"twitter:site\" content=\"@webdo_tn\" \/>\n<meta name=\"twitter:label1\" content=\"\u00c9crit par\" \/>\n\t<meta name=\"twitter:data1\" content=\"webdo.tn\" \/>\n\t<meta name=\"twitter:label2\" content=\"Dur\u00e9e de lecture estim\u00e9e\" \/>\n\t<meta name=\"twitter:data2\" content=\"1 minute\" \/>\n<script type=\"application\/ld+json\" class=\"yoast-schema-graph\">{\"@context\":\"https:\\\/\\\/schema.org\",\"@graph\":[{\"@type\":\"NewsArticle\",\"@id\":\"https:\\\/\\\/www.webdo.tn\\\/fr\\\/actualite\\\/national-45\\\/marzouki-sexcuse-uniquement-davoir-utilise-le-mot-microbes\\\/172200\\\/#article\",\"isPartOf\":{\"@id\":\"https:\\\/\\\/www.webdo.tn\\\/fr\\\/actualite\\\/national-45\\\/marzouki-sexcuse-uniquement-davoir-utilise-le-mot-microbes\\\/172200\\\/\"},\"author\":{\"name\":\"webdo.tn\",\"@id\":\"https:\\\/\\\/www.webdo.tn\\\/fr\\\/#\\\/schema\\\/person\\\/9a9c6118d687c117df8ef3cc36a4d175\"},\"headline\":\"Marzouki s&rsquo;excuse, uniquement, d&rsquo;avoir utilis\u00e9 le mot \u00ab\u00a0microbes\u00a0\u00bb&#8230;\",\"datePublished\":\"2012-02-16T15:27:00+00:00\",\"mainEntityOfPage\":{\"@id\":\"https:\\\/\\\/www.webdo.tn\\\/fr\\\/actualite\\\/national-45\\\/marzouki-sexcuse-uniquement-davoir-utilise-le-mot-microbes\\\/172200\\\/\"},\"wordCount\":236,\"commentCount\":0,\"publisher\":{\"@id\":\"https:\\\/\\\/www.webdo.tn\\\/fr\\\/#organization\"},\"image\":{\"@id\":\"https:\\\/\\\/www.webdo.tn\\\/fr\\\/actualite\\\/national-45\\\/marzouki-sexcuse-uniquement-davoir-utilise-le-mot-microbes\\\/172200\\\/#primaryimage\"},\"thumbnailUrl\":\"https:\\\/\\\/www.webdo.tn\\\/fr\\\/wp-content\\\/uploads\\\/2012\\\/02\\\/Moncef-Marzouki-photo-bbc.co_.uk_-1.jpg\",\"keywords\":[\"guerre\"],\"articleSection\":[\"National\"],\"inLanguage\":\"fr-FR\"},{\"@type\":\"WebPage\",\"@id\":\"https:\\\/\\\/www.webdo.tn\\\/fr\\\/actualite\\\/national-45\\\/marzouki-sexcuse-uniquement-davoir-utilise-le-mot-microbes\\\/172200\\\/\",\"url\":\"https:\\\/\\\/www.webdo.tn\\\/fr\\\/actualite\\\/national-45\\\/marzouki-sexcuse-uniquement-davoir-utilise-le-mot-microbes\\\/172200\\\/\",\"name\":\"Marzouki s'excuse, uniquement, d'avoir utilis\u00e9 le mot microbes ...\",\"isPartOf\":{\"@id\":\"https:\\\/\\\/www.webdo.tn\\\/fr\\\/#website\"},\"primaryImageOfPage\":{\"@id\":\"https:\\\/\\\/www.webdo.tn\\\/fr\\\/actualite\\\/national-45\\\/marzouki-sexcuse-uniquement-davoir-utilise-le-mot-microbes\\\/172200\\\/#primaryimage\"},\"image\":{\"@id\":\"https:\\\/\\\/www.webdo.tn\\\/fr\\\/actualite\\\/national-45\\\/marzouki-sexcuse-uniquement-davoir-utilise-le-mot-microbes\\\/172200\\\/#primaryimage\"},\"thumbnailUrl\":\"https:\\\/\\\/www.webdo.tn\\\/fr\\\/wp-content\\\/uploads\\\/2012\\\/02\\\/Moncef-Marzouki-photo-bbc.co_.uk_-1.jpg\",\"datePublished\":\"2012-02-16T15:27:00+00:00\",\"description\":\"Marzouki s'excuse, uniquement, d'avoir utilis\u00e9 le mot microbes ...\",\"breadcrumb\":{\"@id\":\"https:\\\/\\\/www.webdo.tn\\\/fr\\\/actualite\\\/national-45\\\/marzouki-sexcuse-uniquement-davoir-utilise-le-mot-microbes\\\/172200\\\/#breadcrumb\"},\"inLanguage\":\"fr-FR\",\"potentialAction\":[{\"@type\":\"ReadAction\",\"target\":[\"https:\\\/\\\/www.webdo.tn\\\/fr\\\/actualite\\\/national-45\\\/marzouki-sexcuse-uniquement-davoir-utilise-le-mot-microbes\\\/172200\\\/\"]}]},{\"@type\":\"ImageObject\",\"inLanguage\":\"fr-FR\",\"@id\":\"https:\\\/\\\/www.webdo.tn\\\/fr\\\/actualite\\\/national-45\\\/marzouki-sexcuse-uniquement-davoir-utilise-le-mot-microbes\\\/172200\\\/#primaryimage\",\"url\":\"https:\\\/\\\/www.webdo.tn\\\/fr\\\/wp-content\\\/uploads\\\/2012\\\/02\\\/Moncef-Marzouki-photo-bbc.co_.uk_-1.jpg\",\"contentUrl\":\"https:\\\/\\\/www.webdo.tn\\\/fr\\\/wp-content\\\/uploads\\\/2012\\\/02\\\/Moncef-Marzouki-photo-bbc.co_.uk_-1.jpg\",\"width\":283,\"height\":195,\"caption\":\"Marzouki s'excuse, uniquement, d'avoir utilis\u00e9 le mot \\\"microbes\\\"...\"},{\"@type\":\"BreadcrumbList\",\"@id\":\"https:\\\/\\\/www.webdo.tn\\\/fr\\\/actualite\\\/national-45\\\/marzouki-sexcuse-uniquement-davoir-utilise-le-mot-microbes\\\/172200\\\/#breadcrumb\",\"itemListElement\":[{\"@type\":\"ListItem\",\"position\":1,\"name\":\"Accueil\",\"item\":\"https:\\\/\\\/www.webdo.tn\\\/fr\\\/\"},{\"@type\":\"ListItem\",\"position\":2,\"name\":\"Marzouki s&rsquo;excuse, uniquement, d&rsquo;avoir utilis\u00e9 le mot \u00ab\u00a0microbes\u00a0\u00bb&#8230;\"}]},{\"@type\":\"WebSite\",\"@id\":\"https:\\\/\\\/www.webdo.tn\\\/fr\\\/#website\",\"url\":\"https:\\\/\\\/www.webdo.tn\\\/fr\\\/\",\"name\":\"webdo\",\"description\":\"Tunisie - News en Tunisie et \u00e0 l&#039;international sur Webdo.tn\",\"publisher\":{\"@id\":\"https:\\\/\\\/www.webdo.tn\\\/fr\\\/#organization\"},\"potentialAction\":[{\"@type\":\"SearchAction\",\"target\":{\"@type\":\"EntryPoint\",\"urlTemplate\":\"https:\\\/\\\/www.webdo.tn\\\/fr\\\/?s={search_term_string}\"},\"query-input\":{\"@type\":\"PropertyValueSpecification\",\"valueRequired\":true,\"valueName\":\"search_term_string\"}}],\"inLanguage\":\"fr-FR\"},{\"@type\":\"Organization\",\"@id\":\"https:\\\/\\\/www.webdo.tn\\\/fr\\\/#organization\",\"name\":\"Webdo\",\"alternateName\":\"Webdo.tn\",\"url\":\"https:\\\/\\\/www.webdo.tn\\\/fr\\\/\",\"logo\":{\"@type\":\"ImageObject\",\"inLanguage\":\"fr-FR\",\"@id\":\"https:\\\/\\\/www.webdo.tn\\\/fr\\\/#\\\/schema\\\/logo\\\/image\\\/\",\"url\":\"https:\\\/\\\/www.webdo.tn\\\/fr\\\/wp-content\\\/uploads\\\/2025\\\/06\\\/Webdo-Tunisie_168377.jpg\",\"contentUrl\":\"https:\\\/\\\/www.webdo.tn\\\/fr\\\/wp-content\\\/uploads\\\/2025\\\/06\\\/Webdo-Tunisie_168377.jpg\",\"width\":301,\"height\":301,\"caption\":\"Webdo\"},\"image\":{\"@id\":\"https:\\\/\\\/www.webdo.tn\\\/fr\\\/#\\\/schema\\\/logo\\\/image\\\/\"},\"sameAs\":[\"https:\\\/\\\/www.facebook.com\\\/webdotn\",\"https:\\\/\\\/x.com\\\/webdo_tn\"],\"description\":\"Webdo est un m\u00e9dia num\u00e9rique tunisien fond\u00e9 en 2010, sp\u00e9cialis\u00e9 dans l\u2019actualit\u00e9 nationale et internationale, l\u2019\u00e9conomie, la soci\u00e9t\u00e9 et les analyses politiques. Le site s\u2019adresse \u00e0 un large public francophone et couvre l\u2019information tunisienne en temps r\u00e9el.\",\"email\":\"redac@webdo.tn\",\"legalName\":\"YNJ SARL\",\"foundingDate\":\"2010-09-06\",\"numberOfEmployees\":{\"@type\":\"QuantitativeValue\",\"minValue\":\"11\",\"maxValue\":\"50\"}},{\"@type\":\"Person\",\"@id\":\"https:\\\/\\\/www.webdo.tn\\\/fr\\\/#\\\/schema\\\/person\\\/9a9c6118d687c117df8ef3cc36a4d175\",\"name\":\"webdo.tn\",\"image\":{\"@type\":\"ImageObject\",\"inLanguage\":\"fr-FR\",\"@id\":\"https:\\\/\\\/secure.gravatar.com\\\/avatar\\\/7ce1f28c0c3bbac99ff550b85ef8e44a6950c6ee24514fb6a5489e51d06f0298?s=96&d=mm&r=g\",\"url\":\"https:\\\/\\\/secure.gravatar.com\\\/avatar\\\/7ce1f28c0c3bbac99ff550b85ef8e44a6950c6ee24514fb6a5489e51d06f0298?s=96&d=mm&r=g\",\"contentUrl\":\"https:\\\/\\\/secure.gravatar.com\\\/avatar\\\/7ce1f28c0c3bbac99ff550b85ef8e44a6950c6ee24514fb6a5489e51d06f0298?s=96&d=mm&r=g\",\"caption\":\"webdo.tn\"},\"url\":\"https:\\\/\\\/www.webdo.tn\\\/fr\\\/actualite\\\/author\\\/webdotn\\\/\"}]}<\/script>\n<!-- \/ Yoast SEO Premium plugin. -->","yoast_head_json":{"title":"Marzouki s'excuse, uniquement, d'avoir utilis\u00e9 le mot microbes ...","description":"Marzouki s'excuse, uniquement, d'avoir utilis\u00e9 le mot microbes ...","canonical":"https:\/\/www.webdo.tn\/fr\/actualite\/national-45\/marzouki-sexcuse-uniquement-davoir-utilise-le-mot-microbes\/172200\/","og_locale":"fr_FR","og_type":"article","og_title":"Marzouki s'excuse, uniquement, d'avoir utilis\u00e9 le mot \"microbes\"...","og_description":"Marzouki s'excuse, uniquement, d'avoir utilis\u00e9 le mot microbes ...","og_url":"https:\/\/www.webdo.tn\/fr\/actualite\/national-45\/marzouki-sexcuse-uniquement-davoir-utilise-le-mot-microbes\/172200\/","og_site_name":"webdo","article_publisher":"https:\/\/www.facebook.com\/webdotn","article_published_time":"2012-02-16T15:27:00+00:00","og_image":[{"width":283,"height":195,"url":"https:\/\/www.webdo.tn\/fr\/wp-content\/uploads\/2012\/02\/Moncef-Marzouki-photo-bbc.co_.uk_-1.jpg","type":"image\/jpeg"}],"author":"webdo.tn","twitter_card":"summary_large_image","twitter_creator":"@webdo_tn","twitter_site":"@webdo_tn","twitter_misc":{"\u00c9crit par":"webdo.tn","Dur\u00e9e de lecture estim\u00e9e":"1 minute"},"schema":{"@context":"https:\/\/schema.org","@graph":[{"@type":"NewsArticle","@id":"https:\/\/www.webdo.tn\/fr\/actualite\/national-45\/marzouki-sexcuse-uniquement-davoir-utilise-le-mot-microbes\/172200\/#article","isPartOf":{"@id":"https:\/\/www.webdo.tn\/fr\/actualite\/national-45\/marzouki-sexcuse-uniquement-davoir-utilise-le-mot-microbes\/172200\/"},"author":{"name":"webdo.tn","@id":"https:\/\/www.webdo.tn\/fr\/#\/schema\/person\/9a9c6118d687c117df8ef3cc36a4d175"},"headline":"Marzouki s&rsquo;excuse, uniquement, d&rsquo;avoir utilis\u00e9 le mot \u00ab\u00a0microbes\u00a0\u00bb&#8230;","datePublished":"2012-02-16T15:27:00+00:00","mainEntityOfPage":{"@id":"https:\/\/www.webdo.tn\/fr\/actualite\/national-45\/marzouki-sexcuse-uniquement-davoir-utilise-le-mot-microbes\/172200\/"},"wordCount":236,"commentCount":0,"publisher":{"@id":"https:\/\/www.webdo.tn\/fr\/#organization"},"image":{"@id":"https:\/\/www.webdo.tn\/fr\/actualite\/national-45\/marzouki-sexcuse-uniquement-davoir-utilise-le-mot-microbes\/172200\/#primaryimage"},"thumbnailUrl":"https:\/\/www.webdo.tn\/fr\/wp-content\/uploads\/2012\/02\/Moncef-Marzouki-photo-bbc.co_.uk_-1.jpg","keywords":["guerre"],"articleSection":["National"],"inLanguage":"fr-FR"},{"@type":"WebPage","@id":"https:\/\/www.webdo.tn\/fr\/actualite\/national-45\/marzouki-sexcuse-uniquement-davoir-utilise-le-mot-microbes\/172200\/","url":"https:\/\/www.webdo.tn\/fr\/actualite\/national-45\/marzouki-sexcuse-uniquement-davoir-utilise-le-mot-microbes\/172200\/","name":"Marzouki s'excuse, uniquement, d'avoir utilis\u00e9 le mot microbes ...","isPartOf":{"@id":"https:\/\/www.webdo.tn\/fr\/#website"},"primaryImageOfPage":{"@id":"https:\/\/www.webdo.tn\/fr\/actualite\/national-45\/marzouki-sexcuse-uniquement-davoir-utilise-le-mot-microbes\/172200\/#primaryimage"},"image":{"@id":"https:\/\/www.webdo.tn\/fr\/actualite\/national-45\/marzouki-sexcuse-uniquement-davoir-utilise-le-mot-microbes\/172200\/#primaryimage"},"thumbnailUrl":"https:\/\/www.webdo.tn\/fr\/wp-content\/uploads\/2012\/02\/Moncef-Marzouki-photo-bbc.co_.uk_-1.jpg","datePublished":"2012-02-16T15:27:00+00:00","description":"Marzouki s'excuse, uniquement, d'avoir utilis\u00e9 le mot microbes ...","breadcrumb":{"@id":"https:\/\/www.webdo.tn\/fr\/actualite\/national-45\/marzouki-sexcuse-uniquement-davoir-utilise-le-mot-microbes\/172200\/#breadcrumb"},"inLanguage":"fr-FR","potentialAction":[{"@type":"ReadAction","target":["https:\/\/www.webdo.tn\/fr\/actualite\/national-45\/marzouki-sexcuse-uniquement-davoir-utilise-le-mot-microbes\/172200\/"]}]},{"@type":"ImageObject","inLanguage":"fr-FR","@id":"https:\/\/www.webdo.tn\/fr\/actualite\/national-45\/marzouki-sexcuse-uniquement-davoir-utilise-le-mot-microbes\/172200\/#primaryimage","url":"https:\/\/www.webdo.tn\/fr\/wp-content\/uploads\/2012\/02\/Moncef-Marzouki-photo-bbc.co_.uk_-1.jpg","contentUrl":"https:\/\/www.webdo.tn\/fr\/wp-content\/uploads\/2012\/02\/Moncef-Marzouki-photo-bbc.co_.uk_-1.jpg","width":283,"height":195,"caption":"Marzouki s'excuse, uniquement, d'avoir utilis\u00e9 le mot \"microbes\"..."},{"@type":"BreadcrumbList","@id":"https:\/\/www.webdo.tn\/fr\/actualite\/national-45\/marzouki-sexcuse-uniquement-davoir-utilise-le-mot-microbes\/172200\/#breadcrumb","itemListElement":[{"@type":"ListItem","position":1,"name":"Accueil","item":"https:\/\/www.webdo.tn\/fr\/"},{"@type":"ListItem","position":2,"name":"Marzouki s&rsquo;excuse, uniquement, d&rsquo;avoir utilis\u00e9 le mot \u00ab\u00a0microbes\u00a0\u00bb&#8230;"}]},{"@type":"WebSite","@id":"https:\/\/www.webdo.tn\/fr\/#website","url":"https:\/\/www.webdo.tn\/fr\/","name":"webdo","description":"Tunisie - News en Tunisie et \u00e0 l&#039;international sur Webdo.tn","publisher":{"@id":"https:\/\/www.webdo.tn\/fr\/#organization"},"potentialAction":[{"@type":"SearchAction","target":{"@type":"EntryPoint","urlTemplate":"https:\/\/www.webdo.tn\/fr\/?s={search_term_string}"},"query-input":{"@type":"PropertyValueSpecification","valueRequired":true,"valueName":"search_term_string"}}],"inLanguage":"fr-FR"},{"@type":"Organization","@id":"https:\/\/www.webdo.tn\/fr\/#organization","name":"Webdo","alternateName":"Webdo.tn","url":"https:\/\/www.webdo.tn\/fr\/","logo":{"@type":"ImageObject","inLanguage":"fr-FR","@id":"https:\/\/www.webdo.tn\/fr\/#\/schema\/logo\/image\/","url":"https:\/\/www.webdo.tn\/fr\/wp-content\/uploads\/2025\/06\/Webdo-Tunisie_168377.jpg","contentUrl":"https:\/\/www.webdo.tn\/fr\/wp-content\/uploads\/2025\/06\/Webdo-Tunisie_168377.jpg","width":301,"height":301,"caption":"Webdo"},"image":{"@id":"https:\/\/www.webdo.tn\/fr\/#\/schema\/logo\/image\/"},"sameAs":["https:\/\/www.facebook.com\/webdotn","https:\/\/x.com\/webdo_tn"],"description":"Webdo est un m\u00e9dia num\u00e9rique tunisien fond\u00e9 en 2010, sp\u00e9cialis\u00e9 dans l\u2019actualit\u00e9 nationale et internationale, l\u2019\u00e9conomie, la soci\u00e9t\u00e9 et les analyses politiques. Le site s\u2019adresse \u00e0 un large public francophone et couvre l\u2019information tunisienne en temps r\u00e9el.","email":"redac@webdo.tn","legalName":"YNJ SARL","foundingDate":"2010-09-06","numberOfEmployees":{"@type":"QuantitativeValue","minValue":"11","maxValue":"50"}},{"@type":"Person","@id":"https:\/\/www.webdo.tn\/fr\/#\/schema\/person\/9a9c6118d687c117df8ef3cc36a4d175","name":"webdo.tn","image":{"@type":"ImageObject","inLanguage":"fr-FR","@id":"https:\/\/secure.gravatar.com\/avatar\/7ce1f28c0c3bbac99ff550b85ef8e44a6950c6ee24514fb6a5489e51d06f0298?s=96&d=mm&r=g","url":"https:\/\/secure.gravatar.com\/avatar\/7ce1f28c0c3bbac99ff550b85ef8e44a6950c6ee24514fb6a5489e51d06f0298?s=96&d=mm&r=g","contentUrl":"https:\/\/secure.gravatar.com\/avatar\/7ce1f28c0c3bbac99ff550b85ef8e44a6950c6ee24514fb6a5489e51d06f0298?s=96&d=mm&r=g","caption":"webdo.tn"},"url":"https:\/\/www.webdo.tn\/fr\/actualite\/author\/webdotn\/"}]}},"_links":{"self":[{"href":"https:\/\/www.webdo.tn\/fr\/wp-json\/wp\/v2\/posts\/172200","targetHints":{"allow":["GET"]}}],"collection":[{"href":"https:\/\/www.webdo.tn\/fr\/wp-json\/wp\/v2\/posts"}],"about":[{"href":"https:\/\/www.webdo.tn\/fr\/wp-json\/wp\/v2\/types\/post"}],"author":[{"embeddable":true,"href":"https:\/\/www.webdo.tn\/fr\/wp-json\/wp\/v2\/users\/3222"}],"replies":[{"embeddable":true,"href":"https:\/\/www.webdo.tn\/fr\/wp-json\/wp\/v2\/comments?post=172200"}],"version-history":[{"count":0,"href":"https:\/\/www.webdo.tn\/fr\/wp-json\/wp\/v2\/posts\/172200\/revisions"}],"wp:featuredmedia":[{"embeddable":true,"href":"https:\/\/www.webdo.tn\/fr\/wp-json\/wp\/v2\/media\/333752"}],"wp:attachment":[{"href":"https:\/\/www.webdo.tn\/fr\/wp-json\/wp\/v2\/media?parent=172200"}],"wp:term":[{"taxonomy":"category","embeddable":true,"href":"https:\/\/www.webdo.tn\/fr\/wp-json\/wp\/v2\/categories?post=172200"},{"taxonomy":"post_tag","embeddable":true,"href":"https:\/\/www.webdo.tn\/fr\/wp-json\/wp\/v2\/tags?post=172200"}],"curies":[{"name":"wp","href":"https:\/\/api.w.org\/{rel}","templated":true}]}}