{"id":172199,"date":"2012-02-16T21:07:00","date_gmt":"2012-02-16T21:07:00","guid":{"rendered":"https:\/\/www.webdo.tn\/fr\/blog\/affaire-attounssia-deux-journalistes-liberes-et-mandat-de-depot-en-prison-pour-le-dg\/172199\/"},"modified":"2012-02-16T21:07:00","modified_gmt":"2012-02-16T21:07:00","slug":"affaire-attounssia-deux-journalistes-liberes-et-mandat-de-depot-en-prison-pour-le-dg","status":"publish","type":"post","link":"https:\/\/www.webdo.tn\/fr\/actualite\/national\/affaire-attounssia-deux-journalistes-liberes-et-mandat-de-depot-en-prison-pour-le-dg\/172199\/","title":{"rendered":"Affaire Attounssia : deux journalistes lib\u00e9r\u00e9s et mandat de d\u00e9p\u00f4t en prison pour le DG"},"content":{"rendered":"<p>L\u2019affaire de la Une du journal Attounssia n\u2019est pas encore en voie d\u2019apaisement. Bien au contraire ! Cela va en s\u2019envenimant pour la libert\u00e9 d\u2019expression. Rappelons, m\u00eame si tout le monde le sait, que ce journal avait vu sa Une agr\u00e9ment\u00e9e d\u2019une photo du footballeur Sami Khedira enla\u00e7ant sa fianc\u00e9e nue et lui cachant les seins avec son bras.<br \/>\nApr\u00e8s avoir \u00e9t\u00e9 arr\u00eat\u00e9s hier, le journaliste auteur de l&rsquo;article et le r\u00e9dacteur en chef ont \u00e9t\u00e9 lib\u00e9r\u00e9s, aujourd\u2019hui, alors qu&rsquo;un mandat de d\u00e9p\u00f4t en prison a \u00e9t\u00e9 \u00e9mis contre le directeur g\u00e9n\u00e9ral du journal.<\/p>\n<p>D&rsquo;autre part, sur les ondes de Mosa\u00efque FM, le chef du parti Al Watad, Chokri Belaid, a sous-entendu que l\u2019affaire \u00e9tait une sorte de coup mont\u00e9 en d\u00e9clarant d\u00e9tenir des preuves incriminant la ou les personnes derri\u00e8re la plainte d\u00e9pos\u00e9e par le minist\u00e8re public. Il a m\u00eame  insinu\u00e9 que ces personnes \u00e9volueraient dans les hautes sph\u00e8res de la politique et qu\u2019il en informerait le juge d\u2019instruction.<\/p>\n<p>On est en droit de se demander si ces trois journalistes ont bel et bien enfreint l&rsquo;article 121 du code de la presse, stipule que dans le cas d\u2019atteinte \u00e0 la moralit\u00e9 le responsable d\u2019un tel acte risque entre 6 mois et 5 ans de prison ? Car apr\u00e8s la r\u00e9volution, les r\u00e8gles ne sont plus les m\u00eames. Alors ce code de la presse est-il caduc ? Et puis que fait le syndicat des journalistes pendant ce temps ?<\/p>\n","protected":false},"excerpt":{"rendered":"<p>Affaire Attounssia : deux journalistes lib\u00e9r\u00e9s et mandat de d\u00e9p\u00f4t en prison pour le DG<\/p>\n","protected":false},"author":3222,"featured_media":333753,"comment_status":"open","ping_status":"closed","sticky":false,"template":"","format":"standard","meta":{"footnotes":""},"categories":[44],"tags":[2600],"class_list":["post-172199","post","type-post","status-publish","format-standard","has-post-thumbnail","hentry","category-national","tag-guerre"],"yoast_head":"<!-- This site is optimized with the Yoast SEO Premium plugin v27.5 (Yoast SEO v27.5) - https:\/\/yoast.com\/product\/yoast-seo-premium-wordpress\/ -->\n<title>Affaire Attounssia : deux journalistes lib\u00e9r\u00e9s et mandat de d\u00e9p\u00f4t en prison pour le DG<\/title>\n<meta name=\"description\" content=\"Affaire Attounssia : deux journalistes lib\u00e9r\u00e9s et mandat de d\u00e9p\u00f4t en prison pour le DG\" \/>\n<link rel=\"canonical\" href=\"https:\/\/www.webdo.tn\/fr\/actualite\/national-45\/affaire-attounssia-deux-journalistes-liberes-et-mandat-de-depot-en-prison-pour-le-dg\/172199\/\" \/>\n<meta property=\"og:locale\" content=\"fr_FR\" \/>\n<meta property=\"og:type\" content=\"article\" \/>\n<meta property=\"og:title\" content=\"Affaire Attounssia : deux journalistes lib\u00e9r\u00e9s et mandat de d\u00e9p\u00f4t en prison pour le DG\" \/>\n<meta property=\"og:description\" content=\"Affaire Attounssia : deux journalistes lib\u00e9r\u00e9s et mandat de d\u00e9p\u00f4t en prison pour le DG\" \/>\n<meta property=\"og:url\" content=\"https:\/\/www.webdo.tn\/fr\/actualite\/national-45\/affaire-attounssia-deux-journalistes-liberes-et-mandat-de-depot-en-prison-pour-le-dg\/172199\/\" \/>\n<meta property=\"og:site_name\" content=\"webdo\" \/>\n<meta property=\"article:publisher\" content=\"https:\/\/www.facebook.com\/webdotn\" \/>\n<meta property=\"article:published_time\" content=\"2012-02-16T21:07:00+00:00\" \/>\n<meta property=\"og:image\" content=\"https:\/\/www.webdo.tn\/fr\/wp-content\/uploads\/2012\/02\/tounsia-150x127-1.png\" \/>\n\t<meta property=\"og:image:width\" content=\"150\" \/>\n\t<meta property=\"og:image:height\" content=\"127\" \/>\n\t<meta property=\"og:image:type\" content=\"image\/png\" \/>\n<meta name=\"author\" content=\"webdo.tn\" \/>\n<meta name=\"twitter:card\" content=\"summary_large_image\" \/>\n<meta name=\"twitter:creator\" content=\"@webdo_tn\" \/>\n<meta name=\"twitter:site\" content=\"@webdo_tn\" \/>\n<meta name=\"twitter:label1\" content=\"\u00c9crit par\" \/>\n\t<meta name=\"twitter:data1\" content=\"webdo.tn\" \/>\n\t<meta name=\"twitter:label2\" content=\"Dur\u00e9e de lecture estim\u00e9e\" \/>\n\t<meta name=\"twitter:data2\" content=\"1 minute\" \/>\n<script type=\"application\/ld+json\" class=\"yoast-schema-graph\">{\"@context\":\"https:\\\/\\\/schema.org\",\"@graph\":[{\"@type\":\"NewsArticle\",\"@id\":\"https:\\\/\\\/www.webdo.tn\\\/fr\\\/actualite\\\/national-45\\\/affaire-attounssia-deux-journalistes-liberes-et-mandat-de-depot-en-prison-pour-le-dg\\\/172199\\\/#article\",\"isPartOf\":{\"@id\":\"https:\\\/\\\/www.webdo.tn\\\/fr\\\/actualite\\\/national-45\\\/affaire-attounssia-deux-journalistes-liberes-et-mandat-de-depot-en-prison-pour-le-dg\\\/172199\\\/\"},\"author\":{\"name\":\"webdo.tn\",\"@id\":\"https:\\\/\\\/www.webdo.tn\\\/fr\\\/#\\\/schema\\\/person\\\/9a9c6118d687c117df8ef3cc36a4d175\"},\"headline\":\"Affaire Attounssia : deux journalistes lib\u00e9r\u00e9s et mandat de d\u00e9p\u00f4t en prison pour le DG\",\"datePublished\":\"2012-02-16T21:07:00+00:00\",\"mainEntityOfPage\":{\"@id\":\"https:\\\/\\\/www.webdo.tn\\\/fr\\\/actualite\\\/national-45\\\/affaire-attounssia-deux-journalistes-liberes-et-mandat-de-depot-en-prison-pour-le-dg\\\/172199\\\/\"},\"wordCount\":293,\"commentCount\":0,\"publisher\":{\"@id\":\"https:\\\/\\\/www.webdo.tn\\\/fr\\\/#organization\"},\"image\":{\"@id\":\"https:\\\/\\\/www.webdo.tn\\\/fr\\\/actualite\\\/national-45\\\/affaire-attounssia-deux-journalistes-liberes-et-mandat-de-depot-en-prison-pour-le-dg\\\/172199\\\/#primaryimage\"},\"thumbnailUrl\":\"https:\\\/\\\/www.webdo.tn\\\/fr\\\/wp-content\\\/uploads\\\/2012\\\/02\\\/tounsia-150x127-1.png\",\"keywords\":[\"guerre\"],\"articleSection\":[\"National\"],\"inLanguage\":\"fr-FR\"},{\"@type\":\"WebPage\",\"@id\":\"https:\\\/\\\/www.webdo.tn\\\/fr\\\/actualite\\\/national-45\\\/affaire-attounssia-deux-journalistes-liberes-et-mandat-de-depot-en-prison-pour-le-dg\\\/172199\\\/\",\"url\":\"https:\\\/\\\/www.webdo.tn\\\/fr\\\/actualite\\\/national-45\\\/affaire-attounssia-deux-journalistes-liberes-et-mandat-de-depot-en-prison-pour-le-dg\\\/172199\\\/\",\"name\":\"Affaire Attounssia : deux journalistes lib\u00e9r\u00e9s et mandat de d\u00e9p\u00f4t en prison pour le DG\",\"isPartOf\":{\"@id\":\"https:\\\/\\\/www.webdo.tn\\\/fr\\\/#website\"},\"primaryImageOfPage\":{\"@id\":\"https:\\\/\\\/www.webdo.tn\\\/fr\\\/actualite\\\/national-45\\\/affaire-attounssia-deux-journalistes-liberes-et-mandat-de-depot-en-prison-pour-le-dg\\\/172199\\\/#primaryimage\"},\"image\":{\"@id\":\"https:\\\/\\\/www.webdo.tn\\\/fr\\\/actualite\\\/national-45\\\/affaire-attounssia-deux-journalistes-liberes-et-mandat-de-depot-en-prison-pour-le-dg\\\/172199\\\/#primaryimage\"},\"thumbnailUrl\":\"https:\\\/\\\/www.webdo.tn\\\/fr\\\/wp-content\\\/uploads\\\/2012\\\/02\\\/tounsia-150x127-1.png\",\"datePublished\":\"2012-02-16T21:07:00+00:00\",\"description\":\"Affaire Attounssia : deux journalistes lib\u00e9r\u00e9s et mandat de d\u00e9p\u00f4t en prison pour le DG\",\"breadcrumb\":{\"@id\":\"https:\\\/\\\/www.webdo.tn\\\/fr\\\/actualite\\\/national-45\\\/affaire-attounssia-deux-journalistes-liberes-et-mandat-de-depot-en-prison-pour-le-dg\\\/172199\\\/#breadcrumb\"},\"inLanguage\":\"fr-FR\",\"potentialAction\":[{\"@type\":\"ReadAction\",\"target\":[\"https:\\\/\\\/www.webdo.tn\\\/fr\\\/actualite\\\/national-45\\\/affaire-attounssia-deux-journalistes-liberes-et-mandat-de-depot-en-prison-pour-le-dg\\\/172199\\\/\"]}]},{\"@type\":\"ImageObject\",\"inLanguage\":\"fr-FR\",\"@id\":\"https:\\\/\\\/www.webdo.tn\\\/fr\\\/actualite\\\/national-45\\\/affaire-attounssia-deux-journalistes-liberes-et-mandat-de-depot-en-prison-pour-le-dg\\\/172199\\\/#primaryimage\",\"url\":\"https:\\\/\\\/www.webdo.tn\\\/fr\\\/wp-content\\\/uploads\\\/2012\\\/02\\\/tounsia-150x127-1.png\",\"contentUrl\":\"https:\\\/\\\/www.webdo.tn\\\/fr\\\/wp-content\\\/uploads\\\/2012\\\/02\\\/tounsia-150x127-1.png\",\"width\":150,\"height\":127,\"caption\":\"Affaire Attounssia : deux journalistes lib\u00e9r\u00e9s et mandat de d\u00e9p\u00f4t en prison pour le DG\"},{\"@type\":\"BreadcrumbList\",\"@id\":\"https:\\\/\\\/www.webdo.tn\\\/fr\\\/actualite\\\/national-45\\\/affaire-attounssia-deux-journalistes-liberes-et-mandat-de-depot-en-prison-pour-le-dg\\\/172199\\\/#breadcrumb\",\"itemListElement\":[{\"@type\":\"ListItem\",\"position\":1,\"name\":\"Accueil\",\"item\":\"https:\\\/\\\/www.webdo.tn\\\/fr\\\/\"},{\"@type\":\"ListItem\",\"position\":2,\"name\":\"Affaire Attounssia : deux journalistes lib\u00e9r\u00e9s et mandat de d\u00e9p\u00f4t en prison pour le DG\"}]},{\"@type\":\"WebSite\",\"@id\":\"https:\\\/\\\/www.webdo.tn\\\/fr\\\/#website\",\"url\":\"https:\\\/\\\/www.webdo.tn\\\/fr\\\/\",\"name\":\"webdo\",\"description\":\"Tunisie - News en Tunisie et \u00e0 l&#039;international sur Webdo.tn\",\"publisher\":{\"@id\":\"https:\\\/\\\/www.webdo.tn\\\/fr\\\/#organization\"},\"potentialAction\":[{\"@type\":\"SearchAction\",\"target\":{\"@type\":\"EntryPoint\",\"urlTemplate\":\"https:\\\/\\\/www.webdo.tn\\\/fr\\\/?s={search_term_string}\"},\"query-input\":{\"@type\":\"PropertyValueSpecification\",\"valueRequired\":true,\"valueName\":\"search_term_string\"}}],\"inLanguage\":\"fr-FR\"},{\"@type\":\"Organization\",\"@id\":\"https:\\\/\\\/www.webdo.tn\\\/fr\\\/#organization\",\"name\":\"Webdo\",\"alternateName\":\"Webdo.tn\",\"url\":\"https:\\\/\\\/www.webdo.tn\\\/fr\\\/\",\"logo\":{\"@type\":\"ImageObject\",\"inLanguage\":\"fr-FR\",\"@id\":\"https:\\\/\\\/www.webdo.tn\\\/fr\\\/#\\\/schema\\\/logo\\\/image\\\/\",\"url\":\"https:\\\/\\\/www.webdo.tn\\\/fr\\\/wp-content\\\/uploads\\\/2025\\\/06\\\/Webdo-Tunisie_168377.jpg\",\"contentUrl\":\"https:\\\/\\\/www.webdo.tn\\\/fr\\\/wp-content\\\/uploads\\\/2025\\\/06\\\/Webdo-Tunisie_168377.jpg\",\"width\":301,\"height\":301,\"caption\":\"Webdo\"},\"image\":{\"@id\":\"https:\\\/\\\/www.webdo.tn\\\/fr\\\/#\\\/schema\\\/logo\\\/image\\\/\"},\"sameAs\":[\"https:\\\/\\\/www.facebook.com\\\/webdotn\",\"https:\\\/\\\/x.com\\\/webdo_tn\"],\"description\":\"Webdo est un m\u00e9dia num\u00e9rique tunisien fond\u00e9 en 2010, sp\u00e9cialis\u00e9 dans l\u2019actualit\u00e9 nationale et internationale, l\u2019\u00e9conomie, la soci\u00e9t\u00e9 et les analyses politiques. Le site s\u2019adresse \u00e0 un large public francophone et couvre l\u2019information tunisienne en temps r\u00e9el.\",\"email\":\"redac@webdo.tn\",\"legalName\":\"YNJ SARL\",\"foundingDate\":\"2010-09-06\",\"numberOfEmployees\":{\"@type\":\"QuantitativeValue\",\"minValue\":\"11\",\"maxValue\":\"50\"}},{\"@type\":\"Person\",\"@id\":\"https:\\\/\\\/www.webdo.tn\\\/fr\\\/#\\\/schema\\\/person\\\/9a9c6118d687c117df8ef3cc36a4d175\",\"name\":\"webdo.tn\",\"image\":{\"@type\":\"ImageObject\",\"inLanguage\":\"fr-FR\",\"@id\":\"https:\\\/\\\/secure.gravatar.com\\\/avatar\\\/7ce1f28c0c3bbac99ff550b85ef8e44a6950c6ee24514fb6a5489e51d06f0298?s=96&d=mm&r=g\",\"url\":\"https:\\\/\\\/secure.gravatar.com\\\/avatar\\\/7ce1f28c0c3bbac99ff550b85ef8e44a6950c6ee24514fb6a5489e51d06f0298?s=96&d=mm&r=g\",\"contentUrl\":\"https:\\\/\\\/secure.gravatar.com\\\/avatar\\\/7ce1f28c0c3bbac99ff550b85ef8e44a6950c6ee24514fb6a5489e51d06f0298?s=96&d=mm&r=g\",\"caption\":\"webdo.tn\"},\"url\":\"https:\\\/\\\/www.webdo.tn\\\/fr\\\/actualite\\\/author\\\/webdotn\\\/\"}]}<\/script>\n<!-- \/ Yoast SEO Premium plugin. -->","yoast_head_json":{"title":"Affaire Attounssia : deux journalistes lib\u00e9r\u00e9s et mandat de d\u00e9p\u00f4t en prison pour le DG","description":"Affaire Attounssia : deux journalistes lib\u00e9r\u00e9s et mandat de d\u00e9p\u00f4t en prison pour le DG","canonical":"https:\/\/www.webdo.tn\/fr\/actualite\/national-45\/affaire-attounssia-deux-journalistes-liberes-et-mandat-de-depot-en-prison-pour-le-dg\/172199\/","og_locale":"fr_FR","og_type":"article","og_title":"Affaire Attounssia : deux journalistes lib\u00e9r\u00e9s et mandat de d\u00e9p\u00f4t en prison pour le DG","og_description":"Affaire Attounssia : deux journalistes lib\u00e9r\u00e9s et mandat de d\u00e9p\u00f4t en prison pour le DG","og_url":"https:\/\/www.webdo.tn\/fr\/actualite\/national-45\/affaire-attounssia-deux-journalistes-liberes-et-mandat-de-depot-en-prison-pour-le-dg\/172199\/","og_site_name":"webdo","article_publisher":"https:\/\/www.facebook.com\/webdotn","article_published_time":"2012-02-16T21:07:00+00:00","og_image":[{"width":150,"height":127,"url":"https:\/\/www.webdo.tn\/fr\/wp-content\/uploads\/2012\/02\/tounsia-150x127-1.png","type":"image\/png"}],"author":"webdo.tn","twitter_card":"summary_large_image","twitter_creator":"@webdo_tn","twitter_site":"@webdo_tn","twitter_misc":{"\u00c9crit par":"webdo.tn","Dur\u00e9e de lecture estim\u00e9e":"1 minute"},"schema":{"@context":"https:\/\/schema.org","@graph":[{"@type":"NewsArticle","@id":"https:\/\/www.webdo.tn\/fr\/actualite\/national-45\/affaire-attounssia-deux-journalistes-liberes-et-mandat-de-depot-en-prison-pour-le-dg\/172199\/#article","isPartOf":{"@id":"https:\/\/www.webdo.tn\/fr\/actualite\/national-45\/affaire-attounssia-deux-journalistes-liberes-et-mandat-de-depot-en-prison-pour-le-dg\/172199\/"},"author":{"name":"webdo.tn","@id":"https:\/\/www.webdo.tn\/fr\/#\/schema\/person\/9a9c6118d687c117df8ef3cc36a4d175"},"headline":"Affaire Attounssia : deux journalistes lib\u00e9r\u00e9s et mandat de d\u00e9p\u00f4t en prison pour le DG","datePublished":"2012-02-16T21:07:00+00:00","mainEntityOfPage":{"@id":"https:\/\/www.webdo.tn\/fr\/actualite\/national-45\/affaire-attounssia-deux-journalistes-liberes-et-mandat-de-depot-en-prison-pour-le-dg\/172199\/"},"wordCount":293,"commentCount":0,"publisher":{"@id":"https:\/\/www.webdo.tn\/fr\/#organization"},"image":{"@id":"https:\/\/www.webdo.tn\/fr\/actualite\/national-45\/affaire-attounssia-deux-journalistes-liberes-et-mandat-de-depot-en-prison-pour-le-dg\/172199\/#primaryimage"},"thumbnailUrl":"https:\/\/www.webdo.tn\/fr\/wp-content\/uploads\/2012\/02\/tounsia-150x127-1.png","keywords":["guerre"],"articleSection":["National"],"inLanguage":"fr-FR"},{"@type":"WebPage","@id":"https:\/\/www.webdo.tn\/fr\/actualite\/national-45\/affaire-attounssia-deux-journalistes-liberes-et-mandat-de-depot-en-prison-pour-le-dg\/172199\/","url":"https:\/\/www.webdo.tn\/fr\/actualite\/national-45\/affaire-attounssia-deux-journalistes-liberes-et-mandat-de-depot-en-prison-pour-le-dg\/172199\/","name":"Affaire Attounssia : deux journalistes lib\u00e9r\u00e9s et mandat de d\u00e9p\u00f4t en prison pour le DG","isPartOf":{"@id":"https:\/\/www.webdo.tn\/fr\/#website"},"primaryImageOfPage":{"@id":"https:\/\/www.webdo.tn\/fr\/actualite\/national-45\/affaire-attounssia-deux-journalistes-liberes-et-mandat-de-depot-en-prison-pour-le-dg\/172199\/#primaryimage"},"image":{"@id":"https:\/\/www.webdo.tn\/fr\/actualite\/national-45\/affaire-attounssia-deux-journalistes-liberes-et-mandat-de-depot-en-prison-pour-le-dg\/172199\/#primaryimage"},"thumbnailUrl":"https:\/\/www.webdo.tn\/fr\/wp-content\/uploads\/2012\/02\/tounsia-150x127-1.png","datePublished":"2012-02-16T21:07:00+00:00","description":"Affaire Attounssia : deux journalistes lib\u00e9r\u00e9s et mandat de d\u00e9p\u00f4t en prison pour le DG","breadcrumb":{"@id":"https:\/\/www.webdo.tn\/fr\/actualite\/national-45\/affaire-attounssia-deux-journalistes-liberes-et-mandat-de-depot-en-prison-pour-le-dg\/172199\/#breadcrumb"},"inLanguage":"fr-FR","potentialAction":[{"@type":"ReadAction","target":["https:\/\/www.webdo.tn\/fr\/actualite\/national-45\/affaire-attounssia-deux-journalistes-liberes-et-mandat-de-depot-en-prison-pour-le-dg\/172199\/"]}]},{"@type":"ImageObject","inLanguage":"fr-FR","@id":"https:\/\/www.webdo.tn\/fr\/actualite\/national-45\/affaire-attounssia-deux-journalistes-liberes-et-mandat-de-depot-en-prison-pour-le-dg\/172199\/#primaryimage","url":"https:\/\/www.webdo.tn\/fr\/wp-content\/uploads\/2012\/02\/tounsia-150x127-1.png","contentUrl":"https:\/\/www.webdo.tn\/fr\/wp-content\/uploads\/2012\/02\/tounsia-150x127-1.png","width":150,"height":127,"caption":"Affaire Attounssia : deux journalistes lib\u00e9r\u00e9s et mandat de d\u00e9p\u00f4t en prison pour le DG"},{"@type":"BreadcrumbList","@id":"https:\/\/www.webdo.tn\/fr\/actualite\/national-45\/affaire-attounssia-deux-journalistes-liberes-et-mandat-de-depot-en-prison-pour-le-dg\/172199\/#breadcrumb","itemListElement":[{"@type":"ListItem","position":1,"name":"Accueil","item":"https:\/\/www.webdo.tn\/fr\/"},{"@type":"ListItem","position":2,"name":"Affaire Attounssia : deux journalistes lib\u00e9r\u00e9s et mandat de d\u00e9p\u00f4t en prison pour le DG"}]},{"@type":"WebSite","@id":"https:\/\/www.webdo.tn\/fr\/#website","url":"https:\/\/www.webdo.tn\/fr\/","name":"webdo","description":"Tunisie - News en Tunisie et \u00e0 l&#039;international sur Webdo.tn","publisher":{"@id":"https:\/\/www.webdo.tn\/fr\/#organization"},"potentialAction":[{"@type":"SearchAction","target":{"@type":"EntryPoint","urlTemplate":"https:\/\/www.webdo.tn\/fr\/?s={search_term_string}"},"query-input":{"@type":"PropertyValueSpecification","valueRequired":true,"valueName":"search_term_string"}}],"inLanguage":"fr-FR"},{"@type":"Organization","@id":"https:\/\/www.webdo.tn\/fr\/#organization","name":"Webdo","alternateName":"Webdo.tn","url":"https:\/\/www.webdo.tn\/fr\/","logo":{"@type":"ImageObject","inLanguage":"fr-FR","@id":"https:\/\/www.webdo.tn\/fr\/#\/schema\/logo\/image\/","url":"https:\/\/www.webdo.tn\/fr\/wp-content\/uploads\/2025\/06\/Webdo-Tunisie_168377.jpg","contentUrl":"https:\/\/www.webdo.tn\/fr\/wp-content\/uploads\/2025\/06\/Webdo-Tunisie_168377.jpg","width":301,"height":301,"caption":"Webdo"},"image":{"@id":"https:\/\/www.webdo.tn\/fr\/#\/schema\/logo\/image\/"},"sameAs":["https:\/\/www.facebook.com\/webdotn","https:\/\/x.com\/webdo_tn"],"description":"Webdo est un m\u00e9dia num\u00e9rique tunisien fond\u00e9 en 2010, sp\u00e9cialis\u00e9 dans l\u2019actualit\u00e9 nationale et internationale, l\u2019\u00e9conomie, la soci\u00e9t\u00e9 et les analyses politiques. Le site s\u2019adresse \u00e0 un large public francophone et couvre l\u2019information tunisienne en temps r\u00e9el.","email":"redac@webdo.tn","legalName":"YNJ SARL","foundingDate":"2010-09-06","numberOfEmployees":{"@type":"QuantitativeValue","minValue":"11","maxValue":"50"}},{"@type":"Person","@id":"https:\/\/www.webdo.tn\/fr\/#\/schema\/person\/9a9c6118d687c117df8ef3cc36a4d175","name":"webdo.tn","image":{"@type":"ImageObject","inLanguage":"fr-FR","@id":"https:\/\/secure.gravatar.com\/avatar\/7ce1f28c0c3bbac99ff550b85ef8e44a6950c6ee24514fb6a5489e51d06f0298?s=96&d=mm&r=g","url":"https:\/\/secure.gravatar.com\/avatar\/7ce1f28c0c3bbac99ff550b85ef8e44a6950c6ee24514fb6a5489e51d06f0298?s=96&d=mm&r=g","contentUrl":"https:\/\/secure.gravatar.com\/avatar\/7ce1f28c0c3bbac99ff550b85ef8e44a6950c6ee24514fb6a5489e51d06f0298?s=96&d=mm&r=g","caption":"webdo.tn"},"url":"https:\/\/www.webdo.tn\/fr\/actualite\/author\/webdotn\/"}]}},"_links":{"self":[{"href":"https:\/\/www.webdo.tn\/fr\/wp-json\/wp\/v2\/posts\/172199","targetHints":{"allow":["GET"]}}],"collection":[{"href":"https:\/\/www.webdo.tn\/fr\/wp-json\/wp\/v2\/posts"}],"about":[{"href":"https:\/\/www.webdo.tn\/fr\/wp-json\/wp\/v2\/types\/post"}],"author":[{"embeddable":true,"href":"https:\/\/www.webdo.tn\/fr\/wp-json\/wp\/v2\/users\/3222"}],"replies":[{"embeddable":true,"href":"https:\/\/www.webdo.tn\/fr\/wp-json\/wp\/v2\/comments?post=172199"}],"version-history":[{"count":0,"href":"https:\/\/www.webdo.tn\/fr\/wp-json\/wp\/v2\/posts\/172199\/revisions"}],"wp:featuredmedia":[{"embeddable":true,"href":"https:\/\/www.webdo.tn\/fr\/wp-json\/wp\/v2\/media\/333753"}],"wp:attachment":[{"href":"https:\/\/www.webdo.tn\/fr\/wp-json\/wp\/v2\/media?parent=172199"}],"wp:term":[{"taxonomy":"category","embeddable":true,"href":"https:\/\/www.webdo.tn\/fr\/wp-json\/wp\/v2\/categories?post=172199"},{"taxonomy":"post_tag","embeddable":true,"href":"https:\/\/www.webdo.tn\/fr\/wp-json\/wp\/v2\/tags?post=172199"}],"curies":[{"name":"wp","href":"https:\/\/api.w.org\/{rel}","templated":true}]}}