{"id":172198,"date":"2012-02-17T14:02:00","date_gmt":"2012-02-17T14:02:00","guid":{"rendered":"https:\/\/www.webdo.tn\/fr\/blog\/les-professionnels-de-la-presse-unanimite-pour-la-liberation-du-directeur-d-attounissia-qui-risque-jusqua-5-ans-de-prison\/172198\/"},"modified":"2012-02-17T14:02:00","modified_gmt":"2012-02-17T14:02:00","slug":"les-professionnels-de-la-presse-unanimite-pour-la-liberation-du-directeur-d-attounissia-qui-risque-jusqua-5-ans-de-prison","status":"publish","type":"post","link":"https:\/\/www.webdo.tn\/fr\/actualite\/national\/les-professionnels-de-la-presse-unanimite-pour-la-liberation-du-directeur-d-attounissia-qui-risque-jusqua-5-ans-de-prison\/172198\/","title":{"rendered":"Les professionnels de la presse : unanimit\u00e9 pour la lib\u00e9ration du directeur d\u2019\u00abAttounissia \u00bb qui risque jusqu&rsquo;\u00e0 5 ans de prison"},"content":{"rendered":"<p>Cette affaire d\u2019\u00abAttounissia \u00bb prend de l\u2019ampleur et suscite de l\u2019\u00e9tonnement sur l\u2019acharnement d\u00e9montr\u00e9 par la justice sur le directeur du quotidien \u00ab Attounissia \u00bb qui a fait l\u2019objet d\u2019un mandat de d\u00e9p\u00f4t de la part du juge d\u2019instruction. <\/p>\n<p>Emprisonner un professionnel des m\u00e9dias pour une photo publi\u00e9e est une v\u00e9ritable h\u00e9r\u00e9sie dans un pays qui vient seulement de f\u00eater le premier anniversaire de sa r\u00e9volution qui avait pour principale revendication et slogan, la libert\u00e9.<\/p>\n<p>Aujourd\u2019hui, tous les professionnels des m\u00e9dias, repr\u00e9sent\u00e9s par leurs syndicats respectifs ont exprim\u00e9 leur refus de voir cette premi\u00e8re arrestation historique dans notre pays que nous n\u2019avons jamais connu ni sous le r\u00e8gne de Bourguiba, ni sous le r\u00e8gne du pr\u00e9sident d\u00e9chu. Les syndicats des journalistes, l\u2019association des directeurs de journaux, le syndicat g\u00e9n\u00e9ral de la culture et de l\u2019information, le syndicat de la presse ind\u00e9pendante et des partis ainsi que l\u2019Autorit\u00e9 nationale pour la r\u00e9forme de l\u2019information et de la communication viennent de d\u00e9noncer dans un communiqu\u00e9 conjoint l\u2019arrestation arbitraire de M.Nasreddine Ben Saida sur la base de l\u2019article 121 du code p\u00e9nal qui se rapporte \u00e0 \u00ab l\u2019interdiction de la distribution, la mise en vente, l\u2019exposition aux regards du public et la d\u00e9tention en vue de la distribution, de la vente, de l\u2019exposition dans un but de propagande, de tracts, bulletins et papillons d\u2019origine \u00e9trang\u00e8re ou non, de nature \u00e0 nuire \u00e0 l\u2019ordre public ou aux bonnes m\u0153urs. \u00bb<\/p>\n<p>Nous ne pouvons que nous \u00e9tonner de voir comment on peut consid\u00e9rer que la photo publi\u00e9e par le quotidien \u00ab Attounissia \u00bb a nuit \u00e0 l\u2019ordre public ou aux bonnes m\u0153urs. \u00c0 ma connaissance, il n\u2019y a eu aucune r\u00e9action sinon celle du minist\u00e8re public.<\/p>\n<p>Mais, et ce qui est le plus grave, c\u2019est que la sanction pr\u00e9vue par le texte, qui a \u00e9t\u00e9 ajout\u00e9 au Code p\u00e9nal par la loi organique du 3 mai 2001 pour restreindre davantage la libert\u00e9 de la presse, est tr\u00e8s lourde. En effet, ce texte sc\u00e9l\u00e9rat peut entra\u00eener, outre la saisie imm\u00e9diate, op\u00e9ration qui n\u2019a pas \u00e9t\u00e9 faite, un emprisonnement qui peut s\u2019\u00e9taler de six mois \u00e0 cinq ans et une amende qui peut aller de 120d \u00e0 1.200d.<\/p>\n<p>Il est urgent que tous les partis politiques ainsi que la soci\u00e9t\u00e9 civile se mobilisent contre cette tentative de b\u00e2illonner la presse. Sinon, on risque d\u2019assister au cr\u00e9puscule de la libert\u00e9 de l\u2019information\u2026<\/p>\n","protected":false},"excerpt":{"rendered":"<p>Les professionnels de la presse : unanimit\u00e9 pour la lib\u00e9ration du directeur d\u2019\u00abAttounissia \u00bb qui risque jusqu&rsquo;\u00e0 5 ans de prison<\/p>\n","protected":false},"author":3222,"featured_media":374499,"comment_status":"open","ping_status":"closed","sticky":false,"template":"","format":"standard","meta":{"footnotes":""},"categories":[44],"tags":[2600],"class_list":["post-172198","post","type-post","status-publish","format-standard","has-post-thumbnail","hentry","category-national","tag-guerre"],"yoast_head":"<!-- This site is optimized with the Yoast SEO Premium plugin v27.5 (Yoast SEO v27.5) - https:\/\/yoast.com\/product\/yoast-seo-premium-wordpress\/ -->\n<title>Les professionnels de la presse : unanimit\u00e9 pour la lib\u00e9ration du directeur d\u2019\u00abAttounissia \u00bb qui risque jusqu&#039;\u00e0 5 ans de prison<\/title>\n<meta name=\"description\" content=\"Les professionnels de la presse : unanimit\u00e9 pour la lib\u00e9ration du directeur d\u2019\u00abAttounissia \u00bb qui risque jusqu&#039;\u00e0 5 ans de prison\" \/>\n<link rel=\"canonical\" href=\"https:\/\/www.webdo.tn\/fr\/actualite\/national-45\/les-professionnels-de-la-presse-unanimite-pour-la-liberation-du-directeur-d-attounissia-qui-risque-jusqua-5-ans-de-prison\/172198\/\" \/>\n<meta property=\"og:locale\" content=\"fr_FR\" \/>\n<meta property=\"og:type\" content=\"article\" \/>\n<meta property=\"og:title\" content=\"Les professionnels de la presse : unanimit\u00e9 pour la lib\u00e9ration du directeur d\u2019\u00abAttounissia \u00bb qui risque jusqu&#039;\u00e0 5 ans de prison\" \/>\n<meta property=\"og:description\" content=\"Les professionnels de la presse : unanimit\u00e9 pour la lib\u00e9ration du directeur d\u2019\u00abAttounissia \u00bb qui risque jusqu&#039;\u00e0 5 ans de prison\" \/>\n<meta property=\"og:url\" content=\"https:\/\/www.webdo.tn\/fr\/actualite\/national-45\/les-professionnels-de-la-presse-unanimite-pour-la-liberation-du-directeur-d-attounissia-qui-risque-jusqua-5-ans-de-prison\/172198\/\" \/>\n<meta property=\"og:site_name\" content=\"webdo\" \/>\n<meta property=\"article:publisher\" content=\"https:\/\/www.facebook.com\/webdotn\" \/>\n<meta property=\"article:published_time\" content=\"2012-02-17T14:02:00+00:00\" \/>\n<meta name=\"author\" content=\"webdo.tn\" \/>\n<meta name=\"twitter:card\" content=\"summary_large_image\" \/>\n<meta name=\"twitter:creator\" content=\"@webdo_tn\" \/>\n<meta name=\"twitter:site\" content=\"@webdo_tn\" \/>\n<meta name=\"twitter:label1\" content=\"\u00c9crit par\" \/>\n\t<meta name=\"twitter:data1\" content=\"webdo.tn\" \/>\n\t<meta name=\"twitter:label2\" content=\"Dur\u00e9e de lecture estim\u00e9e\" \/>\n\t<meta name=\"twitter:data2\" content=\"2 minutes\" \/>\n<script type=\"application\/ld+json\" class=\"yoast-schema-graph\">{\"@context\":\"https:\\\/\\\/schema.org\",\"@graph\":[{\"@type\":\"NewsArticle\",\"@id\":\"https:\\\/\\\/www.webdo.tn\\\/fr\\\/actualite\\\/national-45\\\/les-professionnels-de-la-presse-unanimite-pour-la-liberation-du-directeur-d-attounissia-qui-risque-jusqua-5-ans-de-prison\\\/172198\\\/#article\",\"isPartOf\":{\"@id\":\"https:\\\/\\\/www.webdo.tn\\\/fr\\\/actualite\\\/national-45\\\/les-professionnels-de-la-presse-unanimite-pour-la-liberation-du-directeur-d-attounissia-qui-risque-jusqua-5-ans-de-prison\\\/172198\\\/\"},\"author\":{\"name\":\"webdo.tn\",\"@id\":\"https:\\\/\\\/www.webdo.tn\\\/fr\\\/#\\\/schema\\\/person\\\/9a9c6118d687c117df8ef3cc36a4d175\"},\"headline\":\"Les professionnels de la presse : unanimit\u00e9 pour la lib\u00e9ration du directeur d\u2019\u00abAttounissia \u00bb qui risque jusqu&rsquo;\u00e0 5 ans de prison\",\"datePublished\":\"2012-02-17T14:02:00+00:00\",\"mainEntityOfPage\":{\"@id\":\"https:\\\/\\\/www.webdo.tn\\\/fr\\\/actualite\\\/national-45\\\/les-professionnels-de-la-presse-unanimite-pour-la-liberation-du-directeur-d-attounissia-qui-risque-jusqua-5-ans-de-prison\\\/172198\\\/\"},\"wordCount\":468,\"commentCount\":0,\"publisher\":{\"@id\":\"https:\\\/\\\/www.webdo.tn\\\/fr\\\/#organization\"},\"image\":{\"@id\":\"https:\\\/\\\/www.webdo.tn\\\/fr\\\/actualite\\\/national-45\\\/les-professionnels-de-la-presse-unanimite-pour-la-liberation-du-directeur-d-attounissia-qui-risque-jusqua-5-ans-de-prison\\\/172198\\\/#primaryimage\"},\"thumbnailUrl\":\"https:\\\/\\\/www.webdo.tn\\\/fr\\\/wp-content\\\/uploads\\\/2025\\\/06\\\/La-presidente-du-SNJT-exige-que-H.-Jebali-revienne-sur-ses-nominations-a-la-tete-des-medias-sous-peine-de-voir-le-corps-journalistique-entrer-en-greve-generale-photo-freepress.net__172198.jpg\",\"keywords\":[\"guerre\"],\"articleSection\":[\"National\"],\"inLanguage\":\"fr-FR\"},{\"@type\":\"WebPage\",\"@id\":\"https:\\\/\\\/www.webdo.tn\\\/fr\\\/actualite\\\/national-45\\\/les-professionnels-de-la-presse-unanimite-pour-la-liberation-du-directeur-d-attounissia-qui-risque-jusqua-5-ans-de-prison\\\/172198\\\/\",\"url\":\"https:\\\/\\\/www.webdo.tn\\\/fr\\\/actualite\\\/national-45\\\/les-professionnels-de-la-presse-unanimite-pour-la-liberation-du-directeur-d-attounissia-qui-risque-jusqua-5-ans-de-prison\\\/172198\\\/\",\"name\":\"Les professionnels de la presse : unanimit\u00e9 pour la lib\u00e9ration du directeur d\u2019\u00abAttounissia \u00bb qui risque jusqu'\u00e0 5 ans de prison\",\"isPartOf\":{\"@id\":\"https:\\\/\\\/www.webdo.tn\\\/fr\\\/#website\"},\"primaryImageOfPage\":{\"@id\":\"https:\\\/\\\/www.webdo.tn\\\/fr\\\/actualite\\\/national-45\\\/les-professionnels-de-la-presse-unanimite-pour-la-liberation-du-directeur-d-attounissia-qui-risque-jusqua-5-ans-de-prison\\\/172198\\\/#primaryimage\"},\"image\":{\"@id\":\"https:\\\/\\\/www.webdo.tn\\\/fr\\\/actualite\\\/national-45\\\/les-professionnels-de-la-presse-unanimite-pour-la-liberation-du-directeur-d-attounissia-qui-risque-jusqua-5-ans-de-prison\\\/172198\\\/#primaryimage\"},\"thumbnailUrl\":\"https:\\\/\\\/www.webdo.tn\\\/fr\\\/wp-content\\\/uploads\\\/2025\\\/06\\\/La-presidente-du-SNJT-exige-que-H.-Jebali-revienne-sur-ses-nominations-a-la-tete-des-medias-sous-peine-de-voir-le-corps-journalistique-entrer-en-greve-generale-photo-freepress.net__172198.jpg\",\"datePublished\":\"2012-02-17T14:02:00+00:00\",\"description\":\"Les professionnels de la presse : unanimit\u00e9 pour la lib\u00e9ration du directeur d\u2019\u00abAttounissia \u00bb qui risque jusqu'\u00e0 5 ans de prison\",\"breadcrumb\":{\"@id\":\"https:\\\/\\\/www.webdo.tn\\\/fr\\\/actualite\\\/national-45\\\/les-professionnels-de-la-presse-unanimite-pour-la-liberation-du-directeur-d-attounissia-qui-risque-jusqua-5-ans-de-prison\\\/172198\\\/#breadcrumb\"},\"inLanguage\":\"fr-FR\",\"potentialAction\":[{\"@type\":\"ReadAction\",\"target\":[\"https:\\\/\\\/www.webdo.tn\\\/fr\\\/actualite\\\/national-45\\\/les-professionnels-de-la-presse-unanimite-pour-la-liberation-du-directeur-d-attounissia-qui-risque-jusqua-5-ans-de-prison\\\/172198\\\/\"]}]},{\"@type\":\"ImageObject\",\"inLanguage\":\"fr-FR\",\"@id\":\"https:\\\/\\\/www.webdo.tn\\\/fr\\\/actualite\\\/national-45\\\/les-professionnels-de-la-presse-unanimite-pour-la-liberation-du-directeur-d-attounissia-qui-risque-jusqua-5-ans-de-prison\\\/172198\\\/#primaryimage\",\"url\":\"https:\\\/\\\/www.webdo.tn\\\/fr\\\/wp-content\\\/uploads\\\/2025\\\/06\\\/La-presidente-du-SNJT-exige-que-H.-Jebali-revienne-sur-ses-nominations-a-la-tete-des-medias-sous-peine-de-voir-le-corps-journalistique-entrer-en-greve-generale-photo-freepress.net__172198.jpg\",\"contentUrl\":\"https:\\\/\\\/www.webdo.tn\\\/fr\\\/wp-content\\\/uploads\\\/2025\\\/06\\\/La-presidente-du-SNJT-exige-que-H.-Jebali-revienne-sur-ses-nominations-a-la-tete-des-medias-sous-peine-de-voir-le-corps-journalistique-entrer-en-greve-generale-photo-freepress.net__172198.jpg\",\"width\":279,\"height\":311,\"caption\":\"Les professionnels de la presse : unanimit\u00e9 pour la lib\u00e9ration du directeur d\u2019\u00abAttounissia \u00bb qui risque jusqu'\u00e0 5 ans de prison\"},{\"@type\":\"BreadcrumbList\",\"@id\":\"https:\\\/\\\/www.webdo.tn\\\/fr\\\/actualite\\\/national-45\\\/les-professionnels-de-la-presse-unanimite-pour-la-liberation-du-directeur-d-attounissia-qui-risque-jusqua-5-ans-de-prison\\\/172198\\\/#breadcrumb\",\"itemListElement\":[{\"@type\":\"ListItem\",\"position\":1,\"name\":\"Accueil\",\"item\":\"https:\\\/\\\/www.webdo.tn\\\/fr\\\/\"},{\"@type\":\"ListItem\",\"position\":2,\"name\":\"Les professionnels de la presse : unanimit\u00e9 pour la lib\u00e9ration du directeur d\u2019\u00abAttounissia \u00bb qui risque jusqu&rsquo;\u00e0 5 ans de prison\"}]},{\"@type\":\"WebSite\",\"@id\":\"https:\\\/\\\/www.webdo.tn\\\/fr\\\/#website\",\"url\":\"https:\\\/\\\/www.webdo.tn\\\/fr\\\/\",\"name\":\"webdo\",\"description\":\"Tunisie - News en Tunisie et \u00e0 l&#039;international sur Webdo.tn\",\"publisher\":{\"@id\":\"https:\\\/\\\/www.webdo.tn\\\/fr\\\/#organization\"},\"potentialAction\":[{\"@type\":\"SearchAction\",\"target\":{\"@type\":\"EntryPoint\",\"urlTemplate\":\"https:\\\/\\\/www.webdo.tn\\\/fr\\\/?s={search_term_string}\"},\"query-input\":{\"@type\":\"PropertyValueSpecification\",\"valueRequired\":true,\"valueName\":\"search_term_string\"}}],\"inLanguage\":\"fr-FR\"},{\"@type\":\"Organization\",\"@id\":\"https:\\\/\\\/www.webdo.tn\\\/fr\\\/#organization\",\"name\":\"Webdo\",\"alternateName\":\"Webdo.tn\",\"url\":\"https:\\\/\\\/www.webdo.tn\\\/fr\\\/\",\"logo\":{\"@type\":\"ImageObject\",\"inLanguage\":\"fr-FR\",\"@id\":\"https:\\\/\\\/www.webdo.tn\\\/fr\\\/#\\\/schema\\\/logo\\\/image\\\/\",\"url\":\"https:\\\/\\\/www.webdo.tn\\\/fr\\\/wp-content\\\/uploads\\\/2025\\\/06\\\/Webdo-Tunisie_168377.jpg\",\"contentUrl\":\"https:\\\/\\\/www.webdo.tn\\\/fr\\\/wp-content\\\/uploads\\\/2025\\\/06\\\/Webdo-Tunisie_168377.jpg\",\"width\":301,\"height\":301,\"caption\":\"Webdo\"},\"image\":{\"@id\":\"https:\\\/\\\/www.webdo.tn\\\/fr\\\/#\\\/schema\\\/logo\\\/image\\\/\"},\"sameAs\":[\"https:\\\/\\\/www.facebook.com\\\/webdotn\",\"https:\\\/\\\/x.com\\\/webdo_tn\"],\"description\":\"Webdo est un m\u00e9dia num\u00e9rique tunisien fond\u00e9 en 2010, sp\u00e9cialis\u00e9 dans l\u2019actualit\u00e9 nationale et internationale, l\u2019\u00e9conomie, la soci\u00e9t\u00e9 et les analyses politiques. Le site s\u2019adresse \u00e0 un large public francophone et couvre l\u2019information tunisienne en temps r\u00e9el.\",\"email\":\"redac@webdo.tn\",\"legalName\":\"YNJ SARL\",\"foundingDate\":\"2010-09-06\",\"numberOfEmployees\":{\"@type\":\"QuantitativeValue\",\"minValue\":\"11\",\"maxValue\":\"50\"}},{\"@type\":\"Person\",\"@id\":\"https:\\\/\\\/www.webdo.tn\\\/fr\\\/#\\\/schema\\\/person\\\/9a9c6118d687c117df8ef3cc36a4d175\",\"name\":\"webdo.tn\",\"image\":{\"@type\":\"ImageObject\",\"inLanguage\":\"fr-FR\",\"@id\":\"https:\\\/\\\/secure.gravatar.com\\\/avatar\\\/7ce1f28c0c3bbac99ff550b85ef8e44a6950c6ee24514fb6a5489e51d06f0298?s=96&d=mm&r=g\",\"url\":\"https:\\\/\\\/secure.gravatar.com\\\/avatar\\\/7ce1f28c0c3bbac99ff550b85ef8e44a6950c6ee24514fb6a5489e51d06f0298?s=96&d=mm&r=g\",\"contentUrl\":\"https:\\\/\\\/secure.gravatar.com\\\/avatar\\\/7ce1f28c0c3bbac99ff550b85ef8e44a6950c6ee24514fb6a5489e51d06f0298?s=96&d=mm&r=g\",\"caption\":\"webdo.tn\"},\"url\":\"https:\\\/\\\/www.webdo.tn\\\/fr\\\/actualite\\\/author\\\/webdotn\\\/\"}]}<\/script>\n<!-- \/ Yoast SEO Premium plugin. -->","yoast_head_json":{"title":"Les professionnels de la presse : unanimit\u00e9 pour la lib\u00e9ration du directeur d\u2019\u00abAttounissia \u00bb qui risque jusqu'\u00e0 5 ans de prison","description":"Les professionnels de la presse : unanimit\u00e9 pour la lib\u00e9ration du directeur d\u2019\u00abAttounissia \u00bb qui risque jusqu'\u00e0 5 ans de prison","canonical":"https:\/\/www.webdo.tn\/fr\/actualite\/national-45\/les-professionnels-de-la-presse-unanimite-pour-la-liberation-du-directeur-d-attounissia-qui-risque-jusqua-5-ans-de-prison\/172198\/","og_locale":"fr_FR","og_type":"article","og_title":"Les professionnels de la presse : unanimit\u00e9 pour la lib\u00e9ration du directeur d\u2019\u00abAttounissia \u00bb qui risque jusqu'\u00e0 5 ans de prison","og_description":"Les professionnels de la presse : unanimit\u00e9 pour la lib\u00e9ration du directeur d\u2019\u00abAttounissia \u00bb qui risque jusqu'\u00e0 5 ans de prison","og_url":"https:\/\/www.webdo.tn\/fr\/actualite\/national-45\/les-professionnels-de-la-presse-unanimite-pour-la-liberation-du-directeur-d-attounissia-qui-risque-jusqua-5-ans-de-prison\/172198\/","og_site_name":"webdo","article_publisher":"https:\/\/www.facebook.com\/webdotn","article_published_time":"2012-02-17T14:02:00+00:00","author":"webdo.tn","twitter_card":"summary_large_image","twitter_creator":"@webdo_tn","twitter_site":"@webdo_tn","twitter_misc":{"\u00c9crit par":"webdo.tn","Dur\u00e9e de lecture estim\u00e9e":"2 minutes"},"schema":{"@context":"https:\/\/schema.org","@graph":[{"@type":"NewsArticle","@id":"https:\/\/www.webdo.tn\/fr\/actualite\/national-45\/les-professionnels-de-la-presse-unanimite-pour-la-liberation-du-directeur-d-attounissia-qui-risque-jusqua-5-ans-de-prison\/172198\/#article","isPartOf":{"@id":"https:\/\/www.webdo.tn\/fr\/actualite\/national-45\/les-professionnels-de-la-presse-unanimite-pour-la-liberation-du-directeur-d-attounissia-qui-risque-jusqua-5-ans-de-prison\/172198\/"},"author":{"name":"webdo.tn","@id":"https:\/\/www.webdo.tn\/fr\/#\/schema\/person\/9a9c6118d687c117df8ef3cc36a4d175"},"headline":"Les professionnels de la presse : unanimit\u00e9 pour la lib\u00e9ration du directeur d\u2019\u00abAttounissia \u00bb qui risque jusqu&rsquo;\u00e0 5 ans de prison","datePublished":"2012-02-17T14:02:00+00:00","mainEntityOfPage":{"@id":"https:\/\/www.webdo.tn\/fr\/actualite\/national-45\/les-professionnels-de-la-presse-unanimite-pour-la-liberation-du-directeur-d-attounissia-qui-risque-jusqua-5-ans-de-prison\/172198\/"},"wordCount":468,"commentCount":0,"publisher":{"@id":"https:\/\/www.webdo.tn\/fr\/#organization"},"image":{"@id":"https:\/\/www.webdo.tn\/fr\/actualite\/national-45\/les-professionnels-de-la-presse-unanimite-pour-la-liberation-du-directeur-d-attounissia-qui-risque-jusqua-5-ans-de-prison\/172198\/#primaryimage"},"thumbnailUrl":"https:\/\/www.webdo.tn\/fr\/wp-content\/uploads\/2025\/06\/La-presidente-du-SNJT-exige-que-H.-Jebali-revienne-sur-ses-nominations-a-la-tete-des-medias-sous-peine-de-voir-le-corps-journalistique-entrer-en-greve-generale-photo-freepress.net__172198.jpg","keywords":["guerre"],"articleSection":["National"],"inLanguage":"fr-FR"},{"@type":"WebPage","@id":"https:\/\/www.webdo.tn\/fr\/actualite\/national-45\/les-professionnels-de-la-presse-unanimite-pour-la-liberation-du-directeur-d-attounissia-qui-risque-jusqua-5-ans-de-prison\/172198\/","url":"https:\/\/www.webdo.tn\/fr\/actualite\/national-45\/les-professionnels-de-la-presse-unanimite-pour-la-liberation-du-directeur-d-attounissia-qui-risque-jusqua-5-ans-de-prison\/172198\/","name":"Les professionnels de la presse : unanimit\u00e9 pour la lib\u00e9ration du directeur d\u2019\u00abAttounissia \u00bb qui risque jusqu'\u00e0 5 ans de prison","isPartOf":{"@id":"https:\/\/www.webdo.tn\/fr\/#website"},"primaryImageOfPage":{"@id":"https:\/\/www.webdo.tn\/fr\/actualite\/national-45\/les-professionnels-de-la-presse-unanimite-pour-la-liberation-du-directeur-d-attounissia-qui-risque-jusqua-5-ans-de-prison\/172198\/#primaryimage"},"image":{"@id":"https:\/\/www.webdo.tn\/fr\/actualite\/national-45\/les-professionnels-de-la-presse-unanimite-pour-la-liberation-du-directeur-d-attounissia-qui-risque-jusqua-5-ans-de-prison\/172198\/#primaryimage"},"thumbnailUrl":"https:\/\/www.webdo.tn\/fr\/wp-content\/uploads\/2025\/06\/La-presidente-du-SNJT-exige-que-H.-Jebali-revienne-sur-ses-nominations-a-la-tete-des-medias-sous-peine-de-voir-le-corps-journalistique-entrer-en-greve-generale-photo-freepress.net__172198.jpg","datePublished":"2012-02-17T14:02:00+00:00","description":"Les professionnels de la presse : unanimit\u00e9 pour la lib\u00e9ration du directeur d\u2019\u00abAttounissia \u00bb qui risque jusqu'\u00e0 5 ans de prison","breadcrumb":{"@id":"https:\/\/www.webdo.tn\/fr\/actualite\/national-45\/les-professionnels-de-la-presse-unanimite-pour-la-liberation-du-directeur-d-attounissia-qui-risque-jusqua-5-ans-de-prison\/172198\/#breadcrumb"},"inLanguage":"fr-FR","potentialAction":[{"@type":"ReadAction","target":["https:\/\/www.webdo.tn\/fr\/actualite\/national-45\/les-professionnels-de-la-presse-unanimite-pour-la-liberation-du-directeur-d-attounissia-qui-risque-jusqua-5-ans-de-prison\/172198\/"]}]},{"@type":"ImageObject","inLanguage":"fr-FR","@id":"https:\/\/www.webdo.tn\/fr\/actualite\/national-45\/les-professionnels-de-la-presse-unanimite-pour-la-liberation-du-directeur-d-attounissia-qui-risque-jusqua-5-ans-de-prison\/172198\/#primaryimage","url":"https:\/\/www.webdo.tn\/fr\/wp-content\/uploads\/2025\/06\/La-presidente-du-SNJT-exige-que-H.-Jebali-revienne-sur-ses-nominations-a-la-tete-des-medias-sous-peine-de-voir-le-corps-journalistique-entrer-en-greve-generale-photo-freepress.net__172198.jpg","contentUrl":"https:\/\/www.webdo.tn\/fr\/wp-content\/uploads\/2025\/06\/La-presidente-du-SNJT-exige-que-H.-Jebali-revienne-sur-ses-nominations-a-la-tete-des-medias-sous-peine-de-voir-le-corps-journalistique-entrer-en-greve-generale-photo-freepress.net__172198.jpg","width":279,"height":311,"caption":"Les professionnels de la presse : unanimit\u00e9 pour la lib\u00e9ration du directeur d\u2019\u00abAttounissia \u00bb qui risque jusqu'\u00e0 5 ans de prison"},{"@type":"BreadcrumbList","@id":"https:\/\/www.webdo.tn\/fr\/actualite\/national-45\/les-professionnels-de-la-presse-unanimite-pour-la-liberation-du-directeur-d-attounissia-qui-risque-jusqua-5-ans-de-prison\/172198\/#breadcrumb","itemListElement":[{"@type":"ListItem","position":1,"name":"Accueil","item":"https:\/\/www.webdo.tn\/fr\/"},{"@type":"ListItem","position":2,"name":"Les professionnels de la presse : unanimit\u00e9 pour la lib\u00e9ration du directeur d\u2019\u00abAttounissia \u00bb qui risque jusqu&rsquo;\u00e0 5 ans de prison"}]},{"@type":"WebSite","@id":"https:\/\/www.webdo.tn\/fr\/#website","url":"https:\/\/www.webdo.tn\/fr\/","name":"webdo","description":"Tunisie - News en Tunisie et \u00e0 l&#039;international sur Webdo.tn","publisher":{"@id":"https:\/\/www.webdo.tn\/fr\/#organization"},"potentialAction":[{"@type":"SearchAction","target":{"@type":"EntryPoint","urlTemplate":"https:\/\/www.webdo.tn\/fr\/?s={search_term_string}"},"query-input":{"@type":"PropertyValueSpecification","valueRequired":true,"valueName":"search_term_string"}}],"inLanguage":"fr-FR"},{"@type":"Organization","@id":"https:\/\/www.webdo.tn\/fr\/#organization","name":"Webdo","alternateName":"Webdo.tn","url":"https:\/\/www.webdo.tn\/fr\/","logo":{"@type":"ImageObject","inLanguage":"fr-FR","@id":"https:\/\/www.webdo.tn\/fr\/#\/schema\/logo\/image\/","url":"https:\/\/www.webdo.tn\/fr\/wp-content\/uploads\/2025\/06\/Webdo-Tunisie_168377.jpg","contentUrl":"https:\/\/www.webdo.tn\/fr\/wp-content\/uploads\/2025\/06\/Webdo-Tunisie_168377.jpg","width":301,"height":301,"caption":"Webdo"},"image":{"@id":"https:\/\/www.webdo.tn\/fr\/#\/schema\/logo\/image\/"},"sameAs":["https:\/\/www.facebook.com\/webdotn","https:\/\/x.com\/webdo_tn"],"description":"Webdo est un m\u00e9dia num\u00e9rique tunisien fond\u00e9 en 2010, sp\u00e9cialis\u00e9 dans l\u2019actualit\u00e9 nationale et internationale, l\u2019\u00e9conomie, la soci\u00e9t\u00e9 et les analyses politiques. Le site s\u2019adresse \u00e0 un large public francophone et couvre l\u2019information tunisienne en temps r\u00e9el.","email":"redac@webdo.tn","legalName":"YNJ SARL","foundingDate":"2010-09-06","numberOfEmployees":{"@type":"QuantitativeValue","minValue":"11","maxValue":"50"}},{"@type":"Person","@id":"https:\/\/www.webdo.tn\/fr\/#\/schema\/person\/9a9c6118d687c117df8ef3cc36a4d175","name":"webdo.tn","image":{"@type":"ImageObject","inLanguage":"fr-FR","@id":"https:\/\/secure.gravatar.com\/avatar\/7ce1f28c0c3bbac99ff550b85ef8e44a6950c6ee24514fb6a5489e51d06f0298?s=96&d=mm&r=g","url":"https:\/\/secure.gravatar.com\/avatar\/7ce1f28c0c3bbac99ff550b85ef8e44a6950c6ee24514fb6a5489e51d06f0298?s=96&d=mm&r=g","contentUrl":"https:\/\/secure.gravatar.com\/avatar\/7ce1f28c0c3bbac99ff550b85ef8e44a6950c6ee24514fb6a5489e51d06f0298?s=96&d=mm&r=g","caption":"webdo.tn"},"url":"https:\/\/www.webdo.tn\/fr\/actualite\/author\/webdotn\/"}]}},"_links":{"self":[{"href":"https:\/\/www.webdo.tn\/fr\/wp-json\/wp\/v2\/posts\/172198","targetHints":{"allow":["GET"]}}],"collection":[{"href":"https:\/\/www.webdo.tn\/fr\/wp-json\/wp\/v2\/posts"}],"about":[{"href":"https:\/\/www.webdo.tn\/fr\/wp-json\/wp\/v2\/types\/post"}],"author":[{"embeddable":true,"href":"https:\/\/www.webdo.tn\/fr\/wp-json\/wp\/v2\/users\/3222"}],"replies":[{"embeddable":true,"href":"https:\/\/www.webdo.tn\/fr\/wp-json\/wp\/v2\/comments?post=172198"}],"version-history":[{"count":0,"href":"https:\/\/www.webdo.tn\/fr\/wp-json\/wp\/v2\/posts\/172198\/revisions"}],"wp:featuredmedia":[{"embeddable":true,"href":"https:\/\/www.webdo.tn\/fr\/wp-json\/wp\/v2\/media\/374499"}],"wp:attachment":[{"href":"https:\/\/www.webdo.tn\/fr\/wp-json\/wp\/v2\/media?parent=172198"}],"wp:term":[{"taxonomy":"category","embeddable":true,"href":"https:\/\/www.webdo.tn\/fr\/wp-json\/wp\/v2\/categories?post=172198"},{"taxonomy":"post_tag","embeddable":true,"href":"https:\/\/www.webdo.tn\/fr\/wp-json\/wp\/v2\/tags?post=172198"}],"curies":[{"name":"wp","href":"https:\/\/api.w.org\/{rel}","templated":true}]}}