{"id":172197,"date":"2012-02-19T10:32:00","date_gmt":"2012-02-19T10:32:00","guid":{"rendered":"https:\/\/www.webdo.tn\/fr\/blog\/travaux-de-la-constituante-rien-ne-sert-de-courir-quand-on-nest-pas-presse\/172197\/"},"modified":"2012-02-19T10:32:00","modified_gmt":"2012-02-19T10:32:00","slug":"travaux-de-la-constituante-rien-ne-sert-de-courir-quand-on-nest-pas-presse","status":"publish","type":"post","link":"https:\/\/www.webdo.tn\/fr\/actualite\/national\/travaux-de-la-constituante-rien-ne-sert-de-courir-quand-on-nest-pas-presse\/172197\/","title":{"rendered":"Travaux de la constituante : rien ne sert de courir quand on n\u2019est pas press\u00e9 !"},"content":{"rendered":"<p>Le rythme avec lequel certaines commissions, parmi les six qui sont charg\u00e9es de la r\u00e9daction de la constitut,ion a suscit\u00e9 des inqui\u00e9tudes dans plusieurs milieux. \u00c0 ce rythme, il est appr\u00e9hend\u00e9 lenon-respectt du d\u00e9lai d\u2019un an auquel se sont engag\u00e9s politiquement et moralement la plupart des partis politiques dans le cadre de la d\u00e9claration du processus de transition, sign\u00e9e le 15 septembre 2011. Suivant cet engagement, le mandat de lAssembl\u00e9ee Nationale Constituante (ANC) qui a tenu sa premi\u00e8re r\u00e9union officielle le 22 novembre 2011 devait, en th\u00e9orie, prendre fin une ann\u00e9e apr\u00e8s. Mais dans la pratique l\u2019on doit s\u2019attendre \u00e0 tout.<\/p>\n<p>En effet, d\u00e8s les premi\u00e8res r\u00e9unions consacr\u00e9es \u00e0 l\u2019organisation des pouvoirs pendant la phase de transition, le mouvement ENNAHDHA qui a pourtant souscrit \u00e0 la d\u00e9claration et le Congr\u00e8s pour la R\u00e9publique qui s\u2019est d\u00e9sist\u00e9 in extremis, en refusant de la signer, se sont oppos\u00e9s \u00e0 la fixation dans la petite constitution de la dur\u00e9e du mandat de l\u2019ANC. Ils estiment que la r\u00e9daction de la constitution qui est la mission fondamentale de l\u2019Assembl\u00e9e pourra prendre beaucoup plus qu\u2019une ann\u00e9e et que le d\u00e9lai pr\u00e9vu dans la d\u00e9claration du processus de transition repr\u00e9sente un engagement moral et non une contrainte juridique. Face aux critiques et r\u00e9actions de l\u2019opposition, Mustapha Ben Ja\u00e2fer se voulant rassurant, a d\u00e9clar\u00e9 \u00e0 une radio priv\u00e9e que le projet pourra \u00eatre r\u00e9dig\u00e9, discut\u00e9 et approuv\u00e9e en une ann\u00e9e.<\/p>\n<p>S\u2019agissant de la r\u00e9daction, certains dans l\u2019Assembl\u00e9e pensent qu\u2019elle ne pr\u00e9sente pas des difficult\u00e9s en raison de la disponibilit\u00e9 de cinq projets \u00e9manant de la haute instance pour la r\u00e9alisation des objectifs de la r\u00e9volution, du mouvement ENNAHDHA, de l\u2019UGTT, de l\u2019association DESTOURNA et de Mr Sadok Belaid, professeur et sp\u00e9cialiste en droit constitutionnel. De ce fait, il n\u2019y aura ni r\u00e9daction ni conception. Les membres des commissions auront simplement \u00e0 choisir avec probablement quelques toilettages, les dispositions qui leur conviennent parmi les projets propos\u00e9s. C\u2019\u00e9tait l\u2019impression qu\u2019on pouvait avoir avant la premi\u00e8re r\u00e9union de la commission de coordination du 17 f\u00e9vrier 2012 o\u00f9 Habib Khedher, rapporteur g\u00e9n\u00e9ral de la commission, a indiqu\u00e9 que les commissions de r\u00e9daction de la constitution devaient \u00ab entamer leurs travaux sur une feuille blanche \u00bb. Mais d\u2019un autre c\u00f4t\u00e9, Habib Khedher a d\u00e9fendu corps et \u00e2me le projet pr\u00e9sent\u00e9 par le mouvement ENNAHDHA auquel il appartient.<\/p>\n<p>Quant aux discussions, lecture et adoption du projet, cette \u00e9tape sera la plus longue si l\u2019on s\u2019en tient au principe du consensus. En effet, si au niveau de la d\u00e9finition de l\u2019identit\u00e9 de la Tunisie et de la cons\u00e9cration des valeurs r\u00e9publicaines \u00e9l\u00e9mentaires, il n\u2019existe pas de divergences significatives entre les membres de la constituante et les formations politiques qui y sont repr\u00e9sent\u00e9es, au niveau de l\u2019organisation des pouvoirs et des fondements de la loi, le consensus n\u2019est pas \u00e9vident. D\u2019o\u00f9 le recours au vote qui va privil\u00e9gier la majorit\u00e9 et m\u00e9contenter la minorit\u00e9.<\/p>\n<p>Une \u00e9ventuelle organisation d\u2019un r\u00e9f\u00e9rendum sur le projet de constitution, soutenue par le Pr\u00e9sident de la R\u00e9publique et une partie de l\u2019opposition, ne sera pas comprise dans le d\u00e9lai d\u2019uneann\u00e9e,e car \u00e0 c\u00f4t\u00e9 de la pr\u00e9paration technique et administrative, la d\u00e9marche n\u00e9cessite en premier lieu l\u2019\u00e9laboration d\u2019un texte sp\u00e9cial puisqu\u2019en l\u2019\u00e9tat actuel des choses, il n\u2019est pr\u00e9vu aucun texte dans ce sens. Ce texte doit d\u00e9finir avec exactitude la question \u00e0 soumettre \u00e0 la consultation populaire. Pour le moment, deux hypoth\u00e8ses sont avanc\u00e9es.<\/p>\n<p>La premi\u00e8re est de limiter le r\u00e9f\u00e9rendum aux dispositions qui n\u2019ont pas \u00e9t\u00e9 approuv\u00e9es par la majorit\u00e9 requise. Dans cette hypoth\u00e8se, la consultation risque de ne pas \u00eatre en conformit\u00e9 avec l\u2019esprit recherch\u00e9 qui table sur une adh\u00e9sion populaire.<\/p>\n<p>La seconde consiste \u00e0 solliciter le citoyen \u00e0 se prononcer par \u00ab\u00a0OUI\u00a0\u00bb ou \u00ab\u00a0NON\u00a0\u00bb sur le projet approuv\u00e9 par l\u2019ANC. Au cas o\u00f9 le \u00ab\u00a0NON\u00a0\u00bb l\u2019emporterait, tout pourra \u00eatre remis en cause et le mandat de l\u2019ANC pourra se prolonger quelque temps encore.<\/p>\n","protected":false},"excerpt":{"rendered":"<p>Travaux de la constituante : rien ne sert de courir quand on n\u2019est pas press\u00e9 !<\/p>\n","protected":false},"author":3222,"featured_media":374500,"comment_status":"open","ping_status":"closed","sticky":false,"template":"","format":"standard","meta":{"footnotes":""},"categories":[44],"tags":[2600],"class_list":["post-172197","post","type-post","status-publish","format-standard","has-post-thumbnail","hentry","category-national","tag-guerre"],"yoast_head":"<!-- This site is optimized with the Yoast SEO Premium plugin v27.5 (Yoast SEO v27.5) - https:\/\/yoast.com\/product\/yoast-seo-premium-wordpress\/ -->\n<title>Travaux de la constituante : rien ne sert de courir quand on n\u2019est pas press\u00e9 !<\/title>\n<meta name=\"description\" content=\"Travaux de la constituante : rien ne sert de courir quand on n\u2019est pas press\u00e9 !\" \/>\n<link rel=\"canonical\" href=\"https:\/\/www.webdo.tn\/fr\/actualite\/national-45\/travaux-de-la-constituante-rien-ne-sert-de-courir-quand-on-nest-pas-presse\/172197\/\" \/>\n<meta property=\"og:locale\" content=\"fr_FR\" \/>\n<meta property=\"og:type\" content=\"article\" \/>\n<meta property=\"og:title\" content=\"Travaux de la constituante : rien ne sert de courir quand on n\u2019est pas press\u00e9 !\" \/>\n<meta property=\"og:description\" content=\"Travaux de la constituante : rien ne sert de courir quand on n\u2019est pas press\u00e9 !\" \/>\n<meta property=\"og:url\" content=\"https:\/\/www.webdo.tn\/fr\/actualite\/national-45\/travaux-de-la-constituante-rien-ne-sert-de-courir-quand-on-nest-pas-presse\/172197\/\" \/>\n<meta property=\"og:site_name\" content=\"webdo\" \/>\n<meta property=\"article:publisher\" content=\"https:\/\/www.facebook.com\/webdotn\" \/>\n<meta property=\"article:published_time\" content=\"2012-02-19T10:32:00+00:00\" \/>\n<meta name=\"author\" content=\"webdo.tn\" \/>\n<meta name=\"twitter:card\" content=\"summary_large_image\" \/>\n<meta name=\"twitter:creator\" content=\"@webdo_tn\" \/>\n<meta name=\"twitter:site\" content=\"@webdo_tn\" \/>\n<meta name=\"twitter:label1\" content=\"\u00c9crit par\" \/>\n\t<meta name=\"twitter:data1\" content=\"webdo.tn\" \/>\n\t<meta name=\"twitter:label2\" content=\"Dur\u00e9e de lecture estim\u00e9e\" \/>\n\t<meta name=\"twitter:data2\" content=\"4 minutes\" \/>\n<script type=\"application\/ld+json\" class=\"yoast-schema-graph\">{\"@context\":\"https:\\\/\\\/schema.org\",\"@graph\":[{\"@type\":\"NewsArticle\",\"@id\":\"https:\\\/\\\/www.webdo.tn\\\/fr\\\/actualite\\\/national-45\\\/travaux-de-la-constituante-rien-ne-sert-de-courir-quand-on-nest-pas-presse\\\/172197\\\/#article\",\"isPartOf\":{\"@id\":\"https:\\\/\\\/www.webdo.tn\\\/fr\\\/actualite\\\/national-45\\\/travaux-de-la-constituante-rien-ne-sert-de-courir-quand-on-nest-pas-presse\\\/172197\\\/\"},\"author\":{\"name\":\"webdo.tn\",\"@id\":\"https:\\\/\\\/www.webdo.tn\\\/fr\\\/#\\\/schema\\\/person\\\/9a9c6118d687c117df8ef3cc36a4d175\"},\"headline\":\"Travaux de la constituante : rien ne sert de courir quand on n\u2019est pas press\u00e9 !\",\"datePublished\":\"2012-02-19T10:32:00+00:00\",\"mainEntityOfPage\":{\"@id\":\"https:\\\/\\\/www.webdo.tn\\\/fr\\\/actualite\\\/national-45\\\/travaux-de-la-constituante-rien-ne-sert-de-courir-quand-on-nest-pas-presse\\\/172197\\\/\"},\"wordCount\":765,\"commentCount\":0,\"publisher\":{\"@id\":\"https:\\\/\\\/www.webdo.tn\\\/fr\\\/#organization\"},\"image\":{\"@id\":\"https:\\\/\\\/www.webdo.tn\\\/fr\\\/actualite\\\/national-45\\\/travaux-de-la-constituante-rien-ne-sert-de-courir-quand-on-nest-pas-presse\\\/172197\\\/#primaryimage\"},\"thumbnailUrl\":\"https:\\\/\\\/www.webdo.tn\\\/fr\\\/wp-content\\\/uploads\\\/2025\\\/06\\\/Assemble-constituante-Tunisie-22-11-11-photo-cyberpresse.ca_1_172197.jpg\",\"keywords\":[\"guerre\"],\"articleSection\":[\"National\"],\"inLanguage\":\"fr-FR\"},{\"@type\":\"WebPage\",\"@id\":\"https:\\\/\\\/www.webdo.tn\\\/fr\\\/actualite\\\/national-45\\\/travaux-de-la-constituante-rien-ne-sert-de-courir-quand-on-nest-pas-presse\\\/172197\\\/\",\"url\":\"https:\\\/\\\/www.webdo.tn\\\/fr\\\/actualite\\\/national-45\\\/travaux-de-la-constituante-rien-ne-sert-de-courir-quand-on-nest-pas-presse\\\/172197\\\/\",\"name\":\"Travaux de la constituante : rien ne sert de courir quand on n\u2019est pas press\u00e9 !\",\"isPartOf\":{\"@id\":\"https:\\\/\\\/www.webdo.tn\\\/fr\\\/#website\"},\"primaryImageOfPage\":{\"@id\":\"https:\\\/\\\/www.webdo.tn\\\/fr\\\/actualite\\\/national-45\\\/travaux-de-la-constituante-rien-ne-sert-de-courir-quand-on-nest-pas-presse\\\/172197\\\/#primaryimage\"},\"image\":{\"@id\":\"https:\\\/\\\/www.webdo.tn\\\/fr\\\/actualite\\\/national-45\\\/travaux-de-la-constituante-rien-ne-sert-de-courir-quand-on-nest-pas-presse\\\/172197\\\/#primaryimage\"},\"thumbnailUrl\":\"https:\\\/\\\/www.webdo.tn\\\/fr\\\/wp-content\\\/uploads\\\/2025\\\/06\\\/Assemble-constituante-Tunisie-22-11-11-photo-cyberpresse.ca_1_172197.jpg\",\"datePublished\":\"2012-02-19T10:32:00+00:00\",\"description\":\"Travaux de la constituante : rien ne sert de courir quand on n\u2019est pas press\u00e9 !\",\"breadcrumb\":{\"@id\":\"https:\\\/\\\/www.webdo.tn\\\/fr\\\/actualite\\\/national-45\\\/travaux-de-la-constituante-rien-ne-sert-de-courir-quand-on-nest-pas-presse\\\/172197\\\/#breadcrumb\"},\"inLanguage\":\"fr-FR\",\"potentialAction\":[{\"@type\":\"ReadAction\",\"target\":[\"https:\\\/\\\/www.webdo.tn\\\/fr\\\/actualite\\\/national-45\\\/travaux-de-la-constituante-rien-ne-sert-de-courir-quand-on-nest-pas-presse\\\/172197\\\/\"]}]},{\"@type\":\"ImageObject\",\"inLanguage\":\"fr-FR\",\"@id\":\"https:\\\/\\\/www.webdo.tn\\\/fr\\\/actualite\\\/national-45\\\/travaux-de-la-constituante-rien-ne-sert-de-courir-quand-on-nest-pas-presse\\\/172197\\\/#primaryimage\",\"url\":\"https:\\\/\\\/www.webdo.tn\\\/fr\\\/wp-content\\\/uploads\\\/2025\\\/06\\\/Assemble-constituante-Tunisie-22-11-11-photo-cyberpresse.ca_1_172197.jpg\",\"contentUrl\":\"https:\\\/\\\/www.webdo.tn\\\/fr\\\/wp-content\\\/uploads\\\/2025\\\/06\\\/Assemble-constituante-Tunisie-22-11-11-photo-cyberpresse.ca_1_172197.jpg\",\"width\":320,\"height\":290,\"caption\":\"Travaux de la constituante : rien ne sert de courir quand on n\u2019est pas press\u00e9 !\"},{\"@type\":\"BreadcrumbList\",\"@id\":\"https:\\\/\\\/www.webdo.tn\\\/fr\\\/actualite\\\/national-45\\\/travaux-de-la-constituante-rien-ne-sert-de-courir-quand-on-nest-pas-presse\\\/172197\\\/#breadcrumb\",\"itemListElement\":[{\"@type\":\"ListItem\",\"position\":1,\"name\":\"Accueil\",\"item\":\"https:\\\/\\\/www.webdo.tn\\\/fr\\\/\"},{\"@type\":\"ListItem\",\"position\":2,\"name\":\"Travaux de la constituante : rien ne sert de courir quand on n\u2019est pas press\u00e9 !\"}]},{\"@type\":\"WebSite\",\"@id\":\"https:\\\/\\\/www.webdo.tn\\\/fr\\\/#website\",\"url\":\"https:\\\/\\\/www.webdo.tn\\\/fr\\\/\",\"name\":\"webdo\",\"description\":\"Tunisie - News en Tunisie et \u00e0 l&#039;international sur Webdo.tn\",\"publisher\":{\"@id\":\"https:\\\/\\\/www.webdo.tn\\\/fr\\\/#organization\"},\"potentialAction\":[{\"@type\":\"SearchAction\",\"target\":{\"@type\":\"EntryPoint\",\"urlTemplate\":\"https:\\\/\\\/www.webdo.tn\\\/fr\\\/?s={search_term_string}\"},\"query-input\":{\"@type\":\"PropertyValueSpecification\",\"valueRequired\":true,\"valueName\":\"search_term_string\"}}],\"inLanguage\":\"fr-FR\"},{\"@type\":\"Organization\",\"@id\":\"https:\\\/\\\/www.webdo.tn\\\/fr\\\/#organization\",\"name\":\"Webdo\",\"alternateName\":\"Webdo.tn\",\"url\":\"https:\\\/\\\/www.webdo.tn\\\/fr\\\/\",\"logo\":{\"@type\":\"ImageObject\",\"inLanguage\":\"fr-FR\",\"@id\":\"https:\\\/\\\/www.webdo.tn\\\/fr\\\/#\\\/schema\\\/logo\\\/image\\\/\",\"url\":\"https:\\\/\\\/www.webdo.tn\\\/fr\\\/wp-content\\\/uploads\\\/2025\\\/06\\\/Webdo-Tunisie_168377.jpg\",\"contentUrl\":\"https:\\\/\\\/www.webdo.tn\\\/fr\\\/wp-content\\\/uploads\\\/2025\\\/06\\\/Webdo-Tunisie_168377.jpg\",\"width\":301,\"height\":301,\"caption\":\"Webdo\"},\"image\":{\"@id\":\"https:\\\/\\\/www.webdo.tn\\\/fr\\\/#\\\/schema\\\/logo\\\/image\\\/\"},\"sameAs\":[\"https:\\\/\\\/www.facebook.com\\\/webdotn\",\"https:\\\/\\\/x.com\\\/webdo_tn\"],\"description\":\"Webdo est un m\u00e9dia num\u00e9rique tunisien fond\u00e9 en 2010, sp\u00e9cialis\u00e9 dans l\u2019actualit\u00e9 nationale et internationale, l\u2019\u00e9conomie, la soci\u00e9t\u00e9 et les analyses politiques. Le site s\u2019adresse \u00e0 un large public francophone et couvre l\u2019information tunisienne en temps r\u00e9el.\",\"email\":\"redac@webdo.tn\",\"legalName\":\"YNJ SARL\",\"foundingDate\":\"2010-09-06\",\"numberOfEmployees\":{\"@type\":\"QuantitativeValue\",\"minValue\":\"11\",\"maxValue\":\"50\"}},{\"@type\":\"Person\",\"@id\":\"https:\\\/\\\/www.webdo.tn\\\/fr\\\/#\\\/schema\\\/person\\\/9a9c6118d687c117df8ef3cc36a4d175\",\"name\":\"webdo.tn\",\"image\":{\"@type\":\"ImageObject\",\"inLanguage\":\"fr-FR\",\"@id\":\"https:\\\/\\\/secure.gravatar.com\\\/avatar\\\/7ce1f28c0c3bbac99ff550b85ef8e44a6950c6ee24514fb6a5489e51d06f0298?s=96&d=mm&r=g\",\"url\":\"https:\\\/\\\/secure.gravatar.com\\\/avatar\\\/7ce1f28c0c3bbac99ff550b85ef8e44a6950c6ee24514fb6a5489e51d06f0298?s=96&d=mm&r=g\",\"contentUrl\":\"https:\\\/\\\/secure.gravatar.com\\\/avatar\\\/7ce1f28c0c3bbac99ff550b85ef8e44a6950c6ee24514fb6a5489e51d06f0298?s=96&d=mm&r=g\",\"caption\":\"webdo.tn\"},\"url\":\"https:\\\/\\\/www.webdo.tn\\\/fr\\\/actualite\\\/author\\\/webdotn\\\/\"}]}<\/script>\n<!-- \/ Yoast SEO Premium plugin. -->","yoast_head_json":{"title":"Travaux de la constituante : rien ne sert de courir quand on n\u2019est pas press\u00e9 !","description":"Travaux de la constituante : rien ne sert de courir quand on n\u2019est pas press\u00e9 !","canonical":"https:\/\/www.webdo.tn\/fr\/actualite\/national-45\/travaux-de-la-constituante-rien-ne-sert-de-courir-quand-on-nest-pas-presse\/172197\/","og_locale":"fr_FR","og_type":"article","og_title":"Travaux de la constituante : rien ne sert de courir quand on n\u2019est pas press\u00e9 !","og_description":"Travaux de la constituante : rien ne sert de courir quand on n\u2019est pas press\u00e9 !","og_url":"https:\/\/www.webdo.tn\/fr\/actualite\/national-45\/travaux-de-la-constituante-rien-ne-sert-de-courir-quand-on-nest-pas-presse\/172197\/","og_site_name":"webdo","article_publisher":"https:\/\/www.facebook.com\/webdotn","article_published_time":"2012-02-19T10:32:00+00:00","author":"webdo.tn","twitter_card":"summary_large_image","twitter_creator":"@webdo_tn","twitter_site":"@webdo_tn","twitter_misc":{"\u00c9crit par":"webdo.tn","Dur\u00e9e de lecture estim\u00e9e":"4 minutes"},"schema":{"@context":"https:\/\/schema.org","@graph":[{"@type":"NewsArticle","@id":"https:\/\/www.webdo.tn\/fr\/actualite\/national-45\/travaux-de-la-constituante-rien-ne-sert-de-courir-quand-on-nest-pas-presse\/172197\/#article","isPartOf":{"@id":"https:\/\/www.webdo.tn\/fr\/actualite\/national-45\/travaux-de-la-constituante-rien-ne-sert-de-courir-quand-on-nest-pas-presse\/172197\/"},"author":{"name":"webdo.tn","@id":"https:\/\/www.webdo.tn\/fr\/#\/schema\/person\/9a9c6118d687c117df8ef3cc36a4d175"},"headline":"Travaux de la constituante : rien ne sert de courir quand on n\u2019est pas press\u00e9 !","datePublished":"2012-02-19T10:32:00+00:00","mainEntityOfPage":{"@id":"https:\/\/www.webdo.tn\/fr\/actualite\/national-45\/travaux-de-la-constituante-rien-ne-sert-de-courir-quand-on-nest-pas-presse\/172197\/"},"wordCount":765,"commentCount":0,"publisher":{"@id":"https:\/\/www.webdo.tn\/fr\/#organization"},"image":{"@id":"https:\/\/www.webdo.tn\/fr\/actualite\/national-45\/travaux-de-la-constituante-rien-ne-sert-de-courir-quand-on-nest-pas-presse\/172197\/#primaryimage"},"thumbnailUrl":"https:\/\/www.webdo.tn\/fr\/wp-content\/uploads\/2025\/06\/Assemble-constituante-Tunisie-22-11-11-photo-cyberpresse.ca_1_172197.jpg","keywords":["guerre"],"articleSection":["National"],"inLanguage":"fr-FR"},{"@type":"WebPage","@id":"https:\/\/www.webdo.tn\/fr\/actualite\/national-45\/travaux-de-la-constituante-rien-ne-sert-de-courir-quand-on-nest-pas-presse\/172197\/","url":"https:\/\/www.webdo.tn\/fr\/actualite\/national-45\/travaux-de-la-constituante-rien-ne-sert-de-courir-quand-on-nest-pas-presse\/172197\/","name":"Travaux de la constituante : rien ne sert de courir quand on n\u2019est pas press\u00e9 !","isPartOf":{"@id":"https:\/\/www.webdo.tn\/fr\/#website"},"primaryImageOfPage":{"@id":"https:\/\/www.webdo.tn\/fr\/actualite\/national-45\/travaux-de-la-constituante-rien-ne-sert-de-courir-quand-on-nest-pas-presse\/172197\/#primaryimage"},"image":{"@id":"https:\/\/www.webdo.tn\/fr\/actualite\/national-45\/travaux-de-la-constituante-rien-ne-sert-de-courir-quand-on-nest-pas-presse\/172197\/#primaryimage"},"thumbnailUrl":"https:\/\/www.webdo.tn\/fr\/wp-content\/uploads\/2025\/06\/Assemble-constituante-Tunisie-22-11-11-photo-cyberpresse.ca_1_172197.jpg","datePublished":"2012-02-19T10:32:00+00:00","description":"Travaux de la constituante : rien ne sert de courir quand on n\u2019est pas press\u00e9 !","breadcrumb":{"@id":"https:\/\/www.webdo.tn\/fr\/actualite\/national-45\/travaux-de-la-constituante-rien-ne-sert-de-courir-quand-on-nest-pas-presse\/172197\/#breadcrumb"},"inLanguage":"fr-FR","potentialAction":[{"@type":"ReadAction","target":["https:\/\/www.webdo.tn\/fr\/actualite\/national-45\/travaux-de-la-constituante-rien-ne-sert-de-courir-quand-on-nest-pas-presse\/172197\/"]}]},{"@type":"ImageObject","inLanguage":"fr-FR","@id":"https:\/\/www.webdo.tn\/fr\/actualite\/national-45\/travaux-de-la-constituante-rien-ne-sert-de-courir-quand-on-nest-pas-presse\/172197\/#primaryimage","url":"https:\/\/www.webdo.tn\/fr\/wp-content\/uploads\/2025\/06\/Assemble-constituante-Tunisie-22-11-11-photo-cyberpresse.ca_1_172197.jpg","contentUrl":"https:\/\/www.webdo.tn\/fr\/wp-content\/uploads\/2025\/06\/Assemble-constituante-Tunisie-22-11-11-photo-cyberpresse.ca_1_172197.jpg","width":320,"height":290,"caption":"Travaux de la constituante : rien ne sert de courir quand on n\u2019est pas press\u00e9 !"},{"@type":"BreadcrumbList","@id":"https:\/\/www.webdo.tn\/fr\/actualite\/national-45\/travaux-de-la-constituante-rien-ne-sert-de-courir-quand-on-nest-pas-presse\/172197\/#breadcrumb","itemListElement":[{"@type":"ListItem","position":1,"name":"Accueil","item":"https:\/\/www.webdo.tn\/fr\/"},{"@type":"ListItem","position":2,"name":"Travaux de la constituante : rien ne sert de courir quand on n\u2019est pas press\u00e9 !"}]},{"@type":"WebSite","@id":"https:\/\/www.webdo.tn\/fr\/#website","url":"https:\/\/www.webdo.tn\/fr\/","name":"webdo","description":"Tunisie - News en Tunisie et \u00e0 l&#039;international sur Webdo.tn","publisher":{"@id":"https:\/\/www.webdo.tn\/fr\/#organization"},"potentialAction":[{"@type":"SearchAction","target":{"@type":"EntryPoint","urlTemplate":"https:\/\/www.webdo.tn\/fr\/?s={search_term_string}"},"query-input":{"@type":"PropertyValueSpecification","valueRequired":true,"valueName":"search_term_string"}}],"inLanguage":"fr-FR"},{"@type":"Organization","@id":"https:\/\/www.webdo.tn\/fr\/#organization","name":"Webdo","alternateName":"Webdo.tn","url":"https:\/\/www.webdo.tn\/fr\/","logo":{"@type":"ImageObject","inLanguage":"fr-FR","@id":"https:\/\/www.webdo.tn\/fr\/#\/schema\/logo\/image\/","url":"https:\/\/www.webdo.tn\/fr\/wp-content\/uploads\/2025\/06\/Webdo-Tunisie_168377.jpg","contentUrl":"https:\/\/www.webdo.tn\/fr\/wp-content\/uploads\/2025\/06\/Webdo-Tunisie_168377.jpg","width":301,"height":301,"caption":"Webdo"},"image":{"@id":"https:\/\/www.webdo.tn\/fr\/#\/schema\/logo\/image\/"},"sameAs":["https:\/\/www.facebook.com\/webdotn","https:\/\/x.com\/webdo_tn"],"description":"Webdo est un m\u00e9dia num\u00e9rique tunisien fond\u00e9 en 2010, sp\u00e9cialis\u00e9 dans l\u2019actualit\u00e9 nationale et internationale, l\u2019\u00e9conomie, la soci\u00e9t\u00e9 et les analyses politiques. Le site s\u2019adresse \u00e0 un large public francophone et couvre l\u2019information tunisienne en temps r\u00e9el.","email":"redac@webdo.tn","legalName":"YNJ SARL","foundingDate":"2010-09-06","numberOfEmployees":{"@type":"QuantitativeValue","minValue":"11","maxValue":"50"}},{"@type":"Person","@id":"https:\/\/www.webdo.tn\/fr\/#\/schema\/person\/9a9c6118d687c117df8ef3cc36a4d175","name":"webdo.tn","image":{"@type":"ImageObject","inLanguage":"fr-FR","@id":"https:\/\/secure.gravatar.com\/avatar\/7ce1f28c0c3bbac99ff550b85ef8e44a6950c6ee24514fb6a5489e51d06f0298?s=96&d=mm&r=g","url":"https:\/\/secure.gravatar.com\/avatar\/7ce1f28c0c3bbac99ff550b85ef8e44a6950c6ee24514fb6a5489e51d06f0298?s=96&d=mm&r=g","contentUrl":"https:\/\/secure.gravatar.com\/avatar\/7ce1f28c0c3bbac99ff550b85ef8e44a6950c6ee24514fb6a5489e51d06f0298?s=96&d=mm&r=g","caption":"webdo.tn"},"url":"https:\/\/www.webdo.tn\/fr\/actualite\/author\/webdotn\/"}]}},"_links":{"self":[{"href":"https:\/\/www.webdo.tn\/fr\/wp-json\/wp\/v2\/posts\/172197","targetHints":{"allow":["GET"]}}],"collection":[{"href":"https:\/\/www.webdo.tn\/fr\/wp-json\/wp\/v2\/posts"}],"about":[{"href":"https:\/\/www.webdo.tn\/fr\/wp-json\/wp\/v2\/types\/post"}],"author":[{"embeddable":true,"href":"https:\/\/www.webdo.tn\/fr\/wp-json\/wp\/v2\/users\/3222"}],"replies":[{"embeddable":true,"href":"https:\/\/www.webdo.tn\/fr\/wp-json\/wp\/v2\/comments?post=172197"}],"version-history":[{"count":0,"href":"https:\/\/www.webdo.tn\/fr\/wp-json\/wp\/v2\/posts\/172197\/revisions"}],"wp:featuredmedia":[{"embeddable":true,"href":"https:\/\/www.webdo.tn\/fr\/wp-json\/wp\/v2\/media\/374500"}],"wp:attachment":[{"href":"https:\/\/www.webdo.tn\/fr\/wp-json\/wp\/v2\/media?parent=172197"}],"wp:term":[{"taxonomy":"category","embeddable":true,"href":"https:\/\/www.webdo.tn\/fr\/wp-json\/wp\/v2\/categories?post=172197"},{"taxonomy":"post_tag","embeddable":true,"href":"https:\/\/www.webdo.tn\/fr\/wp-json\/wp\/v2\/tags?post=172197"}],"curies":[{"name":"wp","href":"https:\/\/api.w.org\/{rel}","templated":true}]}}