{"id":172196,"date":"2012-02-20T15:17:00","date_gmt":"2012-02-20T15:17:00","guid":{"rendered":"https:\/\/www.webdo.tn\/fr\/blog\/des-infos-troublantes-sur-la-visite-de-wajdi-ghanim\/172196\/"},"modified":"2025-06-04T19:00:22","modified_gmt":"2025-06-04T19:00:22","slug":"des-infos-troublantes-sur-la-visite-de-wajdi-ghanim","status":"publish","type":"post","link":"https:\/\/www.webdo.tn\/fr\/actualite\/national\/des-infos-troublantes-sur-la-visite-de-wajdi-ghanim\/172196\/","title":{"rendered":"Des infos troublantes sur la visite de Wajdi Ghanim"},"content":{"rendered":"<p>Les associations caritatives, \u00e0 l\u2019origine de la visite de Wajdi Ghanim en Tunisie, auraient eu la main lourde sur les honoraires du pr\u00e9dicateur int\u00e9griste. En effet, la somme de 20.000 dollars aurait \u00e9t\u00e9 pay\u00e9e pour cette tourn\u00e9e de conf\u00e9rences.<\/p>\n<p>D\u2019autre part, il appara\u00eet de plus en plus que le minist\u00e8re, dirig\u00e9 par Tarak Dhiab, aurait contribu\u00e9 \u00e0 cette visite. En effet, une ristourne aurait \u00e9t\u00e9 consentie pour la location du Palais des Sports d\u2019El Menzah. Ainsi, seulement 2000 dinars auraient \u00e9t\u00e9 pay\u00e9s par les organisateurs du meeting de Ghanim avec ses sept mille supporters pr\u00e9sents.<\/p>\n<p>Notons que les \u00e9tablissements relevant du minist\u00e8re de la Culture (par exemple le centre culturel de B\u00e9ja) ont d\u00e9clin\u00e9 l\u2019offre d\u2019accueillir Ghanim, ce qui donc ne fut pas le cas pour le minist\u00e8re de la Jeunesse et des Sports.<\/p>\n<p>Plus troublant encore, il se chuchote que ce serait sur intervention de l\u2019\u00e9pouse de Tarak Dhiab que cette ristourne a \u00e9t\u00e9 rendue possible.<\/p>\n<p>En tout \u00e9tat de cause, une autre question demeure : Comment Ghanim a-t-il obtenu son visa pour la Tunisie ?<\/p>\n<p>En effet, l\u2019octroi d\u2019un visa \u00e0 une personnalit\u00e9 interdite d\u2019acc\u00e8s dans plusieurs pays ne peut logiquement se faire au niveau consulaire. Qui a donc donn\u00e9 l\u2019aval politique pour cette visite, source de pol\u00e9mique ?<\/p>\n<p>Les r\u00e9seaux sociaux n\u2019ont pas fini de d\u00e9m\u00ealer les tenants et aboutissants de ce v\u00e9ritable scandale (selon les uns) ou de cette l\u00e9gitime expression (pour les autres)\u2026<\/p>\n","protected":false},"excerpt":{"rendered":"<p>Des infos troublantes sur la visite de Wajdi Ghanim <\/p>\n","protected":false},"author":3222,"featured_media":333759,"comment_status":"open","ping_status":"closed","sticky":false,"template":"","format":"standard","meta":{"footnotes":""},"categories":[44],"tags":[],"class_list":["post-172196","post","type-post","status-publish","format-standard","has-post-thumbnail","hentry","category-national"],"yoast_head":"<!-- This site is optimized with the Yoast SEO Premium plugin v27.5 (Yoast SEO v27.5) - https:\/\/yoast.com\/product\/yoast-seo-premium-wordpress\/ -->\n<title>Des infos troublantes sur la visite de Wajdi Ghanim<\/title>\n<meta name=\"description\" content=\"Des infos troublantes sur la visite de Wajdi Ghanim\" \/>\n<link rel=\"canonical\" href=\"https:\/\/www.webdo.tn\/fr\/actualite\/national\/des-infos-troublantes-sur-la-visite-de-wajdi-ghanim\/172196\/\" \/>\n<meta property=\"og:locale\" content=\"fr_FR\" \/>\n<meta property=\"og:type\" content=\"article\" \/>\n<meta property=\"og:title\" content=\"Des infos troublantes sur la visite de Wajdi Ghanim\" \/>\n<meta property=\"og:description\" content=\"Des infos troublantes sur la visite de Wajdi Ghanim\" \/>\n<meta property=\"og:url\" content=\"https:\/\/www.webdo.tn\/fr\/actualite\/national\/des-infos-troublantes-sur-la-visite-de-wajdi-ghanim\/172196\/\" \/>\n<meta property=\"og:site_name\" content=\"webdo\" \/>\n<meta property=\"article:publisher\" content=\"https:\/\/www.facebook.com\/webdotn\" \/>\n<meta property=\"article:published_time\" content=\"2012-02-20T15:17:00+00:00\" \/>\n<meta property=\"article:modified_time\" content=\"2025-06-04T19:00:22+00:00\" \/>\n<meta property=\"og:image\" content=\"https:\/\/www.webdo.tn\/fr\/wp-content\/uploads\/2012\/02\/Wajdi-Ghanim-photo-lexpressiondz.com_.jpg\" \/>\n\t<meta property=\"og:image:width\" content=\"210\" \/>\n\t<meta property=\"og:image:height\" content=\"140\" \/>\n\t<meta property=\"og:image:type\" content=\"image\/jpeg\" \/>\n<meta name=\"author\" content=\"webdo.tn\" \/>\n<meta name=\"twitter:card\" content=\"summary_large_image\" \/>\n<meta name=\"twitter:creator\" content=\"@webdo_tn\" \/>\n<meta name=\"twitter:site\" content=\"@webdo_tn\" \/>\n<meta name=\"twitter:label1\" content=\"\u00c9crit par\" \/>\n\t<meta name=\"twitter:data1\" content=\"webdo.tn\" \/>\n\t<meta name=\"twitter:label2\" content=\"Dur\u00e9e de lecture estim\u00e9e\" \/>\n\t<meta name=\"twitter:data2\" content=\"1 minute\" \/>\n<script type=\"application\/ld+json\" class=\"yoast-schema-graph\">{\"@context\":\"https:\\\/\\\/schema.org\",\"@graph\":[{\"@type\":\"NewsArticle\",\"@id\":\"https:\\\/\\\/www.webdo.tn\\\/fr\\\/actualite\\\/national\\\/des-infos-troublantes-sur-la-visite-de-wajdi-ghanim\\\/172196\\\/#article\",\"isPartOf\":{\"@id\":\"https:\\\/\\\/www.webdo.tn\\\/fr\\\/actualite\\\/national\\\/des-infos-troublantes-sur-la-visite-de-wajdi-ghanim\\\/172196\\\/\"},\"author\":{\"name\":\"webdo.tn\",\"@id\":\"https:\\\/\\\/www.webdo.tn\\\/fr\\\/#\\\/schema\\\/person\\\/9a9c6118d687c117df8ef3cc36a4d175\"},\"headline\":\"Des infos troublantes sur la visite de Wajdi Ghanim\",\"datePublished\":\"2012-02-20T15:17:00+00:00\",\"dateModified\":\"2025-06-04T19:00:22+00:00\",\"mainEntityOfPage\":{\"@id\":\"https:\\\/\\\/www.webdo.tn\\\/fr\\\/actualite\\\/national\\\/des-infos-troublantes-sur-la-visite-de-wajdi-ghanim\\\/172196\\\/\"},\"wordCount\":270,\"commentCount\":0,\"publisher\":{\"@id\":\"https:\\\/\\\/www.webdo.tn\\\/fr\\\/#organization\"},\"image\":{\"@id\":\"https:\\\/\\\/www.webdo.tn\\\/fr\\\/actualite\\\/national\\\/des-infos-troublantes-sur-la-visite-de-wajdi-ghanim\\\/172196\\\/#primaryimage\"},\"thumbnailUrl\":\"https:\\\/\\\/www.webdo.tn\\\/fr\\\/wp-content\\\/uploads\\\/2012\\\/02\\\/Wajdi-Ghanim-photo-lexpressiondz.com_.jpg\",\"articleSection\":[\"National\"],\"inLanguage\":\"fr-FR\"},{\"@type\":\"WebPage\",\"@id\":\"https:\\\/\\\/www.webdo.tn\\\/fr\\\/actualite\\\/national\\\/des-infos-troublantes-sur-la-visite-de-wajdi-ghanim\\\/172196\\\/\",\"url\":\"https:\\\/\\\/www.webdo.tn\\\/fr\\\/actualite\\\/national\\\/des-infos-troublantes-sur-la-visite-de-wajdi-ghanim\\\/172196\\\/\",\"name\":\"Des infos troublantes sur la visite de Wajdi Ghanim\",\"isPartOf\":{\"@id\":\"https:\\\/\\\/www.webdo.tn\\\/fr\\\/#website\"},\"primaryImageOfPage\":{\"@id\":\"https:\\\/\\\/www.webdo.tn\\\/fr\\\/actualite\\\/national\\\/des-infos-troublantes-sur-la-visite-de-wajdi-ghanim\\\/172196\\\/#primaryimage\"},\"image\":{\"@id\":\"https:\\\/\\\/www.webdo.tn\\\/fr\\\/actualite\\\/national\\\/des-infos-troublantes-sur-la-visite-de-wajdi-ghanim\\\/172196\\\/#primaryimage\"},\"thumbnailUrl\":\"https:\\\/\\\/www.webdo.tn\\\/fr\\\/wp-content\\\/uploads\\\/2012\\\/02\\\/Wajdi-Ghanim-photo-lexpressiondz.com_.jpg\",\"datePublished\":\"2012-02-20T15:17:00+00:00\",\"dateModified\":\"2025-06-04T19:00:22+00:00\",\"description\":\"Des infos troublantes sur la visite de Wajdi Ghanim\",\"breadcrumb\":{\"@id\":\"https:\\\/\\\/www.webdo.tn\\\/fr\\\/actualite\\\/national\\\/des-infos-troublantes-sur-la-visite-de-wajdi-ghanim\\\/172196\\\/#breadcrumb\"},\"inLanguage\":\"fr-FR\",\"potentialAction\":[{\"@type\":\"ReadAction\",\"target\":[\"https:\\\/\\\/www.webdo.tn\\\/fr\\\/actualite\\\/national\\\/des-infos-troublantes-sur-la-visite-de-wajdi-ghanim\\\/172196\\\/\"]}]},{\"@type\":\"ImageObject\",\"inLanguage\":\"fr-FR\",\"@id\":\"https:\\\/\\\/www.webdo.tn\\\/fr\\\/actualite\\\/national\\\/des-infos-troublantes-sur-la-visite-de-wajdi-ghanim\\\/172196\\\/#primaryimage\",\"url\":\"https:\\\/\\\/www.webdo.tn\\\/fr\\\/wp-content\\\/uploads\\\/2012\\\/02\\\/Wajdi-Ghanim-photo-lexpressiondz.com_.jpg\",\"contentUrl\":\"https:\\\/\\\/www.webdo.tn\\\/fr\\\/wp-content\\\/uploads\\\/2012\\\/02\\\/Wajdi-Ghanim-photo-lexpressiondz.com_.jpg\",\"width\":210,\"height\":140,\"caption\":\"Des infos troublantes sur la visite de Wajdi Ghanim\"},{\"@type\":\"BreadcrumbList\",\"@id\":\"https:\\\/\\\/www.webdo.tn\\\/fr\\\/actualite\\\/national\\\/des-infos-troublantes-sur-la-visite-de-wajdi-ghanim\\\/172196\\\/#breadcrumb\",\"itemListElement\":[{\"@type\":\"ListItem\",\"position\":1,\"name\":\"Accueil\",\"item\":\"https:\\\/\\\/www.webdo.tn\\\/fr\\\/\"},{\"@type\":\"ListItem\",\"position\":2,\"name\":\"Des infos troublantes sur la visite de Wajdi Ghanim\"}]},{\"@type\":\"WebSite\",\"@id\":\"https:\\\/\\\/www.webdo.tn\\\/fr\\\/#website\",\"url\":\"https:\\\/\\\/www.webdo.tn\\\/fr\\\/\",\"name\":\"webdo\",\"description\":\"Tunisie - News en Tunisie et \u00e0 l&#039;international sur Webdo.tn\",\"publisher\":{\"@id\":\"https:\\\/\\\/www.webdo.tn\\\/fr\\\/#organization\"},\"potentialAction\":[{\"@type\":\"SearchAction\",\"target\":{\"@type\":\"EntryPoint\",\"urlTemplate\":\"https:\\\/\\\/www.webdo.tn\\\/fr\\\/?s={search_term_string}\"},\"query-input\":{\"@type\":\"PropertyValueSpecification\",\"valueRequired\":true,\"valueName\":\"search_term_string\"}}],\"inLanguage\":\"fr-FR\"},{\"@type\":\"Organization\",\"@id\":\"https:\\\/\\\/www.webdo.tn\\\/fr\\\/#organization\",\"name\":\"Webdo\",\"alternateName\":\"Webdo.tn\",\"url\":\"https:\\\/\\\/www.webdo.tn\\\/fr\\\/\",\"logo\":{\"@type\":\"ImageObject\",\"inLanguage\":\"fr-FR\",\"@id\":\"https:\\\/\\\/www.webdo.tn\\\/fr\\\/#\\\/schema\\\/logo\\\/image\\\/\",\"url\":\"https:\\\/\\\/www.webdo.tn\\\/fr\\\/wp-content\\\/uploads\\\/2025\\\/06\\\/Webdo-Tunisie_168377.jpg\",\"contentUrl\":\"https:\\\/\\\/www.webdo.tn\\\/fr\\\/wp-content\\\/uploads\\\/2025\\\/06\\\/Webdo-Tunisie_168377.jpg\",\"width\":301,\"height\":301,\"caption\":\"Webdo\"},\"image\":{\"@id\":\"https:\\\/\\\/www.webdo.tn\\\/fr\\\/#\\\/schema\\\/logo\\\/image\\\/\"},\"sameAs\":[\"https:\\\/\\\/www.facebook.com\\\/webdotn\",\"https:\\\/\\\/x.com\\\/webdo_tn\"],\"description\":\"Webdo est un m\u00e9dia num\u00e9rique tunisien fond\u00e9 en 2010, sp\u00e9cialis\u00e9 dans l\u2019actualit\u00e9 nationale et internationale, l\u2019\u00e9conomie, la soci\u00e9t\u00e9 et les analyses politiques. Le site s\u2019adresse \u00e0 un large public francophone et couvre l\u2019information tunisienne en temps r\u00e9el.\",\"email\":\"redac@webdo.tn\",\"legalName\":\"YNJ SARL\",\"foundingDate\":\"2010-09-06\",\"numberOfEmployees\":{\"@type\":\"QuantitativeValue\",\"minValue\":\"11\",\"maxValue\":\"50\"}},{\"@type\":\"Person\",\"@id\":\"https:\\\/\\\/www.webdo.tn\\\/fr\\\/#\\\/schema\\\/person\\\/9a9c6118d687c117df8ef3cc36a4d175\",\"name\":\"webdo.tn\",\"image\":{\"@type\":\"ImageObject\",\"inLanguage\":\"fr-FR\",\"@id\":\"https:\\\/\\\/secure.gravatar.com\\\/avatar\\\/7ce1f28c0c3bbac99ff550b85ef8e44a6950c6ee24514fb6a5489e51d06f0298?s=96&d=mm&r=g\",\"url\":\"https:\\\/\\\/secure.gravatar.com\\\/avatar\\\/7ce1f28c0c3bbac99ff550b85ef8e44a6950c6ee24514fb6a5489e51d06f0298?s=96&d=mm&r=g\",\"contentUrl\":\"https:\\\/\\\/secure.gravatar.com\\\/avatar\\\/7ce1f28c0c3bbac99ff550b85ef8e44a6950c6ee24514fb6a5489e51d06f0298?s=96&d=mm&r=g\",\"caption\":\"webdo.tn\"},\"url\":\"https:\\\/\\\/www.webdo.tn\\\/fr\\\/actualite\\\/author\\\/webdotn\\\/\"}]}<\/script>\n<!-- \/ Yoast SEO Premium plugin. -->","yoast_head_json":{"title":"Des infos troublantes sur la visite de Wajdi Ghanim","description":"Des infos troublantes sur la visite de Wajdi Ghanim","canonical":"https:\/\/www.webdo.tn\/fr\/actualite\/national\/des-infos-troublantes-sur-la-visite-de-wajdi-ghanim\/172196\/","og_locale":"fr_FR","og_type":"article","og_title":"Des infos troublantes sur la visite de Wajdi Ghanim","og_description":"Des infos troublantes sur la visite de Wajdi Ghanim","og_url":"https:\/\/www.webdo.tn\/fr\/actualite\/national\/des-infos-troublantes-sur-la-visite-de-wajdi-ghanim\/172196\/","og_site_name":"webdo","article_publisher":"https:\/\/www.facebook.com\/webdotn","article_published_time":"2012-02-20T15:17:00+00:00","article_modified_time":"2025-06-04T19:00:22+00:00","og_image":[{"width":210,"height":140,"url":"https:\/\/www.webdo.tn\/fr\/wp-content\/uploads\/2012\/02\/Wajdi-Ghanim-photo-lexpressiondz.com_.jpg","type":"image\/jpeg"}],"author":"webdo.tn","twitter_card":"summary_large_image","twitter_creator":"@webdo_tn","twitter_site":"@webdo_tn","twitter_misc":{"\u00c9crit par":"webdo.tn","Dur\u00e9e de lecture estim\u00e9e":"1 minute"},"schema":{"@context":"https:\/\/schema.org","@graph":[{"@type":"NewsArticle","@id":"https:\/\/www.webdo.tn\/fr\/actualite\/national\/des-infos-troublantes-sur-la-visite-de-wajdi-ghanim\/172196\/#article","isPartOf":{"@id":"https:\/\/www.webdo.tn\/fr\/actualite\/national\/des-infos-troublantes-sur-la-visite-de-wajdi-ghanim\/172196\/"},"author":{"name":"webdo.tn","@id":"https:\/\/www.webdo.tn\/fr\/#\/schema\/person\/9a9c6118d687c117df8ef3cc36a4d175"},"headline":"Des infos troublantes sur la visite de Wajdi Ghanim","datePublished":"2012-02-20T15:17:00+00:00","dateModified":"2025-06-04T19:00:22+00:00","mainEntityOfPage":{"@id":"https:\/\/www.webdo.tn\/fr\/actualite\/national\/des-infos-troublantes-sur-la-visite-de-wajdi-ghanim\/172196\/"},"wordCount":270,"commentCount":0,"publisher":{"@id":"https:\/\/www.webdo.tn\/fr\/#organization"},"image":{"@id":"https:\/\/www.webdo.tn\/fr\/actualite\/national\/des-infos-troublantes-sur-la-visite-de-wajdi-ghanim\/172196\/#primaryimage"},"thumbnailUrl":"https:\/\/www.webdo.tn\/fr\/wp-content\/uploads\/2012\/02\/Wajdi-Ghanim-photo-lexpressiondz.com_.jpg","articleSection":["National"],"inLanguage":"fr-FR"},{"@type":"WebPage","@id":"https:\/\/www.webdo.tn\/fr\/actualite\/national\/des-infos-troublantes-sur-la-visite-de-wajdi-ghanim\/172196\/","url":"https:\/\/www.webdo.tn\/fr\/actualite\/national\/des-infos-troublantes-sur-la-visite-de-wajdi-ghanim\/172196\/","name":"Des infos troublantes sur la visite de Wajdi Ghanim","isPartOf":{"@id":"https:\/\/www.webdo.tn\/fr\/#website"},"primaryImageOfPage":{"@id":"https:\/\/www.webdo.tn\/fr\/actualite\/national\/des-infos-troublantes-sur-la-visite-de-wajdi-ghanim\/172196\/#primaryimage"},"image":{"@id":"https:\/\/www.webdo.tn\/fr\/actualite\/national\/des-infos-troublantes-sur-la-visite-de-wajdi-ghanim\/172196\/#primaryimage"},"thumbnailUrl":"https:\/\/www.webdo.tn\/fr\/wp-content\/uploads\/2012\/02\/Wajdi-Ghanim-photo-lexpressiondz.com_.jpg","datePublished":"2012-02-20T15:17:00+00:00","dateModified":"2025-06-04T19:00:22+00:00","description":"Des infos troublantes sur la visite de Wajdi Ghanim","breadcrumb":{"@id":"https:\/\/www.webdo.tn\/fr\/actualite\/national\/des-infos-troublantes-sur-la-visite-de-wajdi-ghanim\/172196\/#breadcrumb"},"inLanguage":"fr-FR","potentialAction":[{"@type":"ReadAction","target":["https:\/\/www.webdo.tn\/fr\/actualite\/national\/des-infos-troublantes-sur-la-visite-de-wajdi-ghanim\/172196\/"]}]},{"@type":"ImageObject","inLanguage":"fr-FR","@id":"https:\/\/www.webdo.tn\/fr\/actualite\/national\/des-infos-troublantes-sur-la-visite-de-wajdi-ghanim\/172196\/#primaryimage","url":"https:\/\/www.webdo.tn\/fr\/wp-content\/uploads\/2012\/02\/Wajdi-Ghanim-photo-lexpressiondz.com_.jpg","contentUrl":"https:\/\/www.webdo.tn\/fr\/wp-content\/uploads\/2012\/02\/Wajdi-Ghanim-photo-lexpressiondz.com_.jpg","width":210,"height":140,"caption":"Des infos troublantes sur la visite de Wajdi Ghanim"},{"@type":"BreadcrumbList","@id":"https:\/\/www.webdo.tn\/fr\/actualite\/national\/des-infos-troublantes-sur-la-visite-de-wajdi-ghanim\/172196\/#breadcrumb","itemListElement":[{"@type":"ListItem","position":1,"name":"Accueil","item":"https:\/\/www.webdo.tn\/fr\/"},{"@type":"ListItem","position":2,"name":"Des infos troublantes sur la visite de Wajdi Ghanim"}]},{"@type":"WebSite","@id":"https:\/\/www.webdo.tn\/fr\/#website","url":"https:\/\/www.webdo.tn\/fr\/","name":"webdo","description":"Tunisie - News en Tunisie et \u00e0 l&#039;international sur Webdo.tn","publisher":{"@id":"https:\/\/www.webdo.tn\/fr\/#organization"},"potentialAction":[{"@type":"SearchAction","target":{"@type":"EntryPoint","urlTemplate":"https:\/\/www.webdo.tn\/fr\/?s={search_term_string}"},"query-input":{"@type":"PropertyValueSpecification","valueRequired":true,"valueName":"search_term_string"}}],"inLanguage":"fr-FR"},{"@type":"Organization","@id":"https:\/\/www.webdo.tn\/fr\/#organization","name":"Webdo","alternateName":"Webdo.tn","url":"https:\/\/www.webdo.tn\/fr\/","logo":{"@type":"ImageObject","inLanguage":"fr-FR","@id":"https:\/\/www.webdo.tn\/fr\/#\/schema\/logo\/image\/","url":"https:\/\/www.webdo.tn\/fr\/wp-content\/uploads\/2025\/06\/Webdo-Tunisie_168377.jpg","contentUrl":"https:\/\/www.webdo.tn\/fr\/wp-content\/uploads\/2025\/06\/Webdo-Tunisie_168377.jpg","width":301,"height":301,"caption":"Webdo"},"image":{"@id":"https:\/\/www.webdo.tn\/fr\/#\/schema\/logo\/image\/"},"sameAs":["https:\/\/www.facebook.com\/webdotn","https:\/\/x.com\/webdo_tn"],"description":"Webdo est un m\u00e9dia num\u00e9rique tunisien fond\u00e9 en 2010, sp\u00e9cialis\u00e9 dans l\u2019actualit\u00e9 nationale et internationale, l\u2019\u00e9conomie, la soci\u00e9t\u00e9 et les analyses politiques. Le site s\u2019adresse \u00e0 un large public francophone et couvre l\u2019information tunisienne en temps r\u00e9el.","email":"redac@webdo.tn","legalName":"YNJ SARL","foundingDate":"2010-09-06","numberOfEmployees":{"@type":"QuantitativeValue","minValue":"11","maxValue":"50"}},{"@type":"Person","@id":"https:\/\/www.webdo.tn\/fr\/#\/schema\/person\/9a9c6118d687c117df8ef3cc36a4d175","name":"webdo.tn","image":{"@type":"ImageObject","inLanguage":"fr-FR","@id":"https:\/\/secure.gravatar.com\/avatar\/7ce1f28c0c3bbac99ff550b85ef8e44a6950c6ee24514fb6a5489e51d06f0298?s=96&d=mm&r=g","url":"https:\/\/secure.gravatar.com\/avatar\/7ce1f28c0c3bbac99ff550b85ef8e44a6950c6ee24514fb6a5489e51d06f0298?s=96&d=mm&r=g","contentUrl":"https:\/\/secure.gravatar.com\/avatar\/7ce1f28c0c3bbac99ff550b85ef8e44a6950c6ee24514fb6a5489e51d06f0298?s=96&d=mm&r=g","caption":"webdo.tn"},"url":"https:\/\/www.webdo.tn\/fr\/actualite\/author\/webdotn\/"}]}},"_links":{"self":[{"href":"https:\/\/www.webdo.tn\/fr\/wp-json\/wp\/v2\/posts\/172196","targetHints":{"allow":["GET"]}}],"collection":[{"href":"https:\/\/www.webdo.tn\/fr\/wp-json\/wp\/v2\/posts"}],"about":[{"href":"https:\/\/www.webdo.tn\/fr\/wp-json\/wp\/v2\/types\/post"}],"author":[{"embeddable":true,"href":"https:\/\/www.webdo.tn\/fr\/wp-json\/wp\/v2\/users\/3222"}],"replies":[{"embeddable":true,"href":"https:\/\/www.webdo.tn\/fr\/wp-json\/wp\/v2\/comments?post=172196"}],"version-history":[{"count":0,"href":"https:\/\/www.webdo.tn\/fr\/wp-json\/wp\/v2\/posts\/172196\/revisions"}],"wp:featuredmedia":[{"embeddable":true,"href":"https:\/\/www.webdo.tn\/fr\/wp-json\/wp\/v2\/media\/333759"}],"wp:attachment":[{"href":"https:\/\/www.webdo.tn\/fr\/wp-json\/wp\/v2\/media?parent=172196"}],"wp:term":[{"taxonomy":"category","embeddable":true,"href":"https:\/\/www.webdo.tn\/fr\/wp-json\/wp\/v2\/categories?post=172196"},{"taxonomy":"post_tag","embeddable":true,"href":"https:\/\/www.webdo.tn\/fr\/wp-json\/wp\/v2\/tags?post=172196"}],"curies":[{"name":"wp","href":"https:\/\/api.w.org\/{rel}","templated":true}]}}