{"id":172195,"date":"2012-02-20T15:18:00","date_gmt":"2012-02-20T15:18:00","guid":{"rendered":"https:\/\/www.webdo.tn\/fr\/blog\/politique-la-montee-en-puissance-de-abdelfattah-mourou\/172195\/"},"modified":"2025-06-04T19:00:30","modified_gmt":"2025-06-04T19:00:30","slug":"politique-la-montee-en-puissance-de-abdelfattah-mourou","status":"publish","type":"post","link":"https:\/\/www.webdo.tn\/fr\/actualite\/national\/politique-la-montee-en-puissance-de-abdelfattah-mourou\/172195\/","title":{"rendered":"Politique &#8211; La mont\u00e9e en puissance de Abdelfattah Mourou"},"content":{"rendered":"<p>Facebook et les r\u00e9seaux sociaux n\u2019ont plus d\u2019yeux que pour Abdelfattah Mourou dont la prestation t\u00e9l\u00e9vis\u00e9e, dimanche sur \u201cNesma\u201d, s\u2019est av\u00e9r\u00e9e de plus convaincante.<\/p>\n<p>Mesur\u00e9, f\u00e9d\u00e9rateur, d\u00e9veloppant une argumentation moderniste, le cheikh Mourou a d\u00e9montr\u00e9 qu\u2019il pouvait brasser tr\u00e8s large et que sa voix portait vers tous les camps.<\/p>\n<p>Ne m\u00e9nageant ses piques ni pour Ennahdha ni pour les salafistes, Mourou (qui avait brocard\u00e9 le d\u00e9magogue Ghanim, il y a peu) se positionne, de plus en plus, comme un centriste de droite qui pourrait attirer sous son nom, aussi bien, le ventre mou de l\u2019\u00e9lectorat, choqu\u00e9 par les r\u00e9centes escalades extr\u00e9mistes que les d\u00e9\u00e7us du mouvement Ennahdha, qui sont de plus en plus nombreux.<\/p>\n<p>Il est, en effet, r\u00e9v\u00e9lateur que le \u00abtest\u00bb Wajdi Ghanim a d\u00e9montr\u00e9 que la grande majorit\u00e9 des Tunisiens, y compris les pratiquants, ne se laisserait pas m\u00e9caniquement embrigader par Ennahdha et ses porte-voix dont le double discours et la fuite en avant commencent \u00e0 lasser.<\/p>\n<p>En ce sens, les fid\u00e8les de la mosqu\u00e9e d\u2019El Ghazala ont donn\u00e9 un exemple \u00e9loquent en se retirant du lieu de pri\u00e8res lorsque Ghanim y a fait son entr\u00e9e. Le m\u00eame accueil a \u00e9t\u00e9 r\u00e9serv\u00e9 \u00e0 ce pr\u00e9dicateur extr\u00e9miste \u00e0 Sfax et dans plusieurs villes.<\/p>\n<p>Ceci \u00e9tant dit, les observateurs politiques constatent que le mouvement Ennahdha subit, avec la mont\u00e9e en puissance de Mourou, une double tension. \u00c0 sa gauche, les salafistes tr\u00e9pignent d\u2019impatience et multiplient les coups d\u2019\u00e9clat. \u00c0 sa droite, les conservateurs mod\u00e9r\u00e9s et l\u00e9galistes pourraient, d\u00e9sormais, \u00eatre tent\u00e9s par un bout de chemin avec la voie que dessine actuellement Abdelfattah Mourou.<\/p>\n<p>Reste que tous les leaders actuels, et presque dans tous les camps, sont des femmes et des hommes du pass\u00e9. En quoi pourraient-ils contribuer \u00e0 r\u00e9soudre les probl\u00e8mes r\u00e9els de la Tunisie ? La question peut se poser, car tout le d\u00e9bat politique, aujourd\u2019hui, semble se situer sur des lignes de fracture id\u00e9ologique.<\/p>\n<p>Aujourd\u2019hui, notre pays a besoin d\u2019emploi et de d\u00e9veloppement \u00e9quitable ? L\u2019id\u00e9ologie n\u2019a jamais nourri personne ! Et c\u2019est en ce sens que le pragmatisme d\u2019un Mourou, d\u2019un Ca\u00efd Essebsi ou plus \u00e0 gauche d\u2019un N\u00e9jib Chebbi pourrait d\u00e9signer les voies de sortie de crise.<\/p>\n<p>En attendant ces convergences qui se dessinent lentement, force est de constater que Moncef Marzouki semble, bel et bien, isol\u00e9 par ses choix tactiques, alors que Mustapha Ben Jaafar tire, tant bien que mal, son \u00e9pingle du jeu.<\/p>\n<p>Qu\u2019en sera-t-il apr\u00e8s le congr\u00e8s d\u2019Ennahdha ? Et, surtout, la Tunisie peut-elle encore perdre du temps sur tous les fronts, alors que le pays s\u2019enfonce dans une crise multiforme.<\/p>\n<p>L\u2019avenir proche nous dira si Abdelfattah Mourou participera \u00e0 ce nouveau d\u00e9ploiement politique. L\u2019avenir nous dira aussi si Ennahdha pourra r\u00e9sister \u00e0 toutes ces tensions contradictoires en faisant passer l\u2019int\u00e9r\u00eat de la Tunisie d\u2019abord\u2026<\/p>\n<p>Quant au cheikh Mourou, tous lui reconnaissent une baraka l\u00e9gendaire qui pourrait, aujourd\u2019hui, lui valoir un destin national\u2026<\/p>\n","protected":false},"excerpt":{"rendered":"<p>Politique &#8211; La mont\u00e9e en puissance de Abdelfattah Mourou <\/p>\n","protected":false},"author":3222,"featured_media":334055,"comment_status":"open","ping_status":"closed","sticky":false,"template":"","format":"standard","meta":{"footnotes":""},"categories":[44],"tags":[],"class_list":["post-172195","post","type-post","status-publish","format-standard","has-post-thumbnail","hentry","category-national"],"yoast_head":"<!-- This site is optimized with the Yoast SEO Premium plugin v27.5 (Yoast SEO v27.5) - https:\/\/yoast.com\/product\/yoast-seo-premium-wordpress\/ -->\n<title>Politique - La mont\u00e9e en puissance de Abdelfattah Mourou<\/title>\n<meta name=\"description\" content=\"Politique - La mont\u00e9e en puissance de Abdelfattah Mourou\" \/>\n<link rel=\"canonical\" href=\"https:\/\/www.webdo.tn\/fr\/actualite\/national\/politique-la-montee-en-puissance-de-abdelfattah-mourou\/172195\/\" \/>\n<meta property=\"og:locale\" content=\"fr_FR\" \/>\n<meta property=\"og:type\" content=\"article\" \/>\n<meta property=\"og:title\" content=\"Politique - La mont\u00e9e en puissance de Abdelfattah Mourou\" \/>\n<meta property=\"og:description\" content=\"Politique - La mont\u00e9e en puissance de Abdelfattah Mourou\" \/>\n<meta property=\"og:url\" content=\"https:\/\/www.webdo.tn\/fr\/actualite\/national\/politique-la-montee-en-puissance-de-abdelfattah-mourou\/172195\/\" \/>\n<meta property=\"og:site_name\" content=\"webdo\" \/>\n<meta property=\"article:publisher\" content=\"https:\/\/www.facebook.com\/webdotn\" \/>\n<meta property=\"article:published_time\" content=\"2012-02-20T15:18:00+00:00\" \/>\n<meta property=\"article:modified_time\" content=\"2025-06-04T19:00:30+00:00\" \/>\n<meta property=\"og:image\" content=\"https:\/\/www.webdo.tn\/fr\/wp-content\/uploads\/2012\/02\/Abdelfattah-Mourou1.jpg\" \/>\n\t<meta property=\"og:image:width\" content=\"225\" \/>\n\t<meta property=\"og:image:height\" content=\"170\" \/>\n\t<meta property=\"og:image:type\" content=\"image\/jpeg\" \/>\n<meta name=\"author\" content=\"webdo.tn\" \/>\n<meta name=\"twitter:card\" content=\"summary_large_image\" \/>\n<meta name=\"twitter:creator\" content=\"@webdo_tn\" \/>\n<meta name=\"twitter:site\" content=\"@webdo_tn\" \/>\n<meta name=\"twitter:label1\" content=\"\u00c9crit par\" \/>\n\t<meta name=\"twitter:data1\" content=\"webdo.tn\" \/>\n\t<meta name=\"twitter:label2\" content=\"Dur\u00e9e de lecture estim\u00e9e\" \/>\n\t<meta name=\"twitter:data2\" content=\"3 minutes\" \/>\n<script type=\"application\/ld+json\" class=\"yoast-schema-graph\">{\"@context\":\"https:\\\/\\\/schema.org\",\"@graph\":[{\"@type\":\"NewsArticle\",\"@id\":\"https:\\\/\\\/www.webdo.tn\\\/fr\\\/actualite\\\/national\\\/politique-la-montee-en-puissance-de-abdelfattah-mourou\\\/172195\\\/#article\",\"isPartOf\":{\"@id\":\"https:\\\/\\\/www.webdo.tn\\\/fr\\\/actualite\\\/national\\\/politique-la-montee-en-puissance-de-abdelfattah-mourou\\\/172195\\\/\"},\"author\":{\"name\":\"webdo.tn\",\"@id\":\"https:\\\/\\\/www.webdo.tn\\\/fr\\\/#\\\/schema\\\/person\\\/9a9c6118d687c117df8ef3cc36a4d175\"},\"headline\":\"Politique &#8211; La mont\u00e9e en puissance de Abdelfattah Mourou\",\"datePublished\":\"2012-02-20T15:18:00+00:00\",\"dateModified\":\"2025-06-04T19:00:30+00:00\",\"mainEntityOfPage\":{\"@id\":\"https:\\\/\\\/www.webdo.tn\\\/fr\\\/actualite\\\/national\\\/politique-la-montee-en-puissance-de-abdelfattah-mourou\\\/172195\\\/\"},\"wordCount\":554,\"commentCount\":0,\"publisher\":{\"@id\":\"https:\\\/\\\/www.webdo.tn\\\/fr\\\/#organization\"},\"image\":{\"@id\":\"https:\\\/\\\/www.webdo.tn\\\/fr\\\/actualite\\\/national\\\/politique-la-montee-en-puissance-de-abdelfattah-mourou\\\/172195\\\/#primaryimage\"},\"thumbnailUrl\":\"https:\\\/\\\/www.webdo.tn\\\/fr\\\/wp-content\\\/uploads\\\/2012\\\/02\\\/Abdelfattah-Mourou1.jpg\",\"articleSection\":[\"National\"],\"inLanguage\":\"fr-FR\"},{\"@type\":\"WebPage\",\"@id\":\"https:\\\/\\\/www.webdo.tn\\\/fr\\\/actualite\\\/national\\\/politique-la-montee-en-puissance-de-abdelfattah-mourou\\\/172195\\\/\",\"url\":\"https:\\\/\\\/www.webdo.tn\\\/fr\\\/actualite\\\/national\\\/politique-la-montee-en-puissance-de-abdelfattah-mourou\\\/172195\\\/\",\"name\":\"Politique - La mont\u00e9e en puissance de Abdelfattah Mourou\",\"isPartOf\":{\"@id\":\"https:\\\/\\\/www.webdo.tn\\\/fr\\\/#website\"},\"primaryImageOfPage\":{\"@id\":\"https:\\\/\\\/www.webdo.tn\\\/fr\\\/actualite\\\/national\\\/politique-la-montee-en-puissance-de-abdelfattah-mourou\\\/172195\\\/#primaryimage\"},\"image\":{\"@id\":\"https:\\\/\\\/www.webdo.tn\\\/fr\\\/actualite\\\/national\\\/politique-la-montee-en-puissance-de-abdelfattah-mourou\\\/172195\\\/#primaryimage\"},\"thumbnailUrl\":\"https:\\\/\\\/www.webdo.tn\\\/fr\\\/wp-content\\\/uploads\\\/2012\\\/02\\\/Abdelfattah-Mourou1.jpg\",\"datePublished\":\"2012-02-20T15:18:00+00:00\",\"dateModified\":\"2025-06-04T19:00:30+00:00\",\"description\":\"Politique - La mont\u00e9e en puissance de Abdelfattah Mourou\",\"breadcrumb\":{\"@id\":\"https:\\\/\\\/www.webdo.tn\\\/fr\\\/actualite\\\/national\\\/politique-la-montee-en-puissance-de-abdelfattah-mourou\\\/172195\\\/#breadcrumb\"},\"inLanguage\":\"fr-FR\",\"potentialAction\":[{\"@type\":\"ReadAction\",\"target\":[\"https:\\\/\\\/www.webdo.tn\\\/fr\\\/actualite\\\/national\\\/politique-la-montee-en-puissance-de-abdelfattah-mourou\\\/172195\\\/\"]}]},{\"@type\":\"ImageObject\",\"inLanguage\":\"fr-FR\",\"@id\":\"https:\\\/\\\/www.webdo.tn\\\/fr\\\/actualite\\\/national\\\/politique-la-montee-en-puissance-de-abdelfattah-mourou\\\/172195\\\/#primaryimage\",\"url\":\"https:\\\/\\\/www.webdo.tn\\\/fr\\\/wp-content\\\/uploads\\\/2012\\\/02\\\/Abdelfattah-Mourou1.jpg\",\"contentUrl\":\"https:\\\/\\\/www.webdo.tn\\\/fr\\\/wp-content\\\/uploads\\\/2012\\\/02\\\/Abdelfattah-Mourou1.jpg\",\"width\":225,\"height\":170,\"caption\":\"Politique - La mont\u00e9e en puissance de Abdelfattah Mourou\"},{\"@type\":\"BreadcrumbList\",\"@id\":\"https:\\\/\\\/www.webdo.tn\\\/fr\\\/actualite\\\/national\\\/politique-la-montee-en-puissance-de-abdelfattah-mourou\\\/172195\\\/#breadcrumb\",\"itemListElement\":[{\"@type\":\"ListItem\",\"position\":1,\"name\":\"Accueil\",\"item\":\"https:\\\/\\\/www.webdo.tn\\\/fr\\\/\"},{\"@type\":\"ListItem\",\"position\":2,\"name\":\"Politique &#8211; La mont\u00e9e en puissance de Abdelfattah Mourou\"}]},{\"@type\":\"WebSite\",\"@id\":\"https:\\\/\\\/www.webdo.tn\\\/fr\\\/#website\",\"url\":\"https:\\\/\\\/www.webdo.tn\\\/fr\\\/\",\"name\":\"webdo\",\"description\":\"Tunisie - News en Tunisie et \u00e0 l&#039;international sur Webdo.tn\",\"publisher\":{\"@id\":\"https:\\\/\\\/www.webdo.tn\\\/fr\\\/#organization\"},\"potentialAction\":[{\"@type\":\"SearchAction\",\"target\":{\"@type\":\"EntryPoint\",\"urlTemplate\":\"https:\\\/\\\/www.webdo.tn\\\/fr\\\/?s={search_term_string}\"},\"query-input\":{\"@type\":\"PropertyValueSpecification\",\"valueRequired\":true,\"valueName\":\"search_term_string\"}}],\"inLanguage\":\"fr-FR\"},{\"@type\":\"Organization\",\"@id\":\"https:\\\/\\\/www.webdo.tn\\\/fr\\\/#organization\",\"name\":\"Webdo\",\"alternateName\":\"Webdo.tn\",\"url\":\"https:\\\/\\\/www.webdo.tn\\\/fr\\\/\",\"logo\":{\"@type\":\"ImageObject\",\"inLanguage\":\"fr-FR\",\"@id\":\"https:\\\/\\\/www.webdo.tn\\\/fr\\\/#\\\/schema\\\/logo\\\/image\\\/\",\"url\":\"https:\\\/\\\/www.webdo.tn\\\/fr\\\/wp-content\\\/uploads\\\/2025\\\/06\\\/Webdo-Tunisie_168377.jpg\",\"contentUrl\":\"https:\\\/\\\/www.webdo.tn\\\/fr\\\/wp-content\\\/uploads\\\/2025\\\/06\\\/Webdo-Tunisie_168377.jpg\",\"width\":301,\"height\":301,\"caption\":\"Webdo\"},\"image\":{\"@id\":\"https:\\\/\\\/www.webdo.tn\\\/fr\\\/#\\\/schema\\\/logo\\\/image\\\/\"},\"sameAs\":[\"https:\\\/\\\/www.facebook.com\\\/webdotn\",\"https:\\\/\\\/x.com\\\/webdo_tn\"],\"description\":\"Webdo est un m\u00e9dia num\u00e9rique tunisien fond\u00e9 en 2010, sp\u00e9cialis\u00e9 dans l\u2019actualit\u00e9 nationale et internationale, l\u2019\u00e9conomie, la soci\u00e9t\u00e9 et les analyses politiques. Le site s\u2019adresse \u00e0 un large public francophone et couvre l\u2019information tunisienne en temps r\u00e9el.\",\"email\":\"redac@webdo.tn\",\"legalName\":\"YNJ SARL\",\"foundingDate\":\"2010-09-06\",\"numberOfEmployees\":{\"@type\":\"QuantitativeValue\",\"minValue\":\"11\",\"maxValue\":\"50\"}},{\"@type\":\"Person\",\"@id\":\"https:\\\/\\\/www.webdo.tn\\\/fr\\\/#\\\/schema\\\/person\\\/9a9c6118d687c117df8ef3cc36a4d175\",\"name\":\"webdo.tn\",\"image\":{\"@type\":\"ImageObject\",\"inLanguage\":\"fr-FR\",\"@id\":\"https:\\\/\\\/secure.gravatar.com\\\/avatar\\\/7ce1f28c0c3bbac99ff550b85ef8e44a6950c6ee24514fb6a5489e51d06f0298?s=96&d=mm&r=g\",\"url\":\"https:\\\/\\\/secure.gravatar.com\\\/avatar\\\/7ce1f28c0c3bbac99ff550b85ef8e44a6950c6ee24514fb6a5489e51d06f0298?s=96&d=mm&r=g\",\"contentUrl\":\"https:\\\/\\\/secure.gravatar.com\\\/avatar\\\/7ce1f28c0c3bbac99ff550b85ef8e44a6950c6ee24514fb6a5489e51d06f0298?s=96&d=mm&r=g\",\"caption\":\"webdo.tn\"},\"url\":\"https:\\\/\\\/www.webdo.tn\\\/fr\\\/actualite\\\/author\\\/webdotn\\\/\"}]}<\/script>\n<!-- \/ Yoast SEO Premium plugin. -->","yoast_head_json":{"title":"Politique - La mont\u00e9e en puissance de Abdelfattah Mourou","description":"Politique - La mont\u00e9e en puissance de Abdelfattah Mourou","canonical":"https:\/\/www.webdo.tn\/fr\/actualite\/national\/politique-la-montee-en-puissance-de-abdelfattah-mourou\/172195\/","og_locale":"fr_FR","og_type":"article","og_title":"Politique - La mont\u00e9e en puissance de Abdelfattah Mourou","og_description":"Politique - La mont\u00e9e en puissance de Abdelfattah Mourou","og_url":"https:\/\/www.webdo.tn\/fr\/actualite\/national\/politique-la-montee-en-puissance-de-abdelfattah-mourou\/172195\/","og_site_name":"webdo","article_publisher":"https:\/\/www.facebook.com\/webdotn","article_published_time":"2012-02-20T15:18:00+00:00","article_modified_time":"2025-06-04T19:00:30+00:00","og_image":[{"width":225,"height":170,"url":"https:\/\/www.webdo.tn\/fr\/wp-content\/uploads\/2012\/02\/Abdelfattah-Mourou1.jpg","type":"image\/jpeg"}],"author":"webdo.tn","twitter_card":"summary_large_image","twitter_creator":"@webdo_tn","twitter_site":"@webdo_tn","twitter_misc":{"\u00c9crit par":"webdo.tn","Dur\u00e9e de lecture estim\u00e9e":"3 minutes"},"schema":{"@context":"https:\/\/schema.org","@graph":[{"@type":"NewsArticle","@id":"https:\/\/www.webdo.tn\/fr\/actualite\/national\/politique-la-montee-en-puissance-de-abdelfattah-mourou\/172195\/#article","isPartOf":{"@id":"https:\/\/www.webdo.tn\/fr\/actualite\/national\/politique-la-montee-en-puissance-de-abdelfattah-mourou\/172195\/"},"author":{"name":"webdo.tn","@id":"https:\/\/www.webdo.tn\/fr\/#\/schema\/person\/9a9c6118d687c117df8ef3cc36a4d175"},"headline":"Politique &#8211; La mont\u00e9e en puissance de Abdelfattah Mourou","datePublished":"2012-02-20T15:18:00+00:00","dateModified":"2025-06-04T19:00:30+00:00","mainEntityOfPage":{"@id":"https:\/\/www.webdo.tn\/fr\/actualite\/national\/politique-la-montee-en-puissance-de-abdelfattah-mourou\/172195\/"},"wordCount":554,"commentCount":0,"publisher":{"@id":"https:\/\/www.webdo.tn\/fr\/#organization"},"image":{"@id":"https:\/\/www.webdo.tn\/fr\/actualite\/national\/politique-la-montee-en-puissance-de-abdelfattah-mourou\/172195\/#primaryimage"},"thumbnailUrl":"https:\/\/www.webdo.tn\/fr\/wp-content\/uploads\/2012\/02\/Abdelfattah-Mourou1.jpg","articleSection":["National"],"inLanguage":"fr-FR"},{"@type":"WebPage","@id":"https:\/\/www.webdo.tn\/fr\/actualite\/national\/politique-la-montee-en-puissance-de-abdelfattah-mourou\/172195\/","url":"https:\/\/www.webdo.tn\/fr\/actualite\/national\/politique-la-montee-en-puissance-de-abdelfattah-mourou\/172195\/","name":"Politique - La mont\u00e9e en puissance de Abdelfattah Mourou","isPartOf":{"@id":"https:\/\/www.webdo.tn\/fr\/#website"},"primaryImageOfPage":{"@id":"https:\/\/www.webdo.tn\/fr\/actualite\/national\/politique-la-montee-en-puissance-de-abdelfattah-mourou\/172195\/#primaryimage"},"image":{"@id":"https:\/\/www.webdo.tn\/fr\/actualite\/national\/politique-la-montee-en-puissance-de-abdelfattah-mourou\/172195\/#primaryimage"},"thumbnailUrl":"https:\/\/www.webdo.tn\/fr\/wp-content\/uploads\/2012\/02\/Abdelfattah-Mourou1.jpg","datePublished":"2012-02-20T15:18:00+00:00","dateModified":"2025-06-04T19:00:30+00:00","description":"Politique - La mont\u00e9e en puissance de Abdelfattah Mourou","breadcrumb":{"@id":"https:\/\/www.webdo.tn\/fr\/actualite\/national\/politique-la-montee-en-puissance-de-abdelfattah-mourou\/172195\/#breadcrumb"},"inLanguage":"fr-FR","potentialAction":[{"@type":"ReadAction","target":["https:\/\/www.webdo.tn\/fr\/actualite\/national\/politique-la-montee-en-puissance-de-abdelfattah-mourou\/172195\/"]}]},{"@type":"ImageObject","inLanguage":"fr-FR","@id":"https:\/\/www.webdo.tn\/fr\/actualite\/national\/politique-la-montee-en-puissance-de-abdelfattah-mourou\/172195\/#primaryimage","url":"https:\/\/www.webdo.tn\/fr\/wp-content\/uploads\/2012\/02\/Abdelfattah-Mourou1.jpg","contentUrl":"https:\/\/www.webdo.tn\/fr\/wp-content\/uploads\/2012\/02\/Abdelfattah-Mourou1.jpg","width":225,"height":170,"caption":"Politique - La mont\u00e9e en puissance de Abdelfattah Mourou"},{"@type":"BreadcrumbList","@id":"https:\/\/www.webdo.tn\/fr\/actualite\/national\/politique-la-montee-en-puissance-de-abdelfattah-mourou\/172195\/#breadcrumb","itemListElement":[{"@type":"ListItem","position":1,"name":"Accueil","item":"https:\/\/www.webdo.tn\/fr\/"},{"@type":"ListItem","position":2,"name":"Politique &#8211; La mont\u00e9e en puissance de Abdelfattah Mourou"}]},{"@type":"WebSite","@id":"https:\/\/www.webdo.tn\/fr\/#website","url":"https:\/\/www.webdo.tn\/fr\/","name":"webdo","description":"Tunisie - News en Tunisie et \u00e0 l&#039;international sur Webdo.tn","publisher":{"@id":"https:\/\/www.webdo.tn\/fr\/#organization"},"potentialAction":[{"@type":"SearchAction","target":{"@type":"EntryPoint","urlTemplate":"https:\/\/www.webdo.tn\/fr\/?s={search_term_string}"},"query-input":{"@type":"PropertyValueSpecification","valueRequired":true,"valueName":"search_term_string"}}],"inLanguage":"fr-FR"},{"@type":"Organization","@id":"https:\/\/www.webdo.tn\/fr\/#organization","name":"Webdo","alternateName":"Webdo.tn","url":"https:\/\/www.webdo.tn\/fr\/","logo":{"@type":"ImageObject","inLanguage":"fr-FR","@id":"https:\/\/www.webdo.tn\/fr\/#\/schema\/logo\/image\/","url":"https:\/\/www.webdo.tn\/fr\/wp-content\/uploads\/2025\/06\/Webdo-Tunisie_168377.jpg","contentUrl":"https:\/\/www.webdo.tn\/fr\/wp-content\/uploads\/2025\/06\/Webdo-Tunisie_168377.jpg","width":301,"height":301,"caption":"Webdo"},"image":{"@id":"https:\/\/www.webdo.tn\/fr\/#\/schema\/logo\/image\/"},"sameAs":["https:\/\/www.facebook.com\/webdotn","https:\/\/x.com\/webdo_tn"],"description":"Webdo est un m\u00e9dia num\u00e9rique tunisien fond\u00e9 en 2010, sp\u00e9cialis\u00e9 dans l\u2019actualit\u00e9 nationale et internationale, l\u2019\u00e9conomie, la soci\u00e9t\u00e9 et les analyses politiques. Le site s\u2019adresse \u00e0 un large public francophone et couvre l\u2019information tunisienne en temps r\u00e9el.","email":"redac@webdo.tn","legalName":"YNJ SARL","foundingDate":"2010-09-06","numberOfEmployees":{"@type":"QuantitativeValue","minValue":"11","maxValue":"50"}},{"@type":"Person","@id":"https:\/\/www.webdo.tn\/fr\/#\/schema\/person\/9a9c6118d687c117df8ef3cc36a4d175","name":"webdo.tn","image":{"@type":"ImageObject","inLanguage":"fr-FR","@id":"https:\/\/secure.gravatar.com\/avatar\/7ce1f28c0c3bbac99ff550b85ef8e44a6950c6ee24514fb6a5489e51d06f0298?s=96&d=mm&r=g","url":"https:\/\/secure.gravatar.com\/avatar\/7ce1f28c0c3bbac99ff550b85ef8e44a6950c6ee24514fb6a5489e51d06f0298?s=96&d=mm&r=g","contentUrl":"https:\/\/secure.gravatar.com\/avatar\/7ce1f28c0c3bbac99ff550b85ef8e44a6950c6ee24514fb6a5489e51d06f0298?s=96&d=mm&r=g","caption":"webdo.tn"},"url":"https:\/\/www.webdo.tn\/fr\/actualite\/author\/webdotn\/"}]}},"_links":{"self":[{"href":"https:\/\/www.webdo.tn\/fr\/wp-json\/wp\/v2\/posts\/172195","targetHints":{"allow":["GET"]}}],"collection":[{"href":"https:\/\/www.webdo.tn\/fr\/wp-json\/wp\/v2\/posts"}],"about":[{"href":"https:\/\/www.webdo.tn\/fr\/wp-json\/wp\/v2\/types\/post"}],"author":[{"embeddable":true,"href":"https:\/\/www.webdo.tn\/fr\/wp-json\/wp\/v2\/users\/3222"}],"replies":[{"embeddable":true,"href":"https:\/\/www.webdo.tn\/fr\/wp-json\/wp\/v2\/comments?post=172195"}],"version-history":[{"count":0,"href":"https:\/\/www.webdo.tn\/fr\/wp-json\/wp\/v2\/posts\/172195\/revisions"}],"wp:featuredmedia":[{"embeddable":true,"href":"https:\/\/www.webdo.tn\/fr\/wp-json\/wp\/v2\/media\/334055"}],"wp:attachment":[{"href":"https:\/\/www.webdo.tn\/fr\/wp-json\/wp\/v2\/media?parent=172195"}],"wp:term":[{"taxonomy":"category","embeddable":true,"href":"https:\/\/www.webdo.tn\/fr\/wp-json\/wp\/v2\/categories?post=172195"},{"taxonomy":"post_tag","embeddable":true,"href":"https:\/\/www.webdo.tn\/fr\/wp-json\/wp\/v2\/tags?post=172195"}],"curies":[{"name":"wp","href":"https:\/\/api.w.org\/{rel}","templated":true}]}}