{"id":172194,"date":"2012-02-20T21:53:00","date_gmt":"2012-02-20T21:53:00","guid":{"rendered":"https:\/\/www.webdo.tn\/fr\/blog\/pour-deux-milliards-de-dinars-de-plus\/172194\/"},"modified":"2025-06-04T19:00:29","modified_gmt":"2025-06-04T19:00:29","slug":"pour-deux-milliards-de-dinars-de-plus","status":"publish","type":"post","link":"https:\/\/www.webdo.tn\/fr\/actualite\/national\/pour-deux-milliards-de-dinars-de-plus\/172194\/","title":{"rendered":"Pour deux milliards de dinars de plus ?"},"content":{"rendered":"<p>C&rsquo;est le montant dont Jebali a exprim\u00e9 le besoin chaque an et pour les deux prochaines ann\u00e9es, lors de sa r\u00e9cente visite \u00e0 Riadh, pour relancer le processus de d\u00e9veloppement.<\/p>\n<p>Faisons vite la conversion. C&rsquo;est \u00e0 peu pr\u00e8s un milliard d&rsquo;euros de plus par an qu&rsquo;il nous faut. Et ce, en plus de ce que l&rsquo;UE et autres bailleurs de fonds, ont d&rsquo;ores et d\u00e9j\u00e0 promis \u00e0 la Tunisie, et qui apr\u00e8s \u00e9tudes d&rsquo;experts sur le terrain, ont finalement arr\u00eat\u00e9 lors de la r\u00e9union du G8 de mai dernier, un montant de 25milliards d&rsquo;euros sur cinq ans pour financer le plan jasmin de B.Ca\u00efed Essebsi. Soit 5 milliards d&rsquo;euros par an dont on a d\u00e9j\u00e0 appris par la voix de Boris Boilon, l&rsquo;ambassadeur de France en Tunisie, que l&rsquo;Union europ\u00e9enne a d\u00e9j\u00e0 d\u00e9bloqu\u00e9 la moiti\u00e9, d\u00e8s le d\u00e9but de l&rsquo;ann\u00e9e, en faveur de la Tunisie, \u00e0 savoir 2,5Milliards d&rsquo;euros.<\/p>\n<p>Il est cependant vrai que la physionomie en mai 2011 n\u2019avait pas tout \u00e0 fait la configuration telle qu&rsquo;elle s&rsquo;est pr\u00e9sent\u00e9e \u00e0 la fin de l&rsquo;ann\u00e9e, o\u00f9 contrairement \u00e0 ce qui \u00e9tait attendu, elle s&rsquo;est d\u00e9t\u00e9rior\u00e9e pour se trouver en r\u00e9cession de -1,8%. Il faut aussi se rappeler que le budget 2012 vot\u00e9 in extremis en d\u00e9cembre dernier n&rsquo;a pas \u00e9t\u00e9 m\u00fbrement d\u00e9battu en fonction des nouvelles donn\u00e9es \u00e9conomiques. En revanche, il \u00e9tait pr\u00e9vu qu&rsquo;un budget compl\u00e9mentaire actuellement en phase de pr\u00e9paration, serait vot\u00e9 vers fin mars c&rsquo;est \u00e0 dire, dans un peu plus d\u2019un mois.<\/p>\n<p>Profitant de la r\u00e9union de Davos, courant janvier, l&rsquo;actuel chef du gouvernement a donc pu rencontrer nos partenaires europ\u00e9ens, et en a profit\u00e9 pour exprimer la parfaite aptitude de son gouvernement \u00e0 pr\u00e9server un climat de confiance, propice \u00e0 l&rsquo;investissement, tant \u00e0 l&rsquo;int\u00e9rieur qu&rsquo;\u00e0 l&rsquo;ext\u00e9rieur, et ainsi propulser plus en avant la coop\u00e9ration \u00e9conomique et financi\u00e8re avec la Tunisie. Christine Delagarde, \u00e9tait m\u00eame venue t\u00e2ter sur place, le pouls des affaires et est repartie satisfaite en r\u00e9it\u00e9rant la disposition du FMI \u00e0 aider la Tunisie si besoin est, sachant que notre pays en cotant BBB avec une surveillance n\u00e9gative pourrait tr\u00e8s bien tomber \u00e0 CCC qui est un seuil sp\u00e9culatif (donc forc\u00e9ment \u00e0 risque) pour les bailleurs de fonds qui pourraient augmenter le loyer de l&rsquo;argent pour la Tunisie.<\/p>\n<p>Oui, car il faut savoir qu\u2019en Italie, par exemple, les bons du Tr\u00e9sor italien sur 10 ans sont actuellement cot\u00e9s aux alentours des 7%. C&rsquo;est beaucoup! Il est important de prendre conscience qu&rsquo;un taux de ce genre n&rsquo;est pas facile \u00e0 g\u00e9rer, surtout par une \u00e9conomie qui sort d&rsquo;une r\u00e9volution et qui ne poss\u00e8de pas des ressources naturelles suffisantes pour en supporter la charge financi\u00e8re. Autrement dit, si l&rsquo;argent emprunt\u00e9 ne fait pas \u00ab\u00a0effet de levier\u00a0\u00bb, en cr\u00e9ant suffisamment de richesse pour rembourser, on peut tr\u00e8s bien se retrouver en face d&rsquo;une situation \u00ab\u00a0d&rsquo;effet de massue\u00a0\u00bb, o\u00f9 il sera difficile de rembourser la dette. Et si c&rsquo;est le cas, ce sera la faillite, laquelle nous ram\u00e8nera dans la situation qui \u00e9tait la n\u00f4tre vers 1880, juste avant que les bailleurs de fonds, ne nous mettent en situation de \u00ab\u00a0protectorat\u00a0\u00bb.<\/p>\n<p>Dieu nous en pr\u00e9serve! Car depuis la nuit des temps, la Tunisie a toujours rembours\u00e9 ses dettes, rubis sur l&rsquo;ongle et que ce faisant, quelques 93% des investissements directs \u00e9trangers (IDE) sont en provenance de l&rsquo;Europe, particuli\u00e8rement de la France, l&rsquo;Allemagne et l&rsquo;Italie qui nous font confiance, dans la gestion de la dette publique, ext\u00e9rieure notamment.<\/p>\n<p>Or seulement 7% d&rsquo;investissements type IDE, soit le reliquat, nous provient des pays du Golfe. Avec la vague de froid qui s&rsquo;est abattue sur notre pays et qui a caus\u00e9 une infinit\u00e9 de sinistres, la situation \u00e9tait propice \u00e0 la sensibilisation, via les m\u00e9dias, par rapport \u00e0 un besoin d&rsquo;un milliard (de dollars? d&rsquo;euros?), en partie pour la compensation des dommages subis, particuli\u00e8rement dans les r\u00e9gions du Nord-Ouest, les plus sinistr\u00e9es, et ce sans doute pour boucler concomitamment le sch\u00e9ma de financement que s&rsquo;appr\u00eate \u00e0 finaliser la nouvelle gouvernance au titre de l&rsquo;exercice 2012.<\/p>\n<p>Comme quoi \u00ab\u00a0A quelque chose malheur est bon\u00a0\u00bb! Car, il va sans dire qu&rsquo;un recours \u00e0 l&rsquo;endettement de ce qui \u00e9tait pr\u00e9vu (5 milliards d&rsquo;euros aupr\u00e8s de l&rsquo;UE) est hors de question, dans la mesure o\u00f9 il pourrait nous charger, au-del\u00e0, de nos possibilit\u00e9s de remboursement et, ainsi, nous faire risquer vers une situation semblable \u00e0 celle qui met \u00e0 genoux un pays, comme la Gr\u00e8ce. Surtout que l&rsquo;Europe, d\u00e9sormais exsangue, risque elle-m\u00eame d&rsquo;\u00eatre entrain\u00e9e dans le grand trou noir.<\/p>\n<p>Jebali semble avoir compris le danger en se pressant d&rsquo;aller rendre visite aux pays du Golfe, particuli\u00e8rement en Arabie Saoudite. Une visite qui en a \u00e9tonn\u00e9 plus d&rsquo;un, en raison de la pr\u00e9sence sur son sol de l&rsquo;ancien pr\u00e9sident en fuite, pour tenter d&rsquo;obtenir cette fois, carr\u00e9ment des dons, des d\u00e9p\u00f4ts et pr\u00eats pr\u00e9f\u00e9rentiels pour aider au d\u00e9veloppement de la Tunisie, quitte \u00e0 faire des concessions au plan de la r\u00e9glementation&#8230;<\/p>\n<p>Personnellement je ne voudrais pas critiquer une telle d\u00e9marche. La situation est telle que l&rsquo;\u00e9quation a d\u00e9j\u00e0 compil\u00e9 trop d&rsquo;inconnues pour pr\u00e9tendre la r\u00e9soudre autrement. \u00c0 qui la faute? Ce n&rsquo;est pas le moment d&rsquo;en d\u00e9battre. Le pays passe par un moment difficile et ce ne sont pas les \u00ab\u00a0pr\u00e9misses\u00a0\u00bb de reprise annonc\u00e9e par la BCT qui vont y faire grand-chose. Car dans une \u00e9conomie qui d\u00e9truit des emplois et qui \u00e0 force de lui injecter des fonds ne fait que cr\u00e9er de l&rsquo;inflation, d\u00e9j\u00e0 devenue intol\u00e9rable, la solution est ailleurs; tant il est vrai que parfois \u00ab\u00a0la faim justifie les moyens\u00a0\u00bb et tant que les concessions ne d\u00e9passent pas la ligne rouge.<\/p>\n","protected":false},"excerpt":{"rendered":"<p>Pour deux milliards de dinars de plus ? <\/p>\n","protected":false},"author":3222,"featured_media":334056,"comment_status":"open","ping_status":"closed","sticky":false,"template":"","format":"standard","meta":{"footnotes":""},"categories":[44],"tags":[],"class_list":["post-172194","post","type-post","status-publish","format-standard","has-post-thumbnail","hentry","category-national"],"yoast_head":"<!-- This site is optimized with the Yoast SEO Premium plugin v27.5 (Yoast SEO v27.5) - https:\/\/yoast.com\/product\/yoast-seo-premium-wordpress\/ -->\n<title>Pour deux milliards de dinars de plus ?<\/title>\n<meta name=\"description\" content=\"Pour deux milliards de dinars de plus ?\" \/>\n<link rel=\"canonical\" href=\"https:\/\/www.webdo.tn\/fr\/actualite\/national\/pour-deux-milliards-de-dinars-de-plus\/172194\/\" \/>\n<meta property=\"og:locale\" content=\"fr_FR\" \/>\n<meta property=\"og:type\" content=\"article\" \/>\n<meta property=\"og:title\" content=\"Pour deux milliards de dinars de plus ?\" \/>\n<meta property=\"og:description\" content=\"Pour deux milliards de dinars de plus ?\" \/>\n<meta property=\"og:url\" content=\"https:\/\/www.webdo.tn\/fr\/actualite\/national\/pour-deux-milliards-de-dinars-de-plus\/172194\/\" \/>\n<meta property=\"og:site_name\" content=\"webdo\" \/>\n<meta property=\"article:publisher\" content=\"https:\/\/www.facebook.com\/webdotn\" \/>\n<meta property=\"article:published_time\" content=\"2012-02-20T21:53:00+00:00\" \/>\n<meta property=\"article:modified_time\" content=\"2025-06-04T19:00:29+00:00\" \/>\n<meta property=\"og:image\" content=\"https:\/\/www.webdo.tn\/fr\/wp-content\/uploads\/2012\/02\/Ryad-Hamadi-Jebali-et-des-hommes-daffaires-saoudiens-Photo-AFP.jpg\" \/>\n\t<meta property=\"og:image:width\" content=\"321\" \/>\n\t<meta property=\"og:image:height\" content=\"197\" \/>\n\t<meta property=\"og:image:type\" content=\"image\/jpeg\" \/>\n<meta name=\"author\" content=\"webdo.tn\" \/>\n<meta name=\"twitter:card\" content=\"summary_large_image\" \/>\n<meta name=\"twitter:creator\" content=\"@webdo_tn\" \/>\n<meta name=\"twitter:site\" content=\"@webdo_tn\" \/>\n<meta name=\"twitter:label1\" content=\"\u00c9crit par\" \/>\n\t<meta name=\"twitter:data1\" content=\"webdo.tn\" \/>\n\t<meta name=\"twitter:label2\" content=\"Dur\u00e9e de lecture estim\u00e9e\" \/>\n\t<meta name=\"twitter:data2\" content=\"5 minutes\" \/>\n<script type=\"application\/ld+json\" class=\"yoast-schema-graph\">{\"@context\":\"https:\\\/\\\/schema.org\",\"@graph\":[{\"@type\":\"NewsArticle\",\"@id\":\"https:\\\/\\\/www.webdo.tn\\\/fr\\\/actualite\\\/national\\\/pour-deux-milliards-de-dinars-de-plus\\\/172194\\\/#article\",\"isPartOf\":{\"@id\":\"https:\\\/\\\/www.webdo.tn\\\/fr\\\/actualite\\\/national\\\/pour-deux-milliards-de-dinars-de-plus\\\/172194\\\/\"},\"author\":{\"name\":\"webdo.tn\",\"@id\":\"https:\\\/\\\/www.webdo.tn\\\/fr\\\/#\\\/schema\\\/person\\\/9a9c6118d687c117df8ef3cc36a4d175\"},\"headline\":\"Pour deux milliards de dinars de plus ?\",\"datePublished\":\"2012-02-20T21:53:00+00:00\",\"dateModified\":\"2025-06-04T19:00:29+00:00\",\"mainEntityOfPage\":{\"@id\":\"https:\\\/\\\/www.webdo.tn\\\/fr\\\/actualite\\\/national\\\/pour-deux-milliards-de-dinars-de-plus\\\/172194\\\/\"},\"wordCount\":1056,\"commentCount\":0,\"publisher\":{\"@id\":\"https:\\\/\\\/www.webdo.tn\\\/fr\\\/#organization\"},\"image\":{\"@id\":\"https:\\\/\\\/www.webdo.tn\\\/fr\\\/actualite\\\/national\\\/pour-deux-milliards-de-dinars-de-plus\\\/172194\\\/#primaryimage\"},\"thumbnailUrl\":\"https:\\\/\\\/www.webdo.tn\\\/fr\\\/wp-content\\\/uploads\\\/2012\\\/02\\\/Ryad-Hamadi-Jebali-et-des-hommes-daffaires-saoudiens-Photo-AFP.jpg\",\"articleSection\":[\"National\"],\"inLanguage\":\"fr-FR\"},{\"@type\":\"WebPage\",\"@id\":\"https:\\\/\\\/www.webdo.tn\\\/fr\\\/actualite\\\/national\\\/pour-deux-milliards-de-dinars-de-plus\\\/172194\\\/\",\"url\":\"https:\\\/\\\/www.webdo.tn\\\/fr\\\/actualite\\\/national\\\/pour-deux-milliards-de-dinars-de-plus\\\/172194\\\/\",\"name\":\"Pour deux milliards de dinars de plus ?\",\"isPartOf\":{\"@id\":\"https:\\\/\\\/www.webdo.tn\\\/fr\\\/#website\"},\"primaryImageOfPage\":{\"@id\":\"https:\\\/\\\/www.webdo.tn\\\/fr\\\/actualite\\\/national\\\/pour-deux-milliards-de-dinars-de-plus\\\/172194\\\/#primaryimage\"},\"image\":{\"@id\":\"https:\\\/\\\/www.webdo.tn\\\/fr\\\/actualite\\\/national\\\/pour-deux-milliards-de-dinars-de-plus\\\/172194\\\/#primaryimage\"},\"thumbnailUrl\":\"https:\\\/\\\/www.webdo.tn\\\/fr\\\/wp-content\\\/uploads\\\/2012\\\/02\\\/Ryad-Hamadi-Jebali-et-des-hommes-daffaires-saoudiens-Photo-AFP.jpg\",\"datePublished\":\"2012-02-20T21:53:00+00:00\",\"dateModified\":\"2025-06-04T19:00:29+00:00\",\"description\":\"Pour deux milliards de dinars de plus ?\",\"breadcrumb\":{\"@id\":\"https:\\\/\\\/www.webdo.tn\\\/fr\\\/actualite\\\/national\\\/pour-deux-milliards-de-dinars-de-plus\\\/172194\\\/#breadcrumb\"},\"inLanguage\":\"fr-FR\",\"potentialAction\":[{\"@type\":\"ReadAction\",\"target\":[\"https:\\\/\\\/www.webdo.tn\\\/fr\\\/actualite\\\/national\\\/pour-deux-milliards-de-dinars-de-plus\\\/172194\\\/\"]}]},{\"@type\":\"ImageObject\",\"inLanguage\":\"fr-FR\",\"@id\":\"https:\\\/\\\/www.webdo.tn\\\/fr\\\/actualite\\\/national\\\/pour-deux-milliards-de-dinars-de-plus\\\/172194\\\/#primaryimage\",\"url\":\"https:\\\/\\\/www.webdo.tn\\\/fr\\\/wp-content\\\/uploads\\\/2012\\\/02\\\/Ryad-Hamadi-Jebali-et-des-hommes-daffaires-saoudiens-Photo-AFP.jpg\",\"contentUrl\":\"https:\\\/\\\/www.webdo.tn\\\/fr\\\/wp-content\\\/uploads\\\/2012\\\/02\\\/Ryad-Hamadi-Jebali-et-des-hommes-daffaires-saoudiens-Photo-AFP.jpg\",\"width\":321,\"height\":197,\"caption\":\"Pour deux milliards de dinars de plus ?\"},{\"@type\":\"BreadcrumbList\",\"@id\":\"https:\\\/\\\/www.webdo.tn\\\/fr\\\/actualite\\\/national\\\/pour-deux-milliards-de-dinars-de-plus\\\/172194\\\/#breadcrumb\",\"itemListElement\":[{\"@type\":\"ListItem\",\"position\":1,\"name\":\"Accueil\",\"item\":\"https:\\\/\\\/www.webdo.tn\\\/fr\\\/\"},{\"@type\":\"ListItem\",\"position\":2,\"name\":\"Pour deux milliards de dinars de plus ?\"}]},{\"@type\":\"WebSite\",\"@id\":\"https:\\\/\\\/www.webdo.tn\\\/fr\\\/#website\",\"url\":\"https:\\\/\\\/www.webdo.tn\\\/fr\\\/\",\"name\":\"webdo\",\"description\":\"Tunisie - News en Tunisie et \u00e0 l&#039;international sur Webdo.tn\",\"publisher\":{\"@id\":\"https:\\\/\\\/www.webdo.tn\\\/fr\\\/#organization\"},\"potentialAction\":[{\"@type\":\"SearchAction\",\"target\":{\"@type\":\"EntryPoint\",\"urlTemplate\":\"https:\\\/\\\/www.webdo.tn\\\/fr\\\/?s={search_term_string}\"},\"query-input\":{\"@type\":\"PropertyValueSpecification\",\"valueRequired\":true,\"valueName\":\"search_term_string\"}}],\"inLanguage\":\"fr-FR\"},{\"@type\":\"Organization\",\"@id\":\"https:\\\/\\\/www.webdo.tn\\\/fr\\\/#organization\",\"name\":\"Webdo\",\"alternateName\":\"Webdo.tn\",\"url\":\"https:\\\/\\\/www.webdo.tn\\\/fr\\\/\",\"logo\":{\"@type\":\"ImageObject\",\"inLanguage\":\"fr-FR\",\"@id\":\"https:\\\/\\\/www.webdo.tn\\\/fr\\\/#\\\/schema\\\/logo\\\/image\\\/\",\"url\":\"https:\\\/\\\/www.webdo.tn\\\/fr\\\/wp-content\\\/uploads\\\/2025\\\/06\\\/Webdo-Tunisie_168377.jpg\",\"contentUrl\":\"https:\\\/\\\/www.webdo.tn\\\/fr\\\/wp-content\\\/uploads\\\/2025\\\/06\\\/Webdo-Tunisie_168377.jpg\",\"width\":301,\"height\":301,\"caption\":\"Webdo\"},\"image\":{\"@id\":\"https:\\\/\\\/www.webdo.tn\\\/fr\\\/#\\\/schema\\\/logo\\\/image\\\/\"},\"sameAs\":[\"https:\\\/\\\/www.facebook.com\\\/webdotn\",\"https:\\\/\\\/x.com\\\/webdo_tn\"],\"description\":\"Webdo est un m\u00e9dia num\u00e9rique tunisien fond\u00e9 en 2010, sp\u00e9cialis\u00e9 dans l\u2019actualit\u00e9 nationale et internationale, l\u2019\u00e9conomie, la soci\u00e9t\u00e9 et les analyses politiques. Le site s\u2019adresse \u00e0 un large public francophone et couvre l\u2019information tunisienne en temps r\u00e9el.\",\"email\":\"redac@webdo.tn\",\"legalName\":\"YNJ SARL\",\"foundingDate\":\"2010-09-06\",\"numberOfEmployees\":{\"@type\":\"QuantitativeValue\",\"minValue\":\"11\",\"maxValue\":\"50\"}},{\"@type\":\"Person\",\"@id\":\"https:\\\/\\\/www.webdo.tn\\\/fr\\\/#\\\/schema\\\/person\\\/9a9c6118d687c117df8ef3cc36a4d175\",\"name\":\"webdo.tn\",\"image\":{\"@type\":\"ImageObject\",\"inLanguage\":\"fr-FR\",\"@id\":\"https:\\\/\\\/secure.gravatar.com\\\/avatar\\\/7ce1f28c0c3bbac99ff550b85ef8e44a6950c6ee24514fb6a5489e51d06f0298?s=96&d=mm&r=g\",\"url\":\"https:\\\/\\\/secure.gravatar.com\\\/avatar\\\/7ce1f28c0c3bbac99ff550b85ef8e44a6950c6ee24514fb6a5489e51d06f0298?s=96&d=mm&r=g\",\"contentUrl\":\"https:\\\/\\\/secure.gravatar.com\\\/avatar\\\/7ce1f28c0c3bbac99ff550b85ef8e44a6950c6ee24514fb6a5489e51d06f0298?s=96&d=mm&r=g\",\"caption\":\"webdo.tn\"},\"url\":\"https:\\\/\\\/www.webdo.tn\\\/fr\\\/actualite\\\/author\\\/webdotn\\\/\"}]}<\/script>\n<!-- \/ Yoast SEO Premium plugin. -->","yoast_head_json":{"title":"Pour deux milliards de dinars de plus ?","description":"Pour deux milliards de dinars de plus ?","canonical":"https:\/\/www.webdo.tn\/fr\/actualite\/national\/pour-deux-milliards-de-dinars-de-plus\/172194\/","og_locale":"fr_FR","og_type":"article","og_title":"Pour deux milliards de dinars de plus ?","og_description":"Pour deux milliards de dinars de plus ?","og_url":"https:\/\/www.webdo.tn\/fr\/actualite\/national\/pour-deux-milliards-de-dinars-de-plus\/172194\/","og_site_name":"webdo","article_publisher":"https:\/\/www.facebook.com\/webdotn","article_published_time":"2012-02-20T21:53:00+00:00","article_modified_time":"2025-06-04T19:00:29+00:00","og_image":[{"width":321,"height":197,"url":"https:\/\/www.webdo.tn\/fr\/wp-content\/uploads\/2012\/02\/Ryad-Hamadi-Jebali-et-des-hommes-daffaires-saoudiens-Photo-AFP.jpg","type":"image\/jpeg"}],"author":"webdo.tn","twitter_card":"summary_large_image","twitter_creator":"@webdo_tn","twitter_site":"@webdo_tn","twitter_misc":{"\u00c9crit par":"webdo.tn","Dur\u00e9e de lecture estim\u00e9e":"5 minutes"},"schema":{"@context":"https:\/\/schema.org","@graph":[{"@type":"NewsArticle","@id":"https:\/\/www.webdo.tn\/fr\/actualite\/national\/pour-deux-milliards-de-dinars-de-plus\/172194\/#article","isPartOf":{"@id":"https:\/\/www.webdo.tn\/fr\/actualite\/national\/pour-deux-milliards-de-dinars-de-plus\/172194\/"},"author":{"name":"webdo.tn","@id":"https:\/\/www.webdo.tn\/fr\/#\/schema\/person\/9a9c6118d687c117df8ef3cc36a4d175"},"headline":"Pour deux milliards de dinars de plus ?","datePublished":"2012-02-20T21:53:00+00:00","dateModified":"2025-06-04T19:00:29+00:00","mainEntityOfPage":{"@id":"https:\/\/www.webdo.tn\/fr\/actualite\/national\/pour-deux-milliards-de-dinars-de-plus\/172194\/"},"wordCount":1056,"commentCount":0,"publisher":{"@id":"https:\/\/www.webdo.tn\/fr\/#organization"},"image":{"@id":"https:\/\/www.webdo.tn\/fr\/actualite\/national\/pour-deux-milliards-de-dinars-de-plus\/172194\/#primaryimage"},"thumbnailUrl":"https:\/\/www.webdo.tn\/fr\/wp-content\/uploads\/2012\/02\/Ryad-Hamadi-Jebali-et-des-hommes-daffaires-saoudiens-Photo-AFP.jpg","articleSection":["National"],"inLanguage":"fr-FR"},{"@type":"WebPage","@id":"https:\/\/www.webdo.tn\/fr\/actualite\/national\/pour-deux-milliards-de-dinars-de-plus\/172194\/","url":"https:\/\/www.webdo.tn\/fr\/actualite\/national\/pour-deux-milliards-de-dinars-de-plus\/172194\/","name":"Pour deux milliards de dinars de plus ?","isPartOf":{"@id":"https:\/\/www.webdo.tn\/fr\/#website"},"primaryImageOfPage":{"@id":"https:\/\/www.webdo.tn\/fr\/actualite\/national\/pour-deux-milliards-de-dinars-de-plus\/172194\/#primaryimage"},"image":{"@id":"https:\/\/www.webdo.tn\/fr\/actualite\/national\/pour-deux-milliards-de-dinars-de-plus\/172194\/#primaryimage"},"thumbnailUrl":"https:\/\/www.webdo.tn\/fr\/wp-content\/uploads\/2012\/02\/Ryad-Hamadi-Jebali-et-des-hommes-daffaires-saoudiens-Photo-AFP.jpg","datePublished":"2012-02-20T21:53:00+00:00","dateModified":"2025-06-04T19:00:29+00:00","description":"Pour deux milliards de dinars de plus ?","breadcrumb":{"@id":"https:\/\/www.webdo.tn\/fr\/actualite\/national\/pour-deux-milliards-de-dinars-de-plus\/172194\/#breadcrumb"},"inLanguage":"fr-FR","potentialAction":[{"@type":"ReadAction","target":["https:\/\/www.webdo.tn\/fr\/actualite\/national\/pour-deux-milliards-de-dinars-de-plus\/172194\/"]}]},{"@type":"ImageObject","inLanguage":"fr-FR","@id":"https:\/\/www.webdo.tn\/fr\/actualite\/national\/pour-deux-milliards-de-dinars-de-plus\/172194\/#primaryimage","url":"https:\/\/www.webdo.tn\/fr\/wp-content\/uploads\/2012\/02\/Ryad-Hamadi-Jebali-et-des-hommes-daffaires-saoudiens-Photo-AFP.jpg","contentUrl":"https:\/\/www.webdo.tn\/fr\/wp-content\/uploads\/2012\/02\/Ryad-Hamadi-Jebali-et-des-hommes-daffaires-saoudiens-Photo-AFP.jpg","width":321,"height":197,"caption":"Pour deux milliards de dinars de plus ?"},{"@type":"BreadcrumbList","@id":"https:\/\/www.webdo.tn\/fr\/actualite\/national\/pour-deux-milliards-de-dinars-de-plus\/172194\/#breadcrumb","itemListElement":[{"@type":"ListItem","position":1,"name":"Accueil","item":"https:\/\/www.webdo.tn\/fr\/"},{"@type":"ListItem","position":2,"name":"Pour deux milliards de dinars de plus ?"}]},{"@type":"WebSite","@id":"https:\/\/www.webdo.tn\/fr\/#website","url":"https:\/\/www.webdo.tn\/fr\/","name":"webdo","description":"Tunisie - News en Tunisie et \u00e0 l&#039;international sur Webdo.tn","publisher":{"@id":"https:\/\/www.webdo.tn\/fr\/#organization"},"potentialAction":[{"@type":"SearchAction","target":{"@type":"EntryPoint","urlTemplate":"https:\/\/www.webdo.tn\/fr\/?s={search_term_string}"},"query-input":{"@type":"PropertyValueSpecification","valueRequired":true,"valueName":"search_term_string"}}],"inLanguage":"fr-FR"},{"@type":"Organization","@id":"https:\/\/www.webdo.tn\/fr\/#organization","name":"Webdo","alternateName":"Webdo.tn","url":"https:\/\/www.webdo.tn\/fr\/","logo":{"@type":"ImageObject","inLanguage":"fr-FR","@id":"https:\/\/www.webdo.tn\/fr\/#\/schema\/logo\/image\/","url":"https:\/\/www.webdo.tn\/fr\/wp-content\/uploads\/2025\/06\/Webdo-Tunisie_168377.jpg","contentUrl":"https:\/\/www.webdo.tn\/fr\/wp-content\/uploads\/2025\/06\/Webdo-Tunisie_168377.jpg","width":301,"height":301,"caption":"Webdo"},"image":{"@id":"https:\/\/www.webdo.tn\/fr\/#\/schema\/logo\/image\/"},"sameAs":["https:\/\/www.facebook.com\/webdotn","https:\/\/x.com\/webdo_tn"],"description":"Webdo est un m\u00e9dia num\u00e9rique tunisien fond\u00e9 en 2010, sp\u00e9cialis\u00e9 dans l\u2019actualit\u00e9 nationale et internationale, l\u2019\u00e9conomie, la soci\u00e9t\u00e9 et les analyses politiques. Le site s\u2019adresse \u00e0 un large public francophone et couvre l\u2019information tunisienne en temps r\u00e9el.","email":"redac@webdo.tn","legalName":"YNJ SARL","foundingDate":"2010-09-06","numberOfEmployees":{"@type":"QuantitativeValue","minValue":"11","maxValue":"50"}},{"@type":"Person","@id":"https:\/\/www.webdo.tn\/fr\/#\/schema\/person\/9a9c6118d687c117df8ef3cc36a4d175","name":"webdo.tn","image":{"@type":"ImageObject","inLanguage":"fr-FR","@id":"https:\/\/secure.gravatar.com\/avatar\/7ce1f28c0c3bbac99ff550b85ef8e44a6950c6ee24514fb6a5489e51d06f0298?s=96&d=mm&r=g","url":"https:\/\/secure.gravatar.com\/avatar\/7ce1f28c0c3bbac99ff550b85ef8e44a6950c6ee24514fb6a5489e51d06f0298?s=96&d=mm&r=g","contentUrl":"https:\/\/secure.gravatar.com\/avatar\/7ce1f28c0c3bbac99ff550b85ef8e44a6950c6ee24514fb6a5489e51d06f0298?s=96&d=mm&r=g","caption":"webdo.tn"},"url":"https:\/\/www.webdo.tn\/fr\/actualite\/author\/webdotn\/"}]}},"_links":{"self":[{"href":"https:\/\/www.webdo.tn\/fr\/wp-json\/wp\/v2\/posts\/172194","targetHints":{"allow":["GET"]}}],"collection":[{"href":"https:\/\/www.webdo.tn\/fr\/wp-json\/wp\/v2\/posts"}],"about":[{"href":"https:\/\/www.webdo.tn\/fr\/wp-json\/wp\/v2\/types\/post"}],"author":[{"embeddable":true,"href":"https:\/\/www.webdo.tn\/fr\/wp-json\/wp\/v2\/users\/3222"}],"replies":[{"embeddable":true,"href":"https:\/\/www.webdo.tn\/fr\/wp-json\/wp\/v2\/comments?post=172194"}],"version-history":[{"count":0,"href":"https:\/\/www.webdo.tn\/fr\/wp-json\/wp\/v2\/posts\/172194\/revisions"}],"wp:featuredmedia":[{"embeddable":true,"href":"https:\/\/www.webdo.tn\/fr\/wp-json\/wp\/v2\/media\/334056"}],"wp:attachment":[{"href":"https:\/\/www.webdo.tn\/fr\/wp-json\/wp\/v2\/media?parent=172194"}],"wp:term":[{"taxonomy":"category","embeddable":true,"href":"https:\/\/www.webdo.tn\/fr\/wp-json\/wp\/v2\/categories?post=172194"},{"taxonomy":"post_tag","embeddable":true,"href":"https:\/\/www.webdo.tn\/fr\/wp-json\/wp\/v2\/tags?post=172194"}],"curies":[{"name":"wp","href":"https:\/\/api.w.org\/{rel}","templated":true}]}}