{"id":172193,"date":"2012-02-21T09:23:00","date_gmt":"2012-02-21T09:23:00","guid":{"rendered":"https:\/\/www.webdo.tn\/fr\/blog\/demain-22-fevrier-rassemblement-des-universitaires-devant-leur-ministere\/172193\/"},"modified":"2025-06-04T19:00:27","modified_gmt":"2025-06-04T19:00:27","slug":"demain-22-fevrier-rassemblement-des-universitaires-devant-leur-ministere","status":"publish","type":"post","link":"https:\/\/www.webdo.tn\/fr\/actualite\/national\/demain-22-fevrier-rassemblement-des-universitaires-devant-leur-ministere\/172193\/","title":{"rendered":"Demain 22 f\u00e9vrier, rassemblement des universitaires devant leur Minist\u00e8re"},"content":{"rendered":"<p>Entre les enseignants universitaires et le Ministre de l\u2019enseignement sup\u00e9rieur, la tension ne semble pas pr\u00e8s de baisser. En effet, la F\u00e9d\u00e9ration de l\u2019enseignement sup\u00e9rieur organise mercredi  22 f\u00e9vrier 2012 un rassemblement devant le si\u00e8ge du Minist\u00e8re pour protester contre la politique men\u00e9e par le &lsquo;Ministre&rsquo;. Il semble que ce dernier n\u2019ait pas tenu les promesses relatives aux n\u00e9gociations qui  devaient \u00eatre engag\u00e9es \u00e0 propos des revendications morales, mat\u00e9rielles et professionnelles des enseignants. Il est \u00e0 rappeler que le Minist\u00e8re et la F\u00e9d\u00e9ration ont sign\u00e9 une convention cens\u00e9e permettre aux enseignants d\u2019obtenir une subvention au titre des efforts consentis dans le cadre de l\u2019instauration du r\u00e9gime LMD.<\/p>\n<p>D\u2019autres revendications ont \u00e9t\u00e9 faites comme celle du texte interdisant le niqab pendant le cours et les examens ainsi que la protection des universitaires contre les violences dont ils ont \u00e9t\u00e9 victimes r\u00e9cemment lors du sit-in \u00e0 la facult\u00e9 des Lettres de La Manouba.<\/p>\n","protected":false},"excerpt":{"rendered":"<p>Demain 22 f\u00e9vrier, rassemblement des universitaires devant leur Minist\u00e8re <\/p>\n","protected":false},"author":3222,"featured_media":374678,"comment_status":"open","ping_status":"closed","sticky":false,"template":"","format":"standard","meta":{"footnotes":""},"categories":[44],"tags":[],"class_list":["post-172193","post","type-post","status-publish","format-standard","has-post-thumbnail","hentry","category-national"],"yoast_head":"<!-- This site is optimized with the Yoast SEO Premium plugin v27.5 (Yoast SEO v27.5) - https:\/\/yoast.com\/product\/yoast-seo-premium-wordpress\/ -->\n<title>Demain 22 f\u00e9vrier, rassemblement des universitaires devant leur Minist\u00e8re<\/title>\n<meta name=\"description\" content=\"Demain 22 f\u00e9vrier, rassemblement des universitaires devant leur Minist\u00e8re\" \/>\n<link rel=\"canonical\" href=\"https:\/\/www.webdo.tn\/fr\/actualite\/national\/demain-22-fevrier-rassemblement-des-universitaires-devant-leur-ministere\/172193\/\" \/>\n<meta property=\"og:locale\" content=\"fr_FR\" \/>\n<meta property=\"og:type\" content=\"article\" \/>\n<meta property=\"og:title\" content=\"Demain 22 f\u00e9vrier, rassemblement des universitaires devant leur Minist\u00e8re\" \/>\n<meta property=\"og:description\" content=\"Demain 22 f\u00e9vrier, rassemblement des universitaires devant leur Minist\u00e8re\" \/>\n<meta property=\"og:url\" content=\"https:\/\/www.webdo.tn\/fr\/actualite\/national\/demain-22-fevrier-rassemblement-des-universitaires-devant-leur-ministere\/172193\/\" \/>\n<meta property=\"og:site_name\" content=\"webdo\" \/>\n<meta property=\"article:publisher\" content=\"https:\/\/www.facebook.com\/webdotn\" \/>\n<meta property=\"article:published_time\" content=\"2012-02-21T09:23:00+00:00\" \/>\n<meta property=\"article:modified_time\" content=\"2025-06-04T19:00:27+00:00\" \/>\n<meta name=\"author\" content=\"webdo.tn\" \/>\n<meta name=\"twitter:card\" content=\"summary_large_image\" \/>\n<meta name=\"twitter:creator\" content=\"@webdo_tn\" \/>\n<meta name=\"twitter:site\" content=\"@webdo_tn\" \/>\n<meta name=\"twitter:label1\" content=\"\u00c9crit par\" \/>\n\t<meta name=\"twitter:data1\" content=\"webdo.tn\" \/>\n\t<meta name=\"twitter:label2\" content=\"Dur\u00e9e de lecture estim\u00e9e\" \/>\n\t<meta name=\"twitter:data2\" content=\"1 minute\" \/>\n<script type=\"application\/ld+json\" class=\"yoast-schema-graph\">{\"@context\":\"https:\\\/\\\/schema.org\",\"@graph\":[{\"@type\":\"NewsArticle\",\"@id\":\"https:\\\/\\\/www.webdo.tn\\\/fr\\\/actualite\\\/national\\\/demain-22-fevrier-rassemblement-des-universitaires-devant-leur-ministere\\\/172193\\\/#article\",\"isPartOf\":{\"@id\":\"https:\\\/\\\/www.webdo.tn\\\/fr\\\/actualite\\\/national\\\/demain-22-fevrier-rassemblement-des-universitaires-devant-leur-ministere\\\/172193\\\/\"},\"author\":{\"name\":\"webdo.tn\",\"@id\":\"https:\\\/\\\/www.webdo.tn\\\/fr\\\/#\\\/schema\\\/person\\\/9a9c6118d687c117df8ef3cc36a4d175\"},\"headline\":\"Demain 22 f\u00e9vrier, rassemblement des universitaires devant leur Minist\u00e8re\",\"datePublished\":\"2012-02-21T09:23:00+00:00\",\"dateModified\":\"2025-06-04T19:00:27+00:00\",\"mainEntityOfPage\":{\"@id\":\"https:\\\/\\\/www.webdo.tn\\\/fr\\\/actualite\\\/national\\\/demain-22-fevrier-rassemblement-des-universitaires-devant-leur-ministere\\\/172193\\\/\"},\"wordCount\":180,\"commentCount\":0,\"publisher\":{\"@id\":\"https:\\\/\\\/www.webdo.tn\\\/fr\\\/#organization\"},\"image\":{\"@id\":\"https:\\\/\\\/www.webdo.tn\\\/fr\\\/actualite\\\/national\\\/demain-22-fevrier-rassemblement-des-universitaires-devant-leur-ministere\\\/172193\\\/#primaryimage\"},\"thumbnailUrl\":\"https:\\\/\\\/www.webdo.tn\\\/fr\\\/wp-content\\\/uploads\\\/2025\\\/06\\\/Ministere-de-lenseignement-superieure-et-la-recherche-scientique-photo-Wikipedia_172193.jpg\",\"articleSection\":[\"National\"],\"inLanguage\":\"fr-FR\"},{\"@type\":\"WebPage\",\"@id\":\"https:\\\/\\\/www.webdo.tn\\\/fr\\\/actualite\\\/national\\\/demain-22-fevrier-rassemblement-des-universitaires-devant-leur-ministere\\\/172193\\\/\",\"url\":\"https:\\\/\\\/www.webdo.tn\\\/fr\\\/actualite\\\/national\\\/demain-22-fevrier-rassemblement-des-universitaires-devant-leur-ministere\\\/172193\\\/\",\"name\":\"Demain 22 f\u00e9vrier, rassemblement des universitaires devant leur Minist\u00e8re\",\"isPartOf\":{\"@id\":\"https:\\\/\\\/www.webdo.tn\\\/fr\\\/#website\"},\"primaryImageOfPage\":{\"@id\":\"https:\\\/\\\/www.webdo.tn\\\/fr\\\/actualite\\\/national\\\/demain-22-fevrier-rassemblement-des-universitaires-devant-leur-ministere\\\/172193\\\/#primaryimage\"},\"image\":{\"@id\":\"https:\\\/\\\/www.webdo.tn\\\/fr\\\/actualite\\\/national\\\/demain-22-fevrier-rassemblement-des-universitaires-devant-leur-ministere\\\/172193\\\/#primaryimage\"},\"thumbnailUrl\":\"https:\\\/\\\/www.webdo.tn\\\/fr\\\/wp-content\\\/uploads\\\/2025\\\/06\\\/Ministere-de-lenseignement-superieure-et-la-recherche-scientique-photo-Wikipedia_172193.jpg\",\"datePublished\":\"2012-02-21T09:23:00+00:00\",\"dateModified\":\"2025-06-04T19:00:27+00:00\",\"description\":\"Demain 22 f\u00e9vrier, rassemblement des universitaires devant leur Minist\u00e8re\",\"breadcrumb\":{\"@id\":\"https:\\\/\\\/www.webdo.tn\\\/fr\\\/actualite\\\/national\\\/demain-22-fevrier-rassemblement-des-universitaires-devant-leur-ministere\\\/172193\\\/#breadcrumb\"},\"inLanguage\":\"fr-FR\",\"potentialAction\":[{\"@type\":\"ReadAction\",\"target\":[\"https:\\\/\\\/www.webdo.tn\\\/fr\\\/actualite\\\/national\\\/demain-22-fevrier-rassemblement-des-universitaires-devant-leur-ministere\\\/172193\\\/\"]}]},{\"@type\":\"ImageObject\",\"inLanguage\":\"fr-FR\",\"@id\":\"https:\\\/\\\/www.webdo.tn\\\/fr\\\/actualite\\\/national\\\/demain-22-fevrier-rassemblement-des-universitaires-devant-leur-ministere\\\/172193\\\/#primaryimage\",\"url\":\"https:\\\/\\\/www.webdo.tn\\\/fr\\\/wp-content\\\/uploads\\\/2025\\\/06\\\/Ministere-de-lenseignement-superieure-et-la-recherche-scientique-photo-Wikipedia_172193.jpg\",\"contentUrl\":\"https:\\\/\\\/www.webdo.tn\\\/fr\\\/wp-content\\\/uploads\\\/2025\\\/06\\\/Ministere-de-lenseignement-superieure-et-la-recherche-scientique-photo-Wikipedia_172193.jpg\",\"width\":214,\"height\":300,\"caption\":\"Demain 22 f\u00e9vrier, rassemblement des universitaires devant leur Minist\u00e8re\"},{\"@type\":\"BreadcrumbList\",\"@id\":\"https:\\\/\\\/www.webdo.tn\\\/fr\\\/actualite\\\/national\\\/demain-22-fevrier-rassemblement-des-universitaires-devant-leur-ministere\\\/172193\\\/#breadcrumb\",\"itemListElement\":[{\"@type\":\"ListItem\",\"position\":1,\"name\":\"Accueil\",\"item\":\"https:\\\/\\\/www.webdo.tn\\\/fr\\\/\"},{\"@type\":\"ListItem\",\"position\":2,\"name\":\"Demain 22 f\u00e9vrier, rassemblement des universitaires devant leur Minist\u00e8re\"}]},{\"@type\":\"WebSite\",\"@id\":\"https:\\\/\\\/www.webdo.tn\\\/fr\\\/#website\",\"url\":\"https:\\\/\\\/www.webdo.tn\\\/fr\\\/\",\"name\":\"webdo\",\"description\":\"Tunisie - News en Tunisie et \u00e0 l&#039;international sur Webdo.tn\",\"publisher\":{\"@id\":\"https:\\\/\\\/www.webdo.tn\\\/fr\\\/#organization\"},\"potentialAction\":[{\"@type\":\"SearchAction\",\"target\":{\"@type\":\"EntryPoint\",\"urlTemplate\":\"https:\\\/\\\/www.webdo.tn\\\/fr\\\/?s={search_term_string}\"},\"query-input\":{\"@type\":\"PropertyValueSpecification\",\"valueRequired\":true,\"valueName\":\"search_term_string\"}}],\"inLanguage\":\"fr-FR\"},{\"@type\":\"Organization\",\"@id\":\"https:\\\/\\\/www.webdo.tn\\\/fr\\\/#organization\",\"name\":\"Webdo\",\"alternateName\":\"Webdo.tn\",\"url\":\"https:\\\/\\\/www.webdo.tn\\\/fr\\\/\",\"logo\":{\"@type\":\"ImageObject\",\"inLanguage\":\"fr-FR\",\"@id\":\"https:\\\/\\\/www.webdo.tn\\\/fr\\\/#\\\/schema\\\/logo\\\/image\\\/\",\"url\":\"https:\\\/\\\/www.webdo.tn\\\/fr\\\/wp-content\\\/uploads\\\/2025\\\/06\\\/Webdo-Tunisie_168377.jpg\",\"contentUrl\":\"https:\\\/\\\/www.webdo.tn\\\/fr\\\/wp-content\\\/uploads\\\/2025\\\/06\\\/Webdo-Tunisie_168377.jpg\",\"width\":301,\"height\":301,\"caption\":\"Webdo\"},\"image\":{\"@id\":\"https:\\\/\\\/www.webdo.tn\\\/fr\\\/#\\\/schema\\\/logo\\\/image\\\/\"},\"sameAs\":[\"https:\\\/\\\/www.facebook.com\\\/webdotn\",\"https:\\\/\\\/x.com\\\/webdo_tn\"],\"description\":\"Webdo est un m\u00e9dia num\u00e9rique tunisien fond\u00e9 en 2010, sp\u00e9cialis\u00e9 dans l\u2019actualit\u00e9 nationale et internationale, l\u2019\u00e9conomie, la soci\u00e9t\u00e9 et les analyses politiques. Le site s\u2019adresse \u00e0 un large public francophone et couvre l\u2019information tunisienne en temps r\u00e9el.\",\"email\":\"redac@webdo.tn\",\"legalName\":\"YNJ SARL\",\"foundingDate\":\"2010-09-06\",\"numberOfEmployees\":{\"@type\":\"QuantitativeValue\",\"minValue\":\"11\",\"maxValue\":\"50\"}},{\"@type\":\"Person\",\"@id\":\"https:\\\/\\\/www.webdo.tn\\\/fr\\\/#\\\/schema\\\/person\\\/9a9c6118d687c117df8ef3cc36a4d175\",\"name\":\"webdo.tn\",\"image\":{\"@type\":\"ImageObject\",\"inLanguage\":\"fr-FR\",\"@id\":\"https:\\\/\\\/secure.gravatar.com\\\/avatar\\\/7ce1f28c0c3bbac99ff550b85ef8e44a6950c6ee24514fb6a5489e51d06f0298?s=96&d=mm&r=g\",\"url\":\"https:\\\/\\\/secure.gravatar.com\\\/avatar\\\/7ce1f28c0c3bbac99ff550b85ef8e44a6950c6ee24514fb6a5489e51d06f0298?s=96&d=mm&r=g\",\"contentUrl\":\"https:\\\/\\\/secure.gravatar.com\\\/avatar\\\/7ce1f28c0c3bbac99ff550b85ef8e44a6950c6ee24514fb6a5489e51d06f0298?s=96&d=mm&r=g\",\"caption\":\"webdo.tn\"},\"url\":\"https:\\\/\\\/www.webdo.tn\\\/fr\\\/actualite\\\/author\\\/webdotn\\\/\"}]}<\/script>\n<!-- \/ Yoast SEO Premium plugin. -->","yoast_head_json":{"title":"Demain 22 f\u00e9vrier, rassemblement des universitaires devant leur Minist\u00e8re","description":"Demain 22 f\u00e9vrier, rassemblement des universitaires devant leur Minist\u00e8re","canonical":"https:\/\/www.webdo.tn\/fr\/actualite\/national\/demain-22-fevrier-rassemblement-des-universitaires-devant-leur-ministere\/172193\/","og_locale":"fr_FR","og_type":"article","og_title":"Demain 22 f\u00e9vrier, rassemblement des universitaires devant leur Minist\u00e8re","og_description":"Demain 22 f\u00e9vrier, rassemblement des universitaires devant leur Minist\u00e8re","og_url":"https:\/\/www.webdo.tn\/fr\/actualite\/national\/demain-22-fevrier-rassemblement-des-universitaires-devant-leur-ministere\/172193\/","og_site_name":"webdo","article_publisher":"https:\/\/www.facebook.com\/webdotn","article_published_time":"2012-02-21T09:23:00+00:00","article_modified_time":"2025-06-04T19:00:27+00:00","author":"webdo.tn","twitter_card":"summary_large_image","twitter_creator":"@webdo_tn","twitter_site":"@webdo_tn","twitter_misc":{"\u00c9crit par":"webdo.tn","Dur\u00e9e de lecture estim\u00e9e":"1 minute"},"schema":{"@context":"https:\/\/schema.org","@graph":[{"@type":"NewsArticle","@id":"https:\/\/www.webdo.tn\/fr\/actualite\/national\/demain-22-fevrier-rassemblement-des-universitaires-devant-leur-ministere\/172193\/#article","isPartOf":{"@id":"https:\/\/www.webdo.tn\/fr\/actualite\/national\/demain-22-fevrier-rassemblement-des-universitaires-devant-leur-ministere\/172193\/"},"author":{"name":"webdo.tn","@id":"https:\/\/www.webdo.tn\/fr\/#\/schema\/person\/9a9c6118d687c117df8ef3cc36a4d175"},"headline":"Demain 22 f\u00e9vrier, rassemblement des universitaires devant leur Minist\u00e8re","datePublished":"2012-02-21T09:23:00+00:00","dateModified":"2025-06-04T19:00:27+00:00","mainEntityOfPage":{"@id":"https:\/\/www.webdo.tn\/fr\/actualite\/national\/demain-22-fevrier-rassemblement-des-universitaires-devant-leur-ministere\/172193\/"},"wordCount":180,"commentCount":0,"publisher":{"@id":"https:\/\/www.webdo.tn\/fr\/#organization"},"image":{"@id":"https:\/\/www.webdo.tn\/fr\/actualite\/national\/demain-22-fevrier-rassemblement-des-universitaires-devant-leur-ministere\/172193\/#primaryimage"},"thumbnailUrl":"https:\/\/www.webdo.tn\/fr\/wp-content\/uploads\/2025\/06\/Ministere-de-lenseignement-superieure-et-la-recherche-scientique-photo-Wikipedia_172193.jpg","articleSection":["National"],"inLanguage":"fr-FR"},{"@type":"WebPage","@id":"https:\/\/www.webdo.tn\/fr\/actualite\/national\/demain-22-fevrier-rassemblement-des-universitaires-devant-leur-ministere\/172193\/","url":"https:\/\/www.webdo.tn\/fr\/actualite\/national\/demain-22-fevrier-rassemblement-des-universitaires-devant-leur-ministere\/172193\/","name":"Demain 22 f\u00e9vrier, rassemblement des universitaires devant leur Minist\u00e8re","isPartOf":{"@id":"https:\/\/www.webdo.tn\/fr\/#website"},"primaryImageOfPage":{"@id":"https:\/\/www.webdo.tn\/fr\/actualite\/national\/demain-22-fevrier-rassemblement-des-universitaires-devant-leur-ministere\/172193\/#primaryimage"},"image":{"@id":"https:\/\/www.webdo.tn\/fr\/actualite\/national\/demain-22-fevrier-rassemblement-des-universitaires-devant-leur-ministere\/172193\/#primaryimage"},"thumbnailUrl":"https:\/\/www.webdo.tn\/fr\/wp-content\/uploads\/2025\/06\/Ministere-de-lenseignement-superieure-et-la-recherche-scientique-photo-Wikipedia_172193.jpg","datePublished":"2012-02-21T09:23:00+00:00","dateModified":"2025-06-04T19:00:27+00:00","description":"Demain 22 f\u00e9vrier, rassemblement des universitaires devant leur Minist\u00e8re","breadcrumb":{"@id":"https:\/\/www.webdo.tn\/fr\/actualite\/national\/demain-22-fevrier-rassemblement-des-universitaires-devant-leur-ministere\/172193\/#breadcrumb"},"inLanguage":"fr-FR","potentialAction":[{"@type":"ReadAction","target":["https:\/\/www.webdo.tn\/fr\/actualite\/national\/demain-22-fevrier-rassemblement-des-universitaires-devant-leur-ministere\/172193\/"]}]},{"@type":"ImageObject","inLanguage":"fr-FR","@id":"https:\/\/www.webdo.tn\/fr\/actualite\/national\/demain-22-fevrier-rassemblement-des-universitaires-devant-leur-ministere\/172193\/#primaryimage","url":"https:\/\/www.webdo.tn\/fr\/wp-content\/uploads\/2025\/06\/Ministere-de-lenseignement-superieure-et-la-recherche-scientique-photo-Wikipedia_172193.jpg","contentUrl":"https:\/\/www.webdo.tn\/fr\/wp-content\/uploads\/2025\/06\/Ministere-de-lenseignement-superieure-et-la-recherche-scientique-photo-Wikipedia_172193.jpg","width":214,"height":300,"caption":"Demain 22 f\u00e9vrier, rassemblement des universitaires devant leur Minist\u00e8re"},{"@type":"BreadcrumbList","@id":"https:\/\/www.webdo.tn\/fr\/actualite\/national\/demain-22-fevrier-rassemblement-des-universitaires-devant-leur-ministere\/172193\/#breadcrumb","itemListElement":[{"@type":"ListItem","position":1,"name":"Accueil","item":"https:\/\/www.webdo.tn\/fr\/"},{"@type":"ListItem","position":2,"name":"Demain 22 f\u00e9vrier, rassemblement des universitaires devant leur Minist\u00e8re"}]},{"@type":"WebSite","@id":"https:\/\/www.webdo.tn\/fr\/#website","url":"https:\/\/www.webdo.tn\/fr\/","name":"webdo","description":"Tunisie - News en Tunisie et \u00e0 l&#039;international sur Webdo.tn","publisher":{"@id":"https:\/\/www.webdo.tn\/fr\/#organization"},"potentialAction":[{"@type":"SearchAction","target":{"@type":"EntryPoint","urlTemplate":"https:\/\/www.webdo.tn\/fr\/?s={search_term_string}"},"query-input":{"@type":"PropertyValueSpecification","valueRequired":true,"valueName":"search_term_string"}}],"inLanguage":"fr-FR"},{"@type":"Organization","@id":"https:\/\/www.webdo.tn\/fr\/#organization","name":"Webdo","alternateName":"Webdo.tn","url":"https:\/\/www.webdo.tn\/fr\/","logo":{"@type":"ImageObject","inLanguage":"fr-FR","@id":"https:\/\/www.webdo.tn\/fr\/#\/schema\/logo\/image\/","url":"https:\/\/www.webdo.tn\/fr\/wp-content\/uploads\/2025\/06\/Webdo-Tunisie_168377.jpg","contentUrl":"https:\/\/www.webdo.tn\/fr\/wp-content\/uploads\/2025\/06\/Webdo-Tunisie_168377.jpg","width":301,"height":301,"caption":"Webdo"},"image":{"@id":"https:\/\/www.webdo.tn\/fr\/#\/schema\/logo\/image\/"},"sameAs":["https:\/\/www.facebook.com\/webdotn","https:\/\/x.com\/webdo_tn"],"description":"Webdo est un m\u00e9dia num\u00e9rique tunisien fond\u00e9 en 2010, sp\u00e9cialis\u00e9 dans l\u2019actualit\u00e9 nationale et internationale, l\u2019\u00e9conomie, la soci\u00e9t\u00e9 et les analyses politiques. Le site s\u2019adresse \u00e0 un large public francophone et couvre l\u2019information tunisienne en temps r\u00e9el.","email":"redac@webdo.tn","legalName":"YNJ SARL","foundingDate":"2010-09-06","numberOfEmployees":{"@type":"QuantitativeValue","minValue":"11","maxValue":"50"}},{"@type":"Person","@id":"https:\/\/www.webdo.tn\/fr\/#\/schema\/person\/9a9c6118d687c117df8ef3cc36a4d175","name":"webdo.tn","image":{"@type":"ImageObject","inLanguage":"fr-FR","@id":"https:\/\/secure.gravatar.com\/avatar\/7ce1f28c0c3bbac99ff550b85ef8e44a6950c6ee24514fb6a5489e51d06f0298?s=96&d=mm&r=g","url":"https:\/\/secure.gravatar.com\/avatar\/7ce1f28c0c3bbac99ff550b85ef8e44a6950c6ee24514fb6a5489e51d06f0298?s=96&d=mm&r=g","contentUrl":"https:\/\/secure.gravatar.com\/avatar\/7ce1f28c0c3bbac99ff550b85ef8e44a6950c6ee24514fb6a5489e51d06f0298?s=96&d=mm&r=g","caption":"webdo.tn"},"url":"https:\/\/www.webdo.tn\/fr\/actualite\/author\/webdotn\/"}]}},"_links":{"self":[{"href":"https:\/\/www.webdo.tn\/fr\/wp-json\/wp\/v2\/posts\/172193","targetHints":{"allow":["GET"]}}],"collection":[{"href":"https:\/\/www.webdo.tn\/fr\/wp-json\/wp\/v2\/posts"}],"about":[{"href":"https:\/\/www.webdo.tn\/fr\/wp-json\/wp\/v2\/types\/post"}],"author":[{"embeddable":true,"href":"https:\/\/www.webdo.tn\/fr\/wp-json\/wp\/v2\/users\/3222"}],"replies":[{"embeddable":true,"href":"https:\/\/www.webdo.tn\/fr\/wp-json\/wp\/v2\/comments?post=172193"}],"version-history":[{"count":0,"href":"https:\/\/www.webdo.tn\/fr\/wp-json\/wp\/v2\/posts\/172193\/revisions"}],"wp:featuredmedia":[{"embeddable":true,"href":"https:\/\/www.webdo.tn\/fr\/wp-json\/wp\/v2\/media\/374678"}],"wp:attachment":[{"href":"https:\/\/www.webdo.tn\/fr\/wp-json\/wp\/v2\/media?parent=172193"}],"wp:term":[{"taxonomy":"category","embeddable":true,"href":"https:\/\/www.webdo.tn\/fr\/wp-json\/wp\/v2\/categories?post=172193"},{"taxonomy":"post_tag","embeddable":true,"href":"https:\/\/www.webdo.tn\/fr\/wp-json\/wp\/v2\/tags?post=172193"}],"curies":[{"name":"wp","href":"https:\/\/api.w.org\/{rel}","templated":true}]}}