{"id":172190,"date":"2012-02-21T15:30:00","date_gmt":"2012-02-21T15:30:00","guid":{"rendered":"https:\/\/www.webdo.tn\/fr\/blog\/des-locaux-de-lugtt-vandalises-les-nahdhaouis-pointes-du-doigt\/172190\/"},"modified":"2025-06-04T19:00:42","modified_gmt":"2025-06-04T19:00:42","slug":"des-locaux-de-lugtt-vandalises-les-nahdhaouis-pointes-du-doigt","status":"publish","type":"post","link":"https:\/\/www.webdo.tn\/fr\/actualite\/national\/des-locaux-de-lugtt-vandalises-les-nahdhaouis-pointes-du-doigt\/172190\/","title":{"rendered":"Des locaux de l&rsquo;UGTT vandalis\u00e9s : les nahdhaouis point\u00e9s du doigt !"},"content":{"rendered":"<p>Hier, d\u00e9butait la gr\u00e8ve des agents municipaux, partout dans le pays, et ce pour une dur\u00e9e de quatre jours. Une gr\u00e8ve appuy\u00e9e par l&rsquo;UGTT et qui n&rsquo;est pas du go\u00fbt de certaines personnes, comme en t\u00e9moigne les actes de violences et de vandalismes qu\u2019ont subis plusieurs locaux de l&rsquo;UGTT.<\/p>\n<p>Hier soir d\u00e9j\u00e0, plusieurs personnes se sont d\u00e9plac\u00e9s jusqu&rsquo;\u00e0 la Place Mohamed Ali, fief de l&rsquo;UGTT, pour y d\u00e9poser leurs poubelles et casser des vitres du local. Ces m\u00eames actions ont \u00e9t\u00e9 perp\u00e9tr\u00e9es sur d&rsquo;autres locaux r\u00e9gionaux de l&rsquo;UGTT, notamment \u00e0 Manouba et Ben Arous.<\/p>\n<p>Aujourd&rsquo;hui, sur les ondes de Mosaique FM, le membre du bureau ex\u00e9cutif de l&rsquo;UGTT, Belgacem Ayari, a annonc\u00e9 que le local de Feriana avait \u00e9t\u00e9 incendi\u00e9, avec tout ce qu&rsquo;il contenait comme meubles et documents, plus au moins importants.<\/p>\n<p>Sur la page facebook officielle de l&rsquo;UGTT, on peut lire le t\u00e9moignage du secr\u00e9taire g\u00e9n\u00e9ral de l&rsquo;UGTT \u00e0 Kasserine, Amor Mhamdi, qui assure que \u00ab\u00a0des personnes appartenant \u00e0 Ennahdha se sont pr\u00e9sent\u00e9es devant le local de Feriana, l\u2019ont fait sortir de force, avant d&rsquo;allumer le feu au local\u00a0\u00bb.<\/p>\n<p>Que l&rsquo;on soit d&rsquo;accord ou pas avec cette gr\u00e8ve, des actes d&rsquo;une telle violence ne peuvent passer sous silence. Qu\u2019en dit le gouvernement ?<\/p>\n","protected":false},"excerpt":{"rendered":"<p>Des locaux de l&rsquo;UGTT vandalis\u00e9s : les nahdhaouis point\u00e9s du doigt !<\/p>\n","protected":false},"author":3222,"featured_media":333750,"comment_status":"open","ping_status":"closed","sticky":false,"template":"","format":"standard","meta":{"footnotes":""},"categories":[44],"tags":[],"class_list":["post-172190","post","type-post","status-publish","format-standard","has-post-thumbnail","hentry","category-national"],"yoast_head":"<!-- This site is optimized with the Yoast SEO Premium plugin v27.5 (Yoast SEO v27.5) - https:\/\/yoast.com\/product\/yoast-seo-premium-wordpress\/ -->\n<title>Des locaux de l&#039;UGTT vandalis\u00e9s : les nahdhaouis point\u00e9s du doigt !<\/title>\n<meta name=\"description\" content=\"Des locaux de l&#039;UGTT vandalis\u00e9s : les nahdhaouis point\u00e9s du doigt !\" \/>\n<link rel=\"canonical\" href=\"https:\/\/www.webdo.tn\/fr\/actualite\/national\/des-locaux-de-lugtt-vandalises-les-nahdhaouis-pointes-du-doigt\/172190\/\" \/>\n<meta property=\"og:locale\" content=\"fr_FR\" \/>\n<meta property=\"og:type\" content=\"article\" \/>\n<meta property=\"og:title\" content=\"Des locaux de l&#039;UGTT vandalis\u00e9s : les nahdhaouis point\u00e9s du doigt !\" \/>\n<meta property=\"og:description\" content=\"Des locaux de l&#039;UGTT vandalis\u00e9s : les nahdhaouis point\u00e9s du doigt !\" \/>\n<meta property=\"og:url\" content=\"https:\/\/www.webdo.tn\/fr\/actualite\/national\/des-locaux-de-lugtt-vandalises-les-nahdhaouis-pointes-du-doigt\/172190\/\" \/>\n<meta property=\"og:site_name\" content=\"webdo\" \/>\n<meta property=\"article:publisher\" content=\"https:\/\/www.facebook.com\/webdotn\" \/>\n<meta property=\"article:published_time\" content=\"2012-02-21T15:30:00+00:00\" \/>\n<meta property=\"article:modified_time\" content=\"2025-06-04T19:00:42+00:00\" \/>\n<meta property=\"og:image\" content=\"https:\/\/www.webdo.tn\/fr\/wp-content\/uploads\/2012\/02\/aaa-150x150-1.jpg\" \/>\n\t<meta property=\"og:image:width\" content=\"150\" \/>\n\t<meta property=\"og:image:height\" content=\"150\" \/>\n\t<meta property=\"og:image:type\" content=\"image\/jpeg\" \/>\n<meta name=\"author\" content=\"webdo.tn\" \/>\n<meta name=\"twitter:card\" content=\"summary_large_image\" \/>\n<meta name=\"twitter:creator\" content=\"@webdo_tn\" \/>\n<meta name=\"twitter:site\" content=\"@webdo_tn\" \/>\n<meta name=\"twitter:label1\" content=\"\u00c9crit par\" \/>\n\t<meta name=\"twitter:data1\" content=\"webdo.tn\" \/>\n\t<meta name=\"twitter:label2\" content=\"Dur\u00e9e de lecture estim\u00e9e\" \/>\n\t<meta name=\"twitter:data2\" content=\"1 minute\" \/>\n<script type=\"application\/ld+json\" class=\"yoast-schema-graph\">{\"@context\":\"https:\\\/\\\/schema.org\",\"@graph\":[{\"@type\":\"NewsArticle\",\"@id\":\"https:\\\/\\\/www.webdo.tn\\\/fr\\\/actualite\\\/national\\\/des-locaux-de-lugtt-vandalises-les-nahdhaouis-pointes-du-doigt\\\/172190\\\/#article\",\"isPartOf\":{\"@id\":\"https:\\\/\\\/www.webdo.tn\\\/fr\\\/actualite\\\/national\\\/des-locaux-de-lugtt-vandalises-les-nahdhaouis-pointes-du-doigt\\\/172190\\\/\"},\"author\":{\"name\":\"webdo.tn\",\"@id\":\"https:\\\/\\\/www.webdo.tn\\\/fr\\\/#\\\/schema\\\/person\\\/9a9c6118d687c117df8ef3cc36a4d175\"},\"headline\":\"Des locaux de l&rsquo;UGTT vandalis\u00e9s : les nahdhaouis point\u00e9s du doigt !\",\"datePublished\":\"2012-02-21T15:30:00+00:00\",\"dateModified\":\"2025-06-04T19:00:42+00:00\",\"mainEntityOfPage\":{\"@id\":\"https:\\\/\\\/www.webdo.tn\\\/fr\\\/actualite\\\/national\\\/des-locaux-de-lugtt-vandalises-les-nahdhaouis-pointes-du-doigt\\\/172190\\\/\"},\"wordCount\":255,\"commentCount\":0,\"publisher\":{\"@id\":\"https:\\\/\\\/www.webdo.tn\\\/fr\\\/#organization\"},\"image\":{\"@id\":\"https:\\\/\\\/www.webdo.tn\\\/fr\\\/actualite\\\/national\\\/des-locaux-de-lugtt-vandalises-les-nahdhaouis-pointes-du-doigt\\\/172190\\\/#primaryimage\"},\"thumbnailUrl\":\"https:\\\/\\\/www.webdo.tn\\\/fr\\\/wp-content\\\/uploads\\\/2012\\\/02\\\/aaa-150x150-1.jpg\",\"articleSection\":[\"National\"],\"inLanguage\":\"fr-FR\"},{\"@type\":\"WebPage\",\"@id\":\"https:\\\/\\\/www.webdo.tn\\\/fr\\\/actualite\\\/national\\\/des-locaux-de-lugtt-vandalises-les-nahdhaouis-pointes-du-doigt\\\/172190\\\/\",\"url\":\"https:\\\/\\\/www.webdo.tn\\\/fr\\\/actualite\\\/national\\\/des-locaux-de-lugtt-vandalises-les-nahdhaouis-pointes-du-doigt\\\/172190\\\/\",\"name\":\"Des locaux de l'UGTT vandalis\u00e9s : les nahdhaouis point\u00e9s du doigt !\",\"isPartOf\":{\"@id\":\"https:\\\/\\\/www.webdo.tn\\\/fr\\\/#website\"},\"primaryImageOfPage\":{\"@id\":\"https:\\\/\\\/www.webdo.tn\\\/fr\\\/actualite\\\/national\\\/des-locaux-de-lugtt-vandalises-les-nahdhaouis-pointes-du-doigt\\\/172190\\\/#primaryimage\"},\"image\":{\"@id\":\"https:\\\/\\\/www.webdo.tn\\\/fr\\\/actualite\\\/national\\\/des-locaux-de-lugtt-vandalises-les-nahdhaouis-pointes-du-doigt\\\/172190\\\/#primaryimage\"},\"thumbnailUrl\":\"https:\\\/\\\/www.webdo.tn\\\/fr\\\/wp-content\\\/uploads\\\/2012\\\/02\\\/aaa-150x150-1.jpg\",\"datePublished\":\"2012-02-21T15:30:00+00:00\",\"dateModified\":\"2025-06-04T19:00:42+00:00\",\"description\":\"Des locaux de l'UGTT vandalis\u00e9s : les nahdhaouis point\u00e9s du doigt !\",\"breadcrumb\":{\"@id\":\"https:\\\/\\\/www.webdo.tn\\\/fr\\\/actualite\\\/national\\\/des-locaux-de-lugtt-vandalises-les-nahdhaouis-pointes-du-doigt\\\/172190\\\/#breadcrumb\"},\"inLanguage\":\"fr-FR\",\"potentialAction\":[{\"@type\":\"ReadAction\",\"target\":[\"https:\\\/\\\/www.webdo.tn\\\/fr\\\/actualite\\\/national\\\/des-locaux-de-lugtt-vandalises-les-nahdhaouis-pointes-du-doigt\\\/172190\\\/\"]}]},{\"@type\":\"ImageObject\",\"inLanguage\":\"fr-FR\",\"@id\":\"https:\\\/\\\/www.webdo.tn\\\/fr\\\/actualite\\\/national\\\/des-locaux-de-lugtt-vandalises-les-nahdhaouis-pointes-du-doigt\\\/172190\\\/#primaryimage\",\"url\":\"https:\\\/\\\/www.webdo.tn\\\/fr\\\/wp-content\\\/uploads\\\/2012\\\/02\\\/aaa-150x150-1.jpg\",\"contentUrl\":\"https:\\\/\\\/www.webdo.tn\\\/fr\\\/wp-content\\\/uploads\\\/2012\\\/02\\\/aaa-150x150-1.jpg\",\"width\":150,\"height\":150,\"caption\":\"Des locaux de l'UGTT vandalis\u00e9s : les nahdhaouis point\u00e9s du doigt !\"},{\"@type\":\"BreadcrumbList\",\"@id\":\"https:\\\/\\\/www.webdo.tn\\\/fr\\\/actualite\\\/national\\\/des-locaux-de-lugtt-vandalises-les-nahdhaouis-pointes-du-doigt\\\/172190\\\/#breadcrumb\",\"itemListElement\":[{\"@type\":\"ListItem\",\"position\":1,\"name\":\"Accueil\",\"item\":\"https:\\\/\\\/www.webdo.tn\\\/fr\\\/\"},{\"@type\":\"ListItem\",\"position\":2,\"name\":\"Des locaux de l&rsquo;UGTT vandalis\u00e9s : les nahdhaouis point\u00e9s du doigt !\"}]},{\"@type\":\"WebSite\",\"@id\":\"https:\\\/\\\/www.webdo.tn\\\/fr\\\/#website\",\"url\":\"https:\\\/\\\/www.webdo.tn\\\/fr\\\/\",\"name\":\"webdo\",\"description\":\"Tunisie - News en Tunisie et \u00e0 l&#039;international sur Webdo.tn\",\"publisher\":{\"@id\":\"https:\\\/\\\/www.webdo.tn\\\/fr\\\/#organization\"},\"potentialAction\":[{\"@type\":\"SearchAction\",\"target\":{\"@type\":\"EntryPoint\",\"urlTemplate\":\"https:\\\/\\\/www.webdo.tn\\\/fr\\\/?s={search_term_string}\"},\"query-input\":{\"@type\":\"PropertyValueSpecification\",\"valueRequired\":true,\"valueName\":\"search_term_string\"}}],\"inLanguage\":\"fr-FR\"},{\"@type\":\"Organization\",\"@id\":\"https:\\\/\\\/www.webdo.tn\\\/fr\\\/#organization\",\"name\":\"Webdo\",\"alternateName\":\"Webdo.tn\",\"url\":\"https:\\\/\\\/www.webdo.tn\\\/fr\\\/\",\"logo\":{\"@type\":\"ImageObject\",\"inLanguage\":\"fr-FR\",\"@id\":\"https:\\\/\\\/www.webdo.tn\\\/fr\\\/#\\\/schema\\\/logo\\\/image\\\/\",\"url\":\"https:\\\/\\\/www.webdo.tn\\\/fr\\\/wp-content\\\/uploads\\\/2025\\\/06\\\/Webdo-Tunisie_168377.jpg\",\"contentUrl\":\"https:\\\/\\\/www.webdo.tn\\\/fr\\\/wp-content\\\/uploads\\\/2025\\\/06\\\/Webdo-Tunisie_168377.jpg\",\"width\":301,\"height\":301,\"caption\":\"Webdo\"},\"image\":{\"@id\":\"https:\\\/\\\/www.webdo.tn\\\/fr\\\/#\\\/schema\\\/logo\\\/image\\\/\"},\"sameAs\":[\"https:\\\/\\\/www.facebook.com\\\/webdotn\",\"https:\\\/\\\/x.com\\\/webdo_tn\"],\"description\":\"Webdo est un m\u00e9dia num\u00e9rique tunisien fond\u00e9 en 2010, sp\u00e9cialis\u00e9 dans l\u2019actualit\u00e9 nationale et internationale, l\u2019\u00e9conomie, la soci\u00e9t\u00e9 et les analyses politiques. Le site s\u2019adresse \u00e0 un large public francophone et couvre l\u2019information tunisienne en temps r\u00e9el.\",\"email\":\"redac@webdo.tn\",\"legalName\":\"YNJ SARL\",\"foundingDate\":\"2010-09-06\",\"numberOfEmployees\":{\"@type\":\"QuantitativeValue\",\"minValue\":\"11\",\"maxValue\":\"50\"}},{\"@type\":\"Person\",\"@id\":\"https:\\\/\\\/www.webdo.tn\\\/fr\\\/#\\\/schema\\\/person\\\/9a9c6118d687c117df8ef3cc36a4d175\",\"name\":\"webdo.tn\",\"image\":{\"@type\":\"ImageObject\",\"inLanguage\":\"fr-FR\",\"@id\":\"https:\\\/\\\/secure.gravatar.com\\\/avatar\\\/7ce1f28c0c3bbac99ff550b85ef8e44a6950c6ee24514fb6a5489e51d06f0298?s=96&d=mm&r=g\",\"url\":\"https:\\\/\\\/secure.gravatar.com\\\/avatar\\\/7ce1f28c0c3bbac99ff550b85ef8e44a6950c6ee24514fb6a5489e51d06f0298?s=96&d=mm&r=g\",\"contentUrl\":\"https:\\\/\\\/secure.gravatar.com\\\/avatar\\\/7ce1f28c0c3bbac99ff550b85ef8e44a6950c6ee24514fb6a5489e51d06f0298?s=96&d=mm&r=g\",\"caption\":\"webdo.tn\"},\"url\":\"https:\\\/\\\/www.webdo.tn\\\/fr\\\/actualite\\\/author\\\/webdotn\\\/\"}]}<\/script>\n<!-- \/ Yoast SEO Premium plugin. -->","yoast_head_json":{"title":"Des locaux de l'UGTT vandalis\u00e9s : les nahdhaouis point\u00e9s du doigt !","description":"Des locaux de l'UGTT vandalis\u00e9s : les nahdhaouis point\u00e9s du doigt !","canonical":"https:\/\/www.webdo.tn\/fr\/actualite\/national\/des-locaux-de-lugtt-vandalises-les-nahdhaouis-pointes-du-doigt\/172190\/","og_locale":"fr_FR","og_type":"article","og_title":"Des locaux de l'UGTT vandalis\u00e9s : les nahdhaouis point\u00e9s du doigt !","og_description":"Des locaux de l'UGTT vandalis\u00e9s : les nahdhaouis point\u00e9s du doigt !","og_url":"https:\/\/www.webdo.tn\/fr\/actualite\/national\/des-locaux-de-lugtt-vandalises-les-nahdhaouis-pointes-du-doigt\/172190\/","og_site_name":"webdo","article_publisher":"https:\/\/www.facebook.com\/webdotn","article_published_time":"2012-02-21T15:30:00+00:00","article_modified_time":"2025-06-04T19:00:42+00:00","og_image":[{"width":150,"height":150,"url":"https:\/\/www.webdo.tn\/fr\/wp-content\/uploads\/2012\/02\/aaa-150x150-1.jpg","type":"image\/jpeg"}],"author":"webdo.tn","twitter_card":"summary_large_image","twitter_creator":"@webdo_tn","twitter_site":"@webdo_tn","twitter_misc":{"\u00c9crit par":"webdo.tn","Dur\u00e9e de lecture estim\u00e9e":"1 minute"},"schema":{"@context":"https:\/\/schema.org","@graph":[{"@type":"NewsArticle","@id":"https:\/\/www.webdo.tn\/fr\/actualite\/national\/des-locaux-de-lugtt-vandalises-les-nahdhaouis-pointes-du-doigt\/172190\/#article","isPartOf":{"@id":"https:\/\/www.webdo.tn\/fr\/actualite\/national\/des-locaux-de-lugtt-vandalises-les-nahdhaouis-pointes-du-doigt\/172190\/"},"author":{"name":"webdo.tn","@id":"https:\/\/www.webdo.tn\/fr\/#\/schema\/person\/9a9c6118d687c117df8ef3cc36a4d175"},"headline":"Des locaux de l&rsquo;UGTT vandalis\u00e9s : les nahdhaouis point\u00e9s du doigt !","datePublished":"2012-02-21T15:30:00+00:00","dateModified":"2025-06-04T19:00:42+00:00","mainEntityOfPage":{"@id":"https:\/\/www.webdo.tn\/fr\/actualite\/national\/des-locaux-de-lugtt-vandalises-les-nahdhaouis-pointes-du-doigt\/172190\/"},"wordCount":255,"commentCount":0,"publisher":{"@id":"https:\/\/www.webdo.tn\/fr\/#organization"},"image":{"@id":"https:\/\/www.webdo.tn\/fr\/actualite\/national\/des-locaux-de-lugtt-vandalises-les-nahdhaouis-pointes-du-doigt\/172190\/#primaryimage"},"thumbnailUrl":"https:\/\/www.webdo.tn\/fr\/wp-content\/uploads\/2012\/02\/aaa-150x150-1.jpg","articleSection":["National"],"inLanguage":"fr-FR"},{"@type":"WebPage","@id":"https:\/\/www.webdo.tn\/fr\/actualite\/national\/des-locaux-de-lugtt-vandalises-les-nahdhaouis-pointes-du-doigt\/172190\/","url":"https:\/\/www.webdo.tn\/fr\/actualite\/national\/des-locaux-de-lugtt-vandalises-les-nahdhaouis-pointes-du-doigt\/172190\/","name":"Des locaux de l'UGTT vandalis\u00e9s : les nahdhaouis point\u00e9s du doigt !","isPartOf":{"@id":"https:\/\/www.webdo.tn\/fr\/#website"},"primaryImageOfPage":{"@id":"https:\/\/www.webdo.tn\/fr\/actualite\/national\/des-locaux-de-lugtt-vandalises-les-nahdhaouis-pointes-du-doigt\/172190\/#primaryimage"},"image":{"@id":"https:\/\/www.webdo.tn\/fr\/actualite\/national\/des-locaux-de-lugtt-vandalises-les-nahdhaouis-pointes-du-doigt\/172190\/#primaryimage"},"thumbnailUrl":"https:\/\/www.webdo.tn\/fr\/wp-content\/uploads\/2012\/02\/aaa-150x150-1.jpg","datePublished":"2012-02-21T15:30:00+00:00","dateModified":"2025-06-04T19:00:42+00:00","description":"Des locaux de l'UGTT vandalis\u00e9s : les nahdhaouis point\u00e9s du doigt !","breadcrumb":{"@id":"https:\/\/www.webdo.tn\/fr\/actualite\/national\/des-locaux-de-lugtt-vandalises-les-nahdhaouis-pointes-du-doigt\/172190\/#breadcrumb"},"inLanguage":"fr-FR","potentialAction":[{"@type":"ReadAction","target":["https:\/\/www.webdo.tn\/fr\/actualite\/national\/des-locaux-de-lugtt-vandalises-les-nahdhaouis-pointes-du-doigt\/172190\/"]}]},{"@type":"ImageObject","inLanguage":"fr-FR","@id":"https:\/\/www.webdo.tn\/fr\/actualite\/national\/des-locaux-de-lugtt-vandalises-les-nahdhaouis-pointes-du-doigt\/172190\/#primaryimage","url":"https:\/\/www.webdo.tn\/fr\/wp-content\/uploads\/2012\/02\/aaa-150x150-1.jpg","contentUrl":"https:\/\/www.webdo.tn\/fr\/wp-content\/uploads\/2012\/02\/aaa-150x150-1.jpg","width":150,"height":150,"caption":"Des locaux de l'UGTT vandalis\u00e9s : les nahdhaouis point\u00e9s du doigt !"},{"@type":"BreadcrumbList","@id":"https:\/\/www.webdo.tn\/fr\/actualite\/national\/des-locaux-de-lugtt-vandalises-les-nahdhaouis-pointes-du-doigt\/172190\/#breadcrumb","itemListElement":[{"@type":"ListItem","position":1,"name":"Accueil","item":"https:\/\/www.webdo.tn\/fr\/"},{"@type":"ListItem","position":2,"name":"Des locaux de l&rsquo;UGTT vandalis\u00e9s : les nahdhaouis point\u00e9s du doigt !"}]},{"@type":"WebSite","@id":"https:\/\/www.webdo.tn\/fr\/#website","url":"https:\/\/www.webdo.tn\/fr\/","name":"webdo","description":"Tunisie - News en Tunisie et \u00e0 l&#039;international sur Webdo.tn","publisher":{"@id":"https:\/\/www.webdo.tn\/fr\/#organization"},"potentialAction":[{"@type":"SearchAction","target":{"@type":"EntryPoint","urlTemplate":"https:\/\/www.webdo.tn\/fr\/?s={search_term_string}"},"query-input":{"@type":"PropertyValueSpecification","valueRequired":true,"valueName":"search_term_string"}}],"inLanguage":"fr-FR"},{"@type":"Organization","@id":"https:\/\/www.webdo.tn\/fr\/#organization","name":"Webdo","alternateName":"Webdo.tn","url":"https:\/\/www.webdo.tn\/fr\/","logo":{"@type":"ImageObject","inLanguage":"fr-FR","@id":"https:\/\/www.webdo.tn\/fr\/#\/schema\/logo\/image\/","url":"https:\/\/www.webdo.tn\/fr\/wp-content\/uploads\/2025\/06\/Webdo-Tunisie_168377.jpg","contentUrl":"https:\/\/www.webdo.tn\/fr\/wp-content\/uploads\/2025\/06\/Webdo-Tunisie_168377.jpg","width":301,"height":301,"caption":"Webdo"},"image":{"@id":"https:\/\/www.webdo.tn\/fr\/#\/schema\/logo\/image\/"},"sameAs":["https:\/\/www.facebook.com\/webdotn","https:\/\/x.com\/webdo_tn"],"description":"Webdo est un m\u00e9dia num\u00e9rique tunisien fond\u00e9 en 2010, sp\u00e9cialis\u00e9 dans l\u2019actualit\u00e9 nationale et internationale, l\u2019\u00e9conomie, la soci\u00e9t\u00e9 et les analyses politiques. Le site s\u2019adresse \u00e0 un large public francophone et couvre l\u2019information tunisienne en temps r\u00e9el.","email":"redac@webdo.tn","legalName":"YNJ SARL","foundingDate":"2010-09-06","numberOfEmployees":{"@type":"QuantitativeValue","minValue":"11","maxValue":"50"}},{"@type":"Person","@id":"https:\/\/www.webdo.tn\/fr\/#\/schema\/person\/9a9c6118d687c117df8ef3cc36a4d175","name":"webdo.tn","image":{"@type":"ImageObject","inLanguage":"fr-FR","@id":"https:\/\/secure.gravatar.com\/avatar\/7ce1f28c0c3bbac99ff550b85ef8e44a6950c6ee24514fb6a5489e51d06f0298?s=96&d=mm&r=g","url":"https:\/\/secure.gravatar.com\/avatar\/7ce1f28c0c3bbac99ff550b85ef8e44a6950c6ee24514fb6a5489e51d06f0298?s=96&d=mm&r=g","contentUrl":"https:\/\/secure.gravatar.com\/avatar\/7ce1f28c0c3bbac99ff550b85ef8e44a6950c6ee24514fb6a5489e51d06f0298?s=96&d=mm&r=g","caption":"webdo.tn"},"url":"https:\/\/www.webdo.tn\/fr\/actualite\/author\/webdotn\/"}]}},"_links":{"self":[{"href":"https:\/\/www.webdo.tn\/fr\/wp-json\/wp\/v2\/posts\/172190","targetHints":{"allow":["GET"]}}],"collection":[{"href":"https:\/\/www.webdo.tn\/fr\/wp-json\/wp\/v2\/posts"}],"about":[{"href":"https:\/\/www.webdo.tn\/fr\/wp-json\/wp\/v2\/types\/post"}],"author":[{"embeddable":true,"href":"https:\/\/www.webdo.tn\/fr\/wp-json\/wp\/v2\/users\/3222"}],"replies":[{"embeddable":true,"href":"https:\/\/www.webdo.tn\/fr\/wp-json\/wp\/v2\/comments?post=172190"}],"version-history":[{"count":0,"href":"https:\/\/www.webdo.tn\/fr\/wp-json\/wp\/v2\/posts\/172190\/revisions"}],"wp:featuredmedia":[{"embeddable":true,"href":"https:\/\/www.webdo.tn\/fr\/wp-json\/wp\/v2\/media\/333750"}],"wp:attachment":[{"href":"https:\/\/www.webdo.tn\/fr\/wp-json\/wp\/v2\/media?parent=172190"}],"wp:term":[{"taxonomy":"category","embeddable":true,"href":"https:\/\/www.webdo.tn\/fr\/wp-json\/wp\/v2\/categories?post=172190"},{"taxonomy":"post_tag","embeddable":true,"href":"https:\/\/www.webdo.tn\/fr\/wp-json\/wp\/v2\/tags?post=172190"}],"curies":[{"name":"wp","href":"https:\/\/api.w.org\/{rel}","templated":true}]}}