{"id":172189,"date":"2012-02-21T18:51:00","date_gmt":"2012-02-21T18:51:00","guid":{"rendered":"https:\/\/www.webdo.tn\/fr\/blog\/greve-des-municipaux-indignation-nonchalance-et-absence-d-initiative\/172189\/"},"modified":"2012-02-21T18:51:00","modified_gmt":"2012-02-21T18:51:00","slug":"greve-des-municipaux-indignation-nonchalance-et-absence-d-initiative","status":"publish","type":"post","link":"https:\/\/www.webdo.tn\/fr\/actualite\/national\/greve-des-municipaux-indignation-nonchalance-et-absence-d-initiative\/172189\/","title":{"rendered":"Gr\u00e8ve des municipaux : indignation, nonchalance et absence d\u2019initiative"},"content":{"rendered":"<p>Au petit matin de cette premi\u00e8re journ\u00e9e de gr\u00e8ve (le 20 f\u00e9vrier), le spectacle dans la ville \u00e9tait \u00e9c\u0153urant. Partout, des quantit\u00e9s \u00e9normes d\u2019immondices encombrent les art\u00e8res et les ruelles. Rue de Marseille et en face d\u2019un restaurant tr\u00e8s connu qui ne d\u00e9semplit pas, les passants devaient aller d\u2019un trottoir \u00e0 l\u2019autre pour contourner les amas d\u2019ordures qui \u00e9taient \u00e9parpill\u00e9es partout et d\u00e9gageaient une odeur naus\u00e9abonde. Les bureaux municipaux \u00e9taient ferm\u00e9s et les citoyens devaient attendre trois journ\u00e9es encore pour accomplir certaines formalit\u00e9s ou retirer des actes civils. <\/p>\n<p>Entre temps, pas de cr\u00e9dit, pas de dossiers, pas d\u2019inhumation, pas de mariage et pas de files d\u2019attente. Seuls les services de la police municipale, en ch\u00f4mage technique depuis le 17 d\u00e9cembre 2010, ne sont pas en gr\u00e8ve puisqu\u2019ils b\u00e9n\u00e9ficient, gr\u00e2ce \u00e0 leur mouvement de protestation de l\u2019ann\u00e9e derni\u00e8re, de la prime que r\u00e9clame leurs coll\u00e8gues dans les services administratifs et d\u2019hygi\u00e8ne.<\/p>\n<p>La seconde journ\u00e9e a \u00e9t\u00e9 marqu\u00e9e par des tensions tr\u00e8s graves suite \u00e0 des appels sur le r\u00e9seau social incitant les fans et partisans \u00e0 s\u2019attaquer \u00e0 l\u2019UGTT qui a d\u00e9cid\u00e9 cette gr\u00e8ve. Leur r\u00e9action ne s\u2019est pas fait attendre puisque dans la nuit des quantit\u00e9s de d\u00e9chets ont \u00e9t\u00e9 d\u00e9vers\u00e9es devant les locaux du syndicat. Les repr\u00e9sentants de l\u2019UGTT ont tout de suite condamn\u00e9 et d\u00e9sign\u00e9 du doigt des militants du mouvement ENNAHDHA accus\u00e9s de vouloir mettre en \u00e9chec le mouvement social des agents municipaux. <\/p>\n<p>Les gens qui passaient \u00e9taient indign\u00e9s et l\u2019exprimaient de diff\u00e9rentes mani\u00e8res. Pour les uns, on devait interdire ces gr\u00e8ves qui empoisonnent la vie du citoyen. Pour d\u2019autres, derri\u00e8re cette gr\u00e8ve il y a des manipulateurs qui mettent les b\u00e2tons dans les roues \u00e0 des fins politiciennes. Pour certains, l\u2019\u00c9tat aurait d\u00fb appliquer les accords pass\u00e9s avec le syndicat pour ne pas en \u00eatre l\u00e0.<\/p>\n<p>Hormis les indignations, aucune r\u00e9action notable n\u2019est enregistr\u00e9e du c\u00f4t\u00e9 des politiques et de la soci\u00e9t\u00e9 civile en dehors de quelques initiatives disparates et d\u2019un appel du P\u00f4le d\u00e9mocratique moderniste qui demande aux citoyens de garder les poubelles chez eux en attendant la fin de la gr\u00e8ve. Cet appel, lanc\u00e9 dans un contexte o\u00f9 les consignes habituelles d\u2019hygi\u00e8ne et de propret\u00e9 publiques ne sont pas toujours respect\u00e9es, gagnerait \u00e0 \u00eatre relay\u00e9e par une action citoyenne de la part des militants du P\u00f4le.<\/p>\n<p>C\u00f4t\u00e9 politique, aucune r\u00e9action ne s\u2019est manifest\u00e9e malgr\u00e9 le caract\u00e8re nuisible de cette gr\u00e8ve sur les plans sanitaire et social. Faut-il, comme lors de la derni\u00e8re gr\u00e8ve des \u00e9boueurs qui a dur\u00e9 pr\u00e8s d\u2019un mois, que la situation pourrisse davantage pour que les d\u00e9cideurs entrent en sc\u00e8ne et prennent les mesures urgentes qui s\u2019imposent ?<\/p>\n<p>C\u00f4t\u00e9 soci\u00e9t\u00e9 civile, l\u2019unique initiative \u00e0 souligner \u00e9mane d\u2019un collectif d\u2019associations \u00e0 Hammamet, op\u00e9rant dans le domaine de l\u2019environnement, qui a mis en place dans la r\u00e9gion tout un programme pour faire face aux effets de la gr\u00e8ve. Il a distribu\u00e9 des flyers et des sachets poubelle, a engag\u00e9 une campagne de communication pour expliquer aux habitants la d\u00e9marche \u00e0 suivre pendant ces 4 journ\u00e9es de gr\u00e8ve et s\u2019est r\u00e9parti les t\u00e2ches par secteur et par nature d\u2019intervention. Cette initiative est \u00e0 valoriser. Lui reconna\u00eetre le m\u00e9rite d\u2019avoir observ\u00e9 cette attitude citoyenne vise tout d\u2019abord \u00e0 remercier les associations de ce collectif pour leur civisme et \u00e0 les inciter \u00e0 pers\u00e9v\u00e9rer et agir autant chaque fois que la situation l\u2019exigera. Il vise aussi \u00e0 inspirer d\u2019autres associations qui op\u00e8rent dans le m\u00eame domaine et ont les m\u00eames soucis.<\/p>\n<p>Les citoyens ont \u00e9galement leur part de responsabilit\u00e9 et doivent savoir se prendre en charge en pareilles situations. La le\u00e7on de citoyennet\u00e9 nous vient cette fois-ci d\u2019un quartier \u00e0 la Cit\u00e9 Riadh Andalous, gouvernorat de l\u2019Ariana, o\u00f9 les habitants ont d\u00e9cid\u00e9 de se cotiser pour l\u2019enl\u00e8vement des ordures m\u00e9nag\u00e8res. Avec un dinar par foyer et par mois, ils esp\u00e8rent pr\u00e9server une certaine qualit\u00e9 et hygi\u00e8ne de vie en d\u00e9pit de la gr\u00e8ve.<\/p>\n","protected":false},"excerpt":{"rendered":"<p>Gr\u00e8ve des municipaux : indignation, nonchalance et absence d\u2019initiative<\/p>\n","protected":false},"author":3222,"featured_media":374496,"comment_status":"open","ping_status":"closed","sticky":false,"template":"","format":"standard","meta":{"footnotes":""},"categories":[44],"tags":[2600],"class_list":["post-172189","post","type-post","status-publish","format-standard","has-post-thumbnail","hentry","category-national","tag-guerre"],"yoast_head":"<!-- This site is optimized with the Yoast SEO Premium plugin v27.5 (Yoast SEO v27.5) - https:\/\/yoast.com\/product\/yoast-seo-premium-wordpress\/ -->\n<title>Gr\u00e8ve des municipaux : indignation, nonchalance et absence d\u2019initiative<\/title>\n<meta name=\"description\" content=\"Gr\u00e8ve des municipaux : indignation, nonchalance et absence d\u2019initiative\" \/>\n<link rel=\"canonical\" href=\"https:\/\/www.webdo.tn\/fr\/actualite\/national-45\/greve-des-municipaux-indignation-nonchalance-et-absence-d-initiative\/172189\/\" \/>\n<meta property=\"og:locale\" content=\"fr_FR\" \/>\n<meta property=\"og:type\" content=\"article\" \/>\n<meta property=\"og:title\" content=\"Gr\u00e8ve des municipaux : indignation, nonchalance et absence d\u2019initiative\" \/>\n<meta property=\"og:description\" content=\"Gr\u00e8ve des municipaux : indignation, nonchalance et absence d\u2019initiative\" \/>\n<meta property=\"og:url\" content=\"https:\/\/www.webdo.tn\/fr\/actualite\/national-45\/greve-des-municipaux-indignation-nonchalance-et-absence-d-initiative\/172189\/\" \/>\n<meta property=\"og:site_name\" content=\"webdo\" \/>\n<meta property=\"article:publisher\" content=\"https:\/\/www.facebook.com\/webdotn\" \/>\n<meta property=\"article:published_time\" content=\"2012-02-21T18:51:00+00:00\" \/>\n<meta name=\"author\" content=\"webdo.tn\" \/>\n<meta name=\"twitter:card\" content=\"summary_large_image\" \/>\n<meta name=\"twitter:creator\" content=\"@webdo_tn\" \/>\n<meta name=\"twitter:site\" content=\"@webdo_tn\" \/>\n<meta name=\"twitter:label1\" content=\"\u00c9crit par\" \/>\n\t<meta name=\"twitter:data1\" content=\"webdo.tn\" \/>\n\t<meta name=\"twitter:label2\" content=\"Dur\u00e9e de lecture estim\u00e9e\" \/>\n\t<meta name=\"twitter:data2\" content=\"4 minutes\" \/>\n<script type=\"application\/ld+json\" class=\"yoast-schema-graph\">{\"@context\":\"https:\\\/\\\/schema.org\",\"@graph\":[{\"@type\":\"NewsArticle\",\"@id\":\"https:\\\/\\\/www.webdo.tn\\\/fr\\\/actualite\\\/national-45\\\/greve-des-municipaux-indignation-nonchalance-et-absence-d-initiative\\\/172189\\\/#article\",\"isPartOf\":{\"@id\":\"https:\\\/\\\/www.webdo.tn\\\/fr\\\/actualite\\\/national-45\\\/greve-des-municipaux-indignation-nonchalance-et-absence-d-initiative\\\/172189\\\/\"},\"author\":{\"name\":\"webdo.tn\",\"@id\":\"https:\\\/\\\/www.webdo.tn\\\/fr\\\/#\\\/schema\\\/person\\\/9a9c6118d687c117df8ef3cc36a4d175\"},\"headline\":\"Gr\u00e8ve des municipaux : indignation, nonchalance et absence d\u2019initiative\",\"datePublished\":\"2012-02-21T18:51:00+00:00\",\"mainEntityOfPage\":{\"@id\":\"https:\\\/\\\/www.webdo.tn\\\/fr\\\/actualite\\\/national-45\\\/greve-des-municipaux-indignation-nonchalance-et-absence-d-initiative\\\/172189\\\/\"},\"wordCount\":769,\"commentCount\":0,\"publisher\":{\"@id\":\"https:\\\/\\\/www.webdo.tn\\\/fr\\\/#organization\"},\"image\":{\"@id\":\"https:\\\/\\\/www.webdo.tn\\\/fr\\\/actualite\\\/national-45\\\/greve-des-municipaux-indignation-nonchalance-et-absence-d-initiative\\\/172189\\\/#primaryimage\"},\"thumbnailUrl\":\"https:\\\/\\\/www.webdo.tn\\\/fr\\\/wp-content\\\/uploads\\\/2025\\\/06\\\/Poubelles-jetees-devant-lUGTT-de-Bizerte-photo-FB-Ali-Chouerreb_172189.jpg\",\"keywords\":[\"guerre\"],\"articleSection\":[\"National\"],\"inLanguage\":\"fr-FR\"},{\"@type\":\"WebPage\",\"@id\":\"https:\\\/\\\/www.webdo.tn\\\/fr\\\/actualite\\\/national-45\\\/greve-des-municipaux-indignation-nonchalance-et-absence-d-initiative\\\/172189\\\/\",\"url\":\"https:\\\/\\\/www.webdo.tn\\\/fr\\\/actualite\\\/national-45\\\/greve-des-municipaux-indignation-nonchalance-et-absence-d-initiative\\\/172189\\\/\",\"name\":\"Gr\u00e8ve des municipaux : indignation, nonchalance et absence d\u2019initiative\",\"isPartOf\":{\"@id\":\"https:\\\/\\\/www.webdo.tn\\\/fr\\\/#website\"},\"primaryImageOfPage\":{\"@id\":\"https:\\\/\\\/www.webdo.tn\\\/fr\\\/actualite\\\/national-45\\\/greve-des-municipaux-indignation-nonchalance-et-absence-d-initiative\\\/172189\\\/#primaryimage\"},\"image\":{\"@id\":\"https:\\\/\\\/www.webdo.tn\\\/fr\\\/actualite\\\/national-45\\\/greve-des-municipaux-indignation-nonchalance-et-absence-d-initiative\\\/172189\\\/#primaryimage\"},\"thumbnailUrl\":\"https:\\\/\\\/www.webdo.tn\\\/fr\\\/wp-content\\\/uploads\\\/2025\\\/06\\\/Poubelles-jetees-devant-lUGTT-de-Bizerte-photo-FB-Ali-Chouerreb_172189.jpg\",\"datePublished\":\"2012-02-21T18:51:00+00:00\",\"description\":\"Gr\u00e8ve des municipaux : indignation, nonchalance et absence d\u2019initiative\",\"breadcrumb\":{\"@id\":\"https:\\\/\\\/www.webdo.tn\\\/fr\\\/actualite\\\/national-45\\\/greve-des-municipaux-indignation-nonchalance-et-absence-d-initiative\\\/172189\\\/#breadcrumb\"},\"inLanguage\":\"fr-FR\",\"potentialAction\":[{\"@type\":\"ReadAction\",\"target\":[\"https:\\\/\\\/www.webdo.tn\\\/fr\\\/actualite\\\/national-45\\\/greve-des-municipaux-indignation-nonchalance-et-absence-d-initiative\\\/172189\\\/\"]}]},{\"@type\":\"ImageObject\",\"inLanguage\":\"fr-FR\",\"@id\":\"https:\\\/\\\/www.webdo.tn\\\/fr\\\/actualite\\\/national-45\\\/greve-des-municipaux-indignation-nonchalance-et-absence-d-initiative\\\/172189\\\/#primaryimage\",\"url\":\"https:\\\/\\\/www.webdo.tn\\\/fr\\\/wp-content\\\/uploads\\\/2025\\\/06\\\/Poubelles-jetees-devant-lUGTT-de-Bizerte-photo-FB-Ali-Chouerreb_172189.jpg\",\"contentUrl\":\"https:\\\/\\\/www.webdo.tn\\\/fr\\\/wp-content\\\/uploads\\\/2025\\\/06\\\/Poubelles-jetees-devant-lUGTT-de-Bizerte-photo-FB-Ali-Chouerreb_172189.jpg\",\"width\":296,\"height\":212,\"caption\":\"Gr\u00e8ve des municipaux : indignation, nonchalance et absence d\u2019initiative\"},{\"@type\":\"BreadcrumbList\",\"@id\":\"https:\\\/\\\/www.webdo.tn\\\/fr\\\/actualite\\\/national-45\\\/greve-des-municipaux-indignation-nonchalance-et-absence-d-initiative\\\/172189\\\/#breadcrumb\",\"itemListElement\":[{\"@type\":\"ListItem\",\"position\":1,\"name\":\"Accueil\",\"item\":\"https:\\\/\\\/www.webdo.tn\\\/fr\\\/\"},{\"@type\":\"ListItem\",\"position\":2,\"name\":\"Gr\u00e8ve des municipaux : indignation, nonchalance et absence d\u2019initiative\"}]},{\"@type\":\"WebSite\",\"@id\":\"https:\\\/\\\/www.webdo.tn\\\/fr\\\/#website\",\"url\":\"https:\\\/\\\/www.webdo.tn\\\/fr\\\/\",\"name\":\"webdo\",\"description\":\"Tunisie - News en Tunisie et \u00e0 l&#039;international sur Webdo.tn\",\"publisher\":{\"@id\":\"https:\\\/\\\/www.webdo.tn\\\/fr\\\/#organization\"},\"potentialAction\":[{\"@type\":\"SearchAction\",\"target\":{\"@type\":\"EntryPoint\",\"urlTemplate\":\"https:\\\/\\\/www.webdo.tn\\\/fr\\\/?s={search_term_string}\"},\"query-input\":{\"@type\":\"PropertyValueSpecification\",\"valueRequired\":true,\"valueName\":\"search_term_string\"}}],\"inLanguage\":\"fr-FR\"},{\"@type\":\"Organization\",\"@id\":\"https:\\\/\\\/www.webdo.tn\\\/fr\\\/#organization\",\"name\":\"Webdo\",\"alternateName\":\"Webdo.tn\",\"url\":\"https:\\\/\\\/www.webdo.tn\\\/fr\\\/\",\"logo\":{\"@type\":\"ImageObject\",\"inLanguage\":\"fr-FR\",\"@id\":\"https:\\\/\\\/www.webdo.tn\\\/fr\\\/#\\\/schema\\\/logo\\\/image\\\/\",\"url\":\"https:\\\/\\\/www.webdo.tn\\\/fr\\\/wp-content\\\/uploads\\\/2025\\\/06\\\/Webdo-Tunisie_168377.jpg\",\"contentUrl\":\"https:\\\/\\\/www.webdo.tn\\\/fr\\\/wp-content\\\/uploads\\\/2025\\\/06\\\/Webdo-Tunisie_168377.jpg\",\"width\":301,\"height\":301,\"caption\":\"Webdo\"},\"image\":{\"@id\":\"https:\\\/\\\/www.webdo.tn\\\/fr\\\/#\\\/schema\\\/logo\\\/image\\\/\"},\"sameAs\":[\"https:\\\/\\\/www.facebook.com\\\/webdotn\",\"https:\\\/\\\/x.com\\\/webdo_tn\"],\"description\":\"Webdo est un m\u00e9dia num\u00e9rique tunisien fond\u00e9 en 2010, sp\u00e9cialis\u00e9 dans l\u2019actualit\u00e9 nationale et internationale, l\u2019\u00e9conomie, la soci\u00e9t\u00e9 et les analyses politiques. Le site s\u2019adresse \u00e0 un large public francophone et couvre l\u2019information tunisienne en temps r\u00e9el.\",\"email\":\"redac@webdo.tn\",\"legalName\":\"YNJ SARL\",\"foundingDate\":\"2010-09-06\",\"numberOfEmployees\":{\"@type\":\"QuantitativeValue\",\"minValue\":\"11\",\"maxValue\":\"50\"}},{\"@type\":\"Person\",\"@id\":\"https:\\\/\\\/www.webdo.tn\\\/fr\\\/#\\\/schema\\\/person\\\/9a9c6118d687c117df8ef3cc36a4d175\",\"name\":\"webdo.tn\",\"image\":{\"@type\":\"ImageObject\",\"inLanguage\":\"fr-FR\",\"@id\":\"https:\\\/\\\/secure.gravatar.com\\\/avatar\\\/7ce1f28c0c3bbac99ff550b85ef8e44a6950c6ee24514fb6a5489e51d06f0298?s=96&d=mm&r=g\",\"url\":\"https:\\\/\\\/secure.gravatar.com\\\/avatar\\\/7ce1f28c0c3bbac99ff550b85ef8e44a6950c6ee24514fb6a5489e51d06f0298?s=96&d=mm&r=g\",\"contentUrl\":\"https:\\\/\\\/secure.gravatar.com\\\/avatar\\\/7ce1f28c0c3bbac99ff550b85ef8e44a6950c6ee24514fb6a5489e51d06f0298?s=96&d=mm&r=g\",\"caption\":\"webdo.tn\"},\"url\":\"https:\\\/\\\/www.webdo.tn\\\/fr\\\/actualite\\\/author\\\/webdotn\\\/\"}]}<\/script>\n<!-- \/ Yoast SEO Premium plugin. -->","yoast_head_json":{"title":"Gr\u00e8ve des municipaux : indignation, nonchalance et absence d\u2019initiative","description":"Gr\u00e8ve des municipaux : indignation, nonchalance et absence d\u2019initiative","canonical":"https:\/\/www.webdo.tn\/fr\/actualite\/national-45\/greve-des-municipaux-indignation-nonchalance-et-absence-d-initiative\/172189\/","og_locale":"fr_FR","og_type":"article","og_title":"Gr\u00e8ve des municipaux : indignation, nonchalance et absence d\u2019initiative","og_description":"Gr\u00e8ve des municipaux : indignation, nonchalance et absence d\u2019initiative","og_url":"https:\/\/www.webdo.tn\/fr\/actualite\/national-45\/greve-des-municipaux-indignation-nonchalance-et-absence-d-initiative\/172189\/","og_site_name":"webdo","article_publisher":"https:\/\/www.facebook.com\/webdotn","article_published_time":"2012-02-21T18:51:00+00:00","author":"webdo.tn","twitter_card":"summary_large_image","twitter_creator":"@webdo_tn","twitter_site":"@webdo_tn","twitter_misc":{"\u00c9crit par":"webdo.tn","Dur\u00e9e de lecture estim\u00e9e":"4 minutes"},"schema":{"@context":"https:\/\/schema.org","@graph":[{"@type":"NewsArticle","@id":"https:\/\/www.webdo.tn\/fr\/actualite\/national-45\/greve-des-municipaux-indignation-nonchalance-et-absence-d-initiative\/172189\/#article","isPartOf":{"@id":"https:\/\/www.webdo.tn\/fr\/actualite\/national-45\/greve-des-municipaux-indignation-nonchalance-et-absence-d-initiative\/172189\/"},"author":{"name":"webdo.tn","@id":"https:\/\/www.webdo.tn\/fr\/#\/schema\/person\/9a9c6118d687c117df8ef3cc36a4d175"},"headline":"Gr\u00e8ve des municipaux : indignation, nonchalance et absence d\u2019initiative","datePublished":"2012-02-21T18:51:00+00:00","mainEntityOfPage":{"@id":"https:\/\/www.webdo.tn\/fr\/actualite\/national-45\/greve-des-municipaux-indignation-nonchalance-et-absence-d-initiative\/172189\/"},"wordCount":769,"commentCount":0,"publisher":{"@id":"https:\/\/www.webdo.tn\/fr\/#organization"},"image":{"@id":"https:\/\/www.webdo.tn\/fr\/actualite\/national-45\/greve-des-municipaux-indignation-nonchalance-et-absence-d-initiative\/172189\/#primaryimage"},"thumbnailUrl":"https:\/\/www.webdo.tn\/fr\/wp-content\/uploads\/2025\/06\/Poubelles-jetees-devant-lUGTT-de-Bizerte-photo-FB-Ali-Chouerreb_172189.jpg","keywords":["guerre"],"articleSection":["National"],"inLanguage":"fr-FR"},{"@type":"WebPage","@id":"https:\/\/www.webdo.tn\/fr\/actualite\/national-45\/greve-des-municipaux-indignation-nonchalance-et-absence-d-initiative\/172189\/","url":"https:\/\/www.webdo.tn\/fr\/actualite\/national-45\/greve-des-municipaux-indignation-nonchalance-et-absence-d-initiative\/172189\/","name":"Gr\u00e8ve des municipaux : indignation, nonchalance et absence d\u2019initiative","isPartOf":{"@id":"https:\/\/www.webdo.tn\/fr\/#website"},"primaryImageOfPage":{"@id":"https:\/\/www.webdo.tn\/fr\/actualite\/national-45\/greve-des-municipaux-indignation-nonchalance-et-absence-d-initiative\/172189\/#primaryimage"},"image":{"@id":"https:\/\/www.webdo.tn\/fr\/actualite\/national-45\/greve-des-municipaux-indignation-nonchalance-et-absence-d-initiative\/172189\/#primaryimage"},"thumbnailUrl":"https:\/\/www.webdo.tn\/fr\/wp-content\/uploads\/2025\/06\/Poubelles-jetees-devant-lUGTT-de-Bizerte-photo-FB-Ali-Chouerreb_172189.jpg","datePublished":"2012-02-21T18:51:00+00:00","description":"Gr\u00e8ve des municipaux : indignation, nonchalance et absence d\u2019initiative","breadcrumb":{"@id":"https:\/\/www.webdo.tn\/fr\/actualite\/national-45\/greve-des-municipaux-indignation-nonchalance-et-absence-d-initiative\/172189\/#breadcrumb"},"inLanguage":"fr-FR","potentialAction":[{"@type":"ReadAction","target":["https:\/\/www.webdo.tn\/fr\/actualite\/national-45\/greve-des-municipaux-indignation-nonchalance-et-absence-d-initiative\/172189\/"]}]},{"@type":"ImageObject","inLanguage":"fr-FR","@id":"https:\/\/www.webdo.tn\/fr\/actualite\/national-45\/greve-des-municipaux-indignation-nonchalance-et-absence-d-initiative\/172189\/#primaryimage","url":"https:\/\/www.webdo.tn\/fr\/wp-content\/uploads\/2025\/06\/Poubelles-jetees-devant-lUGTT-de-Bizerte-photo-FB-Ali-Chouerreb_172189.jpg","contentUrl":"https:\/\/www.webdo.tn\/fr\/wp-content\/uploads\/2025\/06\/Poubelles-jetees-devant-lUGTT-de-Bizerte-photo-FB-Ali-Chouerreb_172189.jpg","width":296,"height":212,"caption":"Gr\u00e8ve des municipaux : indignation, nonchalance et absence d\u2019initiative"},{"@type":"BreadcrumbList","@id":"https:\/\/www.webdo.tn\/fr\/actualite\/national-45\/greve-des-municipaux-indignation-nonchalance-et-absence-d-initiative\/172189\/#breadcrumb","itemListElement":[{"@type":"ListItem","position":1,"name":"Accueil","item":"https:\/\/www.webdo.tn\/fr\/"},{"@type":"ListItem","position":2,"name":"Gr\u00e8ve des municipaux : indignation, nonchalance et absence d\u2019initiative"}]},{"@type":"WebSite","@id":"https:\/\/www.webdo.tn\/fr\/#website","url":"https:\/\/www.webdo.tn\/fr\/","name":"webdo","description":"Tunisie - News en Tunisie et \u00e0 l&#039;international sur Webdo.tn","publisher":{"@id":"https:\/\/www.webdo.tn\/fr\/#organization"},"potentialAction":[{"@type":"SearchAction","target":{"@type":"EntryPoint","urlTemplate":"https:\/\/www.webdo.tn\/fr\/?s={search_term_string}"},"query-input":{"@type":"PropertyValueSpecification","valueRequired":true,"valueName":"search_term_string"}}],"inLanguage":"fr-FR"},{"@type":"Organization","@id":"https:\/\/www.webdo.tn\/fr\/#organization","name":"Webdo","alternateName":"Webdo.tn","url":"https:\/\/www.webdo.tn\/fr\/","logo":{"@type":"ImageObject","inLanguage":"fr-FR","@id":"https:\/\/www.webdo.tn\/fr\/#\/schema\/logo\/image\/","url":"https:\/\/www.webdo.tn\/fr\/wp-content\/uploads\/2025\/06\/Webdo-Tunisie_168377.jpg","contentUrl":"https:\/\/www.webdo.tn\/fr\/wp-content\/uploads\/2025\/06\/Webdo-Tunisie_168377.jpg","width":301,"height":301,"caption":"Webdo"},"image":{"@id":"https:\/\/www.webdo.tn\/fr\/#\/schema\/logo\/image\/"},"sameAs":["https:\/\/www.facebook.com\/webdotn","https:\/\/x.com\/webdo_tn"],"description":"Webdo est un m\u00e9dia num\u00e9rique tunisien fond\u00e9 en 2010, sp\u00e9cialis\u00e9 dans l\u2019actualit\u00e9 nationale et internationale, l\u2019\u00e9conomie, la soci\u00e9t\u00e9 et les analyses politiques. Le site s\u2019adresse \u00e0 un large public francophone et couvre l\u2019information tunisienne en temps r\u00e9el.","email":"redac@webdo.tn","legalName":"YNJ SARL","foundingDate":"2010-09-06","numberOfEmployees":{"@type":"QuantitativeValue","minValue":"11","maxValue":"50"}},{"@type":"Person","@id":"https:\/\/www.webdo.tn\/fr\/#\/schema\/person\/9a9c6118d687c117df8ef3cc36a4d175","name":"webdo.tn","image":{"@type":"ImageObject","inLanguage":"fr-FR","@id":"https:\/\/secure.gravatar.com\/avatar\/7ce1f28c0c3bbac99ff550b85ef8e44a6950c6ee24514fb6a5489e51d06f0298?s=96&d=mm&r=g","url":"https:\/\/secure.gravatar.com\/avatar\/7ce1f28c0c3bbac99ff550b85ef8e44a6950c6ee24514fb6a5489e51d06f0298?s=96&d=mm&r=g","contentUrl":"https:\/\/secure.gravatar.com\/avatar\/7ce1f28c0c3bbac99ff550b85ef8e44a6950c6ee24514fb6a5489e51d06f0298?s=96&d=mm&r=g","caption":"webdo.tn"},"url":"https:\/\/www.webdo.tn\/fr\/actualite\/author\/webdotn\/"}]}},"_links":{"self":[{"href":"https:\/\/www.webdo.tn\/fr\/wp-json\/wp\/v2\/posts\/172189","targetHints":{"allow":["GET"]}}],"collection":[{"href":"https:\/\/www.webdo.tn\/fr\/wp-json\/wp\/v2\/posts"}],"about":[{"href":"https:\/\/www.webdo.tn\/fr\/wp-json\/wp\/v2\/types\/post"}],"author":[{"embeddable":true,"href":"https:\/\/www.webdo.tn\/fr\/wp-json\/wp\/v2\/users\/3222"}],"replies":[{"embeddable":true,"href":"https:\/\/www.webdo.tn\/fr\/wp-json\/wp\/v2\/comments?post=172189"}],"version-history":[{"count":0,"href":"https:\/\/www.webdo.tn\/fr\/wp-json\/wp\/v2\/posts\/172189\/revisions"}],"wp:featuredmedia":[{"embeddable":true,"href":"https:\/\/www.webdo.tn\/fr\/wp-json\/wp\/v2\/media\/374496"}],"wp:attachment":[{"href":"https:\/\/www.webdo.tn\/fr\/wp-json\/wp\/v2\/media?parent=172189"}],"wp:term":[{"taxonomy":"category","embeddable":true,"href":"https:\/\/www.webdo.tn\/fr\/wp-json\/wp\/v2\/categories?post=172189"},{"taxonomy":"post_tag","embeddable":true,"href":"https:\/\/www.webdo.tn\/fr\/wp-json\/wp\/v2\/tags?post=172189"}],"curies":[{"name":"wp","href":"https:\/\/api.w.org\/{rel}","templated":true}]}}