{"id":172187,"date":"2012-02-22T11:23:00","date_gmt":"2012-02-22T11:23:00","guid":{"rendered":"https:\/\/www.webdo.tn\/fr\/blog\/quand-les-gardiens-de-la-revolution-entrent-en-action\/172187\/"},"modified":"2012-02-22T11:23:00","modified_gmt":"2012-02-22T11:23:00","slug":"quand-les-gardiens-de-la-revolution-entrent-en-action","status":"publish","type":"post","link":"https:\/\/www.webdo.tn\/fr\/actualite\/national\/quand-les-gardiens-de-la-revolution-entrent-en-action\/172187\/","title":{"rendered":"Quand les \u00ab Gardiens de la r\u00e9volution \u00bb entrent en action"},"content":{"rendered":"<p>Les atteintes et les campagnes d\u2019intimidation men\u00e9es par le gouvernement provisoire et ses partisans se multiplient ces derniers temps. La premi\u00e8re cible dans le collimateur des nouveaux gouvernants provisoires du pays avait \u00e9t\u00e9 les m\u00e9dias accus\u00e9s de nuire \u00e0 leur action et de ne pas leur apporter suffisamment de soutien. Le point d\u2019orgue a \u00e9t\u00e9 atteint avec l\u2019arrestation du directeur du quotidien \u00ab Attounissia \u00bb qui a \u00e9t\u00e9 jet\u00e9 en prison pour une \u00ab pauvre \u00bb photo publi\u00e9e \u00e0 la Une de son journal. La rapidit\u00e9 avec laquelle a agi le minist\u00e8re public, qui a lanc\u00e9 son mandat de d\u00e9p\u00f4t sur la personne de M. Nasreddine Ben Saida a laiss\u00e9 pantois les professionnels qui ont r\u00e9agi vigoureusement contre cette arrestation arbitraire contraire au d\u00e9cret-loi n\u00b0115 du 2 novembre 2011 qui interdit toute peine privative de libert\u00e9 pour les d\u00e9lits de presse. D\u2019ailleurs, les pr\u00e9sidents d\u2019honneur de la LTDH, M.Mokhtar Trifi, et celui de l\u2019Association des Magistrats Tunisiens, M.Ahmed Rahmouni ont signal\u00e9 que cette action a \u00e9t\u00e9 suscit\u00e9e par le pouvoir ex\u00e9cutif.<\/p>\n<p>Mais, le plus grave a \u00e9t\u00e9 cette attaque men\u00e9e par les partisans d\u2019Ennahdha, selon les dirigeants syndicaux, contre les locaux de l\u2019UGTT. En effet, ces nouveaux \u00ab Gardiens de la R\u00e9volution \u00bb, \u00e0 la mani\u00e8re iranienne (c\u2019est comme cela que les \u00ab Pasdarans \u00bb avaient commenc\u00e9 leur action de mainmise sur la soci\u00e9t\u00e9), sont venus d\u00e9poser les d\u00e9chets m\u00e9nagers devant les locaux r\u00e9gionaux de la Centrale Syndicale alors, que fait encore plus dangereux, le local de F\u00e9riana a \u00e9t\u00e9 attaqu\u00e9 et, en partie incendi\u00e9 par ces z\u00e9l\u00e9s. Une premi\u00e8re subie par l\u2019UGTT et ses structures depuis les fameuses milices du PSD lors des \u00e9v\u00e9nements du 26 janvier 1978 et de 1985.<\/p>\n<p>Cela n\u2019est pas en r\u00e9alit\u00e9 surprenant, et \u00e9tait plut\u00f4t attendu, lorsqu\u2019on se r\u00e9f\u00e8re \u00e0 ce qui s\u2019est produit quelques semaines auparavant lorsque certains de ces partisans \u00e9taient venus manifester contre l\u2019ancien secr\u00e9taire g\u00e9n\u00e9ral, M.Abdesselam Djerad, pour exiger son d\u00e9part. Car, l\u2019UGTT appara\u00eet comme le principal ennemi \u00e0 dompter le plus rapidement possible pour le gouvernement provisoire dans la mesure o\u00f9 celui-ci cherche aujourd\u2019hui \u00e0 faire taire toutes les voix revendicatives au sein de la soci\u00e9t\u00e9.<\/p>\n<p>Un grand danger d\u2019affrontement se profile \u00e0 l\u2019horizon et il est urgent que tous les partis politiques, les associations et toutes les composantes de la soci\u00e9t\u00e9 civile se mobilisent pour combattre et mettre fin \u00e0 ces intimidations et provocations qui ne pourraient qu\u2019aggraver la situation et faire rentrer le pays dans un tourbillon de violence que nous ne souhaitons pas !<\/p>\n","protected":false},"excerpt":{"rendered":"<p>Quand les \u00ab Gardiens de la r\u00e9volution \u00bb entrent en action<\/p>\n","protected":false},"author":3222,"featured_media":374680,"comment_status":"open","ping_status":"closed","sticky":false,"template":"","format":"standard","meta":{"footnotes":""},"categories":[44],"tags":[2600],"class_list":["post-172187","post","type-post","status-publish","format-standard","has-post-thumbnail","hentry","category-national","tag-guerre"],"yoast_head":"<!-- This site is optimized with the Yoast SEO Premium plugin v27.5 (Yoast SEO v27.5) - https:\/\/yoast.com\/product\/yoast-seo-premium-wordpress\/ -->\n<title>Quand les \u00ab Gardiens de la r\u00e9volution \u00bb entrent en action<\/title>\n<meta name=\"description\" content=\"Quand les \u00ab Gardiens de la r\u00e9volution \u00bb entrent en action\" \/>\n<link rel=\"canonical\" href=\"https:\/\/www.webdo.tn\/fr\/actualite\/national-45\/quand-les-gardiens-de-la-revolution-entrent-en-action\/172187\/\" \/>\n<meta property=\"og:locale\" content=\"fr_FR\" \/>\n<meta property=\"og:type\" content=\"article\" \/>\n<meta property=\"og:title\" content=\"Quand les \u00ab Gardiens de la r\u00e9volution \u00bb entrent en action\" \/>\n<meta property=\"og:description\" content=\"Quand les \u00ab Gardiens de la r\u00e9volution \u00bb entrent en action\" \/>\n<meta property=\"og:url\" content=\"https:\/\/www.webdo.tn\/fr\/actualite\/national-45\/quand-les-gardiens-de-la-revolution-entrent-en-action\/172187\/\" \/>\n<meta property=\"og:site_name\" content=\"webdo\" \/>\n<meta property=\"article:publisher\" content=\"https:\/\/www.facebook.com\/webdotn\" \/>\n<meta property=\"article:published_time\" content=\"2012-02-22T11:23:00+00:00\" \/>\n<meta name=\"author\" content=\"webdo.tn\" \/>\n<meta name=\"twitter:card\" content=\"summary_large_image\" \/>\n<meta name=\"twitter:creator\" content=\"@webdo_tn\" \/>\n<meta name=\"twitter:site\" content=\"@webdo_tn\" \/>\n<meta name=\"twitter:label1\" content=\"\u00c9crit par\" \/>\n\t<meta name=\"twitter:data1\" content=\"webdo.tn\" \/>\n\t<meta name=\"twitter:label2\" content=\"Dur\u00e9e de lecture estim\u00e9e\" \/>\n\t<meta name=\"twitter:data2\" content=\"2 minutes\" \/>\n<script type=\"application\/ld+json\" class=\"yoast-schema-graph\">{\"@context\":\"https:\\\/\\\/schema.org\",\"@graph\":[{\"@type\":\"NewsArticle\",\"@id\":\"https:\\\/\\\/www.webdo.tn\\\/fr\\\/actualite\\\/national-45\\\/quand-les-gardiens-de-la-revolution-entrent-en-action\\\/172187\\\/#article\",\"isPartOf\":{\"@id\":\"https:\\\/\\\/www.webdo.tn\\\/fr\\\/actualite\\\/national-45\\\/quand-les-gardiens-de-la-revolution-entrent-en-action\\\/172187\\\/\"},\"author\":{\"name\":\"webdo.tn\",\"@id\":\"https:\\\/\\\/www.webdo.tn\\\/fr\\\/#\\\/schema\\\/person\\\/9a9c6118d687c117df8ef3cc36a4d175\"},\"headline\":\"Quand les \u00ab Gardiens de la r\u00e9volution \u00bb entrent en action\",\"datePublished\":\"2012-02-22T11:23:00+00:00\",\"mainEntityOfPage\":{\"@id\":\"https:\\\/\\\/www.webdo.tn\\\/fr\\\/actualite\\\/national-45\\\/quand-les-gardiens-de-la-revolution-entrent-en-action\\\/172187\\\/\"},\"wordCount\":466,\"commentCount\":0,\"publisher\":{\"@id\":\"https:\\\/\\\/www.webdo.tn\\\/fr\\\/#organization\"},\"image\":{\"@id\":\"https:\\\/\\\/www.webdo.tn\\\/fr\\\/actualite\\\/national-45\\\/quand-les-gardiens-de-la-revolution-entrent-en-action\\\/172187\\\/#primaryimage\"},\"thumbnailUrl\":\"https:\\\/\\\/www.webdo.tn\\\/fr\\\/wp-content\\\/uploads\\\/2025\\\/06\\\/Sepah-e-Pasdaran-le-corps-des-Gardiens-de-la-revolution-islamique-photo-iranbriefing.net__172187.jpg\",\"keywords\":[\"guerre\"],\"articleSection\":[\"National\"],\"inLanguage\":\"fr-FR\"},{\"@type\":\"WebPage\",\"@id\":\"https:\\\/\\\/www.webdo.tn\\\/fr\\\/actualite\\\/national-45\\\/quand-les-gardiens-de-la-revolution-entrent-en-action\\\/172187\\\/\",\"url\":\"https:\\\/\\\/www.webdo.tn\\\/fr\\\/actualite\\\/national-45\\\/quand-les-gardiens-de-la-revolution-entrent-en-action\\\/172187\\\/\",\"name\":\"Quand les \u00ab Gardiens de la r\u00e9volution \u00bb entrent en action\",\"isPartOf\":{\"@id\":\"https:\\\/\\\/www.webdo.tn\\\/fr\\\/#website\"},\"primaryImageOfPage\":{\"@id\":\"https:\\\/\\\/www.webdo.tn\\\/fr\\\/actualite\\\/national-45\\\/quand-les-gardiens-de-la-revolution-entrent-en-action\\\/172187\\\/#primaryimage\"},\"image\":{\"@id\":\"https:\\\/\\\/www.webdo.tn\\\/fr\\\/actualite\\\/national-45\\\/quand-les-gardiens-de-la-revolution-entrent-en-action\\\/172187\\\/#primaryimage\"},\"thumbnailUrl\":\"https:\\\/\\\/www.webdo.tn\\\/fr\\\/wp-content\\\/uploads\\\/2025\\\/06\\\/Sepah-e-Pasdaran-le-corps-des-Gardiens-de-la-revolution-islamique-photo-iranbriefing.net__172187.jpg\",\"datePublished\":\"2012-02-22T11:23:00+00:00\",\"description\":\"Quand les \u00ab Gardiens de la r\u00e9volution \u00bb entrent en action\",\"breadcrumb\":{\"@id\":\"https:\\\/\\\/www.webdo.tn\\\/fr\\\/actualite\\\/national-45\\\/quand-les-gardiens-de-la-revolution-entrent-en-action\\\/172187\\\/#breadcrumb\"},\"inLanguage\":\"fr-FR\",\"potentialAction\":[{\"@type\":\"ReadAction\",\"target\":[\"https:\\\/\\\/www.webdo.tn\\\/fr\\\/actualite\\\/national-45\\\/quand-les-gardiens-de-la-revolution-entrent-en-action\\\/172187\\\/\"]}]},{\"@type\":\"ImageObject\",\"inLanguage\":\"fr-FR\",\"@id\":\"https:\\\/\\\/www.webdo.tn\\\/fr\\\/actualite\\\/national-45\\\/quand-les-gardiens-de-la-revolution-entrent-en-action\\\/172187\\\/#primaryimage\",\"url\":\"https:\\\/\\\/www.webdo.tn\\\/fr\\\/wp-content\\\/uploads\\\/2025\\\/06\\\/Sepah-e-Pasdaran-le-corps-des-Gardiens-de-la-revolution-islamique-photo-iranbriefing.net__172187.jpg\",\"contentUrl\":\"https:\\\/\\\/www.webdo.tn\\\/fr\\\/wp-content\\\/uploads\\\/2025\\\/06\\\/Sepah-e-Pasdaran-le-corps-des-Gardiens-de-la-revolution-islamique-photo-iranbriefing.net__172187.jpg\",\"width\":320,\"height\":236,\"caption\":\"Quand les \u00ab Gardiens de la r\u00e9volution \u00bb entrent en action\"},{\"@type\":\"BreadcrumbList\",\"@id\":\"https:\\\/\\\/www.webdo.tn\\\/fr\\\/actualite\\\/national-45\\\/quand-les-gardiens-de-la-revolution-entrent-en-action\\\/172187\\\/#breadcrumb\",\"itemListElement\":[{\"@type\":\"ListItem\",\"position\":1,\"name\":\"Accueil\",\"item\":\"https:\\\/\\\/www.webdo.tn\\\/fr\\\/\"},{\"@type\":\"ListItem\",\"position\":2,\"name\":\"Quand les \u00ab Gardiens de la r\u00e9volution \u00bb entrent en action\"}]},{\"@type\":\"WebSite\",\"@id\":\"https:\\\/\\\/www.webdo.tn\\\/fr\\\/#website\",\"url\":\"https:\\\/\\\/www.webdo.tn\\\/fr\\\/\",\"name\":\"webdo\",\"description\":\"Tunisie - News en Tunisie et \u00e0 l&#039;international sur Webdo.tn\",\"publisher\":{\"@id\":\"https:\\\/\\\/www.webdo.tn\\\/fr\\\/#organization\"},\"potentialAction\":[{\"@type\":\"SearchAction\",\"target\":{\"@type\":\"EntryPoint\",\"urlTemplate\":\"https:\\\/\\\/www.webdo.tn\\\/fr\\\/?s={search_term_string}\"},\"query-input\":{\"@type\":\"PropertyValueSpecification\",\"valueRequired\":true,\"valueName\":\"search_term_string\"}}],\"inLanguage\":\"fr-FR\"},{\"@type\":\"Organization\",\"@id\":\"https:\\\/\\\/www.webdo.tn\\\/fr\\\/#organization\",\"name\":\"Webdo\",\"alternateName\":\"Webdo.tn\",\"url\":\"https:\\\/\\\/www.webdo.tn\\\/fr\\\/\",\"logo\":{\"@type\":\"ImageObject\",\"inLanguage\":\"fr-FR\",\"@id\":\"https:\\\/\\\/www.webdo.tn\\\/fr\\\/#\\\/schema\\\/logo\\\/image\\\/\",\"url\":\"https:\\\/\\\/www.webdo.tn\\\/fr\\\/wp-content\\\/uploads\\\/2025\\\/06\\\/Webdo-Tunisie_168377.jpg\",\"contentUrl\":\"https:\\\/\\\/www.webdo.tn\\\/fr\\\/wp-content\\\/uploads\\\/2025\\\/06\\\/Webdo-Tunisie_168377.jpg\",\"width\":301,\"height\":301,\"caption\":\"Webdo\"},\"image\":{\"@id\":\"https:\\\/\\\/www.webdo.tn\\\/fr\\\/#\\\/schema\\\/logo\\\/image\\\/\"},\"sameAs\":[\"https:\\\/\\\/www.facebook.com\\\/webdotn\",\"https:\\\/\\\/x.com\\\/webdo_tn\"],\"description\":\"Webdo est un m\u00e9dia num\u00e9rique tunisien fond\u00e9 en 2010, sp\u00e9cialis\u00e9 dans l\u2019actualit\u00e9 nationale et internationale, l\u2019\u00e9conomie, la soci\u00e9t\u00e9 et les analyses politiques. Le site s\u2019adresse \u00e0 un large public francophone et couvre l\u2019information tunisienne en temps r\u00e9el.\",\"email\":\"redac@webdo.tn\",\"legalName\":\"YNJ SARL\",\"foundingDate\":\"2010-09-06\",\"numberOfEmployees\":{\"@type\":\"QuantitativeValue\",\"minValue\":\"11\",\"maxValue\":\"50\"}},{\"@type\":\"Person\",\"@id\":\"https:\\\/\\\/www.webdo.tn\\\/fr\\\/#\\\/schema\\\/person\\\/9a9c6118d687c117df8ef3cc36a4d175\",\"name\":\"webdo.tn\",\"image\":{\"@type\":\"ImageObject\",\"inLanguage\":\"fr-FR\",\"@id\":\"https:\\\/\\\/secure.gravatar.com\\\/avatar\\\/7ce1f28c0c3bbac99ff550b85ef8e44a6950c6ee24514fb6a5489e51d06f0298?s=96&d=mm&r=g\",\"url\":\"https:\\\/\\\/secure.gravatar.com\\\/avatar\\\/7ce1f28c0c3bbac99ff550b85ef8e44a6950c6ee24514fb6a5489e51d06f0298?s=96&d=mm&r=g\",\"contentUrl\":\"https:\\\/\\\/secure.gravatar.com\\\/avatar\\\/7ce1f28c0c3bbac99ff550b85ef8e44a6950c6ee24514fb6a5489e51d06f0298?s=96&d=mm&r=g\",\"caption\":\"webdo.tn\"},\"url\":\"https:\\\/\\\/www.webdo.tn\\\/fr\\\/actualite\\\/author\\\/webdotn\\\/\"}]}<\/script>\n<!-- \/ Yoast SEO Premium plugin. -->","yoast_head_json":{"title":"Quand les \u00ab Gardiens de la r\u00e9volution \u00bb entrent en action","description":"Quand les \u00ab Gardiens de la r\u00e9volution \u00bb entrent en action","canonical":"https:\/\/www.webdo.tn\/fr\/actualite\/national-45\/quand-les-gardiens-de-la-revolution-entrent-en-action\/172187\/","og_locale":"fr_FR","og_type":"article","og_title":"Quand les \u00ab Gardiens de la r\u00e9volution \u00bb entrent en action","og_description":"Quand les \u00ab Gardiens de la r\u00e9volution \u00bb entrent en action","og_url":"https:\/\/www.webdo.tn\/fr\/actualite\/national-45\/quand-les-gardiens-de-la-revolution-entrent-en-action\/172187\/","og_site_name":"webdo","article_publisher":"https:\/\/www.facebook.com\/webdotn","article_published_time":"2012-02-22T11:23:00+00:00","author":"webdo.tn","twitter_card":"summary_large_image","twitter_creator":"@webdo_tn","twitter_site":"@webdo_tn","twitter_misc":{"\u00c9crit par":"webdo.tn","Dur\u00e9e de lecture estim\u00e9e":"2 minutes"},"schema":{"@context":"https:\/\/schema.org","@graph":[{"@type":"NewsArticle","@id":"https:\/\/www.webdo.tn\/fr\/actualite\/national-45\/quand-les-gardiens-de-la-revolution-entrent-en-action\/172187\/#article","isPartOf":{"@id":"https:\/\/www.webdo.tn\/fr\/actualite\/national-45\/quand-les-gardiens-de-la-revolution-entrent-en-action\/172187\/"},"author":{"name":"webdo.tn","@id":"https:\/\/www.webdo.tn\/fr\/#\/schema\/person\/9a9c6118d687c117df8ef3cc36a4d175"},"headline":"Quand les \u00ab Gardiens de la r\u00e9volution \u00bb entrent en action","datePublished":"2012-02-22T11:23:00+00:00","mainEntityOfPage":{"@id":"https:\/\/www.webdo.tn\/fr\/actualite\/national-45\/quand-les-gardiens-de-la-revolution-entrent-en-action\/172187\/"},"wordCount":466,"commentCount":0,"publisher":{"@id":"https:\/\/www.webdo.tn\/fr\/#organization"},"image":{"@id":"https:\/\/www.webdo.tn\/fr\/actualite\/national-45\/quand-les-gardiens-de-la-revolution-entrent-en-action\/172187\/#primaryimage"},"thumbnailUrl":"https:\/\/www.webdo.tn\/fr\/wp-content\/uploads\/2025\/06\/Sepah-e-Pasdaran-le-corps-des-Gardiens-de-la-revolution-islamique-photo-iranbriefing.net__172187.jpg","keywords":["guerre"],"articleSection":["National"],"inLanguage":"fr-FR"},{"@type":"WebPage","@id":"https:\/\/www.webdo.tn\/fr\/actualite\/national-45\/quand-les-gardiens-de-la-revolution-entrent-en-action\/172187\/","url":"https:\/\/www.webdo.tn\/fr\/actualite\/national-45\/quand-les-gardiens-de-la-revolution-entrent-en-action\/172187\/","name":"Quand les \u00ab Gardiens de la r\u00e9volution \u00bb entrent en action","isPartOf":{"@id":"https:\/\/www.webdo.tn\/fr\/#website"},"primaryImageOfPage":{"@id":"https:\/\/www.webdo.tn\/fr\/actualite\/national-45\/quand-les-gardiens-de-la-revolution-entrent-en-action\/172187\/#primaryimage"},"image":{"@id":"https:\/\/www.webdo.tn\/fr\/actualite\/national-45\/quand-les-gardiens-de-la-revolution-entrent-en-action\/172187\/#primaryimage"},"thumbnailUrl":"https:\/\/www.webdo.tn\/fr\/wp-content\/uploads\/2025\/06\/Sepah-e-Pasdaran-le-corps-des-Gardiens-de-la-revolution-islamique-photo-iranbriefing.net__172187.jpg","datePublished":"2012-02-22T11:23:00+00:00","description":"Quand les \u00ab Gardiens de la r\u00e9volution \u00bb entrent en action","breadcrumb":{"@id":"https:\/\/www.webdo.tn\/fr\/actualite\/national-45\/quand-les-gardiens-de-la-revolution-entrent-en-action\/172187\/#breadcrumb"},"inLanguage":"fr-FR","potentialAction":[{"@type":"ReadAction","target":["https:\/\/www.webdo.tn\/fr\/actualite\/national-45\/quand-les-gardiens-de-la-revolution-entrent-en-action\/172187\/"]}]},{"@type":"ImageObject","inLanguage":"fr-FR","@id":"https:\/\/www.webdo.tn\/fr\/actualite\/national-45\/quand-les-gardiens-de-la-revolution-entrent-en-action\/172187\/#primaryimage","url":"https:\/\/www.webdo.tn\/fr\/wp-content\/uploads\/2025\/06\/Sepah-e-Pasdaran-le-corps-des-Gardiens-de-la-revolution-islamique-photo-iranbriefing.net__172187.jpg","contentUrl":"https:\/\/www.webdo.tn\/fr\/wp-content\/uploads\/2025\/06\/Sepah-e-Pasdaran-le-corps-des-Gardiens-de-la-revolution-islamique-photo-iranbriefing.net__172187.jpg","width":320,"height":236,"caption":"Quand les \u00ab Gardiens de la r\u00e9volution \u00bb entrent en action"},{"@type":"BreadcrumbList","@id":"https:\/\/www.webdo.tn\/fr\/actualite\/national-45\/quand-les-gardiens-de-la-revolution-entrent-en-action\/172187\/#breadcrumb","itemListElement":[{"@type":"ListItem","position":1,"name":"Accueil","item":"https:\/\/www.webdo.tn\/fr\/"},{"@type":"ListItem","position":2,"name":"Quand les \u00ab Gardiens de la r\u00e9volution \u00bb entrent en action"}]},{"@type":"WebSite","@id":"https:\/\/www.webdo.tn\/fr\/#website","url":"https:\/\/www.webdo.tn\/fr\/","name":"webdo","description":"Tunisie - News en Tunisie et \u00e0 l&#039;international sur Webdo.tn","publisher":{"@id":"https:\/\/www.webdo.tn\/fr\/#organization"},"potentialAction":[{"@type":"SearchAction","target":{"@type":"EntryPoint","urlTemplate":"https:\/\/www.webdo.tn\/fr\/?s={search_term_string}"},"query-input":{"@type":"PropertyValueSpecification","valueRequired":true,"valueName":"search_term_string"}}],"inLanguage":"fr-FR"},{"@type":"Organization","@id":"https:\/\/www.webdo.tn\/fr\/#organization","name":"Webdo","alternateName":"Webdo.tn","url":"https:\/\/www.webdo.tn\/fr\/","logo":{"@type":"ImageObject","inLanguage":"fr-FR","@id":"https:\/\/www.webdo.tn\/fr\/#\/schema\/logo\/image\/","url":"https:\/\/www.webdo.tn\/fr\/wp-content\/uploads\/2025\/06\/Webdo-Tunisie_168377.jpg","contentUrl":"https:\/\/www.webdo.tn\/fr\/wp-content\/uploads\/2025\/06\/Webdo-Tunisie_168377.jpg","width":301,"height":301,"caption":"Webdo"},"image":{"@id":"https:\/\/www.webdo.tn\/fr\/#\/schema\/logo\/image\/"},"sameAs":["https:\/\/www.facebook.com\/webdotn","https:\/\/x.com\/webdo_tn"],"description":"Webdo est un m\u00e9dia num\u00e9rique tunisien fond\u00e9 en 2010, sp\u00e9cialis\u00e9 dans l\u2019actualit\u00e9 nationale et internationale, l\u2019\u00e9conomie, la soci\u00e9t\u00e9 et les analyses politiques. Le site s\u2019adresse \u00e0 un large public francophone et couvre l\u2019information tunisienne en temps r\u00e9el.","email":"redac@webdo.tn","legalName":"YNJ SARL","foundingDate":"2010-09-06","numberOfEmployees":{"@type":"QuantitativeValue","minValue":"11","maxValue":"50"}},{"@type":"Person","@id":"https:\/\/www.webdo.tn\/fr\/#\/schema\/person\/9a9c6118d687c117df8ef3cc36a4d175","name":"webdo.tn","image":{"@type":"ImageObject","inLanguage":"fr-FR","@id":"https:\/\/secure.gravatar.com\/avatar\/7ce1f28c0c3bbac99ff550b85ef8e44a6950c6ee24514fb6a5489e51d06f0298?s=96&d=mm&r=g","url":"https:\/\/secure.gravatar.com\/avatar\/7ce1f28c0c3bbac99ff550b85ef8e44a6950c6ee24514fb6a5489e51d06f0298?s=96&d=mm&r=g","contentUrl":"https:\/\/secure.gravatar.com\/avatar\/7ce1f28c0c3bbac99ff550b85ef8e44a6950c6ee24514fb6a5489e51d06f0298?s=96&d=mm&r=g","caption":"webdo.tn"},"url":"https:\/\/www.webdo.tn\/fr\/actualite\/author\/webdotn\/"}]}},"_links":{"self":[{"href":"https:\/\/www.webdo.tn\/fr\/wp-json\/wp\/v2\/posts\/172187","targetHints":{"allow":["GET"]}}],"collection":[{"href":"https:\/\/www.webdo.tn\/fr\/wp-json\/wp\/v2\/posts"}],"about":[{"href":"https:\/\/www.webdo.tn\/fr\/wp-json\/wp\/v2\/types\/post"}],"author":[{"embeddable":true,"href":"https:\/\/www.webdo.tn\/fr\/wp-json\/wp\/v2\/users\/3222"}],"replies":[{"embeddable":true,"href":"https:\/\/www.webdo.tn\/fr\/wp-json\/wp\/v2\/comments?post=172187"}],"version-history":[{"count":0,"href":"https:\/\/www.webdo.tn\/fr\/wp-json\/wp\/v2\/posts\/172187\/revisions"}],"wp:featuredmedia":[{"embeddable":true,"href":"https:\/\/www.webdo.tn\/fr\/wp-json\/wp\/v2\/media\/374680"}],"wp:attachment":[{"href":"https:\/\/www.webdo.tn\/fr\/wp-json\/wp\/v2\/media?parent=172187"}],"wp:term":[{"taxonomy":"category","embeddable":true,"href":"https:\/\/www.webdo.tn\/fr\/wp-json\/wp\/v2\/categories?post=172187"},{"taxonomy":"post_tag","embeddable":true,"href":"https:\/\/www.webdo.tn\/fr\/wp-json\/wp\/v2\/tags?post=172187"}],"curies":[{"name":"wp","href":"https:\/\/api.w.org\/{rel}","templated":true}]}}