{"id":172185,"date":"2012-02-22T17:56:00","date_gmt":"2012-02-22T17:56:00","guid":{"rendered":"https:\/\/www.webdo.tn\/fr\/blog\/amor-nsairi-un-ex-ben-ali-chez-jebali\/172185\/"},"modified":"2025-06-04T19:00:02","modified_gmt":"2025-06-04T19:00:02","slug":"amor-nsairi-un-ex-ben-ali-chez-jebali","status":"publish","type":"post","link":"https:\/\/www.webdo.tn\/fr\/actualite\/national\/amor-nsairi-un-ex-ben-ali-chez-jebali\/172185\/","title":{"rendered":"Amor Nsairi : &lsquo;un ex-Ben Ali chez J\u00e9bali&rsquo;"},"content":{"rendered":"<p>Sous cet intitul\u00e9, l\u2019African Intelligence dans sa diffusion du 16 f\u00e9vrier retrace le profil de l\u2019actuel directeur du cabinet de J\u00e9bali. Ancien gouverneur et PDG d\u2019entreprises publiques sous le r\u00e8gne de ZABA, Amor Nsairi a \u00e9t\u00e9 parmi les 1000 premiers tunisiens \u00e0 exhorter Ben Ali pour un \u00e9ni\u00e8me mandat et donc l\u2019un des fervents partisans de la dictature \u00e0 vie. L\u2019information a \u00e9t\u00e9 relay\u00e9e par d\u2019autres m\u00e9dias s\u2019int\u00e9ressant \u00e0 l\u2019actualit\u00e9 politique en Tunisie et reprise d\u2019une certaine mani\u00e8re sur  Shems FM dans sa matinale du 22 f\u00e9vrier. Sur le r\u00e9seau social, elle n\u2019est pas pass\u00e9e inaper\u00e7ue : le partage de vid\u00e9os et de commentaires a battu les records de ces deux derni\u00e8res journ\u00e9es et les facebookeurs ont publi\u00e9 des documents sur les activit\u00e9s politiques ant\u00e9rieures de Amor Nsairi et les responsabilit\u00e9s qu\u2019il avait occup\u00e9es du temps de ZABA.   <\/p>\n<p>Si l\u2019information se r\u00e9v\u00e8le effective, il existe mille et une raisons de nous inqui\u00e9ter. En effet, la d\u00e9signation d\u2019un responsable pr\u00e9sentant pareil profil dans le premier gouvernement issu des \u00e9lections du 23 octobre pourra ouvrir la voie \u00e0 d\u2019autres personnes qui ont concouru activement \u00e0 la politique de la m\u00e9diocratie. Rappelons \u00e0 ce propos que d\u00e8s la premi\u00e8re formation gouvernementale  qui a vu jour apr\u00e8s le 14 janvier, l\u2019opposition, dont l\u2019actuel parti majoritaire, et une bonne partie de tunisiens se sont \u00e9lev\u00e9s contre le maintien et la d\u00e9signation dans le gouvernement et l\u2019administration  r\u00e9gionale des anciens responsables. Rappelons \u00e9galement que parmi les interdictions et d\u00e9ch\u00e9ances pr\u00e9vues en mati\u00e8re \u00e9lectorale, le d\u00e9cret-loi \u00e9dict\u00e9 en la mati\u00e8re pr\u00e9voit l\u2019in\u00e9ligibilit\u00e9 des El Mounachidoun et ceux qui \u00e9taient au service de Ben Ali dans le gouvernement et dans le RCD. Leur exclusion de la sc\u00e8ne publique et la contestation de leur pr\u00e9sence dans le paysage politique leur interdisent tout droit de citer dans les hautes fonctions de l\u2019Etat. <\/p>\n<p>Certains peuvent consid\u00e9rer que le gouvernement ne peut pas se passer d\u2019une valeur certaine et d\u2019une comp\u00e9tence s\u00fbre nonobstant son historique et ses implications dans les choix du r\u00e9gime d\u00e9chu. Mais, ils oublient que durant les sit in de Kasba 1 et Kasba 2, la logique a \u00e9t\u00e9 d\u2019\u00e9vincer les anciens du vieux r\u00e9gime quels que soient leur expertise, leur int\u00e9grit\u00e9 et leur g\u00e9nie. Il s\u2019agit dans cet esprit d\u2019une question de principe qui ne souffre ni exception, ni d\u00e9rogation. Prendre une d\u00e9cision qui va \u00e0 l\u2019encontre de cet esprit nous am\u00e8ne \u00e0 nous poser les questions suivantes : Est-ce une affabulation de la part de quelques m\u00e9dias en qu\u00eate de sensationnel ? Dans cette hypoth\u00e8se, un d\u00e9menti justifi\u00e9 et un \u00e9change transparent entre les protagonistes s\u2019imposent pour faire taire les \u00ab mauvaises langues \u00bb ! Est-ce une inadvertance de la part des d\u00e9cideurs dans le gouvernement qui a permis \u00e0 l\u2019int\u00e9ress\u00e9 de passer par les mailles du filet ? Dans ce cas, il vaut mieux reconna\u00eetre la d\u00e9faillance du syst\u00e8me et prendre les mesures correctives. Ou est-ce tout bonnement un revirement dans les choix post-r\u00e9volutionnaires ?<\/p>\n","protected":false},"excerpt":{"rendered":"<p>Amor Nsairi : &lsquo;un ex-Ben Ali chez J\u00e9bali&rsquo; <\/p>\n","protected":false},"author":3222,"featured_media":334060,"comment_status":"open","ping_status":"closed","sticky":false,"template":"","format":"standard","meta":{"footnotes":""},"categories":[44],"tags":[],"class_list":["post-172185","post","type-post","status-publish","format-standard","has-post-thumbnail","hentry","category-national"],"yoast_head":"<!-- This site is optimized with the Yoast SEO Premium plugin v27.5 (Yoast SEO v27.5) - https:\/\/yoast.com\/product\/yoast-seo-premium-wordpress\/ -->\n<title>Amor Nsairi : &#039;un ex-Ben Ali chez J\u00e9bali&#039;<\/title>\n<meta name=\"description\" content=\"Amor Nsairi : &#039;un ex-Ben Ali chez J\u00e9bali&#039;\" \/>\n<link rel=\"canonical\" href=\"https:\/\/www.webdo.tn\/fr\/actualite\/national\/amor-nsairi-un-ex-ben-ali-chez-jebali\/172185\/\" \/>\n<meta property=\"og:locale\" content=\"fr_FR\" \/>\n<meta property=\"og:type\" content=\"article\" \/>\n<meta property=\"og:title\" content=\"Amor Nsairi : &#039;un ex-Ben Ali chez J\u00e9bali&#039;\" \/>\n<meta property=\"og:description\" content=\"Amor Nsairi : &#039;un ex-Ben Ali chez J\u00e9bali&#039;\" \/>\n<meta property=\"og:url\" content=\"https:\/\/www.webdo.tn\/fr\/actualite\/national\/amor-nsairi-un-ex-ben-ali-chez-jebali\/172185\/\" \/>\n<meta property=\"og:site_name\" content=\"webdo\" \/>\n<meta property=\"article:publisher\" content=\"https:\/\/www.facebook.com\/webdotn\" \/>\n<meta property=\"article:published_time\" content=\"2012-02-22T17:56:00+00:00\" \/>\n<meta property=\"article:modified_time\" content=\"2025-06-04T19:00:02+00:00\" \/>\n<meta property=\"og:image\" content=\"https:\/\/www.webdo.tn\/fr\/wp-content\/uploads\/2012\/02\/Amor-Nsairi-photo-webmanagercenter.com_.jpg\" \/>\n\t<meta property=\"og:image:width\" content=\"168\" \/>\n\t<meta property=\"og:image:height\" content=\"204\" \/>\n\t<meta property=\"og:image:type\" content=\"image\/jpeg\" \/>\n<meta name=\"author\" content=\"webdo.tn\" \/>\n<meta name=\"twitter:card\" content=\"summary_large_image\" \/>\n<meta name=\"twitter:creator\" content=\"@webdo_tn\" \/>\n<meta name=\"twitter:site\" content=\"@webdo_tn\" \/>\n<meta name=\"twitter:label1\" content=\"\u00c9crit par\" \/>\n\t<meta name=\"twitter:data1\" content=\"webdo.tn\" \/>\n\t<meta name=\"twitter:label2\" content=\"Dur\u00e9e de lecture estim\u00e9e\" \/>\n\t<meta name=\"twitter:data2\" content=\"3 minutes\" \/>\n<script type=\"application\/ld+json\" class=\"yoast-schema-graph\">{\"@context\":\"https:\\\/\\\/schema.org\",\"@graph\":[{\"@type\":\"NewsArticle\",\"@id\":\"https:\\\/\\\/www.webdo.tn\\\/fr\\\/actualite\\\/national\\\/amor-nsairi-un-ex-ben-ali-chez-jebali\\\/172185\\\/#article\",\"isPartOf\":{\"@id\":\"https:\\\/\\\/www.webdo.tn\\\/fr\\\/actualite\\\/national\\\/amor-nsairi-un-ex-ben-ali-chez-jebali\\\/172185\\\/\"},\"author\":{\"name\":\"webdo.tn\",\"@id\":\"https:\\\/\\\/www.webdo.tn\\\/fr\\\/#\\\/schema\\\/person\\\/9a9c6118d687c117df8ef3cc36a4d175\"},\"headline\":\"Amor Nsairi : &lsquo;un ex-Ben Ali chez J\u00e9bali&rsquo;\",\"datePublished\":\"2012-02-22T17:56:00+00:00\",\"dateModified\":\"2025-06-04T19:00:02+00:00\",\"mainEntityOfPage\":{\"@id\":\"https:\\\/\\\/www.webdo.tn\\\/fr\\\/actualite\\\/national\\\/amor-nsairi-un-ex-ben-ali-chez-jebali\\\/172185\\\/\"},\"wordCount\":562,\"commentCount\":0,\"publisher\":{\"@id\":\"https:\\\/\\\/www.webdo.tn\\\/fr\\\/#organization\"},\"image\":{\"@id\":\"https:\\\/\\\/www.webdo.tn\\\/fr\\\/actualite\\\/national\\\/amor-nsairi-un-ex-ben-ali-chez-jebali\\\/172185\\\/#primaryimage\"},\"thumbnailUrl\":\"https:\\\/\\\/www.webdo.tn\\\/fr\\\/wp-content\\\/uploads\\\/2012\\\/02\\\/Amor-Nsairi-photo-webmanagercenter.com_.jpg\",\"articleSection\":[\"National\"],\"inLanguage\":\"fr-FR\"},{\"@type\":\"WebPage\",\"@id\":\"https:\\\/\\\/www.webdo.tn\\\/fr\\\/actualite\\\/national\\\/amor-nsairi-un-ex-ben-ali-chez-jebali\\\/172185\\\/\",\"url\":\"https:\\\/\\\/www.webdo.tn\\\/fr\\\/actualite\\\/national\\\/amor-nsairi-un-ex-ben-ali-chez-jebali\\\/172185\\\/\",\"name\":\"Amor Nsairi : 'un ex-Ben Ali chez J\u00e9bali'\",\"isPartOf\":{\"@id\":\"https:\\\/\\\/www.webdo.tn\\\/fr\\\/#website\"},\"primaryImageOfPage\":{\"@id\":\"https:\\\/\\\/www.webdo.tn\\\/fr\\\/actualite\\\/national\\\/amor-nsairi-un-ex-ben-ali-chez-jebali\\\/172185\\\/#primaryimage\"},\"image\":{\"@id\":\"https:\\\/\\\/www.webdo.tn\\\/fr\\\/actualite\\\/national\\\/amor-nsairi-un-ex-ben-ali-chez-jebali\\\/172185\\\/#primaryimage\"},\"thumbnailUrl\":\"https:\\\/\\\/www.webdo.tn\\\/fr\\\/wp-content\\\/uploads\\\/2012\\\/02\\\/Amor-Nsairi-photo-webmanagercenter.com_.jpg\",\"datePublished\":\"2012-02-22T17:56:00+00:00\",\"dateModified\":\"2025-06-04T19:00:02+00:00\",\"description\":\"Amor Nsairi : 'un ex-Ben Ali chez J\u00e9bali'\",\"breadcrumb\":{\"@id\":\"https:\\\/\\\/www.webdo.tn\\\/fr\\\/actualite\\\/national\\\/amor-nsairi-un-ex-ben-ali-chez-jebali\\\/172185\\\/#breadcrumb\"},\"inLanguage\":\"fr-FR\",\"potentialAction\":[{\"@type\":\"ReadAction\",\"target\":[\"https:\\\/\\\/www.webdo.tn\\\/fr\\\/actualite\\\/national\\\/amor-nsairi-un-ex-ben-ali-chez-jebali\\\/172185\\\/\"]}]},{\"@type\":\"ImageObject\",\"inLanguage\":\"fr-FR\",\"@id\":\"https:\\\/\\\/www.webdo.tn\\\/fr\\\/actualite\\\/national\\\/amor-nsairi-un-ex-ben-ali-chez-jebali\\\/172185\\\/#primaryimage\",\"url\":\"https:\\\/\\\/www.webdo.tn\\\/fr\\\/wp-content\\\/uploads\\\/2012\\\/02\\\/Amor-Nsairi-photo-webmanagercenter.com_.jpg\",\"contentUrl\":\"https:\\\/\\\/www.webdo.tn\\\/fr\\\/wp-content\\\/uploads\\\/2012\\\/02\\\/Amor-Nsairi-photo-webmanagercenter.com_.jpg\",\"width\":168,\"height\":204,\"caption\":\"Amor Nsairi : 'un ex-Ben Ali chez J\u00e9bali'\"},{\"@type\":\"BreadcrumbList\",\"@id\":\"https:\\\/\\\/www.webdo.tn\\\/fr\\\/actualite\\\/national\\\/amor-nsairi-un-ex-ben-ali-chez-jebali\\\/172185\\\/#breadcrumb\",\"itemListElement\":[{\"@type\":\"ListItem\",\"position\":1,\"name\":\"Accueil\",\"item\":\"https:\\\/\\\/www.webdo.tn\\\/fr\\\/\"},{\"@type\":\"ListItem\",\"position\":2,\"name\":\"Amor Nsairi : &lsquo;un ex-Ben Ali chez J\u00e9bali&rsquo;\"}]},{\"@type\":\"WebSite\",\"@id\":\"https:\\\/\\\/www.webdo.tn\\\/fr\\\/#website\",\"url\":\"https:\\\/\\\/www.webdo.tn\\\/fr\\\/\",\"name\":\"webdo\",\"description\":\"Tunisie - News en Tunisie et \u00e0 l&#039;international sur Webdo.tn\",\"publisher\":{\"@id\":\"https:\\\/\\\/www.webdo.tn\\\/fr\\\/#organization\"},\"potentialAction\":[{\"@type\":\"SearchAction\",\"target\":{\"@type\":\"EntryPoint\",\"urlTemplate\":\"https:\\\/\\\/www.webdo.tn\\\/fr\\\/?s={search_term_string}\"},\"query-input\":{\"@type\":\"PropertyValueSpecification\",\"valueRequired\":true,\"valueName\":\"search_term_string\"}}],\"inLanguage\":\"fr-FR\"},{\"@type\":\"Organization\",\"@id\":\"https:\\\/\\\/www.webdo.tn\\\/fr\\\/#organization\",\"name\":\"Webdo\",\"alternateName\":\"Webdo.tn\",\"url\":\"https:\\\/\\\/www.webdo.tn\\\/fr\\\/\",\"logo\":{\"@type\":\"ImageObject\",\"inLanguage\":\"fr-FR\",\"@id\":\"https:\\\/\\\/www.webdo.tn\\\/fr\\\/#\\\/schema\\\/logo\\\/image\\\/\",\"url\":\"https:\\\/\\\/www.webdo.tn\\\/fr\\\/wp-content\\\/uploads\\\/2025\\\/06\\\/Webdo-Tunisie_168377.jpg\",\"contentUrl\":\"https:\\\/\\\/www.webdo.tn\\\/fr\\\/wp-content\\\/uploads\\\/2025\\\/06\\\/Webdo-Tunisie_168377.jpg\",\"width\":301,\"height\":301,\"caption\":\"Webdo\"},\"image\":{\"@id\":\"https:\\\/\\\/www.webdo.tn\\\/fr\\\/#\\\/schema\\\/logo\\\/image\\\/\"},\"sameAs\":[\"https:\\\/\\\/www.facebook.com\\\/webdotn\",\"https:\\\/\\\/x.com\\\/webdo_tn\"],\"description\":\"Webdo est un m\u00e9dia num\u00e9rique tunisien fond\u00e9 en 2010, sp\u00e9cialis\u00e9 dans l\u2019actualit\u00e9 nationale et internationale, l\u2019\u00e9conomie, la soci\u00e9t\u00e9 et les analyses politiques. Le site s\u2019adresse \u00e0 un large public francophone et couvre l\u2019information tunisienne en temps r\u00e9el.\",\"email\":\"redac@webdo.tn\",\"legalName\":\"YNJ SARL\",\"foundingDate\":\"2010-09-06\",\"numberOfEmployees\":{\"@type\":\"QuantitativeValue\",\"minValue\":\"11\",\"maxValue\":\"50\"}},{\"@type\":\"Person\",\"@id\":\"https:\\\/\\\/www.webdo.tn\\\/fr\\\/#\\\/schema\\\/person\\\/9a9c6118d687c117df8ef3cc36a4d175\",\"name\":\"webdo.tn\",\"image\":{\"@type\":\"ImageObject\",\"inLanguage\":\"fr-FR\",\"@id\":\"https:\\\/\\\/secure.gravatar.com\\\/avatar\\\/7ce1f28c0c3bbac99ff550b85ef8e44a6950c6ee24514fb6a5489e51d06f0298?s=96&d=mm&r=g\",\"url\":\"https:\\\/\\\/secure.gravatar.com\\\/avatar\\\/7ce1f28c0c3bbac99ff550b85ef8e44a6950c6ee24514fb6a5489e51d06f0298?s=96&d=mm&r=g\",\"contentUrl\":\"https:\\\/\\\/secure.gravatar.com\\\/avatar\\\/7ce1f28c0c3bbac99ff550b85ef8e44a6950c6ee24514fb6a5489e51d06f0298?s=96&d=mm&r=g\",\"caption\":\"webdo.tn\"},\"url\":\"https:\\\/\\\/www.webdo.tn\\\/fr\\\/actualite\\\/author\\\/webdotn\\\/\"}]}<\/script>\n<!-- \/ Yoast SEO Premium plugin. -->","yoast_head_json":{"title":"Amor Nsairi : 'un ex-Ben Ali chez J\u00e9bali'","description":"Amor Nsairi : 'un ex-Ben Ali chez J\u00e9bali'","canonical":"https:\/\/www.webdo.tn\/fr\/actualite\/national\/amor-nsairi-un-ex-ben-ali-chez-jebali\/172185\/","og_locale":"fr_FR","og_type":"article","og_title":"Amor Nsairi : 'un ex-Ben Ali chez J\u00e9bali'","og_description":"Amor Nsairi : 'un ex-Ben Ali chez J\u00e9bali'","og_url":"https:\/\/www.webdo.tn\/fr\/actualite\/national\/amor-nsairi-un-ex-ben-ali-chez-jebali\/172185\/","og_site_name":"webdo","article_publisher":"https:\/\/www.facebook.com\/webdotn","article_published_time":"2012-02-22T17:56:00+00:00","article_modified_time":"2025-06-04T19:00:02+00:00","og_image":[{"width":168,"height":204,"url":"https:\/\/www.webdo.tn\/fr\/wp-content\/uploads\/2012\/02\/Amor-Nsairi-photo-webmanagercenter.com_.jpg","type":"image\/jpeg"}],"author":"webdo.tn","twitter_card":"summary_large_image","twitter_creator":"@webdo_tn","twitter_site":"@webdo_tn","twitter_misc":{"\u00c9crit par":"webdo.tn","Dur\u00e9e de lecture estim\u00e9e":"3 minutes"},"schema":{"@context":"https:\/\/schema.org","@graph":[{"@type":"NewsArticle","@id":"https:\/\/www.webdo.tn\/fr\/actualite\/national\/amor-nsairi-un-ex-ben-ali-chez-jebali\/172185\/#article","isPartOf":{"@id":"https:\/\/www.webdo.tn\/fr\/actualite\/national\/amor-nsairi-un-ex-ben-ali-chez-jebali\/172185\/"},"author":{"name":"webdo.tn","@id":"https:\/\/www.webdo.tn\/fr\/#\/schema\/person\/9a9c6118d687c117df8ef3cc36a4d175"},"headline":"Amor Nsairi : &lsquo;un ex-Ben Ali chez J\u00e9bali&rsquo;","datePublished":"2012-02-22T17:56:00+00:00","dateModified":"2025-06-04T19:00:02+00:00","mainEntityOfPage":{"@id":"https:\/\/www.webdo.tn\/fr\/actualite\/national\/amor-nsairi-un-ex-ben-ali-chez-jebali\/172185\/"},"wordCount":562,"commentCount":0,"publisher":{"@id":"https:\/\/www.webdo.tn\/fr\/#organization"},"image":{"@id":"https:\/\/www.webdo.tn\/fr\/actualite\/national\/amor-nsairi-un-ex-ben-ali-chez-jebali\/172185\/#primaryimage"},"thumbnailUrl":"https:\/\/www.webdo.tn\/fr\/wp-content\/uploads\/2012\/02\/Amor-Nsairi-photo-webmanagercenter.com_.jpg","articleSection":["National"],"inLanguage":"fr-FR"},{"@type":"WebPage","@id":"https:\/\/www.webdo.tn\/fr\/actualite\/national\/amor-nsairi-un-ex-ben-ali-chez-jebali\/172185\/","url":"https:\/\/www.webdo.tn\/fr\/actualite\/national\/amor-nsairi-un-ex-ben-ali-chez-jebali\/172185\/","name":"Amor Nsairi : 'un ex-Ben Ali chez J\u00e9bali'","isPartOf":{"@id":"https:\/\/www.webdo.tn\/fr\/#website"},"primaryImageOfPage":{"@id":"https:\/\/www.webdo.tn\/fr\/actualite\/national\/amor-nsairi-un-ex-ben-ali-chez-jebali\/172185\/#primaryimage"},"image":{"@id":"https:\/\/www.webdo.tn\/fr\/actualite\/national\/amor-nsairi-un-ex-ben-ali-chez-jebali\/172185\/#primaryimage"},"thumbnailUrl":"https:\/\/www.webdo.tn\/fr\/wp-content\/uploads\/2012\/02\/Amor-Nsairi-photo-webmanagercenter.com_.jpg","datePublished":"2012-02-22T17:56:00+00:00","dateModified":"2025-06-04T19:00:02+00:00","description":"Amor Nsairi : 'un ex-Ben Ali chez J\u00e9bali'","breadcrumb":{"@id":"https:\/\/www.webdo.tn\/fr\/actualite\/national\/amor-nsairi-un-ex-ben-ali-chez-jebali\/172185\/#breadcrumb"},"inLanguage":"fr-FR","potentialAction":[{"@type":"ReadAction","target":["https:\/\/www.webdo.tn\/fr\/actualite\/national\/amor-nsairi-un-ex-ben-ali-chez-jebali\/172185\/"]}]},{"@type":"ImageObject","inLanguage":"fr-FR","@id":"https:\/\/www.webdo.tn\/fr\/actualite\/national\/amor-nsairi-un-ex-ben-ali-chez-jebali\/172185\/#primaryimage","url":"https:\/\/www.webdo.tn\/fr\/wp-content\/uploads\/2012\/02\/Amor-Nsairi-photo-webmanagercenter.com_.jpg","contentUrl":"https:\/\/www.webdo.tn\/fr\/wp-content\/uploads\/2012\/02\/Amor-Nsairi-photo-webmanagercenter.com_.jpg","width":168,"height":204,"caption":"Amor Nsairi : 'un ex-Ben Ali chez J\u00e9bali'"},{"@type":"BreadcrumbList","@id":"https:\/\/www.webdo.tn\/fr\/actualite\/national\/amor-nsairi-un-ex-ben-ali-chez-jebali\/172185\/#breadcrumb","itemListElement":[{"@type":"ListItem","position":1,"name":"Accueil","item":"https:\/\/www.webdo.tn\/fr\/"},{"@type":"ListItem","position":2,"name":"Amor Nsairi : &lsquo;un ex-Ben Ali chez J\u00e9bali&rsquo;"}]},{"@type":"WebSite","@id":"https:\/\/www.webdo.tn\/fr\/#website","url":"https:\/\/www.webdo.tn\/fr\/","name":"webdo","description":"Tunisie - News en Tunisie et \u00e0 l&#039;international sur Webdo.tn","publisher":{"@id":"https:\/\/www.webdo.tn\/fr\/#organization"},"potentialAction":[{"@type":"SearchAction","target":{"@type":"EntryPoint","urlTemplate":"https:\/\/www.webdo.tn\/fr\/?s={search_term_string}"},"query-input":{"@type":"PropertyValueSpecification","valueRequired":true,"valueName":"search_term_string"}}],"inLanguage":"fr-FR"},{"@type":"Organization","@id":"https:\/\/www.webdo.tn\/fr\/#organization","name":"Webdo","alternateName":"Webdo.tn","url":"https:\/\/www.webdo.tn\/fr\/","logo":{"@type":"ImageObject","inLanguage":"fr-FR","@id":"https:\/\/www.webdo.tn\/fr\/#\/schema\/logo\/image\/","url":"https:\/\/www.webdo.tn\/fr\/wp-content\/uploads\/2025\/06\/Webdo-Tunisie_168377.jpg","contentUrl":"https:\/\/www.webdo.tn\/fr\/wp-content\/uploads\/2025\/06\/Webdo-Tunisie_168377.jpg","width":301,"height":301,"caption":"Webdo"},"image":{"@id":"https:\/\/www.webdo.tn\/fr\/#\/schema\/logo\/image\/"},"sameAs":["https:\/\/www.facebook.com\/webdotn","https:\/\/x.com\/webdo_tn"],"description":"Webdo est un m\u00e9dia num\u00e9rique tunisien fond\u00e9 en 2010, sp\u00e9cialis\u00e9 dans l\u2019actualit\u00e9 nationale et internationale, l\u2019\u00e9conomie, la soci\u00e9t\u00e9 et les analyses politiques. Le site s\u2019adresse \u00e0 un large public francophone et couvre l\u2019information tunisienne en temps r\u00e9el.","email":"redac@webdo.tn","legalName":"YNJ SARL","foundingDate":"2010-09-06","numberOfEmployees":{"@type":"QuantitativeValue","minValue":"11","maxValue":"50"}},{"@type":"Person","@id":"https:\/\/www.webdo.tn\/fr\/#\/schema\/person\/9a9c6118d687c117df8ef3cc36a4d175","name":"webdo.tn","image":{"@type":"ImageObject","inLanguage":"fr-FR","@id":"https:\/\/secure.gravatar.com\/avatar\/7ce1f28c0c3bbac99ff550b85ef8e44a6950c6ee24514fb6a5489e51d06f0298?s=96&d=mm&r=g","url":"https:\/\/secure.gravatar.com\/avatar\/7ce1f28c0c3bbac99ff550b85ef8e44a6950c6ee24514fb6a5489e51d06f0298?s=96&d=mm&r=g","contentUrl":"https:\/\/secure.gravatar.com\/avatar\/7ce1f28c0c3bbac99ff550b85ef8e44a6950c6ee24514fb6a5489e51d06f0298?s=96&d=mm&r=g","caption":"webdo.tn"},"url":"https:\/\/www.webdo.tn\/fr\/actualite\/author\/webdotn\/"}]}},"_links":{"self":[{"href":"https:\/\/www.webdo.tn\/fr\/wp-json\/wp\/v2\/posts\/172185","targetHints":{"allow":["GET"]}}],"collection":[{"href":"https:\/\/www.webdo.tn\/fr\/wp-json\/wp\/v2\/posts"}],"about":[{"href":"https:\/\/www.webdo.tn\/fr\/wp-json\/wp\/v2\/types\/post"}],"author":[{"embeddable":true,"href":"https:\/\/www.webdo.tn\/fr\/wp-json\/wp\/v2\/users\/3222"}],"replies":[{"embeddable":true,"href":"https:\/\/www.webdo.tn\/fr\/wp-json\/wp\/v2\/comments?post=172185"}],"version-history":[{"count":0,"href":"https:\/\/www.webdo.tn\/fr\/wp-json\/wp\/v2\/posts\/172185\/revisions"}],"wp:featuredmedia":[{"embeddable":true,"href":"https:\/\/www.webdo.tn\/fr\/wp-json\/wp\/v2\/media\/334060"}],"wp:attachment":[{"href":"https:\/\/www.webdo.tn\/fr\/wp-json\/wp\/v2\/media?parent=172185"}],"wp:term":[{"taxonomy":"category","embeddable":true,"href":"https:\/\/www.webdo.tn\/fr\/wp-json\/wp\/v2\/categories?post=172185"},{"taxonomy":"post_tag","embeddable":true,"href":"https:\/\/www.webdo.tn\/fr\/wp-json\/wp\/v2\/tags?post=172185"}],"curies":[{"name":"wp","href":"https:\/\/api.w.org\/{rel}","templated":true}]}}