{"id":172184,"date":"2012-02-22T20:08:00","date_gmt":"2012-02-22T20:08:00","guid":{"rendered":"https:\/\/www.webdo.tn\/fr\/blog\/fethi-bhoury-de-retour-a-la-tete-de-shems-fm\/172184\/"},"modified":"2025-06-04T19:00:04","modified_gmt":"2025-06-04T19:00:04","slug":"fethi-bhoury-de-retour-a-la-tete-de-shems-fm","status":"publish","type":"post","link":"https:\/\/www.webdo.tn\/fr\/actualite\/national\/fethi-bhoury-de-retour-a-la-tete-de-shems-fm\/172184\/","title":{"rendered":"Fethi Bhoury de retour \u00e0 la t\u00eate de Shems FM"},"content":{"rendered":"<p>Le conseil d&rsquo;administration de la soci\u00e9t\u00e9 propri\u00e9taire de la radio priv\u00e9e Shems FM vient de d\u00e9cider de deux nouvelles nominations : celles de Khalil La\u00e2bidi, nouvel administrateur repr\u00e9sentant de l&rsquo;Etat, et de Fethi Bhoury, nouveau directeur g\u00e9n\u00e9ral de la radio.<\/p>\n<p>F. Bhoury, ancien directeur g\u00e9n\u00e9ral du FSI Planet (propri\u00e9t\u00e9 de Cyrine Ben Ali) \u00e9tait d\u00e9j\u00e0 le DG de Shems FM, et ce, avant le 14 janvier. Il est nomm\u00e9 \u00e0 la place d&rsquo;Elyes Gharbi dont le bail \u00e0 la t\u00eate de Shems FM n&rsquo;a pas d\u00e9pass\u00e9 les deux mois. Le journaliste a d&rsquo;ailleurs laiss\u00e9 une note sur son compte Facebook pour exprimer son \u00ab\u00a0amertume, son d\u00e9go\u00fbt et sa col\u00e8re\u00a0\u00bb apr\u00e8s la d\u00e9cision de le renvoyer, tout en exprimant ses craintes quant \u00e0 l&rsquo;avenir de l&rsquo;ind\u00e9pendance des m\u00e9dias. Elyes Gharbi avait argument\u00e9 ses peurs par : \u00ab\u00a0Nous travaillions sur la s\u00e9paration entre direction g\u00e9n\u00e9rale et comit\u00e9 de r\u00e9daction, nous travaillions sur la transparence et la bonne gouvernance, sur la formation\u2026 Ceci semble ne pas \u00eatre important pour certains.\u00a0\u00bb<\/p>\n<p>Pour beaucoup, ce retour de Bhoury \u00e0 la t\u00eate de Shems FM est une nouvelle man\u0153uvre du gouvernement pour asphyxier et accentuer la pression sur les m\u00e9dias. D&rsquo;autres se demandent m\u00eame \u00e0 quand le retour de\u2026 Cyrine Ben Ali, apr\u00e8s celui de Bhoury. <\/p>\n<p>D&rsquo;autre part, il se murmure que la licence de Shems FM serait au nom de F. Bhoury, qui en est, d&rsquo;ailleurs, aussi, actionnaire de la radio. Ce qui fait, de lui, le DG \u00ab\u00a0naturel\u00a0\u00bb de Shems FM&#8230;<\/p>\n","protected":false},"excerpt":{"rendered":"<p>Fethi Bhoury de retour \u00e0 la t\u00eate de Shems FM <\/p>\n","protected":false},"author":3222,"featured_media":334061,"comment_status":"open","ping_status":"closed","sticky":false,"template":"","format":"standard","meta":{"footnotes":""},"categories":[44],"tags":[],"class_list":["post-172184","post","type-post","status-publish","format-standard","has-post-thumbnail","hentry","category-national"],"yoast_head":"<!-- This site is optimized with the Yoast SEO Premium plugin v27.5 (Yoast SEO v27.5) - https:\/\/yoast.com\/product\/yoast-seo-premium-wordpress\/ -->\n<title>Fethi Bhoury de retour \u00e0 la t\u00eate de Shems FM<\/title>\n<meta name=\"description\" content=\"Fethi Bhoury de retour \u00e0 la t\u00eate de Shems FM\" \/>\n<link rel=\"canonical\" href=\"https:\/\/www.webdo.tn\/fr\/actualite\/national\/fethi-bhoury-de-retour-a-la-tete-de-shems-fm\/172184\/\" \/>\n<meta property=\"og:locale\" content=\"fr_FR\" \/>\n<meta property=\"og:type\" content=\"article\" \/>\n<meta property=\"og:title\" content=\"Fethi Bhoury de retour \u00e0 la t\u00eate de Shems FM\" \/>\n<meta property=\"og:description\" content=\"Fethi Bhoury de retour \u00e0 la t\u00eate de Shems FM\" \/>\n<meta property=\"og:url\" content=\"https:\/\/www.webdo.tn\/fr\/actualite\/national\/fethi-bhoury-de-retour-a-la-tete-de-shems-fm\/172184\/\" \/>\n<meta property=\"og:site_name\" content=\"webdo\" \/>\n<meta property=\"article:publisher\" content=\"https:\/\/www.facebook.com\/webdotn\" \/>\n<meta property=\"article:published_time\" content=\"2012-02-22T20:08:00+00:00\" \/>\n<meta property=\"article:modified_time\" content=\"2025-06-04T19:00:04+00:00\" \/>\n<meta property=\"og:image\" content=\"https:\/\/www.webdo.tn\/fr\/wp-content\/uploads\/2012\/02\/Fethi-Bhouri.jpg\" \/>\n\t<meta property=\"og:image:width\" content=\"183\" \/>\n\t<meta property=\"og:image:height\" content=\"152\" \/>\n\t<meta property=\"og:image:type\" content=\"image\/jpeg\" \/>\n<meta name=\"author\" content=\"webdo.tn\" \/>\n<meta name=\"twitter:card\" content=\"summary_large_image\" \/>\n<meta name=\"twitter:creator\" content=\"@webdo_tn\" \/>\n<meta name=\"twitter:site\" content=\"@webdo_tn\" \/>\n<meta name=\"twitter:label1\" content=\"\u00c9crit par\" \/>\n\t<meta name=\"twitter:data1\" content=\"webdo.tn\" \/>\n\t<meta name=\"twitter:label2\" content=\"Dur\u00e9e de lecture estim\u00e9e\" \/>\n\t<meta name=\"twitter:data2\" content=\"1 minute\" \/>\n<script type=\"application\/ld+json\" class=\"yoast-schema-graph\">{\"@context\":\"https:\\\/\\\/schema.org\",\"@graph\":[{\"@type\":\"NewsArticle\",\"@id\":\"https:\\\/\\\/www.webdo.tn\\\/fr\\\/actualite\\\/national\\\/fethi-bhoury-de-retour-a-la-tete-de-shems-fm\\\/172184\\\/#article\",\"isPartOf\":{\"@id\":\"https:\\\/\\\/www.webdo.tn\\\/fr\\\/actualite\\\/national\\\/fethi-bhoury-de-retour-a-la-tete-de-shems-fm\\\/172184\\\/\"},\"author\":{\"name\":\"webdo.tn\",\"@id\":\"https:\\\/\\\/www.webdo.tn\\\/fr\\\/#\\\/schema\\\/person\\\/9a9c6118d687c117df8ef3cc36a4d175\"},\"headline\":\"Fethi Bhoury de retour \u00e0 la t\u00eate de Shems FM\",\"datePublished\":\"2012-02-22T20:08:00+00:00\",\"dateModified\":\"2025-06-04T19:00:04+00:00\",\"mainEntityOfPage\":{\"@id\":\"https:\\\/\\\/www.webdo.tn\\\/fr\\\/actualite\\\/national\\\/fethi-bhoury-de-retour-a-la-tete-de-shems-fm\\\/172184\\\/\"},\"wordCount\":289,\"commentCount\":0,\"publisher\":{\"@id\":\"https:\\\/\\\/www.webdo.tn\\\/fr\\\/#organization\"},\"image\":{\"@id\":\"https:\\\/\\\/www.webdo.tn\\\/fr\\\/actualite\\\/national\\\/fethi-bhoury-de-retour-a-la-tete-de-shems-fm\\\/172184\\\/#primaryimage\"},\"thumbnailUrl\":\"https:\\\/\\\/www.webdo.tn\\\/fr\\\/wp-content\\\/uploads\\\/2012\\\/02\\\/Fethi-Bhouri.jpg\",\"articleSection\":[\"National\"],\"inLanguage\":\"fr-FR\"},{\"@type\":\"WebPage\",\"@id\":\"https:\\\/\\\/www.webdo.tn\\\/fr\\\/actualite\\\/national\\\/fethi-bhoury-de-retour-a-la-tete-de-shems-fm\\\/172184\\\/\",\"url\":\"https:\\\/\\\/www.webdo.tn\\\/fr\\\/actualite\\\/national\\\/fethi-bhoury-de-retour-a-la-tete-de-shems-fm\\\/172184\\\/\",\"name\":\"Fethi Bhoury de retour \u00e0 la t\u00eate de Shems FM\",\"isPartOf\":{\"@id\":\"https:\\\/\\\/www.webdo.tn\\\/fr\\\/#website\"},\"primaryImageOfPage\":{\"@id\":\"https:\\\/\\\/www.webdo.tn\\\/fr\\\/actualite\\\/national\\\/fethi-bhoury-de-retour-a-la-tete-de-shems-fm\\\/172184\\\/#primaryimage\"},\"image\":{\"@id\":\"https:\\\/\\\/www.webdo.tn\\\/fr\\\/actualite\\\/national\\\/fethi-bhoury-de-retour-a-la-tete-de-shems-fm\\\/172184\\\/#primaryimage\"},\"thumbnailUrl\":\"https:\\\/\\\/www.webdo.tn\\\/fr\\\/wp-content\\\/uploads\\\/2012\\\/02\\\/Fethi-Bhouri.jpg\",\"datePublished\":\"2012-02-22T20:08:00+00:00\",\"dateModified\":\"2025-06-04T19:00:04+00:00\",\"description\":\"Fethi Bhoury de retour \u00e0 la t\u00eate de Shems FM\",\"breadcrumb\":{\"@id\":\"https:\\\/\\\/www.webdo.tn\\\/fr\\\/actualite\\\/national\\\/fethi-bhoury-de-retour-a-la-tete-de-shems-fm\\\/172184\\\/#breadcrumb\"},\"inLanguage\":\"fr-FR\",\"potentialAction\":[{\"@type\":\"ReadAction\",\"target\":[\"https:\\\/\\\/www.webdo.tn\\\/fr\\\/actualite\\\/national\\\/fethi-bhoury-de-retour-a-la-tete-de-shems-fm\\\/172184\\\/\"]}]},{\"@type\":\"ImageObject\",\"inLanguage\":\"fr-FR\",\"@id\":\"https:\\\/\\\/www.webdo.tn\\\/fr\\\/actualite\\\/national\\\/fethi-bhoury-de-retour-a-la-tete-de-shems-fm\\\/172184\\\/#primaryimage\",\"url\":\"https:\\\/\\\/www.webdo.tn\\\/fr\\\/wp-content\\\/uploads\\\/2012\\\/02\\\/Fethi-Bhouri.jpg\",\"contentUrl\":\"https:\\\/\\\/www.webdo.tn\\\/fr\\\/wp-content\\\/uploads\\\/2012\\\/02\\\/Fethi-Bhouri.jpg\",\"width\":183,\"height\":152,\"caption\":\"Fethi Bhoury de retour \u00e0 la t\u00eate de Shems FM\"},{\"@type\":\"BreadcrumbList\",\"@id\":\"https:\\\/\\\/www.webdo.tn\\\/fr\\\/actualite\\\/national\\\/fethi-bhoury-de-retour-a-la-tete-de-shems-fm\\\/172184\\\/#breadcrumb\",\"itemListElement\":[{\"@type\":\"ListItem\",\"position\":1,\"name\":\"Accueil\",\"item\":\"https:\\\/\\\/www.webdo.tn\\\/fr\\\/\"},{\"@type\":\"ListItem\",\"position\":2,\"name\":\"Fethi Bhoury de retour \u00e0 la t\u00eate de Shems FM\"}]},{\"@type\":\"WebSite\",\"@id\":\"https:\\\/\\\/www.webdo.tn\\\/fr\\\/#website\",\"url\":\"https:\\\/\\\/www.webdo.tn\\\/fr\\\/\",\"name\":\"webdo\",\"description\":\"Tunisie - News en Tunisie et \u00e0 l&#039;international sur Webdo.tn\",\"publisher\":{\"@id\":\"https:\\\/\\\/www.webdo.tn\\\/fr\\\/#organization\"},\"potentialAction\":[{\"@type\":\"SearchAction\",\"target\":{\"@type\":\"EntryPoint\",\"urlTemplate\":\"https:\\\/\\\/www.webdo.tn\\\/fr\\\/?s={search_term_string}\"},\"query-input\":{\"@type\":\"PropertyValueSpecification\",\"valueRequired\":true,\"valueName\":\"search_term_string\"}}],\"inLanguage\":\"fr-FR\"},{\"@type\":\"Organization\",\"@id\":\"https:\\\/\\\/www.webdo.tn\\\/fr\\\/#organization\",\"name\":\"Webdo\",\"alternateName\":\"Webdo.tn\",\"url\":\"https:\\\/\\\/www.webdo.tn\\\/fr\\\/\",\"logo\":{\"@type\":\"ImageObject\",\"inLanguage\":\"fr-FR\",\"@id\":\"https:\\\/\\\/www.webdo.tn\\\/fr\\\/#\\\/schema\\\/logo\\\/image\\\/\",\"url\":\"https:\\\/\\\/www.webdo.tn\\\/fr\\\/wp-content\\\/uploads\\\/2025\\\/06\\\/Webdo-Tunisie_168377.jpg\",\"contentUrl\":\"https:\\\/\\\/www.webdo.tn\\\/fr\\\/wp-content\\\/uploads\\\/2025\\\/06\\\/Webdo-Tunisie_168377.jpg\",\"width\":301,\"height\":301,\"caption\":\"Webdo\"},\"image\":{\"@id\":\"https:\\\/\\\/www.webdo.tn\\\/fr\\\/#\\\/schema\\\/logo\\\/image\\\/\"},\"sameAs\":[\"https:\\\/\\\/www.facebook.com\\\/webdotn\",\"https:\\\/\\\/x.com\\\/webdo_tn\"],\"description\":\"Webdo est un m\u00e9dia num\u00e9rique tunisien fond\u00e9 en 2010, sp\u00e9cialis\u00e9 dans l\u2019actualit\u00e9 nationale et internationale, l\u2019\u00e9conomie, la soci\u00e9t\u00e9 et les analyses politiques. Le site s\u2019adresse \u00e0 un large public francophone et couvre l\u2019information tunisienne en temps r\u00e9el.\",\"email\":\"redac@webdo.tn\",\"legalName\":\"YNJ SARL\",\"foundingDate\":\"2010-09-06\",\"numberOfEmployees\":{\"@type\":\"QuantitativeValue\",\"minValue\":\"11\",\"maxValue\":\"50\"}},{\"@type\":\"Person\",\"@id\":\"https:\\\/\\\/www.webdo.tn\\\/fr\\\/#\\\/schema\\\/person\\\/9a9c6118d687c117df8ef3cc36a4d175\",\"name\":\"webdo.tn\",\"image\":{\"@type\":\"ImageObject\",\"inLanguage\":\"fr-FR\",\"@id\":\"https:\\\/\\\/secure.gravatar.com\\\/avatar\\\/7ce1f28c0c3bbac99ff550b85ef8e44a6950c6ee24514fb6a5489e51d06f0298?s=96&d=mm&r=g\",\"url\":\"https:\\\/\\\/secure.gravatar.com\\\/avatar\\\/7ce1f28c0c3bbac99ff550b85ef8e44a6950c6ee24514fb6a5489e51d06f0298?s=96&d=mm&r=g\",\"contentUrl\":\"https:\\\/\\\/secure.gravatar.com\\\/avatar\\\/7ce1f28c0c3bbac99ff550b85ef8e44a6950c6ee24514fb6a5489e51d06f0298?s=96&d=mm&r=g\",\"caption\":\"webdo.tn\"},\"url\":\"https:\\\/\\\/www.webdo.tn\\\/fr\\\/actualite\\\/author\\\/webdotn\\\/\"}]}<\/script>\n<!-- \/ Yoast SEO Premium plugin. -->","yoast_head_json":{"title":"Fethi Bhoury de retour \u00e0 la t\u00eate de Shems FM","description":"Fethi Bhoury de retour \u00e0 la t\u00eate de Shems FM","canonical":"https:\/\/www.webdo.tn\/fr\/actualite\/national\/fethi-bhoury-de-retour-a-la-tete-de-shems-fm\/172184\/","og_locale":"fr_FR","og_type":"article","og_title":"Fethi Bhoury de retour \u00e0 la t\u00eate de Shems FM","og_description":"Fethi Bhoury de retour \u00e0 la t\u00eate de Shems FM","og_url":"https:\/\/www.webdo.tn\/fr\/actualite\/national\/fethi-bhoury-de-retour-a-la-tete-de-shems-fm\/172184\/","og_site_name":"webdo","article_publisher":"https:\/\/www.facebook.com\/webdotn","article_published_time":"2012-02-22T20:08:00+00:00","article_modified_time":"2025-06-04T19:00:04+00:00","og_image":[{"width":183,"height":152,"url":"https:\/\/www.webdo.tn\/fr\/wp-content\/uploads\/2012\/02\/Fethi-Bhouri.jpg","type":"image\/jpeg"}],"author":"webdo.tn","twitter_card":"summary_large_image","twitter_creator":"@webdo_tn","twitter_site":"@webdo_tn","twitter_misc":{"\u00c9crit par":"webdo.tn","Dur\u00e9e de lecture estim\u00e9e":"1 minute"},"schema":{"@context":"https:\/\/schema.org","@graph":[{"@type":"NewsArticle","@id":"https:\/\/www.webdo.tn\/fr\/actualite\/national\/fethi-bhoury-de-retour-a-la-tete-de-shems-fm\/172184\/#article","isPartOf":{"@id":"https:\/\/www.webdo.tn\/fr\/actualite\/national\/fethi-bhoury-de-retour-a-la-tete-de-shems-fm\/172184\/"},"author":{"name":"webdo.tn","@id":"https:\/\/www.webdo.tn\/fr\/#\/schema\/person\/9a9c6118d687c117df8ef3cc36a4d175"},"headline":"Fethi Bhoury de retour \u00e0 la t\u00eate de Shems FM","datePublished":"2012-02-22T20:08:00+00:00","dateModified":"2025-06-04T19:00:04+00:00","mainEntityOfPage":{"@id":"https:\/\/www.webdo.tn\/fr\/actualite\/national\/fethi-bhoury-de-retour-a-la-tete-de-shems-fm\/172184\/"},"wordCount":289,"commentCount":0,"publisher":{"@id":"https:\/\/www.webdo.tn\/fr\/#organization"},"image":{"@id":"https:\/\/www.webdo.tn\/fr\/actualite\/national\/fethi-bhoury-de-retour-a-la-tete-de-shems-fm\/172184\/#primaryimage"},"thumbnailUrl":"https:\/\/www.webdo.tn\/fr\/wp-content\/uploads\/2012\/02\/Fethi-Bhouri.jpg","articleSection":["National"],"inLanguage":"fr-FR"},{"@type":"WebPage","@id":"https:\/\/www.webdo.tn\/fr\/actualite\/national\/fethi-bhoury-de-retour-a-la-tete-de-shems-fm\/172184\/","url":"https:\/\/www.webdo.tn\/fr\/actualite\/national\/fethi-bhoury-de-retour-a-la-tete-de-shems-fm\/172184\/","name":"Fethi Bhoury de retour \u00e0 la t\u00eate de Shems FM","isPartOf":{"@id":"https:\/\/www.webdo.tn\/fr\/#website"},"primaryImageOfPage":{"@id":"https:\/\/www.webdo.tn\/fr\/actualite\/national\/fethi-bhoury-de-retour-a-la-tete-de-shems-fm\/172184\/#primaryimage"},"image":{"@id":"https:\/\/www.webdo.tn\/fr\/actualite\/national\/fethi-bhoury-de-retour-a-la-tete-de-shems-fm\/172184\/#primaryimage"},"thumbnailUrl":"https:\/\/www.webdo.tn\/fr\/wp-content\/uploads\/2012\/02\/Fethi-Bhouri.jpg","datePublished":"2012-02-22T20:08:00+00:00","dateModified":"2025-06-04T19:00:04+00:00","description":"Fethi Bhoury de retour \u00e0 la t\u00eate de Shems FM","breadcrumb":{"@id":"https:\/\/www.webdo.tn\/fr\/actualite\/national\/fethi-bhoury-de-retour-a-la-tete-de-shems-fm\/172184\/#breadcrumb"},"inLanguage":"fr-FR","potentialAction":[{"@type":"ReadAction","target":["https:\/\/www.webdo.tn\/fr\/actualite\/national\/fethi-bhoury-de-retour-a-la-tete-de-shems-fm\/172184\/"]}]},{"@type":"ImageObject","inLanguage":"fr-FR","@id":"https:\/\/www.webdo.tn\/fr\/actualite\/national\/fethi-bhoury-de-retour-a-la-tete-de-shems-fm\/172184\/#primaryimage","url":"https:\/\/www.webdo.tn\/fr\/wp-content\/uploads\/2012\/02\/Fethi-Bhouri.jpg","contentUrl":"https:\/\/www.webdo.tn\/fr\/wp-content\/uploads\/2012\/02\/Fethi-Bhouri.jpg","width":183,"height":152,"caption":"Fethi Bhoury de retour \u00e0 la t\u00eate de Shems FM"},{"@type":"BreadcrumbList","@id":"https:\/\/www.webdo.tn\/fr\/actualite\/national\/fethi-bhoury-de-retour-a-la-tete-de-shems-fm\/172184\/#breadcrumb","itemListElement":[{"@type":"ListItem","position":1,"name":"Accueil","item":"https:\/\/www.webdo.tn\/fr\/"},{"@type":"ListItem","position":2,"name":"Fethi Bhoury de retour \u00e0 la t\u00eate de Shems FM"}]},{"@type":"WebSite","@id":"https:\/\/www.webdo.tn\/fr\/#website","url":"https:\/\/www.webdo.tn\/fr\/","name":"webdo","description":"Tunisie - News en Tunisie et \u00e0 l&#039;international sur Webdo.tn","publisher":{"@id":"https:\/\/www.webdo.tn\/fr\/#organization"},"potentialAction":[{"@type":"SearchAction","target":{"@type":"EntryPoint","urlTemplate":"https:\/\/www.webdo.tn\/fr\/?s={search_term_string}"},"query-input":{"@type":"PropertyValueSpecification","valueRequired":true,"valueName":"search_term_string"}}],"inLanguage":"fr-FR"},{"@type":"Organization","@id":"https:\/\/www.webdo.tn\/fr\/#organization","name":"Webdo","alternateName":"Webdo.tn","url":"https:\/\/www.webdo.tn\/fr\/","logo":{"@type":"ImageObject","inLanguage":"fr-FR","@id":"https:\/\/www.webdo.tn\/fr\/#\/schema\/logo\/image\/","url":"https:\/\/www.webdo.tn\/fr\/wp-content\/uploads\/2025\/06\/Webdo-Tunisie_168377.jpg","contentUrl":"https:\/\/www.webdo.tn\/fr\/wp-content\/uploads\/2025\/06\/Webdo-Tunisie_168377.jpg","width":301,"height":301,"caption":"Webdo"},"image":{"@id":"https:\/\/www.webdo.tn\/fr\/#\/schema\/logo\/image\/"},"sameAs":["https:\/\/www.facebook.com\/webdotn","https:\/\/x.com\/webdo_tn"],"description":"Webdo est un m\u00e9dia num\u00e9rique tunisien fond\u00e9 en 2010, sp\u00e9cialis\u00e9 dans l\u2019actualit\u00e9 nationale et internationale, l\u2019\u00e9conomie, la soci\u00e9t\u00e9 et les analyses politiques. Le site s\u2019adresse \u00e0 un large public francophone et couvre l\u2019information tunisienne en temps r\u00e9el.","email":"redac@webdo.tn","legalName":"YNJ SARL","foundingDate":"2010-09-06","numberOfEmployees":{"@type":"QuantitativeValue","minValue":"11","maxValue":"50"}},{"@type":"Person","@id":"https:\/\/www.webdo.tn\/fr\/#\/schema\/person\/9a9c6118d687c117df8ef3cc36a4d175","name":"webdo.tn","image":{"@type":"ImageObject","inLanguage":"fr-FR","@id":"https:\/\/secure.gravatar.com\/avatar\/7ce1f28c0c3bbac99ff550b85ef8e44a6950c6ee24514fb6a5489e51d06f0298?s=96&d=mm&r=g","url":"https:\/\/secure.gravatar.com\/avatar\/7ce1f28c0c3bbac99ff550b85ef8e44a6950c6ee24514fb6a5489e51d06f0298?s=96&d=mm&r=g","contentUrl":"https:\/\/secure.gravatar.com\/avatar\/7ce1f28c0c3bbac99ff550b85ef8e44a6950c6ee24514fb6a5489e51d06f0298?s=96&d=mm&r=g","caption":"webdo.tn"},"url":"https:\/\/www.webdo.tn\/fr\/actualite\/author\/webdotn\/"}]}},"_links":{"self":[{"href":"https:\/\/www.webdo.tn\/fr\/wp-json\/wp\/v2\/posts\/172184","targetHints":{"allow":["GET"]}}],"collection":[{"href":"https:\/\/www.webdo.tn\/fr\/wp-json\/wp\/v2\/posts"}],"about":[{"href":"https:\/\/www.webdo.tn\/fr\/wp-json\/wp\/v2\/types\/post"}],"author":[{"embeddable":true,"href":"https:\/\/www.webdo.tn\/fr\/wp-json\/wp\/v2\/users\/3222"}],"replies":[{"embeddable":true,"href":"https:\/\/www.webdo.tn\/fr\/wp-json\/wp\/v2\/comments?post=172184"}],"version-history":[{"count":0,"href":"https:\/\/www.webdo.tn\/fr\/wp-json\/wp\/v2\/posts\/172184\/revisions"}],"wp:featuredmedia":[{"embeddable":true,"href":"https:\/\/www.webdo.tn\/fr\/wp-json\/wp\/v2\/media\/334061"}],"wp:attachment":[{"href":"https:\/\/www.webdo.tn\/fr\/wp-json\/wp\/v2\/media?parent=172184"}],"wp:term":[{"taxonomy":"category","embeddable":true,"href":"https:\/\/www.webdo.tn\/fr\/wp-json\/wp\/v2\/categories?post=172184"},{"taxonomy":"post_tag","embeddable":true,"href":"https:\/\/www.webdo.tn\/fr\/wp-json\/wp\/v2\/tags?post=172184"}],"curies":[{"name":"wp","href":"https:\/\/api.w.org\/{rel}","templated":true}]}}