{"id":172183,"date":"2012-02-23T11:24:00","date_gmt":"2012-02-23T11:24:00","guid":{"rendered":"https:\/\/www.webdo.tn\/fr\/blog\/effets-pervers-de-l-affaire-ettounsia-sur-le-tourisme-allemand-en-tunisie\/172183\/"},"modified":"2025-06-04T19:00:00","modified_gmt":"2025-06-04T19:00:00","slug":"effets-pervers-de-l-affaire-ettounsia-sur-le-tourisme-allemand-en-tunisie","status":"publish","type":"post","link":"https:\/\/www.webdo.tn\/fr\/actualite\/national\/effets-pervers-de-l-affaire-ettounsia-sur-le-tourisme-allemand-en-tunisie\/172183\/","title":{"rendered":"Effets pervers de l\u2019affaire Ettounsia sur le tourisme allemand en Tunisie"},"content":{"rendered":"<p>Alors que la justice se penche aujourd\u2019hui sur l\u2019affaire du directeur du journal \u00ab Ettounsia \u00bb emprisonn\u00e9 pour avoir publi\u00e9 une photo montrant un footballeur d\u2019origine tunisienne accompagn\u00e9 d\u2019un mannequin d\u00e9nud\u00e9, les passions se d\u00e9chainent.<\/p>\n<p>Mise \u00e0 jour : Le tribunal de premi\u00e8re instance de Tunis a mis, aujourd&rsquo;hui, en libert\u00e9 provisoire Nasereddine Ben Sa\u00efda, en attendant l\u2019audience de 8 mars prochain.<\/p>\n<p>Les instances nationales et internationales se sont saisies de l\u2019affaire et multiplient les prises de position.<\/p>\n<p>Pour la F\u00e9d\u00e9ration internationale des Journalistes, c\u2019est l\u2019inqui\u00e9tude qui a \u00e9t\u00e9 exprim\u00e9e au gouvernement tunisien. Pour l\u2019INRIC, il s\u2019agit d\u2019une d\u00e9cision politique et l\u2019incarc\u00e9ration du directeur d\u2019Ettounsia risque de d\u00e9boucher sur un proc\u00e8s politique.<\/p>\n<p>Pour le Conseil national ind\u00e9pendant pour l\u2019information (CNIIC), c\u2019est le rejet cat\u00e9gorique de l\u2019emprisonnement ou l\u2019agression de tout journaliste qui est mis en exergue.<\/p>\n<p>En effet, si des journalistes sont jug\u00e9s en vertu du Code p\u00e9nal, cela constitue un retour aux proc\u00e8s politiques.<\/p>\n<p>C\u2019est cette ligne de d\u00e9fense qui est \u00e9galement celle des avocats de Nasreddine Ben Sa\u00efda qui plaideront le non-lieu.<\/p>\n<p>Effet pervers de cette affaire : elle porte un nouveau coup au tourisme tunisien qui titube et se retrouve encore une fois \u00e0 genoux.<\/p>\n<p>En effet, la photo reproduite par le journal \u00ab Ettounsia \u00bb est d\u2019abord parue dans une publication allemande.<\/p>\n<p>Et les remous impliqu\u00e9s par cette affaire ont achev\u00e9 de d\u00e9cr\u00e9dibiliser pour les touristes allemands la destination Tunisie car notre pays donne l\u2019image d\u2019une terre qui plonge dans l\u2019int\u00e9grisme.<\/p>\n<p>D\u2019ailleurs, reprenant cette information, les grands m\u00e9dias internationaux ont soulign\u00e9 que toute cette affaire est \u00ab le fait du gouvernement islamiste \u00bb qui dirige la Tunisie.<\/p>\n<p>Sur les r\u00e9seaux internet, par exemple l\u2019anglophone \u00ab Yahoo mektoob \u00bb, il est par ailleurs notable de constater que plusieurs \u00c9miratis prennent clairement position contre le journaliste tunisien. Toutefois, c\u2019est l\u2019incompr\u00e9hension qui domine et le sentiment que l\u2019image de la Tunisie est en chute libre\u2026<\/p>\n","protected":false},"excerpt":{"rendered":"<p>Effets pervers de l\u2019affaire Ettounsia sur le tourisme allemand en Tunisie <\/p>\n","protected":false},"author":3222,"featured_media":374682,"comment_status":"open","ping_status":"closed","sticky":false,"template":"","format":"standard","meta":{"footnotes":""},"categories":[44],"tags":[],"class_list":["post-172183","post","type-post","status-publish","format-standard","has-post-thumbnail","hentry","category-national"],"yoast_head":"<!-- This site is optimized with the Yoast SEO Premium plugin v27.5 (Yoast SEO v27.5) - https:\/\/yoast.com\/product\/yoast-seo-premium-wordpress\/ -->\n<title>Effets pervers de l\u2019affaire Ettounsia sur le tourisme allemand en Tunisie<\/title>\n<meta name=\"description\" content=\"Effets pervers de l\u2019affaire Ettounsia sur le tourisme allemand en Tunisie\" \/>\n<link rel=\"canonical\" href=\"https:\/\/www.webdo.tn\/fr\/actualite\/national\/effets-pervers-de-l-affaire-ettounsia-sur-le-tourisme-allemand-en-tunisie\/172183\/\" \/>\n<meta property=\"og:locale\" content=\"fr_FR\" \/>\n<meta property=\"og:type\" content=\"article\" \/>\n<meta property=\"og:title\" content=\"Effets pervers de l\u2019affaire Ettounsia sur le tourisme allemand en Tunisie\" \/>\n<meta property=\"og:description\" content=\"Effets pervers de l\u2019affaire Ettounsia sur le tourisme allemand en Tunisie\" \/>\n<meta property=\"og:url\" content=\"https:\/\/www.webdo.tn\/fr\/actualite\/national\/effets-pervers-de-l-affaire-ettounsia-sur-le-tourisme-allemand-en-tunisie\/172183\/\" \/>\n<meta property=\"og:site_name\" content=\"webdo\" \/>\n<meta property=\"article:publisher\" content=\"https:\/\/www.facebook.com\/webdotn\" \/>\n<meta property=\"article:published_time\" content=\"2012-02-23T11:24:00+00:00\" \/>\n<meta property=\"article:modified_time\" content=\"2025-06-04T19:00:00+00:00\" \/>\n<meta name=\"author\" content=\"webdo.tn\" \/>\n<meta name=\"twitter:card\" content=\"summary_large_image\" \/>\n<meta name=\"twitter:creator\" content=\"@webdo_tn\" \/>\n<meta name=\"twitter:site\" content=\"@webdo_tn\" \/>\n<meta name=\"twitter:label1\" content=\"\u00c9crit par\" \/>\n\t<meta name=\"twitter:data1\" content=\"webdo.tn\" \/>\n\t<meta name=\"twitter:label2\" content=\"Dur\u00e9e de lecture estim\u00e9e\" \/>\n\t<meta name=\"twitter:data2\" content=\"2 minutes\" \/>\n<script type=\"application\/ld+json\" class=\"yoast-schema-graph\">{\"@context\":\"https:\\\/\\\/schema.org\",\"@graph\":[{\"@type\":\"NewsArticle\",\"@id\":\"https:\\\/\\\/www.webdo.tn\\\/fr\\\/actualite\\\/national\\\/effets-pervers-de-l-affaire-ettounsia-sur-le-tourisme-allemand-en-tunisie\\\/172183\\\/#article\",\"isPartOf\":{\"@id\":\"https:\\\/\\\/www.webdo.tn\\\/fr\\\/actualite\\\/national\\\/effets-pervers-de-l-affaire-ettounsia-sur-le-tourisme-allemand-en-tunisie\\\/172183\\\/\"},\"author\":{\"name\":\"webdo.tn\",\"@id\":\"https:\\\/\\\/www.webdo.tn\\\/fr\\\/#\\\/schema\\\/person\\\/9a9c6118d687c117df8ef3cc36a4d175\"},\"headline\":\"Effets pervers de l\u2019affaire Ettounsia sur le tourisme allemand en Tunisie\",\"datePublished\":\"2012-02-23T11:24:00+00:00\",\"dateModified\":\"2025-06-04T19:00:00+00:00\",\"mainEntityOfPage\":{\"@id\":\"https:\\\/\\\/www.webdo.tn\\\/fr\\\/actualite\\\/national\\\/effets-pervers-de-l-affaire-ettounsia-sur-le-tourisme-allemand-en-tunisie\\\/172183\\\/\"},\"wordCount\":369,\"commentCount\":0,\"publisher\":{\"@id\":\"https:\\\/\\\/www.webdo.tn\\\/fr\\\/#organization\"},\"image\":{\"@id\":\"https:\\\/\\\/www.webdo.tn\\\/fr\\\/actualite\\\/national\\\/effets-pervers-de-l-affaire-ettounsia-sur-le-tourisme-allemand-en-tunisie\\\/172183\\\/#primaryimage\"},\"thumbnailUrl\":\"https:\\\/\\\/www.webdo.tn\\\/fr\\\/wp-content\\\/uploads\\\/2025\\\/06\\\/Une-photo-de-Sami-Khedia-posant-avec-sa-fiancee-a-la-une-dAttounissia-du-15-fevrier-2012_172183.jpg\",\"articleSection\":[\"National\"],\"inLanguage\":\"fr-FR\"},{\"@type\":\"WebPage\",\"@id\":\"https:\\\/\\\/www.webdo.tn\\\/fr\\\/actualite\\\/national\\\/effets-pervers-de-l-affaire-ettounsia-sur-le-tourisme-allemand-en-tunisie\\\/172183\\\/\",\"url\":\"https:\\\/\\\/www.webdo.tn\\\/fr\\\/actualite\\\/national\\\/effets-pervers-de-l-affaire-ettounsia-sur-le-tourisme-allemand-en-tunisie\\\/172183\\\/\",\"name\":\"Effets pervers de l\u2019affaire Ettounsia sur le tourisme allemand en Tunisie\",\"isPartOf\":{\"@id\":\"https:\\\/\\\/www.webdo.tn\\\/fr\\\/#website\"},\"primaryImageOfPage\":{\"@id\":\"https:\\\/\\\/www.webdo.tn\\\/fr\\\/actualite\\\/national\\\/effets-pervers-de-l-affaire-ettounsia-sur-le-tourisme-allemand-en-tunisie\\\/172183\\\/#primaryimage\"},\"image\":{\"@id\":\"https:\\\/\\\/www.webdo.tn\\\/fr\\\/actualite\\\/national\\\/effets-pervers-de-l-affaire-ettounsia-sur-le-tourisme-allemand-en-tunisie\\\/172183\\\/#primaryimage\"},\"thumbnailUrl\":\"https:\\\/\\\/www.webdo.tn\\\/fr\\\/wp-content\\\/uploads\\\/2025\\\/06\\\/Une-photo-de-Sami-Khedia-posant-avec-sa-fiancee-a-la-une-dAttounissia-du-15-fevrier-2012_172183.jpg\",\"datePublished\":\"2012-02-23T11:24:00+00:00\",\"dateModified\":\"2025-06-04T19:00:00+00:00\",\"description\":\"Effets pervers de l\u2019affaire Ettounsia sur le tourisme allemand en Tunisie\",\"breadcrumb\":{\"@id\":\"https:\\\/\\\/www.webdo.tn\\\/fr\\\/actualite\\\/national\\\/effets-pervers-de-l-affaire-ettounsia-sur-le-tourisme-allemand-en-tunisie\\\/172183\\\/#breadcrumb\"},\"inLanguage\":\"fr-FR\",\"potentialAction\":[{\"@type\":\"ReadAction\",\"target\":[\"https:\\\/\\\/www.webdo.tn\\\/fr\\\/actualite\\\/national\\\/effets-pervers-de-l-affaire-ettounsia-sur-le-tourisme-allemand-en-tunisie\\\/172183\\\/\"]}]},{\"@type\":\"ImageObject\",\"inLanguage\":\"fr-FR\",\"@id\":\"https:\\\/\\\/www.webdo.tn\\\/fr\\\/actualite\\\/national\\\/effets-pervers-de-l-affaire-ettounsia-sur-le-tourisme-allemand-en-tunisie\\\/172183\\\/#primaryimage\",\"url\":\"https:\\\/\\\/www.webdo.tn\\\/fr\\\/wp-content\\\/uploads\\\/2025\\\/06\\\/Une-photo-de-Sami-Khedia-posant-avec-sa-fiancee-a-la-une-dAttounissia-du-15-fevrier-2012_172183.jpg\",\"contentUrl\":\"https:\\\/\\\/www.webdo.tn\\\/fr\\\/wp-content\\\/uploads\\\/2025\\\/06\\\/Une-photo-de-Sami-Khedia-posant-avec-sa-fiancee-a-la-une-dAttounissia-du-15-fevrier-2012_172183.jpg\",\"width\":246,\"height\":352,\"caption\":\"Effets pervers de l\u2019affaire Ettounsia sur le tourisme allemand en Tunisie\"},{\"@type\":\"BreadcrumbList\",\"@id\":\"https:\\\/\\\/www.webdo.tn\\\/fr\\\/actualite\\\/national\\\/effets-pervers-de-l-affaire-ettounsia-sur-le-tourisme-allemand-en-tunisie\\\/172183\\\/#breadcrumb\",\"itemListElement\":[{\"@type\":\"ListItem\",\"position\":1,\"name\":\"Accueil\",\"item\":\"https:\\\/\\\/www.webdo.tn\\\/fr\\\/\"},{\"@type\":\"ListItem\",\"position\":2,\"name\":\"Effets pervers de l\u2019affaire Ettounsia sur le tourisme allemand en Tunisie\"}]},{\"@type\":\"WebSite\",\"@id\":\"https:\\\/\\\/www.webdo.tn\\\/fr\\\/#website\",\"url\":\"https:\\\/\\\/www.webdo.tn\\\/fr\\\/\",\"name\":\"webdo\",\"description\":\"Tunisie - News en Tunisie et \u00e0 l&#039;international sur Webdo.tn\",\"publisher\":{\"@id\":\"https:\\\/\\\/www.webdo.tn\\\/fr\\\/#organization\"},\"potentialAction\":[{\"@type\":\"SearchAction\",\"target\":{\"@type\":\"EntryPoint\",\"urlTemplate\":\"https:\\\/\\\/www.webdo.tn\\\/fr\\\/?s={search_term_string}\"},\"query-input\":{\"@type\":\"PropertyValueSpecification\",\"valueRequired\":true,\"valueName\":\"search_term_string\"}}],\"inLanguage\":\"fr-FR\"},{\"@type\":\"Organization\",\"@id\":\"https:\\\/\\\/www.webdo.tn\\\/fr\\\/#organization\",\"name\":\"Webdo\",\"alternateName\":\"Webdo.tn\",\"url\":\"https:\\\/\\\/www.webdo.tn\\\/fr\\\/\",\"logo\":{\"@type\":\"ImageObject\",\"inLanguage\":\"fr-FR\",\"@id\":\"https:\\\/\\\/www.webdo.tn\\\/fr\\\/#\\\/schema\\\/logo\\\/image\\\/\",\"url\":\"https:\\\/\\\/www.webdo.tn\\\/fr\\\/wp-content\\\/uploads\\\/2025\\\/06\\\/Webdo-Tunisie_168377.jpg\",\"contentUrl\":\"https:\\\/\\\/www.webdo.tn\\\/fr\\\/wp-content\\\/uploads\\\/2025\\\/06\\\/Webdo-Tunisie_168377.jpg\",\"width\":301,\"height\":301,\"caption\":\"Webdo\"},\"image\":{\"@id\":\"https:\\\/\\\/www.webdo.tn\\\/fr\\\/#\\\/schema\\\/logo\\\/image\\\/\"},\"sameAs\":[\"https:\\\/\\\/www.facebook.com\\\/webdotn\",\"https:\\\/\\\/x.com\\\/webdo_tn\"],\"description\":\"Webdo est un m\u00e9dia num\u00e9rique tunisien fond\u00e9 en 2010, sp\u00e9cialis\u00e9 dans l\u2019actualit\u00e9 nationale et internationale, l\u2019\u00e9conomie, la soci\u00e9t\u00e9 et les analyses politiques. Le site s\u2019adresse \u00e0 un large public francophone et couvre l\u2019information tunisienne en temps r\u00e9el.\",\"email\":\"redac@webdo.tn\",\"legalName\":\"YNJ SARL\",\"foundingDate\":\"2010-09-06\",\"numberOfEmployees\":{\"@type\":\"QuantitativeValue\",\"minValue\":\"11\",\"maxValue\":\"50\"}},{\"@type\":\"Person\",\"@id\":\"https:\\\/\\\/www.webdo.tn\\\/fr\\\/#\\\/schema\\\/person\\\/9a9c6118d687c117df8ef3cc36a4d175\",\"name\":\"webdo.tn\",\"image\":{\"@type\":\"ImageObject\",\"inLanguage\":\"fr-FR\",\"@id\":\"https:\\\/\\\/secure.gravatar.com\\\/avatar\\\/7ce1f28c0c3bbac99ff550b85ef8e44a6950c6ee24514fb6a5489e51d06f0298?s=96&d=mm&r=g\",\"url\":\"https:\\\/\\\/secure.gravatar.com\\\/avatar\\\/7ce1f28c0c3bbac99ff550b85ef8e44a6950c6ee24514fb6a5489e51d06f0298?s=96&d=mm&r=g\",\"contentUrl\":\"https:\\\/\\\/secure.gravatar.com\\\/avatar\\\/7ce1f28c0c3bbac99ff550b85ef8e44a6950c6ee24514fb6a5489e51d06f0298?s=96&d=mm&r=g\",\"caption\":\"webdo.tn\"},\"url\":\"https:\\\/\\\/www.webdo.tn\\\/fr\\\/actualite\\\/author\\\/webdotn\\\/\"}]}<\/script>\n<!-- \/ Yoast SEO Premium plugin. -->","yoast_head_json":{"title":"Effets pervers de l\u2019affaire Ettounsia sur le tourisme allemand en Tunisie","description":"Effets pervers de l\u2019affaire Ettounsia sur le tourisme allemand en Tunisie","canonical":"https:\/\/www.webdo.tn\/fr\/actualite\/national\/effets-pervers-de-l-affaire-ettounsia-sur-le-tourisme-allemand-en-tunisie\/172183\/","og_locale":"fr_FR","og_type":"article","og_title":"Effets pervers de l\u2019affaire Ettounsia sur le tourisme allemand en Tunisie","og_description":"Effets pervers de l\u2019affaire Ettounsia sur le tourisme allemand en Tunisie","og_url":"https:\/\/www.webdo.tn\/fr\/actualite\/national\/effets-pervers-de-l-affaire-ettounsia-sur-le-tourisme-allemand-en-tunisie\/172183\/","og_site_name":"webdo","article_publisher":"https:\/\/www.facebook.com\/webdotn","article_published_time":"2012-02-23T11:24:00+00:00","article_modified_time":"2025-06-04T19:00:00+00:00","author":"webdo.tn","twitter_card":"summary_large_image","twitter_creator":"@webdo_tn","twitter_site":"@webdo_tn","twitter_misc":{"\u00c9crit par":"webdo.tn","Dur\u00e9e de lecture estim\u00e9e":"2 minutes"},"schema":{"@context":"https:\/\/schema.org","@graph":[{"@type":"NewsArticle","@id":"https:\/\/www.webdo.tn\/fr\/actualite\/national\/effets-pervers-de-l-affaire-ettounsia-sur-le-tourisme-allemand-en-tunisie\/172183\/#article","isPartOf":{"@id":"https:\/\/www.webdo.tn\/fr\/actualite\/national\/effets-pervers-de-l-affaire-ettounsia-sur-le-tourisme-allemand-en-tunisie\/172183\/"},"author":{"name":"webdo.tn","@id":"https:\/\/www.webdo.tn\/fr\/#\/schema\/person\/9a9c6118d687c117df8ef3cc36a4d175"},"headline":"Effets pervers de l\u2019affaire Ettounsia sur le tourisme allemand en Tunisie","datePublished":"2012-02-23T11:24:00+00:00","dateModified":"2025-06-04T19:00:00+00:00","mainEntityOfPage":{"@id":"https:\/\/www.webdo.tn\/fr\/actualite\/national\/effets-pervers-de-l-affaire-ettounsia-sur-le-tourisme-allemand-en-tunisie\/172183\/"},"wordCount":369,"commentCount":0,"publisher":{"@id":"https:\/\/www.webdo.tn\/fr\/#organization"},"image":{"@id":"https:\/\/www.webdo.tn\/fr\/actualite\/national\/effets-pervers-de-l-affaire-ettounsia-sur-le-tourisme-allemand-en-tunisie\/172183\/#primaryimage"},"thumbnailUrl":"https:\/\/www.webdo.tn\/fr\/wp-content\/uploads\/2025\/06\/Une-photo-de-Sami-Khedia-posant-avec-sa-fiancee-a-la-une-dAttounissia-du-15-fevrier-2012_172183.jpg","articleSection":["National"],"inLanguage":"fr-FR"},{"@type":"WebPage","@id":"https:\/\/www.webdo.tn\/fr\/actualite\/national\/effets-pervers-de-l-affaire-ettounsia-sur-le-tourisme-allemand-en-tunisie\/172183\/","url":"https:\/\/www.webdo.tn\/fr\/actualite\/national\/effets-pervers-de-l-affaire-ettounsia-sur-le-tourisme-allemand-en-tunisie\/172183\/","name":"Effets pervers de l\u2019affaire Ettounsia sur le tourisme allemand en Tunisie","isPartOf":{"@id":"https:\/\/www.webdo.tn\/fr\/#website"},"primaryImageOfPage":{"@id":"https:\/\/www.webdo.tn\/fr\/actualite\/national\/effets-pervers-de-l-affaire-ettounsia-sur-le-tourisme-allemand-en-tunisie\/172183\/#primaryimage"},"image":{"@id":"https:\/\/www.webdo.tn\/fr\/actualite\/national\/effets-pervers-de-l-affaire-ettounsia-sur-le-tourisme-allemand-en-tunisie\/172183\/#primaryimage"},"thumbnailUrl":"https:\/\/www.webdo.tn\/fr\/wp-content\/uploads\/2025\/06\/Une-photo-de-Sami-Khedia-posant-avec-sa-fiancee-a-la-une-dAttounissia-du-15-fevrier-2012_172183.jpg","datePublished":"2012-02-23T11:24:00+00:00","dateModified":"2025-06-04T19:00:00+00:00","description":"Effets pervers de l\u2019affaire Ettounsia sur le tourisme allemand en Tunisie","breadcrumb":{"@id":"https:\/\/www.webdo.tn\/fr\/actualite\/national\/effets-pervers-de-l-affaire-ettounsia-sur-le-tourisme-allemand-en-tunisie\/172183\/#breadcrumb"},"inLanguage":"fr-FR","potentialAction":[{"@type":"ReadAction","target":["https:\/\/www.webdo.tn\/fr\/actualite\/national\/effets-pervers-de-l-affaire-ettounsia-sur-le-tourisme-allemand-en-tunisie\/172183\/"]}]},{"@type":"ImageObject","inLanguage":"fr-FR","@id":"https:\/\/www.webdo.tn\/fr\/actualite\/national\/effets-pervers-de-l-affaire-ettounsia-sur-le-tourisme-allemand-en-tunisie\/172183\/#primaryimage","url":"https:\/\/www.webdo.tn\/fr\/wp-content\/uploads\/2025\/06\/Une-photo-de-Sami-Khedia-posant-avec-sa-fiancee-a-la-une-dAttounissia-du-15-fevrier-2012_172183.jpg","contentUrl":"https:\/\/www.webdo.tn\/fr\/wp-content\/uploads\/2025\/06\/Une-photo-de-Sami-Khedia-posant-avec-sa-fiancee-a-la-une-dAttounissia-du-15-fevrier-2012_172183.jpg","width":246,"height":352,"caption":"Effets pervers de l\u2019affaire Ettounsia sur le tourisme allemand en Tunisie"},{"@type":"BreadcrumbList","@id":"https:\/\/www.webdo.tn\/fr\/actualite\/national\/effets-pervers-de-l-affaire-ettounsia-sur-le-tourisme-allemand-en-tunisie\/172183\/#breadcrumb","itemListElement":[{"@type":"ListItem","position":1,"name":"Accueil","item":"https:\/\/www.webdo.tn\/fr\/"},{"@type":"ListItem","position":2,"name":"Effets pervers de l\u2019affaire Ettounsia sur le tourisme allemand en Tunisie"}]},{"@type":"WebSite","@id":"https:\/\/www.webdo.tn\/fr\/#website","url":"https:\/\/www.webdo.tn\/fr\/","name":"webdo","description":"Tunisie - News en Tunisie et \u00e0 l&#039;international sur Webdo.tn","publisher":{"@id":"https:\/\/www.webdo.tn\/fr\/#organization"},"potentialAction":[{"@type":"SearchAction","target":{"@type":"EntryPoint","urlTemplate":"https:\/\/www.webdo.tn\/fr\/?s={search_term_string}"},"query-input":{"@type":"PropertyValueSpecification","valueRequired":true,"valueName":"search_term_string"}}],"inLanguage":"fr-FR"},{"@type":"Organization","@id":"https:\/\/www.webdo.tn\/fr\/#organization","name":"Webdo","alternateName":"Webdo.tn","url":"https:\/\/www.webdo.tn\/fr\/","logo":{"@type":"ImageObject","inLanguage":"fr-FR","@id":"https:\/\/www.webdo.tn\/fr\/#\/schema\/logo\/image\/","url":"https:\/\/www.webdo.tn\/fr\/wp-content\/uploads\/2025\/06\/Webdo-Tunisie_168377.jpg","contentUrl":"https:\/\/www.webdo.tn\/fr\/wp-content\/uploads\/2025\/06\/Webdo-Tunisie_168377.jpg","width":301,"height":301,"caption":"Webdo"},"image":{"@id":"https:\/\/www.webdo.tn\/fr\/#\/schema\/logo\/image\/"},"sameAs":["https:\/\/www.facebook.com\/webdotn","https:\/\/x.com\/webdo_tn"],"description":"Webdo est un m\u00e9dia num\u00e9rique tunisien fond\u00e9 en 2010, sp\u00e9cialis\u00e9 dans l\u2019actualit\u00e9 nationale et internationale, l\u2019\u00e9conomie, la soci\u00e9t\u00e9 et les analyses politiques. Le site s\u2019adresse \u00e0 un large public francophone et couvre l\u2019information tunisienne en temps r\u00e9el.","email":"redac@webdo.tn","legalName":"YNJ SARL","foundingDate":"2010-09-06","numberOfEmployees":{"@type":"QuantitativeValue","minValue":"11","maxValue":"50"}},{"@type":"Person","@id":"https:\/\/www.webdo.tn\/fr\/#\/schema\/person\/9a9c6118d687c117df8ef3cc36a4d175","name":"webdo.tn","image":{"@type":"ImageObject","inLanguage":"fr-FR","@id":"https:\/\/secure.gravatar.com\/avatar\/7ce1f28c0c3bbac99ff550b85ef8e44a6950c6ee24514fb6a5489e51d06f0298?s=96&d=mm&r=g","url":"https:\/\/secure.gravatar.com\/avatar\/7ce1f28c0c3bbac99ff550b85ef8e44a6950c6ee24514fb6a5489e51d06f0298?s=96&d=mm&r=g","contentUrl":"https:\/\/secure.gravatar.com\/avatar\/7ce1f28c0c3bbac99ff550b85ef8e44a6950c6ee24514fb6a5489e51d06f0298?s=96&d=mm&r=g","caption":"webdo.tn"},"url":"https:\/\/www.webdo.tn\/fr\/actualite\/author\/webdotn\/"}]}},"_links":{"self":[{"href":"https:\/\/www.webdo.tn\/fr\/wp-json\/wp\/v2\/posts\/172183","targetHints":{"allow":["GET"]}}],"collection":[{"href":"https:\/\/www.webdo.tn\/fr\/wp-json\/wp\/v2\/posts"}],"about":[{"href":"https:\/\/www.webdo.tn\/fr\/wp-json\/wp\/v2\/types\/post"}],"author":[{"embeddable":true,"href":"https:\/\/www.webdo.tn\/fr\/wp-json\/wp\/v2\/users\/3222"}],"replies":[{"embeddable":true,"href":"https:\/\/www.webdo.tn\/fr\/wp-json\/wp\/v2\/comments?post=172183"}],"version-history":[{"count":0,"href":"https:\/\/www.webdo.tn\/fr\/wp-json\/wp\/v2\/posts\/172183\/revisions"}],"wp:featuredmedia":[{"embeddable":true,"href":"https:\/\/www.webdo.tn\/fr\/wp-json\/wp\/v2\/media\/374682"}],"wp:attachment":[{"href":"https:\/\/www.webdo.tn\/fr\/wp-json\/wp\/v2\/media?parent=172183"}],"wp:term":[{"taxonomy":"category","embeddable":true,"href":"https:\/\/www.webdo.tn\/fr\/wp-json\/wp\/v2\/categories?post=172183"},{"taxonomy":"post_tag","embeddable":true,"href":"https:\/\/www.webdo.tn\/fr\/wp-json\/wp\/v2\/tags?post=172183"}],"curies":[{"name":"wp","href":"https:\/\/api.w.org\/{rel}","templated":true}]}}