{"id":172182,"date":"2012-02-23T11:37:00","date_gmt":"2012-02-23T11:37:00","guid":{"rendered":"https:\/\/www.webdo.tn\/fr\/blog\/la-fievre-tariq-ramadan-marhaba-ou-degage\/172182\/"},"modified":"2025-06-04T19:00:06","modified_gmt":"2025-06-04T19:00:06","slug":"la-fievre-tariq-ramadan-marhaba-ou-degage","status":"publish","type":"post","link":"https:\/\/www.webdo.tn\/fr\/actualite\/national\/la-fievre-tariq-ramadan-marhaba-ou-degage\/172182\/","title":{"rendered":"La fi\u00e8vre Tariq Ramadan : \u00abMarhaba\u00bb ou \u00abD\u00e9gage\u00bb ?"},"content":{"rendered":"<p>Apr\u00e8s la visite controvers\u00e9e du pr\u00e9dicateur int\u00e9griste Wajdi Ghenim, Tunis s\u2019appr\u00eate \u00e0 accueillir cette semaine un autre porte-voix de l\u2019Islam politique en la personne de Tariq Ramadan que ses d\u00e9tracteurs qualifient de \u00ab khouanji francophone \u00bb.<\/p>\n<p>Si Wajdi Ghenim a r\u00e9uni 7000 supporters au stade d\u2019El Menzah, c\u2019est un palais des congr\u00e8s plein \u00e0 craquer qui devrait ovationner Ramadan.<\/p>\n<p>En effet, depuis quelques jours, on s\u2019arrache les cartons d\u2019acc\u00e8s \u00e0 la conf\u00e9rence qu\u2019 y donnera Tariq Ramadan.<\/p>\n<p>C\u2019est une v\u00e9ritable Ramadanmania qui semble s\u2019\u00eatre empar\u00e9e du public qui connait bien cet intellectuel m\u00e9diatique suisse d\u2019origine \u00e9gyptienne dont les fans se comptent par milliers si l\u2019on se r\u00e9f\u00e8re \u00e0 la fi\u00e8vre qui entoure sa visite prochaine.<\/p>\n<p>Tariq Ramadan rencontrera ses audiences \u00e0 trois reprises : le samedi \u00e0 17h \u00e0 Beit el Hikma puis le dimanche \u00e0 11h \u00e0 la galerie El Kitab (La Marsa) et 15h au palais des congr\u00e8s.<\/p>\n<p>Quant aux d\u00e9tracteurs de Ramadan, ils rongent leur frein et tentent d\u2019alerter l\u2019opinion sur les positions de cet intellectuel, petit-fils de Hassen el Benna, fondateur de la confr\u00e9rie des Fr\u00e8res musulmans.<\/p>\n<p>Certains vont m\u00eame jusqu\u2019\u00e0 affirmer que la venue de Ramadan est une nouvelle ruse d\u2019Ennahdha qui permettait de pr\u00e9senter un visage et des th\u00e8ses plus pr\u00e9sentables au public apr\u00e8s le show Ghenim.<\/p>\n<p>D\u2019autres soutiennent que la tourn\u00e9e de Ramadan en Tunisie est financ\u00e9e par le Qatar (cet \u00e9mirat est consomm\u00e9 \u00e0 toutes les sauces !) et que le sponsor de l\u2019op\u00e9ration, Global Net, ne serait pas exempt de tout calcul politicien.<\/p>\n<p>Alors qu\u2019une nouvelle fois se d\u00e9chaine les passions, Ramadan est en tout cas assur\u00e9 de faire salle comble \u00e0 chacune de ses prestations.<\/p>\n<p>\u00c0 titre de rappel, Ramadan est l\u2019auteur de plusieurs ouvrages dont \u00ab Les musulmans dans la la\u00efcit\u00e9 \u00bb qui le r\u00e9v\u00e9la en 1994, \u00ab Mon intime conviction \u00bb (2009) et \u00ab L\u2019Islam et le r\u00e9veil arabe \u00bb (2011).<\/p>\n<p>Souvent accus\u00e9 de d\u00e9velopper un double langage, Tariq Ramadan devra maintenant convaincre un public tunisien qui semble toutefois lui \u00eatre d\u00e9j\u00e0 acquis.<\/p>\n","protected":false},"excerpt":{"rendered":"<p>La fi\u00e8vre Tariq Ramadan : \u00abMarhaba\u00bb ou \u00abD\u00e9gage\u00bb ? <\/p>\n","protected":false},"author":3222,"featured_media":334063,"comment_status":"open","ping_status":"closed","sticky":false,"template":"","format":"standard","meta":{"footnotes":""},"categories":[44],"tags":[],"class_list":["post-172182","post","type-post","status-publish","format-standard","has-post-thumbnail","hentry","category-national"],"yoast_head":"<!-- This site is optimized with the Yoast SEO Premium plugin v27.5 (Yoast SEO v27.5) - https:\/\/yoast.com\/product\/yoast-seo-premium-wordpress\/ -->\n<title>La fi\u00e8vre Tariq Ramadan : \u00abMarhaba\u00bb ou \u00abD\u00e9gage\u00bb ?<\/title>\n<meta name=\"description\" content=\"La fi\u00e8vre Tariq Ramadan : \u00abMarhaba\u00bb ou \u00abD\u00e9gage\u00bb ?\" \/>\n<link rel=\"canonical\" href=\"https:\/\/www.webdo.tn\/fr\/actualite\/national\/la-fievre-tariq-ramadan-marhaba-ou-degage\/172182\/\" \/>\n<meta property=\"og:locale\" content=\"fr_FR\" \/>\n<meta property=\"og:type\" content=\"article\" \/>\n<meta property=\"og:title\" content=\"La fi\u00e8vre Tariq Ramadan : \u00abMarhaba\u00bb ou \u00abD\u00e9gage\u00bb ?\" \/>\n<meta property=\"og:description\" content=\"La fi\u00e8vre Tariq Ramadan : \u00abMarhaba\u00bb ou \u00abD\u00e9gage\u00bb ?\" \/>\n<meta property=\"og:url\" content=\"https:\/\/www.webdo.tn\/fr\/actualite\/national\/la-fievre-tariq-ramadan-marhaba-ou-degage\/172182\/\" \/>\n<meta property=\"og:site_name\" content=\"webdo\" \/>\n<meta property=\"article:publisher\" content=\"https:\/\/www.facebook.com\/webdotn\" \/>\n<meta property=\"article:published_time\" content=\"2012-02-23T11:37:00+00:00\" \/>\n<meta property=\"article:modified_time\" content=\"2025-06-04T19:00:06+00:00\" \/>\n<meta property=\"og:image\" content=\"https:\/\/www.webdo.tn\/fr\/wp-content\/uploads\/2012\/02\/Tariq-Ramadan-photo-Wikipedia-Joshua-Sherurcij.jpg\" \/>\n\t<meta property=\"og:image:width\" content=\"263\" \/>\n\t<meta property=\"og:image:height\" content=\"187\" \/>\n\t<meta property=\"og:image:type\" content=\"image\/jpeg\" \/>\n<meta name=\"author\" content=\"webdo.tn\" \/>\n<meta name=\"twitter:card\" content=\"summary_large_image\" \/>\n<meta name=\"twitter:creator\" content=\"@webdo_tn\" \/>\n<meta name=\"twitter:site\" content=\"@webdo_tn\" \/>\n<meta name=\"twitter:label1\" content=\"\u00c9crit par\" \/>\n\t<meta name=\"twitter:data1\" content=\"webdo.tn\" \/>\n\t<meta name=\"twitter:label2\" content=\"Dur\u00e9e de lecture estim\u00e9e\" \/>\n\t<meta name=\"twitter:data2\" content=\"2 minutes\" \/>\n<script type=\"application\/ld+json\" class=\"yoast-schema-graph\">{\"@context\":\"https:\\\/\\\/schema.org\",\"@graph\":[{\"@type\":\"NewsArticle\",\"@id\":\"https:\\\/\\\/www.webdo.tn\\\/fr\\\/actualite\\\/national\\\/la-fievre-tariq-ramadan-marhaba-ou-degage\\\/172182\\\/#article\",\"isPartOf\":{\"@id\":\"https:\\\/\\\/www.webdo.tn\\\/fr\\\/actualite\\\/national\\\/la-fievre-tariq-ramadan-marhaba-ou-degage\\\/172182\\\/\"},\"author\":{\"name\":\"webdo.tn\",\"@id\":\"https:\\\/\\\/www.webdo.tn\\\/fr\\\/#\\\/schema\\\/person\\\/9a9c6118d687c117df8ef3cc36a4d175\"},\"headline\":\"La fi\u00e8vre Tariq Ramadan : \u00abMarhaba\u00bb ou \u00abD\u00e9gage\u00bb ?\",\"datePublished\":\"2012-02-23T11:37:00+00:00\",\"dateModified\":\"2025-06-04T19:00:06+00:00\",\"mainEntityOfPage\":{\"@id\":\"https:\\\/\\\/www.webdo.tn\\\/fr\\\/actualite\\\/national\\\/la-fievre-tariq-ramadan-marhaba-ou-degage\\\/172182\\\/\"},\"wordCount\":371,\"commentCount\":0,\"publisher\":{\"@id\":\"https:\\\/\\\/www.webdo.tn\\\/fr\\\/#organization\"},\"image\":{\"@id\":\"https:\\\/\\\/www.webdo.tn\\\/fr\\\/actualite\\\/national\\\/la-fievre-tariq-ramadan-marhaba-ou-degage\\\/172182\\\/#primaryimage\"},\"thumbnailUrl\":\"https:\\\/\\\/www.webdo.tn\\\/fr\\\/wp-content\\\/uploads\\\/2012\\\/02\\\/Tariq-Ramadan-photo-Wikipedia-Joshua-Sherurcij.jpg\",\"articleSection\":[\"National\"],\"inLanguage\":\"fr-FR\"},{\"@type\":\"WebPage\",\"@id\":\"https:\\\/\\\/www.webdo.tn\\\/fr\\\/actualite\\\/national\\\/la-fievre-tariq-ramadan-marhaba-ou-degage\\\/172182\\\/\",\"url\":\"https:\\\/\\\/www.webdo.tn\\\/fr\\\/actualite\\\/national\\\/la-fievre-tariq-ramadan-marhaba-ou-degage\\\/172182\\\/\",\"name\":\"La fi\u00e8vre Tariq Ramadan : \u00abMarhaba\u00bb ou \u00abD\u00e9gage\u00bb ?\",\"isPartOf\":{\"@id\":\"https:\\\/\\\/www.webdo.tn\\\/fr\\\/#website\"},\"primaryImageOfPage\":{\"@id\":\"https:\\\/\\\/www.webdo.tn\\\/fr\\\/actualite\\\/national\\\/la-fievre-tariq-ramadan-marhaba-ou-degage\\\/172182\\\/#primaryimage\"},\"image\":{\"@id\":\"https:\\\/\\\/www.webdo.tn\\\/fr\\\/actualite\\\/national\\\/la-fievre-tariq-ramadan-marhaba-ou-degage\\\/172182\\\/#primaryimage\"},\"thumbnailUrl\":\"https:\\\/\\\/www.webdo.tn\\\/fr\\\/wp-content\\\/uploads\\\/2012\\\/02\\\/Tariq-Ramadan-photo-Wikipedia-Joshua-Sherurcij.jpg\",\"datePublished\":\"2012-02-23T11:37:00+00:00\",\"dateModified\":\"2025-06-04T19:00:06+00:00\",\"description\":\"La fi\u00e8vre Tariq Ramadan : \u00abMarhaba\u00bb ou \u00abD\u00e9gage\u00bb ?\",\"breadcrumb\":{\"@id\":\"https:\\\/\\\/www.webdo.tn\\\/fr\\\/actualite\\\/national\\\/la-fievre-tariq-ramadan-marhaba-ou-degage\\\/172182\\\/#breadcrumb\"},\"inLanguage\":\"fr-FR\",\"potentialAction\":[{\"@type\":\"ReadAction\",\"target\":[\"https:\\\/\\\/www.webdo.tn\\\/fr\\\/actualite\\\/national\\\/la-fievre-tariq-ramadan-marhaba-ou-degage\\\/172182\\\/\"]}]},{\"@type\":\"ImageObject\",\"inLanguage\":\"fr-FR\",\"@id\":\"https:\\\/\\\/www.webdo.tn\\\/fr\\\/actualite\\\/national\\\/la-fievre-tariq-ramadan-marhaba-ou-degage\\\/172182\\\/#primaryimage\",\"url\":\"https:\\\/\\\/www.webdo.tn\\\/fr\\\/wp-content\\\/uploads\\\/2012\\\/02\\\/Tariq-Ramadan-photo-Wikipedia-Joshua-Sherurcij.jpg\",\"contentUrl\":\"https:\\\/\\\/www.webdo.tn\\\/fr\\\/wp-content\\\/uploads\\\/2012\\\/02\\\/Tariq-Ramadan-photo-Wikipedia-Joshua-Sherurcij.jpg\",\"width\":263,\"height\":187,\"caption\":\"La fi\u00e8vre Tariq Ramadan : \u00abMarhaba\u00bb ou \u00abD\u00e9gage\u00bb ?\"},{\"@type\":\"BreadcrumbList\",\"@id\":\"https:\\\/\\\/www.webdo.tn\\\/fr\\\/actualite\\\/national\\\/la-fievre-tariq-ramadan-marhaba-ou-degage\\\/172182\\\/#breadcrumb\",\"itemListElement\":[{\"@type\":\"ListItem\",\"position\":1,\"name\":\"Accueil\",\"item\":\"https:\\\/\\\/www.webdo.tn\\\/fr\\\/\"},{\"@type\":\"ListItem\",\"position\":2,\"name\":\"La fi\u00e8vre Tariq Ramadan : \u00abMarhaba\u00bb ou \u00abD\u00e9gage\u00bb ?\"}]},{\"@type\":\"WebSite\",\"@id\":\"https:\\\/\\\/www.webdo.tn\\\/fr\\\/#website\",\"url\":\"https:\\\/\\\/www.webdo.tn\\\/fr\\\/\",\"name\":\"webdo\",\"description\":\"Tunisie - News en Tunisie et \u00e0 l&#039;international sur Webdo.tn\",\"publisher\":{\"@id\":\"https:\\\/\\\/www.webdo.tn\\\/fr\\\/#organization\"},\"potentialAction\":[{\"@type\":\"SearchAction\",\"target\":{\"@type\":\"EntryPoint\",\"urlTemplate\":\"https:\\\/\\\/www.webdo.tn\\\/fr\\\/?s={search_term_string}\"},\"query-input\":{\"@type\":\"PropertyValueSpecification\",\"valueRequired\":true,\"valueName\":\"search_term_string\"}}],\"inLanguage\":\"fr-FR\"},{\"@type\":\"Organization\",\"@id\":\"https:\\\/\\\/www.webdo.tn\\\/fr\\\/#organization\",\"name\":\"Webdo\",\"alternateName\":\"Webdo.tn\",\"url\":\"https:\\\/\\\/www.webdo.tn\\\/fr\\\/\",\"logo\":{\"@type\":\"ImageObject\",\"inLanguage\":\"fr-FR\",\"@id\":\"https:\\\/\\\/www.webdo.tn\\\/fr\\\/#\\\/schema\\\/logo\\\/image\\\/\",\"url\":\"https:\\\/\\\/www.webdo.tn\\\/fr\\\/wp-content\\\/uploads\\\/2025\\\/06\\\/Webdo-Tunisie_168377.jpg\",\"contentUrl\":\"https:\\\/\\\/www.webdo.tn\\\/fr\\\/wp-content\\\/uploads\\\/2025\\\/06\\\/Webdo-Tunisie_168377.jpg\",\"width\":301,\"height\":301,\"caption\":\"Webdo\"},\"image\":{\"@id\":\"https:\\\/\\\/www.webdo.tn\\\/fr\\\/#\\\/schema\\\/logo\\\/image\\\/\"},\"sameAs\":[\"https:\\\/\\\/www.facebook.com\\\/webdotn\",\"https:\\\/\\\/x.com\\\/webdo_tn\"],\"description\":\"Webdo est un m\u00e9dia num\u00e9rique tunisien fond\u00e9 en 2010, sp\u00e9cialis\u00e9 dans l\u2019actualit\u00e9 nationale et internationale, l\u2019\u00e9conomie, la soci\u00e9t\u00e9 et les analyses politiques. Le site s\u2019adresse \u00e0 un large public francophone et couvre l\u2019information tunisienne en temps r\u00e9el.\",\"email\":\"redac@webdo.tn\",\"legalName\":\"YNJ SARL\",\"foundingDate\":\"2010-09-06\",\"numberOfEmployees\":{\"@type\":\"QuantitativeValue\",\"minValue\":\"11\",\"maxValue\":\"50\"}},{\"@type\":\"Person\",\"@id\":\"https:\\\/\\\/www.webdo.tn\\\/fr\\\/#\\\/schema\\\/person\\\/9a9c6118d687c117df8ef3cc36a4d175\",\"name\":\"webdo.tn\",\"image\":{\"@type\":\"ImageObject\",\"inLanguage\":\"fr-FR\",\"@id\":\"https:\\\/\\\/secure.gravatar.com\\\/avatar\\\/7ce1f28c0c3bbac99ff550b85ef8e44a6950c6ee24514fb6a5489e51d06f0298?s=96&d=mm&r=g\",\"url\":\"https:\\\/\\\/secure.gravatar.com\\\/avatar\\\/7ce1f28c0c3bbac99ff550b85ef8e44a6950c6ee24514fb6a5489e51d06f0298?s=96&d=mm&r=g\",\"contentUrl\":\"https:\\\/\\\/secure.gravatar.com\\\/avatar\\\/7ce1f28c0c3bbac99ff550b85ef8e44a6950c6ee24514fb6a5489e51d06f0298?s=96&d=mm&r=g\",\"caption\":\"webdo.tn\"},\"url\":\"https:\\\/\\\/www.webdo.tn\\\/fr\\\/actualite\\\/author\\\/webdotn\\\/\"}]}<\/script>\n<!-- \/ Yoast SEO Premium plugin. -->","yoast_head_json":{"title":"La fi\u00e8vre Tariq Ramadan : \u00abMarhaba\u00bb ou \u00abD\u00e9gage\u00bb ?","description":"La fi\u00e8vre Tariq Ramadan : \u00abMarhaba\u00bb ou \u00abD\u00e9gage\u00bb ?","canonical":"https:\/\/www.webdo.tn\/fr\/actualite\/national\/la-fievre-tariq-ramadan-marhaba-ou-degage\/172182\/","og_locale":"fr_FR","og_type":"article","og_title":"La fi\u00e8vre Tariq Ramadan : \u00abMarhaba\u00bb ou \u00abD\u00e9gage\u00bb ?","og_description":"La fi\u00e8vre Tariq Ramadan : \u00abMarhaba\u00bb ou \u00abD\u00e9gage\u00bb ?","og_url":"https:\/\/www.webdo.tn\/fr\/actualite\/national\/la-fievre-tariq-ramadan-marhaba-ou-degage\/172182\/","og_site_name":"webdo","article_publisher":"https:\/\/www.facebook.com\/webdotn","article_published_time":"2012-02-23T11:37:00+00:00","article_modified_time":"2025-06-04T19:00:06+00:00","og_image":[{"width":263,"height":187,"url":"https:\/\/www.webdo.tn\/fr\/wp-content\/uploads\/2012\/02\/Tariq-Ramadan-photo-Wikipedia-Joshua-Sherurcij.jpg","type":"image\/jpeg"}],"author":"webdo.tn","twitter_card":"summary_large_image","twitter_creator":"@webdo_tn","twitter_site":"@webdo_tn","twitter_misc":{"\u00c9crit par":"webdo.tn","Dur\u00e9e de lecture estim\u00e9e":"2 minutes"},"schema":{"@context":"https:\/\/schema.org","@graph":[{"@type":"NewsArticle","@id":"https:\/\/www.webdo.tn\/fr\/actualite\/national\/la-fievre-tariq-ramadan-marhaba-ou-degage\/172182\/#article","isPartOf":{"@id":"https:\/\/www.webdo.tn\/fr\/actualite\/national\/la-fievre-tariq-ramadan-marhaba-ou-degage\/172182\/"},"author":{"name":"webdo.tn","@id":"https:\/\/www.webdo.tn\/fr\/#\/schema\/person\/9a9c6118d687c117df8ef3cc36a4d175"},"headline":"La fi\u00e8vre Tariq Ramadan : \u00abMarhaba\u00bb ou \u00abD\u00e9gage\u00bb ?","datePublished":"2012-02-23T11:37:00+00:00","dateModified":"2025-06-04T19:00:06+00:00","mainEntityOfPage":{"@id":"https:\/\/www.webdo.tn\/fr\/actualite\/national\/la-fievre-tariq-ramadan-marhaba-ou-degage\/172182\/"},"wordCount":371,"commentCount":0,"publisher":{"@id":"https:\/\/www.webdo.tn\/fr\/#organization"},"image":{"@id":"https:\/\/www.webdo.tn\/fr\/actualite\/national\/la-fievre-tariq-ramadan-marhaba-ou-degage\/172182\/#primaryimage"},"thumbnailUrl":"https:\/\/www.webdo.tn\/fr\/wp-content\/uploads\/2012\/02\/Tariq-Ramadan-photo-Wikipedia-Joshua-Sherurcij.jpg","articleSection":["National"],"inLanguage":"fr-FR"},{"@type":"WebPage","@id":"https:\/\/www.webdo.tn\/fr\/actualite\/national\/la-fievre-tariq-ramadan-marhaba-ou-degage\/172182\/","url":"https:\/\/www.webdo.tn\/fr\/actualite\/national\/la-fievre-tariq-ramadan-marhaba-ou-degage\/172182\/","name":"La fi\u00e8vre Tariq Ramadan : \u00abMarhaba\u00bb ou \u00abD\u00e9gage\u00bb ?","isPartOf":{"@id":"https:\/\/www.webdo.tn\/fr\/#website"},"primaryImageOfPage":{"@id":"https:\/\/www.webdo.tn\/fr\/actualite\/national\/la-fievre-tariq-ramadan-marhaba-ou-degage\/172182\/#primaryimage"},"image":{"@id":"https:\/\/www.webdo.tn\/fr\/actualite\/national\/la-fievre-tariq-ramadan-marhaba-ou-degage\/172182\/#primaryimage"},"thumbnailUrl":"https:\/\/www.webdo.tn\/fr\/wp-content\/uploads\/2012\/02\/Tariq-Ramadan-photo-Wikipedia-Joshua-Sherurcij.jpg","datePublished":"2012-02-23T11:37:00+00:00","dateModified":"2025-06-04T19:00:06+00:00","description":"La fi\u00e8vre Tariq Ramadan : \u00abMarhaba\u00bb ou \u00abD\u00e9gage\u00bb ?","breadcrumb":{"@id":"https:\/\/www.webdo.tn\/fr\/actualite\/national\/la-fievre-tariq-ramadan-marhaba-ou-degage\/172182\/#breadcrumb"},"inLanguage":"fr-FR","potentialAction":[{"@type":"ReadAction","target":["https:\/\/www.webdo.tn\/fr\/actualite\/national\/la-fievre-tariq-ramadan-marhaba-ou-degage\/172182\/"]}]},{"@type":"ImageObject","inLanguage":"fr-FR","@id":"https:\/\/www.webdo.tn\/fr\/actualite\/national\/la-fievre-tariq-ramadan-marhaba-ou-degage\/172182\/#primaryimage","url":"https:\/\/www.webdo.tn\/fr\/wp-content\/uploads\/2012\/02\/Tariq-Ramadan-photo-Wikipedia-Joshua-Sherurcij.jpg","contentUrl":"https:\/\/www.webdo.tn\/fr\/wp-content\/uploads\/2012\/02\/Tariq-Ramadan-photo-Wikipedia-Joshua-Sherurcij.jpg","width":263,"height":187,"caption":"La fi\u00e8vre Tariq Ramadan : \u00abMarhaba\u00bb ou \u00abD\u00e9gage\u00bb ?"},{"@type":"BreadcrumbList","@id":"https:\/\/www.webdo.tn\/fr\/actualite\/national\/la-fievre-tariq-ramadan-marhaba-ou-degage\/172182\/#breadcrumb","itemListElement":[{"@type":"ListItem","position":1,"name":"Accueil","item":"https:\/\/www.webdo.tn\/fr\/"},{"@type":"ListItem","position":2,"name":"La fi\u00e8vre Tariq Ramadan : \u00abMarhaba\u00bb ou \u00abD\u00e9gage\u00bb ?"}]},{"@type":"WebSite","@id":"https:\/\/www.webdo.tn\/fr\/#website","url":"https:\/\/www.webdo.tn\/fr\/","name":"webdo","description":"Tunisie - News en Tunisie et \u00e0 l&#039;international sur Webdo.tn","publisher":{"@id":"https:\/\/www.webdo.tn\/fr\/#organization"},"potentialAction":[{"@type":"SearchAction","target":{"@type":"EntryPoint","urlTemplate":"https:\/\/www.webdo.tn\/fr\/?s={search_term_string}"},"query-input":{"@type":"PropertyValueSpecification","valueRequired":true,"valueName":"search_term_string"}}],"inLanguage":"fr-FR"},{"@type":"Organization","@id":"https:\/\/www.webdo.tn\/fr\/#organization","name":"Webdo","alternateName":"Webdo.tn","url":"https:\/\/www.webdo.tn\/fr\/","logo":{"@type":"ImageObject","inLanguage":"fr-FR","@id":"https:\/\/www.webdo.tn\/fr\/#\/schema\/logo\/image\/","url":"https:\/\/www.webdo.tn\/fr\/wp-content\/uploads\/2025\/06\/Webdo-Tunisie_168377.jpg","contentUrl":"https:\/\/www.webdo.tn\/fr\/wp-content\/uploads\/2025\/06\/Webdo-Tunisie_168377.jpg","width":301,"height":301,"caption":"Webdo"},"image":{"@id":"https:\/\/www.webdo.tn\/fr\/#\/schema\/logo\/image\/"},"sameAs":["https:\/\/www.facebook.com\/webdotn","https:\/\/x.com\/webdo_tn"],"description":"Webdo est un m\u00e9dia num\u00e9rique tunisien fond\u00e9 en 2010, sp\u00e9cialis\u00e9 dans l\u2019actualit\u00e9 nationale et internationale, l\u2019\u00e9conomie, la soci\u00e9t\u00e9 et les analyses politiques. Le site s\u2019adresse \u00e0 un large public francophone et couvre l\u2019information tunisienne en temps r\u00e9el.","email":"redac@webdo.tn","legalName":"YNJ SARL","foundingDate":"2010-09-06","numberOfEmployees":{"@type":"QuantitativeValue","minValue":"11","maxValue":"50"}},{"@type":"Person","@id":"https:\/\/www.webdo.tn\/fr\/#\/schema\/person\/9a9c6118d687c117df8ef3cc36a4d175","name":"webdo.tn","image":{"@type":"ImageObject","inLanguage":"fr-FR","@id":"https:\/\/secure.gravatar.com\/avatar\/7ce1f28c0c3bbac99ff550b85ef8e44a6950c6ee24514fb6a5489e51d06f0298?s=96&d=mm&r=g","url":"https:\/\/secure.gravatar.com\/avatar\/7ce1f28c0c3bbac99ff550b85ef8e44a6950c6ee24514fb6a5489e51d06f0298?s=96&d=mm&r=g","contentUrl":"https:\/\/secure.gravatar.com\/avatar\/7ce1f28c0c3bbac99ff550b85ef8e44a6950c6ee24514fb6a5489e51d06f0298?s=96&d=mm&r=g","caption":"webdo.tn"},"url":"https:\/\/www.webdo.tn\/fr\/actualite\/author\/webdotn\/"}]}},"_links":{"self":[{"href":"https:\/\/www.webdo.tn\/fr\/wp-json\/wp\/v2\/posts\/172182","targetHints":{"allow":["GET"]}}],"collection":[{"href":"https:\/\/www.webdo.tn\/fr\/wp-json\/wp\/v2\/posts"}],"about":[{"href":"https:\/\/www.webdo.tn\/fr\/wp-json\/wp\/v2\/types\/post"}],"author":[{"embeddable":true,"href":"https:\/\/www.webdo.tn\/fr\/wp-json\/wp\/v2\/users\/3222"}],"replies":[{"embeddable":true,"href":"https:\/\/www.webdo.tn\/fr\/wp-json\/wp\/v2\/comments?post=172182"}],"version-history":[{"count":0,"href":"https:\/\/www.webdo.tn\/fr\/wp-json\/wp\/v2\/posts\/172182\/revisions"}],"wp:featuredmedia":[{"embeddable":true,"href":"https:\/\/www.webdo.tn\/fr\/wp-json\/wp\/v2\/media\/334063"}],"wp:attachment":[{"href":"https:\/\/www.webdo.tn\/fr\/wp-json\/wp\/v2\/media?parent=172182"}],"wp:term":[{"taxonomy":"category","embeddable":true,"href":"https:\/\/www.webdo.tn\/fr\/wp-json\/wp\/v2\/categories?post=172182"},{"taxonomy":"post_tag","embeddable":true,"href":"https:\/\/www.webdo.tn\/fr\/wp-json\/wp\/v2\/tags?post=172182"}],"curies":[{"name":"wp","href":"https:\/\/api.w.org\/{rel}","templated":true}]}}