{"id":172180,"date":"2012-02-23T20:52:00","date_gmt":"2012-02-23T20:52:00","guid":{"rendered":"https:\/\/www.webdo.tn\/fr\/blog\/jendouba-situation-sensible-apres-une-journee-daffrontements-violents\/172180\/"},"modified":"2025-06-04T19:00:07","modified_gmt":"2025-06-04T19:00:07","slug":"jendouba-situation-sensible-apres-une-journee-daffrontements-violents","status":"publish","type":"post","link":"https:\/\/www.webdo.tn\/fr\/actualite\/national\/jendouba-situation-sensible-apres-une-journee-daffrontements-violents\/172180\/","title":{"rendered":"Jendouba : Situation sensible apr\u00e8s une journ\u00e9e d&rsquo;affrontements violents"},"content":{"rendered":"<p>Depuis hier soir, des confrontations tr\u00e8s violentes ont oppos\u00e9 les forces de l&rsquo;ordre \u00e0 un groupe d&rsquo;habitants de Jendouba, renforc\u00e9s par des salafistes. Ce groupe de personnes, contrairement, \u00e0 ce qui est v\u00e9hicul\u00e9 par certains m\u00e9dias, n&rsquo;est pas compos\u00e9 exclusivement de salafistes, mais en grande partie seulement.<\/p>\n<p>Les individus, qui affrontaient la police, \u00e9taient arm\u00e9s de couteaux et de cocktails Molotov, selon plusieurs t\u00e9moignages. La violence a \u00e9t\u00e9 telle, \u00e0 Jendouba, que ces \u00e9nergum\u00e8nes ont incendi\u00e9 un poste de police du centre de la ville, ainsi que le local du CPR, le parti du pr\u00e9sident Marzouki.<\/p>\n<p>Selon un t\u00e9moin avocate, la situation aurait d\u00e9g\u00e9n\u00e9r\u00e9 apr\u00e8s l&rsquo;arrestation de 12 sit-inneurs, ouvriers travaillant dans une ferme entre Jendouba et Boussalem, qui protestaient contre leurs conditions difficiles. C&rsquo;est apr\u00e8s la manifestation du groupe d&rsquo;habitants, devant le tribunal de Jendouba, pour la lib\u00e9ration de ces ouvriers et face au refus inconditionnel des responsables, que les premiers affrontements ont commenc\u00e9.<\/p>\n","protected":false},"excerpt":{"rendered":"<p>Jendouba : Situation sensible apr\u00e8s une journ\u00e9e d&rsquo;affrontements violents<\/p>\n","protected":false},"author":3222,"featured_media":334064,"comment_status":"open","ping_status":"closed","sticky":false,"template":"","format":"standard","meta":{"footnotes":""},"categories":[44],"tags":[],"class_list":["post-172180","post","type-post","status-publish","format-standard","has-post-thumbnail","hentry","category-national"],"yoast_head":"<!-- This site is optimized with the Yoast SEO Premium plugin v27.5 (Yoast SEO v27.5) - https:\/\/yoast.com\/product\/yoast-seo-premium-wordpress\/ -->\n<title>Jendouba : Situation sensible apr\u00e8s une journ\u00e9e d&#039;affrontements violents<\/title>\n<meta name=\"description\" content=\"Jendouba : Situation sensible apr\u00e8s une journ\u00e9e d&#039;affrontements violents\" \/>\n<link rel=\"canonical\" href=\"https:\/\/www.webdo.tn\/fr\/actualite\/national\/jendouba-situation-sensible-apres-une-journee-daffrontements-violents\/172180\/\" \/>\n<meta property=\"og:locale\" content=\"fr_FR\" \/>\n<meta property=\"og:type\" content=\"article\" \/>\n<meta property=\"og:title\" content=\"Jendouba : Situation sensible apr\u00e8s une journ\u00e9e d&#039;affrontements violents\" \/>\n<meta property=\"og:description\" content=\"Jendouba : Situation sensible apr\u00e8s une journ\u00e9e d&#039;affrontements violents\" \/>\n<meta property=\"og:url\" content=\"https:\/\/www.webdo.tn\/fr\/actualite\/national\/jendouba-situation-sensible-apres-une-journee-daffrontements-violents\/172180\/\" \/>\n<meta property=\"og:site_name\" content=\"webdo\" \/>\n<meta property=\"article:publisher\" content=\"https:\/\/www.facebook.com\/webdotn\" \/>\n<meta property=\"article:published_time\" content=\"2012-02-23T20:52:00+00:00\" \/>\n<meta property=\"article:modified_time\" content=\"2025-06-04T19:00:07+00:00\" \/>\n<meta property=\"og:image\" content=\"https:\/\/www.webdo.tn\/fr\/wp-content\/uploads\/2012\/02\/jendouba-150x150-1.png\" \/>\n\t<meta property=\"og:image:width\" content=\"150\" \/>\n\t<meta property=\"og:image:height\" content=\"150\" \/>\n\t<meta property=\"og:image:type\" content=\"image\/png\" \/>\n<meta name=\"author\" content=\"webdo.tn\" \/>\n<meta name=\"twitter:card\" content=\"summary_large_image\" \/>\n<meta name=\"twitter:creator\" content=\"@webdo_tn\" \/>\n<meta name=\"twitter:site\" content=\"@webdo_tn\" \/>\n<meta name=\"twitter:label1\" content=\"\u00c9crit par\" \/>\n\t<meta name=\"twitter:data1\" content=\"webdo.tn\" \/>\n\t<meta name=\"twitter:label2\" content=\"Dur\u00e9e de lecture estim\u00e9e\" \/>\n\t<meta name=\"twitter:data2\" content=\"1 minute\" \/>\n<script type=\"application\/ld+json\" class=\"yoast-schema-graph\">{\"@context\":\"https:\\\/\\\/schema.org\",\"@graph\":[{\"@type\":\"NewsArticle\",\"@id\":\"https:\\\/\\\/www.webdo.tn\\\/fr\\\/actualite\\\/national\\\/jendouba-situation-sensible-apres-une-journee-daffrontements-violents\\\/172180\\\/#article\",\"isPartOf\":{\"@id\":\"https:\\\/\\\/www.webdo.tn\\\/fr\\\/actualite\\\/national\\\/jendouba-situation-sensible-apres-une-journee-daffrontements-violents\\\/172180\\\/\"},\"author\":{\"name\":\"webdo.tn\",\"@id\":\"https:\\\/\\\/www.webdo.tn\\\/fr\\\/#\\\/schema\\\/person\\\/9a9c6118d687c117df8ef3cc36a4d175\"},\"headline\":\"Jendouba : Situation sensible apr\u00e8s une journ\u00e9e d&rsquo;affrontements violents\",\"datePublished\":\"2012-02-23T20:52:00+00:00\",\"dateModified\":\"2025-06-04T19:00:07+00:00\",\"mainEntityOfPage\":{\"@id\":\"https:\\\/\\\/www.webdo.tn\\\/fr\\\/actualite\\\/national\\\/jendouba-situation-sensible-apres-une-journee-daffrontements-violents\\\/172180\\\/\"},\"wordCount\":183,\"commentCount\":0,\"publisher\":{\"@id\":\"https:\\\/\\\/www.webdo.tn\\\/fr\\\/#organization\"},\"image\":{\"@id\":\"https:\\\/\\\/www.webdo.tn\\\/fr\\\/actualite\\\/national\\\/jendouba-situation-sensible-apres-une-journee-daffrontements-violents\\\/172180\\\/#primaryimage\"},\"thumbnailUrl\":\"https:\\\/\\\/www.webdo.tn\\\/fr\\\/wp-content\\\/uploads\\\/2012\\\/02\\\/jendouba-150x150-1.png\",\"articleSection\":[\"National\"],\"inLanguage\":\"fr-FR\"},{\"@type\":\"WebPage\",\"@id\":\"https:\\\/\\\/www.webdo.tn\\\/fr\\\/actualite\\\/national\\\/jendouba-situation-sensible-apres-une-journee-daffrontements-violents\\\/172180\\\/\",\"url\":\"https:\\\/\\\/www.webdo.tn\\\/fr\\\/actualite\\\/national\\\/jendouba-situation-sensible-apres-une-journee-daffrontements-violents\\\/172180\\\/\",\"name\":\"Jendouba : Situation sensible apr\u00e8s une journ\u00e9e d'affrontements violents\",\"isPartOf\":{\"@id\":\"https:\\\/\\\/www.webdo.tn\\\/fr\\\/#website\"},\"primaryImageOfPage\":{\"@id\":\"https:\\\/\\\/www.webdo.tn\\\/fr\\\/actualite\\\/national\\\/jendouba-situation-sensible-apres-une-journee-daffrontements-violents\\\/172180\\\/#primaryimage\"},\"image\":{\"@id\":\"https:\\\/\\\/www.webdo.tn\\\/fr\\\/actualite\\\/national\\\/jendouba-situation-sensible-apres-une-journee-daffrontements-violents\\\/172180\\\/#primaryimage\"},\"thumbnailUrl\":\"https:\\\/\\\/www.webdo.tn\\\/fr\\\/wp-content\\\/uploads\\\/2012\\\/02\\\/jendouba-150x150-1.png\",\"datePublished\":\"2012-02-23T20:52:00+00:00\",\"dateModified\":\"2025-06-04T19:00:07+00:00\",\"description\":\"Jendouba : Situation sensible apr\u00e8s une journ\u00e9e d'affrontements violents\",\"breadcrumb\":{\"@id\":\"https:\\\/\\\/www.webdo.tn\\\/fr\\\/actualite\\\/national\\\/jendouba-situation-sensible-apres-une-journee-daffrontements-violents\\\/172180\\\/#breadcrumb\"},\"inLanguage\":\"fr-FR\",\"potentialAction\":[{\"@type\":\"ReadAction\",\"target\":[\"https:\\\/\\\/www.webdo.tn\\\/fr\\\/actualite\\\/national\\\/jendouba-situation-sensible-apres-une-journee-daffrontements-violents\\\/172180\\\/\"]}]},{\"@type\":\"ImageObject\",\"inLanguage\":\"fr-FR\",\"@id\":\"https:\\\/\\\/www.webdo.tn\\\/fr\\\/actualite\\\/national\\\/jendouba-situation-sensible-apres-une-journee-daffrontements-violents\\\/172180\\\/#primaryimage\",\"url\":\"https:\\\/\\\/www.webdo.tn\\\/fr\\\/wp-content\\\/uploads\\\/2012\\\/02\\\/jendouba-150x150-1.png\",\"contentUrl\":\"https:\\\/\\\/www.webdo.tn\\\/fr\\\/wp-content\\\/uploads\\\/2012\\\/02\\\/jendouba-150x150-1.png\",\"width\":150,\"height\":150,\"caption\":\"Jendouba : Situation sensible apr\u00e8s une journ\u00e9e d'affrontements violents\"},{\"@type\":\"BreadcrumbList\",\"@id\":\"https:\\\/\\\/www.webdo.tn\\\/fr\\\/actualite\\\/national\\\/jendouba-situation-sensible-apres-une-journee-daffrontements-violents\\\/172180\\\/#breadcrumb\",\"itemListElement\":[{\"@type\":\"ListItem\",\"position\":1,\"name\":\"Accueil\",\"item\":\"https:\\\/\\\/www.webdo.tn\\\/fr\\\/\"},{\"@type\":\"ListItem\",\"position\":2,\"name\":\"Jendouba : Situation sensible apr\u00e8s une journ\u00e9e d&rsquo;affrontements violents\"}]},{\"@type\":\"WebSite\",\"@id\":\"https:\\\/\\\/www.webdo.tn\\\/fr\\\/#website\",\"url\":\"https:\\\/\\\/www.webdo.tn\\\/fr\\\/\",\"name\":\"webdo\",\"description\":\"Tunisie - News en Tunisie et \u00e0 l&#039;international sur Webdo.tn\",\"publisher\":{\"@id\":\"https:\\\/\\\/www.webdo.tn\\\/fr\\\/#organization\"},\"potentialAction\":[{\"@type\":\"SearchAction\",\"target\":{\"@type\":\"EntryPoint\",\"urlTemplate\":\"https:\\\/\\\/www.webdo.tn\\\/fr\\\/?s={search_term_string}\"},\"query-input\":{\"@type\":\"PropertyValueSpecification\",\"valueRequired\":true,\"valueName\":\"search_term_string\"}}],\"inLanguage\":\"fr-FR\"},{\"@type\":\"Organization\",\"@id\":\"https:\\\/\\\/www.webdo.tn\\\/fr\\\/#organization\",\"name\":\"Webdo\",\"alternateName\":\"Webdo.tn\",\"url\":\"https:\\\/\\\/www.webdo.tn\\\/fr\\\/\",\"logo\":{\"@type\":\"ImageObject\",\"inLanguage\":\"fr-FR\",\"@id\":\"https:\\\/\\\/www.webdo.tn\\\/fr\\\/#\\\/schema\\\/logo\\\/image\\\/\",\"url\":\"https:\\\/\\\/www.webdo.tn\\\/fr\\\/wp-content\\\/uploads\\\/2025\\\/06\\\/Webdo-Tunisie_168377.jpg\",\"contentUrl\":\"https:\\\/\\\/www.webdo.tn\\\/fr\\\/wp-content\\\/uploads\\\/2025\\\/06\\\/Webdo-Tunisie_168377.jpg\",\"width\":301,\"height\":301,\"caption\":\"Webdo\"},\"image\":{\"@id\":\"https:\\\/\\\/www.webdo.tn\\\/fr\\\/#\\\/schema\\\/logo\\\/image\\\/\"},\"sameAs\":[\"https:\\\/\\\/www.facebook.com\\\/webdotn\",\"https:\\\/\\\/x.com\\\/webdo_tn\"],\"description\":\"Webdo est un m\u00e9dia num\u00e9rique tunisien fond\u00e9 en 2010, sp\u00e9cialis\u00e9 dans l\u2019actualit\u00e9 nationale et internationale, l\u2019\u00e9conomie, la soci\u00e9t\u00e9 et les analyses politiques. Le site s\u2019adresse \u00e0 un large public francophone et couvre l\u2019information tunisienne en temps r\u00e9el.\",\"email\":\"redac@webdo.tn\",\"legalName\":\"YNJ SARL\",\"foundingDate\":\"2010-09-06\",\"numberOfEmployees\":{\"@type\":\"QuantitativeValue\",\"minValue\":\"11\",\"maxValue\":\"50\"}},{\"@type\":\"Person\",\"@id\":\"https:\\\/\\\/www.webdo.tn\\\/fr\\\/#\\\/schema\\\/person\\\/9a9c6118d687c117df8ef3cc36a4d175\",\"name\":\"webdo.tn\",\"image\":{\"@type\":\"ImageObject\",\"inLanguage\":\"fr-FR\",\"@id\":\"https:\\\/\\\/secure.gravatar.com\\\/avatar\\\/7ce1f28c0c3bbac99ff550b85ef8e44a6950c6ee24514fb6a5489e51d06f0298?s=96&d=mm&r=g\",\"url\":\"https:\\\/\\\/secure.gravatar.com\\\/avatar\\\/7ce1f28c0c3bbac99ff550b85ef8e44a6950c6ee24514fb6a5489e51d06f0298?s=96&d=mm&r=g\",\"contentUrl\":\"https:\\\/\\\/secure.gravatar.com\\\/avatar\\\/7ce1f28c0c3bbac99ff550b85ef8e44a6950c6ee24514fb6a5489e51d06f0298?s=96&d=mm&r=g\",\"caption\":\"webdo.tn\"},\"url\":\"https:\\\/\\\/www.webdo.tn\\\/fr\\\/actualite\\\/author\\\/webdotn\\\/\"}]}<\/script>\n<!-- \/ Yoast SEO Premium plugin. -->","yoast_head_json":{"title":"Jendouba : Situation sensible apr\u00e8s une journ\u00e9e d'affrontements violents","description":"Jendouba : Situation sensible apr\u00e8s une journ\u00e9e d'affrontements violents","canonical":"https:\/\/www.webdo.tn\/fr\/actualite\/national\/jendouba-situation-sensible-apres-une-journee-daffrontements-violents\/172180\/","og_locale":"fr_FR","og_type":"article","og_title":"Jendouba : Situation sensible apr\u00e8s une journ\u00e9e d'affrontements violents","og_description":"Jendouba : Situation sensible apr\u00e8s une journ\u00e9e d'affrontements violents","og_url":"https:\/\/www.webdo.tn\/fr\/actualite\/national\/jendouba-situation-sensible-apres-une-journee-daffrontements-violents\/172180\/","og_site_name":"webdo","article_publisher":"https:\/\/www.facebook.com\/webdotn","article_published_time":"2012-02-23T20:52:00+00:00","article_modified_time":"2025-06-04T19:00:07+00:00","og_image":[{"width":150,"height":150,"url":"https:\/\/www.webdo.tn\/fr\/wp-content\/uploads\/2012\/02\/jendouba-150x150-1.png","type":"image\/png"}],"author":"webdo.tn","twitter_card":"summary_large_image","twitter_creator":"@webdo_tn","twitter_site":"@webdo_tn","twitter_misc":{"\u00c9crit par":"webdo.tn","Dur\u00e9e de lecture estim\u00e9e":"1 minute"},"schema":{"@context":"https:\/\/schema.org","@graph":[{"@type":"NewsArticle","@id":"https:\/\/www.webdo.tn\/fr\/actualite\/national\/jendouba-situation-sensible-apres-une-journee-daffrontements-violents\/172180\/#article","isPartOf":{"@id":"https:\/\/www.webdo.tn\/fr\/actualite\/national\/jendouba-situation-sensible-apres-une-journee-daffrontements-violents\/172180\/"},"author":{"name":"webdo.tn","@id":"https:\/\/www.webdo.tn\/fr\/#\/schema\/person\/9a9c6118d687c117df8ef3cc36a4d175"},"headline":"Jendouba : Situation sensible apr\u00e8s une journ\u00e9e d&rsquo;affrontements violents","datePublished":"2012-02-23T20:52:00+00:00","dateModified":"2025-06-04T19:00:07+00:00","mainEntityOfPage":{"@id":"https:\/\/www.webdo.tn\/fr\/actualite\/national\/jendouba-situation-sensible-apres-une-journee-daffrontements-violents\/172180\/"},"wordCount":183,"commentCount":0,"publisher":{"@id":"https:\/\/www.webdo.tn\/fr\/#organization"},"image":{"@id":"https:\/\/www.webdo.tn\/fr\/actualite\/national\/jendouba-situation-sensible-apres-une-journee-daffrontements-violents\/172180\/#primaryimage"},"thumbnailUrl":"https:\/\/www.webdo.tn\/fr\/wp-content\/uploads\/2012\/02\/jendouba-150x150-1.png","articleSection":["National"],"inLanguage":"fr-FR"},{"@type":"WebPage","@id":"https:\/\/www.webdo.tn\/fr\/actualite\/national\/jendouba-situation-sensible-apres-une-journee-daffrontements-violents\/172180\/","url":"https:\/\/www.webdo.tn\/fr\/actualite\/national\/jendouba-situation-sensible-apres-une-journee-daffrontements-violents\/172180\/","name":"Jendouba : Situation sensible apr\u00e8s une journ\u00e9e d'affrontements violents","isPartOf":{"@id":"https:\/\/www.webdo.tn\/fr\/#website"},"primaryImageOfPage":{"@id":"https:\/\/www.webdo.tn\/fr\/actualite\/national\/jendouba-situation-sensible-apres-une-journee-daffrontements-violents\/172180\/#primaryimage"},"image":{"@id":"https:\/\/www.webdo.tn\/fr\/actualite\/national\/jendouba-situation-sensible-apres-une-journee-daffrontements-violents\/172180\/#primaryimage"},"thumbnailUrl":"https:\/\/www.webdo.tn\/fr\/wp-content\/uploads\/2012\/02\/jendouba-150x150-1.png","datePublished":"2012-02-23T20:52:00+00:00","dateModified":"2025-06-04T19:00:07+00:00","description":"Jendouba : Situation sensible apr\u00e8s une journ\u00e9e d'affrontements violents","breadcrumb":{"@id":"https:\/\/www.webdo.tn\/fr\/actualite\/national\/jendouba-situation-sensible-apres-une-journee-daffrontements-violents\/172180\/#breadcrumb"},"inLanguage":"fr-FR","potentialAction":[{"@type":"ReadAction","target":["https:\/\/www.webdo.tn\/fr\/actualite\/national\/jendouba-situation-sensible-apres-une-journee-daffrontements-violents\/172180\/"]}]},{"@type":"ImageObject","inLanguage":"fr-FR","@id":"https:\/\/www.webdo.tn\/fr\/actualite\/national\/jendouba-situation-sensible-apres-une-journee-daffrontements-violents\/172180\/#primaryimage","url":"https:\/\/www.webdo.tn\/fr\/wp-content\/uploads\/2012\/02\/jendouba-150x150-1.png","contentUrl":"https:\/\/www.webdo.tn\/fr\/wp-content\/uploads\/2012\/02\/jendouba-150x150-1.png","width":150,"height":150,"caption":"Jendouba : Situation sensible apr\u00e8s une journ\u00e9e d'affrontements violents"},{"@type":"BreadcrumbList","@id":"https:\/\/www.webdo.tn\/fr\/actualite\/national\/jendouba-situation-sensible-apres-une-journee-daffrontements-violents\/172180\/#breadcrumb","itemListElement":[{"@type":"ListItem","position":1,"name":"Accueil","item":"https:\/\/www.webdo.tn\/fr\/"},{"@type":"ListItem","position":2,"name":"Jendouba : Situation sensible apr\u00e8s une journ\u00e9e d&rsquo;affrontements violents"}]},{"@type":"WebSite","@id":"https:\/\/www.webdo.tn\/fr\/#website","url":"https:\/\/www.webdo.tn\/fr\/","name":"webdo","description":"Tunisie - News en Tunisie et \u00e0 l&#039;international sur Webdo.tn","publisher":{"@id":"https:\/\/www.webdo.tn\/fr\/#organization"},"potentialAction":[{"@type":"SearchAction","target":{"@type":"EntryPoint","urlTemplate":"https:\/\/www.webdo.tn\/fr\/?s={search_term_string}"},"query-input":{"@type":"PropertyValueSpecification","valueRequired":true,"valueName":"search_term_string"}}],"inLanguage":"fr-FR"},{"@type":"Organization","@id":"https:\/\/www.webdo.tn\/fr\/#organization","name":"Webdo","alternateName":"Webdo.tn","url":"https:\/\/www.webdo.tn\/fr\/","logo":{"@type":"ImageObject","inLanguage":"fr-FR","@id":"https:\/\/www.webdo.tn\/fr\/#\/schema\/logo\/image\/","url":"https:\/\/www.webdo.tn\/fr\/wp-content\/uploads\/2025\/06\/Webdo-Tunisie_168377.jpg","contentUrl":"https:\/\/www.webdo.tn\/fr\/wp-content\/uploads\/2025\/06\/Webdo-Tunisie_168377.jpg","width":301,"height":301,"caption":"Webdo"},"image":{"@id":"https:\/\/www.webdo.tn\/fr\/#\/schema\/logo\/image\/"},"sameAs":["https:\/\/www.facebook.com\/webdotn","https:\/\/x.com\/webdo_tn"],"description":"Webdo est un m\u00e9dia num\u00e9rique tunisien fond\u00e9 en 2010, sp\u00e9cialis\u00e9 dans l\u2019actualit\u00e9 nationale et internationale, l\u2019\u00e9conomie, la soci\u00e9t\u00e9 et les analyses politiques. Le site s\u2019adresse \u00e0 un large public francophone et couvre l\u2019information tunisienne en temps r\u00e9el.","email":"redac@webdo.tn","legalName":"YNJ SARL","foundingDate":"2010-09-06","numberOfEmployees":{"@type":"QuantitativeValue","minValue":"11","maxValue":"50"}},{"@type":"Person","@id":"https:\/\/www.webdo.tn\/fr\/#\/schema\/person\/9a9c6118d687c117df8ef3cc36a4d175","name":"webdo.tn","image":{"@type":"ImageObject","inLanguage":"fr-FR","@id":"https:\/\/secure.gravatar.com\/avatar\/7ce1f28c0c3bbac99ff550b85ef8e44a6950c6ee24514fb6a5489e51d06f0298?s=96&d=mm&r=g","url":"https:\/\/secure.gravatar.com\/avatar\/7ce1f28c0c3bbac99ff550b85ef8e44a6950c6ee24514fb6a5489e51d06f0298?s=96&d=mm&r=g","contentUrl":"https:\/\/secure.gravatar.com\/avatar\/7ce1f28c0c3bbac99ff550b85ef8e44a6950c6ee24514fb6a5489e51d06f0298?s=96&d=mm&r=g","caption":"webdo.tn"},"url":"https:\/\/www.webdo.tn\/fr\/actualite\/author\/webdotn\/"}]}},"_links":{"self":[{"href":"https:\/\/www.webdo.tn\/fr\/wp-json\/wp\/v2\/posts\/172180","targetHints":{"allow":["GET"]}}],"collection":[{"href":"https:\/\/www.webdo.tn\/fr\/wp-json\/wp\/v2\/posts"}],"about":[{"href":"https:\/\/www.webdo.tn\/fr\/wp-json\/wp\/v2\/types\/post"}],"author":[{"embeddable":true,"href":"https:\/\/www.webdo.tn\/fr\/wp-json\/wp\/v2\/users\/3222"}],"replies":[{"embeddable":true,"href":"https:\/\/www.webdo.tn\/fr\/wp-json\/wp\/v2\/comments?post=172180"}],"version-history":[{"count":0,"href":"https:\/\/www.webdo.tn\/fr\/wp-json\/wp\/v2\/posts\/172180\/revisions"}],"wp:featuredmedia":[{"embeddable":true,"href":"https:\/\/www.webdo.tn\/fr\/wp-json\/wp\/v2\/media\/334064"}],"wp:attachment":[{"href":"https:\/\/www.webdo.tn\/fr\/wp-json\/wp\/v2\/media?parent=172180"}],"wp:term":[{"taxonomy":"category","embeddable":true,"href":"https:\/\/www.webdo.tn\/fr\/wp-json\/wp\/v2\/categories?post=172180"},{"taxonomy":"post_tag","embeddable":true,"href":"https:\/\/www.webdo.tn\/fr\/wp-json\/wp\/v2\/tags?post=172180"}],"curies":[{"name":"wp","href":"https:\/\/api.w.org\/{rel}","templated":true}]}}