{"id":172179,"date":"2012-02-24T16:49:00","date_gmt":"2012-02-24T16:49:00","guid":{"rendered":"https:\/\/www.webdo.tn\/fr\/blog\/risque-important-de-tres-fortes-inondations-a-mjez-el-beb-et-beja-sud\/172179\/"},"modified":"2025-06-04T19:00:17","modified_gmt":"2025-06-04T19:00:17","slug":"risque-important-de-tres-fortes-inondations-a-mjez-el-beb-et-beja-sud","status":"publish","type":"post","link":"https:\/\/www.webdo.tn\/fr\/actualite\/national\/risque-important-de-tres-fortes-inondations-a-mjez-el-beb-et-beja-sud\/172179\/","title":{"rendered":"Risque important de tr\u00e8s fortes inondations \u00e0 Mjez el Beb et B\u00e9ja-Sud"},"content":{"rendered":"<p>Aux bords de l\u2019Oued Mejerda, notamment \u00e0 Mjez El Beb et B\u00e9ja-Sud, la situation est plus que critique. Il faut s&rsquo;attendre \u00e0 d&rsquo;importantes et graves inondations \u00e0 partir de cette apr\u00e8s-midi, annonce la TAP, qui cite le d\u00e9l\u00e9gu\u00e9 r\u00e9gional de l&rsquo;agriculture \u00e0 B\u00e9ja.<\/p>\n<p>Les autorit\u00e9s sont d\u00e9j\u00e0 en \u00e9tat d&rsquo;alerte depuis plusieurs jours. Elles suivent de tr\u00e8s pr\u00e8s l&rsquo;\u00e9volution de la quantit\u00e9 d&rsquo;eau que le barrage de Sidi Salem renferme. Ce barrage est un des plus grand du pays. Sa capacit\u00e9 s&rsquo;\u00e9l\u00e8ve \u00e0 643 millions m\u00e8tres cubes.<\/p>\n<p>Il a atteint, aujourd&rsquo;hui, sa capacit\u00e9 maximale et peut donc engendrer une augmentation du niveau de l&rsquo;eau \u00e0 Oued Mejerda. Lequel a d\u00e9j\u00e0 atteint, aujourd&rsquo;hui \u00e0 13h, les 9 m\u00e8tres. Il risque donc de \u00ab sortir de son lit \u00bb \u00e0 tout moment et de causer d&rsquo;importants d\u00e9g\u00e2ts aux alentours.<\/p>\n<p>Depuis hier, les inondations subies par la r\u00e9gion de Boussalem, \u00e0 Jendouba, ont co\u00fbt\u00e9 la vie \u00e0 un homme et provoqu\u00e9 d&rsquo;importants dommages mat\u00e9riels. Le niveau de l&rsquo;eau \u00e9tait alors de deux m\u00e8tres.<\/p>\n","protected":false},"excerpt":{"rendered":"<p>Risque important de tr\u00e8s fortes inondations \u00e0 Mjez el Beb et B\u00e9ja-Sud<\/p>\n","protected":false},"author":3222,"featured_media":333737,"comment_status":"open","ping_status":"closed","sticky":false,"template":"","format":"standard","meta":{"footnotes":""},"categories":[44],"tags":[],"class_list":["post-172179","post","type-post","status-publish","format-standard","has-post-thumbnail","hentry","category-national"],"yoast_head":"<!-- This site is optimized with the Yoast SEO Premium plugin v27.5 (Yoast SEO v27.5) - https:\/\/yoast.com\/product\/yoast-seo-premium-wordpress\/ -->\n<title>Risque important de tr\u00e8s fortes inondations \u00e0 Mjez el Beb et B\u00e9ja-Sud<\/title>\n<meta name=\"description\" content=\"Risque important de tr\u00e8s fortes inondations \u00e0 Mjez el Beb et B\u00e9ja-Sud\" \/>\n<link rel=\"canonical\" href=\"https:\/\/www.webdo.tn\/fr\/actualite\/national\/risque-important-de-tres-fortes-inondations-a-mjez-el-beb-et-beja-sud\/172179\/\" \/>\n<meta property=\"og:locale\" content=\"fr_FR\" \/>\n<meta property=\"og:type\" content=\"article\" \/>\n<meta property=\"og:title\" content=\"Risque important de tr\u00e8s fortes inondations \u00e0 Mjez el Beb et B\u00e9ja-Sud\" \/>\n<meta property=\"og:description\" content=\"Risque important de tr\u00e8s fortes inondations \u00e0 Mjez el Beb et B\u00e9ja-Sud\" \/>\n<meta property=\"og:url\" content=\"https:\/\/www.webdo.tn\/fr\/actualite\/national\/risque-important-de-tres-fortes-inondations-a-mjez-el-beb-et-beja-sud\/172179\/\" \/>\n<meta property=\"og:site_name\" content=\"webdo\" \/>\n<meta property=\"article:publisher\" content=\"https:\/\/www.facebook.com\/webdotn\" \/>\n<meta property=\"article:published_time\" content=\"2012-02-24T16:49:00+00:00\" \/>\n<meta property=\"article:modified_time\" content=\"2025-06-04T19:00:17+00:00\" \/>\n<meta property=\"og:image\" content=\"https:\/\/www.webdo.tn\/fr\/wp-content\/uploads\/2012\/02\/280px-Barage_sidi_salem-150x150-1.jpg\" \/>\n\t<meta property=\"og:image:width\" content=\"150\" \/>\n\t<meta property=\"og:image:height\" content=\"150\" \/>\n\t<meta property=\"og:image:type\" content=\"image\/jpeg\" \/>\n<meta name=\"author\" content=\"webdo.tn\" \/>\n<meta name=\"twitter:card\" content=\"summary_large_image\" \/>\n<meta name=\"twitter:creator\" content=\"@webdo_tn\" \/>\n<meta name=\"twitter:site\" content=\"@webdo_tn\" \/>\n<meta name=\"twitter:label1\" content=\"\u00c9crit par\" \/>\n\t<meta name=\"twitter:data1\" content=\"webdo.tn\" \/>\n\t<meta name=\"twitter:label2\" content=\"Dur\u00e9e de lecture estim\u00e9e\" \/>\n\t<meta name=\"twitter:data2\" content=\"1 minute\" \/>\n<script type=\"application\/ld+json\" class=\"yoast-schema-graph\">{\"@context\":\"https:\\\/\\\/schema.org\",\"@graph\":[{\"@type\":\"NewsArticle\",\"@id\":\"https:\\\/\\\/www.webdo.tn\\\/fr\\\/actualite\\\/national\\\/risque-important-de-tres-fortes-inondations-a-mjez-el-beb-et-beja-sud\\\/172179\\\/#article\",\"isPartOf\":{\"@id\":\"https:\\\/\\\/www.webdo.tn\\\/fr\\\/actualite\\\/national\\\/risque-important-de-tres-fortes-inondations-a-mjez-el-beb-et-beja-sud\\\/172179\\\/\"},\"author\":{\"name\":\"webdo.tn\",\"@id\":\"https:\\\/\\\/www.webdo.tn\\\/fr\\\/#\\\/schema\\\/person\\\/9a9c6118d687c117df8ef3cc36a4d175\"},\"headline\":\"Risque important de tr\u00e8s fortes inondations \u00e0 Mjez el Beb et B\u00e9ja-Sud\",\"datePublished\":\"2012-02-24T16:49:00+00:00\",\"dateModified\":\"2025-06-04T19:00:17+00:00\",\"mainEntityOfPage\":{\"@id\":\"https:\\\/\\\/www.webdo.tn\\\/fr\\\/actualite\\\/national\\\/risque-important-de-tres-fortes-inondations-a-mjez-el-beb-et-beja-sud\\\/172179\\\/\"},\"wordCount\":203,\"commentCount\":0,\"publisher\":{\"@id\":\"https:\\\/\\\/www.webdo.tn\\\/fr\\\/#organization\"},\"image\":{\"@id\":\"https:\\\/\\\/www.webdo.tn\\\/fr\\\/actualite\\\/national\\\/risque-important-de-tres-fortes-inondations-a-mjez-el-beb-et-beja-sud\\\/172179\\\/#primaryimage\"},\"thumbnailUrl\":\"https:\\\/\\\/www.webdo.tn\\\/fr\\\/wp-content\\\/uploads\\\/2012\\\/02\\\/280px-Barage_sidi_salem-150x150-1.jpg\",\"articleSection\":[\"National\"],\"inLanguage\":\"fr-FR\"},{\"@type\":\"WebPage\",\"@id\":\"https:\\\/\\\/www.webdo.tn\\\/fr\\\/actualite\\\/national\\\/risque-important-de-tres-fortes-inondations-a-mjez-el-beb-et-beja-sud\\\/172179\\\/\",\"url\":\"https:\\\/\\\/www.webdo.tn\\\/fr\\\/actualite\\\/national\\\/risque-important-de-tres-fortes-inondations-a-mjez-el-beb-et-beja-sud\\\/172179\\\/\",\"name\":\"Risque important de tr\u00e8s fortes inondations \u00e0 Mjez el Beb et B\u00e9ja-Sud\",\"isPartOf\":{\"@id\":\"https:\\\/\\\/www.webdo.tn\\\/fr\\\/#website\"},\"primaryImageOfPage\":{\"@id\":\"https:\\\/\\\/www.webdo.tn\\\/fr\\\/actualite\\\/national\\\/risque-important-de-tres-fortes-inondations-a-mjez-el-beb-et-beja-sud\\\/172179\\\/#primaryimage\"},\"image\":{\"@id\":\"https:\\\/\\\/www.webdo.tn\\\/fr\\\/actualite\\\/national\\\/risque-important-de-tres-fortes-inondations-a-mjez-el-beb-et-beja-sud\\\/172179\\\/#primaryimage\"},\"thumbnailUrl\":\"https:\\\/\\\/www.webdo.tn\\\/fr\\\/wp-content\\\/uploads\\\/2012\\\/02\\\/280px-Barage_sidi_salem-150x150-1.jpg\",\"datePublished\":\"2012-02-24T16:49:00+00:00\",\"dateModified\":\"2025-06-04T19:00:17+00:00\",\"description\":\"Risque important de tr\u00e8s fortes inondations \u00e0 Mjez el Beb et B\u00e9ja-Sud\",\"breadcrumb\":{\"@id\":\"https:\\\/\\\/www.webdo.tn\\\/fr\\\/actualite\\\/national\\\/risque-important-de-tres-fortes-inondations-a-mjez-el-beb-et-beja-sud\\\/172179\\\/#breadcrumb\"},\"inLanguage\":\"fr-FR\",\"potentialAction\":[{\"@type\":\"ReadAction\",\"target\":[\"https:\\\/\\\/www.webdo.tn\\\/fr\\\/actualite\\\/national\\\/risque-important-de-tres-fortes-inondations-a-mjez-el-beb-et-beja-sud\\\/172179\\\/\"]}]},{\"@type\":\"ImageObject\",\"inLanguage\":\"fr-FR\",\"@id\":\"https:\\\/\\\/www.webdo.tn\\\/fr\\\/actualite\\\/national\\\/risque-important-de-tres-fortes-inondations-a-mjez-el-beb-et-beja-sud\\\/172179\\\/#primaryimage\",\"url\":\"https:\\\/\\\/www.webdo.tn\\\/fr\\\/wp-content\\\/uploads\\\/2012\\\/02\\\/280px-Barage_sidi_salem-150x150-1.jpg\",\"contentUrl\":\"https:\\\/\\\/www.webdo.tn\\\/fr\\\/wp-content\\\/uploads\\\/2012\\\/02\\\/280px-Barage_sidi_salem-150x150-1.jpg\",\"width\":150,\"height\":150,\"caption\":\"Risque important de tr\u00e8s fortes inondations \u00e0 Mjez el Beb et B\u00e9ja-Sud\"},{\"@type\":\"BreadcrumbList\",\"@id\":\"https:\\\/\\\/www.webdo.tn\\\/fr\\\/actualite\\\/national\\\/risque-important-de-tres-fortes-inondations-a-mjez-el-beb-et-beja-sud\\\/172179\\\/#breadcrumb\",\"itemListElement\":[{\"@type\":\"ListItem\",\"position\":1,\"name\":\"Accueil\",\"item\":\"https:\\\/\\\/www.webdo.tn\\\/fr\\\/\"},{\"@type\":\"ListItem\",\"position\":2,\"name\":\"Risque important de tr\u00e8s fortes inondations \u00e0 Mjez el Beb et B\u00e9ja-Sud\"}]},{\"@type\":\"WebSite\",\"@id\":\"https:\\\/\\\/www.webdo.tn\\\/fr\\\/#website\",\"url\":\"https:\\\/\\\/www.webdo.tn\\\/fr\\\/\",\"name\":\"webdo\",\"description\":\"Tunisie - News en Tunisie et \u00e0 l&#039;international sur Webdo.tn\",\"publisher\":{\"@id\":\"https:\\\/\\\/www.webdo.tn\\\/fr\\\/#organization\"},\"potentialAction\":[{\"@type\":\"SearchAction\",\"target\":{\"@type\":\"EntryPoint\",\"urlTemplate\":\"https:\\\/\\\/www.webdo.tn\\\/fr\\\/?s={search_term_string}\"},\"query-input\":{\"@type\":\"PropertyValueSpecification\",\"valueRequired\":true,\"valueName\":\"search_term_string\"}}],\"inLanguage\":\"fr-FR\"},{\"@type\":\"Organization\",\"@id\":\"https:\\\/\\\/www.webdo.tn\\\/fr\\\/#organization\",\"name\":\"Webdo\",\"alternateName\":\"Webdo.tn\",\"url\":\"https:\\\/\\\/www.webdo.tn\\\/fr\\\/\",\"logo\":{\"@type\":\"ImageObject\",\"inLanguage\":\"fr-FR\",\"@id\":\"https:\\\/\\\/www.webdo.tn\\\/fr\\\/#\\\/schema\\\/logo\\\/image\\\/\",\"url\":\"https:\\\/\\\/www.webdo.tn\\\/fr\\\/wp-content\\\/uploads\\\/2025\\\/06\\\/Webdo-Tunisie_168377.jpg\",\"contentUrl\":\"https:\\\/\\\/www.webdo.tn\\\/fr\\\/wp-content\\\/uploads\\\/2025\\\/06\\\/Webdo-Tunisie_168377.jpg\",\"width\":301,\"height\":301,\"caption\":\"Webdo\"},\"image\":{\"@id\":\"https:\\\/\\\/www.webdo.tn\\\/fr\\\/#\\\/schema\\\/logo\\\/image\\\/\"},\"sameAs\":[\"https:\\\/\\\/www.facebook.com\\\/webdotn\",\"https:\\\/\\\/x.com\\\/webdo_tn\"],\"description\":\"Webdo est un m\u00e9dia num\u00e9rique tunisien fond\u00e9 en 2010, sp\u00e9cialis\u00e9 dans l\u2019actualit\u00e9 nationale et internationale, l\u2019\u00e9conomie, la soci\u00e9t\u00e9 et les analyses politiques. Le site s\u2019adresse \u00e0 un large public francophone et couvre l\u2019information tunisienne en temps r\u00e9el.\",\"email\":\"redac@webdo.tn\",\"legalName\":\"YNJ SARL\",\"foundingDate\":\"2010-09-06\",\"numberOfEmployees\":{\"@type\":\"QuantitativeValue\",\"minValue\":\"11\",\"maxValue\":\"50\"}},{\"@type\":\"Person\",\"@id\":\"https:\\\/\\\/www.webdo.tn\\\/fr\\\/#\\\/schema\\\/person\\\/9a9c6118d687c117df8ef3cc36a4d175\",\"name\":\"webdo.tn\",\"image\":{\"@type\":\"ImageObject\",\"inLanguage\":\"fr-FR\",\"@id\":\"https:\\\/\\\/secure.gravatar.com\\\/avatar\\\/7ce1f28c0c3bbac99ff550b85ef8e44a6950c6ee24514fb6a5489e51d06f0298?s=96&d=mm&r=g\",\"url\":\"https:\\\/\\\/secure.gravatar.com\\\/avatar\\\/7ce1f28c0c3bbac99ff550b85ef8e44a6950c6ee24514fb6a5489e51d06f0298?s=96&d=mm&r=g\",\"contentUrl\":\"https:\\\/\\\/secure.gravatar.com\\\/avatar\\\/7ce1f28c0c3bbac99ff550b85ef8e44a6950c6ee24514fb6a5489e51d06f0298?s=96&d=mm&r=g\",\"caption\":\"webdo.tn\"},\"url\":\"https:\\\/\\\/www.webdo.tn\\\/fr\\\/actualite\\\/author\\\/webdotn\\\/\"}]}<\/script>\n<!-- \/ Yoast SEO Premium plugin. -->","yoast_head_json":{"title":"Risque important de tr\u00e8s fortes inondations \u00e0 Mjez el Beb et B\u00e9ja-Sud","description":"Risque important de tr\u00e8s fortes inondations \u00e0 Mjez el Beb et B\u00e9ja-Sud","canonical":"https:\/\/www.webdo.tn\/fr\/actualite\/national\/risque-important-de-tres-fortes-inondations-a-mjez-el-beb-et-beja-sud\/172179\/","og_locale":"fr_FR","og_type":"article","og_title":"Risque important de tr\u00e8s fortes inondations \u00e0 Mjez el Beb et B\u00e9ja-Sud","og_description":"Risque important de tr\u00e8s fortes inondations \u00e0 Mjez el Beb et B\u00e9ja-Sud","og_url":"https:\/\/www.webdo.tn\/fr\/actualite\/national\/risque-important-de-tres-fortes-inondations-a-mjez-el-beb-et-beja-sud\/172179\/","og_site_name":"webdo","article_publisher":"https:\/\/www.facebook.com\/webdotn","article_published_time":"2012-02-24T16:49:00+00:00","article_modified_time":"2025-06-04T19:00:17+00:00","og_image":[{"width":150,"height":150,"url":"https:\/\/www.webdo.tn\/fr\/wp-content\/uploads\/2012\/02\/280px-Barage_sidi_salem-150x150-1.jpg","type":"image\/jpeg"}],"author":"webdo.tn","twitter_card":"summary_large_image","twitter_creator":"@webdo_tn","twitter_site":"@webdo_tn","twitter_misc":{"\u00c9crit par":"webdo.tn","Dur\u00e9e de lecture estim\u00e9e":"1 minute"},"schema":{"@context":"https:\/\/schema.org","@graph":[{"@type":"NewsArticle","@id":"https:\/\/www.webdo.tn\/fr\/actualite\/national\/risque-important-de-tres-fortes-inondations-a-mjez-el-beb-et-beja-sud\/172179\/#article","isPartOf":{"@id":"https:\/\/www.webdo.tn\/fr\/actualite\/national\/risque-important-de-tres-fortes-inondations-a-mjez-el-beb-et-beja-sud\/172179\/"},"author":{"name":"webdo.tn","@id":"https:\/\/www.webdo.tn\/fr\/#\/schema\/person\/9a9c6118d687c117df8ef3cc36a4d175"},"headline":"Risque important de tr\u00e8s fortes inondations \u00e0 Mjez el Beb et B\u00e9ja-Sud","datePublished":"2012-02-24T16:49:00+00:00","dateModified":"2025-06-04T19:00:17+00:00","mainEntityOfPage":{"@id":"https:\/\/www.webdo.tn\/fr\/actualite\/national\/risque-important-de-tres-fortes-inondations-a-mjez-el-beb-et-beja-sud\/172179\/"},"wordCount":203,"commentCount":0,"publisher":{"@id":"https:\/\/www.webdo.tn\/fr\/#organization"},"image":{"@id":"https:\/\/www.webdo.tn\/fr\/actualite\/national\/risque-important-de-tres-fortes-inondations-a-mjez-el-beb-et-beja-sud\/172179\/#primaryimage"},"thumbnailUrl":"https:\/\/www.webdo.tn\/fr\/wp-content\/uploads\/2012\/02\/280px-Barage_sidi_salem-150x150-1.jpg","articleSection":["National"],"inLanguage":"fr-FR"},{"@type":"WebPage","@id":"https:\/\/www.webdo.tn\/fr\/actualite\/national\/risque-important-de-tres-fortes-inondations-a-mjez-el-beb-et-beja-sud\/172179\/","url":"https:\/\/www.webdo.tn\/fr\/actualite\/national\/risque-important-de-tres-fortes-inondations-a-mjez-el-beb-et-beja-sud\/172179\/","name":"Risque important de tr\u00e8s fortes inondations \u00e0 Mjez el Beb et B\u00e9ja-Sud","isPartOf":{"@id":"https:\/\/www.webdo.tn\/fr\/#website"},"primaryImageOfPage":{"@id":"https:\/\/www.webdo.tn\/fr\/actualite\/national\/risque-important-de-tres-fortes-inondations-a-mjez-el-beb-et-beja-sud\/172179\/#primaryimage"},"image":{"@id":"https:\/\/www.webdo.tn\/fr\/actualite\/national\/risque-important-de-tres-fortes-inondations-a-mjez-el-beb-et-beja-sud\/172179\/#primaryimage"},"thumbnailUrl":"https:\/\/www.webdo.tn\/fr\/wp-content\/uploads\/2012\/02\/280px-Barage_sidi_salem-150x150-1.jpg","datePublished":"2012-02-24T16:49:00+00:00","dateModified":"2025-06-04T19:00:17+00:00","description":"Risque important de tr\u00e8s fortes inondations \u00e0 Mjez el Beb et B\u00e9ja-Sud","breadcrumb":{"@id":"https:\/\/www.webdo.tn\/fr\/actualite\/national\/risque-important-de-tres-fortes-inondations-a-mjez-el-beb-et-beja-sud\/172179\/#breadcrumb"},"inLanguage":"fr-FR","potentialAction":[{"@type":"ReadAction","target":["https:\/\/www.webdo.tn\/fr\/actualite\/national\/risque-important-de-tres-fortes-inondations-a-mjez-el-beb-et-beja-sud\/172179\/"]}]},{"@type":"ImageObject","inLanguage":"fr-FR","@id":"https:\/\/www.webdo.tn\/fr\/actualite\/national\/risque-important-de-tres-fortes-inondations-a-mjez-el-beb-et-beja-sud\/172179\/#primaryimage","url":"https:\/\/www.webdo.tn\/fr\/wp-content\/uploads\/2012\/02\/280px-Barage_sidi_salem-150x150-1.jpg","contentUrl":"https:\/\/www.webdo.tn\/fr\/wp-content\/uploads\/2012\/02\/280px-Barage_sidi_salem-150x150-1.jpg","width":150,"height":150,"caption":"Risque important de tr\u00e8s fortes inondations \u00e0 Mjez el Beb et B\u00e9ja-Sud"},{"@type":"BreadcrumbList","@id":"https:\/\/www.webdo.tn\/fr\/actualite\/national\/risque-important-de-tres-fortes-inondations-a-mjez-el-beb-et-beja-sud\/172179\/#breadcrumb","itemListElement":[{"@type":"ListItem","position":1,"name":"Accueil","item":"https:\/\/www.webdo.tn\/fr\/"},{"@type":"ListItem","position":2,"name":"Risque important de tr\u00e8s fortes inondations \u00e0 Mjez el Beb et B\u00e9ja-Sud"}]},{"@type":"WebSite","@id":"https:\/\/www.webdo.tn\/fr\/#website","url":"https:\/\/www.webdo.tn\/fr\/","name":"webdo","description":"Tunisie - News en Tunisie et \u00e0 l&#039;international sur Webdo.tn","publisher":{"@id":"https:\/\/www.webdo.tn\/fr\/#organization"},"potentialAction":[{"@type":"SearchAction","target":{"@type":"EntryPoint","urlTemplate":"https:\/\/www.webdo.tn\/fr\/?s={search_term_string}"},"query-input":{"@type":"PropertyValueSpecification","valueRequired":true,"valueName":"search_term_string"}}],"inLanguage":"fr-FR"},{"@type":"Organization","@id":"https:\/\/www.webdo.tn\/fr\/#organization","name":"Webdo","alternateName":"Webdo.tn","url":"https:\/\/www.webdo.tn\/fr\/","logo":{"@type":"ImageObject","inLanguage":"fr-FR","@id":"https:\/\/www.webdo.tn\/fr\/#\/schema\/logo\/image\/","url":"https:\/\/www.webdo.tn\/fr\/wp-content\/uploads\/2025\/06\/Webdo-Tunisie_168377.jpg","contentUrl":"https:\/\/www.webdo.tn\/fr\/wp-content\/uploads\/2025\/06\/Webdo-Tunisie_168377.jpg","width":301,"height":301,"caption":"Webdo"},"image":{"@id":"https:\/\/www.webdo.tn\/fr\/#\/schema\/logo\/image\/"},"sameAs":["https:\/\/www.facebook.com\/webdotn","https:\/\/x.com\/webdo_tn"],"description":"Webdo est un m\u00e9dia num\u00e9rique tunisien fond\u00e9 en 2010, sp\u00e9cialis\u00e9 dans l\u2019actualit\u00e9 nationale et internationale, l\u2019\u00e9conomie, la soci\u00e9t\u00e9 et les analyses politiques. Le site s\u2019adresse \u00e0 un large public francophone et couvre l\u2019information tunisienne en temps r\u00e9el.","email":"redac@webdo.tn","legalName":"YNJ SARL","foundingDate":"2010-09-06","numberOfEmployees":{"@type":"QuantitativeValue","minValue":"11","maxValue":"50"}},{"@type":"Person","@id":"https:\/\/www.webdo.tn\/fr\/#\/schema\/person\/9a9c6118d687c117df8ef3cc36a4d175","name":"webdo.tn","image":{"@type":"ImageObject","inLanguage":"fr-FR","@id":"https:\/\/secure.gravatar.com\/avatar\/7ce1f28c0c3bbac99ff550b85ef8e44a6950c6ee24514fb6a5489e51d06f0298?s=96&d=mm&r=g","url":"https:\/\/secure.gravatar.com\/avatar\/7ce1f28c0c3bbac99ff550b85ef8e44a6950c6ee24514fb6a5489e51d06f0298?s=96&d=mm&r=g","contentUrl":"https:\/\/secure.gravatar.com\/avatar\/7ce1f28c0c3bbac99ff550b85ef8e44a6950c6ee24514fb6a5489e51d06f0298?s=96&d=mm&r=g","caption":"webdo.tn"},"url":"https:\/\/www.webdo.tn\/fr\/actualite\/author\/webdotn\/"}]}},"_links":{"self":[{"href":"https:\/\/www.webdo.tn\/fr\/wp-json\/wp\/v2\/posts\/172179","targetHints":{"allow":["GET"]}}],"collection":[{"href":"https:\/\/www.webdo.tn\/fr\/wp-json\/wp\/v2\/posts"}],"about":[{"href":"https:\/\/www.webdo.tn\/fr\/wp-json\/wp\/v2\/types\/post"}],"author":[{"embeddable":true,"href":"https:\/\/www.webdo.tn\/fr\/wp-json\/wp\/v2\/users\/3222"}],"replies":[{"embeddable":true,"href":"https:\/\/www.webdo.tn\/fr\/wp-json\/wp\/v2\/comments?post=172179"}],"version-history":[{"count":0,"href":"https:\/\/www.webdo.tn\/fr\/wp-json\/wp\/v2\/posts\/172179\/revisions"}],"wp:featuredmedia":[{"embeddable":true,"href":"https:\/\/www.webdo.tn\/fr\/wp-json\/wp\/v2\/media\/333737"}],"wp:attachment":[{"href":"https:\/\/www.webdo.tn\/fr\/wp-json\/wp\/v2\/media?parent=172179"}],"wp:term":[{"taxonomy":"category","embeddable":true,"href":"https:\/\/www.webdo.tn\/fr\/wp-json\/wp\/v2\/categories?post=172179"},{"taxonomy":"post_tag","embeddable":true,"href":"https:\/\/www.webdo.tn\/fr\/wp-json\/wp\/v2\/tags?post=172179"}],"curies":[{"name":"wp","href":"https:\/\/api.w.org\/{rel}","templated":true}]}}