{"id":172178,"date":"2012-02-24T18:17:00","date_gmt":"2012-02-24T18:17:00","guid":{"rendered":"https:\/\/www.webdo.tn\/fr\/blog\/manifestation-devant-l-etablissement-de-la-television-nationale-le-peuple-veut\/172178\/"},"modified":"2025-06-04T19:00:21","modified_gmt":"2025-06-04T19:00:21","slug":"manifestation-devant-l-etablissement-de-la-television-nationale-le-peuple-veut","status":"publish","type":"post","link":"https:\/\/www.webdo.tn\/fr\/actualite\/national\/manifestation-devant-l-etablissement-de-la-television-nationale-le-peuple-veut\/172178\/","title":{"rendered":"Manifestation devant l\u2019\u00e9tablissement de la T\u00e9l\u00e9vision Nationale : \u00ab\u00a0Le peuple veut&#8230;\u00a0\u00bb"},"content":{"rendered":"<p>Ce fut le principal slogan de la manifestation d&rsquo;aujourd&rsquo;hui, vendredi 24 f\u00e9vrier 2012, apr\u00e8s la pri\u00e8re.<\/p>\n<p>Il y a trois jours, un appel a \u00e9t\u00e9 lanc\u00e9 pour manifester devant l\u2019\u00c9tablissement de la t\u00e9l\u00e9vision tunisienne, et ce, suite \u00e0 la diffusion d\u2019un refrain d\u2019une chanson faisant les louanges du 7-Novembre.<\/p>\n<p>Des centaines de manifestants se sont rassembl\u00e9s devant le si\u00e8ge de la T\u00e9l\u00e9vision Tunisienne, avec comme principale revendication, le sempiternel \u00ab\u00a0d\u00e9gage\u00a0\u00bb.<\/p>\n<p>Ils exigent, entre autres, de renvoyer tous les journalistes et le personnel, qui d&rsquo;apr\u00e8s eux, continuent \u00e0 adopter la ligne \u00e9ditoriale de l&rsquo;ancienne TV7.<\/p>\n<p>Il est \u00e0 noter que le slogan qui revient le plus souvent est :\u00a0\u00bb T\u00e9l\u00e9vision de la honte\u00a0\u00bb, une t\u00e9l\u00e9vision toujours entre les mains des orphelins du dictateur d\u00e9chu. Partant du fait que la plupart des protestataires ont vot\u00e9 pour le parti majoritaire, ils r\u00e9clament la neutralit\u00e9 des m\u00e9dias, et ce, en couvrant toutes les activit\u00e9s du gouvernement.<\/p>\n<p>\u00c0 l&rsquo;heure o\u00f9 nous \u00e9crivons ces lignes, ils ont observ\u00e9 une pause pour la pri\u00e8re de l\u2019\u00a0\u00bbAsr\u00a0\u00bb et ont repris leurs slogans au rythme de \u00ab\u00a0Allah Akbar\u00a0\u00bb.<\/p>\n<p>Un important dispositif a \u00e9t\u00e9 mis en place par l&rsquo;arm\u00e9e nationale et la police pour emp\u00eacher les d\u00e9bordements \u00e9ventuels, violence, ou pire, occupation du si\u00e8ge.<\/p>\n<p>Une grande majorit\u00e9 du personnel de la T\u00e9l\u00e9vision a \u00e9t\u00e9 bloqu\u00e9e sur place, les mettant dans l&rsquo;impossibilit\u00e9 de rentrer chez eux&#8230;<\/p>\n","protected":false},"excerpt":{"rendered":"<p>Manifestation devant l\u2019\u00e9tablissement de la T\u00e9l\u00e9vision Nationale :  Le peuple veut&#8230; <\/p>\n","protected":false},"author":3222,"featured_media":374487,"comment_status":"open","ping_status":"closed","sticky":false,"template":"","format":"standard","meta":{"footnotes":""},"categories":[44],"tags":[],"class_list":["post-172178","post","type-post","status-publish","format-standard","has-post-thumbnail","hentry","category-national"],"yoast_head":"<!-- This site is optimized with the Yoast SEO Premium plugin v27.5 (Yoast SEO v27.5) - https:\/\/yoast.com\/product\/yoast-seo-premium-wordpress\/ -->\n<title>Manifestation devant l\u2019\u00e9tablissement de la T\u00e9l\u00e9vision Nationale : Le peuple veut...<\/title>\n<meta name=\"description\" content=\"Manifestation devant l\u2019\u00e9tablissement de la T\u00e9l\u00e9vision Nationale : Le peuple veut...\" \/>\n<link rel=\"canonical\" href=\"https:\/\/www.webdo.tn\/fr\/actualite\/national\/manifestation-devant-l-etablissement-de-la-television-nationale-le-peuple-veut\/172178\/\" \/>\n<meta property=\"og:locale\" content=\"fr_FR\" \/>\n<meta property=\"og:type\" content=\"article\" \/>\n<meta property=\"og:title\" content=\"Manifestation devant l\u2019\u00e9tablissement de la T\u00e9l\u00e9vision Nationale : &quot;Le peuple veut...&quot;\" \/>\n<meta property=\"og:description\" content=\"Manifestation devant l\u2019\u00e9tablissement de la T\u00e9l\u00e9vision Nationale : Le peuple veut...\" \/>\n<meta property=\"og:url\" content=\"https:\/\/www.webdo.tn\/fr\/actualite\/national\/manifestation-devant-l-etablissement-de-la-television-nationale-le-peuple-veut\/172178\/\" \/>\n<meta property=\"og:site_name\" content=\"webdo\" \/>\n<meta property=\"article:publisher\" content=\"https:\/\/www.facebook.com\/webdotn\" \/>\n<meta property=\"article:published_time\" content=\"2012-02-24T18:17:00+00:00\" \/>\n<meta property=\"article:modified_time\" content=\"2025-06-04T19:00:21+00:00\" \/>\n<meta name=\"author\" content=\"webdo.tn\" \/>\n<meta name=\"twitter:card\" content=\"summary_large_image\" \/>\n<meta name=\"twitter:creator\" content=\"@webdo_tn\" \/>\n<meta name=\"twitter:site\" content=\"@webdo_tn\" \/>\n<meta name=\"twitter:label1\" content=\"\u00c9crit par\" \/>\n\t<meta name=\"twitter:data1\" content=\"webdo.tn\" \/>\n\t<meta name=\"twitter:label2\" content=\"Dur\u00e9e de lecture estim\u00e9e\" \/>\n\t<meta name=\"twitter:data2\" content=\"1 minute\" \/>\n<script type=\"application\/ld+json\" class=\"yoast-schema-graph\">{\"@context\":\"https:\\\/\\\/schema.org\",\"@graph\":[{\"@type\":\"NewsArticle\",\"@id\":\"https:\\\/\\\/www.webdo.tn\\\/fr\\\/actualite\\\/national\\\/manifestation-devant-l-etablissement-de-la-television-nationale-le-peuple-veut\\\/172178\\\/#article\",\"isPartOf\":{\"@id\":\"https:\\\/\\\/www.webdo.tn\\\/fr\\\/actualite\\\/national\\\/manifestation-devant-l-etablissement-de-la-television-nationale-le-peuple-veut\\\/172178\\\/\"},\"author\":{\"name\":\"webdo.tn\",\"@id\":\"https:\\\/\\\/www.webdo.tn\\\/fr\\\/#\\\/schema\\\/person\\\/9a9c6118d687c117df8ef3cc36a4d175\"},\"headline\":\"Manifestation devant l\u2019\u00e9tablissement de la T\u00e9l\u00e9vision Nationale : \u00ab\u00a0Le peuple veut&#8230;\u00a0\u00bb\",\"datePublished\":\"2012-02-24T18:17:00+00:00\",\"dateModified\":\"2025-06-04T19:00:21+00:00\",\"mainEntityOfPage\":{\"@id\":\"https:\\\/\\\/www.webdo.tn\\\/fr\\\/actualite\\\/national\\\/manifestation-devant-l-etablissement-de-la-television-nationale-le-peuple-veut\\\/172178\\\/\"},\"wordCount\":269,\"commentCount\":0,\"publisher\":{\"@id\":\"https:\\\/\\\/www.webdo.tn\\\/fr\\\/#organization\"},\"image\":{\"@id\":\"https:\\\/\\\/www.webdo.tn\\\/fr\\\/actualite\\\/national\\\/manifestation-devant-l-etablissement-de-la-television-nationale-le-peuple-veut\\\/172178\\\/#primaryimage\"},\"thumbnailUrl\":\"https:\\\/\\\/www.webdo.tn\\\/fr\\\/wp-content\\\/uploads\\\/2025\\\/06\\\/Manifestation-devant-lEtablissement-de-la-television-tunisienne-24-fevrirer-20121_172178.jpg\",\"articleSection\":[\"National\"],\"inLanguage\":\"fr-FR\"},{\"@type\":\"WebPage\",\"@id\":\"https:\\\/\\\/www.webdo.tn\\\/fr\\\/actualite\\\/national\\\/manifestation-devant-l-etablissement-de-la-television-nationale-le-peuple-veut\\\/172178\\\/\",\"url\":\"https:\\\/\\\/www.webdo.tn\\\/fr\\\/actualite\\\/national\\\/manifestation-devant-l-etablissement-de-la-television-nationale-le-peuple-veut\\\/172178\\\/\",\"name\":\"Manifestation devant l\u2019\u00e9tablissement de la T\u00e9l\u00e9vision Nationale : Le peuple veut...\",\"isPartOf\":{\"@id\":\"https:\\\/\\\/www.webdo.tn\\\/fr\\\/#website\"},\"primaryImageOfPage\":{\"@id\":\"https:\\\/\\\/www.webdo.tn\\\/fr\\\/actualite\\\/national\\\/manifestation-devant-l-etablissement-de-la-television-nationale-le-peuple-veut\\\/172178\\\/#primaryimage\"},\"image\":{\"@id\":\"https:\\\/\\\/www.webdo.tn\\\/fr\\\/actualite\\\/national\\\/manifestation-devant-l-etablissement-de-la-television-nationale-le-peuple-veut\\\/172178\\\/#primaryimage\"},\"thumbnailUrl\":\"https:\\\/\\\/www.webdo.tn\\\/fr\\\/wp-content\\\/uploads\\\/2025\\\/06\\\/Manifestation-devant-lEtablissement-de-la-television-tunisienne-24-fevrirer-20121_172178.jpg\",\"datePublished\":\"2012-02-24T18:17:00+00:00\",\"dateModified\":\"2025-06-04T19:00:21+00:00\",\"description\":\"Manifestation devant l\u2019\u00e9tablissement de la T\u00e9l\u00e9vision Nationale : Le peuple veut...\",\"breadcrumb\":{\"@id\":\"https:\\\/\\\/www.webdo.tn\\\/fr\\\/actualite\\\/national\\\/manifestation-devant-l-etablissement-de-la-television-nationale-le-peuple-veut\\\/172178\\\/#breadcrumb\"},\"inLanguage\":\"fr-FR\",\"potentialAction\":[{\"@type\":\"ReadAction\",\"target\":[\"https:\\\/\\\/www.webdo.tn\\\/fr\\\/actualite\\\/national\\\/manifestation-devant-l-etablissement-de-la-television-nationale-le-peuple-veut\\\/172178\\\/\"]}]},{\"@type\":\"ImageObject\",\"inLanguage\":\"fr-FR\",\"@id\":\"https:\\\/\\\/www.webdo.tn\\\/fr\\\/actualite\\\/national\\\/manifestation-devant-l-etablissement-de-la-television-nationale-le-peuple-veut\\\/172178\\\/#primaryimage\",\"url\":\"https:\\\/\\\/www.webdo.tn\\\/fr\\\/wp-content\\\/uploads\\\/2025\\\/06\\\/Manifestation-devant-lEtablissement-de-la-television-tunisienne-24-fevrirer-20121_172178.jpg\",\"contentUrl\":\"https:\\\/\\\/www.webdo.tn\\\/fr\\\/wp-content\\\/uploads\\\/2025\\\/06\\\/Manifestation-devant-lEtablissement-de-la-television-tunisienne-24-fevrirer-20121_172178.jpg\",\"width\":300,\"height\":226,\"caption\":\"Manifestation devant l\u2019\u00e9tablissement de la T\u00e9l\u00e9vision Nationale : \\\"Le peuple veut...\\\"\"},{\"@type\":\"BreadcrumbList\",\"@id\":\"https:\\\/\\\/www.webdo.tn\\\/fr\\\/actualite\\\/national\\\/manifestation-devant-l-etablissement-de-la-television-nationale-le-peuple-veut\\\/172178\\\/#breadcrumb\",\"itemListElement\":[{\"@type\":\"ListItem\",\"position\":1,\"name\":\"Accueil\",\"item\":\"https:\\\/\\\/www.webdo.tn\\\/fr\\\/\"},{\"@type\":\"ListItem\",\"position\":2,\"name\":\"Manifestation devant l\u2019\u00e9tablissement de la T\u00e9l\u00e9vision Nationale : \u00ab\u00a0Le peuple veut&#8230;\u00a0\u00bb\"}]},{\"@type\":\"WebSite\",\"@id\":\"https:\\\/\\\/www.webdo.tn\\\/fr\\\/#website\",\"url\":\"https:\\\/\\\/www.webdo.tn\\\/fr\\\/\",\"name\":\"webdo\",\"description\":\"Tunisie - News en Tunisie et \u00e0 l&#039;international sur Webdo.tn\",\"publisher\":{\"@id\":\"https:\\\/\\\/www.webdo.tn\\\/fr\\\/#organization\"},\"potentialAction\":[{\"@type\":\"SearchAction\",\"target\":{\"@type\":\"EntryPoint\",\"urlTemplate\":\"https:\\\/\\\/www.webdo.tn\\\/fr\\\/?s={search_term_string}\"},\"query-input\":{\"@type\":\"PropertyValueSpecification\",\"valueRequired\":true,\"valueName\":\"search_term_string\"}}],\"inLanguage\":\"fr-FR\"},{\"@type\":\"Organization\",\"@id\":\"https:\\\/\\\/www.webdo.tn\\\/fr\\\/#organization\",\"name\":\"Webdo\",\"alternateName\":\"Webdo.tn\",\"url\":\"https:\\\/\\\/www.webdo.tn\\\/fr\\\/\",\"logo\":{\"@type\":\"ImageObject\",\"inLanguage\":\"fr-FR\",\"@id\":\"https:\\\/\\\/www.webdo.tn\\\/fr\\\/#\\\/schema\\\/logo\\\/image\\\/\",\"url\":\"https:\\\/\\\/www.webdo.tn\\\/fr\\\/wp-content\\\/uploads\\\/2025\\\/06\\\/Webdo-Tunisie_168377.jpg\",\"contentUrl\":\"https:\\\/\\\/www.webdo.tn\\\/fr\\\/wp-content\\\/uploads\\\/2025\\\/06\\\/Webdo-Tunisie_168377.jpg\",\"width\":301,\"height\":301,\"caption\":\"Webdo\"},\"image\":{\"@id\":\"https:\\\/\\\/www.webdo.tn\\\/fr\\\/#\\\/schema\\\/logo\\\/image\\\/\"},\"sameAs\":[\"https:\\\/\\\/www.facebook.com\\\/webdotn\",\"https:\\\/\\\/x.com\\\/webdo_tn\"],\"description\":\"Webdo est un m\u00e9dia num\u00e9rique tunisien fond\u00e9 en 2010, sp\u00e9cialis\u00e9 dans l\u2019actualit\u00e9 nationale et internationale, l\u2019\u00e9conomie, la soci\u00e9t\u00e9 et les analyses politiques. Le site s\u2019adresse \u00e0 un large public francophone et couvre l\u2019information tunisienne en temps r\u00e9el.\",\"email\":\"redac@webdo.tn\",\"legalName\":\"YNJ SARL\",\"foundingDate\":\"2010-09-06\",\"numberOfEmployees\":{\"@type\":\"QuantitativeValue\",\"minValue\":\"11\",\"maxValue\":\"50\"}},{\"@type\":\"Person\",\"@id\":\"https:\\\/\\\/www.webdo.tn\\\/fr\\\/#\\\/schema\\\/person\\\/9a9c6118d687c117df8ef3cc36a4d175\",\"name\":\"webdo.tn\",\"image\":{\"@type\":\"ImageObject\",\"inLanguage\":\"fr-FR\",\"@id\":\"https:\\\/\\\/secure.gravatar.com\\\/avatar\\\/7ce1f28c0c3bbac99ff550b85ef8e44a6950c6ee24514fb6a5489e51d06f0298?s=96&d=mm&r=g\",\"url\":\"https:\\\/\\\/secure.gravatar.com\\\/avatar\\\/7ce1f28c0c3bbac99ff550b85ef8e44a6950c6ee24514fb6a5489e51d06f0298?s=96&d=mm&r=g\",\"contentUrl\":\"https:\\\/\\\/secure.gravatar.com\\\/avatar\\\/7ce1f28c0c3bbac99ff550b85ef8e44a6950c6ee24514fb6a5489e51d06f0298?s=96&d=mm&r=g\",\"caption\":\"webdo.tn\"},\"url\":\"https:\\\/\\\/www.webdo.tn\\\/fr\\\/actualite\\\/author\\\/webdotn\\\/\"}]}<\/script>\n<!-- \/ Yoast SEO Premium plugin. -->","yoast_head_json":{"title":"Manifestation devant l\u2019\u00e9tablissement de la T\u00e9l\u00e9vision Nationale : Le peuple veut...","description":"Manifestation devant l\u2019\u00e9tablissement de la T\u00e9l\u00e9vision Nationale : Le peuple veut...","canonical":"https:\/\/www.webdo.tn\/fr\/actualite\/national\/manifestation-devant-l-etablissement-de-la-television-nationale-le-peuple-veut\/172178\/","og_locale":"fr_FR","og_type":"article","og_title":"Manifestation devant l\u2019\u00e9tablissement de la T\u00e9l\u00e9vision Nationale : \"Le peuple veut...\"","og_description":"Manifestation devant l\u2019\u00e9tablissement de la T\u00e9l\u00e9vision Nationale : Le peuple veut...","og_url":"https:\/\/www.webdo.tn\/fr\/actualite\/national\/manifestation-devant-l-etablissement-de-la-television-nationale-le-peuple-veut\/172178\/","og_site_name":"webdo","article_publisher":"https:\/\/www.facebook.com\/webdotn","article_published_time":"2012-02-24T18:17:00+00:00","article_modified_time":"2025-06-04T19:00:21+00:00","author":"webdo.tn","twitter_card":"summary_large_image","twitter_creator":"@webdo_tn","twitter_site":"@webdo_tn","twitter_misc":{"\u00c9crit par":"webdo.tn","Dur\u00e9e de lecture estim\u00e9e":"1 minute"},"schema":{"@context":"https:\/\/schema.org","@graph":[{"@type":"NewsArticle","@id":"https:\/\/www.webdo.tn\/fr\/actualite\/national\/manifestation-devant-l-etablissement-de-la-television-nationale-le-peuple-veut\/172178\/#article","isPartOf":{"@id":"https:\/\/www.webdo.tn\/fr\/actualite\/national\/manifestation-devant-l-etablissement-de-la-television-nationale-le-peuple-veut\/172178\/"},"author":{"name":"webdo.tn","@id":"https:\/\/www.webdo.tn\/fr\/#\/schema\/person\/9a9c6118d687c117df8ef3cc36a4d175"},"headline":"Manifestation devant l\u2019\u00e9tablissement de la T\u00e9l\u00e9vision Nationale : \u00ab\u00a0Le peuple veut&#8230;\u00a0\u00bb","datePublished":"2012-02-24T18:17:00+00:00","dateModified":"2025-06-04T19:00:21+00:00","mainEntityOfPage":{"@id":"https:\/\/www.webdo.tn\/fr\/actualite\/national\/manifestation-devant-l-etablissement-de-la-television-nationale-le-peuple-veut\/172178\/"},"wordCount":269,"commentCount":0,"publisher":{"@id":"https:\/\/www.webdo.tn\/fr\/#organization"},"image":{"@id":"https:\/\/www.webdo.tn\/fr\/actualite\/national\/manifestation-devant-l-etablissement-de-la-television-nationale-le-peuple-veut\/172178\/#primaryimage"},"thumbnailUrl":"https:\/\/www.webdo.tn\/fr\/wp-content\/uploads\/2025\/06\/Manifestation-devant-lEtablissement-de-la-television-tunisienne-24-fevrirer-20121_172178.jpg","articleSection":["National"],"inLanguage":"fr-FR"},{"@type":"WebPage","@id":"https:\/\/www.webdo.tn\/fr\/actualite\/national\/manifestation-devant-l-etablissement-de-la-television-nationale-le-peuple-veut\/172178\/","url":"https:\/\/www.webdo.tn\/fr\/actualite\/national\/manifestation-devant-l-etablissement-de-la-television-nationale-le-peuple-veut\/172178\/","name":"Manifestation devant l\u2019\u00e9tablissement de la T\u00e9l\u00e9vision Nationale : Le peuple veut...","isPartOf":{"@id":"https:\/\/www.webdo.tn\/fr\/#website"},"primaryImageOfPage":{"@id":"https:\/\/www.webdo.tn\/fr\/actualite\/national\/manifestation-devant-l-etablissement-de-la-television-nationale-le-peuple-veut\/172178\/#primaryimage"},"image":{"@id":"https:\/\/www.webdo.tn\/fr\/actualite\/national\/manifestation-devant-l-etablissement-de-la-television-nationale-le-peuple-veut\/172178\/#primaryimage"},"thumbnailUrl":"https:\/\/www.webdo.tn\/fr\/wp-content\/uploads\/2025\/06\/Manifestation-devant-lEtablissement-de-la-television-tunisienne-24-fevrirer-20121_172178.jpg","datePublished":"2012-02-24T18:17:00+00:00","dateModified":"2025-06-04T19:00:21+00:00","description":"Manifestation devant l\u2019\u00e9tablissement de la T\u00e9l\u00e9vision Nationale : Le peuple veut...","breadcrumb":{"@id":"https:\/\/www.webdo.tn\/fr\/actualite\/national\/manifestation-devant-l-etablissement-de-la-television-nationale-le-peuple-veut\/172178\/#breadcrumb"},"inLanguage":"fr-FR","potentialAction":[{"@type":"ReadAction","target":["https:\/\/www.webdo.tn\/fr\/actualite\/national\/manifestation-devant-l-etablissement-de-la-television-nationale-le-peuple-veut\/172178\/"]}]},{"@type":"ImageObject","inLanguage":"fr-FR","@id":"https:\/\/www.webdo.tn\/fr\/actualite\/national\/manifestation-devant-l-etablissement-de-la-television-nationale-le-peuple-veut\/172178\/#primaryimage","url":"https:\/\/www.webdo.tn\/fr\/wp-content\/uploads\/2025\/06\/Manifestation-devant-lEtablissement-de-la-television-tunisienne-24-fevrirer-20121_172178.jpg","contentUrl":"https:\/\/www.webdo.tn\/fr\/wp-content\/uploads\/2025\/06\/Manifestation-devant-lEtablissement-de-la-television-tunisienne-24-fevrirer-20121_172178.jpg","width":300,"height":226,"caption":"Manifestation devant l\u2019\u00e9tablissement de la T\u00e9l\u00e9vision Nationale : \"Le peuple veut...\""},{"@type":"BreadcrumbList","@id":"https:\/\/www.webdo.tn\/fr\/actualite\/national\/manifestation-devant-l-etablissement-de-la-television-nationale-le-peuple-veut\/172178\/#breadcrumb","itemListElement":[{"@type":"ListItem","position":1,"name":"Accueil","item":"https:\/\/www.webdo.tn\/fr\/"},{"@type":"ListItem","position":2,"name":"Manifestation devant l\u2019\u00e9tablissement de la T\u00e9l\u00e9vision Nationale : \u00ab\u00a0Le peuple veut&#8230;\u00a0\u00bb"}]},{"@type":"WebSite","@id":"https:\/\/www.webdo.tn\/fr\/#website","url":"https:\/\/www.webdo.tn\/fr\/","name":"webdo","description":"Tunisie - News en Tunisie et \u00e0 l&#039;international sur Webdo.tn","publisher":{"@id":"https:\/\/www.webdo.tn\/fr\/#organization"},"potentialAction":[{"@type":"SearchAction","target":{"@type":"EntryPoint","urlTemplate":"https:\/\/www.webdo.tn\/fr\/?s={search_term_string}"},"query-input":{"@type":"PropertyValueSpecification","valueRequired":true,"valueName":"search_term_string"}}],"inLanguage":"fr-FR"},{"@type":"Organization","@id":"https:\/\/www.webdo.tn\/fr\/#organization","name":"Webdo","alternateName":"Webdo.tn","url":"https:\/\/www.webdo.tn\/fr\/","logo":{"@type":"ImageObject","inLanguage":"fr-FR","@id":"https:\/\/www.webdo.tn\/fr\/#\/schema\/logo\/image\/","url":"https:\/\/www.webdo.tn\/fr\/wp-content\/uploads\/2025\/06\/Webdo-Tunisie_168377.jpg","contentUrl":"https:\/\/www.webdo.tn\/fr\/wp-content\/uploads\/2025\/06\/Webdo-Tunisie_168377.jpg","width":301,"height":301,"caption":"Webdo"},"image":{"@id":"https:\/\/www.webdo.tn\/fr\/#\/schema\/logo\/image\/"},"sameAs":["https:\/\/www.facebook.com\/webdotn","https:\/\/x.com\/webdo_tn"],"description":"Webdo est un m\u00e9dia num\u00e9rique tunisien fond\u00e9 en 2010, sp\u00e9cialis\u00e9 dans l\u2019actualit\u00e9 nationale et internationale, l\u2019\u00e9conomie, la soci\u00e9t\u00e9 et les analyses politiques. Le site s\u2019adresse \u00e0 un large public francophone et couvre l\u2019information tunisienne en temps r\u00e9el.","email":"redac@webdo.tn","legalName":"YNJ SARL","foundingDate":"2010-09-06","numberOfEmployees":{"@type":"QuantitativeValue","minValue":"11","maxValue":"50"}},{"@type":"Person","@id":"https:\/\/www.webdo.tn\/fr\/#\/schema\/person\/9a9c6118d687c117df8ef3cc36a4d175","name":"webdo.tn","image":{"@type":"ImageObject","inLanguage":"fr-FR","@id":"https:\/\/secure.gravatar.com\/avatar\/7ce1f28c0c3bbac99ff550b85ef8e44a6950c6ee24514fb6a5489e51d06f0298?s=96&d=mm&r=g","url":"https:\/\/secure.gravatar.com\/avatar\/7ce1f28c0c3bbac99ff550b85ef8e44a6950c6ee24514fb6a5489e51d06f0298?s=96&d=mm&r=g","contentUrl":"https:\/\/secure.gravatar.com\/avatar\/7ce1f28c0c3bbac99ff550b85ef8e44a6950c6ee24514fb6a5489e51d06f0298?s=96&d=mm&r=g","caption":"webdo.tn"},"url":"https:\/\/www.webdo.tn\/fr\/actualite\/author\/webdotn\/"}]}},"_links":{"self":[{"href":"https:\/\/www.webdo.tn\/fr\/wp-json\/wp\/v2\/posts\/172178","targetHints":{"allow":["GET"]}}],"collection":[{"href":"https:\/\/www.webdo.tn\/fr\/wp-json\/wp\/v2\/posts"}],"about":[{"href":"https:\/\/www.webdo.tn\/fr\/wp-json\/wp\/v2\/types\/post"}],"author":[{"embeddable":true,"href":"https:\/\/www.webdo.tn\/fr\/wp-json\/wp\/v2\/users\/3222"}],"replies":[{"embeddable":true,"href":"https:\/\/www.webdo.tn\/fr\/wp-json\/wp\/v2\/comments?post=172178"}],"version-history":[{"count":0,"href":"https:\/\/www.webdo.tn\/fr\/wp-json\/wp\/v2\/posts\/172178\/revisions"}],"wp:featuredmedia":[{"embeddable":true,"href":"https:\/\/www.webdo.tn\/fr\/wp-json\/wp\/v2\/media\/374487"}],"wp:attachment":[{"href":"https:\/\/www.webdo.tn\/fr\/wp-json\/wp\/v2\/media?parent=172178"}],"wp:term":[{"taxonomy":"category","embeddable":true,"href":"https:\/\/www.webdo.tn\/fr\/wp-json\/wp\/v2\/categories?post=172178"},{"taxonomy":"post_tag","embeddable":true,"href":"https:\/\/www.webdo.tn\/fr\/wp-json\/wp\/v2\/tags?post=172178"}],"curies":[{"name":"wp","href":"https:\/\/api.w.org\/{rel}","templated":true}]}}