{"id":172177,"date":"2012-02-25T14:58:00","date_gmt":"2012-02-25T14:58:00","guid":{"rendered":"https:\/\/www.webdo.tn\/fr\/blog\/manifestation-contre-la-liberte-dexpression-doit-on-montrer-la-vie-en-rose-pour-ne-pas-etre-accuse-de-mauve\/172177\/"},"modified":"2025-06-04T19:00:13","modified_gmt":"2025-06-04T19:00:13","slug":"manifestation-contre-la-liberte-dexpression-doit-on-montrer-la-vie-en-rose-pour-ne-pas-etre-accuse-de-mauve","status":"publish","type":"post","link":"https:\/\/www.webdo.tn\/fr\/actualite\/national\/manifestation-contre-la-liberte-dexpression-doit-on-montrer-la-vie-en-rose-pour-ne-pas-etre-accuse-de-mauve\/172177\/","title":{"rendered":"Manifestation contre la libert\u00e9 d\u2019expression : doit-on montrer la vie en rose pour ne pas \u00eatre accus\u00e9 de mauve  ?"},"content":{"rendered":"<p>En apparence, la manifestation organis\u00e9e le  24 f\u00e9vrier 2012 devant le si\u00e8ge de l\u2019Etablissement de t\u00e9l\u00e9vision tunisienne est une r\u00e9action suite \u00e0 la diffusion sur la cha\u00eene Nationale d\u2019un refrain d\u2019une chanson faisant l\u2019\u00e9loge du 7 novembre.  Au demeurant, diffusion condamnable \u00e0 tout point de vue  d\u2019autant plus qu\u2019elle n\u2019est pas la premi\u00e8re du genre depuis le 14 janvier. Les responsables de la programmation sur cette cha\u00eene devaient donc prendre suffisamment de mesures pour que de telles inadvertances ne se reproduisent plus et ce, pour des consid\u00e9rations de principe et par respect \u00e0 la r\u00e9volution du peuple tunisien  .<\/p>\n<p>Mais dans le fond, cette diffusion dont le c\u00f4t\u00e9 scandaleux ne doit pas \u00eatre ni\u00e9 a servi d\u2019alibi pour manifester contre la libert\u00e9 d\u2019expression qui a commenc\u00e9 \u00e0 prendre forme dans le paysage m\u00e9diatique et audiovisuel et qui semble d\u00e9ranger certaines parties dans le pouvoir . Les repr\u00e9sentants de la Tro\u00efka et particuli\u00e8rement la majorit\u00e9 au pouvoir n\u2019ont pas appr\u00e9ci\u00e9 la couverture des \u00e9v\u00e9nements sur les plans social et \u00e9conomique qui d\u00e9montrent que le pays n\u2019est pas en train d\u2019avancer dans le sens des promesses \u00e9lectorales et des engagements politiques. Doit-on d\u00e8s lors taire certaines v\u00e9rit\u00e9s blessantes, se limiter aux r\u00e9alisations, s\u2019il y a lieu, et ressusciter la langue de bois pour plaire aux gens du gouvernement ?<\/p>\n<p>Dans des d\u00e9clarations \u00e9manant du Pr\u00e9sident de la R\u00e9publique et de  certains responsables gouvernementaux et proches du r\u00e9gime, l\u2019accent a \u00e9t\u00e9 mis sur la dramatisation des \u00e9v\u00e9nements qui donne une mauvaise image de la Tunisie au d\u00e9triment de la r\u00e9putation qu\u2019elle s\u2019est constitu\u00e9e gr\u00e2ce \u00e0 la r\u00e9volution du 14 janvier, de l\u2019investissement et de la coop\u00e9ration avec l\u2019\u00e9tranger. Le message est donc d\u2019occulter toute information et tout \u00e9v\u00e9nement en rapport avec la vague des mouvements de contestations sociales et les dangers que repr\u00e9sentent les forces r\u00e9trogrades qui veulent faire revenir le pays  au moyen \u00e2ge.<\/p>\n<p>C\u2019est dans ce m\u00eame sens que s\u2019est exprim\u00e9 M. Rached Ghannouchi  lors de la conf\u00e9rence de presse organis\u00e9e le 23 f\u00e9vrier par son mouvement. Dans une r\u00e9ponse \u00e0 une question sur la situation de la libert\u00e9 de la presse, M. Ghannouchi  qui s\u2019est prononc\u00e9 contre  l\u2019incarc\u00e9ration des journalistes, a insist\u00e9 sur l\u2019objectivit\u00e9 de la prestation m\u00e9diatique et l\u2019assainissement du secteur \u00e0  commencer  en premier lieu par la publication de la liste  des journalistes corrompus. Rappelons \u00e0 ce dernier propos  qu\u2019une commission a \u00e9t\u00e9 cr\u00e9\u00e9e en novembre 2011 par le syndicat national des journalistes tunisiens pour arr\u00eater cette  liste qui comprend  les exhorteurs et les apologues z\u00e9l\u00e9s de l\u2019ancien r\u00e9gime. Seulement, dans le contexte o\u00f9 elle a \u00e9t\u00e9 formul\u00e9e, cette critique de la part du chef spirituel du mouvement ENNAHDHA est un autre alibi pour justifier les prises de position \u00e0 l\u2019\u00e9gard de la presse et des journalistes.<\/p>\n<p>L\u2019appel \u00e0 la manifestation organis\u00e9e au lendemain de cette  conf\u00e9rence de presse n\u2019est pas \u00e9tranger \u00e0  ces prises de position o\u00f9 l\u2019on reproche aux media leur partialit\u00e9 et leur subjectivit\u00e9. D\u2019ailleurs, les slogans scand\u00e9s d\u00e9montrent que le mobile des manifestants ne se r\u00e9duit  pas au  refrain d\u2019une chanson faisant l\u2019\u00e9loge du 7 novembre mais concerne le contenu d\u2019une programmation qui met en exergue le v\u00e9cu quotidien des d\u00e9munis et des couches sociales vivant en de\u00e7\u00e0 du seuil de la pauvret\u00e9, pr\u00e9sente la r\u00e9alit\u00e9 des mouvements sociaux et d\u00e9nonce l\u2019obscurantisme.<\/p>\n<p>La pr\u00e9sence massive des salafistes \u00e0 la manifestation symbolise l\u2019insatisfaction des adeptes de ce mouvement qui a fait des siennes \u00e0 Sejnane, Bir Ben Kh\u00e9lifa et tout derni\u00e8rement \u00e0 Jendouba. La d\u00e9nonciation de leurs man\u0153uvres par les m\u00e9dias a \u00e9galement d\u00e9plu au gouvernement qui les accusent d\u2019avoir amplifi\u00e9 l\u2019\u00e9v\u00e9nement.<\/p>\n<p>Cette  manifestation n\u2019est pas sans rappeler les marches de la honte organis\u00e9es autrefois par le RCD chaque fois qu\u2019un mouvement politique ou social se d\u00e9clenchait dans le pays. Le r\u00e9gime de Benali qui \u00e9tait \u00e0 court d\u2019arguments pour convaincre le peuple et la communaut\u00e9 internationale se servait de ses troupes pour simuler des campagnes de soutien en faveur du dictateur et d\u2019indignation \u00e0 l\u2019encontre de l\u2019opposition et des militants des droits de l\u2019homme.<\/p>\n<p>La seule diff\u00e9rence est que \u00e0 l\u2019\u00e9poque, les miliciens  \u00e9taient pay\u00e9s pour  manifester  contre ceux qui r\u00e9clamaient la libert\u00e9 de presse. De nos jours, les partisans et les sympathisants sont invit\u00e9s \u00e0 manifester  contre ceux qui exercent cette libert\u00e9 .<\/p>\n","protected":false},"excerpt":{"rendered":"<p>Manifestation contre la libert\u00e9 d\u2019expression : doit-on montrer la vie en rose pour ne pas \u00eatre accus\u00e9 de mauve  ? <\/p>\n","protected":false},"author":3222,"featured_media":333738,"comment_status":"open","ping_status":"closed","sticky":false,"template":"","format":"standard","meta":{"footnotes":""},"categories":[44],"tags":[],"class_list":["post-172177","post","type-post","status-publish","format-standard","has-post-thumbnail","hentry","category-national"],"yoast_head":"<!-- This site is optimized with the Yoast SEO Premium plugin v27.5 (Yoast SEO v27.5) - https:\/\/yoast.com\/product\/yoast-seo-premium-wordpress\/ -->\n<title>Manifestation contre la libert\u00e9 d\u2019expression : doit-on montrer la vie en rose pour ne pas \u00eatre accus\u00e9 de mauve ?<\/title>\n<meta name=\"description\" content=\"Manifestation contre la libert\u00e9 d\u2019expression : doit-on montrer la vie en rose pour ne pas \u00eatre accus\u00e9 de mauve ?\" \/>\n<link rel=\"canonical\" href=\"https:\/\/www.webdo.tn\/fr\/actualite\/national\/manifestation-contre-la-liberte-dexpression-doit-on-montrer-la-vie-en-rose-pour-ne-pas-etre-accuse-de-mauve\/172177\/\" \/>\n<meta property=\"og:locale\" content=\"fr_FR\" \/>\n<meta property=\"og:type\" content=\"article\" \/>\n<meta property=\"og:title\" content=\"Manifestation contre la libert\u00e9 d\u2019expression : doit-on montrer la vie en rose pour ne pas \u00eatre accus\u00e9 de mauve ?\" \/>\n<meta property=\"og:description\" content=\"Manifestation contre la libert\u00e9 d\u2019expression : doit-on montrer la vie en rose pour ne pas \u00eatre accus\u00e9 de mauve ?\" \/>\n<meta property=\"og:url\" content=\"https:\/\/www.webdo.tn\/fr\/actualite\/national\/manifestation-contre-la-liberte-dexpression-doit-on-montrer-la-vie-en-rose-pour-ne-pas-etre-accuse-de-mauve\/172177\/\" \/>\n<meta property=\"og:site_name\" content=\"webdo\" \/>\n<meta property=\"article:publisher\" content=\"https:\/\/www.facebook.com\/webdotn\" \/>\n<meta property=\"article:published_time\" content=\"2012-02-25T14:58:00+00:00\" \/>\n<meta property=\"article:modified_time\" content=\"2025-06-04T19:00:13+00:00\" \/>\n<meta property=\"og:image\" content=\"https:\/\/www.webdo.tn\/fr\/wp-content\/uploads\/2012\/02\/manif-150x150-1.png\" \/>\n\t<meta property=\"og:image:width\" content=\"150\" \/>\n\t<meta property=\"og:image:height\" content=\"150\" \/>\n\t<meta property=\"og:image:type\" content=\"image\/png\" \/>\n<meta name=\"author\" content=\"webdo.tn\" \/>\n<meta name=\"twitter:card\" content=\"summary_large_image\" \/>\n<meta name=\"twitter:creator\" content=\"@webdo_tn\" \/>\n<meta name=\"twitter:site\" content=\"@webdo_tn\" \/>\n<meta name=\"twitter:label1\" content=\"\u00c9crit par\" \/>\n\t<meta name=\"twitter:data1\" content=\"webdo.tn\" \/>\n\t<meta name=\"twitter:label2\" content=\"Dur\u00e9e de lecture estim\u00e9e\" \/>\n\t<meta name=\"twitter:data2\" content=\"4 minutes\" \/>\n<script type=\"application\/ld+json\" class=\"yoast-schema-graph\">{\"@context\":\"https:\\\/\\\/schema.org\",\"@graph\":[{\"@type\":\"NewsArticle\",\"@id\":\"https:\\\/\\\/www.webdo.tn\\\/fr\\\/actualite\\\/national\\\/manifestation-contre-la-liberte-dexpression-doit-on-montrer-la-vie-en-rose-pour-ne-pas-etre-accuse-de-mauve\\\/172177\\\/#article\",\"isPartOf\":{\"@id\":\"https:\\\/\\\/www.webdo.tn\\\/fr\\\/actualite\\\/national\\\/manifestation-contre-la-liberte-dexpression-doit-on-montrer-la-vie-en-rose-pour-ne-pas-etre-accuse-de-mauve\\\/172177\\\/\"},\"author\":{\"name\":\"webdo.tn\",\"@id\":\"https:\\\/\\\/www.webdo.tn\\\/fr\\\/#\\\/schema\\\/person\\\/9a9c6118d687c117df8ef3cc36a4d175\"},\"headline\":\"Manifestation contre la libert\u00e9 d\u2019expression : doit-on montrer la vie en rose pour ne pas \u00eatre accus\u00e9 de mauve ?\",\"datePublished\":\"2012-02-25T14:58:00+00:00\",\"dateModified\":\"2025-06-04T19:00:13+00:00\",\"mainEntityOfPage\":{\"@id\":\"https:\\\/\\\/www.webdo.tn\\\/fr\\\/actualite\\\/national\\\/manifestation-contre-la-liberte-dexpression-doit-on-montrer-la-vie-en-rose-pour-ne-pas-etre-accuse-de-mauve\\\/172177\\\/\"},\"wordCount\":822,\"commentCount\":0,\"publisher\":{\"@id\":\"https:\\\/\\\/www.webdo.tn\\\/fr\\\/#organization\"},\"image\":{\"@id\":\"https:\\\/\\\/www.webdo.tn\\\/fr\\\/actualite\\\/national\\\/manifestation-contre-la-liberte-dexpression-doit-on-montrer-la-vie-en-rose-pour-ne-pas-etre-accuse-de-mauve\\\/172177\\\/#primaryimage\"},\"thumbnailUrl\":\"https:\\\/\\\/www.webdo.tn\\\/fr\\\/wp-content\\\/uploads\\\/2012\\\/02\\\/manif-150x150-1.png\",\"articleSection\":[\"National\"],\"inLanguage\":\"fr-FR\"},{\"@type\":\"WebPage\",\"@id\":\"https:\\\/\\\/www.webdo.tn\\\/fr\\\/actualite\\\/national\\\/manifestation-contre-la-liberte-dexpression-doit-on-montrer-la-vie-en-rose-pour-ne-pas-etre-accuse-de-mauve\\\/172177\\\/\",\"url\":\"https:\\\/\\\/www.webdo.tn\\\/fr\\\/actualite\\\/national\\\/manifestation-contre-la-liberte-dexpression-doit-on-montrer-la-vie-en-rose-pour-ne-pas-etre-accuse-de-mauve\\\/172177\\\/\",\"name\":\"Manifestation contre la libert\u00e9 d\u2019expression : doit-on montrer la vie en rose pour ne pas \u00eatre accus\u00e9 de mauve ?\",\"isPartOf\":{\"@id\":\"https:\\\/\\\/www.webdo.tn\\\/fr\\\/#website\"},\"primaryImageOfPage\":{\"@id\":\"https:\\\/\\\/www.webdo.tn\\\/fr\\\/actualite\\\/national\\\/manifestation-contre-la-liberte-dexpression-doit-on-montrer-la-vie-en-rose-pour-ne-pas-etre-accuse-de-mauve\\\/172177\\\/#primaryimage\"},\"image\":{\"@id\":\"https:\\\/\\\/www.webdo.tn\\\/fr\\\/actualite\\\/national\\\/manifestation-contre-la-liberte-dexpression-doit-on-montrer-la-vie-en-rose-pour-ne-pas-etre-accuse-de-mauve\\\/172177\\\/#primaryimage\"},\"thumbnailUrl\":\"https:\\\/\\\/www.webdo.tn\\\/fr\\\/wp-content\\\/uploads\\\/2012\\\/02\\\/manif-150x150-1.png\",\"datePublished\":\"2012-02-25T14:58:00+00:00\",\"dateModified\":\"2025-06-04T19:00:13+00:00\",\"description\":\"Manifestation contre la libert\u00e9 d\u2019expression : doit-on montrer la vie en rose pour ne pas \u00eatre accus\u00e9 de mauve ?\",\"breadcrumb\":{\"@id\":\"https:\\\/\\\/www.webdo.tn\\\/fr\\\/actualite\\\/national\\\/manifestation-contre-la-liberte-dexpression-doit-on-montrer-la-vie-en-rose-pour-ne-pas-etre-accuse-de-mauve\\\/172177\\\/#breadcrumb\"},\"inLanguage\":\"fr-FR\",\"potentialAction\":[{\"@type\":\"ReadAction\",\"target\":[\"https:\\\/\\\/www.webdo.tn\\\/fr\\\/actualite\\\/national\\\/manifestation-contre-la-liberte-dexpression-doit-on-montrer-la-vie-en-rose-pour-ne-pas-etre-accuse-de-mauve\\\/172177\\\/\"]}]},{\"@type\":\"ImageObject\",\"inLanguage\":\"fr-FR\",\"@id\":\"https:\\\/\\\/www.webdo.tn\\\/fr\\\/actualite\\\/national\\\/manifestation-contre-la-liberte-dexpression-doit-on-montrer-la-vie-en-rose-pour-ne-pas-etre-accuse-de-mauve\\\/172177\\\/#primaryimage\",\"url\":\"https:\\\/\\\/www.webdo.tn\\\/fr\\\/wp-content\\\/uploads\\\/2012\\\/02\\\/manif-150x150-1.png\",\"contentUrl\":\"https:\\\/\\\/www.webdo.tn\\\/fr\\\/wp-content\\\/uploads\\\/2012\\\/02\\\/manif-150x150-1.png\",\"width\":150,\"height\":150,\"caption\":\"Manifestation contre la libert\u00e9 d\u2019expression : doit-on montrer la vie en rose pour ne pas \u00eatre accus\u00e9 de mauve ?\"},{\"@type\":\"BreadcrumbList\",\"@id\":\"https:\\\/\\\/www.webdo.tn\\\/fr\\\/actualite\\\/national\\\/manifestation-contre-la-liberte-dexpression-doit-on-montrer-la-vie-en-rose-pour-ne-pas-etre-accuse-de-mauve\\\/172177\\\/#breadcrumb\",\"itemListElement\":[{\"@type\":\"ListItem\",\"position\":1,\"name\":\"Accueil\",\"item\":\"https:\\\/\\\/www.webdo.tn\\\/fr\\\/\"},{\"@type\":\"ListItem\",\"position\":2,\"name\":\"Manifestation contre la libert\u00e9 d\u2019expression : doit-on montrer la vie en rose pour ne pas \u00eatre accus\u00e9 de mauve ?\"}]},{\"@type\":\"WebSite\",\"@id\":\"https:\\\/\\\/www.webdo.tn\\\/fr\\\/#website\",\"url\":\"https:\\\/\\\/www.webdo.tn\\\/fr\\\/\",\"name\":\"webdo\",\"description\":\"Tunisie - News en Tunisie et \u00e0 l&#039;international sur Webdo.tn\",\"publisher\":{\"@id\":\"https:\\\/\\\/www.webdo.tn\\\/fr\\\/#organization\"},\"potentialAction\":[{\"@type\":\"SearchAction\",\"target\":{\"@type\":\"EntryPoint\",\"urlTemplate\":\"https:\\\/\\\/www.webdo.tn\\\/fr\\\/?s={search_term_string}\"},\"query-input\":{\"@type\":\"PropertyValueSpecification\",\"valueRequired\":true,\"valueName\":\"search_term_string\"}}],\"inLanguage\":\"fr-FR\"},{\"@type\":\"Organization\",\"@id\":\"https:\\\/\\\/www.webdo.tn\\\/fr\\\/#organization\",\"name\":\"Webdo\",\"alternateName\":\"Webdo.tn\",\"url\":\"https:\\\/\\\/www.webdo.tn\\\/fr\\\/\",\"logo\":{\"@type\":\"ImageObject\",\"inLanguage\":\"fr-FR\",\"@id\":\"https:\\\/\\\/www.webdo.tn\\\/fr\\\/#\\\/schema\\\/logo\\\/image\\\/\",\"url\":\"https:\\\/\\\/www.webdo.tn\\\/fr\\\/wp-content\\\/uploads\\\/2025\\\/06\\\/Webdo-Tunisie_168377.jpg\",\"contentUrl\":\"https:\\\/\\\/www.webdo.tn\\\/fr\\\/wp-content\\\/uploads\\\/2025\\\/06\\\/Webdo-Tunisie_168377.jpg\",\"width\":301,\"height\":301,\"caption\":\"Webdo\"},\"image\":{\"@id\":\"https:\\\/\\\/www.webdo.tn\\\/fr\\\/#\\\/schema\\\/logo\\\/image\\\/\"},\"sameAs\":[\"https:\\\/\\\/www.facebook.com\\\/webdotn\",\"https:\\\/\\\/x.com\\\/webdo_tn\"],\"description\":\"Webdo est un m\u00e9dia num\u00e9rique tunisien fond\u00e9 en 2010, sp\u00e9cialis\u00e9 dans l\u2019actualit\u00e9 nationale et internationale, l\u2019\u00e9conomie, la soci\u00e9t\u00e9 et les analyses politiques. Le site s\u2019adresse \u00e0 un large public francophone et couvre l\u2019information tunisienne en temps r\u00e9el.\",\"email\":\"redac@webdo.tn\",\"legalName\":\"YNJ SARL\",\"foundingDate\":\"2010-09-06\",\"numberOfEmployees\":{\"@type\":\"QuantitativeValue\",\"minValue\":\"11\",\"maxValue\":\"50\"}},{\"@type\":\"Person\",\"@id\":\"https:\\\/\\\/www.webdo.tn\\\/fr\\\/#\\\/schema\\\/person\\\/9a9c6118d687c117df8ef3cc36a4d175\",\"name\":\"webdo.tn\",\"image\":{\"@type\":\"ImageObject\",\"inLanguage\":\"fr-FR\",\"@id\":\"https:\\\/\\\/secure.gravatar.com\\\/avatar\\\/7ce1f28c0c3bbac99ff550b85ef8e44a6950c6ee24514fb6a5489e51d06f0298?s=96&d=mm&r=g\",\"url\":\"https:\\\/\\\/secure.gravatar.com\\\/avatar\\\/7ce1f28c0c3bbac99ff550b85ef8e44a6950c6ee24514fb6a5489e51d06f0298?s=96&d=mm&r=g\",\"contentUrl\":\"https:\\\/\\\/secure.gravatar.com\\\/avatar\\\/7ce1f28c0c3bbac99ff550b85ef8e44a6950c6ee24514fb6a5489e51d06f0298?s=96&d=mm&r=g\",\"caption\":\"webdo.tn\"},\"url\":\"https:\\\/\\\/www.webdo.tn\\\/fr\\\/actualite\\\/author\\\/webdotn\\\/\"}]}<\/script>\n<!-- \/ Yoast SEO Premium plugin. -->","yoast_head_json":{"title":"Manifestation contre la libert\u00e9 d\u2019expression : doit-on montrer la vie en rose pour ne pas \u00eatre accus\u00e9 de mauve ?","description":"Manifestation contre la libert\u00e9 d\u2019expression : doit-on montrer la vie en rose pour ne pas \u00eatre accus\u00e9 de mauve ?","canonical":"https:\/\/www.webdo.tn\/fr\/actualite\/national\/manifestation-contre-la-liberte-dexpression-doit-on-montrer-la-vie-en-rose-pour-ne-pas-etre-accuse-de-mauve\/172177\/","og_locale":"fr_FR","og_type":"article","og_title":"Manifestation contre la libert\u00e9 d\u2019expression : doit-on montrer la vie en rose pour ne pas \u00eatre accus\u00e9 de mauve ?","og_description":"Manifestation contre la libert\u00e9 d\u2019expression : doit-on montrer la vie en rose pour ne pas \u00eatre accus\u00e9 de mauve ?","og_url":"https:\/\/www.webdo.tn\/fr\/actualite\/national\/manifestation-contre-la-liberte-dexpression-doit-on-montrer-la-vie-en-rose-pour-ne-pas-etre-accuse-de-mauve\/172177\/","og_site_name":"webdo","article_publisher":"https:\/\/www.facebook.com\/webdotn","article_published_time":"2012-02-25T14:58:00+00:00","article_modified_time":"2025-06-04T19:00:13+00:00","og_image":[{"width":150,"height":150,"url":"https:\/\/www.webdo.tn\/fr\/wp-content\/uploads\/2012\/02\/manif-150x150-1.png","type":"image\/png"}],"author":"webdo.tn","twitter_card":"summary_large_image","twitter_creator":"@webdo_tn","twitter_site":"@webdo_tn","twitter_misc":{"\u00c9crit par":"webdo.tn","Dur\u00e9e de lecture estim\u00e9e":"4 minutes"},"schema":{"@context":"https:\/\/schema.org","@graph":[{"@type":"NewsArticle","@id":"https:\/\/www.webdo.tn\/fr\/actualite\/national\/manifestation-contre-la-liberte-dexpression-doit-on-montrer-la-vie-en-rose-pour-ne-pas-etre-accuse-de-mauve\/172177\/#article","isPartOf":{"@id":"https:\/\/www.webdo.tn\/fr\/actualite\/national\/manifestation-contre-la-liberte-dexpression-doit-on-montrer-la-vie-en-rose-pour-ne-pas-etre-accuse-de-mauve\/172177\/"},"author":{"name":"webdo.tn","@id":"https:\/\/www.webdo.tn\/fr\/#\/schema\/person\/9a9c6118d687c117df8ef3cc36a4d175"},"headline":"Manifestation contre la libert\u00e9 d\u2019expression : doit-on montrer la vie en rose pour ne pas \u00eatre accus\u00e9 de mauve ?","datePublished":"2012-02-25T14:58:00+00:00","dateModified":"2025-06-04T19:00:13+00:00","mainEntityOfPage":{"@id":"https:\/\/www.webdo.tn\/fr\/actualite\/national\/manifestation-contre-la-liberte-dexpression-doit-on-montrer-la-vie-en-rose-pour-ne-pas-etre-accuse-de-mauve\/172177\/"},"wordCount":822,"commentCount":0,"publisher":{"@id":"https:\/\/www.webdo.tn\/fr\/#organization"},"image":{"@id":"https:\/\/www.webdo.tn\/fr\/actualite\/national\/manifestation-contre-la-liberte-dexpression-doit-on-montrer-la-vie-en-rose-pour-ne-pas-etre-accuse-de-mauve\/172177\/#primaryimage"},"thumbnailUrl":"https:\/\/www.webdo.tn\/fr\/wp-content\/uploads\/2012\/02\/manif-150x150-1.png","articleSection":["National"],"inLanguage":"fr-FR"},{"@type":"WebPage","@id":"https:\/\/www.webdo.tn\/fr\/actualite\/national\/manifestation-contre-la-liberte-dexpression-doit-on-montrer-la-vie-en-rose-pour-ne-pas-etre-accuse-de-mauve\/172177\/","url":"https:\/\/www.webdo.tn\/fr\/actualite\/national\/manifestation-contre-la-liberte-dexpression-doit-on-montrer-la-vie-en-rose-pour-ne-pas-etre-accuse-de-mauve\/172177\/","name":"Manifestation contre la libert\u00e9 d\u2019expression : doit-on montrer la vie en rose pour ne pas \u00eatre accus\u00e9 de mauve ?","isPartOf":{"@id":"https:\/\/www.webdo.tn\/fr\/#website"},"primaryImageOfPage":{"@id":"https:\/\/www.webdo.tn\/fr\/actualite\/national\/manifestation-contre-la-liberte-dexpression-doit-on-montrer-la-vie-en-rose-pour-ne-pas-etre-accuse-de-mauve\/172177\/#primaryimage"},"image":{"@id":"https:\/\/www.webdo.tn\/fr\/actualite\/national\/manifestation-contre-la-liberte-dexpression-doit-on-montrer-la-vie-en-rose-pour-ne-pas-etre-accuse-de-mauve\/172177\/#primaryimage"},"thumbnailUrl":"https:\/\/www.webdo.tn\/fr\/wp-content\/uploads\/2012\/02\/manif-150x150-1.png","datePublished":"2012-02-25T14:58:00+00:00","dateModified":"2025-06-04T19:00:13+00:00","description":"Manifestation contre la libert\u00e9 d\u2019expression : doit-on montrer la vie en rose pour ne pas \u00eatre accus\u00e9 de mauve ?","breadcrumb":{"@id":"https:\/\/www.webdo.tn\/fr\/actualite\/national\/manifestation-contre-la-liberte-dexpression-doit-on-montrer-la-vie-en-rose-pour-ne-pas-etre-accuse-de-mauve\/172177\/#breadcrumb"},"inLanguage":"fr-FR","potentialAction":[{"@type":"ReadAction","target":["https:\/\/www.webdo.tn\/fr\/actualite\/national\/manifestation-contre-la-liberte-dexpression-doit-on-montrer-la-vie-en-rose-pour-ne-pas-etre-accuse-de-mauve\/172177\/"]}]},{"@type":"ImageObject","inLanguage":"fr-FR","@id":"https:\/\/www.webdo.tn\/fr\/actualite\/national\/manifestation-contre-la-liberte-dexpression-doit-on-montrer-la-vie-en-rose-pour-ne-pas-etre-accuse-de-mauve\/172177\/#primaryimage","url":"https:\/\/www.webdo.tn\/fr\/wp-content\/uploads\/2012\/02\/manif-150x150-1.png","contentUrl":"https:\/\/www.webdo.tn\/fr\/wp-content\/uploads\/2012\/02\/manif-150x150-1.png","width":150,"height":150,"caption":"Manifestation contre la libert\u00e9 d\u2019expression : doit-on montrer la vie en rose pour ne pas \u00eatre accus\u00e9 de mauve ?"},{"@type":"BreadcrumbList","@id":"https:\/\/www.webdo.tn\/fr\/actualite\/national\/manifestation-contre-la-liberte-dexpression-doit-on-montrer-la-vie-en-rose-pour-ne-pas-etre-accuse-de-mauve\/172177\/#breadcrumb","itemListElement":[{"@type":"ListItem","position":1,"name":"Accueil","item":"https:\/\/www.webdo.tn\/fr\/"},{"@type":"ListItem","position":2,"name":"Manifestation contre la libert\u00e9 d\u2019expression : doit-on montrer la vie en rose pour ne pas \u00eatre accus\u00e9 de mauve ?"}]},{"@type":"WebSite","@id":"https:\/\/www.webdo.tn\/fr\/#website","url":"https:\/\/www.webdo.tn\/fr\/","name":"webdo","description":"Tunisie - News en Tunisie et \u00e0 l&#039;international sur Webdo.tn","publisher":{"@id":"https:\/\/www.webdo.tn\/fr\/#organization"},"potentialAction":[{"@type":"SearchAction","target":{"@type":"EntryPoint","urlTemplate":"https:\/\/www.webdo.tn\/fr\/?s={search_term_string}"},"query-input":{"@type":"PropertyValueSpecification","valueRequired":true,"valueName":"search_term_string"}}],"inLanguage":"fr-FR"},{"@type":"Organization","@id":"https:\/\/www.webdo.tn\/fr\/#organization","name":"Webdo","alternateName":"Webdo.tn","url":"https:\/\/www.webdo.tn\/fr\/","logo":{"@type":"ImageObject","inLanguage":"fr-FR","@id":"https:\/\/www.webdo.tn\/fr\/#\/schema\/logo\/image\/","url":"https:\/\/www.webdo.tn\/fr\/wp-content\/uploads\/2025\/06\/Webdo-Tunisie_168377.jpg","contentUrl":"https:\/\/www.webdo.tn\/fr\/wp-content\/uploads\/2025\/06\/Webdo-Tunisie_168377.jpg","width":301,"height":301,"caption":"Webdo"},"image":{"@id":"https:\/\/www.webdo.tn\/fr\/#\/schema\/logo\/image\/"},"sameAs":["https:\/\/www.facebook.com\/webdotn","https:\/\/x.com\/webdo_tn"],"description":"Webdo est un m\u00e9dia num\u00e9rique tunisien fond\u00e9 en 2010, sp\u00e9cialis\u00e9 dans l\u2019actualit\u00e9 nationale et internationale, l\u2019\u00e9conomie, la soci\u00e9t\u00e9 et les analyses politiques. Le site s\u2019adresse \u00e0 un large public francophone et couvre l\u2019information tunisienne en temps r\u00e9el.","email":"redac@webdo.tn","legalName":"YNJ SARL","foundingDate":"2010-09-06","numberOfEmployees":{"@type":"QuantitativeValue","minValue":"11","maxValue":"50"}},{"@type":"Person","@id":"https:\/\/www.webdo.tn\/fr\/#\/schema\/person\/9a9c6118d687c117df8ef3cc36a4d175","name":"webdo.tn","image":{"@type":"ImageObject","inLanguage":"fr-FR","@id":"https:\/\/secure.gravatar.com\/avatar\/7ce1f28c0c3bbac99ff550b85ef8e44a6950c6ee24514fb6a5489e51d06f0298?s=96&d=mm&r=g","url":"https:\/\/secure.gravatar.com\/avatar\/7ce1f28c0c3bbac99ff550b85ef8e44a6950c6ee24514fb6a5489e51d06f0298?s=96&d=mm&r=g","contentUrl":"https:\/\/secure.gravatar.com\/avatar\/7ce1f28c0c3bbac99ff550b85ef8e44a6950c6ee24514fb6a5489e51d06f0298?s=96&d=mm&r=g","caption":"webdo.tn"},"url":"https:\/\/www.webdo.tn\/fr\/actualite\/author\/webdotn\/"}]}},"_links":{"self":[{"href":"https:\/\/www.webdo.tn\/fr\/wp-json\/wp\/v2\/posts\/172177","targetHints":{"allow":["GET"]}}],"collection":[{"href":"https:\/\/www.webdo.tn\/fr\/wp-json\/wp\/v2\/posts"}],"about":[{"href":"https:\/\/www.webdo.tn\/fr\/wp-json\/wp\/v2\/types\/post"}],"author":[{"embeddable":true,"href":"https:\/\/www.webdo.tn\/fr\/wp-json\/wp\/v2\/users\/3222"}],"replies":[{"embeddable":true,"href":"https:\/\/www.webdo.tn\/fr\/wp-json\/wp\/v2\/comments?post=172177"}],"version-history":[{"count":0,"href":"https:\/\/www.webdo.tn\/fr\/wp-json\/wp\/v2\/posts\/172177\/revisions"}],"wp:featuredmedia":[{"embeddable":true,"href":"https:\/\/www.webdo.tn\/fr\/wp-json\/wp\/v2\/media\/333738"}],"wp:attachment":[{"href":"https:\/\/www.webdo.tn\/fr\/wp-json\/wp\/v2\/media?parent=172177"}],"wp:term":[{"taxonomy":"category","embeddable":true,"href":"https:\/\/www.webdo.tn\/fr\/wp-json\/wp\/v2\/categories?post=172177"},{"taxonomy":"post_tag","embeddable":true,"href":"https:\/\/www.webdo.tn\/fr\/wp-json\/wp\/v2\/tags?post=172177"}],"curies":[{"name":"wp","href":"https:\/\/api.w.org\/{rel}","templated":true}]}}