{"id":172176,"date":"2012-02-25T19:42:00","date_gmt":"2012-02-25T19:42:00","guid":{"rendered":"https:\/\/www.webdo.tn\/fr\/blog\/manifestation-de-l-ugtt-reprimee-par-les-forces-de-l-ordre\/172176\/"},"modified":"2025-06-04T19:00:20","modified_gmt":"2025-06-04T19:00:20","slug":"manifestation-de-l-ugtt-reprimee-par-les-forces-de-l-ordre","status":"publish","type":"post","link":"https:\/\/www.webdo.tn\/fr\/actualite\/national\/manifestation-de-l-ugtt-reprimee-par-les-forces-de-l-ordre\/172176\/","title":{"rendered":"Manifestation de l\u2019UGTT r\u00e9prim\u00e9e par les forces de l\u2019ordre"},"content":{"rendered":"<p>Le bras de fer entre l\u2019UGTT et le gouvernement passe des paroles et des sous entendus aux actes. La manifestation d\u2019aujourd\u2019hui n\u2019en est que la preuve.<\/p>\n<p>Un nombre tr\u00e8s important de personnes s\u2019\u00e9taient r\u00e9unies \u00e0 la place Mohamed Ali, place embl\u00e9matique et historique du syndicat de Farhat Hached. Elles se sont par la suite dirig\u00e9es vers l\u2019avenue Habib Bourguiba \u2026 c\u2019\u00e9tait sans pour rappeler un certain 14 Janvier 2011. Elles \u00e9taient pr\u00e9sentes pour d\u00e9noncer les r\u00e9centes attaques visant plusieurs locaux de l&rsquo;UGTT et r\u00e9clamer la chute du gouvernement.<\/p>\n<p>La foule, assez importante, r\u00e9unie \u00e0 partir de midi devant le si\u00e8ge du syndicat, avan\u00e7ait en s\u2019agrandissant petit \u00e0 petit, avant d\u2019atteindre un nombre consid\u00e9rable (quelques milliers) devant le si\u00e8ge du Minist\u00e8re de l\u2019Int\u00e9rieur (encore un d\u00e9j\u00e0 vu).<\/p>\n<p>\u00abNi peur, ni terreur, le pouvoir au peuple \u00bb, \u00ab Le peuple exige la purification du gouvernement \u00bb, \u00ab A bas le gouvernement \u00bb ou encore \u00ab D\u00e9gage \u00bb \u00e9taient scand\u00e9s par la foule. La marche \u00e9tait naturellement accompagn\u00e9e des forces de l\u2019ordre, mais ces derni\u00e8res n\u2019\u00e9taient pas en tr\u00e8s grand nombre, du moins, \u00e0 ce moment-l\u00e0.<\/p>\n<p>Des figures du militantisme sous l\u2019\u00e8re Ben Ali et de la soci\u00e9t\u00e9 civile, ainsi que des leaders de certains partis politiques \u00e9taient pr\u00e9sents. Artistes et bloggeurs ont aussi soutenu le mouvement. Mais les stars de cette marche restaient les \u00e9boueurs, en premi\u00e8re ligne, avec un drapeau de la Tunisie dans une main et un bouquet de fleurs, en signe de remerciement, dans l\u2019autre.<\/p>\n<p>Beaucoup de personnes ont essay\u00e9 de semer le trouble en provocant les manifestants, en entrant dans l\u2019avenue Habib Bourguiba, mais c\u2019\u00e9tait sans compter sur le calme et la sagesse de certains syndicalistes qui les ont gentiment raisonn\u00e9es.<\/p>\n<p>Vers 15h, les agents de la police se sont regroup\u00e9s et avant m\u00eame de leur demander de lever la marche, ils se sont mis,  pour certains, \u00e0 pousser les manifestants. La tension est alors mont\u00e9e et rapidement, cela a tourn\u00e9 aux coups de matraques, suivis de jets de projectiles et de gaz lacrymog\u00e8ne.<\/p>\n<p>Beaucoup de personnes ont \u00e9t\u00e9 bless\u00e9es. L\u2019intervention de la police \u00e9tait tr\u00e8s muscl\u00e9e et parfois avec une violence inou\u00efe. Les journalistes (malgr\u00e9 le port de dossard)  n\u2019ont pas \u00e9t\u00e9 \u00e9pargn\u00e9s ; ils ont \u00e9t\u00e9  vis\u00e9s d\u00e9lib\u00e9r\u00e9ment, comme en t\u00e9moignent nos confr\u00e8res de Radio Kalima.<\/p>\n<p>Les manifestants se sont dissip\u00e9s, avant de se regrouper \u00e0 nouveau et se faire charger une seconde fois.<br \/>\nMalheureusement, l\u2019intervention de la police nous rappelle d\u2019amers souvenirs, surtout que beaucoup de policiers en \u00ab civil \u00bb ont charg\u00e9 les manifestants avec des matraques, pour les mieux \u00e9quip\u00e9s, et avec de simples b\u00e2tons pour les autres, pour le plaisir des contres manifestants qui ont, eux aussi, particip\u00e9 au tabassage des sympathisants de l\u2019UGTT, d\u2019apr\u00e8s des t\u00e9moignages recueillis sur Kalima.<\/p>\n<p>Une vid\u00e9o amateur qui fait le buzz actuellement montre l&rsquo;intervention muscl\u00e9e de la police :<\/p>\n","protected":false},"excerpt":{"rendered":"<p>Manifestation de l\u2019UGTT r\u00e9prim\u00e9e par les forces de l\u2019ordre <\/p>\n","protected":false},"author":3222,"featured_media":374488,"comment_status":"open","ping_status":"closed","sticky":false,"template":"","format":"standard","meta":{"footnotes":""},"categories":[44],"tags":[],"class_list":["post-172176","post","type-post","status-publish","format-standard","has-post-thumbnail","hentry","category-national"],"yoast_head":"<!-- This site is optimized with the Yoast SEO Premium plugin v27.5 (Yoast SEO v27.5) - https:\/\/yoast.com\/product\/yoast-seo-premium-wordpress\/ -->\n<title>Manifestation de l\u2019UGTT r\u00e9prim\u00e9e par les forces de l\u2019ordre<\/title>\n<meta name=\"description\" content=\"Manifestation de l\u2019UGTT r\u00e9prim\u00e9e par les forces de l\u2019ordre\" \/>\n<link rel=\"canonical\" href=\"https:\/\/www.webdo.tn\/fr\/actualite\/blog\/manifestation-de-l-ugtt-reprimee-par-les-forces-de-l-ordre\/172176\/\" \/>\n<meta property=\"og:locale\" content=\"fr_FR\" \/>\n<meta property=\"og:type\" content=\"article\" \/>\n<meta property=\"og:title\" content=\"Manifestation de l\u2019UGTT r\u00e9prim\u00e9e par les forces de l\u2019ordre\" \/>\n<meta property=\"og:description\" content=\"Manifestation de l\u2019UGTT r\u00e9prim\u00e9e par les forces de l\u2019ordre\" \/>\n<meta property=\"og:url\" content=\"https:\/\/www.webdo.tn\/fr\/actualite\/blog\/manifestation-de-l-ugtt-reprimee-par-les-forces-de-l-ordre\/172176\/\" \/>\n<meta property=\"og:site_name\" content=\"webdo\" \/>\n<meta property=\"article:publisher\" content=\"https:\/\/www.facebook.com\/webdotn\" \/>\n<meta property=\"article:published_time\" content=\"2012-02-25T19:42:00+00:00\" \/>\n<meta property=\"article:modified_time\" content=\"2025-06-04T19:00:20+00:00\" \/>\n<meta name=\"author\" content=\"webdo.tn\" \/>\n<meta name=\"twitter:card\" content=\"summary_large_image\" \/>\n<meta name=\"twitter:creator\" content=\"@webdo_tn\" \/>\n<meta name=\"twitter:site\" content=\"@webdo_tn\" \/>\n<meta name=\"twitter:label1\" content=\"\u00c9crit par\" \/>\n\t<meta name=\"twitter:data1\" content=\"webdo.tn\" \/>\n\t<meta name=\"twitter:label2\" content=\"Dur\u00e9e de lecture estim\u00e9e\" \/>\n\t<meta name=\"twitter:data2\" content=\"3 minutes\" \/>\n<script type=\"application\/ld+json\" class=\"yoast-schema-graph\">{\"@context\":\"https:\\\/\\\/schema.org\",\"@graph\":[{\"@type\":\"NewsArticle\",\"@id\":\"https:\\\/\\\/www.webdo.tn\\\/fr\\\/actualite\\\/blog\\\/manifestation-de-l-ugtt-reprimee-par-les-forces-de-l-ordre\\\/172176\\\/#article\",\"isPartOf\":{\"@id\":\"https:\\\/\\\/www.webdo.tn\\\/fr\\\/actualite\\\/blog\\\/manifestation-de-l-ugtt-reprimee-par-les-forces-de-l-ordre\\\/172176\\\/\"},\"author\":{\"name\":\"webdo.tn\",\"@id\":\"https:\\\/\\\/www.webdo.tn\\\/fr\\\/#\\\/schema\\\/person\\\/9a9c6118d687c117df8ef3cc36a4d175\"},\"headline\":\"Manifestation de l\u2019UGTT r\u00e9prim\u00e9e par les forces de l\u2019ordre\",\"datePublished\":\"2012-02-25T19:42:00+00:00\",\"dateModified\":\"2025-06-04T19:00:20+00:00\",\"mainEntityOfPage\":{\"@id\":\"https:\\\/\\\/www.webdo.tn\\\/fr\\\/actualite\\\/blog\\\/manifestation-de-l-ugtt-reprimee-par-les-forces-de-l-ordre\\\/172176\\\/\"},\"wordCount\":537,\"commentCount\":0,\"publisher\":{\"@id\":\"https:\\\/\\\/www.webdo.tn\\\/fr\\\/#organization\"},\"image\":{\"@id\":\"https:\\\/\\\/www.webdo.tn\\\/fr\\\/actualite\\\/blog\\\/manifestation-de-l-ugtt-reprimee-par-les-forces-de-l-ordre\\\/172176\\\/#primaryimage\"},\"thumbnailUrl\":\"https:\\\/\\\/www.webdo.tn\\\/fr\\\/wp-content\\\/uploads\\\/2025\\\/06\\\/Plus-de-3.000-manifestants-se-sont-rassembles-samedi-sur-lavenu-bourguiba-photo-Thawrah-TV_172176.jpg\",\"articleSection\":[\"National\"],\"inLanguage\":\"fr-FR\"},{\"@type\":\"WebPage\",\"@id\":\"https:\\\/\\\/www.webdo.tn\\\/fr\\\/actualite\\\/blog\\\/manifestation-de-l-ugtt-reprimee-par-les-forces-de-l-ordre\\\/172176\\\/\",\"url\":\"https:\\\/\\\/www.webdo.tn\\\/fr\\\/actualite\\\/blog\\\/manifestation-de-l-ugtt-reprimee-par-les-forces-de-l-ordre\\\/172176\\\/\",\"name\":\"Manifestation de l\u2019UGTT r\u00e9prim\u00e9e par les forces de l\u2019ordre\",\"isPartOf\":{\"@id\":\"https:\\\/\\\/www.webdo.tn\\\/fr\\\/#website\"},\"primaryImageOfPage\":{\"@id\":\"https:\\\/\\\/www.webdo.tn\\\/fr\\\/actualite\\\/blog\\\/manifestation-de-l-ugtt-reprimee-par-les-forces-de-l-ordre\\\/172176\\\/#primaryimage\"},\"image\":{\"@id\":\"https:\\\/\\\/www.webdo.tn\\\/fr\\\/actualite\\\/blog\\\/manifestation-de-l-ugtt-reprimee-par-les-forces-de-l-ordre\\\/172176\\\/#primaryimage\"},\"thumbnailUrl\":\"https:\\\/\\\/www.webdo.tn\\\/fr\\\/wp-content\\\/uploads\\\/2025\\\/06\\\/Plus-de-3.000-manifestants-se-sont-rassembles-samedi-sur-lavenu-bourguiba-photo-Thawrah-TV_172176.jpg\",\"datePublished\":\"2012-02-25T19:42:00+00:00\",\"dateModified\":\"2025-06-04T19:00:20+00:00\",\"description\":\"Manifestation de l\u2019UGTT r\u00e9prim\u00e9e par les forces de l\u2019ordre\",\"breadcrumb\":{\"@id\":\"https:\\\/\\\/www.webdo.tn\\\/fr\\\/actualite\\\/blog\\\/manifestation-de-l-ugtt-reprimee-par-les-forces-de-l-ordre\\\/172176\\\/#breadcrumb\"},\"inLanguage\":\"fr-FR\",\"potentialAction\":[{\"@type\":\"ReadAction\",\"target\":[\"https:\\\/\\\/www.webdo.tn\\\/fr\\\/actualite\\\/blog\\\/manifestation-de-l-ugtt-reprimee-par-les-forces-de-l-ordre\\\/172176\\\/\"]}]},{\"@type\":\"ImageObject\",\"inLanguage\":\"fr-FR\",\"@id\":\"https:\\\/\\\/www.webdo.tn\\\/fr\\\/actualite\\\/blog\\\/manifestation-de-l-ugtt-reprimee-par-les-forces-de-l-ordre\\\/172176\\\/#primaryimage\",\"url\":\"https:\\\/\\\/www.webdo.tn\\\/fr\\\/wp-content\\\/uploads\\\/2025\\\/06\\\/Plus-de-3.000-manifestants-se-sont-rassembles-samedi-sur-lavenu-bourguiba-photo-Thawrah-TV_172176.jpg\",\"contentUrl\":\"https:\\\/\\\/www.webdo.tn\\\/fr\\\/wp-content\\\/uploads\\\/2025\\\/06\\\/Plus-de-3.000-manifestants-se-sont-rassembles-samedi-sur-lavenu-bourguiba-photo-Thawrah-TV_172176.jpg\",\"width\":360,\"height\":270,\"caption\":\"Manifestation de l\u2019UGTT r\u00e9prim\u00e9e par les forces de l\u2019ordre\"},{\"@type\":\"BreadcrumbList\",\"@id\":\"https:\\\/\\\/www.webdo.tn\\\/fr\\\/actualite\\\/blog\\\/manifestation-de-l-ugtt-reprimee-par-les-forces-de-l-ordre\\\/172176\\\/#breadcrumb\",\"itemListElement\":[{\"@type\":\"ListItem\",\"position\":1,\"name\":\"Accueil\",\"item\":\"https:\\\/\\\/www.webdo.tn\\\/fr\\\/\"},{\"@type\":\"ListItem\",\"position\":2,\"name\":\"Manifestation de l\u2019UGTT r\u00e9prim\u00e9e par les forces de l\u2019ordre\"}]},{\"@type\":\"WebSite\",\"@id\":\"https:\\\/\\\/www.webdo.tn\\\/fr\\\/#website\",\"url\":\"https:\\\/\\\/www.webdo.tn\\\/fr\\\/\",\"name\":\"webdo\",\"description\":\"Tunisie - News en Tunisie et \u00e0 l&#039;international sur Webdo.tn\",\"publisher\":{\"@id\":\"https:\\\/\\\/www.webdo.tn\\\/fr\\\/#organization\"},\"potentialAction\":[{\"@type\":\"SearchAction\",\"target\":{\"@type\":\"EntryPoint\",\"urlTemplate\":\"https:\\\/\\\/www.webdo.tn\\\/fr\\\/?s={search_term_string}\"},\"query-input\":{\"@type\":\"PropertyValueSpecification\",\"valueRequired\":true,\"valueName\":\"search_term_string\"}}],\"inLanguage\":\"fr-FR\"},{\"@type\":\"Organization\",\"@id\":\"https:\\\/\\\/www.webdo.tn\\\/fr\\\/#organization\",\"name\":\"Webdo\",\"alternateName\":\"Webdo.tn\",\"url\":\"https:\\\/\\\/www.webdo.tn\\\/fr\\\/\",\"logo\":{\"@type\":\"ImageObject\",\"inLanguage\":\"fr-FR\",\"@id\":\"https:\\\/\\\/www.webdo.tn\\\/fr\\\/#\\\/schema\\\/logo\\\/image\\\/\",\"url\":\"https:\\\/\\\/www.webdo.tn\\\/fr\\\/wp-content\\\/uploads\\\/2025\\\/06\\\/Webdo-Tunisie_168377.jpg\",\"contentUrl\":\"https:\\\/\\\/www.webdo.tn\\\/fr\\\/wp-content\\\/uploads\\\/2025\\\/06\\\/Webdo-Tunisie_168377.jpg\",\"width\":301,\"height\":301,\"caption\":\"Webdo\"},\"image\":{\"@id\":\"https:\\\/\\\/www.webdo.tn\\\/fr\\\/#\\\/schema\\\/logo\\\/image\\\/\"},\"sameAs\":[\"https:\\\/\\\/www.facebook.com\\\/webdotn\",\"https:\\\/\\\/x.com\\\/webdo_tn\"],\"description\":\"Webdo est un m\u00e9dia num\u00e9rique tunisien fond\u00e9 en 2010, sp\u00e9cialis\u00e9 dans l\u2019actualit\u00e9 nationale et internationale, l\u2019\u00e9conomie, la soci\u00e9t\u00e9 et les analyses politiques. Le site s\u2019adresse \u00e0 un large public francophone et couvre l\u2019information tunisienne en temps r\u00e9el.\",\"email\":\"redac@webdo.tn\",\"legalName\":\"YNJ SARL\",\"foundingDate\":\"2010-09-06\",\"numberOfEmployees\":{\"@type\":\"QuantitativeValue\",\"minValue\":\"11\",\"maxValue\":\"50\"}},{\"@type\":\"Person\",\"@id\":\"https:\\\/\\\/www.webdo.tn\\\/fr\\\/#\\\/schema\\\/person\\\/9a9c6118d687c117df8ef3cc36a4d175\",\"name\":\"webdo.tn\",\"image\":{\"@type\":\"ImageObject\",\"inLanguage\":\"fr-FR\",\"@id\":\"https:\\\/\\\/secure.gravatar.com\\\/avatar\\\/7ce1f28c0c3bbac99ff550b85ef8e44a6950c6ee24514fb6a5489e51d06f0298?s=96&d=mm&r=g\",\"url\":\"https:\\\/\\\/secure.gravatar.com\\\/avatar\\\/7ce1f28c0c3bbac99ff550b85ef8e44a6950c6ee24514fb6a5489e51d06f0298?s=96&d=mm&r=g\",\"contentUrl\":\"https:\\\/\\\/secure.gravatar.com\\\/avatar\\\/7ce1f28c0c3bbac99ff550b85ef8e44a6950c6ee24514fb6a5489e51d06f0298?s=96&d=mm&r=g\",\"caption\":\"webdo.tn\"},\"url\":\"https:\\\/\\\/www.webdo.tn\\\/fr\\\/actualite\\\/author\\\/webdotn\\\/\"}]}<\/script>\n<!-- \/ Yoast SEO Premium plugin. -->","yoast_head_json":{"title":"Manifestation de l\u2019UGTT r\u00e9prim\u00e9e par les forces de l\u2019ordre","description":"Manifestation de l\u2019UGTT r\u00e9prim\u00e9e par les forces de l\u2019ordre","canonical":"https:\/\/www.webdo.tn\/fr\/actualite\/blog\/manifestation-de-l-ugtt-reprimee-par-les-forces-de-l-ordre\/172176\/","og_locale":"fr_FR","og_type":"article","og_title":"Manifestation de l\u2019UGTT r\u00e9prim\u00e9e par les forces de l\u2019ordre","og_description":"Manifestation de l\u2019UGTT r\u00e9prim\u00e9e par les forces de l\u2019ordre","og_url":"https:\/\/www.webdo.tn\/fr\/actualite\/blog\/manifestation-de-l-ugtt-reprimee-par-les-forces-de-l-ordre\/172176\/","og_site_name":"webdo","article_publisher":"https:\/\/www.facebook.com\/webdotn","article_published_time":"2012-02-25T19:42:00+00:00","article_modified_time":"2025-06-04T19:00:20+00:00","author":"webdo.tn","twitter_card":"summary_large_image","twitter_creator":"@webdo_tn","twitter_site":"@webdo_tn","twitter_misc":{"\u00c9crit par":"webdo.tn","Dur\u00e9e de lecture estim\u00e9e":"3 minutes"},"schema":{"@context":"https:\/\/schema.org","@graph":[{"@type":"NewsArticle","@id":"https:\/\/www.webdo.tn\/fr\/actualite\/blog\/manifestation-de-l-ugtt-reprimee-par-les-forces-de-l-ordre\/172176\/#article","isPartOf":{"@id":"https:\/\/www.webdo.tn\/fr\/actualite\/blog\/manifestation-de-l-ugtt-reprimee-par-les-forces-de-l-ordre\/172176\/"},"author":{"name":"webdo.tn","@id":"https:\/\/www.webdo.tn\/fr\/#\/schema\/person\/9a9c6118d687c117df8ef3cc36a4d175"},"headline":"Manifestation de l\u2019UGTT r\u00e9prim\u00e9e par les forces de l\u2019ordre","datePublished":"2012-02-25T19:42:00+00:00","dateModified":"2025-06-04T19:00:20+00:00","mainEntityOfPage":{"@id":"https:\/\/www.webdo.tn\/fr\/actualite\/blog\/manifestation-de-l-ugtt-reprimee-par-les-forces-de-l-ordre\/172176\/"},"wordCount":537,"commentCount":0,"publisher":{"@id":"https:\/\/www.webdo.tn\/fr\/#organization"},"image":{"@id":"https:\/\/www.webdo.tn\/fr\/actualite\/blog\/manifestation-de-l-ugtt-reprimee-par-les-forces-de-l-ordre\/172176\/#primaryimage"},"thumbnailUrl":"https:\/\/www.webdo.tn\/fr\/wp-content\/uploads\/2025\/06\/Plus-de-3.000-manifestants-se-sont-rassembles-samedi-sur-lavenu-bourguiba-photo-Thawrah-TV_172176.jpg","articleSection":["National"],"inLanguage":"fr-FR"},{"@type":"WebPage","@id":"https:\/\/www.webdo.tn\/fr\/actualite\/blog\/manifestation-de-l-ugtt-reprimee-par-les-forces-de-l-ordre\/172176\/","url":"https:\/\/www.webdo.tn\/fr\/actualite\/blog\/manifestation-de-l-ugtt-reprimee-par-les-forces-de-l-ordre\/172176\/","name":"Manifestation de l\u2019UGTT r\u00e9prim\u00e9e par les forces de l\u2019ordre","isPartOf":{"@id":"https:\/\/www.webdo.tn\/fr\/#website"},"primaryImageOfPage":{"@id":"https:\/\/www.webdo.tn\/fr\/actualite\/blog\/manifestation-de-l-ugtt-reprimee-par-les-forces-de-l-ordre\/172176\/#primaryimage"},"image":{"@id":"https:\/\/www.webdo.tn\/fr\/actualite\/blog\/manifestation-de-l-ugtt-reprimee-par-les-forces-de-l-ordre\/172176\/#primaryimage"},"thumbnailUrl":"https:\/\/www.webdo.tn\/fr\/wp-content\/uploads\/2025\/06\/Plus-de-3.000-manifestants-se-sont-rassembles-samedi-sur-lavenu-bourguiba-photo-Thawrah-TV_172176.jpg","datePublished":"2012-02-25T19:42:00+00:00","dateModified":"2025-06-04T19:00:20+00:00","description":"Manifestation de l\u2019UGTT r\u00e9prim\u00e9e par les forces de l\u2019ordre","breadcrumb":{"@id":"https:\/\/www.webdo.tn\/fr\/actualite\/blog\/manifestation-de-l-ugtt-reprimee-par-les-forces-de-l-ordre\/172176\/#breadcrumb"},"inLanguage":"fr-FR","potentialAction":[{"@type":"ReadAction","target":["https:\/\/www.webdo.tn\/fr\/actualite\/blog\/manifestation-de-l-ugtt-reprimee-par-les-forces-de-l-ordre\/172176\/"]}]},{"@type":"ImageObject","inLanguage":"fr-FR","@id":"https:\/\/www.webdo.tn\/fr\/actualite\/blog\/manifestation-de-l-ugtt-reprimee-par-les-forces-de-l-ordre\/172176\/#primaryimage","url":"https:\/\/www.webdo.tn\/fr\/wp-content\/uploads\/2025\/06\/Plus-de-3.000-manifestants-se-sont-rassembles-samedi-sur-lavenu-bourguiba-photo-Thawrah-TV_172176.jpg","contentUrl":"https:\/\/www.webdo.tn\/fr\/wp-content\/uploads\/2025\/06\/Plus-de-3.000-manifestants-se-sont-rassembles-samedi-sur-lavenu-bourguiba-photo-Thawrah-TV_172176.jpg","width":360,"height":270,"caption":"Manifestation de l\u2019UGTT r\u00e9prim\u00e9e par les forces de l\u2019ordre"},{"@type":"BreadcrumbList","@id":"https:\/\/www.webdo.tn\/fr\/actualite\/blog\/manifestation-de-l-ugtt-reprimee-par-les-forces-de-l-ordre\/172176\/#breadcrumb","itemListElement":[{"@type":"ListItem","position":1,"name":"Accueil","item":"https:\/\/www.webdo.tn\/fr\/"},{"@type":"ListItem","position":2,"name":"Manifestation de l\u2019UGTT r\u00e9prim\u00e9e par les forces de l\u2019ordre"}]},{"@type":"WebSite","@id":"https:\/\/www.webdo.tn\/fr\/#website","url":"https:\/\/www.webdo.tn\/fr\/","name":"webdo","description":"Tunisie - News en Tunisie et \u00e0 l&#039;international sur Webdo.tn","publisher":{"@id":"https:\/\/www.webdo.tn\/fr\/#organization"},"potentialAction":[{"@type":"SearchAction","target":{"@type":"EntryPoint","urlTemplate":"https:\/\/www.webdo.tn\/fr\/?s={search_term_string}"},"query-input":{"@type":"PropertyValueSpecification","valueRequired":true,"valueName":"search_term_string"}}],"inLanguage":"fr-FR"},{"@type":"Organization","@id":"https:\/\/www.webdo.tn\/fr\/#organization","name":"Webdo","alternateName":"Webdo.tn","url":"https:\/\/www.webdo.tn\/fr\/","logo":{"@type":"ImageObject","inLanguage":"fr-FR","@id":"https:\/\/www.webdo.tn\/fr\/#\/schema\/logo\/image\/","url":"https:\/\/www.webdo.tn\/fr\/wp-content\/uploads\/2025\/06\/Webdo-Tunisie_168377.jpg","contentUrl":"https:\/\/www.webdo.tn\/fr\/wp-content\/uploads\/2025\/06\/Webdo-Tunisie_168377.jpg","width":301,"height":301,"caption":"Webdo"},"image":{"@id":"https:\/\/www.webdo.tn\/fr\/#\/schema\/logo\/image\/"},"sameAs":["https:\/\/www.facebook.com\/webdotn","https:\/\/x.com\/webdo_tn"],"description":"Webdo est un m\u00e9dia num\u00e9rique tunisien fond\u00e9 en 2010, sp\u00e9cialis\u00e9 dans l\u2019actualit\u00e9 nationale et internationale, l\u2019\u00e9conomie, la soci\u00e9t\u00e9 et les analyses politiques. Le site s\u2019adresse \u00e0 un large public francophone et couvre l\u2019information tunisienne en temps r\u00e9el.","email":"redac@webdo.tn","legalName":"YNJ SARL","foundingDate":"2010-09-06","numberOfEmployees":{"@type":"QuantitativeValue","minValue":"11","maxValue":"50"}},{"@type":"Person","@id":"https:\/\/www.webdo.tn\/fr\/#\/schema\/person\/9a9c6118d687c117df8ef3cc36a4d175","name":"webdo.tn","image":{"@type":"ImageObject","inLanguage":"fr-FR","@id":"https:\/\/secure.gravatar.com\/avatar\/7ce1f28c0c3bbac99ff550b85ef8e44a6950c6ee24514fb6a5489e51d06f0298?s=96&d=mm&r=g","url":"https:\/\/secure.gravatar.com\/avatar\/7ce1f28c0c3bbac99ff550b85ef8e44a6950c6ee24514fb6a5489e51d06f0298?s=96&d=mm&r=g","contentUrl":"https:\/\/secure.gravatar.com\/avatar\/7ce1f28c0c3bbac99ff550b85ef8e44a6950c6ee24514fb6a5489e51d06f0298?s=96&d=mm&r=g","caption":"webdo.tn"},"url":"https:\/\/www.webdo.tn\/fr\/actualite\/author\/webdotn\/"}]}},"_links":{"self":[{"href":"https:\/\/www.webdo.tn\/fr\/wp-json\/wp\/v2\/posts\/172176","targetHints":{"allow":["GET"]}}],"collection":[{"href":"https:\/\/www.webdo.tn\/fr\/wp-json\/wp\/v2\/posts"}],"about":[{"href":"https:\/\/www.webdo.tn\/fr\/wp-json\/wp\/v2\/types\/post"}],"author":[{"embeddable":true,"href":"https:\/\/www.webdo.tn\/fr\/wp-json\/wp\/v2\/users\/3222"}],"replies":[{"embeddable":true,"href":"https:\/\/www.webdo.tn\/fr\/wp-json\/wp\/v2\/comments?post=172176"}],"version-history":[{"count":0,"href":"https:\/\/www.webdo.tn\/fr\/wp-json\/wp\/v2\/posts\/172176\/revisions"}],"wp:featuredmedia":[{"embeddable":true,"href":"https:\/\/www.webdo.tn\/fr\/wp-json\/wp\/v2\/media\/374488"}],"wp:attachment":[{"href":"https:\/\/www.webdo.tn\/fr\/wp-json\/wp\/v2\/media?parent=172176"}],"wp:term":[{"taxonomy":"category","embeddable":true,"href":"https:\/\/www.webdo.tn\/fr\/wp-json\/wp\/v2\/categories?post=172176"},{"taxonomy":"post_tag","embeddable":true,"href":"https:\/\/www.webdo.tn\/fr\/wp-json\/wp\/v2\/tags?post=172176"}],"curies":[{"name":"wp","href":"https:\/\/api.w.org\/{rel}","templated":true}]}}