{"id":172175,"date":"2012-02-25T20:58:00","date_gmt":"2012-02-25T20:58:00","guid":{"rendered":"https:\/\/www.webdo.tn\/fr\/blog\/le-snjt-porte-plainte-contre-le-ministre-de-linterieur-le-mi-promet-une-enquete\/172175\/"},"modified":"2012-02-25T20:58:00","modified_gmt":"2012-02-25T20:58:00","slug":"le-snjt-porte-plainte-contre-le-ministre-de-linterieur-le-mi-promet-une-enquete","status":"publish","type":"post","link":"https:\/\/www.webdo.tn\/fr\/actualite\/national\/le-snjt-porte-plainte-contre-le-ministre-de-linterieur-le-mi-promet-une-enquete\/172175\/","title":{"rendered":"Le SNJT porte plainte contre Ali La\u00e2reydh&#8230; le MI promet une enqu\u00eate"},"content":{"rendered":"<p>La Police est intervenue d&rsquo;une mani\u00e8re assez muscl\u00e9e aujourd&rsquo;hui, lors de la manifestation de protestation qu&rsquo;organisait l&rsquo;UGTT et qui partait de la Place Mohamed Ali vers l&rsquo;Avenue Habib Bourguiba.<\/p>\n<p>En plus de certains citoyens bless\u00e9s, plusieurs journalistes ont \u00e9t\u00e9 agress\u00e9s. La SNJT n&rsquo;a pas attendu longtemps pour r\u00e9agir et a d\u00e9nonc\u00e9 fermement ce qui s&rsquo;est pass\u00e9, sur l&rsquo;avenue Habib Bourguiba, en publiant un communiqu\u00e9 et en d\u00e9cidant de poursuivre en justice le ministre de l&rsquo;Int\u00e9rieur, Ali La\u00e2reydh.<\/p>\n<p>Dans le communiqu\u00e9 de la SNJT, figurent les noms des journalistes pass\u00e9s \u00e0 tabac aujourd&rsquo;hui par la Police, malgr\u00e9 la pr\u00e9sentation de leur carte de presse : Aymen Rezgui (membre du bureau ex\u00e9cutif de la SNJT), Zouhaier Zouidi (Attariq Ejjadid), Ali Jelali (Radio Kalima), Nabil Zaghdoud (Al Arab Al Yawm), Monia Bouaziz (Al Chourouk) et Ahlem Abdelli (Shems FM).<\/p>\n<p>Interrog\u00e9, ce soir, au journal de 20h de la T\u00e9l\u00e9 Nationale 1, le porte parole du MI, Khaled Tarrouche a d\u00e9clar\u00e9 que le minist\u00e8re ouvrirait une enqu\u00eate pour v\u00e9rifier si des d\u00e9passements ont eu lieu aujourd&rsquo;hui sur l&rsquo;avenue Habib Bourguiba. Il a, de surcro\u00eet, expliqu\u00e9 que les agents de police n&rsquo;ont fait que r\u00e9agir face aux manifestants r\u00e9unis devant le Minist\u00e8re et qui les insultaient eux ainsi que leurs hauts responsables. Des jets de bouteilles ont m\u00eame \u00e9t\u00e9 enregistr\u00e9s. Apr\u00e8s moult avertissements, les agents ont d\u00e9cid\u00e9 de disperser la foule \u00e0 coups de gaz lacrymog\u00e8ne, toujours selon Khaled Tarrouche.<\/p>\n","protected":false},"excerpt":{"rendered":"<p>Le SNJT porte plainte contre Ali La\u00e2reydh&#8230; le MI promet une enqu\u00eate<\/p>\n","protected":false},"author":3222,"featured_media":333739,"comment_status":"open","ping_status":"closed","sticky":false,"template":"","format":"standard","meta":{"footnotes":""},"categories":[44],"tags":[2600],"class_list":["post-172175","post","type-post","status-publish","format-standard","has-post-thumbnail","hentry","category-national","tag-guerre"],"yoast_head":"<!-- This site is optimized with the Yoast SEO Premium plugin v27.5 (Yoast SEO v27.5) - https:\/\/yoast.com\/product\/yoast-seo-premium-wordpress\/ -->\n<title>Le SNJT porte plainte contre Ali La\u00e2reydh... le MI promet une enqu\u00eate<\/title>\n<meta name=\"description\" content=\"Le SNJT porte plainte contre Ali La\u00e2reydh... le MI promet une enqu\u00eate\" \/>\n<link rel=\"canonical\" href=\"https:\/\/www.webdo.tn\/fr\/actualite\/national-45\/le-snjt-porte-plainte-contre-le-ministre-de-linterieur-le-mi-promet-une-enquete\/172175\/\" \/>\n<meta property=\"og:locale\" content=\"fr_FR\" \/>\n<meta property=\"og:type\" content=\"article\" \/>\n<meta property=\"og:title\" content=\"Le SNJT porte plainte contre Ali La\u00e2reydh... le MI promet une enqu\u00eate\" \/>\n<meta property=\"og:description\" content=\"Le SNJT porte plainte contre Ali La\u00e2reydh... le MI promet une enqu\u00eate\" \/>\n<meta property=\"og:url\" content=\"https:\/\/www.webdo.tn\/fr\/actualite\/national-45\/le-snjt-porte-plainte-contre-le-ministre-de-linterieur-le-mi-promet-une-enquete\/172175\/\" \/>\n<meta property=\"og:site_name\" content=\"webdo\" \/>\n<meta property=\"article:publisher\" content=\"https:\/\/www.facebook.com\/webdotn\" \/>\n<meta property=\"article:published_time\" content=\"2012-02-25T20:58:00+00:00\" \/>\n<meta property=\"og:image\" content=\"https:\/\/www.webdo.tn\/fr\/wp-content\/uploads\/2012\/02\/SNJT1.jpg\" \/>\n\t<meta property=\"og:image:width\" content=\"292\" \/>\n\t<meta property=\"og:image:height\" content=\"193\" \/>\n\t<meta property=\"og:image:type\" content=\"image\/jpeg\" \/>\n<meta name=\"author\" content=\"webdo.tn\" \/>\n<meta name=\"twitter:card\" content=\"summary_large_image\" \/>\n<meta name=\"twitter:creator\" content=\"@webdo_tn\" \/>\n<meta name=\"twitter:site\" content=\"@webdo_tn\" \/>\n<meta name=\"twitter:label1\" content=\"\u00c9crit par\" \/>\n\t<meta name=\"twitter:data1\" content=\"webdo.tn\" \/>\n\t<meta name=\"twitter:label2\" content=\"Dur\u00e9e de lecture estim\u00e9e\" \/>\n\t<meta name=\"twitter:data2\" content=\"1 minute\" \/>\n<script type=\"application\/ld+json\" class=\"yoast-schema-graph\">{\"@context\":\"https:\\\/\\\/schema.org\",\"@graph\":[{\"@type\":\"NewsArticle\",\"@id\":\"https:\\\/\\\/www.webdo.tn\\\/fr\\\/actualite\\\/national-45\\\/le-snjt-porte-plainte-contre-le-ministre-de-linterieur-le-mi-promet-une-enquete\\\/172175\\\/#article\",\"isPartOf\":{\"@id\":\"https:\\\/\\\/www.webdo.tn\\\/fr\\\/actualite\\\/national-45\\\/le-snjt-porte-plainte-contre-le-ministre-de-linterieur-le-mi-promet-une-enquete\\\/172175\\\/\"},\"author\":{\"name\":\"webdo.tn\",\"@id\":\"https:\\\/\\\/www.webdo.tn\\\/fr\\\/#\\\/schema\\\/person\\\/9a9c6118d687c117df8ef3cc36a4d175\"},\"headline\":\"Le SNJT porte plainte contre Ali La\u00e2reydh&#8230; le MI promet une enqu\u00eate\",\"datePublished\":\"2012-02-25T20:58:00+00:00\",\"mainEntityOfPage\":{\"@id\":\"https:\\\/\\\/www.webdo.tn\\\/fr\\\/actualite\\\/national-45\\\/le-snjt-porte-plainte-contre-le-ministre-de-linterieur-le-mi-promet-une-enquete\\\/172175\\\/\"},\"wordCount\":285,\"commentCount\":0,\"publisher\":{\"@id\":\"https:\\\/\\\/www.webdo.tn\\\/fr\\\/#organization\"},\"image\":{\"@id\":\"https:\\\/\\\/www.webdo.tn\\\/fr\\\/actualite\\\/national-45\\\/le-snjt-porte-plainte-contre-le-ministre-de-linterieur-le-mi-promet-une-enquete\\\/172175\\\/#primaryimage\"},\"thumbnailUrl\":\"https:\\\/\\\/www.webdo.tn\\\/fr\\\/wp-content\\\/uploads\\\/2012\\\/02\\\/SNJT1.jpg\",\"keywords\":[\"guerre\"],\"articleSection\":[\"National\"],\"inLanguage\":\"fr-FR\"},{\"@type\":\"WebPage\",\"@id\":\"https:\\\/\\\/www.webdo.tn\\\/fr\\\/actualite\\\/national-45\\\/le-snjt-porte-plainte-contre-le-ministre-de-linterieur-le-mi-promet-une-enquete\\\/172175\\\/\",\"url\":\"https:\\\/\\\/www.webdo.tn\\\/fr\\\/actualite\\\/national-45\\\/le-snjt-porte-plainte-contre-le-ministre-de-linterieur-le-mi-promet-une-enquete\\\/172175\\\/\",\"name\":\"Le SNJT porte plainte contre Ali La\u00e2reydh... le MI promet une enqu\u00eate\",\"isPartOf\":{\"@id\":\"https:\\\/\\\/www.webdo.tn\\\/fr\\\/#website\"},\"primaryImageOfPage\":{\"@id\":\"https:\\\/\\\/www.webdo.tn\\\/fr\\\/actualite\\\/national-45\\\/le-snjt-porte-plainte-contre-le-ministre-de-linterieur-le-mi-promet-une-enquete\\\/172175\\\/#primaryimage\"},\"image\":{\"@id\":\"https:\\\/\\\/www.webdo.tn\\\/fr\\\/actualite\\\/national-45\\\/le-snjt-porte-plainte-contre-le-ministre-de-linterieur-le-mi-promet-une-enquete\\\/172175\\\/#primaryimage\"},\"thumbnailUrl\":\"https:\\\/\\\/www.webdo.tn\\\/fr\\\/wp-content\\\/uploads\\\/2012\\\/02\\\/SNJT1.jpg\",\"datePublished\":\"2012-02-25T20:58:00+00:00\",\"description\":\"Le SNJT porte plainte contre Ali La\u00e2reydh... le MI promet une enqu\u00eate\",\"breadcrumb\":{\"@id\":\"https:\\\/\\\/www.webdo.tn\\\/fr\\\/actualite\\\/national-45\\\/le-snjt-porte-plainte-contre-le-ministre-de-linterieur-le-mi-promet-une-enquete\\\/172175\\\/#breadcrumb\"},\"inLanguage\":\"fr-FR\",\"potentialAction\":[{\"@type\":\"ReadAction\",\"target\":[\"https:\\\/\\\/www.webdo.tn\\\/fr\\\/actualite\\\/national-45\\\/le-snjt-porte-plainte-contre-le-ministre-de-linterieur-le-mi-promet-une-enquete\\\/172175\\\/\"]}]},{\"@type\":\"ImageObject\",\"inLanguage\":\"fr-FR\",\"@id\":\"https:\\\/\\\/www.webdo.tn\\\/fr\\\/actualite\\\/national-45\\\/le-snjt-porte-plainte-contre-le-ministre-de-linterieur-le-mi-promet-une-enquete\\\/172175\\\/#primaryimage\",\"url\":\"https:\\\/\\\/www.webdo.tn\\\/fr\\\/wp-content\\\/uploads\\\/2012\\\/02\\\/SNJT1.jpg\",\"contentUrl\":\"https:\\\/\\\/www.webdo.tn\\\/fr\\\/wp-content\\\/uploads\\\/2012\\\/02\\\/SNJT1.jpg\",\"width\":292,\"height\":193,\"caption\":\"Le SNJT porte plainte contre Ali La\u00e2reydh... le MI promet une enqu\u00eate\"},{\"@type\":\"BreadcrumbList\",\"@id\":\"https:\\\/\\\/www.webdo.tn\\\/fr\\\/actualite\\\/national-45\\\/le-snjt-porte-plainte-contre-le-ministre-de-linterieur-le-mi-promet-une-enquete\\\/172175\\\/#breadcrumb\",\"itemListElement\":[{\"@type\":\"ListItem\",\"position\":1,\"name\":\"Accueil\",\"item\":\"https:\\\/\\\/www.webdo.tn\\\/fr\\\/\"},{\"@type\":\"ListItem\",\"position\":2,\"name\":\"Le SNJT porte plainte contre Ali La\u00e2reydh&#8230; le MI promet une enqu\u00eate\"}]},{\"@type\":\"WebSite\",\"@id\":\"https:\\\/\\\/www.webdo.tn\\\/fr\\\/#website\",\"url\":\"https:\\\/\\\/www.webdo.tn\\\/fr\\\/\",\"name\":\"webdo\",\"description\":\"Tunisie - News en Tunisie et \u00e0 l&#039;international sur Webdo.tn\",\"publisher\":{\"@id\":\"https:\\\/\\\/www.webdo.tn\\\/fr\\\/#organization\"},\"potentialAction\":[{\"@type\":\"SearchAction\",\"target\":{\"@type\":\"EntryPoint\",\"urlTemplate\":\"https:\\\/\\\/www.webdo.tn\\\/fr\\\/?s={search_term_string}\"},\"query-input\":{\"@type\":\"PropertyValueSpecification\",\"valueRequired\":true,\"valueName\":\"search_term_string\"}}],\"inLanguage\":\"fr-FR\"},{\"@type\":\"Organization\",\"@id\":\"https:\\\/\\\/www.webdo.tn\\\/fr\\\/#organization\",\"name\":\"Webdo\",\"alternateName\":\"Webdo.tn\",\"url\":\"https:\\\/\\\/www.webdo.tn\\\/fr\\\/\",\"logo\":{\"@type\":\"ImageObject\",\"inLanguage\":\"fr-FR\",\"@id\":\"https:\\\/\\\/www.webdo.tn\\\/fr\\\/#\\\/schema\\\/logo\\\/image\\\/\",\"url\":\"https:\\\/\\\/www.webdo.tn\\\/fr\\\/wp-content\\\/uploads\\\/2025\\\/06\\\/Webdo-Tunisie_168377.jpg\",\"contentUrl\":\"https:\\\/\\\/www.webdo.tn\\\/fr\\\/wp-content\\\/uploads\\\/2025\\\/06\\\/Webdo-Tunisie_168377.jpg\",\"width\":301,\"height\":301,\"caption\":\"Webdo\"},\"image\":{\"@id\":\"https:\\\/\\\/www.webdo.tn\\\/fr\\\/#\\\/schema\\\/logo\\\/image\\\/\"},\"sameAs\":[\"https:\\\/\\\/www.facebook.com\\\/webdotn\",\"https:\\\/\\\/x.com\\\/webdo_tn\"],\"description\":\"Webdo est un m\u00e9dia num\u00e9rique tunisien fond\u00e9 en 2010, sp\u00e9cialis\u00e9 dans l\u2019actualit\u00e9 nationale et internationale, l\u2019\u00e9conomie, la soci\u00e9t\u00e9 et les analyses politiques. Le site s\u2019adresse \u00e0 un large public francophone et couvre l\u2019information tunisienne en temps r\u00e9el.\",\"email\":\"redac@webdo.tn\",\"legalName\":\"YNJ SARL\",\"foundingDate\":\"2010-09-06\",\"numberOfEmployees\":{\"@type\":\"QuantitativeValue\",\"minValue\":\"11\",\"maxValue\":\"50\"}},{\"@type\":\"Person\",\"@id\":\"https:\\\/\\\/www.webdo.tn\\\/fr\\\/#\\\/schema\\\/person\\\/9a9c6118d687c117df8ef3cc36a4d175\",\"name\":\"webdo.tn\",\"image\":{\"@type\":\"ImageObject\",\"inLanguage\":\"fr-FR\",\"@id\":\"https:\\\/\\\/secure.gravatar.com\\\/avatar\\\/7ce1f28c0c3bbac99ff550b85ef8e44a6950c6ee24514fb6a5489e51d06f0298?s=96&d=mm&r=g\",\"url\":\"https:\\\/\\\/secure.gravatar.com\\\/avatar\\\/7ce1f28c0c3bbac99ff550b85ef8e44a6950c6ee24514fb6a5489e51d06f0298?s=96&d=mm&r=g\",\"contentUrl\":\"https:\\\/\\\/secure.gravatar.com\\\/avatar\\\/7ce1f28c0c3bbac99ff550b85ef8e44a6950c6ee24514fb6a5489e51d06f0298?s=96&d=mm&r=g\",\"caption\":\"webdo.tn\"},\"url\":\"https:\\\/\\\/www.webdo.tn\\\/fr\\\/actualite\\\/author\\\/webdotn\\\/\"}]}<\/script>\n<!-- \/ Yoast SEO Premium plugin. -->","yoast_head_json":{"title":"Le SNJT porte plainte contre Ali La\u00e2reydh... le MI promet une enqu\u00eate","description":"Le SNJT porte plainte contre Ali La\u00e2reydh... le MI promet une enqu\u00eate","canonical":"https:\/\/www.webdo.tn\/fr\/actualite\/national-45\/le-snjt-porte-plainte-contre-le-ministre-de-linterieur-le-mi-promet-une-enquete\/172175\/","og_locale":"fr_FR","og_type":"article","og_title":"Le SNJT porte plainte contre Ali La\u00e2reydh... le MI promet une enqu\u00eate","og_description":"Le SNJT porte plainte contre Ali La\u00e2reydh... le MI promet une enqu\u00eate","og_url":"https:\/\/www.webdo.tn\/fr\/actualite\/national-45\/le-snjt-porte-plainte-contre-le-ministre-de-linterieur-le-mi-promet-une-enquete\/172175\/","og_site_name":"webdo","article_publisher":"https:\/\/www.facebook.com\/webdotn","article_published_time":"2012-02-25T20:58:00+00:00","og_image":[{"width":292,"height":193,"url":"https:\/\/www.webdo.tn\/fr\/wp-content\/uploads\/2012\/02\/SNJT1.jpg","type":"image\/jpeg"}],"author":"webdo.tn","twitter_card":"summary_large_image","twitter_creator":"@webdo_tn","twitter_site":"@webdo_tn","twitter_misc":{"\u00c9crit par":"webdo.tn","Dur\u00e9e de lecture estim\u00e9e":"1 minute"},"schema":{"@context":"https:\/\/schema.org","@graph":[{"@type":"NewsArticle","@id":"https:\/\/www.webdo.tn\/fr\/actualite\/national-45\/le-snjt-porte-plainte-contre-le-ministre-de-linterieur-le-mi-promet-une-enquete\/172175\/#article","isPartOf":{"@id":"https:\/\/www.webdo.tn\/fr\/actualite\/national-45\/le-snjt-porte-plainte-contre-le-ministre-de-linterieur-le-mi-promet-une-enquete\/172175\/"},"author":{"name":"webdo.tn","@id":"https:\/\/www.webdo.tn\/fr\/#\/schema\/person\/9a9c6118d687c117df8ef3cc36a4d175"},"headline":"Le SNJT porte plainte contre Ali La\u00e2reydh&#8230; le MI promet une enqu\u00eate","datePublished":"2012-02-25T20:58:00+00:00","mainEntityOfPage":{"@id":"https:\/\/www.webdo.tn\/fr\/actualite\/national-45\/le-snjt-porte-plainte-contre-le-ministre-de-linterieur-le-mi-promet-une-enquete\/172175\/"},"wordCount":285,"commentCount":0,"publisher":{"@id":"https:\/\/www.webdo.tn\/fr\/#organization"},"image":{"@id":"https:\/\/www.webdo.tn\/fr\/actualite\/national-45\/le-snjt-porte-plainte-contre-le-ministre-de-linterieur-le-mi-promet-une-enquete\/172175\/#primaryimage"},"thumbnailUrl":"https:\/\/www.webdo.tn\/fr\/wp-content\/uploads\/2012\/02\/SNJT1.jpg","keywords":["guerre"],"articleSection":["National"],"inLanguage":"fr-FR"},{"@type":"WebPage","@id":"https:\/\/www.webdo.tn\/fr\/actualite\/national-45\/le-snjt-porte-plainte-contre-le-ministre-de-linterieur-le-mi-promet-une-enquete\/172175\/","url":"https:\/\/www.webdo.tn\/fr\/actualite\/national-45\/le-snjt-porte-plainte-contre-le-ministre-de-linterieur-le-mi-promet-une-enquete\/172175\/","name":"Le SNJT porte plainte contre Ali La\u00e2reydh... le MI promet une enqu\u00eate","isPartOf":{"@id":"https:\/\/www.webdo.tn\/fr\/#website"},"primaryImageOfPage":{"@id":"https:\/\/www.webdo.tn\/fr\/actualite\/national-45\/le-snjt-porte-plainte-contre-le-ministre-de-linterieur-le-mi-promet-une-enquete\/172175\/#primaryimage"},"image":{"@id":"https:\/\/www.webdo.tn\/fr\/actualite\/national-45\/le-snjt-porte-plainte-contre-le-ministre-de-linterieur-le-mi-promet-une-enquete\/172175\/#primaryimage"},"thumbnailUrl":"https:\/\/www.webdo.tn\/fr\/wp-content\/uploads\/2012\/02\/SNJT1.jpg","datePublished":"2012-02-25T20:58:00+00:00","description":"Le SNJT porte plainte contre Ali La\u00e2reydh... le MI promet une enqu\u00eate","breadcrumb":{"@id":"https:\/\/www.webdo.tn\/fr\/actualite\/national-45\/le-snjt-porte-plainte-contre-le-ministre-de-linterieur-le-mi-promet-une-enquete\/172175\/#breadcrumb"},"inLanguage":"fr-FR","potentialAction":[{"@type":"ReadAction","target":["https:\/\/www.webdo.tn\/fr\/actualite\/national-45\/le-snjt-porte-plainte-contre-le-ministre-de-linterieur-le-mi-promet-une-enquete\/172175\/"]}]},{"@type":"ImageObject","inLanguage":"fr-FR","@id":"https:\/\/www.webdo.tn\/fr\/actualite\/national-45\/le-snjt-porte-plainte-contre-le-ministre-de-linterieur-le-mi-promet-une-enquete\/172175\/#primaryimage","url":"https:\/\/www.webdo.tn\/fr\/wp-content\/uploads\/2012\/02\/SNJT1.jpg","contentUrl":"https:\/\/www.webdo.tn\/fr\/wp-content\/uploads\/2012\/02\/SNJT1.jpg","width":292,"height":193,"caption":"Le SNJT porte plainte contre Ali La\u00e2reydh... le MI promet une enqu\u00eate"},{"@type":"BreadcrumbList","@id":"https:\/\/www.webdo.tn\/fr\/actualite\/national-45\/le-snjt-porte-plainte-contre-le-ministre-de-linterieur-le-mi-promet-une-enquete\/172175\/#breadcrumb","itemListElement":[{"@type":"ListItem","position":1,"name":"Accueil","item":"https:\/\/www.webdo.tn\/fr\/"},{"@type":"ListItem","position":2,"name":"Le SNJT porte plainte contre Ali La\u00e2reydh&#8230; le MI promet une enqu\u00eate"}]},{"@type":"WebSite","@id":"https:\/\/www.webdo.tn\/fr\/#website","url":"https:\/\/www.webdo.tn\/fr\/","name":"webdo","description":"Tunisie - News en Tunisie et \u00e0 l&#039;international sur Webdo.tn","publisher":{"@id":"https:\/\/www.webdo.tn\/fr\/#organization"},"potentialAction":[{"@type":"SearchAction","target":{"@type":"EntryPoint","urlTemplate":"https:\/\/www.webdo.tn\/fr\/?s={search_term_string}"},"query-input":{"@type":"PropertyValueSpecification","valueRequired":true,"valueName":"search_term_string"}}],"inLanguage":"fr-FR"},{"@type":"Organization","@id":"https:\/\/www.webdo.tn\/fr\/#organization","name":"Webdo","alternateName":"Webdo.tn","url":"https:\/\/www.webdo.tn\/fr\/","logo":{"@type":"ImageObject","inLanguage":"fr-FR","@id":"https:\/\/www.webdo.tn\/fr\/#\/schema\/logo\/image\/","url":"https:\/\/www.webdo.tn\/fr\/wp-content\/uploads\/2025\/06\/Webdo-Tunisie_168377.jpg","contentUrl":"https:\/\/www.webdo.tn\/fr\/wp-content\/uploads\/2025\/06\/Webdo-Tunisie_168377.jpg","width":301,"height":301,"caption":"Webdo"},"image":{"@id":"https:\/\/www.webdo.tn\/fr\/#\/schema\/logo\/image\/"},"sameAs":["https:\/\/www.facebook.com\/webdotn","https:\/\/x.com\/webdo_tn"],"description":"Webdo est un m\u00e9dia num\u00e9rique tunisien fond\u00e9 en 2010, sp\u00e9cialis\u00e9 dans l\u2019actualit\u00e9 nationale et internationale, l\u2019\u00e9conomie, la soci\u00e9t\u00e9 et les analyses politiques. Le site s\u2019adresse \u00e0 un large public francophone et couvre l\u2019information tunisienne en temps r\u00e9el.","email":"redac@webdo.tn","legalName":"YNJ SARL","foundingDate":"2010-09-06","numberOfEmployees":{"@type":"QuantitativeValue","minValue":"11","maxValue":"50"}},{"@type":"Person","@id":"https:\/\/www.webdo.tn\/fr\/#\/schema\/person\/9a9c6118d687c117df8ef3cc36a4d175","name":"webdo.tn","image":{"@type":"ImageObject","inLanguage":"fr-FR","@id":"https:\/\/secure.gravatar.com\/avatar\/7ce1f28c0c3bbac99ff550b85ef8e44a6950c6ee24514fb6a5489e51d06f0298?s=96&d=mm&r=g","url":"https:\/\/secure.gravatar.com\/avatar\/7ce1f28c0c3bbac99ff550b85ef8e44a6950c6ee24514fb6a5489e51d06f0298?s=96&d=mm&r=g","contentUrl":"https:\/\/secure.gravatar.com\/avatar\/7ce1f28c0c3bbac99ff550b85ef8e44a6950c6ee24514fb6a5489e51d06f0298?s=96&d=mm&r=g","caption":"webdo.tn"},"url":"https:\/\/www.webdo.tn\/fr\/actualite\/author\/webdotn\/"}]}},"_links":{"self":[{"href":"https:\/\/www.webdo.tn\/fr\/wp-json\/wp\/v2\/posts\/172175","targetHints":{"allow":["GET"]}}],"collection":[{"href":"https:\/\/www.webdo.tn\/fr\/wp-json\/wp\/v2\/posts"}],"about":[{"href":"https:\/\/www.webdo.tn\/fr\/wp-json\/wp\/v2\/types\/post"}],"author":[{"embeddable":true,"href":"https:\/\/www.webdo.tn\/fr\/wp-json\/wp\/v2\/users\/3222"}],"replies":[{"embeddable":true,"href":"https:\/\/www.webdo.tn\/fr\/wp-json\/wp\/v2\/comments?post=172175"}],"version-history":[{"count":0,"href":"https:\/\/www.webdo.tn\/fr\/wp-json\/wp\/v2\/posts\/172175\/revisions"}],"wp:featuredmedia":[{"embeddable":true,"href":"https:\/\/www.webdo.tn\/fr\/wp-json\/wp\/v2\/media\/333739"}],"wp:attachment":[{"href":"https:\/\/www.webdo.tn\/fr\/wp-json\/wp\/v2\/media?parent=172175"}],"wp:term":[{"taxonomy":"category","embeddable":true,"href":"https:\/\/www.webdo.tn\/fr\/wp-json\/wp\/v2\/categories?post=172175"},{"taxonomy":"post_tag","embeddable":true,"href":"https:\/\/www.webdo.tn\/fr\/wp-json\/wp\/v2\/tags?post=172175"}],"curies":[{"name":"wp","href":"https:\/\/api.w.org\/{rel}","templated":true}]}}