{"id":172174,"date":"2012-02-26T12:52:00","date_gmt":"2012-02-26T12:52:00","guid":{"rendered":"https:\/\/www.webdo.tn\/fr\/blog\/hamadi-jebali-accuse-et-menace-est-ce-un-signe-de-panique\/172174\/"},"modified":"2012-02-26T12:52:00","modified_gmt":"2012-02-26T12:52:00","slug":"hamadi-jebali-accuse-et-menace-est-ce-un-signe-de-panique","status":"publish","type":"post","link":"https:\/\/www.webdo.tn\/fr\/actualite\/national\/hamadi-jebali-accuse-et-menace-est-ce-un-signe-de-panique\/172174\/","title":{"rendered":"Hamadi Jebali accuse et menace : est-ce un signe de panique ?"},"content":{"rendered":"<p>Le premier ministre du gouvernement provisoire, M.Hamadi Jebali, souffle le chaud et le froid sur les \u00e9v\u00e9nements qui traversent le pays ces derniers temps. Emp\u00eatr\u00e9 dans ses difficult\u00e9s \u00e0 g\u00e9rer la situation sociopolitique actuelle avec en sus les inondations, le chef du gouvernement provisoire a fait hier sur les ondes de Radio Mosa\u00efque une d\u00e9claration qui ne peut pas passer inaper\u00e7ue. <\/p>\n<p>Deux questions ont retenu notre attention, la premi\u00e8re a concern\u00e9 certaines parties qui ont manifest\u00e9 contre le gouvernement demandant son d\u00e9part. Apr\u00e8s avoir esquiv\u00e9 l\u2019interrogation sur les responsables de ces actions, le premier ministre a finalement accus\u00e9 \u00ab les milices de l\u2019ancien parti au pouvoir et des hommes d\u2019affaires de la r\u00e9gion de Sousse et d\u2019ailleurs \u00bb qui auraient amen\u00e9 des \u00ab mercenaires \u00bb par bus entiers pour contester l\u2019action et la l\u00e9gitimit\u00e9 du gouvernement provisoire.<\/p>\n<p>Autrement dit, il estime que la manifestation de l\u2019UGTT du samedi ne serait que le fait de citoyens manipul\u00e9s et non de syndicalistes venus d\u00e9fendre les droits syndicaux et leur organisation. Or, la strat\u00e9gie du gouvernement provisoire vise, \u00e0 plus ou moins br\u00e8ve \u00e9ch\u00e9ance, la mise au pas de l\u2019UGTT pour stopper non seulement toute action revendicative, mais toute participation de la Centrale Syndicale \u00e0 l\u2019\u00e9dification de la Tunisie de demain, une centrale qui a toujours \u00e9t\u00e9 du c\u00f4t\u00e9 des forces d\u00e9mocratiques et progressistes y compris dans les p\u00e9riodes les plus sombres de notre pays. <\/p>\n<p>Il a aussi accus\u00e9 le gouvernement de transition de M.Beji Caid Essebsi d\u2019avoir pris des mesures de nature \u00e0 mettre en difficult\u00e9 le gouvernement qui lui succ\u00e8de. <\/p>\n<p>La deuxi\u00e8me question se rapporte \u00e0 l\u2019attitude du gouvernement provisoire \u00e0 l\u2019\u00e9gard de ceux que le premier ministre appelle les courants ou ceux qui essaient de lui mettre des b\u00e2tons dans les roues. \u00c0 ceux-l\u00e0, il a clairement r\u00e9pondu que \u00ab le peuple tunisien saura faire la part des choses \u00bb, mais il a aussi adopt\u00e9 un ton mena\u00e7ant en promettant \u00e0 ceux qui gouverneront demain qu\u2019il y a \u00ab des forces ayant une plus grande capacit\u00e9 de blocage \u00bb ou encore capable de plus de \u00ab nuisance \u00bb.<\/p>\n<p>Ce message est d\u2019autant plus grave dans le contexte actuel o\u00f9 il faut appeler tout le monde \u00e0 une certaine retenue, et o\u00f9 le gouvernement provisoire doit jouer le jeu d\u2019une mani\u00e8re franche et r\u00e9ellement d\u00e9mocratique. Car, les indices et la tentation de contr\u00f4ler les m\u00e9dias, la manifestation du vendredi dernier devant le si\u00e8ge de la t\u00e9l\u00e9vision le d\u00e9montre o\u00f9 le proc\u00e8s fait au patron d\u2019Attounissia ou encore les agressions dont sont victimes les journalistes dans l\u2019exercice de leurs fonctions, ou de faire taire, et m\u00eame d\u2019accuser de trahison, ceux qui pr\u00e9sentent aujourd\u2019hui une quelconque revendication, ne sont gu\u00e8res rassurants. On dirait m\u00eame qu\u2019ils sont inqui\u00e9tants pour la libert\u00e9 que le peuple tunisien et la soci\u00e9t\u00e9 civile viennent de conqu\u00e9rir ch\u00e8rement !<\/p>\n","protected":false},"excerpt":{"rendered":"<p>Hamadi Jebali accuse et menace : est-ce un signe de panique ?<\/p>\n","protected":false},"author":3222,"featured_media":333741,"comment_status":"open","ping_status":"closed","sticky":false,"template":"","format":"standard","meta":{"footnotes":""},"categories":[44],"tags":[2600],"class_list":["post-172174","post","type-post","status-publish","format-standard","has-post-thumbnail","hentry","category-national","tag-guerre"],"yoast_head":"<!-- This site is optimized with the Yoast SEO Premium plugin v27.5 (Yoast SEO v27.5) - https:\/\/yoast.com\/product\/yoast-seo-premium-wordpress\/ -->\n<title>Hamadi Jebali accuse et menace : est-ce un signe de panique ?<\/title>\n<meta name=\"description\" content=\"Hamadi Jebali accuse et menace : est-ce un signe de panique ?\" \/>\n<link rel=\"canonical\" href=\"https:\/\/www.webdo.tn\/fr\/actualite\/national-45\/hamadi-jebali-accuse-et-menace-est-ce-un-signe-de-panique\/172174\/\" \/>\n<meta property=\"og:locale\" content=\"fr_FR\" \/>\n<meta property=\"og:type\" content=\"article\" \/>\n<meta property=\"og:title\" content=\"Hamadi Jebali accuse et menace : est-ce un signe de panique ?\" \/>\n<meta property=\"og:description\" content=\"Hamadi Jebali accuse et menace : est-ce un signe de panique ?\" \/>\n<meta property=\"og:url\" content=\"https:\/\/www.webdo.tn\/fr\/actualite\/national-45\/hamadi-jebali-accuse-et-menace-est-ce-un-signe-de-panique\/172174\/\" \/>\n<meta property=\"og:site_name\" content=\"webdo\" \/>\n<meta property=\"article:publisher\" content=\"https:\/\/www.facebook.com\/webdotn\" \/>\n<meta property=\"article:published_time\" content=\"2012-02-26T12:52:00+00:00\" \/>\n<meta property=\"og:image\" content=\"https:\/\/www.webdo.tn\/fr\/wp-content\/uploads\/2012\/02\/jebali1.jpg\" \/>\n\t<meta property=\"og:image:width\" content=\"220\" \/>\n\t<meta property=\"og:image:height\" content=\"187\" \/>\n\t<meta property=\"og:image:type\" content=\"image\/jpeg\" \/>\n<meta name=\"author\" content=\"webdo.tn\" \/>\n<meta name=\"twitter:card\" content=\"summary_large_image\" \/>\n<meta name=\"twitter:creator\" content=\"@webdo_tn\" \/>\n<meta name=\"twitter:site\" content=\"@webdo_tn\" \/>\n<meta name=\"twitter:label1\" content=\"\u00c9crit par\" \/>\n\t<meta name=\"twitter:data1\" content=\"webdo.tn\" \/>\n\t<meta name=\"twitter:label2\" content=\"Dur\u00e9e de lecture estim\u00e9e\" \/>\n\t<meta name=\"twitter:data2\" content=\"3 minutes\" \/>\n<script type=\"application\/ld+json\" class=\"yoast-schema-graph\">{\"@context\":\"https:\\\/\\\/schema.org\",\"@graph\":[{\"@type\":\"NewsArticle\",\"@id\":\"https:\\\/\\\/www.webdo.tn\\\/fr\\\/actualite\\\/national-45\\\/hamadi-jebali-accuse-et-menace-est-ce-un-signe-de-panique\\\/172174\\\/#article\",\"isPartOf\":{\"@id\":\"https:\\\/\\\/www.webdo.tn\\\/fr\\\/actualite\\\/national-45\\\/hamadi-jebali-accuse-et-menace-est-ce-un-signe-de-panique\\\/172174\\\/\"},\"author\":{\"name\":\"webdo.tn\",\"@id\":\"https:\\\/\\\/www.webdo.tn\\\/fr\\\/#\\\/schema\\\/person\\\/9a9c6118d687c117df8ef3cc36a4d175\"},\"headline\":\"Hamadi Jebali accuse et menace : est-ce un signe de panique ?\",\"datePublished\":\"2012-02-26T12:52:00+00:00\",\"mainEntityOfPage\":{\"@id\":\"https:\\\/\\\/www.webdo.tn\\\/fr\\\/actualite\\\/national-45\\\/hamadi-jebali-accuse-et-menace-est-ce-un-signe-de-panique\\\/172174\\\/\"},\"wordCount\":524,\"commentCount\":0,\"publisher\":{\"@id\":\"https:\\\/\\\/www.webdo.tn\\\/fr\\\/#organization\"},\"image\":{\"@id\":\"https:\\\/\\\/www.webdo.tn\\\/fr\\\/actualite\\\/national-45\\\/hamadi-jebali-accuse-et-menace-est-ce-un-signe-de-panique\\\/172174\\\/#primaryimage\"},\"thumbnailUrl\":\"https:\\\/\\\/www.webdo.tn\\\/fr\\\/wp-content\\\/uploads\\\/2012\\\/02\\\/jebali1.jpg\",\"keywords\":[\"guerre\"],\"articleSection\":[\"National\"],\"inLanguage\":\"fr-FR\"},{\"@type\":\"WebPage\",\"@id\":\"https:\\\/\\\/www.webdo.tn\\\/fr\\\/actualite\\\/national-45\\\/hamadi-jebali-accuse-et-menace-est-ce-un-signe-de-panique\\\/172174\\\/\",\"url\":\"https:\\\/\\\/www.webdo.tn\\\/fr\\\/actualite\\\/national-45\\\/hamadi-jebali-accuse-et-menace-est-ce-un-signe-de-panique\\\/172174\\\/\",\"name\":\"Hamadi Jebali accuse et menace : est-ce un signe de panique ?\",\"isPartOf\":{\"@id\":\"https:\\\/\\\/www.webdo.tn\\\/fr\\\/#website\"},\"primaryImageOfPage\":{\"@id\":\"https:\\\/\\\/www.webdo.tn\\\/fr\\\/actualite\\\/national-45\\\/hamadi-jebali-accuse-et-menace-est-ce-un-signe-de-panique\\\/172174\\\/#primaryimage\"},\"image\":{\"@id\":\"https:\\\/\\\/www.webdo.tn\\\/fr\\\/actualite\\\/national-45\\\/hamadi-jebali-accuse-et-menace-est-ce-un-signe-de-panique\\\/172174\\\/#primaryimage\"},\"thumbnailUrl\":\"https:\\\/\\\/www.webdo.tn\\\/fr\\\/wp-content\\\/uploads\\\/2012\\\/02\\\/jebali1.jpg\",\"datePublished\":\"2012-02-26T12:52:00+00:00\",\"description\":\"Hamadi Jebali accuse et menace : est-ce un signe de panique ?\",\"breadcrumb\":{\"@id\":\"https:\\\/\\\/www.webdo.tn\\\/fr\\\/actualite\\\/national-45\\\/hamadi-jebali-accuse-et-menace-est-ce-un-signe-de-panique\\\/172174\\\/#breadcrumb\"},\"inLanguage\":\"fr-FR\",\"potentialAction\":[{\"@type\":\"ReadAction\",\"target\":[\"https:\\\/\\\/www.webdo.tn\\\/fr\\\/actualite\\\/national-45\\\/hamadi-jebali-accuse-et-menace-est-ce-un-signe-de-panique\\\/172174\\\/\"]}]},{\"@type\":\"ImageObject\",\"inLanguage\":\"fr-FR\",\"@id\":\"https:\\\/\\\/www.webdo.tn\\\/fr\\\/actualite\\\/national-45\\\/hamadi-jebali-accuse-et-menace-est-ce-un-signe-de-panique\\\/172174\\\/#primaryimage\",\"url\":\"https:\\\/\\\/www.webdo.tn\\\/fr\\\/wp-content\\\/uploads\\\/2012\\\/02\\\/jebali1.jpg\",\"contentUrl\":\"https:\\\/\\\/www.webdo.tn\\\/fr\\\/wp-content\\\/uploads\\\/2012\\\/02\\\/jebali1.jpg\",\"width\":220,\"height\":187,\"caption\":\"Hamadi Jebali accuse et menace : est-ce un signe de panique ?\"},{\"@type\":\"BreadcrumbList\",\"@id\":\"https:\\\/\\\/www.webdo.tn\\\/fr\\\/actualite\\\/national-45\\\/hamadi-jebali-accuse-et-menace-est-ce-un-signe-de-panique\\\/172174\\\/#breadcrumb\",\"itemListElement\":[{\"@type\":\"ListItem\",\"position\":1,\"name\":\"Accueil\",\"item\":\"https:\\\/\\\/www.webdo.tn\\\/fr\\\/\"},{\"@type\":\"ListItem\",\"position\":2,\"name\":\"Hamadi Jebali accuse et menace : est-ce un signe de panique ?\"}]},{\"@type\":\"WebSite\",\"@id\":\"https:\\\/\\\/www.webdo.tn\\\/fr\\\/#website\",\"url\":\"https:\\\/\\\/www.webdo.tn\\\/fr\\\/\",\"name\":\"webdo\",\"description\":\"Tunisie - News en Tunisie et \u00e0 l&#039;international sur Webdo.tn\",\"publisher\":{\"@id\":\"https:\\\/\\\/www.webdo.tn\\\/fr\\\/#organization\"},\"potentialAction\":[{\"@type\":\"SearchAction\",\"target\":{\"@type\":\"EntryPoint\",\"urlTemplate\":\"https:\\\/\\\/www.webdo.tn\\\/fr\\\/?s={search_term_string}\"},\"query-input\":{\"@type\":\"PropertyValueSpecification\",\"valueRequired\":true,\"valueName\":\"search_term_string\"}}],\"inLanguage\":\"fr-FR\"},{\"@type\":\"Organization\",\"@id\":\"https:\\\/\\\/www.webdo.tn\\\/fr\\\/#organization\",\"name\":\"Webdo\",\"alternateName\":\"Webdo.tn\",\"url\":\"https:\\\/\\\/www.webdo.tn\\\/fr\\\/\",\"logo\":{\"@type\":\"ImageObject\",\"inLanguage\":\"fr-FR\",\"@id\":\"https:\\\/\\\/www.webdo.tn\\\/fr\\\/#\\\/schema\\\/logo\\\/image\\\/\",\"url\":\"https:\\\/\\\/www.webdo.tn\\\/fr\\\/wp-content\\\/uploads\\\/2025\\\/06\\\/Webdo-Tunisie_168377.jpg\",\"contentUrl\":\"https:\\\/\\\/www.webdo.tn\\\/fr\\\/wp-content\\\/uploads\\\/2025\\\/06\\\/Webdo-Tunisie_168377.jpg\",\"width\":301,\"height\":301,\"caption\":\"Webdo\"},\"image\":{\"@id\":\"https:\\\/\\\/www.webdo.tn\\\/fr\\\/#\\\/schema\\\/logo\\\/image\\\/\"},\"sameAs\":[\"https:\\\/\\\/www.facebook.com\\\/webdotn\",\"https:\\\/\\\/x.com\\\/webdo_tn\"],\"description\":\"Webdo est un m\u00e9dia num\u00e9rique tunisien fond\u00e9 en 2010, sp\u00e9cialis\u00e9 dans l\u2019actualit\u00e9 nationale et internationale, l\u2019\u00e9conomie, la soci\u00e9t\u00e9 et les analyses politiques. Le site s\u2019adresse \u00e0 un large public francophone et couvre l\u2019information tunisienne en temps r\u00e9el.\",\"email\":\"redac@webdo.tn\",\"legalName\":\"YNJ SARL\",\"foundingDate\":\"2010-09-06\",\"numberOfEmployees\":{\"@type\":\"QuantitativeValue\",\"minValue\":\"11\",\"maxValue\":\"50\"}},{\"@type\":\"Person\",\"@id\":\"https:\\\/\\\/www.webdo.tn\\\/fr\\\/#\\\/schema\\\/person\\\/9a9c6118d687c117df8ef3cc36a4d175\",\"name\":\"webdo.tn\",\"image\":{\"@type\":\"ImageObject\",\"inLanguage\":\"fr-FR\",\"@id\":\"https:\\\/\\\/secure.gravatar.com\\\/avatar\\\/7ce1f28c0c3bbac99ff550b85ef8e44a6950c6ee24514fb6a5489e51d06f0298?s=96&d=mm&r=g\",\"url\":\"https:\\\/\\\/secure.gravatar.com\\\/avatar\\\/7ce1f28c0c3bbac99ff550b85ef8e44a6950c6ee24514fb6a5489e51d06f0298?s=96&d=mm&r=g\",\"contentUrl\":\"https:\\\/\\\/secure.gravatar.com\\\/avatar\\\/7ce1f28c0c3bbac99ff550b85ef8e44a6950c6ee24514fb6a5489e51d06f0298?s=96&d=mm&r=g\",\"caption\":\"webdo.tn\"},\"url\":\"https:\\\/\\\/www.webdo.tn\\\/fr\\\/actualite\\\/author\\\/webdotn\\\/\"}]}<\/script>\n<!-- \/ Yoast SEO Premium plugin. -->","yoast_head_json":{"title":"Hamadi Jebali accuse et menace : est-ce un signe de panique ?","description":"Hamadi Jebali accuse et menace : est-ce un signe de panique ?","canonical":"https:\/\/www.webdo.tn\/fr\/actualite\/national-45\/hamadi-jebali-accuse-et-menace-est-ce-un-signe-de-panique\/172174\/","og_locale":"fr_FR","og_type":"article","og_title":"Hamadi Jebali accuse et menace : est-ce un signe de panique ?","og_description":"Hamadi Jebali accuse et menace : est-ce un signe de panique ?","og_url":"https:\/\/www.webdo.tn\/fr\/actualite\/national-45\/hamadi-jebali-accuse-et-menace-est-ce-un-signe-de-panique\/172174\/","og_site_name":"webdo","article_publisher":"https:\/\/www.facebook.com\/webdotn","article_published_time":"2012-02-26T12:52:00+00:00","og_image":[{"width":220,"height":187,"url":"https:\/\/www.webdo.tn\/fr\/wp-content\/uploads\/2012\/02\/jebali1.jpg","type":"image\/jpeg"}],"author":"webdo.tn","twitter_card":"summary_large_image","twitter_creator":"@webdo_tn","twitter_site":"@webdo_tn","twitter_misc":{"\u00c9crit par":"webdo.tn","Dur\u00e9e de lecture estim\u00e9e":"3 minutes"},"schema":{"@context":"https:\/\/schema.org","@graph":[{"@type":"NewsArticle","@id":"https:\/\/www.webdo.tn\/fr\/actualite\/national-45\/hamadi-jebali-accuse-et-menace-est-ce-un-signe-de-panique\/172174\/#article","isPartOf":{"@id":"https:\/\/www.webdo.tn\/fr\/actualite\/national-45\/hamadi-jebali-accuse-et-menace-est-ce-un-signe-de-panique\/172174\/"},"author":{"name":"webdo.tn","@id":"https:\/\/www.webdo.tn\/fr\/#\/schema\/person\/9a9c6118d687c117df8ef3cc36a4d175"},"headline":"Hamadi Jebali accuse et menace : est-ce un signe de panique ?","datePublished":"2012-02-26T12:52:00+00:00","mainEntityOfPage":{"@id":"https:\/\/www.webdo.tn\/fr\/actualite\/national-45\/hamadi-jebali-accuse-et-menace-est-ce-un-signe-de-panique\/172174\/"},"wordCount":524,"commentCount":0,"publisher":{"@id":"https:\/\/www.webdo.tn\/fr\/#organization"},"image":{"@id":"https:\/\/www.webdo.tn\/fr\/actualite\/national-45\/hamadi-jebali-accuse-et-menace-est-ce-un-signe-de-panique\/172174\/#primaryimage"},"thumbnailUrl":"https:\/\/www.webdo.tn\/fr\/wp-content\/uploads\/2012\/02\/jebali1.jpg","keywords":["guerre"],"articleSection":["National"],"inLanguage":"fr-FR"},{"@type":"WebPage","@id":"https:\/\/www.webdo.tn\/fr\/actualite\/national-45\/hamadi-jebali-accuse-et-menace-est-ce-un-signe-de-panique\/172174\/","url":"https:\/\/www.webdo.tn\/fr\/actualite\/national-45\/hamadi-jebali-accuse-et-menace-est-ce-un-signe-de-panique\/172174\/","name":"Hamadi Jebali accuse et menace : est-ce un signe de panique ?","isPartOf":{"@id":"https:\/\/www.webdo.tn\/fr\/#website"},"primaryImageOfPage":{"@id":"https:\/\/www.webdo.tn\/fr\/actualite\/national-45\/hamadi-jebali-accuse-et-menace-est-ce-un-signe-de-panique\/172174\/#primaryimage"},"image":{"@id":"https:\/\/www.webdo.tn\/fr\/actualite\/national-45\/hamadi-jebali-accuse-et-menace-est-ce-un-signe-de-panique\/172174\/#primaryimage"},"thumbnailUrl":"https:\/\/www.webdo.tn\/fr\/wp-content\/uploads\/2012\/02\/jebali1.jpg","datePublished":"2012-02-26T12:52:00+00:00","description":"Hamadi Jebali accuse et menace : est-ce un signe de panique ?","breadcrumb":{"@id":"https:\/\/www.webdo.tn\/fr\/actualite\/national-45\/hamadi-jebali-accuse-et-menace-est-ce-un-signe-de-panique\/172174\/#breadcrumb"},"inLanguage":"fr-FR","potentialAction":[{"@type":"ReadAction","target":["https:\/\/www.webdo.tn\/fr\/actualite\/national-45\/hamadi-jebali-accuse-et-menace-est-ce-un-signe-de-panique\/172174\/"]}]},{"@type":"ImageObject","inLanguage":"fr-FR","@id":"https:\/\/www.webdo.tn\/fr\/actualite\/national-45\/hamadi-jebali-accuse-et-menace-est-ce-un-signe-de-panique\/172174\/#primaryimage","url":"https:\/\/www.webdo.tn\/fr\/wp-content\/uploads\/2012\/02\/jebali1.jpg","contentUrl":"https:\/\/www.webdo.tn\/fr\/wp-content\/uploads\/2012\/02\/jebali1.jpg","width":220,"height":187,"caption":"Hamadi Jebali accuse et menace : est-ce un signe de panique ?"},{"@type":"BreadcrumbList","@id":"https:\/\/www.webdo.tn\/fr\/actualite\/national-45\/hamadi-jebali-accuse-et-menace-est-ce-un-signe-de-panique\/172174\/#breadcrumb","itemListElement":[{"@type":"ListItem","position":1,"name":"Accueil","item":"https:\/\/www.webdo.tn\/fr\/"},{"@type":"ListItem","position":2,"name":"Hamadi Jebali accuse et menace : est-ce un signe de panique ?"}]},{"@type":"WebSite","@id":"https:\/\/www.webdo.tn\/fr\/#website","url":"https:\/\/www.webdo.tn\/fr\/","name":"webdo","description":"Tunisie - News en Tunisie et \u00e0 l&#039;international sur Webdo.tn","publisher":{"@id":"https:\/\/www.webdo.tn\/fr\/#organization"},"potentialAction":[{"@type":"SearchAction","target":{"@type":"EntryPoint","urlTemplate":"https:\/\/www.webdo.tn\/fr\/?s={search_term_string}"},"query-input":{"@type":"PropertyValueSpecification","valueRequired":true,"valueName":"search_term_string"}}],"inLanguage":"fr-FR"},{"@type":"Organization","@id":"https:\/\/www.webdo.tn\/fr\/#organization","name":"Webdo","alternateName":"Webdo.tn","url":"https:\/\/www.webdo.tn\/fr\/","logo":{"@type":"ImageObject","inLanguage":"fr-FR","@id":"https:\/\/www.webdo.tn\/fr\/#\/schema\/logo\/image\/","url":"https:\/\/www.webdo.tn\/fr\/wp-content\/uploads\/2025\/06\/Webdo-Tunisie_168377.jpg","contentUrl":"https:\/\/www.webdo.tn\/fr\/wp-content\/uploads\/2025\/06\/Webdo-Tunisie_168377.jpg","width":301,"height":301,"caption":"Webdo"},"image":{"@id":"https:\/\/www.webdo.tn\/fr\/#\/schema\/logo\/image\/"},"sameAs":["https:\/\/www.facebook.com\/webdotn","https:\/\/x.com\/webdo_tn"],"description":"Webdo est un m\u00e9dia num\u00e9rique tunisien fond\u00e9 en 2010, sp\u00e9cialis\u00e9 dans l\u2019actualit\u00e9 nationale et internationale, l\u2019\u00e9conomie, la soci\u00e9t\u00e9 et les analyses politiques. Le site s\u2019adresse \u00e0 un large public francophone et couvre l\u2019information tunisienne en temps r\u00e9el.","email":"redac@webdo.tn","legalName":"YNJ SARL","foundingDate":"2010-09-06","numberOfEmployees":{"@type":"QuantitativeValue","minValue":"11","maxValue":"50"}},{"@type":"Person","@id":"https:\/\/www.webdo.tn\/fr\/#\/schema\/person\/9a9c6118d687c117df8ef3cc36a4d175","name":"webdo.tn","image":{"@type":"ImageObject","inLanguage":"fr-FR","@id":"https:\/\/secure.gravatar.com\/avatar\/7ce1f28c0c3bbac99ff550b85ef8e44a6950c6ee24514fb6a5489e51d06f0298?s=96&d=mm&r=g","url":"https:\/\/secure.gravatar.com\/avatar\/7ce1f28c0c3bbac99ff550b85ef8e44a6950c6ee24514fb6a5489e51d06f0298?s=96&d=mm&r=g","contentUrl":"https:\/\/secure.gravatar.com\/avatar\/7ce1f28c0c3bbac99ff550b85ef8e44a6950c6ee24514fb6a5489e51d06f0298?s=96&d=mm&r=g","caption":"webdo.tn"},"url":"https:\/\/www.webdo.tn\/fr\/actualite\/author\/webdotn\/"}]}},"_links":{"self":[{"href":"https:\/\/www.webdo.tn\/fr\/wp-json\/wp\/v2\/posts\/172174","targetHints":{"allow":["GET"]}}],"collection":[{"href":"https:\/\/www.webdo.tn\/fr\/wp-json\/wp\/v2\/posts"}],"about":[{"href":"https:\/\/www.webdo.tn\/fr\/wp-json\/wp\/v2\/types\/post"}],"author":[{"embeddable":true,"href":"https:\/\/www.webdo.tn\/fr\/wp-json\/wp\/v2\/users\/3222"}],"replies":[{"embeddable":true,"href":"https:\/\/www.webdo.tn\/fr\/wp-json\/wp\/v2\/comments?post=172174"}],"version-history":[{"count":0,"href":"https:\/\/www.webdo.tn\/fr\/wp-json\/wp\/v2\/posts\/172174\/revisions"}],"wp:featuredmedia":[{"embeddable":true,"href":"https:\/\/www.webdo.tn\/fr\/wp-json\/wp\/v2\/media\/333741"}],"wp:attachment":[{"href":"https:\/\/www.webdo.tn\/fr\/wp-json\/wp\/v2\/media?parent=172174"}],"wp:term":[{"taxonomy":"category","embeddable":true,"href":"https:\/\/www.webdo.tn\/fr\/wp-json\/wp\/v2\/categories?post=172174"},{"taxonomy":"post_tag","embeddable":true,"href":"https:\/\/www.webdo.tn\/fr\/wp-json\/wp\/v2\/tags?post=172174"}],"curies":[{"name":"wp","href":"https:\/\/api.w.org\/{rel}","templated":true}]}}