{"id":172169,"date":"2012-02-27T16:40:00","date_gmt":"2012-02-27T16:40:00","guid":{"rendered":"https:\/\/www.webdo.tn\/fr\/blog\/vers-un-front-du-23-octobre-2012\/172169\/"},"modified":"2025-06-04T18:59:48","modified_gmt":"2025-06-04T18:59:48","slug":"vers-un-front-du-23-octobre-2012","status":"publish","type":"post","link":"https:\/\/www.webdo.tn\/fr\/actualite\/national\/vers-un-front-du-23-octobre-2012\/172169\/","title":{"rendered":"Vers un front du 23 octobre 2012 ?"},"content":{"rendered":"<p>Les consultations entre diff\u00e9rentes mouvances politiques vont bon train et se focalisent sur la d\u00e9finition d\u2019une plate-forme commune \u00e0 tous les partis et mouvements du centre et de la gauche oppos\u00e9s \u00e0 l\u2019actuelle majorit\u00e9.<br \/>\nL\u2019enjeu de ces consultations : les prochaines \u00e9lections qui devraient se tenir le 23 octobre prochain et dont seulement huit mois nous s\u00e9parent. En ce sens, nous devrions aller vers la constitution d\u2019un front du 23 octobre 2012 qui disputerait, sous une banni\u00e8re unifi\u00e9e, les \u00e9lections en face d\u2019Ennahdha et ses alli\u00e9s.<\/p>\n<p>Tr\u00e8s actif sur ce dossier, B\u00e9ji Ca\u00efd Essebsi a multipli\u00e9 les rencontres avec les leaders de l\u2019opposition. Il rencontrait, en fin de la semaine derni\u00e8re, les dirigeants de gauche, dont ceux d\u2019Ettajdid, du PDM et du PTT.<\/p>\n<p>Sur tout l\u2019arc qui va du centre \u00e0 la gauche, BCE fait figure de rassembleur a minima, car il est clair pour tous que son combat est men\u00e9 pour la Tunisie et non au nom d\u2019ambitions personnelles.<\/p>\n<p>De plus, l\u2019opinion publique adh\u00e8re largement \u00e0 cette d\u00e9marche f\u00e9d\u00e9ratrice, car selon le bon mot d\u2019un cadre de gauche : \u00ab B\u00e9ji fait taire les coqs et suspend les luttes fratricides\u00bb.<\/p>\n<p>En outre, cette d\u00e9marche rencontre l\u2019assentiment de plusieurs cat\u00e9gories de la classe moyenne qui ont fini par \u00eatre d\u00e9\u00e7ues par les promesses non tenues d\u2019Ennahdha. Un autre cadre, syndicaliste, r\u00e9sume : \u00abTout ce qui se passe aujourd\u2019hui sur la sc\u00e8ne sociale est l\u00e9gitime, car Ennahdha a promis monts et merveilles, mais n\u2019a tenu aucune de ses promesses\u00bb.<\/p>\n<p>Heurt\u00e9s, surpris et exasp\u00e9r\u00e9s par l\u2019alliance tactique d\u2019Ennahdha avec les salafistes, de nombreux secteurs de l\u2019opinion publique demandent \u00e0 \u00eatre rassur\u00e9s et voient d\u2019un mauvais \u0153il la fuite en avant du parti conservateur.<\/p>\n<p>Et cette recomposition autour d\u2019un Front du 23 octobre 2012 assorti d\u2019un programme commun apporter du grain \u00e0 moudre au petit peuple touch\u00e9 de plein fouet par la crise, inquiet des d\u00e9rives s\u00e9curitaires et lass\u00e9 du double langage qui pr\u00e9vaut \u00e0 l\u2019heure actuelle.<\/p>\n<p>Deux \u00e9l\u00e9ments sont actuellement en discussion dans le cadre de cette initiative f\u00e9d\u00e9ratrice qui unifie et rend plus visible l\u2019alternative \u00e0 la majorit\u00e9 actuelle :<\/p>\n<p>1 &#8211; Ne pas jeter d\u2019anath\u00e8me sur quiconque voudrait rejoindre ce front en construction, y compris les destouriens attach\u00e9s aux valeurs modernistes.<\/p>\n<p>2 &#8211; Appel \u00e0 l\u2019Instance sup\u00e9rieure ind\u00e9pendante des \u00e9lections (ISIE) \u00e0 se mettre au travail d\u00e8s \u00e0 pr\u00e9sent pour mobiliser les millions d\u2019\u00e9lecteurs non inscrits et pr\u00e9parer l\u2019\u00e9ch\u00e9ance du 23 octobre 2012.<\/p>\n<p>Avec la d\u00e9marche f\u00e9d\u00e9ratrice de B\u00e9ji Ca\u00efd Essebsi, la mont\u00e9e en puissance de Abdelfettah Mourou et la construction d\u2019un front \u00e9lectoral tourn\u00e9 vers l\u2019avenir, la donne politique est en train de conna\u00eetre des \u00e9volutions notables et d\u00e9cisives.<\/p>\n","protected":false},"excerpt":{"rendered":"<p>Vers un front du 23 octobre 2012 ? <\/p>\n","protected":false},"author":3222,"featured_media":334069,"comment_status":"open","ping_status":"closed","sticky":false,"template":"","format":"standard","meta":{"footnotes":""},"categories":[44],"tags":[],"class_list":["post-172169","post","type-post","status-publish","format-standard","has-post-thumbnail","hentry","category-national"],"yoast_head":"<!-- This site is optimized with the Yoast SEO Premium plugin v27.5 (Yoast SEO v27.5) - https:\/\/yoast.com\/product\/yoast-seo-premium-wordpress\/ -->\n<title>Vers un front du 23 octobre 2012 ?<\/title>\n<meta name=\"description\" content=\"Vers un front du 23 octobre 2012 ?\" \/>\n<link rel=\"canonical\" href=\"https:\/\/www.webdo.tn\/fr\/actualite\/blog\/vers-un-front-du-23-octobre-2012\/172169\/\" \/>\n<meta property=\"og:locale\" content=\"fr_FR\" \/>\n<meta property=\"og:type\" content=\"article\" \/>\n<meta property=\"og:title\" content=\"Vers un front du 23 octobre 2012 ?\" \/>\n<meta property=\"og:description\" content=\"Vers un front du 23 octobre 2012 ?\" \/>\n<meta property=\"og:url\" content=\"https:\/\/www.webdo.tn\/fr\/actualite\/blog\/vers-un-front-du-23-octobre-2012\/172169\/\" \/>\n<meta property=\"og:site_name\" content=\"webdo\" \/>\n<meta property=\"article:publisher\" content=\"https:\/\/www.facebook.com\/webdotn\" \/>\n<meta property=\"article:published_time\" content=\"2012-02-27T16:40:00+00:00\" \/>\n<meta property=\"article:modified_time\" content=\"2025-06-04T18:59:48+00:00\" \/>\n<meta property=\"og:image\" content=\"https:\/\/www.webdo.tn\/fr\/wp-content\/uploads\/2012\/02\/Protestation-Tunisie-photo-digitaljournal.com_.jpg\" \/>\n\t<meta property=\"og:image:width\" content=\"247\" \/>\n\t<meta property=\"og:image:height\" content=\"164\" \/>\n\t<meta property=\"og:image:type\" content=\"image\/jpeg\" \/>\n<meta name=\"author\" content=\"webdo.tn\" \/>\n<meta name=\"twitter:card\" content=\"summary_large_image\" \/>\n<meta name=\"twitter:creator\" content=\"@webdo_tn\" \/>\n<meta name=\"twitter:site\" content=\"@webdo_tn\" \/>\n<meta name=\"twitter:label1\" content=\"\u00c9crit par\" \/>\n\t<meta name=\"twitter:data1\" content=\"webdo.tn\" \/>\n\t<meta name=\"twitter:label2\" content=\"Dur\u00e9e de lecture estim\u00e9e\" \/>\n\t<meta name=\"twitter:data2\" content=\"2 minutes\" \/>\n<script type=\"application\/ld+json\" class=\"yoast-schema-graph\">{\"@context\":\"https:\\\/\\\/schema.org\",\"@graph\":[{\"@type\":\"NewsArticle\",\"@id\":\"https:\\\/\\\/www.webdo.tn\\\/fr\\\/actualite\\\/blog\\\/vers-un-front-du-23-octobre-2012\\\/172169\\\/#article\",\"isPartOf\":{\"@id\":\"https:\\\/\\\/www.webdo.tn\\\/fr\\\/actualite\\\/blog\\\/vers-un-front-du-23-octobre-2012\\\/172169\\\/\"},\"author\":{\"name\":\"webdo.tn\",\"@id\":\"https:\\\/\\\/www.webdo.tn\\\/fr\\\/#\\\/schema\\\/person\\\/9a9c6118d687c117df8ef3cc36a4d175\"},\"headline\":\"Vers un front du 23 octobre 2012 ?\",\"datePublished\":\"2012-02-27T16:40:00+00:00\",\"dateModified\":\"2025-06-04T18:59:48+00:00\",\"mainEntityOfPage\":{\"@id\":\"https:\\\/\\\/www.webdo.tn\\\/fr\\\/actualite\\\/blog\\\/vers-un-front-du-23-octobre-2012\\\/172169\\\/\"},\"wordCount\":497,\"commentCount\":0,\"publisher\":{\"@id\":\"https:\\\/\\\/www.webdo.tn\\\/fr\\\/#organization\"},\"image\":{\"@id\":\"https:\\\/\\\/www.webdo.tn\\\/fr\\\/actualite\\\/blog\\\/vers-un-front-du-23-octobre-2012\\\/172169\\\/#primaryimage\"},\"thumbnailUrl\":\"https:\\\/\\\/www.webdo.tn\\\/fr\\\/wp-content\\\/uploads\\\/2012\\\/02\\\/Protestation-Tunisie-photo-digitaljournal.com_.jpg\",\"articleSection\":[\"National\"],\"inLanguage\":\"fr-FR\"},{\"@type\":\"WebPage\",\"@id\":\"https:\\\/\\\/www.webdo.tn\\\/fr\\\/actualite\\\/blog\\\/vers-un-front-du-23-octobre-2012\\\/172169\\\/\",\"url\":\"https:\\\/\\\/www.webdo.tn\\\/fr\\\/actualite\\\/blog\\\/vers-un-front-du-23-octobre-2012\\\/172169\\\/\",\"name\":\"Vers un front du 23 octobre 2012 ?\",\"isPartOf\":{\"@id\":\"https:\\\/\\\/www.webdo.tn\\\/fr\\\/#website\"},\"primaryImageOfPage\":{\"@id\":\"https:\\\/\\\/www.webdo.tn\\\/fr\\\/actualite\\\/blog\\\/vers-un-front-du-23-octobre-2012\\\/172169\\\/#primaryimage\"},\"image\":{\"@id\":\"https:\\\/\\\/www.webdo.tn\\\/fr\\\/actualite\\\/blog\\\/vers-un-front-du-23-octobre-2012\\\/172169\\\/#primaryimage\"},\"thumbnailUrl\":\"https:\\\/\\\/www.webdo.tn\\\/fr\\\/wp-content\\\/uploads\\\/2012\\\/02\\\/Protestation-Tunisie-photo-digitaljournal.com_.jpg\",\"datePublished\":\"2012-02-27T16:40:00+00:00\",\"dateModified\":\"2025-06-04T18:59:48+00:00\",\"description\":\"Vers un front du 23 octobre 2012 ?\",\"breadcrumb\":{\"@id\":\"https:\\\/\\\/www.webdo.tn\\\/fr\\\/actualite\\\/blog\\\/vers-un-front-du-23-octobre-2012\\\/172169\\\/#breadcrumb\"},\"inLanguage\":\"fr-FR\",\"potentialAction\":[{\"@type\":\"ReadAction\",\"target\":[\"https:\\\/\\\/www.webdo.tn\\\/fr\\\/actualite\\\/blog\\\/vers-un-front-du-23-octobre-2012\\\/172169\\\/\"]}]},{\"@type\":\"ImageObject\",\"inLanguage\":\"fr-FR\",\"@id\":\"https:\\\/\\\/www.webdo.tn\\\/fr\\\/actualite\\\/blog\\\/vers-un-front-du-23-octobre-2012\\\/172169\\\/#primaryimage\",\"url\":\"https:\\\/\\\/www.webdo.tn\\\/fr\\\/wp-content\\\/uploads\\\/2012\\\/02\\\/Protestation-Tunisie-photo-digitaljournal.com_.jpg\",\"contentUrl\":\"https:\\\/\\\/www.webdo.tn\\\/fr\\\/wp-content\\\/uploads\\\/2012\\\/02\\\/Protestation-Tunisie-photo-digitaljournal.com_.jpg\",\"width\":247,\"height\":164,\"caption\":\"Vers un front du 23 octobre 2012 ?\"},{\"@type\":\"BreadcrumbList\",\"@id\":\"https:\\\/\\\/www.webdo.tn\\\/fr\\\/actualite\\\/blog\\\/vers-un-front-du-23-octobre-2012\\\/172169\\\/#breadcrumb\",\"itemListElement\":[{\"@type\":\"ListItem\",\"position\":1,\"name\":\"Accueil\",\"item\":\"https:\\\/\\\/www.webdo.tn\\\/fr\\\/\"},{\"@type\":\"ListItem\",\"position\":2,\"name\":\"Vers un front du 23 octobre 2012 ?\"}]},{\"@type\":\"WebSite\",\"@id\":\"https:\\\/\\\/www.webdo.tn\\\/fr\\\/#website\",\"url\":\"https:\\\/\\\/www.webdo.tn\\\/fr\\\/\",\"name\":\"webdo\",\"description\":\"Tunisie - News en Tunisie et \u00e0 l&#039;international sur Webdo.tn\",\"publisher\":{\"@id\":\"https:\\\/\\\/www.webdo.tn\\\/fr\\\/#organization\"},\"potentialAction\":[{\"@type\":\"SearchAction\",\"target\":{\"@type\":\"EntryPoint\",\"urlTemplate\":\"https:\\\/\\\/www.webdo.tn\\\/fr\\\/?s={search_term_string}\"},\"query-input\":{\"@type\":\"PropertyValueSpecification\",\"valueRequired\":true,\"valueName\":\"search_term_string\"}}],\"inLanguage\":\"fr-FR\"},{\"@type\":\"Organization\",\"@id\":\"https:\\\/\\\/www.webdo.tn\\\/fr\\\/#organization\",\"name\":\"Webdo\",\"alternateName\":\"Webdo.tn\",\"url\":\"https:\\\/\\\/www.webdo.tn\\\/fr\\\/\",\"logo\":{\"@type\":\"ImageObject\",\"inLanguage\":\"fr-FR\",\"@id\":\"https:\\\/\\\/www.webdo.tn\\\/fr\\\/#\\\/schema\\\/logo\\\/image\\\/\",\"url\":\"https:\\\/\\\/www.webdo.tn\\\/fr\\\/wp-content\\\/uploads\\\/2025\\\/06\\\/Webdo-Tunisie_168377.jpg\",\"contentUrl\":\"https:\\\/\\\/www.webdo.tn\\\/fr\\\/wp-content\\\/uploads\\\/2025\\\/06\\\/Webdo-Tunisie_168377.jpg\",\"width\":301,\"height\":301,\"caption\":\"Webdo\"},\"image\":{\"@id\":\"https:\\\/\\\/www.webdo.tn\\\/fr\\\/#\\\/schema\\\/logo\\\/image\\\/\"},\"sameAs\":[\"https:\\\/\\\/www.facebook.com\\\/webdotn\",\"https:\\\/\\\/x.com\\\/webdo_tn\"],\"description\":\"Webdo est un m\u00e9dia num\u00e9rique tunisien fond\u00e9 en 2010, sp\u00e9cialis\u00e9 dans l\u2019actualit\u00e9 nationale et internationale, l\u2019\u00e9conomie, la soci\u00e9t\u00e9 et les analyses politiques. Le site s\u2019adresse \u00e0 un large public francophone et couvre l\u2019information tunisienne en temps r\u00e9el.\",\"email\":\"redac@webdo.tn\",\"legalName\":\"YNJ SARL\",\"foundingDate\":\"2010-09-06\",\"numberOfEmployees\":{\"@type\":\"QuantitativeValue\",\"minValue\":\"11\",\"maxValue\":\"50\"}},{\"@type\":\"Person\",\"@id\":\"https:\\\/\\\/www.webdo.tn\\\/fr\\\/#\\\/schema\\\/person\\\/9a9c6118d687c117df8ef3cc36a4d175\",\"name\":\"webdo.tn\",\"image\":{\"@type\":\"ImageObject\",\"inLanguage\":\"fr-FR\",\"@id\":\"https:\\\/\\\/secure.gravatar.com\\\/avatar\\\/7ce1f28c0c3bbac99ff550b85ef8e44a6950c6ee24514fb6a5489e51d06f0298?s=96&d=mm&r=g\",\"url\":\"https:\\\/\\\/secure.gravatar.com\\\/avatar\\\/7ce1f28c0c3bbac99ff550b85ef8e44a6950c6ee24514fb6a5489e51d06f0298?s=96&d=mm&r=g\",\"contentUrl\":\"https:\\\/\\\/secure.gravatar.com\\\/avatar\\\/7ce1f28c0c3bbac99ff550b85ef8e44a6950c6ee24514fb6a5489e51d06f0298?s=96&d=mm&r=g\",\"caption\":\"webdo.tn\"},\"url\":\"https:\\\/\\\/www.webdo.tn\\\/fr\\\/actualite\\\/author\\\/webdotn\\\/\"}]}<\/script>\n<!-- \/ Yoast SEO Premium plugin. -->","yoast_head_json":{"title":"Vers un front du 23 octobre 2012 ?","description":"Vers un front du 23 octobre 2012 ?","canonical":"https:\/\/www.webdo.tn\/fr\/actualite\/blog\/vers-un-front-du-23-octobre-2012\/172169\/","og_locale":"fr_FR","og_type":"article","og_title":"Vers un front du 23 octobre 2012 ?","og_description":"Vers un front du 23 octobre 2012 ?","og_url":"https:\/\/www.webdo.tn\/fr\/actualite\/blog\/vers-un-front-du-23-octobre-2012\/172169\/","og_site_name":"webdo","article_publisher":"https:\/\/www.facebook.com\/webdotn","article_published_time":"2012-02-27T16:40:00+00:00","article_modified_time":"2025-06-04T18:59:48+00:00","og_image":[{"width":247,"height":164,"url":"https:\/\/www.webdo.tn\/fr\/wp-content\/uploads\/2012\/02\/Protestation-Tunisie-photo-digitaljournal.com_.jpg","type":"image\/jpeg"}],"author":"webdo.tn","twitter_card":"summary_large_image","twitter_creator":"@webdo_tn","twitter_site":"@webdo_tn","twitter_misc":{"\u00c9crit par":"webdo.tn","Dur\u00e9e de lecture estim\u00e9e":"2 minutes"},"schema":{"@context":"https:\/\/schema.org","@graph":[{"@type":"NewsArticle","@id":"https:\/\/www.webdo.tn\/fr\/actualite\/blog\/vers-un-front-du-23-octobre-2012\/172169\/#article","isPartOf":{"@id":"https:\/\/www.webdo.tn\/fr\/actualite\/blog\/vers-un-front-du-23-octobre-2012\/172169\/"},"author":{"name":"webdo.tn","@id":"https:\/\/www.webdo.tn\/fr\/#\/schema\/person\/9a9c6118d687c117df8ef3cc36a4d175"},"headline":"Vers un front du 23 octobre 2012 ?","datePublished":"2012-02-27T16:40:00+00:00","dateModified":"2025-06-04T18:59:48+00:00","mainEntityOfPage":{"@id":"https:\/\/www.webdo.tn\/fr\/actualite\/blog\/vers-un-front-du-23-octobre-2012\/172169\/"},"wordCount":497,"commentCount":0,"publisher":{"@id":"https:\/\/www.webdo.tn\/fr\/#organization"},"image":{"@id":"https:\/\/www.webdo.tn\/fr\/actualite\/blog\/vers-un-front-du-23-octobre-2012\/172169\/#primaryimage"},"thumbnailUrl":"https:\/\/www.webdo.tn\/fr\/wp-content\/uploads\/2012\/02\/Protestation-Tunisie-photo-digitaljournal.com_.jpg","articleSection":["National"],"inLanguage":"fr-FR"},{"@type":"WebPage","@id":"https:\/\/www.webdo.tn\/fr\/actualite\/blog\/vers-un-front-du-23-octobre-2012\/172169\/","url":"https:\/\/www.webdo.tn\/fr\/actualite\/blog\/vers-un-front-du-23-octobre-2012\/172169\/","name":"Vers un front du 23 octobre 2012 ?","isPartOf":{"@id":"https:\/\/www.webdo.tn\/fr\/#website"},"primaryImageOfPage":{"@id":"https:\/\/www.webdo.tn\/fr\/actualite\/blog\/vers-un-front-du-23-octobre-2012\/172169\/#primaryimage"},"image":{"@id":"https:\/\/www.webdo.tn\/fr\/actualite\/blog\/vers-un-front-du-23-octobre-2012\/172169\/#primaryimage"},"thumbnailUrl":"https:\/\/www.webdo.tn\/fr\/wp-content\/uploads\/2012\/02\/Protestation-Tunisie-photo-digitaljournal.com_.jpg","datePublished":"2012-02-27T16:40:00+00:00","dateModified":"2025-06-04T18:59:48+00:00","description":"Vers un front du 23 octobre 2012 ?","breadcrumb":{"@id":"https:\/\/www.webdo.tn\/fr\/actualite\/blog\/vers-un-front-du-23-octobre-2012\/172169\/#breadcrumb"},"inLanguage":"fr-FR","potentialAction":[{"@type":"ReadAction","target":["https:\/\/www.webdo.tn\/fr\/actualite\/blog\/vers-un-front-du-23-octobre-2012\/172169\/"]}]},{"@type":"ImageObject","inLanguage":"fr-FR","@id":"https:\/\/www.webdo.tn\/fr\/actualite\/blog\/vers-un-front-du-23-octobre-2012\/172169\/#primaryimage","url":"https:\/\/www.webdo.tn\/fr\/wp-content\/uploads\/2012\/02\/Protestation-Tunisie-photo-digitaljournal.com_.jpg","contentUrl":"https:\/\/www.webdo.tn\/fr\/wp-content\/uploads\/2012\/02\/Protestation-Tunisie-photo-digitaljournal.com_.jpg","width":247,"height":164,"caption":"Vers un front du 23 octobre 2012 ?"},{"@type":"BreadcrumbList","@id":"https:\/\/www.webdo.tn\/fr\/actualite\/blog\/vers-un-front-du-23-octobre-2012\/172169\/#breadcrumb","itemListElement":[{"@type":"ListItem","position":1,"name":"Accueil","item":"https:\/\/www.webdo.tn\/fr\/"},{"@type":"ListItem","position":2,"name":"Vers un front du 23 octobre 2012 ?"}]},{"@type":"WebSite","@id":"https:\/\/www.webdo.tn\/fr\/#website","url":"https:\/\/www.webdo.tn\/fr\/","name":"webdo","description":"Tunisie - News en Tunisie et \u00e0 l&#039;international sur Webdo.tn","publisher":{"@id":"https:\/\/www.webdo.tn\/fr\/#organization"},"potentialAction":[{"@type":"SearchAction","target":{"@type":"EntryPoint","urlTemplate":"https:\/\/www.webdo.tn\/fr\/?s={search_term_string}"},"query-input":{"@type":"PropertyValueSpecification","valueRequired":true,"valueName":"search_term_string"}}],"inLanguage":"fr-FR"},{"@type":"Organization","@id":"https:\/\/www.webdo.tn\/fr\/#organization","name":"Webdo","alternateName":"Webdo.tn","url":"https:\/\/www.webdo.tn\/fr\/","logo":{"@type":"ImageObject","inLanguage":"fr-FR","@id":"https:\/\/www.webdo.tn\/fr\/#\/schema\/logo\/image\/","url":"https:\/\/www.webdo.tn\/fr\/wp-content\/uploads\/2025\/06\/Webdo-Tunisie_168377.jpg","contentUrl":"https:\/\/www.webdo.tn\/fr\/wp-content\/uploads\/2025\/06\/Webdo-Tunisie_168377.jpg","width":301,"height":301,"caption":"Webdo"},"image":{"@id":"https:\/\/www.webdo.tn\/fr\/#\/schema\/logo\/image\/"},"sameAs":["https:\/\/www.facebook.com\/webdotn","https:\/\/x.com\/webdo_tn"],"description":"Webdo est un m\u00e9dia num\u00e9rique tunisien fond\u00e9 en 2010, sp\u00e9cialis\u00e9 dans l\u2019actualit\u00e9 nationale et internationale, l\u2019\u00e9conomie, la soci\u00e9t\u00e9 et les analyses politiques. Le site s\u2019adresse \u00e0 un large public francophone et couvre l\u2019information tunisienne en temps r\u00e9el.","email":"redac@webdo.tn","legalName":"YNJ SARL","foundingDate":"2010-09-06","numberOfEmployees":{"@type":"QuantitativeValue","minValue":"11","maxValue":"50"}},{"@type":"Person","@id":"https:\/\/www.webdo.tn\/fr\/#\/schema\/person\/9a9c6118d687c117df8ef3cc36a4d175","name":"webdo.tn","image":{"@type":"ImageObject","inLanguage":"fr-FR","@id":"https:\/\/secure.gravatar.com\/avatar\/7ce1f28c0c3bbac99ff550b85ef8e44a6950c6ee24514fb6a5489e51d06f0298?s=96&d=mm&r=g","url":"https:\/\/secure.gravatar.com\/avatar\/7ce1f28c0c3bbac99ff550b85ef8e44a6950c6ee24514fb6a5489e51d06f0298?s=96&d=mm&r=g","contentUrl":"https:\/\/secure.gravatar.com\/avatar\/7ce1f28c0c3bbac99ff550b85ef8e44a6950c6ee24514fb6a5489e51d06f0298?s=96&d=mm&r=g","caption":"webdo.tn"},"url":"https:\/\/www.webdo.tn\/fr\/actualite\/author\/webdotn\/"}]}},"_links":{"self":[{"href":"https:\/\/www.webdo.tn\/fr\/wp-json\/wp\/v2\/posts\/172169","targetHints":{"allow":["GET"]}}],"collection":[{"href":"https:\/\/www.webdo.tn\/fr\/wp-json\/wp\/v2\/posts"}],"about":[{"href":"https:\/\/www.webdo.tn\/fr\/wp-json\/wp\/v2\/types\/post"}],"author":[{"embeddable":true,"href":"https:\/\/www.webdo.tn\/fr\/wp-json\/wp\/v2\/users\/3222"}],"replies":[{"embeddable":true,"href":"https:\/\/www.webdo.tn\/fr\/wp-json\/wp\/v2\/comments?post=172169"}],"version-history":[{"count":0,"href":"https:\/\/www.webdo.tn\/fr\/wp-json\/wp\/v2\/posts\/172169\/revisions"}],"wp:featuredmedia":[{"embeddable":true,"href":"https:\/\/www.webdo.tn\/fr\/wp-json\/wp\/v2\/media\/334069"}],"wp:attachment":[{"href":"https:\/\/www.webdo.tn\/fr\/wp-json\/wp\/v2\/media?parent=172169"}],"wp:term":[{"taxonomy":"category","embeddable":true,"href":"https:\/\/www.webdo.tn\/fr\/wp-json\/wp\/v2\/categories?post=172169"},{"taxonomy":"post_tag","embeddable":true,"href":"https:\/\/www.webdo.tn\/fr\/wp-json\/wp\/v2\/tags?post=172169"}],"curies":[{"name":"wp","href":"https:\/\/api.w.org\/{rel}","templated":true}]}}