{"id":172168,"date":"2012-02-28T12:29:00","date_gmt":"2012-02-28T12:29:00","guid":{"rendered":"https:\/\/www.webdo.tn\/fr\/blog\/la-derniere-de-marzouki-la-tunisie-est-prete-a-accorder-l-asile-a-bachar-el-assad\/172168\/"},"modified":"2025-06-04T18:59:49","modified_gmt":"2025-06-04T18:59:49","slug":"la-derniere-de-marzouki-la-tunisie-est-prete-a-accorder-l-asile-a-bachar-el-assad","status":"publish","type":"post","link":"https:\/\/www.webdo.tn\/fr\/actualite\/national\/la-derniere-de-marzouki-la-tunisie-est-prete-a-accorder-l-asile-a-bachar-el-assad\/172168\/","title":{"rendered":"La derni\u00e8re de Marzouki: \u00ab\u00a0la Tunisie est pr\u00eate \u00e0 accorder l\u2019asile \u00e0 Bachar El Assad\u00a0\u00bb !"},"content":{"rendered":"<p>Le pr\u00e9sident \u00ab int\u00e9rimaire \u00bb tunisien n\u2019en est pas \u00e0 sa premi\u00e8re bourde et son domaine privil\u00e9gi\u00e9, en l\u2019occurrence les affaires internationales (ses seules pr\u00e9rogatives en tant que pr\u00e9sident), pourrait bien lui couter tr\u00e8s cher notamment lors des prochaines \u00e9lections, mais aussi \u00e0 tout son v\u00e9cu d\u2019homme politique et ap\u00f4tre des droits de l\u2019homme.<\/p>\n<p>Apr\u00e8s le volet maghr\u00e9bin, le leader du RPR s\u2019attaque ces derniers temps au dossier de la crise syrienne. Ainsi, et apr\u00e8s avoir \u2018concoct\u00e9\u2019 la conf\u00e9rence internationale des \u00ab Amis de la Russie \u00bb, il a affirm\u00e9 dans une interview qui para\u00eetra demain sur les colonnes du quotidien tunisien, La Presse, que \u00ab la Tunisie est pr\u00eate \u00e0 accorder l\u2019asile \u00e0 Bachar Al Assad et \u00e0 sa famille \u00bb si ce dernier accepte de quitter le pouvoir. Apparemment, la \u2018claque\u2019 russe n\u2019a pas eu l\u2019effet escompt\u00e9 sur les joues de notre pr\u00e9sident, pourtant tout de rouge marqu\u00e9es. La Russie a invit\u00e9 M. Marzouki \u00e0 ne pas s\u2019immiscer dans les affaires du Kremlin apr\u00e8s le nouveau locataire du palais de Carthage avait sugg\u00e9r\u00e9 que les Russes accepteraient d\u2019accorder l\u2019asile politique au dictateur syrien.<\/p>\n<p>Voil\u00e0 donc, et \u00e0 d\u00e9faut de Ben Ali, c\u2019est \u00e0 un nouveau dictateur qu\u2019on offrira l\u2019hospitalit\u00e9 sous nos cieux. Comment donc accepter, nous Tunisiens, au plus sanguinaire des dictateurs arabes de vivre dans nos contr\u00e9es ? Au non de qui parle M. Marzouki ? Au nom du \u00ab peu&#8230;ple \u00bb ! Apr\u00e8s les Alg\u00e9riens et les Russes, le pr\u00e9sident \u2018int\u00e9rimaire\u2019 se cherche de nouveaux ennemis peut-\u00eatre. Et si c\u2019\u00e9taient les Tunisiens !<\/p>\n","protected":false},"excerpt":{"rendered":"<p>La derni\u00e8re de Marzouki:  la Tunisie est pr\u00eate \u00e0 accorder l\u2019asile \u00e0 Bachar El Assad  ! <\/p>\n","protected":false},"author":3222,"featured_media":333727,"comment_status":"open","ping_status":"closed","sticky":false,"template":"","format":"standard","meta":{"footnotes":""},"categories":[44],"tags":[],"class_list":["post-172168","post","type-post","status-publish","format-standard","has-post-thumbnail","hentry","category-national"],"yoast_head":"<!-- This site is optimized with the Yoast SEO Premium plugin v27.5 (Yoast SEO v27.5) - https:\/\/yoast.com\/product\/yoast-seo-premium-wordpress\/ -->\n<title>La derni\u00e8re de Marzouki: la Tunisie est pr\u00eate \u00e0 accorder l\u2019asile \u00e0 Bachar El Assad !<\/title>\n<meta name=\"description\" content=\"La derni\u00e8re de Marzouki: la Tunisie est pr\u00eate \u00e0 accorder l\u2019asile \u00e0 Bachar El Assad !\" \/>\n<link rel=\"canonical\" href=\"https:\/\/www.webdo.tn\/fr\/actualite\/national\/la-derniere-de-marzouki-la-tunisie-est-prete-a-accorder-l-asile-a-bachar-el-assad\/172168\/\" \/>\n<meta property=\"og:locale\" content=\"fr_FR\" \/>\n<meta property=\"og:type\" content=\"article\" \/>\n<meta property=\"og:title\" content=\"La derni\u00e8re de Marzouki: &quot;la Tunisie est pr\u00eate \u00e0 accorder l\u2019asile \u00e0 Bachar El Assad&quot; !\" \/>\n<meta property=\"og:description\" content=\"La derni\u00e8re de Marzouki: la Tunisie est pr\u00eate \u00e0 accorder l\u2019asile \u00e0 Bachar El Assad !\" \/>\n<meta property=\"og:url\" content=\"https:\/\/www.webdo.tn\/fr\/actualite\/national\/la-derniere-de-marzouki-la-tunisie-est-prete-a-accorder-l-asile-a-bachar-el-assad\/172168\/\" \/>\n<meta property=\"og:site_name\" content=\"webdo\" \/>\n<meta property=\"article:publisher\" content=\"https:\/\/www.facebook.com\/webdotn\" \/>\n<meta property=\"article:published_time\" content=\"2012-02-28T12:29:00+00:00\" \/>\n<meta property=\"article:modified_time\" content=\"2025-06-04T18:59:49+00:00\" \/>\n<meta property=\"og:image\" content=\"https:\/\/www.webdo.tn\/fr\/wp-content\/uploads\/2012\/02\/Moncef-Marzouki-photo-bbc.co_.uk_.jpg\" \/>\n\t<meta property=\"og:image:width\" content=\"283\" \/>\n\t<meta property=\"og:image:height\" content=\"195\" \/>\n\t<meta property=\"og:image:type\" content=\"image\/jpeg\" \/>\n<meta name=\"author\" content=\"webdo.tn\" \/>\n<meta name=\"twitter:card\" content=\"summary_large_image\" \/>\n<meta name=\"twitter:creator\" content=\"@webdo_tn\" \/>\n<meta name=\"twitter:site\" content=\"@webdo_tn\" \/>\n<meta name=\"twitter:label1\" content=\"\u00c9crit par\" \/>\n\t<meta name=\"twitter:data1\" content=\"webdo.tn\" \/>\n\t<meta name=\"twitter:label2\" content=\"Dur\u00e9e de lecture estim\u00e9e\" \/>\n\t<meta name=\"twitter:data2\" content=\"1 minute\" \/>\n<script type=\"application\/ld+json\" class=\"yoast-schema-graph\">{\"@context\":\"https:\\\/\\\/schema.org\",\"@graph\":[{\"@type\":\"NewsArticle\",\"@id\":\"https:\\\/\\\/www.webdo.tn\\\/fr\\\/actualite\\\/national\\\/la-derniere-de-marzouki-la-tunisie-est-prete-a-accorder-l-asile-a-bachar-el-assad\\\/172168\\\/#article\",\"isPartOf\":{\"@id\":\"https:\\\/\\\/www.webdo.tn\\\/fr\\\/actualite\\\/national\\\/la-derniere-de-marzouki-la-tunisie-est-prete-a-accorder-l-asile-a-bachar-el-assad\\\/172168\\\/\"},\"author\":{\"name\":\"webdo.tn\",\"@id\":\"https:\\\/\\\/www.webdo.tn\\\/fr\\\/#\\\/schema\\\/person\\\/9a9c6118d687c117df8ef3cc36a4d175\"},\"headline\":\"La derni\u00e8re de Marzouki: \u00ab\u00a0la Tunisie est pr\u00eate \u00e0 accorder l\u2019asile \u00e0 Bachar El Assad\u00a0\u00bb !\",\"datePublished\":\"2012-02-28T12:29:00+00:00\",\"dateModified\":\"2025-06-04T18:59:49+00:00\",\"mainEntityOfPage\":{\"@id\":\"https:\\\/\\\/www.webdo.tn\\\/fr\\\/actualite\\\/national\\\/la-derniere-de-marzouki-la-tunisie-est-prete-a-accorder-l-asile-a-bachar-el-assad\\\/172168\\\/\"},\"wordCount\":295,\"commentCount\":0,\"publisher\":{\"@id\":\"https:\\\/\\\/www.webdo.tn\\\/fr\\\/#organization\"},\"image\":{\"@id\":\"https:\\\/\\\/www.webdo.tn\\\/fr\\\/actualite\\\/national\\\/la-derniere-de-marzouki-la-tunisie-est-prete-a-accorder-l-asile-a-bachar-el-assad\\\/172168\\\/#primaryimage\"},\"thumbnailUrl\":\"https:\\\/\\\/www.webdo.tn\\\/fr\\\/wp-content\\\/uploads\\\/2012\\\/02\\\/Moncef-Marzouki-photo-bbc.co_.uk_.jpg\",\"articleSection\":[\"National\"],\"inLanguage\":\"fr-FR\"},{\"@type\":\"WebPage\",\"@id\":\"https:\\\/\\\/www.webdo.tn\\\/fr\\\/actualite\\\/national\\\/la-derniere-de-marzouki-la-tunisie-est-prete-a-accorder-l-asile-a-bachar-el-assad\\\/172168\\\/\",\"url\":\"https:\\\/\\\/www.webdo.tn\\\/fr\\\/actualite\\\/national\\\/la-derniere-de-marzouki-la-tunisie-est-prete-a-accorder-l-asile-a-bachar-el-assad\\\/172168\\\/\",\"name\":\"La derni\u00e8re de Marzouki: la Tunisie est pr\u00eate \u00e0 accorder l\u2019asile \u00e0 Bachar El Assad !\",\"isPartOf\":{\"@id\":\"https:\\\/\\\/www.webdo.tn\\\/fr\\\/#website\"},\"primaryImageOfPage\":{\"@id\":\"https:\\\/\\\/www.webdo.tn\\\/fr\\\/actualite\\\/national\\\/la-derniere-de-marzouki-la-tunisie-est-prete-a-accorder-l-asile-a-bachar-el-assad\\\/172168\\\/#primaryimage\"},\"image\":{\"@id\":\"https:\\\/\\\/www.webdo.tn\\\/fr\\\/actualite\\\/national\\\/la-derniere-de-marzouki-la-tunisie-est-prete-a-accorder-l-asile-a-bachar-el-assad\\\/172168\\\/#primaryimage\"},\"thumbnailUrl\":\"https:\\\/\\\/www.webdo.tn\\\/fr\\\/wp-content\\\/uploads\\\/2012\\\/02\\\/Moncef-Marzouki-photo-bbc.co_.uk_.jpg\",\"datePublished\":\"2012-02-28T12:29:00+00:00\",\"dateModified\":\"2025-06-04T18:59:49+00:00\",\"description\":\"La derni\u00e8re de Marzouki: la Tunisie est pr\u00eate \u00e0 accorder l\u2019asile \u00e0 Bachar El Assad !\",\"breadcrumb\":{\"@id\":\"https:\\\/\\\/www.webdo.tn\\\/fr\\\/actualite\\\/national\\\/la-derniere-de-marzouki-la-tunisie-est-prete-a-accorder-l-asile-a-bachar-el-assad\\\/172168\\\/#breadcrumb\"},\"inLanguage\":\"fr-FR\",\"potentialAction\":[{\"@type\":\"ReadAction\",\"target\":[\"https:\\\/\\\/www.webdo.tn\\\/fr\\\/actualite\\\/national\\\/la-derniere-de-marzouki-la-tunisie-est-prete-a-accorder-l-asile-a-bachar-el-assad\\\/172168\\\/\"]}]},{\"@type\":\"ImageObject\",\"inLanguage\":\"fr-FR\",\"@id\":\"https:\\\/\\\/www.webdo.tn\\\/fr\\\/actualite\\\/national\\\/la-derniere-de-marzouki-la-tunisie-est-prete-a-accorder-l-asile-a-bachar-el-assad\\\/172168\\\/#primaryimage\",\"url\":\"https:\\\/\\\/www.webdo.tn\\\/fr\\\/wp-content\\\/uploads\\\/2012\\\/02\\\/Moncef-Marzouki-photo-bbc.co_.uk_.jpg\",\"contentUrl\":\"https:\\\/\\\/www.webdo.tn\\\/fr\\\/wp-content\\\/uploads\\\/2012\\\/02\\\/Moncef-Marzouki-photo-bbc.co_.uk_.jpg\",\"width\":283,\"height\":195,\"caption\":\"La derni\u00e8re de Marzouki: \\\"la Tunisie est pr\u00eate \u00e0 accorder l\u2019asile \u00e0 Bachar El Assad\\\" !\"},{\"@type\":\"BreadcrumbList\",\"@id\":\"https:\\\/\\\/www.webdo.tn\\\/fr\\\/actualite\\\/national\\\/la-derniere-de-marzouki-la-tunisie-est-prete-a-accorder-l-asile-a-bachar-el-assad\\\/172168\\\/#breadcrumb\",\"itemListElement\":[{\"@type\":\"ListItem\",\"position\":1,\"name\":\"Accueil\",\"item\":\"https:\\\/\\\/www.webdo.tn\\\/fr\\\/\"},{\"@type\":\"ListItem\",\"position\":2,\"name\":\"La derni\u00e8re de Marzouki: \u00ab\u00a0la Tunisie est pr\u00eate \u00e0 accorder l\u2019asile \u00e0 Bachar El Assad\u00a0\u00bb !\"}]},{\"@type\":\"WebSite\",\"@id\":\"https:\\\/\\\/www.webdo.tn\\\/fr\\\/#website\",\"url\":\"https:\\\/\\\/www.webdo.tn\\\/fr\\\/\",\"name\":\"webdo\",\"description\":\"Tunisie - News en Tunisie et \u00e0 l&#039;international sur Webdo.tn\",\"publisher\":{\"@id\":\"https:\\\/\\\/www.webdo.tn\\\/fr\\\/#organization\"},\"potentialAction\":[{\"@type\":\"SearchAction\",\"target\":{\"@type\":\"EntryPoint\",\"urlTemplate\":\"https:\\\/\\\/www.webdo.tn\\\/fr\\\/?s={search_term_string}\"},\"query-input\":{\"@type\":\"PropertyValueSpecification\",\"valueRequired\":true,\"valueName\":\"search_term_string\"}}],\"inLanguage\":\"fr-FR\"},{\"@type\":\"Organization\",\"@id\":\"https:\\\/\\\/www.webdo.tn\\\/fr\\\/#organization\",\"name\":\"Webdo\",\"alternateName\":\"Webdo.tn\",\"url\":\"https:\\\/\\\/www.webdo.tn\\\/fr\\\/\",\"logo\":{\"@type\":\"ImageObject\",\"inLanguage\":\"fr-FR\",\"@id\":\"https:\\\/\\\/www.webdo.tn\\\/fr\\\/#\\\/schema\\\/logo\\\/image\\\/\",\"url\":\"https:\\\/\\\/www.webdo.tn\\\/fr\\\/wp-content\\\/uploads\\\/2025\\\/06\\\/Webdo-Tunisie_168377.jpg\",\"contentUrl\":\"https:\\\/\\\/www.webdo.tn\\\/fr\\\/wp-content\\\/uploads\\\/2025\\\/06\\\/Webdo-Tunisie_168377.jpg\",\"width\":301,\"height\":301,\"caption\":\"Webdo\"},\"image\":{\"@id\":\"https:\\\/\\\/www.webdo.tn\\\/fr\\\/#\\\/schema\\\/logo\\\/image\\\/\"},\"sameAs\":[\"https:\\\/\\\/www.facebook.com\\\/webdotn\",\"https:\\\/\\\/x.com\\\/webdo_tn\"],\"description\":\"Webdo est un m\u00e9dia num\u00e9rique tunisien fond\u00e9 en 2010, sp\u00e9cialis\u00e9 dans l\u2019actualit\u00e9 nationale et internationale, l\u2019\u00e9conomie, la soci\u00e9t\u00e9 et les analyses politiques. Le site s\u2019adresse \u00e0 un large public francophone et couvre l\u2019information tunisienne en temps r\u00e9el.\",\"email\":\"redac@webdo.tn\",\"legalName\":\"YNJ SARL\",\"foundingDate\":\"2010-09-06\",\"numberOfEmployees\":{\"@type\":\"QuantitativeValue\",\"minValue\":\"11\",\"maxValue\":\"50\"}},{\"@type\":\"Person\",\"@id\":\"https:\\\/\\\/www.webdo.tn\\\/fr\\\/#\\\/schema\\\/person\\\/9a9c6118d687c117df8ef3cc36a4d175\",\"name\":\"webdo.tn\",\"image\":{\"@type\":\"ImageObject\",\"inLanguage\":\"fr-FR\",\"@id\":\"https:\\\/\\\/secure.gravatar.com\\\/avatar\\\/7ce1f28c0c3bbac99ff550b85ef8e44a6950c6ee24514fb6a5489e51d06f0298?s=96&d=mm&r=g\",\"url\":\"https:\\\/\\\/secure.gravatar.com\\\/avatar\\\/7ce1f28c0c3bbac99ff550b85ef8e44a6950c6ee24514fb6a5489e51d06f0298?s=96&d=mm&r=g\",\"contentUrl\":\"https:\\\/\\\/secure.gravatar.com\\\/avatar\\\/7ce1f28c0c3bbac99ff550b85ef8e44a6950c6ee24514fb6a5489e51d06f0298?s=96&d=mm&r=g\",\"caption\":\"webdo.tn\"},\"url\":\"https:\\\/\\\/www.webdo.tn\\\/fr\\\/actualite\\\/author\\\/webdotn\\\/\"}]}<\/script>\n<!-- \/ Yoast SEO Premium plugin. -->","yoast_head_json":{"title":"La derni\u00e8re de Marzouki: la Tunisie est pr\u00eate \u00e0 accorder l\u2019asile \u00e0 Bachar El Assad !","description":"La derni\u00e8re de Marzouki: la Tunisie est pr\u00eate \u00e0 accorder l\u2019asile \u00e0 Bachar El Assad !","canonical":"https:\/\/www.webdo.tn\/fr\/actualite\/national\/la-derniere-de-marzouki-la-tunisie-est-prete-a-accorder-l-asile-a-bachar-el-assad\/172168\/","og_locale":"fr_FR","og_type":"article","og_title":"La derni\u00e8re de Marzouki: \"la Tunisie est pr\u00eate \u00e0 accorder l\u2019asile \u00e0 Bachar El Assad\" !","og_description":"La derni\u00e8re de Marzouki: la Tunisie est pr\u00eate \u00e0 accorder l\u2019asile \u00e0 Bachar El Assad !","og_url":"https:\/\/www.webdo.tn\/fr\/actualite\/national\/la-derniere-de-marzouki-la-tunisie-est-prete-a-accorder-l-asile-a-bachar-el-assad\/172168\/","og_site_name":"webdo","article_publisher":"https:\/\/www.facebook.com\/webdotn","article_published_time":"2012-02-28T12:29:00+00:00","article_modified_time":"2025-06-04T18:59:49+00:00","og_image":[{"width":283,"height":195,"url":"https:\/\/www.webdo.tn\/fr\/wp-content\/uploads\/2012\/02\/Moncef-Marzouki-photo-bbc.co_.uk_.jpg","type":"image\/jpeg"}],"author":"webdo.tn","twitter_card":"summary_large_image","twitter_creator":"@webdo_tn","twitter_site":"@webdo_tn","twitter_misc":{"\u00c9crit par":"webdo.tn","Dur\u00e9e de lecture estim\u00e9e":"1 minute"},"schema":{"@context":"https:\/\/schema.org","@graph":[{"@type":"NewsArticle","@id":"https:\/\/www.webdo.tn\/fr\/actualite\/national\/la-derniere-de-marzouki-la-tunisie-est-prete-a-accorder-l-asile-a-bachar-el-assad\/172168\/#article","isPartOf":{"@id":"https:\/\/www.webdo.tn\/fr\/actualite\/national\/la-derniere-de-marzouki-la-tunisie-est-prete-a-accorder-l-asile-a-bachar-el-assad\/172168\/"},"author":{"name":"webdo.tn","@id":"https:\/\/www.webdo.tn\/fr\/#\/schema\/person\/9a9c6118d687c117df8ef3cc36a4d175"},"headline":"La derni\u00e8re de Marzouki: \u00ab\u00a0la Tunisie est pr\u00eate \u00e0 accorder l\u2019asile \u00e0 Bachar El Assad\u00a0\u00bb !","datePublished":"2012-02-28T12:29:00+00:00","dateModified":"2025-06-04T18:59:49+00:00","mainEntityOfPage":{"@id":"https:\/\/www.webdo.tn\/fr\/actualite\/national\/la-derniere-de-marzouki-la-tunisie-est-prete-a-accorder-l-asile-a-bachar-el-assad\/172168\/"},"wordCount":295,"commentCount":0,"publisher":{"@id":"https:\/\/www.webdo.tn\/fr\/#organization"},"image":{"@id":"https:\/\/www.webdo.tn\/fr\/actualite\/national\/la-derniere-de-marzouki-la-tunisie-est-prete-a-accorder-l-asile-a-bachar-el-assad\/172168\/#primaryimage"},"thumbnailUrl":"https:\/\/www.webdo.tn\/fr\/wp-content\/uploads\/2012\/02\/Moncef-Marzouki-photo-bbc.co_.uk_.jpg","articleSection":["National"],"inLanguage":"fr-FR"},{"@type":"WebPage","@id":"https:\/\/www.webdo.tn\/fr\/actualite\/national\/la-derniere-de-marzouki-la-tunisie-est-prete-a-accorder-l-asile-a-bachar-el-assad\/172168\/","url":"https:\/\/www.webdo.tn\/fr\/actualite\/national\/la-derniere-de-marzouki-la-tunisie-est-prete-a-accorder-l-asile-a-bachar-el-assad\/172168\/","name":"La derni\u00e8re de Marzouki: la Tunisie est pr\u00eate \u00e0 accorder l\u2019asile \u00e0 Bachar El Assad !","isPartOf":{"@id":"https:\/\/www.webdo.tn\/fr\/#website"},"primaryImageOfPage":{"@id":"https:\/\/www.webdo.tn\/fr\/actualite\/national\/la-derniere-de-marzouki-la-tunisie-est-prete-a-accorder-l-asile-a-bachar-el-assad\/172168\/#primaryimage"},"image":{"@id":"https:\/\/www.webdo.tn\/fr\/actualite\/national\/la-derniere-de-marzouki-la-tunisie-est-prete-a-accorder-l-asile-a-bachar-el-assad\/172168\/#primaryimage"},"thumbnailUrl":"https:\/\/www.webdo.tn\/fr\/wp-content\/uploads\/2012\/02\/Moncef-Marzouki-photo-bbc.co_.uk_.jpg","datePublished":"2012-02-28T12:29:00+00:00","dateModified":"2025-06-04T18:59:49+00:00","description":"La derni\u00e8re de Marzouki: la Tunisie est pr\u00eate \u00e0 accorder l\u2019asile \u00e0 Bachar El Assad !","breadcrumb":{"@id":"https:\/\/www.webdo.tn\/fr\/actualite\/national\/la-derniere-de-marzouki-la-tunisie-est-prete-a-accorder-l-asile-a-bachar-el-assad\/172168\/#breadcrumb"},"inLanguage":"fr-FR","potentialAction":[{"@type":"ReadAction","target":["https:\/\/www.webdo.tn\/fr\/actualite\/national\/la-derniere-de-marzouki-la-tunisie-est-prete-a-accorder-l-asile-a-bachar-el-assad\/172168\/"]}]},{"@type":"ImageObject","inLanguage":"fr-FR","@id":"https:\/\/www.webdo.tn\/fr\/actualite\/national\/la-derniere-de-marzouki-la-tunisie-est-prete-a-accorder-l-asile-a-bachar-el-assad\/172168\/#primaryimage","url":"https:\/\/www.webdo.tn\/fr\/wp-content\/uploads\/2012\/02\/Moncef-Marzouki-photo-bbc.co_.uk_.jpg","contentUrl":"https:\/\/www.webdo.tn\/fr\/wp-content\/uploads\/2012\/02\/Moncef-Marzouki-photo-bbc.co_.uk_.jpg","width":283,"height":195,"caption":"La derni\u00e8re de Marzouki: \"la Tunisie est pr\u00eate \u00e0 accorder l\u2019asile \u00e0 Bachar El Assad\" !"},{"@type":"BreadcrumbList","@id":"https:\/\/www.webdo.tn\/fr\/actualite\/national\/la-derniere-de-marzouki-la-tunisie-est-prete-a-accorder-l-asile-a-bachar-el-assad\/172168\/#breadcrumb","itemListElement":[{"@type":"ListItem","position":1,"name":"Accueil","item":"https:\/\/www.webdo.tn\/fr\/"},{"@type":"ListItem","position":2,"name":"La derni\u00e8re de Marzouki: \u00ab\u00a0la Tunisie est pr\u00eate \u00e0 accorder l\u2019asile \u00e0 Bachar El Assad\u00a0\u00bb !"}]},{"@type":"WebSite","@id":"https:\/\/www.webdo.tn\/fr\/#website","url":"https:\/\/www.webdo.tn\/fr\/","name":"webdo","description":"Tunisie - News en Tunisie et \u00e0 l&#039;international sur Webdo.tn","publisher":{"@id":"https:\/\/www.webdo.tn\/fr\/#organization"},"potentialAction":[{"@type":"SearchAction","target":{"@type":"EntryPoint","urlTemplate":"https:\/\/www.webdo.tn\/fr\/?s={search_term_string}"},"query-input":{"@type":"PropertyValueSpecification","valueRequired":true,"valueName":"search_term_string"}}],"inLanguage":"fr-FR"},{"@type":"Organization","@id":"https:\/\/www.webdo.tn\/fr\/#organization","name":"Webdo","alternateName":"Webdo.tn","url":"https:\/\/www.webdo.tn\/fr\/","logo":{"@type":"ImageObject","inLanguage":"fr-FR","@id":"https:\/\/www.webdo.tn\/fr\/#\/schema\/logo\/image\/","url":"https:\/\/www.webdo.tn\/fr\/wp-content\/uploads\/2025\/06\/Webdo-Tunisie_168377.jpg","contentUrl":"https:\/\/www.webdo.tn\/fr\/wp-content\/uploads\/2025\/06\/Webdo-Tunisie_168377.jpg","width":301,"height":301,"caption":"Webdo"},"image":{"@id":"https:\/\/www.webdo.tn\/fr\/#\/schema\/logo\/image\/"},"sameAs":["https:\/\/www.facebook.com\/webdotn","https:\/\/x.com\/webdo_tn"],"description":"Webdo est un m\u00e9dia num\u00e9rique tunisien fond\u00e9 en 2010, sp\u00e9cialis\u00e9 dans l\u2019actualit\u00e9 nationale et internationale, l\u2019\u00e9conomie, la soci\u00e9t\u00e9 et les analyses politiques. Le site s\u2019adresse \u00e0 un large public francophone et couvre l\u2019information tunisienne en temps r\u00e9el.","email":"redac@webdo.tn","legalName":"YNJ SARL","foundingDate":"2010-09-06","numberOfEmployees":{"@type":"QuantitativeValue","minValue":"11","maxValue":"50"}},{"@type":"Person","@id":"https:\/\/www.webdo.tn\/fr\/#\/schema\/person\/9a9c6118d687c117df8ef3cc36a4d175","name":"webdo.tn","image":{"@type":"ImageObject","inLanguage":"fr-FR","@id":"https:\/\/secure.gravatar.com\/avatar\/7ce1f28c0c3bbac99ff550b85ef8e44a6950c6ee24514fb6a5489e51d06f0298?s=96&d=mm&r=g","url":"https:\/\/secure.gravatar.com\/avatar\/7ce1f28c0c3bbac99ff550b85ef8e44a6950c6ee24514fb6a5489e51d06f0298?s=96&d=mm&r=g","contentUrl":"https:\/\/secure.gravatar.com\/avatar\/7ce1f28c0c3bbac99ff550b85ef8e44a6950c6ee24514fb6a5489e51d06f0298?s=96&d=mm&r=g","caption":"webdo.tn"},"url":"https:\/\/www.webdo.tn\/fr\/actualite\/author\/webdotn\/"}]}},"_links":{"self":[{"href":"https:\/\/www.webdo.tn\/fr\/wp-json\/wp\/v2\/posts\/172168","targetHints":{"allow":["GET"]}}],"collection":[{"href":"https:\/\/www.webdo.tn\/fr\/wp-json\/wp\/v2\/posts"}],"about":[{"href":"https:\/\/www.webdo.tn\/fr\/wp-json\/wp\/v2\/types\/post"}],"author":[{"embeddable":true,"href":"https:\/\/www.webdo.tn\/fr\/wp-json\/wp\/v2\/users\/3222"}],"replies":[{"embeddable":true,"href":"https:\/\/www.webdo.tn\/fr\/wp-json\/wp\/v2\/comments?post=172168"}],"version-history":[{"count":0,"href":"https:\/\/www.webdo.tn\/fr\/wp-json\/wp\/v2\/posts\/172168\/revisions"}],"wp:featuredmedia":[{"embeddable":true,"href":"https:\/\/www.webdo.tn\/fr\/wp-json\/wp\/v2\/media\/333727"}],"wp:attachment":[{"href":"https:\/\/www.webdo.tn\/fr\/wp-json\/wp\/v2\/media?parent=172168"}],"wp:term":[{"taxonomy":"category","embeddable":true,"href":"https:\/\/www.webdo.tn\/fr\/wp-json\/wp\/v2\/categories?post=172168"},{"taxonomy":"post_tag","embeddable":true,"href":"https:\/\/www.webdo.tn\/fr\/wp-json\/wp\/v2\/tags?post=172168"}],"curies":[{"name":"wp","href":"https:\/\/api.w.org\/{rel}","templated":true}]}}