{"id":172167,"date":"2012-02-28T18:01:00","date_gmt":"2012-02-28T18:01:00","guid":{"rendered":"https:\/\/www.webdo.tn\/fr\/blog\/recrudescence-de-la-violence-a-la-faculte-de-manouba-interruption-des-cours\/172167\/"},"modified":"2025-06-04T18:59:52","modified_gmt":"2025-06-04T18:59:52","slug":"recrudescence-de-la-violence-a-la-faculte-de-manouba-interruption-des-cours","status":"publish","type":"post","link":"https:\/\/www.webdo.tn\/fr\/actualite\/national\/recrudescence-de-la-violence-a-la-faculte-de-manouba-interruption-des-cours\/172167\/","title":{"rendered":"Recrudescence de la violence \u00e0 la facult\u00e9 de Manouba, interruption des cours"},"content":{"rendered":"<p>Apr\u00e8s la relative r\u00e9mission qui a succ\u00e9d\u00e9 aux troubles que la facult\u00e9 des Lettres des Arts et Humanit\u00e9s de La Manopuba a connus durant plusieurs semaines, aujourd\u2019hui le spectre de la violence est r\u00e9apparu pour provoquer l\u2019interruption des cours.<\/p>\n<p>\u00c0 l\u2019origine des incidents, c\u2019est encore une fois le niqab. Une \u00e9tudiante portant cet accoutrement a \u00e9t\u00e9 emp\u00each\u00e9e de suivre les cours au d\u00e9partement d\u2019arabe conform\u00e9ment aux r\u00e8glements instaur\u00e9s par le Conseil scientifique. Aussit\u00f4t un groupe de jeunes int\u00e9gristes a fait irruption dans la salle de classe pour agresser l\u2019enseignant pendant l\u2019exercice de ses fonctions.<\/p>\n<p>Une autre enseignante a d\u00fb subir le m\u00eame traitement. Ces incidents graves ont engendr\u00e9 une atmosph\u00e8re de tension au sein de l\u2019institution, ce qui a pouss\u00e9 les enseignants \u00e0 suspendre les cours.<\/p>\n<p>Tr\u00e8s vite, le corps enseignant s\u2019est r\u00e9uni avec le syndicat de base de la facult\u00e9. Soutenus par quelques \u00e9tudiants, les professeurs se sont rassembl\u00e9s devant le si\u00e8ge du rectorat de la Manouba en guise de protestation. On croit savoir qu\u2019une r\u00e9union doit se tenir demain \u00e0 la facult\u00e9 afin d\u2019examiner la situation. En tout \u00e9tat de cause, devant le silence et la passivit\u00e9 des autorit\u00e9s et au rythme o\u00f9 vont les choses, le risque d\u2019une ann\u00e9e blanche n\u2019est pas exclu.<\/p>\n","protected":false},"excerpt":{"rendered":"<p>Recrudescence de la violence \u00e0 la facult\u00e9 de Manouba, interruption des cours <\/p>\n","protected":false},"author":3222,"featured_media":374482,"comment_status":"open","ping_status":"closed","sticky":false,"template":"","format":"standard","meta":{"footnotes":""},"categories":[44],"tags":[],"class_list":["post-172167","post","type-post","status-publish","format-standard","has-post-thumbnail","hentry","category-national"],"yoast_head":"<!-- This site is optimized with the Yoast SEO Premium plugin v27.5 (Yoast SEO v27.5) - https:\/\/yoast.com\/product\/yoast-seo-premium-wordpress\/ -->\n<title>Recrudescence de la violence \u00e0 la facult\u00e9 de Manouba, interruption des cours<\/title>\n<meta name=\"description\" content=\"Recrudescence de la violence \u00e0 la facult\u00e9 de Manouba, interruption des cours\" \/>\n<link rel=\"canonical\" href=\"https:\/\/www.webdo.tn\/fr\/actualite\/national\/recrudescence-de-la-violence-a-la-faculte-de-manouba-interruption-des-cours\/172167\/\" \/>\n<meta property=\"og:locale\" content=\"fr_FR\" \/>\n<meta property=\"og:type\" content=\"article\" \/>\n<meta property=\"og:title\" content=\"Recrudescence de la violence \u00e0 la facult\u00e9 de Manouba, interruption des cours\" \/>\n<meta property=\"og:description\" content=\"Recrudescence de la violence \u00e0 la facult\u00e9 de Manouba, interruption des cours\" \/>\n<meta property=\"og:url\" content=\"https:\/\/www.webdo.tn\/fr\/actualite\/national\/recrudescence-de-la-violence-a-la-faculte-de-manouba-interruption-des-cours\/172167\/\" \/>\n<meta property=\"og:site_name\" content=\"webdo\" \/>\n<meta property=\"article:publisher\" content=\"https:\/\/www.facebook.com\/webdotn\" \/>\n<meta property=\"article:published_time\" content=\"2012-02-28T18:01:00+00:00\" \/>\n<meta property=\"article:modified_time\" content=\"2025-06-04T18:59:52+00:00\" \/>\n<meta name=\"author\" content=\"webdo.tn\" \/>\n<meta name=\"twitter:card\" content=\"summary_large_image\" \/>\n<meta name=\"twitter:creator\" content=\"@webdo_tn\" \/>\n<meta name=\"twitter:site\" content=\"@webdo_tn\" \/>\n<meta name=\"twitter:label1\" content=\"\u00c9crit par\" \/>\n\t<meta name=\"twitter:data1\" content=\"webdo.tn\" \/>\n\t<meta name=\"twitter:label2\" content=\"Dur\u00e9e de lecture estim\u00e9e\" \/>\n\t<meta name=\"twitter:data2\" content=\"1 minute\" \/>\n<script type=\"application\/ld+json\" class=\"yoast-schema-graph\">{\"@context\":\"https:\\\/\\\/schema.org\",\"@graph\":[{\"@type\":\"NewsArticle\",\"@id\":\"https:\\\/\\\/www.webdo.tn\\\/fr\\\/actualite\\\/national\\\/recrudescence-de-la-violence-a-la-faculte-de-manouba-interruption-des-cours\\\/172167\\\/#article\",\"isPartOf\":{\"@id\":\"https:\\\/\\\/www.webdo.tn\\\/fr\\\/actualite\\\/national\\\/recrudescence-de-la-violence-a-la-faculte-de-manouba-interruption-des-cours\\\/172167\\\/\"},\"author\":{\"name\":\"webdo.tn\",\"@id\":\"https:\\\/\\\/www.webdo.tn\\\/fr\\\/#\\\/schema\\\/person\\\/9a9c6118d687c117df8ef3cc36a4d175\"},\"headline\":\"Recrudescence de la violence \u00e0 la facult\u00e9 de Manouba, interruption des cours\",\"datePublished\":\"2012-02-28T18:01:00+00:00\",\"dateModified\":\"2025-06-04T18:59:52+00:00\",\"mainEntityOfPage\":{\"@id\":\"https:\\\/\\\/www.webdo.tn\\\/fr\\\/actualite\\\/national\\\/recrudescence-de-la-violence-a-la-faculte-de-manouba-interruption-des-cours\\\/172167\\\/\"},\"wordCount\":249,\"commentCount\":0,\"publisher\":{\"@id\":\"https:\\\/\\\/www.webdo.tn\\\/fr\\\/#organization\"},\"image\":{\"@id\":\"https:\\\/\\\/www.webdo.tn\\\/fr\\\/actualite\\\/national\\\/recrudescence-de-la-violence-a-la-faculte-de-manouba-interruption-des-cours\\\/172167\\\/#primaryimage\"},\"thumbnailUrl\":\"https:\\\/\\\/www.webdo.tn\\\/fr\\\/wp-content\\\/uploads\\\/2025\\\/06\\\/Faculte-des-lettres-des-arts-et-des-humanites-de-la-Manouba-photo-TAP1_172167.jpg\",\"articleSection\":[\"National\"],\"inLanguage\":\"fr-FR\"},{\"@type\":\"WebPage\",\"@id\":\"https:\\\/\\\/www.webdo.tn\\\/fr\\\/actualite\\\/national\\\/recrudescence-de-la-violence-a-la-faculte-de-manouba-interruption-des-cours\\\/172167\\\/\",\"url\":\"https:\\\/\\\/www.webdo.tn\\\/fr\\\/actualite\\\/national\\\/recrudescence-de-la-violence-a-la-faculte-de-manouba-interruption-des-cours\\\/172167\\\/\",\"name\":\"Recrudescence de la violence \u00e0 la facult\u00e9 de Manouba, interruption des cours\",\"isPartOf\":{\"@id\":\"https:\\\/\\\/www.webdo.tn\\\/fr\\\/#website\"},\"primaryImageOfPage\":{\"@id\":\"https:\\\/\\\/www.webdo.tn\\\/fr\\\/actualite\\\/national\\\/recrudescence-de-la-violence-a-la-faculte-de-manouba-interruption-des-cours\\\/172167\\\/#primaryimage\"},\"image\":{\"@id\":\"https:\\\/\\\/www.webdo.tn\\\/fr\\\/actualite\\\/national\\\/recrudescence-de-la-violence-a-la-faculte-de-manouba-interruption-des-cours\\\/172167\\\/#primaryimage\"},\"thumbnailUrl\":\"https:\\\/\\\/www.webdo.tn\\\/fr\\\/wp-content\\\/uploads\\\/2025\\\/06\\\/Faculte-des-lettres-des-arts-et-des-humanites-de-la-Manouba-photo-TAP1_172167.jpg\",\"datePublished\":\"2012-02-28T18:01:00+00:00\",\"dateModified\":\"2025-06-04T18:59:52+00:00\",\"description\":\"Recrudescence de la violence \u00e0 la facult\u00e9 de Manouba, interruption des cours\",\"breadcrumb\":{\"@id\":\"https:\\\/\\\/www.webdo.tn\\\/fr\\\/actualite\\\/national\\\/recrudescence-de-la-violence-a-la-faculte-de-manouba-interruption-des-cours\\\/172167\\\/#breadcrumb\"},\"inLanguage\":\"fr-FR\",\"potentialAction\":[{\"@type\":\"ReadAction\",\"target\":[\"https:\\\/\\\/www.webdo.tn\\\/fr\\\/actualite\\\/national\\\/recrudescence-de-la-violence-a-la-faculte-de-manouba-interruption-des-cours\\\/172167\\\/\"]}]},{\"@type\":\"ImageObject\",\"inLanguage\":\"fr-FR\",\"@id\":\"https:\\\/\\\/www.webdo.tn\\\/fr\\\/actualite\\\/national\\\/recrudescence-de-la-violence-a-la-faculte-de-manouba-interruption-des-cours\\\/172167\\\/#primaryimage\",\"url\":\"https:\\\/\\\/www.webdo.tn\\\/fr\\\/wp-content\\\/uploads\\\/2025\\\/06\\\/Faculte-des-lettres-des-arts-et-des-humanites-de-la-Manouba-photo-TAP1_172167.jpg\",\"contentUrl\":\"https:\\\/\\\/www.webdo.tn\\\/fr\\\/wp-content\\\/uploads\\\/2025\\\/06\\\/Faculte-des-lettres-des-arts-et-des-humanites-de-la-Manouba-photo-TAP1_172167.jpg\",\"width\":334,\"height\":263,\"caption\":\"Recrudescence de la violence \u00e0 la facult\u00e9 de Manouba, interruption des cours\"},{\"@type\":\"BreadcrumbList\",\"@id\":\"https:\\\/\\\/www.webdo.tn\\\/fr\\\/actualite\\\/national\\\/recrudescence-de-la-violence-a-la-faculte-de-manouba-interruption-des-cours\\\/172167\\\/#breadcrumb\",\"itemListElement\":[{\"@type\":\"ListItem\",\"position\":1,\"name\":\"Accueil\",\"item\":\"https:\\\/\\\/www.webdo.tn\\\/fr\\\/\"},{\"@type\":\"ListItem\",\"position\":2,\"name\":\"Recrudescence de la violence \u00e0 la facult\u00e9 de Manouba, interruption des cours\"}]},{\"@type\":\"WebSite\",\"@id\":\"https:\\\/\\\/www.webdo.tn\\\/fr\\\/#website\",\"url\":\"https:\\\/\\\/www.webdo.tn\\\/fr\\\/\",\"name\":\"webdo\",\"description\":\"Tunisie - News en Tunisie et \u00e0 l&#039;international sur Webdo.tn\",\"publisher\":{\"@id\":\"https:\\\/\\\/www.webdo.tn\\\/fr\\\/#organization\"},\"potentialAction\":[{\"@type\":\"SearchAction\",\"target\":{\"@type\":\"EntryPoint\",\"urlTemplate\":\"https:\\\/\\\/www.webdo.tn\\\/fr\\\/?s={search_term_string}\"},\"query-input\":{\"@type\":\"PropertyValueSpecification\",\"valueRequired\":true,\"valueName\":\"search_term_string\"}}],\"inLanguage\":\"fr-FR\"},{\"@type\":\"Organization\",\"@id\":\"https:\\\/\\\/www.webdo.tn\\\/fr\\\/#organization\",\"name\":\"Webdo\",\"alternateName\":\"Webdo.tn\",\"url\":\"https:\\\/\\\/www.webdo.tn\\\/fr\\\/\",\"logo\":{\"@type\":\"ImageObject\",\"inLanguage\":\"fr-FR\",\"@id\":\"https:\\\/\\\/www.webdo.tn\\\/fr\\\/#\\\/schema\\\/logo\\\/image\\\/\",\"url\":\"https:\\\/\\\/www.webdo.tn\\\/fr\\\/wp-content\\\/uploads\\\/2025\\\/06\\\/Webdo-Tunisie_168377.jpg\",\"contentUrl\":\"https:\\\/\\\/www.webdo.tn\\\/fr\\\/wp-content\\\/uploads\\\/2025\\\/06\\\/Webdo-Tunisie_168377.jpg\",\"width\":301,\"height\":301,\"caption\":\"Webdo\"},\"image\":{\"@id\":\"https:\\\/\\\/www.webdo.tn\\\/fr\\\/#\\\/schema\\\/logo\\\/image\\\/\"},\"sameAs\":[\"https:\\\/\\\/www.facebook.com\\\/webdotn\",\"https:\\\/\\\/x.com\\\/webdo_tn\"],\"description\":\"Webdo est un m\u00e9dia num\u00e9rique tunisien fond\u00e9 en 2010, sp\u00e9cialis\u00e9 dans l\u2019actualit\u00e9 nationale et internationale, l\u2019\u00e9conomie, la soci\u00e9t\u00e9 et les analyses politiques. Le site s\u2019adresse \u00e0 un large public francophone et couvre l\u2019information tunisienne en temps r\u00e9el.\",\"email\":\"redac@webdo.tn\",\"legalName\":\"YNJ SARL\",\"foundingDate\":\"2010-09-06\",\"numberOfEmployees\":{\"@type\":\"QuantitativeValue\",\"minValue\":\"11\",\"maxValue\":\"50\"}},{\"@type\":\"Person\",\"@id\":\"https:\\\/\\\/www.webdo.tn\\\/fr\\\/#\\\/schema\\\/person\\\/9a9c6118d687c117df8ef3cc36a4d175\",\"name\":\"webdo.tn\",\"image\":{\"@type\":\"ImageObject\",\"inLanguage\":\"fr-FR\",\"@id\":\"https:\\\/\\\/secure.gravatar.com\\\/avatar\\\/7ce1f28c0c3bbac99ff550b85ef8e44a6950c6ee24514fb6a5489e51d06f0298?s=96&d=mm&r=g\",\"url\":\"https:\\\/\\\/secure.gravatar.com\\\/avatar\\\/7ce1f28c0c3bbac99ff550b85ef8e44a6950c6ee24514fb6a5489e51d06f0298?s=96&d=mm&r=g\",\"contentUrl\":\"https:\\\/\\\/secure.gravatar.com\\\/avatar\\\/7ce1f28c0c3bbac99ff550b85ef8e44a6950c6ee24514fb6a5489e51d06f0298?s=96&d=mm&r=g\",\"caption\":\"webdo.tn\"},\"url\":\"https:\\\/\\\/www.webdo.tn\\\/fr\\\/actualite\\\/author\\\/webdotn\\\/\"}]}<\/script>\n<!-- \/ Yoast SEO Premium plugin. -->","yoast_head_json":{"title":"Recrudescence de la violence \u00e0 la facult\u00e9 de Manouba, interruption des cours","description":"Recrudescence de la violence \u00e0 la facult\u00e9 de Manouba, interruption des cours","canonical":"https:\/\/www.webdo.tn\/fr\/actualite\/national\/recrudescence-de-la-violence-a-la-faculte-de-manouba-interruption-des-cours\/172167\/","og_locale":"fr_FR","og_type":"article","og_title":"Recrudescence de la violence \u00e0 la facult\u00e9 de Manouba, interruption des cours","og_description":"Recrudescence de la violence \u00e0 la facult\u00e9 de Manouba, interruption des cours","og_url":"https:\/\/www.webdo.tn\/fr\/actualite\/national\/recrudescence-de-la-violence-a-la-faculte-de-manouba-interruption-des-cours\/172167\/","og_site_name":"webdo","article_publisher":"https:\/\/www.facebook.com\/webdotn","article_published_time":"2012-02-28T18:01:00+00:00","article_modified_time":"2025-06-04T18:59:52+00:00","author":"webdo.tn","twitter_card":"summary_large_image","twitter_creator":"@webdo_tn","twitter_site":"@webdo_tn","twitter_misc":{"\u00c9crit par":"webdo.tn","Dur\u00e9e de lecture estim\u00e9e":"1 minute"},"schema":{"@context":"https:\/\/schema.org","@graph":[{"@type":"NewsArticle","@id":"https:\/\/www.webdo.tn\/fr\/actualite\/national\/recrudescence-de-la-violence-a-la-faculte-de-manouba-interruption-des-cours\/172167\/#article","isPartOf":{"@id":"https:\/\/www.webdo.tn\/fr\/actualite\/national\/recrudescence-de-la-violence-a-la-faculte-de-manouba-interruption-des-cours\/172167\/"},"author":{"name":"webdo.tn","@id":"https:\/\/www.webdo.tn\/fr\/#\/schema\/person\/9a9c6118d687c117df8ef3cc36a4d175"},"headline":"Recrudescence de la violence \u00e0 la facult\u00e9 de Manouba, interruption des cours","datePublished":"2012-02-28T18:01:00+00:00","dateModified":"2025-06-04T18:59:52+00:00","mainEntityOfPage":{"@id":"https:\/\/www.webdo.tn\/fr\/actualite\/national\/recrudescence-de-la-violence-a-la-faculte-de-manouba-interruption-des-cours\/172167\/"},"wordCount":249,"commentCount":0,"publisher":{"@id":"https:\/\/www.webdo.tn\/fr\/#organization"},"image":{"@id":"https:\/\/www.webdo.tn\/fr\/actualite\/national\/recrudescence-de-la-violence-a-la-faculte-de-manouba-interruption-des-cours\/172167\/#primaryimage"},"thumbnailUrl":"https:\/\/www.webdo.tn\/fr\/wp-content\/uploads\/2025\/06\/Faculte-des-lettres-des-arts-et-des-humanites-de-la-Manouba-photo-TAP1_172167.jpg","articleSection":["National"],"inLanguage":"fr-FR"},{"@type":"WebPage","@id":"https:\/\/www.webdo.tn\/fr\/actualite\/national\/recrudescence-de-la-violence-a-la-faculte-de-manouba-interruption-des-cours\/172167\/","url":"https:\/\/www.webdo.tn\/fr\/actualite\/national\/recrudescence-de-la-violence-a-la-faculte-de-manouba-interruption-des-cours\/172167\/","name":"Recrudescence de la violence \u00e0 la facult\u00e9 de Manouba, interruption des cours","isPartOf":{"@id":"https:\/\/www.webdo.tn\/fr\/#website"},"primaryImageOfPage":{"@id":"https:\/\/www.webdo.tn\/fr\/actualite\/national\/recrudescence-de-la-violence-a-la-faculte-de-manouba-interruption-des-cours\/172167\/#primaryimage"},"image":{"@id":"https:\/\/www.webdo.tn\/fr\/actualite\/national\/recrudescence-de-la-violence-a-la-faculte-de-manouba-interruption-des-cours\/172167\/#primaryimage"},"thumbnailUrl":"https:\/\/www.webdo.tn\/fr\/wp-content\/uploads\/2025\/06\/Faculte-des-lettres-des-arts-et-des-humanites-de-la-Manouba-photo-TAP1_172167.jpg","datePublished":"2012-02-28T18:01:00+00:00","dateModified":"2025-06-04T18:59:52+00:00","description":"Recrudescence de la violence \u00e0 la facult\u00e9 de Manouba, interruption des cours","breadcrumb":{"@id":"https:\/\/www.webdo.tn\/fr\/actualite\/national\/recrudescence-de-la-violence-a-la-faculte-de-manouba-interruption-des-cours\/172167\/#breadcrumb"},"inLanguage":"fr-FR","potentialAction":[{"@type":"ReadAction","target":["https:\/\/www.webdo.tn\/fr\/actualite\/national\/recrudescence-de-la-violence-a-la-faculte-de-manouba-interruption-des-cours\/172167\/"]}]},{"@type":"ImageObject","inLanguage":"fr-FR","@id":"https:\/\/www.webdo.tn\/fr\/actualite\/national\/recrudescence-de-la-violence-a-la-faculte-de-manouba-interruption-des-cours\/172167\/#primaryimage","url":"https:\/\/www.webdo.tn\/fr\/wp-content\/uploads\/2025\/06\/Faculte-des-lettres-des-arts-et-des-humanites-de-la-Manouba-photo-TAP1_172167.jpg","contentUrl":"https:\/\/www.webdo.tn\/fr\/wp-content\/uploads\/2025\/06\/Faculte-des-lettres-des-arts-et-des-humanites-de-la-Manouba-photo-TAP1_172167.jpg","width":334,"height":263,"caption":"Recrudescence de la violence \u00e0 la facult\u00e9 de Manouba, interruption des cours"},{"@type":"BreadcrumbList","@id":"https:\/\/www.webdo.tn\/fr\/actualite\/national\/recrudescence-de-la-violence-a-la-faculte-de-manouba-interruption-des-cours\/172167\/#breadcrumb","itemListElement":[{"@type":"ListItem","position":1,"name":"Accueil","item":"https:\/\/www.webdo.tn\/fr\/"},{"@type":"ListItem","position":2,"name":"Recrudescence de la violence \u00e0 la facult\u00e9 de Manouba, interruption des cours"}]},{"@type":"WebSite","@id":"https:\/\/www.webdo.tn\/fr\/#website","url":"https:\/\/www.webdo.tn\/fr\/","name":"webdo","description":"Tunisie - News en Tunisie et \u00e0 l&#039;international sur Webdo.tn","publisher":{"@id":"https:\/\/www.webdo.tn\/fr\/#organization"},"potentialAction":[{"@type":"SearchAction","target":{"@type":"EntryPoint","urlTemplate":"https:\/\/www.webdo.tn\/fr\/?s={search_term_string}"},"query-input":{"@type":"PropertyValueSpecification","valueRequired":true,"valueName":"search_term_string"}}],"inLanguage":"fr-FR"},{"@type":"Organization","@id":"https:\/\/www.webdo.tn\/fr\/#organization","name":"Webdo","alternateName":"Webdo.tn","url":"https:\/\/www.webdo.tn\/fr\/","logo":{"@type":"ImageObject","inLanguage":"fr-FR","@id":"https:\/\/www.webdo.tn\/fr\/#\/schema\/logo\/image\/","url":"https:\/\/www.webdo.tn\/fr\/wp-content\/uploads\/2025\/06\/Webdo-Tunisie_168377.jpg","contentUrl":"https:\/\/www.webdo.tn\/fr\/wp-content\/uploads\/2025\/06\/Webdo-Tunisie_168377.jpg","width":301,"height":301,"caption":"Webdo"},"image":{"@id":"https:\/\/www.webdo.tn\/fr\/#\/schema\/logo\/image\/"},"sameAs":["https:\/\/www.facebook.com\/webdotn","https:\/\/x.com\/webdo_tn"],"description":"Webdo est un m\u00e9dia num\u00e9rique tunisien fond\u00e9 en 2010, sp\u00e9cialis\u00e9 dans l\u2019actualit\u00e9 nationale et internationale, l\u2019\u00e9conomie, la soci\u00e9t\u00e9 et les analyses politiques. Le site s\u2019adresse \u00e0 un large public francophone et couvre l\u2019information tunisienne en temps r\u00e9el.","email":"redac@webdo.tn","legalName":"YNJ SARL","foundingDate":"2010-09-06","numberOfEmployees":{"@type":"QuantitativeValue","minValue":"11","maxValue":"50"}},{"@type":"Person","@id":"https:\/\/www.webdo.tn\/fr\/#\/schema\/person\/9a9c6118d687c117df8ef3cc36a4d175","name":"webdo.tn","image":{"@type":"ImageObject","inLanguage":"fr-FR","@id":"https:\/\/secure.gravatar.com\/avatar\/7ce1f28c0c3bbac99ff550b85ef8e44a6950c6ee24514fb6a5489e51d06f0298?s=96&d=mm&r=g","url":"https:\/\/secure.gravatar.com\/avatar\/7ce1f28c0c3bbac99ff550b85ef8e44a6950c6ee24514fb6a5489e51d06f0298?s=96&d=mm&r=g","contentUrl":"https:\/\/secure.gravatar.com\/avatar\/7ce1f28c0c3bbac99ff550b85ef8e44a6950c6ee24514fb6a5489e51d06f0298?s=96&d=mm&r=g","caption":"webdo.tn"},"url":"https:\/\/www.webdo.tn\/fr\/actualite\/author\/webdotn\/"}]}},"_links":{"self":[{"href":"https:\/\/www.webdo.tn\/fr\/wp-json\/wp\/v2\/posts\/172167","targetHints":{"allow":["GET"]}}],"collection":[{"href":"https:\/\/www.webdo.tn\/fr\/wp-json\/wp\/v2\/posts"}],"about":[{"href":"https:\/\/www.webdo.tn\/fr\/wp-json\/wp\/v2\/types\/post"}],"author":[{"embeddable":true,"href":"https:\/\/www.webdo.tn\/fr\/wp-json\/wp\/v2\/users\/3222"}],"replies":[{"embeddable":true,"href":"https:\/\/www.webdo.tn\/fr\/wp-json\/wp\/v2\/comments?post=172167"}],"version-history":[{"count":0,"href":"https:\/\/www.webdo.tn\/fr\/wp-json\/wp\/v2\/posts\/172167\/revisions"}],"wp:featuredmedia":[{"embeddable":true,"href":"https:\/\/www.webdo.tn\/fr\/wp-json\/wp\/v2\/media\/374482"}],"wp:attachment":[{"href":"https:\/\/www.webdo.tn\/fr\/wp-json\/wp\/v2\/media?parent=172167"}],"wp:term":[{"taxonomy":"category","embeddable":true,"href":"https:\/\/www.webdo.tn\/fr\/wp-json\/wp\/v2\/categories?post=172167"},{"taxonomy":"post_tag","embeddable":true,"href":"https:\/\/www.webdo.tn\/fr\/wp-json\/wp\/v2\/tags?post=172167"}],"curies":[{"name":"wp","href":"https:\/\/api.w.org\/{rel}","templated":true}]}}