{"id":172166,"date":"2012-02-28T18:45:00","date_gmt":"2012-02-28T18:45:00","guid":{"rendered":"https:\/\/www.webdo.tn\/fr\/blog\/le-droit-a-la-vie-ou-un-subterfuge-pour-imposer-la-chariaa\/172166\/"},"modified":"2012-02-28T18:45:00","modified_gmt":"2012-02-28T18:45:00","slug":"le-droit-a-la-vie-ou-un-subterfuge-pour-imposer-la-chariaa","status":"publish","type":"post","link":"https:\/\/www.webdo.tn\/fr\/actualite\/national\/le-droit-a-la-vie-ou-un-subterfuge-pour-imposer-la-chariaa\/172166\/","title":{"rendered":"Le droit \u00e0 la vie, ou un subterfuge pour imposer la Charia\u00e2 ?"},"content":{"rendered":"<p>Hier, \u00e0 la fin du journal t\u00e9l\u00e9vis\u00e9 de la cha\u00eene nationale, deux d\u00e9put\u00e9s d&rsquo;Ennahdha, en l\u2019occurrence Mme Farida Labidi et Mr Mohamed Sghair ont donn\u00e9 leur vision de ce que leur parti a appel\u00e9 \u00ab\u00a0le droit \u00e0 la vie\u00a0\u00bb qu&rsquo;ils voudraient inscrire dans la constitution.<\/p>\n<p>Cette s\u00e9quence, pass\u00e9e inaper\u00e7ue pour beaucoup et comme on rapporterait un fait divers banal, \u00e9tait pourtant d&rsquo;une importance capitale (voir la vid\u00e9o en bas de page).<\/p>\n<p>Quand Madame Labidi \u00e9voque le droit \u00e0 la vie sans rentrer dans les d\u00e9tails, Mr Sgair lui, dit explicitement qu&rsquo;il est pour la peine capitale !<\/p>\n<p>Mais il fallait attendre la s\u00e9ance pl\u00e9ni\u00e8re de ce matin, \u00e0 l&rsquo;Assembl\u00e9e constituante pour remettre en place le puzzle. Par la voix de monsieur Sahbi Atig, on apprend que ce droit \u00e0 la vie qu&rsquo;Ennahda tente d&rsquo;inscrire dans la constitution se traduirait peut-\u00eatre par l&rsquo;abolition du droit \u00e0 l&rsquo;avortement, voire \u00e0 la contraception !?<\/p>\n<p>Ennahdha n&rsquo;arr\u00eate pourtant pas, et jusqu&rsquo;\u00e0 ce jour, de dire \u00e0 qui veut l&rsquo;entendre qu&rsquo;il n&rsquo;a aucune intention de toucher aux acquis de la femme et au code du Statut personnel.<br \/>\nCherchez donc l\u2019erreur !<\/p>\n<p>Le parti islamiste est-il en train de se contredire ou a-t-il, encore une fois gliss\u00e9 vers le double langage ?<\/p>\n<p>D\u2019autant plus qu\u2019inscrire le doit \u00e0 la vie dans la constitution voudra automatiquement signifier que le condamn\u00e9 \u00e0 mort aussi, comme le f\u0153tus non d\u00e9sir\u00e9, a le droit \u00e0 la vie, et que la peine capitale pourrait, de ce fait \u00eatre abolie constitutionnellement.<\/p>\n<p>Ne nage-t-on pas en eaux troubles concernant ce droit qu&rsquo;Ennadha veut inscrire dans la Constitution mais qu&rsquo;il compte faire sur mesure ?<\/p>\n<p>Le parti Ennahdha est-il en train d\u2019user de tous les subterfuges pour imposer la Charia\u00e2 ? Apr\u00e8s 50 ans de mensonges et de dictatures, le Tunisien a, aujourd\u2019hui, bien le droit qu\u2019on soit d\u00e9sormais transparent et sinc\u00e8re avec lui !<\/p>\n","protected":false},"excerpt":{"rendered":"<p>Le droit \u00e0 la vie, ou un subterfuge pour imposer la Charia\u00e2 ?<\/p>\n","protected":false},"author":3222,"featured_media":374483,"comment_status":"open","ping_status":"closed","sticky":false,"template":"","format":"standard","meta":{"footnotes":""},"categories":[44],"tags":[2600],"class_list":["post-172166","post","type-post","status-publish","format-standard","has-post-thumbnail","hentry","category-national","tag-guerre"],"yoast_head":"<!-- This site is optimized with the Yoast SEO Premium plugin v27.5 (Yoast SEO v27.5) - https:\/\/yoast.com\/product\/yoast-seo-premium-wordpress\/ -->\n<title>Le droit \u00e0 la vie, ou un subterfuge pour imposer la Charia\u00e2 ?<\/title>\n<meta name=\"description\" content=\"Le droit \u00e0 la vie, ou un subterfuge pour imposer la Charia\u00e2 ?\" \/>\n<link rel=\"canonical\" href=\"https:\/\/www.webdo.tn\/fr\/actualite\/national-45\/le-droit-a-la-vie-ou-un-subterfuge-pour-imposer-la-chariaa\/172166\/\" \/>\n<meta property=\"og:locale\" content=\"fr_FR\" \/>\n<meta property=\"og:type\" content=\"article\" \/>\n<meta property=\"og:title\" content=\"Le droit \u00e0 la vie, ou un subterfuge pour imposer la Charia\u00e2 ?\" \/>\n<meta property=\"og:description\" content=\"Le droit \u00e0 la vie, ou un subterfuge pour imposer la Charia\u00e2 ?\" \/>\n<meta property=\"og:url\" content=\"https:\/\/www.webdo.tn\/fr\/actualite\/national-45\/le-droit-a-la-vie-ou-un-subterfuge-pour-imposer-la-chariaa\/172166\/\" \/>\n<meta property=\"og:site_name\" content=\"webdo\" \/>\n<meta property=\"article:publisher\" content=\"https:\/\/www.facebook.com\/webdotn\" \/>\n<meta property=\"article:published_time\" content=\"2012-02-28T18:45:00+00:00\" \/>\n<meta name=\"author\" content=\"webdo.tn\" \/>\n<meta name=\"twitter:card\" content=\"summary_large_image\" \/>\n<meta name=\"twitter:creator\" content=\"@webdo_tn\" \/>\n<meta name=\"twitter:site\" content=\"@webdo_tn\" \/>\n<meta name=\"twitter:label1\" content=\"\u00c9crit par\" \/>\n\t<meta name=\"twitter:data1\" content=\"webdo.tn\" \/>\n\t<meta name=\"twitter:label2\" content=\"Dur\u00e9e de lecture estim\u00e9e\" \/>\n\t<meta name=\"twitter:data2\" content=\"2 minutes\" \/>\n<script type=\"application\/ld+json\" class=\"yoast-schema-graph\">{\"@context\":\"https:\\\/\\\/schema.org\",\"@graph\":[{\"@type\":\"NewsArticle\",\"@id\":\"https:\\\/\\\/www.webdo.tn\\\/fr\\\/actualite\\\/national-45\\\/le-droit-a-la-vie-ou-un-subterfuge-pour-imposer-la-chariaa\\\/172166\\\/#article\",\"isPartOf\":{\"@id\":\"https:\\\/\\\/www.webdo.tn\\\/fr\\\/actualite\\\/national-45\\\/le-droit-a-la-vie-ou-un-subterfuge-pour-imposer-la-chariaa\\\/172166\\\/\"},\"author\":{\"name\":\"webdo.tn\",\"@id\":\"https:\\\/\\\/www.webdo.tn\\\/fr\\\/#\\\/schema\\\/person\\\/9a9c6118d687c117df8ef3cc36a4d175\"},\"headline\":\"Le droit \u00e0 la vie, ou un subterfuge pour imposer la Charia\u00e2 ?\",\"datePublished\":\"2012-02-28T18:45:00+00:00\",\"mainEntityOfPage\":{\"@id\":\"https:\\\/\\\/www.webdo.tn\\\/fr\\\/actualite\\\/national-45\\\/le-droit-a-la-vie-ou-un-subterfuge-pour-imposer-la-chariaa\\\/172166\\\/\"},\"wordCount\":346,\"commentCount\":0,\"publisher\":{\"@id\":\"https:\\\/\\\/www.webdo.tn\\\/fr\\\/#organization\"},\"image\":{\"@id\":\"https:\\\/\\\/www.webdo.tn\\\/fr\\\/actualite\\\/national-45\\\/le-droit-a-la-vie-ou-un-subterfuge-pour-imposer-la-chariaa\\\/172166\\\/#primaryimage\"},\"thumbnailUrl\":\"https:\\\/\\\/www.webdo.tn\\\/fr\\\/wp-content\\\/uploads\\\/2025\\\/06\\\/Litteralement-Charia-signifie-la-voix-du-Coran_172166.jpg\",\"keywords\":[\"guerre\"],\"articleSection\":[\"National\"],\"inLanguage\":\"fr-FR\"},{\"@type\":\"WebPage\",\"@id\":\"https:\\\/\\\/www.webdo.tn\\\/fr\\\/actualite\\\/national-45\\\/le-droit-a-la-vie-ou-un-subterfuge-pour-imposer-la-chariaa\\\/172166\\\/\",\"url\":\"https:\\\/\\\/www.webdo.tn\\\/fr\\\/actualite\\\/national-45\\\/le-droit-a-la-vie-ou-un-subterfuge-pour-imposer-la-chariaa\\\/172166\\\/\",\"name\":\"Le droit \u00e0 la vie, ou un subterfuge pour imposer la Charia\u00e2 ?\",\"isPartOf\":{\"@id\":\"https:\\\/\\\/www.webdo.tn\\\/fr\\\/#website\"},\"primaryImageOfPage\":{\"@id\":\"https:\\\/\\\/www.webdo.tn\\\/fr\\\/actualite\\\/national-45\\\/le-droit-a-la-vie-ou-un-subterfuge-pour-imposer-la-chariaa\\\/172166\\\/#primaryimage\"},\"image\":{\"@id\":\"https:\\\/\\\/www.webdo.tn\\\/fr\\\/actualite\\\/national-45\\\/le-droit-a-la-vie-ou-un-subterfuge-pour-imposer-la-chariaa\\\/172166\\\/#primaryimage\"},\"thumbnailUrl\":\"https:\\\/\\\/www.webdo.tn\\\/fr\\\/wp-content\\\/uploads\\\/2025\\\/06\\\/Litteralement-Charia-signifie-la-voix-du-Coran_172166.jpg\",\"datePublished\":\"2012-02-28T18:45:00+00:00\",\"description\":\"Le droit \u00e0 la vie, ou un subterfuge pour imposer la Charia\u00e2 ?\",\"breadcrumb\":{\"@id\":\"https:\\\/\\\/www.webdo.tn\\\/fr\\\/actualite\\\/national-45\\\/le-droit-a-la-vie-ou-un-subterfuge-pour-imposer-la-chariaa\\\/172166\\\/#breadcrumb\"},\"inLanguage\":\"fr-FR\",\"potentialAction\":[{\"@type\":\"ReadAction\",\"target\":[\"https:\\\/\\\/www.webdo.tn\\\/fr\\\/actualite\\\/national-45\\\/le-droit-a-la-vie-ou-un-subterfuge-pour-imposer-la-chariaa\\\/172166\\\/\"]}]},{\"@type\":\"ImageObject\",\"inLanguage\":\"fr-FR\",\"@id\":\"https:\\\/\\\/www.webdo.tn\\\/fr\\\/actualite\\\/national-45\\\/le-droit-a-la-vie-ou-un-subterfuge-pour-imposer-la-chariaa\\\/172166\\\/#primaryimage\",\"url\":\"https:\\\/\\\/www.webdo.tn\\\/fr\\\/wp-content\\\/uploads\\\/2025\\\/06\\\/Litteralement-Charia-signifie-la-voix-du-Coran_172166.jpg\",\"contentUrl\":\"https:\\\/\\\/www.webdo.tn\\\/fr\\\/wp-content\\\/uploads\\\/2025\\\/06\\\/Litteralement-Charia-signifie-la-voix-du-Coran_172166.jpg\",\"width\":315,\"height\":210,\"caption\":\"Le droit \u00e0 la vie, ou un subterfuge pour imposer la Charia\u00e2 ?\"},{\"@type\":\"BreadcrumbList\",\"@id\":\"https:\\\/\\\/www.webdo.tn\\\/fr\\\/actualite\\\/national-45\\\/le-droit-a-la-vie-ou-un-subterfuge-pour-imposer-la-chariaa\\\/172166\\\/#breadcrumb\",\"itemListElement\":[{\"@type\":\"ListItem\",\"position\":1,\"name\":\"Accueil\",\"item\":\"https:\\\/\\\/www.webdo.tn\\\/fr\\\/\"},{\"@type\":\"ListItem\",\"position\":2,\"name\":\"Le droit \u00e0 la vie, ou un subterfuge pour imposer la Charia\u00e2 ?\"}]},{\"@type\":\"WebSite\",\"@id\":\"https:\\\/\\\/www.webdo.tn\\\/fr\\\/#website\",\"url\":\"https:\\\/\\\/www.webdo.tn\\\/fr\\\/\",\"name\":\"webdo\",\"description\":\"Tunisie - News en Tunisie et \u00e0 l&#039;international sur Webdo.tn\",\"publisher\":{\"@id\":\"https:\\\/\\\/www.webdo.tn\\\/fr\\\/#organization\"},\"potentialAction\":[{\"@type\":\"SearchAction\",\"target\":{\"@type\":\"EntryPoint\",\"urlTemplate\":\"https:\\\/\\\/www.webdo.tn\\\/fr\\\/?s={search_term_string}\"},\"query-input\":{\"@type\":\"PropertyValueSpecification\",\"valueRequired\":true,\"valueName\":\"search_term_string\"}}],\"inLanguage\":\"fr-FR\"},{\"@type\":\"Organization\",\"@id\":\"https:\\\/\\\/www.webdo.tn\\\/fr\\\/#organization\",\"name\":\"Webdo\",\"alternateName\":\"Webdo.tn\",\"url\":\"https:\\\/\\\/www.webdo.tn\\\/fr\\\/\",\"logo\":{\"@type\":\"ImageObject\",\"inLanguage\":\"fr-FR\",\"@id\":\"https:\\\/\\\/www.webdo.tn\\\/fr\\\/#\\\/schema\\\/logo\\\/image\\\/\",\"url\":\"https:\\\/\\\/www.webdo.tn\\\/fr\\\/wp-content\\\/uploads\\\/2025\\\/06\\\/Webdo-Tunisie_168377.jpg\",\"contentUrl\":\"https:\\\/\\\/www.webdo.tn\\\/fr\\\/wp-content\\\/uploads\\\/2025\\\/06\\\/Webdo-Tunisie_168377.jpg\",\"width\":301,\"height\":301,\"caption\":\"Webdo\"},\"image\":{\"@id\":\"https:\\\/\\\/www.webdo.tn\\\/fr\\\/#\\\/schema\\\/logo\\\/image\\\/\"},\"sameAs\":[\"https:\\\/\\\/www.facebook.com\\\/webdotn\",\"https:\\\/\\\/x.com\\\/webdo_tn\"],\"description\":\"Webdo est un m\u00e9dia num\u00e9rique tunisien fond\u00e9 en 2010, sp\u00e9cialis\u00e9 dans l\u2019actualit\u00e9 nationale et internationale, l\u2019\u00e9conomie, la soci\u00e9t\u00e9 et les analyses politiques. Le site s\u2019adresse \u00e0 un large public francophone et couvre l\u2019information tunisienne en temps r\u00e9el.\",\"email\":\"redac@webdo.tn\",\"legalName\":\"YNJ SARL\",\"foundingDate\":\"2010-09-06\",\"numberOfEmployees\":{\"@type\":\"QuantitativeValue\",\"minValue\":\"11\",\"maxValue\":\"50\"}},{\"@type\":\"Person\",\"@id\":\"https:\\\/\\\/www.webdo.tn\\\/fr\\\/#\\\/schema\\\/person\\\/9a9c6118d687c117df8ef3cc36a4d175\",\"name\":\"webdo.tn\",\"image\":{\"@type\":\"ImageObject\",\"inLanguage\":\"fr-FR\",\"@id\":\"https:\\\/\\\/secure.gravatar.com\\\/avatar\\\/7ce1f28c0c3bbac99ff550b85ef8e44a6950c6ee24514fb6a5489e51d06f0298?s=96&d=mm&r=g\",\"url\":\"https:\\\/\\\/secure.gravatar.com\\\/avatar\\\/7ce1f28c0c3bbac99ff550b85ef8e44a6950c6ee24514fb6a5489e51d06f0298?s=96&d=mm&r=g\",\"contentUrl\":\"https:\\\/\\\/secure.gravatar.com\\\/avatar\\\/7ce1f28c0c3bbac99ff550b85ef8e44a6950c6ee24514fb6a5489e51d06f0298?s=96&d=mm&r=g\",\"caption\":\"webdo.tn\"},\"url\":\"https:\\\/\\\/www.webdo.tn\\\/fr\\\/actualite\\\/author\\\/webdotn\\\/\"}]}<\/script>\n<!-- \/ Yoast SEO Premium plugin. -->","yoast_head_json":{"title":"Le droit \u00e0 la vie, ou un subterfuge pour imposer la Charia\u00e2 ?","description":"Le droit \u00e0 la vie, ou un subterfuge pour imposer la Charia\u00e2 ?","canonical":"https:\/\/www.webdo.tn\/fr\/actualite\/national-45\/le-droit-a-la-vie-ou-un-subterfuge-pour-imposer-la-chariaa\/172166\/","og_locale":"fr_FR","og_type":"article","og_title":"Le droit \u00e0 la vie, ou un subterfuge pour imposer la Charia\u00e2 ?","og_description":"Le droit \u00e0 la vie, ou un subterfuge pour imposer la Charia\u00e2 ?","og_url":"https:\/\/www.webdo.tn\/fr\/actualite\/national-45\/le-droit-a-la-vie-ou-un-subterfuge-pour-imposer-la-chariaa\/172166\/","og_site_name":"webdo","article_publisher":"https:\/\/www.facebook.com\/webdotn","article_published_time":"2012-02-28T18:45:00+00:00","author":"webdo.tn","twitter_card":"summary_large_image","twitter_creator":"@webdo_tn","twitter_site":"@webdo_tn","twitter_misc":{"\u00c9crit par":"webdo.tn","Dur\u00e9e de lecture estim\u00e9e":"2 minutes"},"schema":{"@context":"https:\/\/schema.org","@graph":[{"@type":"NewsArticle","@id":"https:\/\/www.webdo.tn\/fr\/actualite\/national-45\/le-droit-a-la-vie-ou-un-subterfuge-pour-imposer-la-chariaa\/172166\/#article","isPartOf":{"@id":"https:\/\/www.webdo.tn\/fr\/actualite\/national-45\/le-droit-a-la-vie-ou-un-subterfuge-pour-imposer-la-chariaa\/172166\/"},"author":{"name":"webdo.tn","@id":"https:\/\/www.webdo.tn\/fr\/#\/schema\/person\/9a9c6118d687c117df8ef3cc36a4d175"},"headline":"Le droit \u00e0 la vie, ou un subterfuge pour imposer la Charia\u00e2 ?","datePublished":"2012-02-28T18:45:00+00:00","mainEntityOfPage":{"@id":"https:\/\/www.webdo.tn\/fr\/actualite\/national-45\/le-droit-a-la-vie-ou-un-subterfuge-pour-imposer-la-chariaa\/172166\/"},"wordCount":346,"commentCount":0,"publisher":{"@id":"https:\/\/www.webdo.tn\/fr\/#organization"},"image":{"@id":"https:\/\/www.webdo.tn\/fr\/actualite\/national-45\/le-droit-a-la-vie-ou-un-subterfuge-pour-imposer-la-chariaa\/172166\/#primaryimage"},"thumbnailUrl":"https:\/\/www.webdo.tn\/fr\/wp-content\/uploads\/2025\/06\/Litteralement-Charia-signifie-la-voix-du-Coran_172166.jpg","keywords":["guerre"],"articleSection":["National"],"inLanguage":"fr-FR"},{"@type":"WebPage","@id":"https:\/\/www.webdo.tn\/fr\/actualite\/national-45\/le-droit-a-la-vie-ou-un-subterfuge-pour-imposer-la-chariaa\/172166\/","url":"https:\/\/www.webdo.tn\/fr\/actualite\/national-45\/le-droit-a-la-vie-ou-un-subterfuge-pour-imposer-la-chariaa\/172166\/","name":"Le droit \u00e0 la vie, ou un subterfuge pour imposer la Charia\u00e2 ?","isPartOf":{"@id":"https:\/\/www.webdo.tn\/fr\/#website"},"primaryImageOfPage":{"@id":"https:\/\/www.webdo.tn\/fr\/actualite\/national-45\/le-droit-a-la-vie-ou-un-subterfuge-pour-imposer-la-chariaa\/172166\/#primaryimage"},"image":{"@id":"https:\/\/www.webdo.tn\/fr\/actualite\/national-45\/le-droit-a-la-vie-ou-un-subterfuge-pour-imposer-la-chariaa\/172166\/#primaryimage"},"thumbnailUrl":"https:\/\/www.webdo.tn\/fr\/wp-content\/uploads\/2025\/06\/Litteralement-Charia-signifie-la-voix-du-Coran_172166.jpg","datePublished":"2012-02-28T18:45:00+00:00","description":"Le droit \u00e0 la vie, ou un subterfuge pour imposer la Charia\u00e2 ?","breadcrumb":{"@id":"https:\/\/www.webdo.tn\/fr\/actualite\/national-45\/le-droit-a-la-vie-ou-un-subterfuge-pour-imposer-la-chariaa\/172166\/#breadcrumb"},"inLanguage":"fr-FR","potentialAction":[{"@type":"ReadAction","target":["https:\/\/www.webdo.tn\/fr\/actualite\/national-45\/le-droit-a-la-vie-ou-un-subterfuge-pour-imposer-la-chariaa\/172166\/"]}]},{"@type":"ImageObject","inLanguage":"fr-FR","@id":"https:\/\/www.webdo.tn\/fr\/actualite\/national-45\/le-droit-a-la-vie-ou-un-subterfuge-pour-imposer-la-chariaa\/172166\/#primaryimage","url":"https:\/\/www.webdo.tn\/fr\/wp-content\/uploads\/2025\/06\/Litteralement-Charia-signifie-la-voix-du-Coran_172166.jpg","contentUrl":"https:\/\/www.webdo.tn\/fr\/wp-content\/uploads\/2025\/06\/Litteralement-Charia-signifie-la-voix-du-Coran_172166.jpg","width":315,"height":210,"caption":"Le droit \u00e0 la vie, ou un subterfuge pour imposer la Charia\u00e2 ?"},{"@type":"BreadcrumbList","@id":"https:\/\/www.webdo.tn\/fr\/actualite\/national-45\/le-droit-a-la-vie-ou-un-subterfuge-pour-imposer-la-chariaa\/172166\/#breadcrumb","itemListElement":[{"@type":"ListItem","position":1,"name":"Accueil","item":"https:\/\/www.webdo.tn\/fr\/"},{"@type":"ListItem","position":2,"name":"Le droit \u00e0 la vie, ou un subterfuge pour imposer la Charia\u00e2 ?"}]},{"@type":"WebSite","@id":"https:\/\/www.webdo.tn\/fr\/#website","url":"https:\/\/www.webdo.tn\/fr\/","name":"webdo","description":"Tunisie - News en Tunisie et \u00e0 l&#039;international sur Webdo.tn","publisher":{"@id":"https:\/\/www.webdo.tn\/fr\/#organization"},"potentialAction":[{"@type":"SearchAction","target":{"@type":"EntryPoint","urlTemplate":"https:\/\/www.webdo.tn\/fr\/?s={search_term_string}"},"query-input":{"@type":"PropertyValueSpecification","valueRequired":true,"valueName":"search_term_string"}}],"inLanguage":"fr-FR"},{"@type":"Organization","@id":"https:\/\/www.webdo.tn\/fr\/#organization","name":"Webdo","alternateName":"Webdo.tn","url":"https:\/\/www.webdo.tn\/fr\/","logo":{"@type":"ImageObject","inLanguage":"fr-FR","@id":"https:\/\/www.webdo.tn\/fr\/#\/schema\/logo\/image\/","url":"https:\/\/www.webdo.tn\/fr\/wp-content\/uploads\/2025\/06\/Webdo-Tunisie_168377.jpg","contentUrl":"https:\/\/www.webdo.tn\/fr\/wp-content\/uploads\/2025\/06\/Webdo-Tunisie_168377.jpg","width":301,"height":301,"caption":"Webdo"},"image":{"@id":"https:\/\/www.webdo.tn\/fr\/#\/schema\/logo\/image\/"},"sameAs":["https:\/\/www.facebook.com\/webdotn","https:\/\/x.com\/webdo_tn"],"description":"Webdo est un m\u00e9dia num\u00e9rique tunisien fond\u00e9 en 2010, sp\u00e9cialis\u00e9 dans l\u2019actualit\u00e9 nationale et internationale, l\u2019\u00e9conomie, la soci\u00e9t\u00e9 et les analyses politiques. Le site s\u2019adresse \u00e0 un large public francophone et couvre l\u2019information tunisienne en temps r\u00e9el.","email":"redac@webdo.tn","legalName":"YNJ SARL","foundingDate":"2010-09-06","numberOfEmployees":{"@type":"QuantitativeValue","minValue":"11","maxValue":"50"}},{"@type":"Person","@id":"https:\/\/www.webdo.tn\/fr\/#\/schema\/person\/9a9c6118d687c117df8ef3cc36a4d175","name":"webdo.tn","image":{"@type":"ImageObject","inLanguage":"fr-FR","@id":"https:\/\/secure.gravatar.com\/avatar\/7ce1f28c0c3bbac99ff550b85ef8e44a6950c6ee24514fb6a5489e51d06f0298?s=96&d=mm&r=g","url":"https:\/\/secure.gravatar.com\/avatar\/7ce1f28c0c3bbac99ff550b85ef8e44a6950c6ee24514fb6a5489e51d06f0298?s=96&d=mm&r=g","contentUrl":"https:\/\/secure.gravatar.com\/avatar\/7ce1f28c0c3bbac99ff550b85ef8e44a6950c6ee24514fb6a5489e51d06f0298?s=96&d=mm&r=g","caption":"webdo.tn"},"url":"https:\/\/www.webdo.tn\/fr\/actualite\/author\/webdotn\/"}]}},"_links":{"self":[{"href":"https:\/\/www.webdo.tn\/fr\/wp-json\/wp\/v2\/posts\/172166","targetHints":{"allow":["GET"]}}],"collection":[{"href":"https:\/\/www.webdo.tn\/fr\/wp-json\/wp\/v2\/posts"}],"about":[{"href":"https:\/\/www.webdo.tn\/fr\/wp-json\/wp\/v2\/types\/post"}],"author":[{"embeddable":true,"href":"https:\/\/www.webdo.tn\/fr\/wp-json\/wp\/v2\/users\/3222"}],"replies":[{"embeddable":true,"href":"https:\/\/www.webdo.tn\/fr\/wp-json\/wp\/v2\/comments?post=172166"}],"version-history":[{"count":0,"href":"https:\/\/www.webdo.tn\/fr\/wp-json\/wp\/v2\/posts\/172166\/revisions"}],"wp:featuredmedia":[{"embeddable":true,"href":"https:\/\/www.webdo.tn\/fr\/wp-json\/wp\/v2\/media\/374483"}],"wp:attachment":[{"href":"https:\/\/www.webdo.tn\/fr\/wp-json\/wp\/v2\/media?parent=172166"}],"wp:term":[{"taxonomy":"category","embeddable":true,"href":"https:\/\/www.webdo.tn\/fr\/wp-json\/wp\/v2\/categories?post=172166"},{"taxonomy":"post_tag","embeddable":true,"href":"https:\/\/www.webdo.tn\/fr\/wp-json\/wp\/v2\/tags?post=172166"}],"curies":[{"name":"wp","href":"https:\/\/api.w.org\/{rel}","templated":true}]}}